{"id":36015,"date":"2025-02-18T07:30:25","date_gmt":"2025-02-18T06:30:25","guid":{"rendered":"https:\/\/www.m-q.ch\/de\/?p=21039"},"modified":"2025-02-18T07:30:43","modified_gmt":"2025-02-18T06:30:43","slug":"frische-ideen-und-starke-begegnungen","status":"publish","type":"post","link":"https:\/\/www.organisator.ch\/de\/operational-excellence\/2025-02-18\/frische-ideen-und-starke-begegnungen\/","title":{"rendered":"\u00abFrische Ideen und starke Begegnungen\u00bb"},"content":{"rendered":"<figure id=\"attachment_21038\" class=\"wp-caption alignnone\" style=\"width: 1300px;\" aria-describedby=\"caption-attachment-21038\"><img class=\"size-full wp-image-21038\" src=\"https:\/\/www.m-q.ch\/wp-content\/uploads\/2025\/02\/Flash_AndreaVetsch_Bild_HIGH_management_qualitaet_140483-scaled.jpg\" sizes=\"(max-width: 1300px) 100vw, 1300px\" srcset=\"https:\/\/www.m-q.ch\/wp-content\/uploads\/2025\/02\/Flash_AndreaVetsch_Bild_HIGH_management_qualitaet_140483-scaled.jpg 1300w, https:\/\/www.m-q.ch\/wp-content\/uploads\/2025\/02\/Flash_AndreaVetsch_Bild_HIGH_management_qualitaet_140483-768x753.jpg 768w, https:\/\/www.m-q.ch\/wp-content\/uploads\/2025\/02\/Flash_AndreaVetsch_Bild_HIGH_management_qualitaet_140483-1536x1506.jpg 1536w, https:\/\/www.m-q.ch\/wp-content\/uploads\/2025\/02\/Flash_AndreaVetsch_Bild_HIGH_management_qualitaet_140483-12x12.jpg 12w, https:\/\/www.m-q.ch\/wp-content\/uploads\/2025\/02\/Flash_AndreaVetsch_Bild_HIGH_management_qualitaet_140483-306x300.jpg 306w, https:\/\/www.m-q.ch\/wp-content\/uploads\/2025\/02\/Flash_AndreaVetsch_Bild_HIGH_management_qualitaet_140483-357x350.jpg 357w, https:\/\/www.m-q.ch\/wp-content\/uploads\/2025\/02\/Flash_AndreaVetsch_Bild_HIGH_management_qualitaet_140483-816x800.jpg 816w\" alt=\"Andrea Vetsch, die erfahrene Moderatorin des Tags der Schweizer Qualit\u00e4t.\u00a9 SAQ\" width=\"1300\" height=\"1274\" \/>\r\n<figcaption id=\"caption-attachment-21038\" class=\"wp-caption-text\">Andrea Vetsch, die erfahrene Moderatorin des Tags der Schweizer Qualit\u00e4t.\u00a9 SAQ<\/figcaption>\r\n<\/figure>\r\n<p>Andrea Vetsch ist seit vielen Jahren das Gesicht vom Tag der Schweizer Qualit\u00e4t (TSQ) und bringt als Moderatorin Menschen und Themen zusammen. Im Interview mit Prisca Zammaretti, Gesch\u00e4ftsf\u00fchrerin von SAQ, spricht sie \u00fcber ihre Sicht auf Qualit\u00e4t, die Herausforderungen der Moderation und ihre pers\u00f6nlichen Highlights.<\/p>\r\n<p><strong>Prisca Zammaretti: Andrea, der Begriff \u00abQualit\u00e4t\u00bb klingt oft abstrakt. Was bedeutet er f\u00fcr dich \u2013 beruflich und privat?<\/strong><\/p>\r\n<p><strong>Andrea Vetsch:<\/strong> Qualit\u00e4t ist f\u00fcr mich in der Arbeit gleichbedeutend mit Sorgfalt, Korrektheit und Genauigkeit. Bei der Tagesschau muss jedes Wort stimmen, deshalb arbeiten wir mit dem 6-Augen-Prinzip. Zwei weitere Personen \u2013 ProduzentIn und \u00abKorrektur-Dienst\u00bb \u2013 \u00fcberpr\u00fcfen die Moderationen sowohl inhaltlich als auch sprachlich. Privat steht die Gesundheit f\u00fcr mich an erster Stelle \u2013 das ist f\u00fcr mich die ultimative Qualit\u00e4t im Leben.<\/p>\r\n<p><strong>Du moderierst den Tag der Schweizer Qualit\u00e4t schon seit mehreren Jahren. Was begeistert dich immer wieder an dieser Aufgabe?<\/strong><\/p>\r\n<p>F\u00fcr mich ist jede Moderation wie eine Weiterbildung. Ich lerne unglaublich viel \u2013 sei es \u00fcber Kreislaufwirtschaft, New Work oder Kreativit\u00e4tstechniken. Es ist auch spannend zu sehen, welche Themen andere Unternehmen bewegen. Diese Vielfalt macht grossen Spass!<\/p>\r\n<p><strong>Wie bereitest du dich auf die Moderation vor? Hast du bestimmte Rituale?<\/strong><\/p>\r\n<p>Ich telefoniere vorab mit allen Personen, mit denen ich auf der B\u00fchne l\u00e4ngere Gespr\u00e4che f\u00fchren werde \u2013 das schafft Vertrauen und eine gute Basis. Am Tag selbst versuche ich, gut ausgeruht zu sein, und bin dankbar, dass sich jemand um Haare und Make-up k\u00fcmmert. So kann ich mich voll auf den Inhalt der Moderation konzentrieren.<\/p>\r\n<p><strong>Ein ganzer Kongresstag \u2013 wie bleibst du ruhig und souver\u00e4n?<\/strong><\/p>\r\n<p>Die gr\u00f6sste Herausforderung ist, die Konzentration und Frische \u00fcber den gesamten Tag hinweg aufrechtzuerhalten. Ausgeschlafen zu kommen, ist dabei essenziell. Eine gute Vorbereitung schafft Sicherheit. Ich habe festgestellt, dass mir kurze Pausen an der frischen Luft besonders guttun.<\/p>\r\n<p><strong>Was macht f\u00fcr dich eine gute Moderation aus, gerade bei einem komplexen Thema wie Qualit\u00e4t?<\/strong><\/p>\r\n<p>Eine gute Moderation nimmt die Menschen mit und greift die Fragen auf, die auch im Publikum entstehen. Sie ist abwechslungsreich \u2013 mal ernst, mal humorvoll \u2013 und schafft es, hinter die Fassade des Gegen\u00fcbers zu blicken. Das Wichtigste: Es muss ein echter Austausch entstehen, etwas, das ber\u00fchrt und bewegt.<\/p>\r\n<p><strong>Gibt es einen Moment auf der B\u00fchne, der dir besonders in Erinnerung geblieben ist?<\/strong><\/p>\r\n<p>Die Neurowissenschaftlerin Barbara Studer zeigte uns am letzten TSQ, wie befreiend es ist, die Komfortzone zu verlassen \u2013 so sehr, dass wir spontan gemeinsam \u00abBlowing in the Wind\u00bb auf der B\u00fchne gesungen haben. Auch Kathrin Lehmann, ehemalige Spitzensportlerin und Unternehmerin, beeindruckte mit ihrer Bodenst\u00e4ndigkeit und Nahbarkeit. Ihre Botschaft, wie wichtig es ist, Erfolge zu feiern, hat einen bleibenden Eindruck bei mir hinterlassen.<\/p>\r\n<p><strong>Dieses Jahr lautet das Motto des TSQ \u00abMit Weitblick durchstarten\u00bb. Was bedeutet das f\u00fcr dich pers\u00f6nlich?<\/strong><\/p>\r\n<p>Weitblick nehme ich mir in diesem Jahr besonders zu Herzen: Im April mache ich eine einmonatige Reise, um neue Perspektiven zu gewinnen und Energie zu tanken. Dabei werde ich reflektieren, was mir wichtig ist und welche Ziele ich noch erreichen m\u00f6chte.<\/p>\r\n<p><strong>Das Thema KI ist allgegenw\u00e4rtig. Welche Rolle spielt sie in deiner Arbeit als Moderatorin und Medienschaffende?<\/strong><\/p>\r\n<p>Ehrlich gesagt, ich bin da \u00abold school\u00bb: Ich habe bisher noch nie Tools wie ChatGPT oder \u00c4hnliches genutzt.<\/p>\r\n<p><strong>Abschliessend: Warum sollte man sich den TSQ nicht entgehen lassen?<\/strong><\/p>\r\n<p>Der TSQ liefert neue Impulse, bringt dich raus aus deiner Bubble und bietet die Gelegenheit, inspirierende Menschen und Projekte kennenzulernen. Und nat\u00fcrlich: Networking!<\/p>\r\n<p><strong>Das sind spannende Einblicke, Andrea. Es ist beeindruckend, wie du Qualit\u00e4t auf und neben der B\u00fchne lebst und den Tag der Schweizer Qualit\u00e4t bereicherst. Vielen Dank f\u00fcr das inspirierende Gespr\u00e4ch!\u00a0<\/strong><\/p>\r\n<blockquote>\r\n<h3>Zur Person<\/h3>\r\n<p>Andrea Vetsch studierte Germanistik, Publizistik und Sozialp\u00e4dagogik in Z\u00fcrich. Seit 2005 moderiert sie die Tagesschau, mit Stationen bei \u00abSchweizweit\u00bb und \u00ab10vor10\u00bb. Seit 2020 ist sie nach einem Unterbruch wieder das Gesicht der Tagesschau Hauptausgabe. Den Tag der Schweizer Qualit\u00e4t begleitet sie seit 2021 als Moderatorin.<\/p>\r\n<\/blockquote>\r\n<p>&nbsp;<\/p>\r\n<blockquote>\r\n<h3>Tag der Schweizer Qualit\u00e4t<\/h3>\r\n<p>Der Tag der Schweizer Qualit\u00e4t wurde 2008 von der SAQ Swiss Association for Quality ins Leben gerufen. Ziel der Veranstaltung ist es, einen branchen\u00fcbergreifenden Austausch zum Thema Qualit\u00e4t als einen der Grundpfeiler der Schweizer Wirtschaft zu f\u00f6rdern. Organisiert wird der j\u00e4hrlich stattfindende Kongress von der SAQ Swiss Association for Quality in Zusammenarbeit mit Shift Switzerland.<\/p>\r\n<p><a href=\"https:\/\/saq.abacuscity.ch\/de\/B~E-TSQ-250513\/Tag-der-Schweizer-Qualit%C3%A4t-13.05.2025-%7C-BernExpo\">Weitere Informationen und Anmeldung<\/a><\/p>\r\n<\/blockquote>\r\n<p>&nbsp;<\/p>\n<p class=\"syndicated-attribution\">Dieser Beitrag erschien urspr\u00fcnglich auf m-q.ch - <a href=\"https:\/\/www.m-q.ch\/de\/frische-ideen-und-starke-begegnungen\/\" target=\"_blank\">https:\/\/www.m-q.ch\/de\/frische-ideen-und-starke-begegnungen\/<\/a><\/p>","protected":false},"excerpt":{"rendered":"<p>Am 13. Mai 2025 findet in Bern wieder der Tag  der Schweizer Qualit\u00e4t statt. Auch dieses Jahr wird Andrea Vetsch die Moderation \u00fcbernehmen.<\/p>\n","protected":false},"author":8,"featured_media":0,"comment_status":"closed","ping_status":"closed","sticky":false,"template":"","format":"standard","meta":{"_acf_changed":false,"_yoast_wpseo_focuskw":"Tag der Schweizer Qualit\u00e4t 2025","_yoast_wpseo_metadesc":"Andrea Vetsch moderiert erneut den Tag der Schweizer Qualit\u00e4t. Einblicke in ihre Vorbereitungen, Highlights und Bedeutung von Weitblick.","articlekey":"","footnotes":""},"categories":[582],"tags":[636,586,1968,2050,424,2576],"class_list":["post-36015","post","type-post","status-publish","format-standard","hentry","category-operational-excellence","tag-tag-der-schweizer-qualitaet","tag-allgemein","tag-qualitaet","tag-saq","tag-schweiz","tag-wirtschaft"],"acf":[],"yoast_head":"<!-- This site is optimized with the Yoast SEO plugin v27.4 - https:\/\/yoast.com\/product\/yoast-seo-wordpress\/ -->\n<title>\u00abFrische Ideen und starke Begegnungen\u00bb - Organisator<\/title>\n<meta name=\"description\" content=\"Andrea Vetsch moderiert erneut den Tag der Schweizer Qualit\u00e4t. Einblicke in ihre Vorbereitungen, Highlights und Bedeutung von Weitblick.\" \/>\n<meta name=\"robots\" content=\"index, follow, max-snippet:-1, max-image-preview:large, max-video-preview:-1\" \/>\n<link rel=\"canonical\" href=\"https:\/\/www.organisator.ch\/de\/operational-excellence\/2025-02-18\/frische-ideen-und-starke-begegnungen\/\" \/>\n<meta property=\"og:locale\" content=\"de_DE\" \/>\n<meta property=\"og:type\" content=\"article\" \/>\n<meta property=\"og:title\" content=\"\u00abFrische Ideen und starke Begegnungen\u00bb - Organisator\" \/>\n<meta property=\"og:description\" content=\"Andrea Vetsch moderiert erneut den Tag der Schweizer Qualit\u00e4t. Einblicke in ihre Vorbereitungen, Highlights und Bedeutung von Weitblick.\" \/>\n<meta property=\"og:url\" content=\"https:\/\/www.organisator.ch\/de\/operational-excellence\/2025-02-18\/frische-ideen-und-starke-begegnungen\/\" \/>\n<meta property=\"og:site_name\" content=\"Organisator\" \/>\n<meta property=\"article:publisher\" content=\"https:\/\/www.facebook.com\/OrganisatorFachmagazin\" \/>\n<meta property=\"article:published_time\" content=\"2025-02-18T06:30:25+00:00\" \/>\n<meta property=\"article:modified_time\" content=\"2025-02-18T06:30:43+00:00\" \/>\n<meta property=\"og:image\" content=\"https:\/\/www.organisator.ch\/wp-content\/uploads\/2023\/07\/2022-verzeichnete-wieder-mehr-Wirtschaftsdelikte-2_Organisator.jpg\" \/>\n\t<meta property=\"og:image:width\" content=\"680\" \/>\n\t<meta property=\"og:image:height\" content=\"394\" \/>\n\t<meta property=\"og:image:type\" content=\"image\/jpeg\" \/>\n<meta name=\"author\" content=\"galledia\" \/>\n<meta name=\"twitter:card\" content=\"summary_large_image\" \/>\n<meta name=\"twitter:creator\" content=\"@admin\" \/>\n<script type=\"application\/ld+json\" class=\"yoast-schema-graph\">{\"@context\":\"https:\\\/\\\/schema.org\",\"@graph\":[{\"@type\":\"Article\",\"@id\":\"https:\\\/\\\/www.organisator.ch\\\/operational-excellence\\\/2025-02-18\\\/frische-ideen-und-starke-begegnungen\\\/#article\",\"isPartOf\":{\"@id\":\"https:\\\/\\\/www.organisator.ch\\\/operational-excellence\\\/2025-02-18\\\/frische-ideen-und-starke-begegnungen\\\/\"},\"author\":{\"name\":\"galledia\",\"@id\":\"https:\\\/\\\/www.organisator.ch\\\/#\\\/schema\\\/person\\\/4e51799071cd2dd1232ac003643ef5f0\"},\"headline\":\"\u00abFrische Ideen und starke Begegnungen\u00bb\",\"datePublished\":\"2025-02-18T06:30:25+00:00\",\"dateModified\":\"2025-02-18T06:30:43+00:00\",\"mainEntityOfPage\":{\"@id\":\"https:\\\/\\\/www.organisator.ch\\\/operational-excellence\\\/2025-02-18\\\/frische-ideen-und-starke-begegnungen\\\/\"},\"wordCount\":755,\"publisher\":{\"@id\":\"https:\\\/\\\/www.organisator.ch\\\/#organization\"},\"image\":{\"@id\":\"https:\\\/\\\/www.organisator.ch\\\/operational-excellence\\\/2025-02-18\\\/frische-ideen-und-starke-begegnungen\\\/#primaryimage\"},\"thumbnailUrl\":\"https:\\\/\\\/www.m-q.ch\\\/wp-content\\\/uploads\\\/2025\\\/02\\\/Flash_AndreaVetsch_Bild_HIGH_management_qualitaet_140483-scaled.jpg\",\"keywords\":{\"0\":\"\u00abTag der Schweizer Qualit\u00e4t\u00bb\",\"2\":\"Qualit\u00e4t\",\"3\":\"SAQ\",\"4\":\"Schweiz\",\"5\":\"Wirtschaft\"},\"articleSection\":[\"OPERATIONAL EXCELLENCE\"],\"inLanguage\":\"de\"},{\"@type\":\"WebPage\",\"@id\":\"https:\\\/\\\/www.organisator.ch\\\/operational-excellence\\\/2025-02-18\\\/frische-ideen-und-starke-begegnungen\\\/\",\"url\":\"https:\\\/\\\/www.organisator.ch\\\/operational-excellence\\\/2025-02-18\\\/frische-ideen-und-starke-begegnungen\\\/\",\"name\":\"\u00abFrische Ideen und starke Begegnungen\u00bb - Organisator\",\"isPartOf\":{\"@id\":\"https:\\\/\\\/www.organisator.ch\\\/#website\"},\"primaryImageOfPage\":{\"@id\":\"https:\\\/\\\/www.organisator.ch\\\/operational-excellence\\\/2025-02-18\\\/frische-ideen-und-starke-begegnungen\\\/#primaryimage\"},\"image\":{\"@id\":\"https:\\\/\\\/www.organisator.ch\\\/operational-excellence\\\/2025-02-18\\\/frische-ideen-und-starke-begegnungen\\\/#primaryimage\"},\"thumbnailUrl\":\"https:\\\/\\\/www.m-q.ch\\\/wp-content\\\/uploads\\\/2025\\\/02\\\/Flash_AndreaVetsch_Bild_HIGH_management_qualitaet_140483-scaled.jpg\",\"datePublished\":\"2025-02-18T06:30:25+00:00\",\"dateModified\":\"2025-02-18T06:30:43+00:00\",\"description\":\"Andrea Vetsch moderiert erneut den Tag der Schweizer Qualit\u00e4t. Einblicke in ihre Vorbereitungen, Highlights und Bedeutung von Weitblick.\",\"breadcrumb\":{\"@id\":\"https:\\\/\\\/www.organisator.ch\\\/operational-excellence\\\/2025-02-18\\\/frische-ideen-und-starke-begegnungen\\\/#breadcrumb\"},\"inLanguage\":\"de\",\"potentialAction\":[{\"@type\":\"ReadAction\",\"target\":[\"https:\\\/\\\/www.organisator.ch\\\/operational-excellence\\\/2025-02-18\\\/frische-ideen-und-starke-begegnungen\\\/\"]}]},{\"@type\":\"ImageObject\",\"inLanguage\":\"de\",\"@id\":\"https:\\\/\\\/www.organisator.ch\\\/operational-excellence\\\/2025-02-18\\\/frische-ideen-und-starke-begegnungen\\\/#primaryimage\",\"url\":\"https:\\\/\\\/www.m-q.ch\\\/wp-content\\\/uploads\\\/2025\\\/02\\\/Flash_AndreaVetsch_Bild_HIGH_management_qualitaet_140483-scaled.jpg\",\"contentUrl\":\"https:\\\/\\\/www.m-q.ch\\\/wp-content\\\/uploads\\\/2025\\\/02\\\/Flash_AndreaVetsch_Bild_HIGH_management_qualitaet_140483-scaled.jpg\"},{\"@type\":\"BreadcrumbList\",\"@id\":\"https:\\\/\\\/www.organisator.ch\\\/operational-excellence\\\/2025-02-18\\\/frische-ideen-und-starke-begegnungen\\\/#breadcrumb\",\"itemListElement\":[{\"@type\":\"ListItem\",\"position\":1,\"name\":\"Home\",\"item\":\"https:\\\/\\\/www.organisator.ch\\\/\"},{\"@type\":\"ListItem\",\"position\":2,\"name\":\"\u00abFrische Ideen und starke Begegnungen\u00bb\"}]},{\"@type\":\"WebSite\",\"@id\":\"https:\\\/\\\/www.organisator.ch\\\/#website\",\"url\":\"https:\\\/\\\/www.organisator.ch\\\/\",\"name\":\"Organisator\",\"description\":\"Kompetent. Praxisnah. Der ORGANISATOR bereitet in 10 Ausgaben pro Jahr die wesentlichen Themen f\u00fcr F\u00fchrungskr\u00e4fte von KMU auf.\",\"publisher\":{\"@id\":\"https:\\\/\\\/www.organisator.ch\\\/#organization\"},\"potentialAction\":[{\"@type\":\"SearchAction\",\"target\":{\"@type\":\"EntryPoint\",\"urlTemplate\":\"https:\\\/\\\/www.organisator.ch\\\/?s={search_term_string}\"},\"query-input\":{\"@type\":\"PropertyValueSpecification\",\"valueRequired\":true,\"valueName\":\"search_term_string\"}}],\"inLanguage\":\"de\"},{\"@type\":\"Organization\",\"@id\":\"https:\\\/\\\/www.organisator.ch\\\/#organization\",\"name\":\"Organisator\",\"url\":\"https:\\\/\\\/www.organisator.ch\\\/\",\"logo\":{\"@type\":\"ImageObject\",\"inLanguage\":\"de\",\"@id\":\"https:\\\/\\\/www.organisator.ch\\\/#\\\/schema\\\/logo\\\/image\\\/\",\"url\":\"https:\\\/\\\/www.organisator.ch\\\/wp-content\\\/uploads\\\/2022\\\/01\\\/Logo_Organisator_Website.png\",\"contentUrl\":\"https:\\\/\\\/www.organisator.ch\\\/wp-content\\\/uploads\\\/2022\\\/01\\\/Logo_Organisator_Website.png\",\"width\":800,\"height\":77,\"caption\":\"Organisator\"},\"image\":{\"@id\":\"https:\\\/\\\/www.organisator.ch\\\/#\\\/schema\\\/logo\\\/image\\\/\"},\"sameAs\":[\"https:\\\/\\\/www.facebook.com\\\/OrganisatorFachmagazin\",\"https:\\\/\\\/www.linkedin.com\\\/showcase\\\/organisator-das-magazin-fr-kmu\",\"https:\\\/\\\/www.xing.com\\\/news\\\/pages\\\/organisator-ch-695\",\"https:\\\/\\\/www.youtube.com\\\/channel\\\/UCGP2Sq0iWaZwT3BdIAQFYpw\"]},{\"@type\":\"Person\",\"@id\":\"https:\\\/\\\/www.organisator.ch\\\/#\\\/schema\\\/person\\\/4e51799071cd2dd1232ac003643ef5f0\",\"name\":\"galledia\",\"image\":{\"@type\":\"ImageObject\",\"inLanguage\":\"de\",\"@id\":\"https:\\\/\\\/secure.gravatar.com\\\/avatar\\\/78a7f90c01fc2bfc875782a0d4922b37cde2cf184ce347b91316d23cd7f69a36?s=96&d=mm&r=g\",\"url\":\"https:\\\/\\\/secure.gravatar.com\\\/avatar\\\/78a7f90c01fc2bfc875782a0d4922b37cde2cf184ce347b91316d23cd7f69a36?s=96&d=mm&r=g\",\"contentUrl\":\"https:\\\/\\\/secure.gravatar.com\\\/avatar\\\/78a7f90c01fc2bfc875782a0d4922b37cde2cf184ce347b91316d23cd7f69a36?s=96&d=mm&r=g\",\"caption\":\"galledia\"},\"sameAs\":[\"https:\\\/\\\/x.com\\\/admin\"],\"url\":\"https:\\\/\\\/www.organisator.ch\\\/de\\\/author\\\/galledia\\\/\"}]}<\/script>\n<!-- \/ Yoast SEO plugin. -->","yoast_head_json":{"title":"\u00abFrische Ideen und starke Begegnungen\u00bb - Organisator","description":"Andrea Vetsch moderiert erneut den Tag der Schweizer Qualit\u00e4t. Einblicke in ihre Vorbereitungen, Highlights und Bedeutung von Weitblick.","robots":{"index":"index","follow":"follow","max-snippet":"max-snippet:-1","max-image-preview":"max-image-preview:large","max-video-preview":"max-video-preview:-1"},"canonical":"https:\/\/www.organisator.ch\/de\/operational-excellence\/2025-02-18\/frische-ideen-und-starke-begegnungen\/","og_locale":"de_DE","og_type":"article","og_title":"\u00abFrische Ideen und starke Begegnungen\u00bb - Organisator","og_description":"Andrea Vetsch moderiert erneut den Tag der Schweizer Qualit\u00e4t. Einblicke in ihre Vorbereitungen, Highlights und Bedeutung von Weitblick.","og_url":"https:\/\/www.organisator.ch\/de\/operational-excellence\/2025-02-18\/frische-ideen-und-starke-begegnungen\/","og_site_name":"Organisator","article_publisher":"https:\/\/www.facebook.com\/OrganisatorFachmagazin","article_published_time":"2025-02-18T06:30:25+00:00","article_modified_time":"2025-02-18T06:30:43+00:00","og_image":[{"width":680,"height":394,"url":"https:\/\/www.organisator.ch\/wp-content\/uploads\/2023\/07\/2022-verzeichnete-wieder-mehr-Wirtschaftsdelikte-2_Organisator.jpg","type":"image\/jpeg"}],"author":"galledia","twitter_card":"summary_large_image","twitter_creator":"@admin","schema":{"@context":"https:\/\/schema.org","@graph":[{"@type":"Article","@id":"https:\/\/www.organisator.ch\/operational-excellence\/2025-02-18\/frische-ideen-und-starke-begegnungen\/#article","isPartOf":{"@id":"https:\/\/www.organisator.ch\/operational-excellence\/2025-02-18\/frische-ideen-und-starke-begegnungen\/"},"author":{"name":"galledia","@id":"https:\/\/www.organisator.ch\/#\/schema\/person\/4e51799071cd2dd1232ac003643ef5f0"},"headline":"\u00abFrische Ideen und starke Begegnungen\u00bb","datePublished":"2025-02-18T06:30:25+00:00","dateModified":"2025-02-18T06:30:43+00:00","mainEntityOfPage":{"@id":"https:\/\/www.organisator.ch\/operational-excellence\/2025-02-18\/frische-ideen-und-starke-begegnungen\/"},"wordCount":755,"publisher":{"@id":"https:\/\/www.organisator.ch\/#organization"},"image":{"@id":"https:\/\/www.organisator.ch\/operational-excellence\/2025-02-18\/frische-ideen-und-starke-begegnungen\/#primaryimage"},"thumbnailUrl":"https:\/\/www.m-q.ch\/wp-content\/uploads\/2025\/02\/Flash_AndreaVetsch_Bild_HIGH_management_qualitaet_140483-scaled.jpg","keywords":{"0":"\u00abTag der Schweizer Qualit\u00e4t\u00bb","2":"Qualit\u00e4t","3":"SAQ","4":"Schweiz","5":"Wirtschaft"},"articleSection":["OPERATIONAL EXCELLENCE"],"inLanguage":"de"},{"@type":"WebPage","@id":"https:\/\/www.organisator.ch\/operational-excellence\/2025-02-18\/frische-ideen-und-starke-begegnungen\/","url":"https:\/\/www.organisator.ch\/operational-excellence\/2025-02-18\/frische-ideen-und-starke-begegnungen\/","name":"\u00abFrische Ideen und starke Begegnungen\u00bb - Organisator","isPartOf":{"@id":"https:\/\/www.organisator.ch\/#website"},"primaryImageOfPage":{"@id":"https:\/\/www.organisator.ch\/operational-excellence\/2025-02-18\/frische-ideen-und-starke-begegnungen\/#primaryimage"},"image":{"@id":"https:\/\/www.organisator.ch\/operational-excellence\/2025-02-18\/frische-ideen-und-starke-begegnungen\/#primaryimage"},"thumbnailUrl":"https:\/\/www.m-q.ch\/wp-content\/uploads\/2025\/02\/Flash_AndreaVetsch_Bild_HIGH_management_qualitaet_140483-scaled.jpg","datePublished":"2025-02-18T06:30:25+00:00","dateModified":"2025-02-18T06:30:43+00:00","description":"Andrea Vetsch moderiert erneut den Tag der Schweizer Qualit\u00e4t. Einblicke in ihre Vorbereitungen, Highlights und Bedeutung von Weitblick.","breadcrumb":{"@id":"https:\/\/www.organisator.ch\/operational-excellence\/2025-02-18\/frische-ideen-und-starke-begegnungen\/#breadcrumb"},"inLanguage":"de","potentialAction":[{"@type":"ReadAction","target":["https:\/\/www.organisator.ch\/operational-excellence\/2025-02-18\/frische-ideen-und-starke-begegnungen\/"]}]},{"@type":"ImageObject","inLanguage":"de","@id":"https:\/\/www.organisator.ch\/operational-excellence\/2025-02-18\/frische-ideen-und-starke-begegnungen\/#primaryimage","url":"https:\/\/www.m-q.ch\/wp-content\/uploads\/2025\/02\/Flash_AndreaVetsch_Bild_HIGH_management_qualitaet_140483-scaled.jpg","contentUrl":"https:\/\/www.m-q.ch\/wp-content\/uploads\/2025\/02\/Flash_AndreaVetsch_Bild_HIGH_management_qualitaet_140483-scaled.jpg"},{"@type":"BreadcrumbList","@id":"https:\/\/www.organisator.ch\/operational-excellence\/2025-02-18\/frische-ideen-und-starke-begegnungen\/#breadcrumb","itemListElement":[{"@type":"ListItem","position":1,"name":"Home","item":"https:\/\/www.organisator.ch\/"},{"@type":"ListItem","position":2,"name":"\u00abFrische Ideen und starke Begegnungen\u00bb"}]},{"@type":"WebSite","@id":"https:\/\/www.organisator.ch\/#website","url":"https:\/\/www.organisator.ch\/","name":"Organisator","description":"Kompetent. Praxisnah. Der ORGANISATOR bereitet in 10 Ausgaben pro Jahr die wesentlichen Themen f\u00fcr F\u00fchrungskr\u00e4fte von KMU auf.","publisher":{"@id":"https:\/\/www.organisator.ch\/#organization"},"potentialAction":[{"@type":"SearchAction","target":{"@type":"EntryPoint","urlTemplate":"https:\/\/www.organisator.ch\/?s={search_term_string}"},"query-input":{"@type":"PropertyValueSpecification","valueRequired":true,"valueName":"search_term_string"}}],"inLanguage":"de"},{"@type":"Organization","@id":"https:\/\/www.organisator.ch\/#organization","name":"Organisator","url":"https:\/\/www.organisator.ch\/","logo":{"@type":"ImageObject","inLanguage":"de","@id":"https:\/\/www.organisator.ch\/#\/schema\/logo\/image\/","url":"https:\/\/www.organisator.ch\/wp-content\/uploads\/2022\/01\/Logo_Organisator_Website.png","contentUrl":"https:\/\/www.organisator.ch\/wp-content\/uploads\/2022\/01\/Logo_Organisator_Website.png","width":800,"height":77,"caption":"Organisator"},"image":{"@id":"https:\/\/www.organisator.ch\/#\/schema\/logo\/image\/"},"sameAs":["https:\/\/www.facebook.com\/OrganisatorFachmagazin","https:\/\/www.linkedin.com\/showcase\/organisator-das-magazin-fr-kmu","https:\/\/www.xing.com\/news\/pages\/organisator-ch-695","https:\/\/www.youtube.com\/channel\/UCGP2Sq0iWaZwT3BdIAQFYpw"]},{"@type":"Person","@id":"https:\/\/www.organisator.ch\/#\/schema\/person\/4e51799071cd2dd1232ac003643ef5f0","name":"galledia","image":{"@type":"ImageObject","inLanguage":"de","@id":"https:\/\/secure.gravatar.com\/avatar\/78a7f90c01fc2bfc875782a0d4922b37cde2cf184ce347b91316d23cd7f69a36?s=96&d=mm&r=g","url":"https:\/\/secure.gravatar.com\/avatar\/78a7f90c01fc2bfc875782a0d4922b37cde2cf184ce347b91316d23cd7f69a36?s=96&d=mm&r=g","contentUrl":"https:\/\/secure.gravatar.com\/avatar\/78a7f90c01fc2bfc875782a0d4922b37cde2cf184ce347b91316d23cd7f69a36?s=96&d=mm&r=g","caption":"galledia"},"sameAs":["https:\/\/x.com\/admin"],"url":"https:\/\/www.organisator.ch\/de\/author\/galledia\/"}]}},"_links":{"self":[{"href":"https:\/\/www.organisator.ch\/de\/wp-json\/wp\/v2\/posts\/36015","targetHints":{"allow":["GET"]}}],"collection":[{"href":"https:\/\/www.organisator.ch\/de\/wp-json\/wp\/v2\/posts"}],"about":[{"href":"https:\/\/www.organisator.ch\/de\/wp-json\/wp\/v2\/types\/post"}],"author":[{"embeddable":true,"href":"https:\/\/www.organisator.ch\/de\/wp-json\/wp\/v2\/users\/8"}],"replies":[{"embeddable":true,"href":"https:\/\/www.organisator.ch\/de\/wp-json\/wp\/v2\/comments?post=36015"}],"version-history":[{"count":5,"href":"https:\/\/www.organisator.ch\/de\/wp-json\/wp\/v2\/posts\/36015\/revisions"}],"predecessor-version":[{"id":36030,"href":"https:\/\/www.organisator.ch\/de\/wp-json\/wp\/v2\/posts\/36015\/revisions\/36030"}],"wp:attachment":[{"href":"https:\/\/www.organisator.ch\/de\/wp-json\/wp\/v2\/media?parent=36015"}],"wp:term":[{"taxonomy":"category","embeddable":true,"href":"https:\/\/www.organisator.ch\/de\/wp-json\/wp\/v2\/categories?post=36015"},{"taxonomy":"post_tag","embeddable":true,"href":"https:\/\/www.organisator.ch\/de\/wp-json\/wp\/v2\/tags?post=36015"}],"curies":[{"name":"wp","href":"https:\/\/api.w.org\/{rel}","templated":true}]}}