{"id":36018,"date":"2025-02-17T15:26:53","date_gmt":"2025-02-17T14:26:53","guid":{"rendered":"https:\/\/www.organisator.ch\/?p=36018"},"modified":"2025-02-17T15:26:53","modified_gmt":"2025-02-17T14:26:53","slug":"start-zur-fh-lohnstudie-2025","status":"publish","type":"post","link":"https:\/\/www.organisator.ch\/de\/human-resources\/2025-02-17\/start-zur-fh-lohnstudie-2025\/","title":{"rendered":"Start zur FH-Lohnstudie 2025"},"content":{"rendered":"<figure id=\"attachment_36019\" aria-describedby=\"caption-attachment-36019\" style=\"width: 680px\" class=\"wp-caption alignnone\"><img loading=\"lazy\" decoding=\"async\" class=\"size-full wp-image-36019\" src=\"https:\/\/www.organisator.ch\/wp-content\/uploads\/2025\/02\/Start-zur-FH-Lohnstudie-2025_Organisator.jpg\" alt=\"\" width=\"680\" height=\"383\" srcset=\"https:\/\/www.organisator.ch\/wp-content\/uploads\/2025\/02\/Start-zur-FH-Lohnstudie-2025_Organisator.jpg 680w, https:\/\/www.organisator.ch\/wp-content\/uploads\/2025\/02\/Start-zur-FH-Lohnstudie-2025_Organisator-18x10.jpg 18w, https:\/\/www.organisator.ch\/wp-content\/uploads\/2025\/02\/Start-zur-FH-Lohnstudie-2025_Organisator-375x211.jpg 375w, https:\/\/www.organisator.ch\/wp-content\/uploads\/2025\/02\/Start-zur-FH-Lohnstudie-2025_Organisator-621x350.jpg 621w\" sizes=\"auto, (max-width: 680px) 100vw, 680px\" \/><figcaption id=\"caption-attachment-36019\" class=\"wp-caption-text\">&#8222;Wie viel verdienst du so?&#8220; &#8211; FH Schweiz startet die FH-Lohnstudie 2025. (Illustration: Marian Blaser \/ FH Schweiz)<\/figcaption><\/figure>\n<p>Wie steht es um die L\u00f6hne und Arbeitssituation von Personen mit einem Abschluss an einer Schweizer Fachhochschule (FH)? Um diese Fragen zu beantworten, f\u00fchrt FH Schweiz alle zwei Jahre die FH-Lohnstudie durch. 2023 nahmen \u00fcber 13 000 Personen daran teil. Die Studie bietet eine \u00dcbersicht \u00fcber verschiedene Branchen und Fachbereiche von Fachhochschulen und dient Arbeitnehmenden wie auch Unternehmen als Referenzgr\u00f6sse f\u00fcr aktuelle L\u00f6hne. FH Schweiz ist der Dachverband der Fachhochschul-Absolventinnen und -Absolventen, mit 44 angeschlossenen Organisationen.<\/p>\n<p>Dieses Jahr enth\u00e4lt die Umfrage zus\u00e4tzlich auch Fragen zu den Themen Selbst\u00e4ndigkeit und Arbeitsbedingungen, wie etwa Homeoffice, Teilzeitarbeit oder zus\u00e4tzliche Benefits seitens Arbeitgeber. Damit werden auch gesellschaftliche Entwicklungen, die sich auf unsere Arbeit und Entl\u00f6hnung auswirken, in die Studie einbezogen.<\/p>\n<p>An der Umfrage kann via Desktop, Tablet oder Smartphone bis zum 30. M\u00e4rz 2025 teilgenommen werden. Die Resultate werden Ende Mai publiziert. Wer an der FH-Lohnstudie teilnimmt, erh\u00e4lt ein Gratis-Login, mit dem unter <a href=\"http:\/\/www.fhlohn.ch\">www.fhlohn.ch<\/a> die Ergebnisse abrufbar sind. Die Lohndaten sind nach Kriterien wie Alter, Branche, Abschluss, Arbeitsort oder Position geordnet. Des Weiteren werden unter den Teilnehmenden attraktive Preise verlost, darunter sechs GoPro-Action-Kameras oder eine Sprachreise nach Hawaii.<\/p>\n<p>Hier geht es zur Erhebung: <a href=\"http:\/\/www.fhlohn.ch\">www.fhlohn.ch<\/a><\/p>\n","protected":false},"excerpt":{"rendered":"<p>Ab sofort k\u00f6nnen alle berufst\u00e4tigen Personen an der Lohnstudie von FH Schweiz teilnehmen. Die Online-Befragung unter www.fhlohn.ch dauert rund 10 Minuten.<\/p>\n","protected":false},"author":4,"featured_media":36019,"comment_status":"closed","ping_status":"closed","sticky":false,"template":"","format":"standard","meta":{"_acf_changed":false,"_yoast_wpseo_focuskw":"FH-Lohnstudie","_yoast_wpseo_metadesc":"Ab sofort k\u00f6nnen alle berufst\u00e4tigen Personen mit Fachhochschul-Abschluss an der FH-Lohnstudie von FH Schweiz teilnehmen.","articlekey":"","footnotes":""},"categories":[579],"tags":[192,254,331,459],"class_list":["post-36018","post","type-post","status-publish","format-standard","has-post-thumbnail","hentry","category-human-resources","tag-fachhochschulen","tag-hrm","tag-lohnstudie","tag-studie"],"acf":[],"yoast_head":"<!-- This site is optimized with the Yoast SEO plugin v27.4 - https:\/\/yoast.com\/product\/yoast-seo-wordpress\/ -->\n<title>Start zur FH-Lohnstudie 2025 - Organisator<\/title>\n<meta name=\"description\" content=\"Ab sofort k\u00f6nnen alle berufst\u00e4tigen Personen mit Fachhochschul-Abschluss an der FH-Lohnstudie von FH Schweiz teilnehmen.\" \/>\n<meta name=\"robots\" content=\"index, follow, max-snippet:-1, max-image-preview:large, max-video-preview:-1\" \/>\n<link rel=\"canonical\" href=\"https:\/\/www.organisator.ch\/de\/human-resources\/2025-02-17\/start-zur-fh-lohnstudie-2025\/\" \/>\n<meta property=\"og:locale\" content=\"de_DE\" \/>\n<meta property=\"og:type\" content=\"article\" \/>\n<meta property=\"og:title\" content=\"Start zur FH-Lohnstudie 2025\" \/>\n<meta property=\"og:description\" content=\"Ab sofort k\u00f6nnen alle berufst\u00e4tigen Personen mit Fachhochschul-Abschluss an der FH-Lohnstudie von FH Schweiz teilnehmen.\" \/>\n<meta property=\"og:url\" content=\"https:\/\/www.organisator.ch\/de\/human-resources\/2025-02-17\/start-zur-fh-lohnstudie-2025\/\" \/>\n<meta property=\"og:site_name\" content=\"Organisator\" \/>\n<meta property=\"article:publisher\" content=\"https:\/\/www.facebook.com\/OrganisatorFachmagazin\" \/>\n<meta property=\"article:published_time\" content=\"2025-02-17T14:26:53+00:00\" \/>\n<meta property=\"og:image\" content=\"https:\/\/www.organisator.ch\/wp-content\/uploads\/2025\/02\/Start-zur-FH-Lohnstudie-2025_Organisator.jpg\" \/>\n\t<meta property=\"og:image:width\" content=\"680\" \/>\n\t<meta property=\"og:image:height\" content=\"383\" \/>\n\t<meta property=\"og:image:type\" content=\"image\/jpeg\" \/>\n<meta name=\"author\" content=\"thomas.berner\" \/>\n<meta name=\"twitter:card\" content=\"summary_large_image\" \/>\n<meta name=\"twitter:title\" content=\"Start zur #FH-Lohnstudie 2025\" \/>\n<meta name=\"twitter:description\" content=\"Ab sofort k\u00f6nnen alle berufst\u00e4tigen Personen mit #Fachhochschul-Abschluss an der #FH-Lohnstudie von FH Schweiz teilnehmen.\" \/>\n<meta name=\"twitter:image\" content=\"https:\/\/www.organisator.ch\/wp-content\/uploads\/2025\/02\/Start-zur-FH-Lohnstudie-2025_Organisator.jpg\" \/>\n<script type=\"application\/ld+json\" class=\"yoast-schema-graph\">{\"@context\":\"https:\\\/\\\/schema.org\",\"@graph\":[{\"@type\":\"Article\",\"@id\":\"https:\\\/\\\/www.organisator.ch\\\/human-resources\\\/2025-02-17\\\/start-zur-fh-lohnstudie-2025\\\/#article\",\"isPartOf\":{\"@id\":\"https:\\\/\\\/www.organisator.ch\\\/human-resources\\\/2025-02-17\\\/start-zur-fh-lohnstudie-2025\\\/\"},\"author\":{\"name\":\"thomas.berner\",\"@id\":\"https:\\\/\\\/www.organisator.ch\\\/#\\\/schema\\\/person\\\/6f650f90b2842cd4c0cc334b4e36f67e\"},\"headline\":\"Start zur FH-Lohnstudie 2025\",\"datePublished\":\"2025-02-17T14:26:53+00:00\",\"mainEntityOfPage\":{\"@id\":\"https:\\\/\\\/www.organisator.ch\\\/human-resources\\\/2025-02-17\\\/start-zur-fh-lohnstudie-2025\\\/\"},\"wordCount\":226,\"publisher\":{\"@id\":\"https:\\\/\\\/www.organisator.ch\\\/#organization\"},\"image\":{\"@id\":\"https:\\\/\\\/www.organisator.ch\\\/human-resources\\\/2025-02-17\\\/start-zur-fh-lohnstudie-2025\\\/#primaryimage\"},\"thumbnailUrl\":\"https:\\\/\\\/www.organisator.ch\\\/wp-content\\\/uploads\\\/2025\\\/02\\\/Start-zur-FH-Lohnstudie-2025_Organisator.jpg\",\"keywords\":[\"Fachhochschulen\",\"HRM\",\"Lohnstudie\",\"Studie\"],\"articleSection\":[\"HUMAN RESOURCES\"],\"inLanguage\":\"de\"},{\"@type\":\"WebPage\",\"@id\":\"https:\\\/\\\/www.organisator.ch\\\/human-resources\\\/2025-02-17\\\/start-zur-fh-lohnstudie-2025\\\/\",\"url\":\"https:\\\/\\\/www.organisator.ch\\\/human-resources\\\/2025-02-17\\\/start-zur-fh-lohnstudie-2025\\\/\",\"name\":\"Start zur FH-Lohnstudie 2025 - Organisator\",\"isPartOf\":{\"@id\":\"https:\\\/\\\/www.organisator.ch\\\/#website\"},\"primaryImageOfPage\":{\"@id\":\"https:\\\/\\\/www.organisator.ch\\\/human-resources\\\/2025-02-17\\\/start-zur-fh-lohnstudie-2025\\\/#primaryimage\"},\"image\":{\"@id\":\"https:\\\/\\\/www.organisator.ch\\\/human-resources\\\/2025-02-17\\\/start-zur-fh-lohnstudie-2025\\\/#primaryimage\"},\"thumbnailUrl\":\"https:\\\/\\\/www.organisator.ch\\\/wp-content\\\/uploads\\\/2025\\\/02\\\/Start-zur-FH-Lohnstudie-2025_Organisator.jpg\",\"datePublished\":\"2025-02-17T14:26:53+00:00\",\"description\":\"Ab sofort k\u00f6nnen alle berufst\u00e4tigen Personen mit Fachhochschul-Abschluss an der FH-Lohnstudie von FH Schweiz teilnehmen.\",\"breadcrumb\":{\"@id\":\"https:\\\/\\\/www.organisator.ch\\\/human-resources\\\/2025-02-17\\\/start-zur-fh-lohnstudie-2025\\\/#breadcrumb\"},\"inLanguage\":\"de\",\"potentialAction\":[{\"@type\":\"ReadAction\",\"target\":[\"https:\\\/\\\/www.organisator.ch\\\/human-resources\\\/2025-02-17\\\/start-zur-fh-lohnstudie-2025\\\/\"]}]},{\"@type\":\"ImageObject\",\"inLanguage\":\"de\",\"@id\":\"https:\\\/\\\/www.organisator.ch\\\/human-resources\\\/2025-02-17\\\/start-zur-fh-lohnstudie-2025\\\/#primaryimage\",\"url\":\"https:\\\/\\\/www.organisator.ch\\\/wp-content\\\/uploads\\\/2025\\\/02\\\/Start-zur-FH-Lohnstudie-2025_Organisator.jpg\",\"contentUrl\":\"https:\\\/\\\/www.organisator.ch\\\/wp-content\\\/uploads\\\/2025\\\/02\\\/Start-zur-FH-Lohnstudie-2025_Organisator.jpg\",\"width\":680,\"height\":383,\"caption\":\"\\\"Wie viel verdienst du so?\\\" - FH Schweiz startet die FH-Lohnstudie 2025. (Illustration: Marian Blaser \\\/ FH Schweiz)\"},{\"@type\":\"BreadcrumbList\",\"@id\":\"https:\\\/\\\/www.organisator.ch\\\/human-resources\\\/2025-02-17\\\/start-zur-fh-lohnstudie-2025\\\/#breadcrumb\",\"itemListElement\":[{\"@type\":\"ListItem\",\"position\":1,\"name\":\"Home\",\"item\":\"https:\\\/\\\/www.organisator.ch\\\/\"},{\"@type\":\"ListItem\",\"position\":2,\"name\":\"Start zur FH-Lohnstudie 2025\"}]},{\"@type\":\"WebSite\",\"@id\":\"https:\\\/\\\/www.organisator.ch\\\/#website\",\"url\":\"https:\\\/\\\/www.organisator.ch\\\/\",\"name\":\"Organisator\",\"description\":\"Kompetent. Praxisnah. Der ORGANISATOR bereitet in 10 Ausgaben pro Jahr die wesentlichen Themen f\u00fcr F\u00fchrungskr\u00e4fte von KMU auf.\",\"publisher\":{\"@id\":\"https:\\\/\\\/www.organisator.ch\\\/#organization\"},\"potentialAction\":[{\"@type\":\"SearchAction\",\"target\":{\"@type\":\"EntryPoint\",\"urlTemplate\":\"https:\\\/\\\/www.organisator.ch\\\/?s={search_term_string}\"},\"query-input\":{\"@type\":\"PropertyValueSpecification\",\"valueRequired\":true,\"valueName\":\"search_term_string\"}}],\"inLanguage\":\"de\"},{\"@type\":\"Organization\",\"@id\":\"https:\\\/\\\/www.organisator.ch\\\/#organization\",\"name\":\"Organisator\",\"url\":\"https:\\\/\\\/www.organisator.ch\\\/\",\"logo\":{\"@type\":\"ImageObject\",\"inLanguage\":\"de\",\"@id\":\"https:\\\/\\\/www.organisator.ch\\\/#\\\/schema\\\/logo\\\/image\\\/\",\"url\":\"https:\\\/\\\/www.organisator.ch\\\/wp-content\\\/uploads\\\/2022\\\/01\\\/Logo_Organisator_Website.png\",\"contentUrl\":\"https:\\\/\\\/www.organisator.ch\\\/wp-content\\\/uploads\\\/2022\\\/01\\\/Logo_Organisator_Website.png\",\"width\":800,\"height\":77,\"caption\":\"Organisator\"},\"image\":{\"@id\":\"https:\\\/\\\/www.organisator.ch\\\/#\\\/schema\\\/logo\\\/image\\\/\"},\"sameAs\":[\"https:\\\/\\\/www.facebook.com\\\/OrganisatorFachmagazin\",\"https:\\\/\\\/www.linkedin.com\\\/showcase\\\/organisator-das-magazin-fr-kmu\",\"https:\\\/\\\/www.xing.com\\\/news\\\/pages\\\/organisator-ch-695\",\"https:\\\/\\\/www.youtube.com\\\/channel\\\/UCGP2Sq0iWaZwT3BdIAQFYpw\"]},{\"@type\":\"Person\",\"@id\":\"https:\\\/\\\/www.organisator.ch\\\/#\\\/schema\\\/person\\\/6f650f90b2842cd4c0cc334b4e36f67e\",\"name\":\"thomas.berner\",\"image\":{\"@type\":\"ImageObject\",\"inLanguage\":\"de\",\"@id\":\"https:\\\/\\\/secure.gravatar.com\\\/avatar\\\/ac5001d2a36cb6c6cd3e50789007ffca834b477b74a2144564522e944eabff61?s=96&d=mm&r=g\",\"url\":\"https:\\\/\\\/secure.gravatar.com\\\/avatar\\\/ac5001d2a36cb6c6cd3e50789007ffca834b477b74a2144564522e944eabff61?s=96&d=mm&r=g\",\"contentUrl\":\"https:\\\/\\\/secure.gravatar.com\\\/avatar\\\/ac5001d2a36cb6c6cd3e50789007ffca834b477b74a2144564522e944eabff61?s=96&d=mm&r=g\",\"caption\":\"thomas.berner\"},\"url\":\"https:\\\/\\\/www.organisator.ch\\\/de\\\/author\\\/thomas-berner\\\/\"}]}<\/script>\n<!-- \/ Yoast SEO plugin. -->","yoast_head_json":{"title":"Start zur FH-Lohnstudie 2025 - Organisator","description":"Ab sofort k\u00f6nnen alle berufst\u00e4tigen Personen mit Fachhochschul-Abschluss an der FH-Lohnstudie von FH Schweiz teilnehmen.","robots":{"index":"index","follow":"follow","max-snippet":"max-snippet:-1","max-image-preview":"max-image-preview:large","max-video-preview":"max-video-preview:-1"},"canonical":"https:\/\/www.organisator.ch\/de\/human-resources\/2025-02-17\/start-zur-fh-lohnstudie-2025\/","og_locale":"de_DE","og_type":"article","og_title":"Start zur FH-Lohnstudie 2025","og_description":"Ab sofort k\u00f6nnen alle berufst\u00e4tigen Personen mit Fachhochschul-Abschluss an der FH-Lohnstudie von FH Schweiz teilnehmen.","og_url":"https:\/\/www.organisator.ch\/de\/human-resources\/2025-02-17\/start-zur-fh-lohnstudie-2025\/","og_site_name":"Organisator","article_publisher":"https:\/\/www.facebook.com\/OrganisatorFachmagazin","article_published_time":"2025-02-17T14:26:53+00:00","og_image":[{"width":680,"height":383,"url":"https:\/\/www.organisator.ch\/wp-content\/uploads\/2025\/02\/Start-zur-FH-Lohnstudie-2025_Organisator.jpg","type":"image\/jpeg"}],"author":"thomas.berner","twitter_card":"summary_large_image","twitter_title":"Start zur #FH-Lohnstudie 2025","twitter_description":"Ab sofort k\u00f6nnen alle berufst\u00e4tigen Personen mit #Fachhochschul-Abschluss an der #FH-Lohnstudie von FH Schweiz teilnehmen.","twitter_image":"https:\/\/www.organisator.ch\/wp-content\/uploads\/2025\/02\/Start-zur-FH-Lohnstudie-2025_Organisator.jpg","schema":{"@context":"https:\/\/schema.org","@graph":[{"@type":"Article","@id":"https:\/\/www.organisator.ch\/human-resources\/2025-02-17\/start-zur-fh-lohnstudie-2025\/#article","isPartOf":{"@id":"https:\/\/www.organisator.ch\/human-resources\/2025-02-17\/start-zur-fh-lohnstudie-2025\/"},"author":{"name":"thomas.berner","@id":"https:\/\/www.organisator.ch\/#\/schema\/person\/6f650f90b2842cd4c0cc334b4e36f67e"},"headline":"Start zur FH-Lohnstudie 2025","datePublished":"2025-02-17T14:26:53+00:00","mainEntityOfPage":{"@id":"https:\/\/www.organisator.ch\/human-resources\/2025-02-17\/start-zur-fh-lohnstudie-2025\/"},"wordCount":226,"publisher":{"@id":"https:\/\/www.organisator.ch\/#organization"},"image":{"@id":"https:\/\/www.organisator.ch\/human-resources\/2025-02-17\/start-zur-fh-lohnstudie-2025\/#primaryimage"},"thumbnailUrl":"https:\/\/www.organisator.ch\/wp-content\/uploads\/2025\/02\/Start-zur-FH-Lohnstudie-2025_Organisator.jpg","keywords":["Fachhochschulen","HRM","Lohnstudie","Studie"],"articleSection":["HUMAN RESOURCES"],"inLanguage":"de"},{"@type":"WebPage","@id":"https:\/\/www.organisator.ch\/human-resources\/2025-02-17\/start-zur-fh-lohnstudie-2025\/","url":"https:\/\/www.organisator.ch\/human-resources\/2025-02-17\/start-zur-fh-lohnstudie-2025\/","name":"Start zur FH-Lohnstudie 2025 - Organisator","isPartOf":{"@id":"https:\/\/www.organisator.ch\/#website"},"primaryImageOfPage":{"@id":"https:\/\/www.organisator.ch\/human-resources\/2025-02-17\/start-zur-fh-lohnstudie-2025\/#primaryimage"},"image":{"@id":"https:\/\/www.organisator.ch\/human-resources\/2025-02-17\/start-zur-fh-lohnstudie-2025\/#primaryimage"},"thumbnailUrl":"https:\/\/www.organisator.ch\/wp-content\/uploads\/2025\/02\/Start-zur-FH-Lohnstudie-2025_Organisator.jpg","datePublished":"2025-02-17T14:26:53+00:00","description":"Ab sofort k\u00f6nnen alle berufst\u00e4tigen Personen mit Fachhochschul-Abschluss an der FH-Lohnstudie von FH Schweiz teilnehmen.","breadcrumb":{"@id":"https:\/\/www.organisator.ch\/human-resources\/2025-02-17\/start-zur-fh-lohnstudie-2025\/#breadcrumb"},"inLanguage":"de","potentialAction":[{"@type":"ReadAction","target":["https:\/\/www.organisator.ch\/human-resources\/2025-02-17\/start-zur-fh-lohnstudie-2025\/"]}]},{"@type":"ImageObject","inLanguage":"de","@id":"https:\/\/www.organisator.ch\/human-resources\/2025-02-17\/start-zur-fh-lohnstudie-2025\/#primaryimage","url":"https:\/\/www.organisator.ch\/wp-content\/uploads\/2025\/02\/Start-zur-FH-Lohnstudie-2025_Organisator.jpg","contentUrl":"https:\/\/www.organisator.ch\/wp-content\/uploads\/2025\/02\/Start-zur-FH-Lohnstudie-2025_Organisator.jpg","width":680,"height":383,"caption":"\"Wie viel verdienst du so?\" - FH Schweiz startet die FH-Lohnstudie 2025. (Illustration: Marian Blaser \/ FH Schweiz)"},{"@type":"BreadcrumbList","@id":"https:\/\/www.organisator.ch\/human-resources\/2025-02-17\/start-zur-fh-lohnstudie-2025\/#breadcrumb","itemListElement":[{"@type":"ListItem","position":1,"name":"Home","item":"https:\/\/www.organisator.ch\/"},{"@type":"ListItem","position":2,"name":"Start zur FH-Lohnstudie 2025"}]},{"@type":"WebSite","@id":"https:\/\/www.organisator.ch\/#website","url":"https:\/\/www.organisator.ch\/","name":"Organisator","description":"Kompetent. Praxisnah. Der ORGANISATOR bereitet in 10 Ausgaben pro Jahr die wesentlichen Themen f\u00fcr F\u00fchrungskr\u00e4fte von KMU auf.","publisher":{"@id":"https:\/\/www.organisator.ch\/#organization"},"potentialAction":[{"@type":"SearchAction","target":{"@type":"EntryPoint","urlTemplate":"https:\/\/www.organisator.ch\/?s={search_term_string}"},"query-input":{"@type":"PropertyValueSpecification","valueRequired":true,"valueName":"search_term_string"}}],"inLanguage":"de"},{"@type":"Organization","@id":"https:\/\/www.organisator.ch\/#organization","name":"Organisator","url":"https:\/\/www.organisator.ch\/","logo":{"@type":"ImageObject","inLanguage":"de","@id":"https:\/\/www.organisator.ch\/#\/schema\/logo\/image\/","url":"https:\/\/www.organisator.ch\/wp-content\/uploads\/2022\/01\/Logo_Organisator_Website.png","contentUrl":"https:\/\/www.organisator.ch\/wp-content\/uploads\/2022\/01\/Logo_Organisator_Website.png","width":800,"height":77,"caption":"Organisator"},"image":{"@id":"https:\/\/www.organisator.ch\/#\/schema\/logo\/image\/"},"sameAs":["https:\/\/www.facebook.com\/OrganisatorFachmagazin","https:\/\/www.linkedin.com\/showcase\/organisator-das-magazin-fr-kmu","https:\/\/www.xing.com\/news\/pages\/organisator-ch-695","https:\/\/www.youtube.com\/channel\/UCGP2Sq0iWaZwT3BdIAQFYpw"]},{"@type":"Person","@id":"https:\/\/www.organisator.ch\/#\/schema\/person\/6f650f90b2842cd4c0cc334b4e36f67e","name":"thomas.berner","image":{"@type":"ImageObject","inLanguage":"de","@id":"https:\/\/secure.gravatar.com\/avatar\/ac5001d2a36cb6c6cd3e50789007ffca834b477b74a2144564522e944eabff61?s=96&d=mm&r=g","url":"https:\/\/secure.gravatar.com\/avatar\/ac5001d2a36cb6c6cd3e50789007ffca834b477b74a2144564522e944eabff61?s=96&d=mm&r=g","contentUrl":"https:\/\/secure.gravatar.com\/avatar\/ac5001d2a36cb6c6cd3e50789007ffca834b477b74a2144564522e944eabff61?s=96&d=mm&r=g","caption":"thomas.berner"},"url":"https:\/\/www.organisator.ch\/de\/author\/thomas-berner\/"}]}},"_links":{"self":[{"href":"https:\/\/www.organisator.ch\/de\/wp-json\/wp\/v2\/posts\/36018","targetHints":{"allow":["GET"]}}],"collection":[{"href":"https:\/\/www.organisator.ch\/de\/wp-json\/wp\/v2\/posts"}],"about":[{"href":"https:\/\/www.organisator.ch\/de\/wp-json\/wp\/v2\/types\/post"}],"author":[{"embeddable":true,"href":"https:\/\/www.organisator.ch\/de\/wp-json\/wp\/v2\/users\/4"}],"replies":[{"embeddable":true,"href":"https:\/\/www.organisator.ch\/de\/wp-json\/wp\/v2\/comments?post=36018"}],"version-history":[{"count":3,"href":"https:\/\/www.organisator.ch\/de\/wp-json\/wp\/v2\/posts\/36018\/revisions"}],"predecessor-version":[{"id":36040,"href":"https:\/\/www.organisator.ch\/de\/wp-json\/wp\/v2\/posts\/36018\/revisions\/36040"}],"wp:featuredmedia":[{"embeddable":true,"href":"https:\/\/www.organisator.ch\/de\/wp-json\/wp\/v2\/media\/36019"}],"wp:attachment":[{"href":"https:\/\/www.organisator.ch\/de\/wp-json\/wp\/v2\/media?parent=36018"}],"wp:term":[{"taxonomy":"category","embeddable":true,"href":"https:\/\/www.organisator.ch\/de\/wp-json\/wp\/v2\/categories?post=36018"},{"taxonomy":"post_tag","embeddable":true,"href":"https:\/\/www.organisator.ch\/de\/wp-json\/wp\/v2\/tags?post=36018"}],"curies":[{"name":"wp","href":"https:\/\/api.w.org\/{rel}","templated":true}]}}