{"id":36060,"date":"2025-02-18T15:45:24","date_gmt":"2025-02-18T14:45:24","guid":{"rendered":"https:\/\/www.markt-kom.com\/?p=230627"},"modified":"2025-02-18T15:29:13","modified_gmt":"2025-02-18T14:29:13","slug":"marketagent-arbeitsmarkt-kompass-die-schweiz-will-kuerzere-arbeitszeiten","status":"publish","type":"post","link":"https:\/\/www.organisator.ch\/de\/marketing\/2025-02-18\/marketagent-arbeitsmarkt-kompass-die-schweiz-will-kuerzere-arbeitszeiten\/","title":{"rendered":"Marketagent Arbeitsmarkt-Kompass: Die Schweiz will k\u00fcrzere Arbeitszeiten"},"content":{"rendered":"<p><a href=\"https:\/\/www.markt-kom.com\/wp-content\/uploads\/2025\/02\/Header-Marketagent-Studie.jpg\"><img class=\"aligncenter size-full wp-image-230628\" src=\"https:\/\/www.markt-kom.com\/wp-content\/uploads\/2025\/02\/Header-Marketagent-Studie.jpg\" sizes=\"(max-width: 1125px) 100vw, 1125px\" srcset=\"https:\/\/www.markt-kom.com\/wp-content\/uploads\/2025\/02\/Header-Marketagent-Studie.jpg 1125w, https:\/\/www.markt-kom.com\/wp-content\/uploads\/2025\/02\/Header-Marketagent-Studie-600x450.jpg 600w, https:\/\/www.markt-kom.com\/wp-content\/uploads\/2025\/02\/Header-Marketagent-Studie-1024x768.jpg 1024w, https:\/\/www.markt-kom.com\/wp-content\/uploads\/2025\/02\/Header-Marketagent-Studie-768x576.jpg 768w, https:\/\/www.markt-kom.com\/wp-content\/uploads\/2025\/02\/Header-Marketagent-Studie-16x12.jpg 16w, https:\/\/www.markt-kom.com\/wp-content\/uploads\/2025\/02\/Header-Marketagent-Studie-233x175.jpg 233w, https:\/\/www.markt-kom.com\/wp-content\/uploads\/2025\/02\/Header-Marketagent-Studie-467x350.jpg 467w, https:\/\/www.markt-kom.com\/wp-content\/uploads\/2025\/02\/Header-Marketagent-Studie-1000x750.jpg 1000w\" alt=\"\" width=\"1125\" height=\"844\" \/><\/a><\/p>\r\n<p>Die Untersuchung, die seit Anfang 2024 viertelj\u00e4hrlich durchgef\u00fchrt wird, liefert Einblicke in die Einstellungen von Arbeitnehmer:innen. Im Durchschnitt w\u00fcnschen sich Erwerbst\u00e4tige in der Schweiz eine Wochenarbeitszeit von 35,4 Stunden \u2013 weniger als die klassische 40-Stunden-Woche, aber mehr als in \u00d6sterreich (33,3 Stunden) und Deutschland (32 Stunden). Auch Homeoffice bleibt gefragt: Wer die M\u00f6glichkeit zur Remote-Arbeit hat, bevorzugt im Schnitt einen Anteil von 45 Prozent, was rund zwei Tagen pro Woche entspricht.<\/p>\r\n<p>Die Akzeptanz f\u00fcr lange Arbeitswege ist in der Schweiz h\u00f6her als in den Nachbarl\u00e4ndern: Befragte geben eine maximale Pendeldistanz von 32 Kilometern an, w\u00e4hrend diese in Deutschland und \u00d6sterreich bei rund 22 Kilometern liegt.<\/p>\r\n<h3>\u00abWork hard, play hard\u00bb<\/h3>\r\n<p>Mit der Philosophie \u00abHart arbeiten, gut leben\u00bb k\u00f6nnen sich fast zwei Drittel der arbeitenden Schweizer Bev\u00f6lkerung gut identifizieren (65%). Und einen weiteren Spitzenwert im Drei-L\u00e4nder-Vergleich einfahren (\u00d6sterreich: 62%; Deutschland: 58%). \u00abEngagement und Leistung gelten nach wie vor als wichtige Werte in der Schweiz. Unsere Daten zeigen aber auch, dass sich der Fokus zunehmend von klassischen Karrieremustern hin zu flexibleren Arbeitsmodellen verlagert\u00bb, erkl\u00e4rt Roland Zeindler, Gesch\u00e4ftsf\u00fchrer von Marketagent Schweiz. \u00abUnternehmen, die diese Flexibilit\u00e4t aktiv f\u00f6rdern, sichern sich nicht nur einen Vorteil im Wettbewerb um Fachkr\u00e4fte, sondern st\u00e4rken zugleich die langfristige Mitarbeiterbindung.\u00bb<\/p>\r\n<h3>Hohe Wechselbereitschaft<\/h3>\r\n<p>Trotz hoher Zufriedenheit mit dem aktuellen Job (77 Prozent) ist die Wechselbereitschaft gross: 51 Prozent der Besch\u00e4ftigten k\u00f6nnen sich einen Stellenwechsel vorstellen, auch wenn sie die Chancen auf dem Arbeitsmarkt pessimistischer einsch\u00e4tzen als in Deutschland und \u00d6sterreich. Ein wichtiger Anreiz f\u00fcr den Wechsel ist das erwartete Gehaltsplus \u2013 Schweizer Arbeitnehmer:innen erhoffen sich im Schnitt 31 Prozent mehr Lohn.<\/p>\r\n<figure id=\"attachment_230629\" class=\"wp-caption aligncenter\" style=\"width: 788px;\" aria-describedby=\"caption-attachment-230629\"><a href=\"https:\/\/www.markt-kom.com\/wp-content\/uploads\/2025\/02\/Infografik-Arbeitsmarkt-Kompass-HJ2-2024-scaled.jpg\"><img class=\"size-full wp-image-230629\" src=\"https:\/\/www.markt-kom.com\/wp-content\/uploads\/2025\/02\/Infografik-Arbeitsmarkt-Kompass-HJ2-2024-scaled.jpg\" sizes=\"(max-width: 788px) 100vw, 788px\" srcset=\"https:\/\/www.markt-kom.com\/wp-content\/uploads\/2025\/02\/Infografik-Arbeitsmarkt-Kompass-HJ2-2024-scaled.jpg 563w, https:\/\/www.markt-kom.com\/wp-content\/uploads\/2025\/02\/Infografik-Arbeitsmarkt-Kompass-HJ2-2024-338x600.jpg 338w, https:\/\/www.markt-kom.com\/wp-content\/uploads\/2025\/02\/Infografik-Arbeitsmarkt-Kompass-HJ2-2024-864x1536.jpg 864w, https:\/\/www.markt-kom.com\/wp-content\/uploads\/2025\/02\/Infografik-Arbeitsmarkt-Kompass-HJ2-2024-7x12.jpg 7w, https:\/\/www.markt-kom.com\/wp-content\/uploads\/2025\/02\/Infografik-Arbeitsmarkt-Kompass-HJ2-2024-98x175.jpg 98w, https:\/\/www.markt-kom.com\/wp-content\/uploads\/2025\/02\/Infografik-Arbeitsmarkt-Kompass-HJ2-2024-197x350.jpg 197w, https:\/\/www.markt-kom.com\/wp-content\/uploads\/2025\/02\/Infografik-Arbeitsmarkt-Kompass-HJ2-2024-450x800.jpg 450w\" alt=\"\" width=\"788\" height=\"1400\" \/><\/a>\r\n<figcaption id=\"caption-attachment-230629\" class=\"wp-caption-text\">(Grafik: Marketagent Schweiz)<\/figcaption>\r\n<\/figure>\r\n<hr \/>\r\n<p><em>Marketagent Schweiz befragte f\u00fcr die aktuelle Untersuchung im Erhebungszeitraum Juli bis Dezember 2024 insgesamt 465 Personen. <\/em><\/p>","protected":false},"excerpt":{"rendered":"<p>Flexiblere Arbeitsmodelle, Homeoffice und eine hohe Wechselbereitschaft pr\u00e4gen die Stimmung auf dem Schweizer Arbeitsmarkt. Der aktuelle Arbeitsmarkt-Kompass von Marketagent Schweiz zeigt, dass die traditionelle 40-Stunden-Woche f\u00fcr viele Besch\u00e4ftigte an Relevanz verliert.<\/p>\n","protected":false},"author":8,"featured_media":0,"comment_status":"closed","ping_status":"closed","sticky":false,"template":"","format":"standard","meta":{"_acf_changed":false,"_yoast_wpseo_focuskw":"Arbeitsmarkt Schweiz 2024","_yoast_wpseo_metadesc":"Der Arbeitsmarkt-Kompass zeigt: Flexibilit\u00e4t steigt, Homeoffice bleibt gefragt, und viele Besch\u00e4ftigte w\u00fcnschen sich k\u00fcrzere Arbeitszeiten.","articlekey":"","footnotes":""},"categories":[29],"tags":[4345,3350,459],"class_list":["post-36060","post","type-post","status-publish","format-standard","hentry","category-marketing","tag-business","tag-marketagent-com","tag-studie"],"acf":[],"yoast_head":"<!-- This site is optimized with the Yoast SEO plugin v27.5 - https:\/\/yoast.com\/product\/yoast-seo-wordpress\/ -->\n<title>Marketagent Arbeitsmarkt-Kompass: Die Schweiz will k\u00fcrzere Arbeitszeiten - Organisator<\/title>\n<meta name=\"description\" content=\"Der Arbeitsmarkt-Kompass zeigt: Flexibilit\u00e4t steigt, Homeoffice bleibt gefragt, und viele Besch\u00e4ftigte w\u00fcnschen sich k\u00fcrzere Arbeitszeiten.\" \/>\n<meta name=\"robots\" content=\"index, follow, max-snippet:-1, max-image-preview:large, max-video-preview:-1\" \/>\n<link rel=\"canonical\" href=\"https:\/\/www.organisator.ch\/de\/marketing\/2025-02-18\/marketagent-arbeitsmarkt-kompass-die-schweiz-will-kuerzere-arbeitszeiten\/\" \/>\n<meta property=\"og:locale\" content=\"de_DE\" \/>\n<meta property=\"og:type\" content=\"article\" \/>\n<meta property=\"og:title\" content=\"Marketagent Arbeitsmarkt-Kompass: Die Schweiz will k\u00fcrzere Arbeitszeiten - Organisator\" \/>\n<meta property=\"og:description\" content=\"Der Arbeitsmarkt-Kompass zeigt: Flexibilit\u00e4t steigt, Homeoffice bleibt gefragt, und viele Besch\u00e4ftigte w\u00fcnschen sich k\u00fcrzere Arbeitszeiten.\" \/>\n<meta property=\"og:url\" content=\"https:\/\/www.organisator.ch\/de\/marketing\/2025-02-18\/marketagent-arbeitsmarkt-kompass-die-schweiz-will-kuerzere-arbeitszeiten\/\" \/>\n<meta property=\"og:site_name\" content=\"Organisator\" \/>\n<meta property=\"article:publisher\" content=\"https:\/\/www.facebook.com\/OrganisatorFachmagazin\" \/>\n<meta property=\"article:published_time\" content=\"2025-02-18T14:45:24+00:00\" \/>\n<meta name=\"author\" content=\"galledia\" \/>\n<meta name=\"twitter:card\" content=\"summary_large_image\" \/>\n<meta name=\"twitter:creator\" content=\"@admin\" \/>\n<script type=\"application\/ld+json\" class=\"yoast-schema-graph\">{\"@context\":\"https:\\\/\\\/schema.org\",\"@graph\":[{\"@type\":\"Article\",\"@id\":\"https:\\\/\\\/www.organisator.ch\\\/marketing\\\/2025-02-18\\\/marketagent-arbeitsmarkt-kompass-die-schweiz-will-kuerzere-arbeitszeiten\\\/#article\",\"isPartOf\":{\"@id\":\"https:\\\/\\\/www.organisator.ch\\\/marketing\\\/2025-02-18\\\/marketagent-arbeitsmarkt-kompass-die-schweiz-will-kuerzere-arbeitszeiten\\\/\"},\"author\":{\"name\":\"galledia\",\"@id\":\"https:\\\/\\\/www.organisator.ch\\\/#\\\/schema\\\/person\\\/4e51799071cd2dd1232ac003643ef5f0\"},\"headline\":\"Marketagent Arbeitsmarkt-Kompass: Die Schweiz will k\u00fcrzere Arbeitszeiten\",\"datePublished\":\"2025-02-18T14:45:24+00:00\",\"mainEntityOfPage\":{\"@id\":\"https:\\\/\\\/www.organisator.ch\\\/marketing\\\/2025-02-18\\\/marketagent-arbeitsmarkt-kompass-die-schweiz-will-kuerzere-arbeitszeiten\\\/\"},\"wordCount\":295,\"publisher\":{\"@id\":\"https:\\\/\\\/www.organisator.ch\\\/#organization\"},\"image\":{\"@id\":\"https:\\\/\\\/www.organisator.ch\\\/marketing\\\/2025-02-18\\\/marketagent-arbeitsmarkt-kompass-die-schweiz-will-kuerzere-arbeitszeiten\\\/#primaryimage\"},\"thumbnailUrl\":\"https:\\\/\\\/www.markt-kom.com\\\/wp-content\\\/uploads\\\/2025\\\/02\\\/Header-Marketagent-Studie.jpg\",\"keywords\":[\"Business\",\"Marketagent.com\",\"Studie\"],\"articleSection\":[\"MARKETING\"],\"inLanguage\":\"de\"},{\"@type\":\"WebPage\",\"@id\":\"https:\\\/\\\/www.organisator.ch\\\/marketing\\\/2025-02-18\\\/marketagent-arbeitsmarkt-kompass-die-schweiz-will-kuerzere-arbeitszeiten\\\/\",\"url\":\"https:\\\/\\\/www.organisator.ch\\\/marketing\\\/2025-02-18\\\/marketagent-arbeitsmarkt-kompass-die-schweiz-will-kuerzere-arbeitszeiten\\\/\",\"name\":\"Marketagent Arbeitsmarkt-Kompass: Die Schweiz will k\u00fcrzere Arbeitszeiten - Organisator\",\"isPartOf\":{\"@id\":\"https:\\\/\\\/www.organisator.ch\\\/#website\"},\"primaryImageOfPage\":{\"@id\":\"https:\\\/\\\/www.organisator.ch\\\/marketing\\\/2025-02-18\\\/marketagent-arbeitsmarkt-kompass-die-schweiz-will-kuerzere-arbeitszeiten\\\/#primaryimage\"},\"image\":{\"@id\":\"https:\\\/\\\/www.organisator.ch\\\/marketing\\\/2025-02-18\\\/marketagent-arbeitsmarkt-kompass-die-schweiz-will-kuerzere-arbeitszeiten\\\/#primaryimage\"},\"thumbnailUrl\":\"https:\\\/\\\/www.markt-kom.com\\\/wp-content\\\/uploads\\\/2025\\\/02\\\/Header-Marketagent-Studie.jpg\",\"datePublished\":\"2025-02-18T14:45:24+00:00\",\"description\":\"Der Arbeitsmarkt-Kompass zeigt: Flexibilit\u00e4t steigt, Homeoffice bleibt gefragt, und viele Besch\u00e4ftigte w\u00fcnschen sich k\u00fcrzere Arbeitszeiten.\",\"breadcrumb\":{\"@id\":\"https:\\\/\\\/www.organisator.ch\\\/marketing\\\/2025-02-18\\\/marketagent-arbeitsmarkt-kompass-die-schweiz-will-kuerzere-arbeitszeiten\\\/#breadcrumb\"},\"inLanguage\":\"de\",\"potentialAction\":[{\"@type\":\"ReadAction\",\"target\":[\"https:\\\/\\\/www.organisator.ch\\\/marketing\\\/2025-02-18\\\/marketagent-arbeitsmarkt-kompass-die-schweiz-will-kuerzere-arbeitszeiten\\\/\"]}]},{\"@type\":\"ImageObject\",\"inLanguage\":\"de\",\"@id\":\"https:\\\/\\\/www.organisator.ch\\\/marketing\\\/2025-02-18\\\/marketagent-arbeitsmarkt-kompass-die-schweiz-will-kuerzere-arbeitszeiten\\\/#primaryimage\",\"url\":\"https:\\\/\\\/www.markt-kom.com\\\/wp-content\\\/uploads\\\/2025\\\/02\\\/Header-Marketagent-Studie.jpg\",\"contentUrl\":\"https:\\\/\\\/www.markt-kom.com\\\/wp-content\\\/uploads\\\/2025\\\/02\\\/Header-Marketagent-Studie.jpg\"},{\"@type\":\"BreadcrumbList\",\"@id\":\"https:\\\/\\\/www.organisator.ch\\\/marketing\\\/2025-02-18\\\/marketagent-arbeitsmarkt-kompass-die-schweiz-will-kuerzere-arbeitszeiten\\\/#breadcrumb\",\"itemListElement\":[{\"@type\":\"ListItem\",\"position\":1,\"name\":\"Home\",\"item\":\"https:\\\/\\\/www.organisator.ch\\\/\"},{\"@type\":\"ListItem\",\"position\":2,\"name\":\"Marketagent Arbeitsmarkt-Kompass: Die Schweiz will k\u00fcrzere Arbeitszeiten\"}]},{\"@type\":\"WebSite\",\"@id\":\"https:\\\/\\\/www.organisator.ch\\\/#website\",\"url\":\"https:\\\/\\\/www.organisator.ch\\\/\",\"name\":\"Organisator\",\"description\":\"Kompetent. Praxisnah. Der ORGANISATOR bereitet in 10 Ausgaben pro Jahr die wesentlichen Themen f\u00fcr F\u00fchrungskr\u00e4fte von KMU auf.\",\"publisher\":{\"@id\":\"https:\\\/\\\/www.organisator.ch\\\/#organization\"},\"potentialAction\":[{\"@type\":\"SearchAction\",\"target\":{\"@type\":\"EntryPoint\",\"urlTemplate\":\"https:\\\/\\\/www.organisator.ch\\\/?s={search_term_string}\"},\"query-input\":{\"@type\":\"PropertyValueSpecification\",\"valueRequired\":true,\"valueName\":\"search_term_string\"}}],\"inLanguage\":\"de\"},{\"@type\":\"Organization\",\"@id\":\"https:\\\/\\\/www.organisator.ch\\\/#organization\",\"name\":\"Organisator\",\"url\":\"https:\\\/\\\/www.organisator.ch\\\/\",\"logo\":{\"@type\":\"ImageObject\",\"inLanguage\":\"de\",\"@id\":\"https:\\\/\\\/www.organisator.ch\\\/#\\\/schema\\\/logo\\\/image\\\/\",\"url\":\"https:\\\/\\\/www.organisator.ch\\\/wp-content\\\/uploads\\\/2022\\\/01\\\/Logo_Organisator_Website.png\",\"contentUrl\":\"https:\\\/\\\/www.organisator.ch\\\/wp-content\\\/uploads\\\/2022\\\/01\\\/Logo_Organisator_Website.png\",\"width\":800,\"height\":77,\"caption\":\"Organisator\"},\"image\":{\"@id\":\"https:\\\/\\\/www.organisator.ch\\\/#\\\/schema\\\/logo\\\/image\\\/\"},\"sameAs\":[\"https:\\\/\\\/www.facebook.com\\\/OrganisatorFachmagazin\",\"https:\\\/\\\/www.linkedin.com\\\/showcase\\\/organisator-das-magazin-fr-kmu\",\"https:\\\/\\\/www.xing.com\\\/news\\\/pages\\\/organisator-ch-695\",\"https:\\\/\\\/www.youtube.com\\\/channel\\\/UCGP2Sq0iWaZwT3BdIAQFYpw\"]},{\"@type\":\"Person\",\"@id\":\"https:\\\/\\\/www.organisator.ch\\\/#\\\/schema\\\/person\\\/4e51799071cd2dd1232ac003643ef5f0\",\"name\":\"galledia\",\"image\":{\"@type\":\"ImageObject\",\"inLanguage\":\"de\",\"@id\":\"https:\\\/\\\/secure.gravatar.com\\\/avatar\\\/78a7f90c01fc2bfc875782a0d4922b37cde2cf184ce347b91316d23cd7f69a36?s=96&d=mm&r=g\",\"url\":\"https:\\\/\\\/secure.gravatar.com\\\/avatar\\\/78a7f90c01fc2bfc875782a0d4922b37cde2cf184ce347b91316d23cd7f69a36?s=96&d=mm&r=g\",\"contentUrl\":\"https:\\\/\\\/secure.gravatar.com\\\/avatar\\\/78a7f90c01fc2bfc875782a0d4922b37cde2cf184ce347b91316d23cd7f69a36?s=96&d=mm&r=g\",\"caption\":\"galledia\"},\"sameAs\":[\"https:\\\/\\\/x.com\\\/admin\"],\"url\":\"https:\\\/\\\/www.organisator.ch\\\/de\\\/author\\\/galledia\\\/\"}]}<\/script>\n<!-- \/ Yoast SEO plugin. -->","yoast_head_json":{"title":"Marketagent Arbeitsmarkt-Kompass: Die Schweiz will k\u00fcrzere Arbeitszeiten - Organisator","description":"Der Arbeitsmarkt-Kompass zeigt: Flexibilit\u00e4t steigt, Homeoffice bleibt gefragt, und viele Besch\u00e4ftigte w\u00fcnschen sich k\u00fcrzere Arbeitszeiten.","robots":{"index":"index","follow":"follow","max-snippet":"max-snippet:-1","max-image-preview":"max-image-preview:large","max-video-preview":"max-video-preview:-1"},"canonical":"https:\/\/www.organisator.ch\/de\/marketing\/2025-02-18\/marketagent-arbeitsmarkt-kompass-die-schweiz-will-kuerzere-arbeitszeiten\/","og_locale":"de_DE","og_type":"article","og_title":"Marketagent Arbeitsmarkt-Kompass: Die Schweiz will k\u00fcrzere Arbeitszeiten - Organisator","og_description":"Der Arbeitsmarkt-Kompass zeigt: Flexibilit\u00e4t steigt, Homeoffice bleibt gefragt, und viele Besch\u00e4ftigte w\u00fcnschen sich k\u00fcrzere Arbeitszeiten.","og_url":"https:\/\/www.organisator.ch\/de\/marketing\/2025-02-18\/marketagent-arbeitsmarkt-kompass-die-schweiz-will-kuerzere-arbeitszeiten\/","og_site_name":"Organisator","article_publisher":"https:\/\/www.facebook.com\/OrganisatorFachmagazin","article_published_time":"2025-02-18T14:45:24+00:00","author":"galledia","twitter_card":"summary_large_image","twitter_creator":"@admin","schema":{"@context":"https:\/\/schema.org","@graph":[{"@type":"Article","@id":"https:\/\/www.organisator.ch\/marketing\/2025-02-18\/marketagent-arbeitsmarkt-kompass-die-schweiz-will-kuerzere-arbeitszeiten\/#article","isPartOf":{"@id":"https:\/\/www.organisator.ch\/marketing\/2025-02-18\/marketagent-arbeitsmarkt-kompass-die-schweiz-will-kuerzere-arbeitszeiten\/"},"author":{"name":"galledia","@id":"https:\/\/www.organisator.ch\/#\/schema\/person\/4e51799071cd2dd1232ac003643ef5f0"},"headline":"Marketagent Arbeitsmarkt-Kompass: Die Schweiz will k\u00fcrzere Arbeitszeiten","datePublished":"2025-02-18T14:45:24+00:00","mainEntityOfPage":{"@id":"https:\/\/www.organisator.ch\/marketing\/2025-02-18\/marketagent-arbeitsmarkt-kompass-die-schweiz-will-kuerzere-arbeitszeiten\/"},"wordCount":295,"publisher":{"@id":"https:\/\/www.organisator.ch\/#organization"},"image":{"@id":"https:\/\/www.organisator.ch\/marketing\/2025-02-18\/marketagent-arbeitsmarkt-kompass-die-schweiz-will-kuerzere-arbeitszeiten\/#primaryimage"},"thumbnailUrl":"https:\/\/www.markt-kom.com\/wp-content\/uploads\/2025\/02\/Header-Marketagent-Studie.jpg","keywords":["Business","Marketagent.com","Studie"],"articleSection":["MARKETING"],"inLanguage":"de"},{"@type":"WebPage","@id":"https:\/\/www.organisator.ch\/marketing\/2025-02-18\/marketagent-arbeitsmarkt-kompass-die-schweiz-will-kuerzere-arbeitszeiten\/","url":"https:\/\/www.organisator.ch\/marketing\/2025-02-18\/marketagent-arbeitsmarkt-kompass-die-schweiz-will-kuerzere-arbeitszeiten\/","name":"Marketagent Arbeitsmarkt-Kompass: Die Schweiz will k\u00fcrzere Arbeitszeiten - Organisator","isPartOf":{"@id":"https:\/\/www.organisator.ch\/#website"},"primaryImageOfPage":{"@id":"https:\/\/www.organisator.ch\/marketing\/2025-02-18\/marketagent-arbeitsmarkt-kompass-die-schweiz-will-kuerzere-arbeitszeiten\/#primaryimage"},"image":{"@id":"https:\/\/www.organisator.ch\/marketing\/2025-02-18\/marketagent-arbeitsmarkt-kompass-die-schweiz-will-kuerzere-arbeitszeiten\/#primaryimage"},"thumbnailUrl":"https:\/\/www.markt-kom.com\/wp-content\/uploads\/2025\/02\/Header-Marketagent-Studie.jpg","datePublished":"2025-02-18T14:45:24+00:00","description":"Der Arbeitsmarkt-Kompass zeigt: Flexibilit\u00e4t steigt, Homeoffice bleibt gefragt, und viele Besch\u00e4ftigte w\u00fcnschen sich k\u00fcrzere Arbeitszeiten.","breadcrumb":{"@id":"https:\/\/www.organisator.ch\/marketing\/2025-02-18\/marketagent-arbeitsmarkt-kompass-die-schweiz-will-kuerzere-arbeitszeiten\/#breadcrumb"},"inLanguage":"de","potentialAction":[{"@type":"ReadAction","target":["https:\/\/www.organisator.ch\/marketing\/2025-02-18\/marketagent-arbeitsmarkt-kompass-die-schweiz-will-kuerzere-arbeitszeiten\/"]}]},{"@type":"ImageObject","inLanguage":"de","@id":"https:\/\/www.organisator.ch\/marketing\/2025-02-18\/marketagent-arbeitsmarkt-kompass-die-schweiz-will-kuerzere-arbeitszeiten\/#primaryimage","url":"https:\/\/www.markt-kom.com\/wp-content\/uploads\/2025\/02\/Header-Marketagent-Studie.jpg","contentUrl":"https:\/\/www.markt-kom.com\/wp-content\/uploads\/2025\/02\/Header-Marketagent-Studie.jpg"},{"@type":"BreadcrumbList","@id":"https:\/\/www.organisator.ch\/marketing\/2025-02-18\/marketagent-arbeitsmarkt-kompass-die-schweiz-will-kuerzere-arbeitszeiten\/#breadcrumb","itemListElement":[{"@type":"ListItem","position":1,"name":"Home","item":"https:\/\/www.organisator.ch\/"},{"@type":"ListItem","position":2,"name":"Marketagent Arbeitsmarkt-Kompass: Die Schweiz will k\u00fcrzere Arbeitszeiten"}]},{"@type":"WebSite","@id":"https:\/\/www.organisator.ch\/#website","url":"https:\/\/www.organisator.ch\/","name":"Organisator","description":"Kompetent. Praxisnah. Der ORGANISATOR bereitet in 10 Ausgaben pro Jahr die wesentlichen Themen f\u00fcr F\u00fchrungskr\u00e4fte von KMU auf.","publisher":{"@id":"https:\/\/www.organisator.ch\/#organization"},"potentialAction":[{"@type":"SearchAction","target":{"@type":"EntryPoint","urlTemplate":"https:\/\/www.organisator.ch\/?s={search_term_string}"},"query-input":{"@type":"PropertyValueSpecification","valueRequired":true,"valueName":"search_term_string"}}],"inLanguage":"de"},{"@type":"Organization","@id":"https:\/\/www.organisator.ch\/#organization","name":"Organisator","url":"https:\/\/www.organisator.ch\/","logo":{"@type":"ImageObject","inLanguage":"de","@id":"https:\/\/www.organisator.ch\/#\/schema\/logo\/image\/","url":"https:\/\/www.organisator.ch\/wp-content\/uploads\/2022\/01\/Logo_Organisator_Website.png","contentUrl":"https:\/\/www.organisator.ch\/wp-content\/uploads\/2022\/01\/Logo_Organisator_Website.png","width":800,"height":77,"caption":"Organisator"},"image":{"@id":"https:\/\/www.organisator.ch\/#\/schema\/logo\/image\/"},"sameAs":["https:\/\/www.facebook.com\/OrganisatorFachmagazin","https:\/\/www.linkedin.com\/showcase\/organisator-das-magazin-fr-kmu","https:\/\/www.xing.com\/news\/pages\/organisator-ch-695","https:\/\/www.youtube.com\/channel\/UCGP2Sq0iWaZwT3BdIAQFYpw"]},{"@type":"Person","@id":"https:\/\/www.organisator.ch\/#\/schema\/person\/4e51799071cd2dd1232ac003643ef5f0","name":"galledia","image":{"@type":"ImageObject","inLanguage":"de","@id":"https:\/\/secure.gravatar.com\/avatar\/78a7f90c01fc2bfc875782a0d4922b37cde2cf184ce347b91316d23cd7f69a36?s=96&d=mm&r=g","url":"https:\/\/secure.gravatar.com\/avatar\/78a7f90c01fc2bfc875782a0d4922b37cde2cf184ce347b91316d23cd7f69a36?s=96&d=mm&r=g","contentUrl":"https:\/\/secure.gravatar.com\/avatar\/78a7f90c01fc2bfc875782a0d4922b37cde2cf184ce347b91316d23cd7f69a36?s=96&d=mm&r=g","caption":"galledia"},"sameAs":["https:\/\/x.com\/admin"],"url":"https:\/\/www.organisator.ch\/de\/author\/galledia\/"}]}},"_links":{"self":[{"href":"https:\/\/www.organisator.ch\/de\/wp-json\/wp\/v2\/posts\/36060","targetHints":{"allow":["GET"]}}],"collection":[{"href":"https:\/\/www.organisator.ch\/de\/wp-json\/wp\/v2\/posts"}],"about":[{"href":"https:\/\/www.organisator.ch\/de\/wp-json\/wp\/v2\/types\/post"}],"author":[{"embeddable":true,"href":"https:\/\/www.organisator.ch\/de\/wp-json\/wp\/v2\/users\/8"}],"replies":[{"embeddable":true,"href":"https:\/\/www.organisator.ch\/de\/wp-json\/wp\/v2\/comments?post=36060"}],"version-history":[{"count":4,"href":"https:\/\/www.organisator.ch\/de\/wp-json\/wp\/v2\/posts\/36060\/revisions"}],"predecessor-version":[{"id":36070,"href":"https:\/\/www.organisator.ch\/de\/wp-json\/wp\/v2\/posts\/36060\/revisions\/36070"}],"wp:attachment":[{"href":"https:\/\/www.organisator.ch\/de\/wp-json\/wp\/v2\/media?parent=36060"}],"wp:term":[{"taxonomy":"category","embeddable":true,"href":"https:\/\/www.organisator.ch\/de\/wp-json\/wp\/v2\/categories?post=36060"},{"taxonomy":"post_tag","embeddable":true,"href":"https:\/\/www.organisator.ch\/de\/wp-json\/wp\/v2\/tags?post=36060"}],"curies":[{"name":"wp","href":"https:\/\/api.w.org\/{rel}","templated":true}]}}