{"id":36100,"date":"2025-02-20T08:05:25","date_gmt":"2025-02-20T07:05:25","guid":{"rendered":"https:\/\/www.markt-kom.com\/?p=230759"},"modified":"2025-02-20T08:00:17","modified_gmt":"2025-02-20T07:00:17","slug":"xaver-award-wird-2025-erstmals-in-bern-ausgetragen","status":"publish","type":"post","link":"https:\/\/www.organisator.ch\/de\/marketing\/2025-02-20\/xaver-award-wird-2025-erstmals-in-bern-ausgetragen\/","title":{"rendered":"Xaver-Award wird 2025 erstmals in Bern ausgetragen"},"content":{"rendered":"<figure id=\"attachment_230760\" class=\"wp-caption aligncenter\" style=\"width: 1200px;\" aria-describedby=\"caption-attachment-230760\"><a href=\"https:\/\/www.markt-kom.com\/wp-content\/uploads\/2025\/02\/xaver-award-2024_0.jpg\"><img class=\"size-full wp-image-230760\" src=\"https:\/\/www.markt-kom.com\/wp-content\/uploads\/2025\/02\/xaver-award-2024_0.jpg\" sizes=\"(max-width: 1200px) 100vw, 1200px\" srcset=\"https:\/\/www.markt-kom.com\/wp-content\/uploads\/2025\/02\/xaver-award-2024_0.jpg 1200w, https:\/\/www.markt-kom.com\/wp-content\/uploads\/2025\/02\/xaver-award-2024_0-600x338.jpg 600w, https:\/\/www.markt-kom.com\/wp-content\/uploads\/2025\/02\/xaver-award-2024_0-1024x576.jpg 1024w, https:\/\/www.markt-kom.com\/wp-content\/uploads\/2025\/02\/xaver-award-2024_0-768x432.jpg 768w, https:\/\/www.markt-kom.com\/wp-content\/uploads\/2025\/02\/xaver-award-2024_0-18x10.jpg 18w, https:\/\/www.markt-kom.com\/wp-content\/uploads\/2025\/02\/xaver-award-2024_0-311x175.jpg 311w, https:\/\/www.markt-kom.com\/wp-content\/uploads\/2025\/02\/xaver-award-2024_0-622x350.jpg 622w, https:\/\/www.markt-kom.com\/wp-content\/uploads\/2025\/02\/xaver-award-2024_0-1000x563.jpg 1000w\" alt=\"\" width=\"1200\" height=\"675\" \/><\/a>\r\n<figcaption id=\"caption-attachment-230760\" class=\"wp-caption-text\">Impressionen des letztj\u00e4hrigen Xaver-Award, damals noch in Z\u00fcrich. (Bild: zVg.)<\/figcaption>\r\n<\/figure>\r\n<p>Am 9. September 2025 werden die innovativsten und \u00fcberragendsten Projekte der Schweizer LiveCom-Branche ausgezeichnet. Ziel ist es, die besten Live-Kommunikationsmassnahmen des vergangenen Jahres einer breiten \u00d6ffentlichkeit bekannt zu machen. Verliehen werden die Preise vom Branchenverband Swiss LiveCom Association Expo Event, der sich seit vielen Jahren mit grossem Engagement f\u00fcr die Anliegen der Branche einsetzt. Projekte einreichen k\u00f6nnen Eventagenturen, Messeunternehmen, Promotionsagenturen, Supplier, Messepl\u00e4tze, Locations und Sponsoringagenturen. Bis zum 17. M\u00e4rz gibt es noch spezielle Earlybird-Konditionen.<\/p>\r\n<p><strong>Weitere Kategorie und neue Jury-Mitglieder <\/strong><\/p>\r\n<p>Insgesamt werden Xaver-Awards in Gold, Silber oder Bronze in den acht Kategorien Best Corporate Event, Best Consumer \/ POS Event, Best Efficiency Project, Best Expo Project, Best Brandworlds &amp; Temporary Installations and Exhibitions, Best Public Event sowie Best Exhibition Stand vergeben.<\/p>\r\n<p>Bei der neuen Kategorie \u00abBest Exhibition Stand\u00bb steht der einzelne Messestand im Mittelpunkt: Sie pr\u00e4miert kreative und strategisch durchdachte L\u00f6sungen, die eine Marke oder ein Produkt auf kleiner Fl\u00e4che maximal wirken lassen. Dar\u00fcber hinaus w\u00e4hlt die Community im Rahmen eines Online-Votings den oder die Gewinner:in des Public Xaver. Ebenfalls vergeben wird der Lifetime Achievement Xaver-Award: Der oder die Preistr\u00e4ger:in wird im Vorfeld der Verleihung bekannt gegeben.<\/p>\r\n<p>Zur diesj\u00e4hrigen Jury geh\u00f6ren Pr\u00e4sident Dany Waldner von Waldner Partner, Andrea Meier von Swisscom, Nadine Imboden und Maximilian Souchay von Live Lab. Neu dabei sind C\u00e9dric Schlosser von MYI Entertainment und Iwan Funk von Bellprat Partner. \u00abC\u00e9dric Schlosser und Iwan Funk werden uns mit ihrer Expertise hinsichtlich digitaler Aktivierung und Gamification wertvolle Insights bringen\u00bb, erkl\u00e4rt Dany Waldner. Nicht mehr dabei sind Mauro Testerini und Norbert Egli. Juriert wird am 3. und 4. Juni 2025 im Hallenstadion.<\/p>\r\n<p><strong>Grosse B\u00fchne f\u00fcr den Xaver <\/strong><\/p>\r\n<p>Die Preisverleihung findet heuer erstmals in der neuen Festhalle auf dem Areal der Bernexpo in Bern statt. Diese wird am 25. April 2025 im Rahmen der Fr\u00fchlingsmesse BEA er\u00f6ffnet und l\u00e4utet in der Bundesstadt ein neues Event-Zeitalter ein. \u00abNachdem wir den Xaver-Award rund zwei Jahrzehnte lang in Z\u00fcrich ausgetragen haben, freuen wir uns sehr auf diesen Wechsel nach Bern, mit dem wir auch unsere N\u00e4he zur Westschweiz verst\u00e4rken. Es ist uns eine Ehre, als einer der ersten Events in der neuen Festhalle zu Gast zu sein, schliesslich profitiert von der Strahlkraft dieser beeindruckenden Event-Plattform nicht nur Bern, sondern die ganze Schweizer Event-Branche\u00bb, erkl\u00e4rt Expo-Event-Pr\u00e4sident Christian K\u00fcnzli.<\/p>","protected":false},"excerpt":{"rendered":"<p>Neuer Ort, neue Kategorie, neue Jury-Mitglieder: Beim diesj\u00e4hrigen Xaver-Award vom 9. September 2025 wird einiges anders. Die Preisverleihung findet erstmals in Bern in der neuen Festhalle statt. Die Einreichefrist l\u00e4uft noch bis Ende April 2025.<\/p>\n","protected":false},"author":8,"featured_media":0,"comment_status":"closed","ping_status":"closed","sticky":false,"template":"","format":"standard","meta":{"_acf_changed":false,"_yoast_wpseo_focuskw":"Xaver-Award 2025","_yoast_wpseo_metadesc":"Der Xaver-Award 2025 bringt Neuerungen: neue Location in Bern, neue Kategorie & Jury. Jetzt Projekte einreichen & Earlybird nutzen!","articlekey":"","footnotes":""},"categories":[29],"tags":[66,3357,4402],"class_list":["post-36100","post","type-post","status-publish","format-standard","hentry","category-marketing","tag-awards","tag-live-kommunikation","tag-xaver"],"acf":[],"yoast_head":"<!-- This site is optimized with the Yoast SEO plugin v27.5 - https:\/\/yoast.com\/product\/yoast-seo-wordpress\/ -->\n<title>Xaver-Award wird 2025 erstmals in Bern ausgetragen - Organisator<\/title>\n<meta name=\"description\" content=\"Der Xaver-Award 2025 bringt Neuerungen: neue Location in Bern, neue Kategorie &amp; Jury. Jetzt Projekte einreichen &amp; Earlybird nutzen!\" \/>\n<meta name=\"robots\" content=\"index, follow, max-snippet:-1, max-image-preview:large, max-video-preview:-1\" \/>\n<link rel=\"canonical\" href=\"https:\/\/www.organisator.ch\/de\/marketing\/2025-02-20\/xaver-award-wird-2025-erstmals-in-bern-ausgetragen\/\" \/>\n<meta property=\"og:locale\" content=\"de_DE\" \/>\n<meta property=\"og:type\" content=\"article\" \/>\n<meta property=\"og:title\" content=\"Xaver-Award wird 2025 erstmals in Bern ausgetragen - Organisator\" \/>\n<meta property=\"og:description\" content=\"Der Xaver-Award 2025 bringt Neuerungen: neue Location in Bern, neue Kategorie &amp; Jury. Jetzt Projekte einreichen &amp; Earlybird nutzen!\" \/>\n<meta property=\"og:url\" content=\"https:\/\/www.organisator.ch\/de\/marketing\/2025-02-20\/xaver-award-wird-2025-erstmals-in-bern-ausgetragen\/\" \/>\n<meta property=\"og:site_name\" content=\"Organisator\" \/>\n<meta property=\"article:publisher\" content=\"https:\/\/www.facebook.com\/OrganisatorFachmagazin\" \/>\n<meta property=\"article:published_time\" content=\"2025-02-20T07:05:25+00:00\" \/>\n<meta name=\"author\" content=\"galledia\" \/>\n<meta name=\"twitter:card\" content=\"summary_large_image\" \/>\n<meta name=\"twitter:creator\" content=\"@admin\" \/>\n<script type=\"application\/ld+json\" class=\"yoast-schema-graph\">{\"@context\":\"https:\\\/\\\/schema.org\",\"@graph\":[{\"@type\":\"Article\",\"@id\":\"https:\\\/\\\/www.organisator.ch\\\/marketing\\\/2025-02-20\\\/xaver-award-wird-2025-erstmals-in-bern-ausgetragen\\\/#article\",\"isPartOf\":{\"@id\":\"https:\\\/\\\/www.organisator.ch\\\/marketing\\\/2025-02-20\\\/xaver-award-wird-2025-erstmals-in-bern-ausgetragen\\\/\"},\"author\":{\"name\":\"galledia\",\"@id\":\"https:\\\/\\\/www.organisator.ch\\\/#\\\/schema\\\/person\\\/4e51799071cd2dd1232ac003643ef5f0\"},\"headline\":\"Xaver-Award wird 2025 erstmals in Bern ausgetragen\",\"datePublished\":\"2025-02-20T07:05:25+00:00\",\"mainEntityOfPage\":{\"@id\":\"https:\\\/\\\/www.organisator.ch\\\/marketing\\\/2025-02-20\\\/xaver-award-wird-2025-erstmals-in-bern-ausgetragen\\\/\"},\"wordCount\":411,\"publisher\":{\"@id\":\"https:\\\/\\\/www.organisator.ch\\\/#organization\"},\"image\":{\"@id\":\"https:\\\/\\\/www.organisator.ch\\\/marketing\\\/2025-02-20\\\/xaver-award-wird-2025-erstmals-in-bern-ausgetragen\\\/#primaryimage\"},\"thumbnailUrl\":\"https:\\\/\\\/www.markt-kom.com\\\/wp-content\\\/uploads\\\/2025\\\/02\\\/xaver-award-2024_0.jpg\",\"keywords\":[\"Awards\",\"Live-Kommunikation\",\"Xaver\"],\"articleSection\":[\"MARKETING\"],\"inLanguage\":\"de\"},{\"@type\":\"WebPage\",\"@id\":\"https:\\\/\\\/www.organisator.ch\\\/marketing\\\/2025-02-20\\\/xaver-award-wird-2025-erstmals-in-bern-ausgetragen\\\/\",\"url\":\"https:\\\/\\\/www.organisator.ch\\\/marketing\\\/2025-02-20\\\/xaver-award-wird-2025-erstmals-in-bern-ausgetragen\\\/\",\"name\":\"Xaver-Award wird 2025 erstmals in Bern ausgetragen - Organisator\",\"isPartOf\":{\"@id\":\"https:\\\/\\\/www.organisator.ch\\\/#website\"},\"primaryImageOfPage\":{\"@id\":\"https:\\\/\\\/www.organisator.ch\\\/marketing\\\/2025-02-20\\\/xaver-award-wird-2025-erstmals-in-bern-ausgetragen\\\/#primaryimage\"},\"image\":{\"@id\":\"https:\\\/\\\/www.organisator.ch\\\/marketing\\\/2025-02-20\\\/xaver-award-wird-2025-erstmals-in-bern-ausgetragen\\\/#primaryimage\"},\"thumbnailUrl\":\"https:\\\/\\\/www.markt-kom.com\\\/wp-content\\\/uploads\\\/2025\\\/02\\\/xaver-award-2024_0.jpg\",\"datePublished\":\"2025-02-20T07:05:25+00:00\",\"description\":\"Der Xaver-Award 2025 bringt Neuerungen: neue Location in Bern, neue Kategorie & Jury. Jetzt Projekte einreichen & Earlybird nutzen!\",\"breadcrumb\":{\"@id\":\"https:\\\/\\\/www.organisator.ch\\\/marketing\\\/2025-02-20\\\/xaver-award-wird-2025-erstmals-in-bern-ausgetragen\\\/#breadcrumb\"},\"inLanguage\":\"de\",\"potentialAction\":[{\"@type\":\"ReadAction\",\"target\":[\"https:\\\/\\\/www.organisator.ch\\\/marketing\\\/2025-02-20\\\/xaver-award-wird-2025-erstmals-in-bern-ausgetragen\\\/\"]}]},{\"@type\":\"ImageObject\",\"inLanguage\":\"de\",\"@id\":\"https:\\\/\\\/www.organisator.ch\\\/marketing\\\/2025-02-20\\\/xaver-award-wird-2025-erstmals-in-bern-ausgetragen\\\/#primaryimage\",\"url\":\"https:\\\/\\\/www.markt-kom.com\\\/wp-content\\\/uploads\\\/2025\\\/02\\\/xaver-award-2024_0.jpg\",\"contentUrl\":\"https:\\\/\\\/www.markt-kom.com\\\/wp-content\\\/uploads\\\/2025\\\/02\\\/xaver-award-2024_0.jpg\"},{\"@type\":\"BreadcrumbList\",\"@id\":\"https:\\\/\\\/www.organisator.ch\\\/marketing\\\/2025-02-20\\\/xaver-award-wird-2025-erstmals-in-bern-ausgetragen\\\/#breadcrumb\",\"itemListElement\":[{\"@type\":\"ListItem\",\"position\":1,\"name\":\"Home\",\"item\":\"https:\\\/\\\/www.organisator.ch\\\/\"},{\"@type\":\"ListItem\",\"position\":2,\"name\":\"Xaver-Award wird 2025 erstmals in Bern ausgetragen\"}]},{\"@type\":\"WebSite\",\"@id\":\"https:\\\/\\\/www.organisator.ch\\\/#website\",\"url\":\"https:\\\/\\\/www.organisator.ch\\\/\",\"name\":\"Organisator\",\"description\":\"Kompetent. Praxisnah. Der ORGANISATOR bereitet in 10 Ausgaben pro Jahr die wesentlichen Themen f\u00fcr F\u00fchrungskr\u00e4fte von KMU auf.\",\"publisher\":{\"@id\":\"https:\\\/\\\/www.organisator.ch\\\/#organization\"},\"potentialAction\":[{\"@type\":\"SearchAction\",\"target\":{\"@type\":\"EntryPoint\",\"urlTemplate\":\"https:\\\/\\\/www.organisator.ch\\\/?s={search_term_string}\"},\"query-input\":{\"@type\":\"PropertyValueSpecification\",\"valueRequired\":true,\"valueName\":\"search_term_string\"}}],\"inLanguage\":\"de\"},{\"@type\":\"Organization\",\"@id\":\"https:\\\/\\\/www.organisator.ch\\\/#organization\",\"name\":\"Organisator\",\"url\":\"https:\\\/\\\/www.organisator.ch\\\/\",\"logo\":{\"@type\":\"ImageObject\",\"inLanguage\":\"de\",\"@id\":\"https:\\\/\\\/www.organisator.ch\\\/#\\\/schema\\\/logo\\\/image\\\/\",\"url\":\"https:\\\/\\\/www.organisator.ch\\\/wp-content\\\/uploads\\\/2022\\\/01\\\/Logo_Organisator_Website.png\",\"contentUrl\":\"https:\\\/\\\/www.organisator.ch\\\/wp-content\\\/uploads\\\/2022\\\/01\\\/Logo_Organisator_Website.png\",\"width\":800,\"height\":77,\"caption\":\"Organisator\"},\"image\":{\"@id\":\"https:\\\/\\\/www.organisator.ch\\\/#\\\/schema\\\/logo\\\/image\\\/\"},\"sameAs\":[\"https:\\\/\\\/www.facebook.com\\\/OrganisatorFachmagazin\",\"https:\\\/\\\/www.linkedin.com\\\/showcase\\\/organisator-das-magazin-fr-kmu\",\"https:\\\/\\\/www.xing.com\\\/news\\\/pages\\\/organisator-ch-695\",\"https:\\\/\\\/www.youtube.com\\\/channel\\\/UCGP2Sq0iWaZwT3BdIAQFYpw\"]},{\"@type\":\"Person\",\"@id\":\"https:\\\/\\\/www.organisator.ch\\\/#\\\/schema\\\/person\\\/4e51799071cd2dd1232ac003643ef5f0\",\"name\":\"galledia\",\"image\":{\"@type\":\"ImageObject\",\"inLanguage\":\"de\",\"@id\":\"https:\\\/\\\/secure.gravatar.com\\\/avatar\\\/78a7f90c01fc2bfc875782a0d4922b37cde2cf184ce347b91316d23cd7f69a36?s=96&d=mm&r=g\",\"url\":\"https:\\\/\\\/secure.gravatar.com\\\/avatar\\\/78a7f90c01fc2bfc875782a0d4922b37cde2cf184ce347b91316d23cd7f69a36?s=96&d=mm&r=g\",\"contentUrl\":\"https:\\\/\\\/secure.gravatar.com\\\/avatar\\\/78a7f90c01fc2bfc875782a0d4922b37cde2cf184ce347b91316d23cd7f69a36?s=96&d=mm&r=g\",\"caption\":\"galledia\"},\"sameAs\":[\"https:\\\/\\\/x.com\\\/admin\"],\"url\":\"https:\\\/\\\/www.organisator.ch\\\/de\\\/author\\\/galledia\\\/\"}]}<\/script>\n<!-- \/ Yoast SEO plugin. -->","yoast_head_json":{"title":"Xaver-Award wird 2025 erstmals in Bern ausgetragen - Organisator","description":"Der Xaver-Award 2025 bringt Neuerungen: neue Location in Bern, neue Kategorie & Jury. Jetzt Projekte einreichen & Earlybird nutzen!","robots":{"index":"index","follow":"follow","max-snippet":"max-snippet:-1","max-image-preview":"max-image-preview:large","max-video-preview":"max-video-preview:-1"},"canonical":"https:\/\/www.organisator.ch\/de\/marketing\/2025-02-20\/xaver-award-wird-2025-erstmals-in-bern-ausgetragen\/","og_locale":"de_DE","og_type":"article","og_title":"Xaver-Award wird 2025 erstmals in Bern ausgetragen - Organisator","og_description":"Der Xaver-Award 2025 bringt Neuerungen: neue Location in Bern, neue Kategorie & Jury. Jetzt Projekte einreichen & Earlybird nutzen!","og_url":"https:\/\/www.organisator.ch\/de\/marketing\/2025-02-20\/xaver-award-wird-2025-erstmals-in-bern-ausgetragen\/","og_site_name":"Organisator","article_publisher":"https:\/\/www.facebook.com\/OrganisatorFachmagazin","article_published_time":"2025-02-20T07:05:25+00:00","author":"galledia","twitter_card":"summary_large_image","twitter_creator":"@admin","schema":{"@context":"https:\/\/schema.org","@graph":[{"@type":"Article","@id":"https:\/\/www.organisator.ch\/marketing\/2025-02-20\/xaver-award-wird-2025-erstmals-in-bern-ausgetragen\/#article","isPartOf":{"@id":"https:\/\/www.organisator.ch\/marketing\/2025-02-20\/xaver-award-wird-2025-erstmals-in-bern-ausgetragen\/"},"author":{"name":"galledia","@id":"https:\/\/www.organisator.ch\/#\/schema\/person\/4e51799071cd2dd1232ac003643ef5f0"},"headline":"Xaver-Award wird 2025 erstmals in Bern ausgetragen","datePublished":"2025-02-20T07:05:25+00:00","mainEntityOfPage":{"@id":"https:\/\/www.organisator.ch\/marketing\/2025-02-20\/xaver-award-wird-2025-erstmals-in-bern-ausgetragen\/"},"wordCount":411,"publisher":{"@id":"https:\/\/www.organisator.ch\/#organization"},"image":{"@id":"https:\/\/www.organisator.ch\/marketing\/2025-02-20\/xaver-award-wird-2025-erstmals-in-bern-ausgetragen\/#primaryimage"},"thumbnailUrl":"https:\/\/www.markt-kom.com\/wp-content\/uploads\/2025\/02\/xaver-award-2024_0.jpg","keywords":["Awards","Live-Kommunikation","Xaver"],"articleSection":["MARKETING"],"inLanguage":"de"},{"@type":"WebPage","@id":"https:\/\/www.organisator.ch\/marketing\/2025-02-20\/xaver-award-wird-2025-erstmals-in-bern-ausgetragen\/","url":"https:\/\/www.organisator.ch\/marketing\/2025-02-20\/xaver-award-wird-2025-erstmals-in-bern-ausgetragen\/","name":"Xaver-Award wird 2025 erstmals in Bern ausgetragen - Organisator","isPartOf":{"@id":"https:\/\/www.organisator.ch\/#website"},"primaryImageOfPage":{"@id":"https:\/\/www.organisator.ch\/marketing\/2025-02-20\/xaver-award-wird-2025-erstmals-in-bern-ausgetragen\/#primaryimage"},"image":{"@id":"https:\/\/www.organisator.ch\/marketing\/2025-02-20\/xaver-award-wird-2025-erstmals-in-bern-ausgetragen\/#primaryimage"},"thumbnailUrl":"https:\/\/www.markt-kom.com\/wp-content\/uploads\/2025\/02\/xaver-award-2024_0.jpg","datePublished":"2025-02-20T07:05:25+00:00","description":"Der Xaver-Award 2025 bringt Neuerungen: neue Location in Bern, neue Kategorie & Jury. Jetzt Projekte einreichen & Earlybird nutzen!","breadcrumb":{"@id":"https:\/\/www.organisator.ch\/marketing\/2025-02-20\/xaver-award-wird-2025-erstmals-in-bern-ausgetragen\/#breadcrumb"},"inLanguage":"de","potentialAction":[{"@type":"ReadAction","target":["https:\/\/www.organisator.ch\/marketing\/2025-02-20\/xaver-award-wird-2025-erstmals-in-bern-ausgetragen\/"]}]},{"@type":"ImageObject","inLanguage":"de","@id":"https:\/\/www.organisator.ch\/marketing\/2025-02-20\/xaver-award-wird-2025-erstmals-in-bern-ausgetragen\/#primaryimage","url":"https:\/\/www.markt-kom.com\/wp-content\/uploads\/2025\/02\/xaver-award-2024_0.jpg","contentUrl":"https:\/\/www.markt-kom.com\/wp-content\/uploads\/2025\/02\/xaver-award-2024_0.jpg"},{"@type":"BreadcrumbList","@id":"https:\/\/www.organisator.ch\/marketing\/2025-02-20\/xaver-award-wird-2025-erstmals-in-bern-ausgetragen\/#breadcrumb","itemListElement":[{"@type":"ListItem","position":1,"name":"Home","item":"https:\/\/www.organisator.ch\/"},{"@type":"ListItem","position":2,"name":"Xaver-Award wird 2025 erstmals in Bern ausgetragen"}]},{"@type":"WebSite","@id":"https:\/\/www.organisator.ch\/#website","url":"https:\/\/www.organisator.ch\/","name":"Organisator","description":"Kompetent. Praxisnah. Der ORGANISATOR bereitet in 10 Ausgaben pro Jahr die wesentlichen Themen f\u00fcr F\u00fchrungskr\u00e4fte von KMU auf.","publisher":{"@id":"https:\/\/www.organisator.ch\/#organization"},"potentialAction":[{"@type":"SearchAction","target":{"@type":"EntryPoint","urlTemplate":"https:\/\/www.organisator.ch\/?s={search_term_string}"},"query-input":{"@type":"PropertyValueSpecification","valueRequired":true,"valueName":"search_term_string"}}],"inLanguage":"de"},{"@type":"Organization","@id":"https:\/\/www.organisator.ch\/#organization","name":"Organisator","url":"https:\/\/www.organisator.ch\/","logo":{"@type":"ImageObject","inLanguage":"de","@id":"https:\/\/www.organisator.ch\/#\/schema\/logo\/image\/","url":"https:\/\/www.organisator.ch\/wp-content\/uploads\/2022\/01\/Logo_Organisator_Website.png","contentUrl":"https:\/\/www.organisator.ch\/wp-content\/uploads\/2022\/01\/Logo_Organisator_Website.png","width":800,"height":77,"caption":"Organisator"},"image":{"@id":"https:\/\/www.organisator.ch\/#\/schema\/logo\/image\/"},"sameAs":["https:\/\/www.facebook.com\/OrganisatorFachmagazin","https:\/\/www.linkedin.com\/showcase\/organisator-das-magazin-fr-kmu","https:\/\/www.xing.com\/news\/pages\/organisator-ch-695","https:\/\/www.youtube.com\/channel\/UCGP2Sq0iWaZwT3BdIAQFYpw"]},{"@type":"Person","@id":"https:\/\/www.organisator.ch\/#\/schema\/person\/4e51799071cd2dd1232ac003643ef5f0","name":"galledia","image":{"@type":"ImageObject","inLanguage":"de","@id":"https:\/\/secure.gravatar.com\/avatar\/78a7f90c01fc2bfc875782a0d4922b37cde2cf184ce347b91316d23cd7f69a36?s=96&d=mm&r=g","url":"https:\/\/secure.gravatar.com\/avatar\/78a7f90c01fc2bfc875782a0d4922b37cde2cf184ce347b91316d23cd7f69a36?s=96&d=mm&r=g","contentUrl":"https:\/\/secure.gravatar.com\/avatar\/78a7f90c01fc2bfc875782a0d4922b37cde2cf184ce347b91316d23cd7f69a36?s=96&d=mm&r=g","caption":"galledia"},"sameAs":["https:\/\/x.com\/admin"],"url":"https:\/\/www.organisator.ch\/de\/author\/galledia\/"}]}},"_links":{"self":[{"href":"https:\/\/www.organisator.ch\/de\/wp-json\/wp\/v2\/posts\/36100","targetHints":{"allow":["GET"]}}],"collection":[{"href":"https:\/\/www.organisator.ch\/de\/wp-json\/wp\/v2\/posts"}],"about":[{"href":"https:\/\/www.organisator.ch\/de\/wp-json\/wp\/v2\/types\/post"}],"author":[{"embeddable":true,"href":"https:\/\/www.organisator.ch\/de\/wp-json\/wp\/v2\/users\/8"}],"replies":[{"embeddable":true,"href":"https:\/\/www.organisator.ch\/de\/wp-json\/wp\/v2\/comments?post=36100"}],"version-history":[{"count":3,"href":"https:\/\/www.organisator.ch\/de\/wp-json\/wp\/v2\/posts\/36100\/revisions"}],"predecessor-version":[{"id":36216,"href":"https:\/\/www.organisator.ch\/de\/wp-json\/wp\/v2\/posts\/36100\/revisions\/36216"}],"wp:attachment":[{"href":"https:\/\/www.organisator.ch\/de\/wp-json\/wp\/v2\/media?parent=36100"}],"wp:term":[{"taxonomy":"category","embeddable":true,"href":"https:\/\/www.organisator.ch\/de\/wp-json\/wp\/v2\/categories?post=36100"},{"taxonomy":"post_tag","embeddable":true,"href":"https:\/\/www.organisator.ch\/de\/wp-json\/wp\/v2\/tags?post=36100"}],"curies":[{"name":"wp","href":"https:\/\/api.w.org\/{rel}","templated":true}]}}