{"id":36109,"date":"2025-02-20T08:45:16","date_gmt":"2025-02-20T07:45:16","guid":{"rendered":"https:\/\/www.markt-kom.com\/?p=229573"},"modified":"2025-02-20T08:06:18","modified_gmt":"2025-02-20T07:06:18","slug":"werber-des-jahres-2025-das-sind-die-nominierten","status":"publish","type":"post","link":"https:\/\/www.organisator.ch\/de\/marketing\/2025-02-20\/werber-des-jahres-2025-das-sind-die-nominierten\/","title":{"rendered":"\u00abWerber des Jahres\u00bb 2025: Das sind die Nominierten"},"content":{"rendered":"<figure id=\"attachment_229962\" class=\"wp-caption aligncenter\" style=\"width: 1200px;\" aria-describedby=\"caption-attachment-229962\"><a href=\"https:\/\/www.markt-kom.com\/wp-content\/uploads\/2025\/02\/Bild-WdJ-Nominierte-2025.png\"><img class=\"size-full wp-image-229962\" src=\"https:\/\/www.markt-kom.com\/wp-content\/uploads\/2025\/02\/Bild-WdJ-Nominierte-2025.png\" sizes=\"(max-width: 1200px) 100vw, 1200px\" srcset=\"https:\/\/www.markt-kom.com\/wp-content\/uploads\/2025\/02\/Bild-WdJ-Nominierte-2025.png 1200w, https:\/\/www.markt-kom.com\/wp-content\/uploads\/2025\/02\/Bild-WdJ-Nominierte-2025-600x450.png 600w, https:\/\/www.markt-kom.com\/wp-content\/uploads\/2025\/02\/Bild-WdJ-Nominierte-2025-1024x768.png 1024w, https:\/\/www.markt-kom.com\/wp-content\/uploads\/2025\/02\/Bild-WdJ-Nominierte-2025-768x576.png 768w, https:\/\/www.markt-kom.com\/wp-content\/uploads\/2025\/02\/Bild-WdJ-Nominierte-2025-16x12.png 16w, https:\/\/www.markt-kom.com\/wp-content\/uploads\/2025\/02\/Bild-WdJ-Nominierte-2025-233x175.png 233w, https:\/\/www.markt-kom.com\/wp-content\/uploads\/2025\/02\/Bild-WdJ-Nominierte-2025-467x350.png 467w, https:\/\/www.markt-kom.com\/wp-content\/uploads\/2025\/02\/Bild-WdJ-Nominierte-2025-1000x750.png 1000w\" alt=\"\" width=\"1200\" height=\"900\" \/><\/a>\r\n<figcaption id=\"caption-attachment-229962\" class=\"wp-caption-text\">Nominiert f\u00fcr den Titel \u00abWerber des Jahres\u00bb 2025: Gordon Nemitz, Lorenz Clormann und Philipp Skrabal (v.l.n.r.).<\/figcaption>\r\n<\/figure>\r\n<p><strong>Das Wichtigste in K\u00fcrze:<\/strong><\/p>\r\n<ul>\r\n\t<li>Nominiert zum \u00abWerber des Jahres\u00bb 2025 sind:\r\n\r\n<ul>\r\n\t<li><a href=\"https:\/\/www.markt-kom.com\/markom\/awards\/nominiert-zum-werber-des-jahres-2025-gordon-nemitz\/\" rel=\"noopener\">Gordon Nemitz, Head of Strategy bei Thjnk Z\u00fcrich<\/a><\/li>\r\n\t<li><a href=\"https:\/\/www.markt-kom.com\/markom\/awards\/nominiert-zum-werber-des-jahres-2025-lorenz-clormann\/\" rel=\"noopener\">Lorenz Clormann, Executive Creative Director bei Wirz<\/a><\/li>\r\n\t<li><a href=\"https:\/\/www.markt-kom.com\/markom\/awards\/nominiert-zum-werber-des-jahres-2025-philipp-skrabal\/\" rel=\"noopener\">Philipp Skrabal, Chief Creative Officer, Partner und Team-Member des Management-Boards bei Team Farner<\/a><\/li>\r\n<\/ul>\r\n<\/li>\r\n\t<li>Die Abonnent:innen des <em>m&amp;k<\/em>-Schweiz-Newsletters und die \u00abWerber:in des Jahres\u00bb-Jury bestimmen zu jeweils 50 Prozent mit, wer zum \u00abWerber des Jahres\u00bb 2025 gek\u00fcrt wird.<\/li>\r\n\t<li>Die Onlinewahl\u00a0<strong>startet am Montag, 24. Februar 2025 und endet am 28. Februar 2025 um 23:59<\/strong>. Am Online-Voting ist teilnahmeberechtigt, wer sp\u00e4testens seit dem 20. Januar 2025 f\u00fcr den kostenlosen <em>m&amp;k<\/em>-Newsletter angemeldet ist und den Newsletter in dieser Zeitspanne erh\u00e4lt.<\/li>\r\n\t<li>Pro Newsletter-Abonnent:in wird jeweils\u00a0<em>eine<\/em>\u00a0Stimme gez\u00e4hlt. Auch das Weiterleiten des eigenen Newsletters an weitere Personen funktioniert nicht: Jede:r Voter:in muss den Newsletter mit einer eigenen E-Mail-Adresse abonniert haben.<\/li>\r\n\t<li>Die Award-Night findet 20. M\u00e4rz 2025 im Razzia Z\u00fcrich statt.<\/li>\r\n<\/ul>\r\n<p><img class=\"aligncenter size-full wp-image-193595\" src=\"https:\/\/www.markt-kom.com\/wp-content\/uploads\/2023\/02\/wdj-nominiert.jpg\" sizes=\"(max-width: 1200px) 100vw, 1200px\" srcset=\"https:\/\/www.markt-kom.com\/wp-content\/uploads\/2023\/02\/wdj-nominiert.jpg 1200w, https:\/\/www.markt-kom.com\/wp-content\/uploads\/2023\/02\/wdj-nominiert-600x305.jpg 600w, https:\/\/www.markt-kom.com\/wp-content\/uploads\/2023\/02\/wdj-nominiert-1024x521.jpg 1024w, https:\/\/www.markt-kom.com\/wp-content\/uploads\/2023\/02\/wdj-nominiert-768x390.jpg 768w, https:\/\/www.markt-kom.com\/wp-content\/uploads\/2023\/02\/wdj-nominiert-18x9.jpg 18w, https:\/\/www.markt-kom.com\/wp-content\/uploads\/2023\/02\/wdj-nominiert-344x175.jpg 344w, https:\/\/www.markt-kom.com\/wp-content\/uploads\/2023\/02\/wdj-nominiert-689x350.jpg 689w, https:\/\/www.markt-kom.com\/wp-content\/uploads\/2023\/02\/wdj-nominiert-1000x508.jpg 1000w\" alt=\"\" width=\"1200\" height=\"610\" \/><\/p>\r\n<p>Im Dezember 2024 wurde die <em>m&amp;k<\/em>-Community aufgerufen, verschiedene Branchenk\u00f6pfe f\u00fcr die Nominierung zum\/zur \u00abWerber:in des Jahres\u00bb 2025 vorzuschlagen. Basierend auf dieser Liste hat die <a href=\"https:\/\/www.markt-kom.com\/de\/markom\/awards\/werberin-des-jahres-2025-jury-waehlt-dreierticket\/\" rel=\"noopener\">Fachjury daraufhin in einer spannenden Diskussion<\/a> drei hochkar\u00e4tige Pers\u00f6nlichkeiten ausgew\u00e4hlt: <strong>Gordon Nemitz<\/strong>, Head of Strategy bei Thjnk Z\u00fcrich, <strong>Lorenz Clormann<\/strong>, Executive Creative Director bei Wirz, und <strong>Philipp Skrabal<\/strong>, Chief Creative Officer, Partner und Team des Management-Boards bei Team Farner, steigen ins Rennen um den begehrten Titel \u00abWerber des Jahres\u00bb 2025 ein.<\/p>\r\n<p>\u00dcber Probleme nachzudenken ist seine St\u00e4rke. Seit 2018 ist <strong>Gordon Nemitz<\/strong> bei Thjnk Z\u00fcrich t\u00e4tig. Er ist Gesch\u00e4ftsf\u00fchrer Strategie und Mitinhaber der Agentur. Sein Weg f\u00fchrte ihn von Jung von Matt Hamburg \u00fcber TBWA D\u00fcsseldorf, Wirz\/BBDO Z\u00fcrich, zu Thjnk Z\u00fcrich. Seit 2023 ist er auch Chief Strategy Officer von Thjnk Germany. Seine F\u00e4higkeit, komplexe Zusammenh\u00e4nge verst\u00e4ndlich zu machen, gepaart mit einer kritischen, aber optimistischen Haltung gegen\u00fcber Ver\u00e4nderungen, macht ihn zu einer der pr\u00e4genden Stimmen der Branche.<\/p>\r\n<p><strong>Lorenz Clormann<\/strong> liebt grosse Ideen und versteht es, sie \u00fcberzeugend zu verkaufen \u2013 was er auch gerne mal bei einer opulenten Parfum-Kampagne machen w\u00fcrde. Mit seinem Gesp\u00fcr f\u00fcr 360-Grad-Konzepte, seinem Engagement f\u00fcr die Zukunft der Branche und einem unersch\u00fctterlichen Sinn f\u00fcr Kalauer bringt er frischen Wind in die Werbewelt. Seit 2020 ist Clormann Executive Creative Director und Partner bei der Wirz Group Z\u00fcrich. Sein Weg f\u00fchrte ihn von Weber, Hodel, Schmid Z\u00fcrich \u00fcber Scholz&amp;Friends Berlin, Ruf Lanz Z\u00fcrich, Jung von Matt Schweiz, Publicis Z\u00fcrich, zur\u00fcck zu Jung von Matt Schweiz zu seiner heutigen Wirkungsst\u00e4tte.<\/p>\r\n<p>Seit \u00fcber einem Jahrzehnt ist <strong>Philipp Skrabal<\/strong> bei Team Farner t\u00e4tig und zeichnet dort als Partner und Chief Creative Officer verantwortlich. Er versteht Kommunikation als m\u00e4chtiges Werkzeug und will der Branche mehr Selbstbewusstsein verleihen. Vor Farner wirkte Skrabal bei Wirz, Advico Young &amp; Rubicam, Publicis und Matter &amp; Partner. Er ist ADC-Vizepr\u00e4sident, Schulrat der Ad School, Member des ADC Europe und Member des Creative Club Austria CCA. 2025 ist er bereits das vierte Mal f\u00fcr den Titel \u00abWerber des Jahres\u00bb nominiert.<\/p>\r\n<p><strong>In<\/strong>\u00a0<strong>vertiefenden Interview stellen wir Ihnen die drei Nominierten n\u00e4her vor:<\/strong><\/p>\r\n<ul>\r\n\t<li><a href=\"https:\/\/www.markt-kom.com\/markom\/awards\/nominiert-zum-werber-des-jahres-2025-gordon-nemitz\/\" rel=\"noopener\">Interview mit Gordon Nemitz<\/a><\/li>\r\n\t<li><a href=\"https:\/\/www.markt-kom.com\/markom\/awards\/nominiert-zum-werber-des-jahres-2025-lorenz-clormann\/\" rel=\"noopener\">Interview mit Lorenz Clormann<\/a><\/li>\r\n\t<li><a href=\"https:\/\/www.markt-kom.com\/markom\/awards\/nominiert-zum-werber-des-jahres-2025-philipp-skrabal\/\" rel=\"noopener\">Interview mit Philipp Skrabal<\/a><\/li>\r\n<\/ul>\r\n<h3>Voting startet am 24. Februar 2025<\/h3>\r\n<p>Wer letztendlich \u00abWerber des Jahres\u00bb 2025 werden soll, wird wie gehabt per Voting entschieden. Die Jury hat 50 Prozent Stimmrecht, die anderen 50 Prozent werden im altbekannten Newsletter-Voting ermittelt. <strong>Teilnahmeberechtigt ist, wer den <a href=\"https:\/\/www.markt-kom.com\/de\/newsletter\/\">kostenlosen <em>m&amp;k<\/em>-Schweiz-Newsletter<\/a> mit einer eigenen E-Mail-Adresse abonniert hat und sp\u00e4testens seit dem 20. Januar 2025 angemeldet ist<\/strong>. Es werden lediglich diejenigen Stimmen gez\u00e4hlt, die diese Anforderung erf\u00fcllen. Wer mehrmals abstimmt, erh\u00e4lt nur die jeweils neuste Stimme gez\u00e4hlt. Die Newsletterwahl l\u00e4uft ab Montag 24. Februar bis Freitag 28. Februar 2025 um Mitternacht.<\/p>\r\n<h3>Award-Night im Z\u00fcrcher Razzia<\/h3>\r\n<p>Seit 2021 findet der \u00abWerber:in des Jahres\u00bb-Award wieder als eigenst\u00e4ndiger Event statt. Wie bereits im vergangenen Jahr wird der diesj\u00e4hrige Preistr\u00e4ger am 20. M\u00e4rz 2025 im Rahmen einer Award-Night im Restaurant Razzia im Z\u00fcrcher Seefeld gek\u00fcrt.<\/p>","protected":false},"excerpt":{"rendered":"<p>Gordon Nemitz, Lorenz Clormann und Philipp Skrabal wurden von der Community und der Fachjury f\u00fcr den Titel \u00abWerber des Jahres\u00bb 2025 nominiert. Das Newsletter-Voting startet am Montag, 24. Februar 2025.<\/p>\n","protected":false},"author":8,"featured_media":0,"comment_status":"closed","ping_status":"closed","sticky":false,"template":"","format":"standard","meta":{"_acf_changed":false,"_yoast_wpseo_focuskw":"Werber des Jahres 2025","_yoast_wpseo_metadesc":"Drei Top-Kreative sind f\u00fcr den Titel \u00abWerber des Jahres\u00bb 2025 nominiert. Das Voting startet am 24. Februar \u2013 jetzt Newsletter abonnieren!","articlekey":"","footnotes":""},"categories":[29],"tags":[66,4922],"class_list":["post-36109","post","type-post","status-publish","format-standard","hentry","category-marketing","tag-awards","tag-werberin-des-jahres"],"acf":[],"yoast_head":"<!-- This site is optimized with the Yoast SEO plugin v27.5 - https:\/\/yoast.com\/product\/yoast-seo-wordpress\/ -->\n<title>\u00abWerber des Jahres\u00bb 2025: Das sind die Nominierten - Organisator<\/title>\n<meta name=\"description\" content=\"Drei Top-Kreative sind f\u00fcr den Titel \u00abWerber des Jahres\u00bb 2025 nominiert. Das Voting startet am 24. Februar \u2013 jetzt Newsletter abonnieren!\" \/>\n<meta name=\"robots\" content=\"index, follow, max-snippet:-1, max-image-preview:large, max-video-preview:-1\" \/>\n<link rel=\"canonical\" href=\"https:\/\/www.organisator.ch\/de\/marketing\/2025-02-20\/werber-des-jahres-2025-das-sind-die-nominierten\/\" \/>\n<meta property=\"og:locale\" content=\"de_DE\" \/>\n<meta property=\"og:type\" content=\"article\" \/>\n<meta property=\"og:title\" content=\"\u00abWerber des Jahres\u00bb 2025: Das sind die Nominierten - Organisator\" \/>\n<meta property=\"og:description\" content=\"Drei Top-Kreative sind f\u00fcr den Titel \u00abWerber des Jahres\u00bb 2025 nominiert. Das Voting startet am 24. Februar \u2013 jetzt Newsletter abonnieren!\" \/>\n<meta property=\"og:url\" content=\"https:\/\/www.organisator.ch\/de\/marketing\/2025-02-20\/werber-des-jahres-2025-das-sind-die-nominierten\/\" \/>\n<meta property=\"og:site_name\" content=\"Organisator\" \/>\n<meta property=\"article:publisher\" content=\"https:\/\/www.facebook.com\/OrganisatorFachmagazin\" \/>\n<meta property=\"article:published_time\" content=\"2025-02-20T07:45:16+00:00\" \/>\n<meta name=\"author\" content=\"galledia\" \/>\n<meta name=\"twitter:card\" content=\"summary_large_image\" \/>\n<meta name=\"twitter:creator\" content=\"@admin\" \/>\n<script type=\"application\/ld+json\" class=\"yoast-schema-graph\">{\"@context\":\"https:\\\/\\\/schema.org\",\"@graph\":[{\"@type\":\"Article\",\"@id\":\"https:\\\/\\\/www.organisator.ch\\\/marketing\\\/2025-02-20\\\/werber-des-jahres-2025-das-sind-die-nominierten\\\/#article\",\"isPartOf\":{\"@id\":\"https:\\\/\\\/www.organisator.ch\\\/marketing\\\/2025-02-20\\\/werber-des-jahres-2025-das-sind-die-nominierten\\\/\"},\"author\":{\"name\":\"galledia\",\"@id\":\"https:\\\/\\\/www.organisator.ch\\\/#\\\/schema\\\/person\\\/4e51799071cd2dd1232ac003643ef5f0\"},\"headline\":\"\u00abWerber des Jahres\u00bb 2025: Das sind die Nominierten\",\"datePublished\":\"2025-02-20T07:45:16+00:00\",\"mainEntityOfPage\":{\"@id\":\"https:\\\/\\\/www.organisator.ch\\\/marketing\\\/2025-02-20\\\/werber-des-jahres-2025-das-sind-die-nominierten\\\/\"},\"wordCount\":695,\"publisher\":{\"@id\":\"https:\\\/\\\/www.organisator.ch\\\/#organization\"},\"image\":{\"@id\":\"https:\\\/\\\/www.organisator.ch\\\/marketing\\\/2025-02-20\\\/werber-des-jahres-2025-das-sind-die-nominierten\\\/#primaryimage\"},\"thumbnailUrl\":\"https:\\\/\\\/www.markt-kom.com\\\/wp-content\\\/uploads\\\/2025\\\/02\\\/Bild-WdJ-Nominierte-2025.png\",\"keywords\":[\"Awards\",\"Werber:in des Jahres\"],\"articleSection\":[\"MARKETING\"],\"inLanguage\":\"de\"},{\"@type\":\"WebPage\",\"@id\":\"https:\\\/\\\/www.organisator.ch\\\/marketing\\\/2025-02-20\\\/werber-des-jahres-2025-das-sind-die-nominierten\\\/\",\"url\":\"https:\\\/\\\/www.organisator.ch\\\/marketing\\\/2025-02-20\\\/werber-des-jahres-2025-das-sind-die-nominierten\\\/\",\"name\":\"\u00abWerber des Jahres\u00bb 2025: Das sind die Nominierten - Organisator\",\"isPartOf\":{\"@id\":\"https:\\\/\\\/www.organisator.ch\\\/#website\"},\"primaryImageOfPage\":{\"@id\":\"https:\\\/\\\/www.organisator.ch\\\/marketing\\\/2025-02-20\\\/werber-des-jahres-2025-das-sind-die-nominierten\\\/#primaryimage\"},\"image\":{\"@id\":\"https:\\\/\\\/www.organisator.ch\\\/marketing\\\/2025-02-20\\\/werber-des-jahres-2025-das-sind-die-nominierten\\\/#primaryimage\"},\"thumbnailUrl\":\"https:\\\/\\\/www.markt-kom.com\\\/wp-content\\\/uploads\\\/2025\\\/02\\\/Bild-WdJ-Nominierte-2025.png\",\"datePublished\":\"2025-02-20T07:45:16+00:00\",\"description\":\"Drei Top-Kreative sind f\u00fcr den Titel \u00abWerber des Jahres\u00bb 2025 nominiert. Das Voting startet am 24. Februar \u2013 jetzt Newsletter abonnieren!\",\"breadcrumb\":{\"@id\":\"https:\\\/\\\/www.organisator.ch\\\/marketing\\\/2025-02-20\\\/werber-des-jahres-2025-das-sind-die-nominierten\\\/#breadcrumb\"},\"inLanguage\":\"de\",\"potentialAction\":[{\"@type\":\"ReadAction\",\"target\":[\"https:\\\/\\\/www.organisator.ch\\\/marketing\\\/2025-02-20\\\/werber-des-jahres-2025-das-sind-die-nominierten\\\/\"]}]},{\"@type\":\"ImageObject\",\"inLanguage\":\"de\",\"@id\":\"https:\\\/\\\/www.organisator.ch\\\/marketing\\\/2025-02-20\\\/werber-des-jahres-2025-das-sind-die-nominierten\\\/#primaryimage\",\"url\":\"https:\\\/\\\/www.markt-kom.com\\\/wp-content\\\/uploads\\\/2025\\\/02\\\/Bild-WdJ-Nominierte-2025.png\",\"contentUrl\":\"https:\\\/\\\/www.markt-kom.com\\\/wp-content\\\/uploads\\\/2025\\\/02\\\/Bild-WdJ-Nominierte-2025.png\"},{\"@type\":\"BreadcrumbList\",\"@id\":\"https:\\\/\\\/www.organisator.ch\\\/marketing\\\/2025-02-20\\\/werber-des-jahres-2025-das-sind-die-nominierten\\\/#breadcrumb\",\"itemListElement\":[{\"@type\":\"ListItem\",\"position\":1,\"name\":\"Home\",\"item\":\"https:\\\/\\\/www.organisator.ch\\\/\"},{\"@type\":\"ListItem\",\"position\":2,\"name\":\"\u00abWerber des Jahres\u00bb 2025: Das sind die Nominierten\"}]},{\"@type\":\"WebSite\",\"@id\":\"https:\\\/\\\/www.organisator.ch\\\/#website\",\"url\":\"https:\\\/\\\/www.organisator.ch\\\/\",\"name\":\"Organisator\",\"description\":\"Kompetent. Praxisnah. Der ORGANISATOR bereitet in 10 Ausgaben pro Jahr die wesentlichen Themen f\u00fcr F\u00fchrungskr\u00e4fte von KMU auf.\",\"publisher\":{\"@id\":\"https:\\\/\\\/www.organisator.ch\\\/#organization\"},\"potentialAction\":[{\"@type\":\"SearchAction\",\"target\":{\"@type\":\"EntryPoint\",\"urlTemplate\":\"https:\\\/\\\/www.organisator.ch\\\/?s={search_term_string}\"},\"query-input\":{\"@type\":\"PropertyValueSpecification\",\"valueRequired\":true,\"valueName\":\"search_term_string\"}}],\"inLanguage\":\"de\"},{\"@type\":\"Organization\",\"@id\":\"https:\\\/\\\/www.organisator.ch\\\/#organization\",\"name\":\"Organisator\",\"url\":\"https:\\\/\\\/www.organisator.ch\\\/\",\"logo\":{\"@type\":\"ImageObject\",\"inLanguage\":\"de\",\"@id\":\"https:\\\/\\\/www.organisator.ch\\\/#\\\/schema\\\/logo\\\/image\\\/\",\"url\":\"https:\\\/\\\/www.organisator.ch\\\/wp-content\\\/uploads\\\/2022\\\/01\\\/Logo_Organisator_Website.png\",\"contentUrl\":\"https:\\\/\\\/www.organisator.ch\\\/wp-content\\\/uploads\\\/2022\\\/01\\\/Logo_Organisator_Website.png\",\"width\":800,\"height\":77,\"caption\":\"Organisator\"},\"image\":{\"@id\":\"https:\\\/\\\/www.organisator.ch\\\/#\\\/schema\\\/logo\\\/image\\\/\"},\"sameAs\":[\"https:\\\/\\\/www.facebook.com\\\/OrganisatorFachmagazin\",\"https:\\\/\\\/www.linkedin.com\\\/showcase\\\/organisator-das-magazin-fr-kmu\",\"https:\\\/\\\/www.xing.com\\\/news\\\/pages\\\/organisator-ch-695\",\"https:\\\/\\\/www.youtube.com\\\/channel\\\/UCGP2Sq0iWaZwT3BdIAQFYpw\"]},{\"@type\":\"Person\",\"@id\":\"https:\\\/\\\/www.organisator.ch\\\/#\\\/schema\\\/person\\\/4e51799071cd2dd1232ac003643ef5f0\",\"name\":\"galledia\",\"image\":{\"@type\":\"ImageObject\",\"inLanguage\":\"de\",\"@id\":\"https:\\\/\\\/secure.gravatar.com\\\/avatar\\\/78a7f90c01fc2bfc875782a0d4922b37cde2cf184ce347b91316d23cd7f69a36?s=96&d=mm&r=g\",\"url\":\"https:\\\/\\\/secure.gravatar.com\\\/avatar\\\/78a7f90c01fc2bfc875782a0d4922b37cde2cf184ce347b91316d23cd7f69a36?s=96&d=mm&r=g\",\"contentUrl\":\"https:\\\/\\\/secure.gravatar.com\\\/avatar\\\/78a7f90c01fc2bfc875782a0d4922b37cde2cf184ce347b91316d23cd7f69a36?s=96&d=mm&r=g\",\"caption\":\"galledia\"},\"sameAs\":[\"https:\\\/\\\/x.com\\\/admin\"],\"url\":\"https:\\\/\\\/www.organisator.ch\\\/de\\\/author\\\/galledia\\\/\"}]}<\/script>\n<!-- \/ Yoast SEO plugin. -->","yoast_head_json":{"title":"\u00abWerber des Jahres\u00bb 2025: Das sind die Nominierten - Organisator","description":"Drei Top-Kreative sind f\u00fcr den Titel \u00abWerber des Jahres\u00bb 2025 nominiert. Das Voting startet am 24. Februar \u2013 jetzt Newsletter abonnieren!","robots":{"index":"index","follow":"follow","max-snippet":"max-snippet:-1","max-image-preview":"max-image-preview:large","max-video-preview":"max-video-preview:-1"},"canonical":"https:\/\/www.organisator.ch\/de\/marketing\/2025-02-20\/werber-des-jahres-2025-das-sind-die-nominierten\/","og_locale":"de_DE","og_type":"article","og_title":"\u00abWerber des Jahres\u00bb 2025: Das sind die Nominierten - Organisator","og_description":"Drei Top-Kreative sind f\u00fcr den Titel \u00abWerber des Jahres\u00bb 2025 nominiert. Das Voting startet am 24. Februar \u2013 jetzt Newsletter abonnieren!","og_url":"https:\/\/www.organisator.ch\/de\/marketing\/2025-02-20\/werber-des-jahres-2025-das-sind-die-nominierten\/","og_site_name":"Organisator","article_publisher":"https:\/\/www.facebook.com\/OrganisatorFachmagazin","article_published_time":"2025-02-20T07:45:16+00:00","author":"galledia","twitter_card":"summary_large_image","twitter_creator":"@admin","schema":{"@context":"https:\/\/schema.org","@graph":[{"@type":"Article","@id":"https:\/\/www.organisator.ch\/marketing\/2025-02-20\/werber-des-jahres-2025-das-sind-die-nominierten\/#article","isPartOf":{"@id":"https:\/\/www.organisator.ch\/marketing\/2025-02-20\/werber-des-jahres-2025-das-sind-die-nominierten\/"},"author":{"name":"galledia","@id":"https:\/\/www.organisator.ch\/#\/schema\/person\/4e51799071cd2dd1232ac003643ef5f0"},"headline":"\u00abWerber des Jahres\u00bb 2025: Das sind die Nominierten","datePublished":"2025-02-20T07:45:16+00:00","mainEntityOfPage":{"@id":"https:\/\/www.organisator.ch\/marketing\/2025-02-20\/werber-des-jahres-2025-das-sind-die-nominierten\/"},"wordCount":695,"publisher":{"@id":"https:\/\/www.organisator.ch\/#organization"},"image":{"@id":"https:\/\/www.organisator.ch\/marketing\/2025-02-20\/werber-des-jahres-2025-das-sind-die-nominierten\/#primaryimage"},"thumbnailUrl":"https:\/\/www.markt-kom.com\/wp-content\/uploads\/2025\/02\/Bild-WdJ-Nominierte-2025.png","keywords":["Awards","Werber:in des Jahres"],"articleSection":["MARKETING"],"inLanguage":"de"},{"@type":"WebPage","@id":"https:\/\/www.organisator.ch\/marketing\/2025-02-20\/werber-des-jahres-2025-das-sind-die-nominierten\/","url":"https:\/\/www.organisator.ch\/marketing\/2025-02-20\/werber-des-jahres-2025-das-sind-die-nominierten\/","name":"\u00abWerber des Jahres\u00bb 2025: Das sind die Nominierten - Organisator","isPartOf":{"@id":"https:\/\/www.organisator.ch\/#website"},"primaryImageOfPage":{"@id":"https:\/\/www.organisator.ch\/marketing\/2025-02-20\/werber-des-jahres-2025-das-sind-die-nominierten\/#primaryimage"},"image":{"@id":"https:\/\/www.organisator.ch\/marketing\/2025-02-20\/werber-des-jahres-2025-das-sind-die-nominierten\/#primaryimage"},"thumbnailUrl":"https:\/\/www.markt-kom.com\/wp-content\/uploads\/2025\/02\/Bild-WdJ-Nominierte-2025.png","datePublished":"2025-02-20T07:45:16+00:00","description":"Drei Top-Kreative sind f\u00fcr den Titel \u00abWerber des Jahres\u00bb 2025 nominiert. Das Voting startet am 24. Februar \u2013 jetzt Newsletter abonnieren!","breadcrumb":{"@id":"https:\/\/www.organisator.ch\/marketing\/2025-02-20\/werber-des-jahres-2025-das-sind-die-nominierten\/#breadcrumb"},"inLanguage":"de","potentialAction":[{"@type":"ReadAction","target":["https:\/\/www.organisator.ch\/marketing\/2025-02-20\/werber-des-jahres-2025-das-sind-die-nominierten\/"]}]},{"@type":"ImageObject","inLanguage":"de","@id":"https:\/\/www.organisator.ch\/marketing\/2025-02-20\/werber-des-jahres-2025-das-sind-die-nominierten\/#primaryimage","url":"https:\/\/www.markt-kom.com\/wp-content\/uploads\/2025\/02\/Bild-WdJ-Nominierte-2025.png","contentUrl":"https:\/\/www.markt-kom.com\/wp-content\/uploads\/2025\/02\/Bild-WdJ-Nominierte-2025.png"},{"@type":"BreadcrumbList","@id":"https:\/\/www.organisator.ch\/marketing\/2025-02-20\/werber-des-jahres-2025-das-sind-die-nominierten\/#breadcrumb","itemListElement":[{"@type":"ListItem","position":1,"name":"Home","item":"https:\/\/www.organisator.ch\/"},{"@type":"ListItem","position":2,"name":"\u00abWerber des Jahres\u00bb 2025: Das sind die Nominierten"}]},{"@type":"WebSite","@id":"https:\/\/www.organisator.ch\/#website","url":"https:\/\/www.organisator.ch\/","name":"Organisator","description":"Kompetent. Praxisnah. Der ORGANISATOR bereitet in 10 Ausgaben pro Jahr die wesentlichen Themen f\u00fcr F\u00fchrungskr\u00e4fte von KMU auf.","publisher":{"@id":"https:\/\/www.organisator.ch\/#organization"},"potentialAction":[{"@type":"SearchAction","target":{"@type":"EntryPoint","urlTemplate":"https:\/\/www.organisator.ch\/?s={search_term_string}"},"query-input":{"@type":"PropertyValueSpecification","valueRequired":true,"valueName":"search_term_string"}}],"inLanguage":"de"},{"@type":"Organization","@id":"https:\/\/www.organisator.ch\/#organization","name":"Organisator","url":"https:\/\/www.organisator.ch\/","logo":{"@type":"ImageObject","inLanguage":"de","@id":"https:\/\/www.organisator.ch\/#\/schema\/logo\/image\/","url":"https:\/\/www.organisator.ch\/wp-content\/uploads\/2022\/01\/Logo_Organisator_Website.png","contentUrl":"https:\/\/www.organisator.ch\/wp-content\/uploads\/2022\/01\/Logo_Organisator_Website.png","width":800,"height":77,"caption":"Organisator"},"image":{"@id":"https:\/\/www.organisator.ch\/#\/schema\/logo\/image\/"},"sameAs":["https:\/\/www.facebook.com\/OrganisatorFachmagazin","https:\/\/www.linkedin.com\/showcase\/organisator-das-magazin-fr-kmu","https:\/\/www.xing.com\/news\/pages\/organisator-ch-695","https:\/\/www.youtube.com\/channel\/UCGP2Sq0iWaZwT3BdIAQFYpw"]},{"@type":"Person","@id":"https:\/\/www.organisator.ch\/#\/schema\/person\/4e51799071cd2dd1232ac003643ef5f0","name":"galledia","image":{"@type":"ImageObject","inLanguage":"de","@id":"https:\/\/secure.gravatar.com\/avatar\/78a7f90c01fc2bfc875782a0d4922b37cde2cf184ce347b91316d23cd7f69a36?s=96&d=mm&r=g","url":"https:\/\/secure.gravatar.com\/avatar\/78a7f90c01fc2bfc875782a0d4922b37cde2cf184ce347b91316d23cd7f69a36?s=96&d=mm&r=g","contentUrl":"https:\/\/secure.gravatar.com\/avatar\/78a7f90c01fc2bfc875782a0d4922b37cde2cf184ce347b91316d23cd7f69a36?s=96&d=mm&r=g","caption":"galledia"},"sameAs":["https:\/\/x.com\/admin"],"url":"https:\/\/www.organisator.ch\/de\/author\/galledia\/"}]}},"_links":{"self":[{"href":"https:\/\/www.organisator.ch\/de\/wp-json\/wp\/v2\/posts\/36109","targetHints":{"allow":["GET"]}}],"collection":[{"href":"https:\/\/www.organisator.ch\/de\/wp-json\/wp\/v2\/posts"}],"about":[{"href":"https:\/\/www.organisator.ch\/de\/wp-json\/wp\/v2\/types\/post"}],"author":[{"embeddable":true,"href":"https:\/\/www.organisator.ch\/de\/wp-json\/wp\/v2\/users\/8"}],"replies":[{"embeddable":true,"href":"https:\/\/www.organisator.ch\/de\/wp-json\/wp\/v2\/comments?post=36109"}],"version-history":[{"count":4,"href":"https:\/\/www.organisator.ch\/de\/wp-json\/wp\/v2\/posts\/36109\/revisions"}],"predecessor-version":[{"id":36213,"href":"https:\/\/www.organisator.ch\/de\/wp-json\/wp\/v2\/posts\/36109\/revisions\/36213"}],"wp:attachment":[{"href":"https:\/\/www.organisator.ch\/de\/wp-json\/wp\/v2\/media?parent=36109"}],"wp:term":[{"taxonomy":"category","embeddable":true,"href":"https:\/\/www.organisator.ch\/de\/wp-json\/wp\/v2\/categories?post=36109"},{"taxonomy":"post_tag","embeddable":true,"href":"https:\/\/www.organisator.ch\/de\/wp-json\/wp\/v2\/tags?post=36109"}],"curies":[{"name":"wp","href":"https:\/\/api.w.org\/{rel}","templated":true}]}}