{"id":3615,"date":"2020-12-24T06:25:54","date_gmt":"2020-12-24T05:25:54","guid":{"rendered":"https:\/\/www.umweltperspektiven.ch\/?p=3615"},"modified":"2022-02-09T11:05:32","modified_gmt":"2022-02-09T10:05:32","slug":"kanton-zuerich-hat-rohstoff-versorgungssicherheit-im-fokus","status":"publish","type":"post","link":"https:\/\/www.organisator.ch\/de\/sustainability\/2020-12-24\/kanton-zuerich-hat-rohstoff-versorgungssicherheit-im-fokus\/","title":{"rendered":"Kanton Z\u00fcrich hat Rohstoff-Versorgungssicherheit im Fokus"},"content":{"rendered":"<figure id=\"attachment_3616\" aria-describedby=\"caption-attachment-3616\" style=\"width: 680px\" class=\"wp-caption aligncenter\"><img loading=\"lazy\" decoding=\"async\" class=\"size-medium wp-image-3616\" src=\"\/\/www.umweltperspektiven.ch\/wp-content\/uploads\/2020\/12\/Kunststoff.jpg\" alt=\"\" width=\"680\" height=\"435\" srcset=\"https:\/\/www.organisator.ch\/wp-content\/uploads\/2020\/12\/Kunststoff.jpg 1258w, https:\/\/www.organisator.ch\/wp-content\/uploads\/2020\/12\/Kunststoff-680x435.jpg 680w, https:\/\/www.organisator.ch\/wp-content\/uploads\/2020\/12\/Kunststoff-1024x655.jpg 1024w, https:\/\/www.organisator.ch\/wp-content\/uploads\/2020\/12\/Kunststoff-768x491.jpg 768w, https:\/\/www.organisator.ch\/wp-content\/uploads\/2020\/12\/Kunststoff-18x12.jpg 18w, https:\/\/www.organisator.ch\/wp-content\/uploads\/2020\/12\/Kunststoff-273x175.jpg 273w, https:\/\/www.organisator.ch\/wp-content\/uploads\/2020\/12\/Kunststoff-547x350.jpg 547w, https:\/\/www.organisator.ch\/wp-content\/uploads\/2020\/12\/Kunststoff-1250x800.jpg 1250w, https:\/\/www.organisator.ch\/wp-content\/uploads\/2020\/12\/Kunststoff-920x589.jpg 920w, https:\/\/www.organisator.ch\/wp-content\/uploads\/2020\/12\/Kunststoff-300x192.jpg 300w\" sizes=\"auto, (max-width: 680px) 100vw, 680px\" \/><figcaption id=\"caption-attachment-3616\" class=\"wp-caption-text\">Quelle: Kanton Z\u00fcrich Baudirektion<\/figcaption><\/figure>\n<p>Rund zwei Drittel aller Abf\u00e4lle im Kanton Z\u00fcrich werden separat gesammelt und rezykliert. Und beim Abbruch von H\u00e4usern bleiben rund 80 Prozent des mineralischen Anteils (Beton, Backsteine etc.) im stofflichen Kreislauf, wie es von regierungsr\u00e4tlicher Seite heisst. Trotzdem werden j\u00e4hrlich noch rund eine Million Tonnen Material auf Deponien abgelagert, womit wertvolle Ressourcen f\u00fcr immer verloren gehen.<strong>\u00a0<\/strong><\/p>\n<p><strong>Stoffkreisl\u00e4ufe konsequenter schliessen<\/strong><\/p>\n<p>Die sogenannte <a href=\"\/\/www.kreislaufinitiative.ch\">Kreislauf-Initiative<\/a> hat zum Ziel, den Konsum ressourcenschonender zu gestalten und die nach wie vor grosse Abfallproduktion zu verringern. Der Kanton und die Gemeinden h\u00e4tten daf\u00fcr g\u00fcnstige Rahmenbedingungen und Anreize zu schaffen. Sie sollen daf\u00fcr sorgen, dass \u00abStoffkreisl\u00e4ufe vermehrt geschlossen werden und der Verschwendung von Ressourcen ein Ende gesetzt wird\u00bb.<strong>\u00a0<\/strong><\/p>\n<p><strong>Volksinitiative zu eng gefasst<\/strong><strong>\u00a0<\/strong><\/p>\n<p>F\u00fcr den Regierungsrat ist die Stossrichtung der Initiative grunds\u00e4tzlich begr\u00fcssenswert, doch der Initiativtext weise Schw\u00e4chen auf und sei zu eng gefasst. Denn die Initiative richte den Fokus auf den Konsum und damit vorwiegend auf das Abfallaufkommen der Verbraucher. Dies sei jedoch nur ein kleiner Teil des gesamten Abfallaufkommens. Erforderlich sei ein ganzheitlicher Ansatz, um nat\u00fcrliche Ressourcen wirksam zu schonen. Man m\u00fcsse dort anzusetzen, wo das Kosten-Nutzen-Verh\u00e4ltnis am besten sei. Aus diesem Grund beantragt der Regierungsrat dem Kantonsrat, die Volksinitiative abzulehnen und einen <a href=\"\/\/www.zh.ch\/de\/politik-staat\/gesetze-beschluesse\/beschluesse-des-regierungsrates\/rrb\/regierungsratsbeschluss-1183-2020.html\">Gegenvorschlag<\/a> zu beschliessen.<\/p>\n<p><strong>Gegenvorschlag setzt in allen Bereichen des Stoffkreislaufs an\u00a0<\/strong><\/p>\n<p>Der Gegenvorschlag des Regierungsrats erfasst die ganze Versorgungs- und Wertsch\u00f6pfungskette von der Produktion \u00fcber den Konsum bis zum Abfall. Dies hat laut ihm den Vorteil, dass mit wirtschaftlich vertr\u00e4glichen und gesellschaftlich akzeptierten Massnahmen grosse Schritte zur Zielerreichung gemacht werden k\u00f6nnen. Indem der Gegenvorschlag in allen Bereichen des Stoffkreislaufs ansetze, erfasse er auch die Produktion von G\u00fctern und das Bauwesen.<\/p>\n<p><strong>Widerstandsf\u00e4higkeit der Wirtschaft st\u00e4rken<\/strong><\/p>\n<p>Der Gegenvorschlag des Regierungsrats beauftragt Kanton und Gemeinden, verst\u00e4rkt f\u00fcr die Schliessung von Stoffkreisl\u00e4ufen und den schonenden Umgang mit Rohstoffen, Materialien und G\u00fctern zu sorgen. Dies werde zu einer F\u00f6rderung von Innovationen und privaten Initiativen f\u00fchren, so der Regierungsrat, was nach seiner Ansicht auch positive Auswirkungen auf den Wirtschaftsstandort Kanton Z\u00fcrich haben wird. Denn eine Volkswirtschaft mit einer erh\u00f6hten Rohstoff-Versorgungssicherheit sei widerstandsf\u00e4higer gegen\u00fcber schwankenden Rohstoffpreisen und internationalen Krisen. Gleichzeitig resultiere eine h\u00f6here lokale Besch\u00e4ftigung und Wertsch\u00f6pfung, beispielsweise aufgrund von vermehrten Vor-Ort-Reparatur-Dienstleistungen. Private Entwicklungen von umweltfreundlichen Technologien mit m\u00f6glicher weltweiter Anwendung und staatliche kreislauff\u00f6rdernde Anreize k\u00f6nnen lokalen Firmen zudem internationale Vorteile verschaffen, wie die Exekutive ferner schreibt. Die Z\u00fcrcher Unternehmen w\u00fcrden auch von materialeffizienten Abl\u00e4ufen mit besserem Kosten-Nutzen-Verh\u00e4ltnis profitieren, was insgesamt die Wettbewerbsf\u00e4higkeit der Z\u00fcrcher Wirtschaft st\u00e4rken werde. (rs)<\/p>\n<p>&nbsp;<\/p>\n<p>&nbsp;<\/p>\n","protected":false},"excerpt":{"rendered":"<p>Rund zwei Drittel aller Abf\u00e4lle im Kanton Z\u00fcrich werden separat gesammelt und rezykliert. Und beim Abbruch von H\u00e4usern bleiben rund 80 Prozent des mineralischen Anteils (Beton, Backsteine etc.) im stofflichen Kreislauf, wie es von regierungsr\u00e4tlicher Seite heisst. Trotzdem werden j\u00e4hrlich noch rund eine Million Tonnen Material auf Deponien abgelagert, womit wertvolle Ressourcen f\u00fcr immer verloren [&hellip;]<\/p>\n","protected":false},"author":6,"featured_media":3616,"comment_status":"closed","ping_status":"closed","sticky":false,"template":"","format":"standard","meta":{"_acf_changed":false,"_yoast_wpseo_focuskw":"Stoffkreislauf","_yoast_wpseo_metadesc":"Der Regierungsrat des Kantons Z\u00fcrich lehnt die Kreislauf-Initiative ab und unterbreitet einen Gegenvorschlag, der einen gesamtheitlichen Ansatz verfolgt.","articlekey":"","footnotes":""},"categories":[580],"tags":[1259,1410,1474,594,2207,2467],"class_list":["post-3615","post","type-post","status-publish","format-standard","has-post-thumbnail","hentry","category-sustainability","tag-gegenvorschlag","tag-initiative","tag-kanton-zuerich","tag-kreislaufwirtschaft","tag-stoffkreislauf","tag-versorgungs-und-wertschoepfungskette"],"acf":[],"yoast_head":"<!-- This site is optimized with the Yoast SEO plugin v27.4 - https:\/\/yoast.com\/product\/yoast-seo-wordpress\/ -->\n<title>Kanton Z\u00fcrich hat Rohstoff-Versorgungssicherheit im Fokus - Organisator<\/title>\n<meta name=\"description\" content=\"Der Regierungsrat des Kantons Z\u00fcrich lehnt die Kreislauf-Initiative ab und unterbreitet einen Gegenvorschlag, der einen gesamtheitlichen Ansatz verfolgt.\" \/>\n<meta name=\"robots\" content=\"index, follow, max-snippet:-1, max-image-preview:large, max-video-preview:-1\" \/>\n<link rel=\"canonical\" href=\"https:\/\/www.organisator.ch\/de\/sustainability\/2020-12-24\/kanton-zuerich-hat-rohstoff-versorgungssicherheit-im-fokus\/\" \/>\n<meta property=\"og:locale\" content=\"de_DE\" \/>\n<meta property=\"og:type\" content=\"article\" \/>\n<meta property=\"og:title\" content=\"Kanton Z\u00fcrich hat Rohstoff-Versorgungssicherheit im Fokus - Organisator\" \/>\n<meta property=\"og:description\" content=\"Der Regierungsrat des Kantons Z\u00fcrich lehnt die Kreislauf-Initiative ab und unterbreitet einen Gegenvorschlag, der einen gesamtheitlichen Ansatz verfolgt.\" \/>\n<meta property=\"og:url\" content=\"https:\/\/www.organisator.ch\/de\/sustainability\/2020-12-24\/kanton-zuerich-hat-rohstoff-versorgungssicherheit-im-fokus\/\" \/>\n<meta property=\"og:site_name\" content=\"Organisator\" \/>\n<meta property=\"article:publisher\" content=\"https:\/\/www.facebook.com\/OrganisatorFachmagazin\" \/>\n<meta property=\"article:published_time\" content=\"2020-12-24T05:25:54+00:00\" \/>\n<meta property=\"article:modified_time\" content=\"2022-02-09T10:05:32+00:00\" \/>\n<meta property=\"og:image\" content=\"https:\/\/www.organisator.ch\/wp-content\/uploads\/2020\/12\/Kunststoff.jpg\" \/>\n\t<meta property=\"og:image:width\" content=\"1258\" \/>\n\t<meta property=\"og:image:height\" content=\"805\" \/>\n\t<meta property=\"og:image:type\" content=\"image\/jpeg\" \/>\n<meta name=\"author\" content=\"roger.straessle\" \/>\n<meta name=\"twitter:card\" content=\"summary_large_image\" \/>\n<script type=\"application\/ld+json\" class=\"yoast-schema-graph\">{\"@context\":\"https:\\\/\\\/schema.org\",\"@graph\":[{\"@type\":\"Article\",\"@id\":\"https:\\\/\\\/www.organisator.ch\\\/sustainability\\\/2020-12-24\\\/kanton-zuerich-hat-rohstoff-versorgungssicherheit-im-fokus\\\/#article\",\"isPartOf\":{\"@id\":\"https:\\\/\\\/www.organisator.ch\\\/sustainability\\\/2020-12-24\\\/kanton-zuerich-hat-rohstoff-versorgungssicherheit-im-fokus\\\/\"},\"author\":{\"name\":\"roger.straessle\",\"@id\":\"https:\\\/\\\/www.organisator.ch\\\/#\\\/schema\\\/person\\\/a800b8c54e208b160517a7dcc323161d\"},\"headline\":\"Kanton Z\u00fcrich hat Rohstoff-Versorgungssicherheit im Fokus\",\"datePublished\":\"2020-12-24T05:25:54+00:00\",\"dateModified\":\"2022-02-09T10:05:32+00:00\",\"mainEntityOfPage\":{\"@id\":\"https:\\\/\\\/www.organisator.ch\\\/sustainability\\\/2020-12-24\\\/kanton-zuerich-hat-rohstoff-versorgungssicherheit-im-fokus\\\/\"},\"wordCount\":466,\"publisher\":{\"@id\":\"https:\\\/\\\/www.organisator.ch\\\/#organization\"},\"image\":{\"@id\":\"https:\\\/\\\/www.organisator.ch\\\/sustainability\\\/2020-12-24\\\/kanton-zuerich-hat-rohstoff-versorgungssicherheit-im-fokus\\\/#primaryimage\"},\"thumbnailUrl\":\"https:\\\/\\\/www.organisator.ch\\\/wp-content\\\/uploads\\\/2020\\\/12\\\/Kunststoff.jpg\",\"keywords\":[\"Gegenvorschlag\",\"Initiative\",\"Kanton Z\u00fcrich\",\"Kreislaufwirtschaft\",\"Stoffkreislauf\",\"Versorgungs- und Wertsch\u00f6pfungskette\"],\"articleSection\":[\"SUSTAINABILITY\"],\"inLanguage\":\"de\"},{\"@type\":\"WebPage\",\"@id\":\"https:\\\/\\\/www.organisator.ch\\\/sustainability\\\/2020-12-24\\\/kanton-zuerich-hat-rohstoff-versorgungssicherheit-im-fokus\\\/\",\"url\":\"https:\\\/\\\/www.organisator.ch\\\/sustainability\\\/2020-12-24\\\/kanton-zuerich-hat-rohstoff-versorgungssicherheit-im-fokus\\\/\",\"name\":\"Kanton Z\u00fcrich hat Rohstoff-Versorgungssicherheit im Fokus - Organisator\",\"isPartOf\":{\"@id\":\"https:\\\/\\\/www.organisator.ch\\\/#website\"},\"primaryImageOfPage\":{\"@id\":\"https:\\\/\\\/www.organisator.ch\\\/sustainability\\\/2020-12-24\\\/kanton-zuerich-hat-rohstoff-versorgungssicherheit-im-fokus\\\/#primaryimage\"},\"image\":{\"@id\":\"https:\\\/\\\/www.organisator.ch\\\/sustainability\\\/2020-12-24\\\/kanton-zuerich-hat-rohstoff-versorgungssicherheit-im-fokus\\\/#primaryimage\"},\"thumbnailUrl\":\"https:\\\/\\\/www.organisator.ch\\\/wp-content\\\/uploads\\\/2020\\\/12\\\/Kunststoff.jpg\",\"datePublished\":\"2020-12-24T05:25:54+00:00\",\"dateModified\":\"2022-02-09T10:05:32+00:00\",\"description\":\"Der Regierungsrat des Kantons Z\u00fcrich lehnt die Kreislauf-Initiative ab und unterbreitet einen Gegenvorschlag, der einen gesamtheitlichen Ansatz verfolgt.\",\"breadcrumb\":{\"@id\":\"https:\\\/\\\/www.organisator.ch\\\/sustainability\\\/2020-12-24\\\/kanton-zuerich-hat-rohstoff-versorgungssicherheit-im-fokus\\\/#breadcrumb\"},\"inLanguage\":\"de\",\"potentialAction\":[{\"@type\":\"ReadAction\",\"target\":[\"https:\\\/\\\/www.organisator.ch\\\/sustainability\\\/2020-12-24\\\/kanton-zuerich-hat-rohstoff-versorgungssicherheit-im-fokus\\\/\"]}]},{\"@type\":\"ImageObject\",\"inLanguage\":\"de\",\"@id\":\"https:\\\/\\\/www.organisator.ch\\\/sustainability\\\/2020-12-24\\\/kanton-zuerich-hat-rohstoff-versorgungssicherheit-im-fokus\\\/#primaryimage\",\"url\":\"https:\\\/\\\/www.organisator.ch\\\/wp-content\\\/uploads\\\/2020\\\/12\\\/Kunststoff.jpg\",\"contentUrl\":\"https:\\\/\\\/www.organisator.ch\\\/wp-content\\\/uploads\\\/2020\\\/12\\\/Kunststoff.jpg\",\"width\":1258,\"height\":805,\"caption\":\"Quelle: Kanton Z\u00fcrich Baudirektion\"},{\"@type\":\"BreadcrumbList\",\"@id\":\"https:\\\/\\\/www.organisator.ch\\\/sustainability\\\/2020-12-24\\\/kanton-zuerich-hat-rohstoff-versorgungssicherheit-im-fokus\\\/#breadcrumb\",\"itemListElement\":[{\"@type\":\"ListItem\",\"position\":1,\"name\":\"Home\",\"item\":\"https:\\\/\\\/www.organisator.ch\\\/\"},{\"@type\":\"ListItem\",\"position\":2,\"name\":\"Kanton Z\u00fcrich hat Rohstoff-Versorgungssicherheit im Fokus\"}]},{\"@type\":\"WebSite\",\"@id\":\"https:\\\/\\\/www.organisator.ch\\\/#website\",\"url\":\"https:\\\/\\\/www.organisator.ch\\\/\",\"name\":\"Organisator\",\"description\":\"Kompetent. Praxisnah. Der ORGANISATOR bereitet in 10 Ausgaben pro Jahr die wesentlichen Themen f\u00fcr F\u00fchrungskr\u00e4fte von KMU auf.\",\"publisher\":{\"@id\":\"https:\\\/\\\/www.organisator.ch\\\/#organization\"},\"potentialAction\":[{\"@type\":\"SearchAction\",\"target\":{\"@type\":\"EntryPoint\",\"urlTemplate\":\"https:\\\/\\\/www.organisator.ch\\\/?s={search_term_string}\"},\"query-input\":{\"@type\":\"PropertyValueSpecification\",\"valueRequired\":true,\"valueName\":\"search_term_string\"}}],\"inLanguage\":\"de\"},{\"@type\":\"Organization\",\"@id\":\"https:\\\/\\\/www.organisator.ch\\\/#organization\",\"name\":\"Organisator\",\"url\":\"https:\\\/\\\/www.organisator.ch\\\/\",\"logo\":{\"@type\":\"ImageObject\",\"inLanguage\":\"de\",\"@id\":\"https:\\\/\\\/www.organisator.ch\\\/#\\\/schema\\\/logo\\\/image\\\/\",\"url\":\"https:\\\/\\\/www.organisator.ch\\\/wp-content\\\/uploads\\\/2022\\\/01\\\/Logo_Organisator_Website.png\",\"contentUrl\":\"https:\\\/\\\/www.organisator.ch\\\/wp-content\\\/uploads\\\/2022\\\/01\\\/Logo_Organisator_Website.png\",\"width\":800,\"height\":77,\"caption\":\"Organisator\"},\"image\":{\"@id\":\"https:\\\/\\\/www.organisator.ch\\\/#\\\/schema\\\/logo\\\/image\\\/\"},\"sameAs\":[\"https:\\\/\\\/www.facebook.com\\\/OrganisatorFachmagazin\",\"https:\\\/\\\/www.linkedin.com\\\/showcase\\\/organisator-das-magazin-fr-kmu\",\"https:\\\/\\\/www.xing.com\\\/news\\\/pages\\\/organisator-ch-695\",\"https:\\\/\\\/www.youtube.com\\\/channel\\\/UCGP2Sq0iWaZwT3BdIAQFYpw\"]},{\"@type\":\"Person\",\"@id\":\"https:\\\/\\\/www.organisator.ch\\\/#\\\/schema\\\/person\\\/a800b8c54e208b160517a7dcc323161d\",\"name\":\"roger.straessle\",\"image\":{\"@type\":\"ImageObject\",\"inLanguage\":\"de\",\"@id\":\"https:\\\/\\\/secure.gravatar.com\\\/avatar\\\/?s=96&d=mm&r=g\",\"url\":\"https:\\\/\\\/secure.gravatar.com\\\/avatar\\\/?s=96&d=mm&r=g\",\"contentUrl\":\"https:\\\/\\\/secure.gravatar.com\\\/avatar\\\/?s=96&d=mm&r=g\",\"caption\":\"roger.straessle\"},\"url\":\"https:\\\/\\\/www.organisator.ch\\\/de\\\/author\\\/roger-straessle\\\/\"}]}<\/script>\n<!-- \/ Yoast SEO plugin. -->","yoast_head_json":{"title":"Kanton Z\u00fcrich hat Rohstoff-Versorgungssicherheit im Fokus - Organisator","description":"Der Regierungsrat des Kantons Z\u00fcrich lehnt die Kreislauf-Initiative ab und unterbreitet einen Gegenvorschlag, der einen gesamtheitlichen Ansatz verfolgt.","robots":{"index":"index","follow":"follow","max-snippet":"max-snippet:-1","max-image-preview":"max-image-preview:large","max-video-preview":"max-video-preview:-1"},"canonical":"https:\/\/www.organisator.ch\/de\/sustainability\/2020-12-24\/kanton-zuerich-hat-rohstoff-versorgungssicherheit-im-fokus\/","og_locale":"de_DE","og_type":"article","og_title":"Kanton Z\u00fcrich hat Rohstoff-Versorgungssicherheit im Fokus - Organisator","og_description":"Der Regierungsrat des Kantons Z\u00fcrich lehnt die Kreislauf-Initiative ab und unterbreitet einen Gegenvorschlag, der einen gesamtheitlichen Ansatz verfolgt.","og_url":"https:\/\/www.organisator.ch\/de\/sustainability\/2020-12-24\/kanton-zuerich-hat-rohstoff-versorgungssicherheit-im-fokus\/","og_site_name":"Organisator","article_publisher":"https:\/\/www.facebook.com\/OrganisatorFachmagazin","article_published_time":"2020-12-24T05:25:54+00:00","article_modified_time":"2022-02-09T10:05:32+00:00","og_image":[{"width":1258,"height":805,"url":"https:\/\/www.organisator.ch\/wp-content\/uploads\/2020\/12\/Kunststoff.jpg","type":"image\/jpeg"}],"author":"roger.straessle","twitter_card":"summary_large_image","schema":{"@context":"https:\/\/schema.org","@graph":[{"@type":"Article","@id":"https:\/\/www.organisator.ch\/sustainability\/2020-12-24\/kanton-zuerich-hat-rohstoff-versorgungssicherheit-im-fokus\/#article","isPartOf":{"@id":"https:\/\/www.organisator.ch\/sustainability\/2020-12-24\/kanton-zuerich-hat-rohstoff-versorgungssicherheit-im-fokus\/"},"author":{"name":"roger.straessle","@id":"https:\/\/www.organisator.ch\/#\/schema\/person\/a800b8c54e208b160517a7dcc323161d"},"headline":"Kanton Z\u00fcrich hat Rohstoff-Versorgungssicherheit im Fokus","datePublished":"2020-12-24T05:25:54+00:00","dateModified":"2022-02-09T10:05:32+00:00","mainEntityOfPage":{"@id":"https:\/\/www.organisator.ch\/sustainability\/2020-12-24\/kanton-zuerich-hat-rohstoff-versorgungssicherheit-im-fokus\/"},"wordCount":466,"publisher":{"@id":"https:\/\/www.organisator.ch\/#organization"},"image":{"@id":"https:\/\/www.organisator.ch\/sustainability\/2020-12-24\/kanton-zuerich-hat-rohstoff-versorgungssicherheit-im-fokus\/#primaryimage"},"thumbnailUrl":"https:\/\/www.organisator.ch\/wp-content\/uploads\/2020\/12\/Kunststoff.jpg","keywords":["Gegenvorschlag","Initiative","Kanton Z\u00fcrich","Kreislaufwirtschaft","Stoffkreislauf","Versorgungs- und Wertsch\u00f6pfungskette"],"articleSection":["SUSTAINABILITY"],"inLanguage":"de"},{"@type":"WebPage","@id":"https:\/\/www.organisator.ch\/sustainability\/2020-12-24\/kanton-zuerich-hat-rohstoff-versorgungssicherheit-im-fokus\/","url":"https:\/\/www.organisator.ch\/sustainability\/2020-12-24\/kanton-zuerich-hat-rohstoff-versorgungssicherheit-im-fokus\/","name":"Kanton Z\u00fcrich hat Rohstoff-Versorgungssicherheit im Fokus - Organisator","isPartOf":{"@id":"https:\/\/www.organisator.ch\/#website"},"primaryImageOfPage":{"@id":"https:\/\/www.organisator.ch\/sustainability\/2020-12-24\/kanton-zuerich-hat-rohstoff-versorgungssicherheit-im-fokus\/#primaryimage"},"image":{"@id":"https:\/\/www.organisator.ch\/sustainability\/2020-12-24\/kanton-zuerich-hat-rohstoff-versorgungssicherheit-im-fokus\/#primaryimage"},"thumbnailUrl":"https:\/\/www.organisator.ch\/wp-content\/uploads\/2020\/12\/Kunststoff.jpg","datePublished":"2020-12-24T05:25:54+00:00","dateModified":"2022-02-09T10:05:32+00:00","description":"Der Regierungsrat des Kantons Z\u00fcrich lehnt die Kreislauf-Initiative ab und unterbreitet einen Gegenvorschlag, der einen gesamtheitlichen Ansatz verfolgt.","breadcrumb":{"@id":"https:\/\/www.organisator.ch\/sustainability\/2020-12-24\/kanton-zuerich-hat-rohstoff-versorgungssicherheit-im-fokus\/#breadcrumb"},"inLanguage":"de","potentialAction":[{"@type":"ReadAction","target":["https:\/\/www.organisator.ch\/sustainability\/2020-12-24\/kanton-zuerich-hat-rohstoff-versorgungssicherheit-im-fokus\/"]}]},{"@type":"ImageObject","inLanguage":"de","@id":"https:\/\/www.organisator.ch\/sustainability\/2020-12-24\/kanton-zuerich-hat-rohstoff-versorgungssicherheit-im-fokus\/#primaryimage","url":"https:\/\/www.organisator.ch\/wp-content\/uploads\/2020\/12\/Kunststoff.jpg","contentUrl":"https:\/\/www.organisator.ch\/wp-content\/uploads\/2020\/12\/Kunststoff.jpg","width":1258,"height":805,"caption":"Quelle: Kanton Z\u00fcrich Baudirektion"},{"@type":"BreadcrumbList","@id":"https:\/\/www.organisator.ch\/sustainability\/2020-12-24\/kanton-zuerich-hat-rohstoff-versorgungssicherheit-im-fokus\/#breadcrumb","itemListElement":[{"@type":"ListItem","position":1,"name":"Home","item":"https:\/\/www.organisator.ch\/"},{"@type":"ListItem","position":2,"name":"Kanton Z\u00fcrich hat Rohstoff-Versorgungssicherheit im Fokus"}]},{"@type":"WebSite","@id":"https:\/\/www.organisator.ch\/#website","url":"https:\/\/www.organisator.ch\/","name":"Organisator","description":"Kompetent. Praxisnah. Der ORGANISATOR bereitet in 10 Ausgaben pro Jahr die wesentlichen Themen f\u00fcr F\u00fchrungskr\u00e4fte von KMU auf.","publisher":{"@id":"https:\/\/www.organisator.ch\/#organization"},"potentialAction":[{"@type":"SearchAction","target":{"@type":"EntryPoint","urlTemplate":"https:\/\/www.organisator.ch\/?s={search_term_string}"},"query-input":{"@type":"PropertyValueSpecification","valueRequired":true,"valueName":"search_term_string"}}],"inLanguage":"de"},{"@type":"Organization","@id":"https:\/\/www.organisator.ch\/#organization","name":"Organisator","url":"https:\/\/www.organisator.ch\/","logo":{"@type":"ImageObject","inLanguage":"de","@id":"https:\/\/www.organisator.ch\/#\/schema\/logo\/image\/","url":"https:\/\/www.organisator.ch\/wp-content\/uploads\/2022\/01\/Logo_Organisator_Website.png","contentUrl":"https:\/\/www.organisator.ch\/wp-content\/uploads\/2022\/01\/Logo_Organisator_Website.png","width":800,"height":77,"caption":"Organisator"},"image":{"@id":"https:\/\/www.organisator.ch\/#\/schema\/logo\/image\/"},"sameAs":["https:\/\/www.facebook.com\/OrganisatorFachmagazin","https:\/\/www.linkedin.com\/showcase\/organisator-das-magazin-fr-kmu","https:\/\/www.xing.com\/news\/pages\/organisator-ch-695","https:\/\/www.youtube.com\/channel\/UCGP2Sq0iWaZwT3BdIAQFYpw"]},{"@type":"Person","@id":"https:\/\/www.organisator.ch\/#\/schema\/person\/a800b8c54e208b160517a7dcc323161d","name":"roger.straessle","image":{"@type":"ImageObject","inLanguage":"de","@id":"https:\/\/secure.gravatar.com\/avatar\/?s=96&d=mm&r=g","url":"https:\/\/secure.gravatar.com\/avatar\/?s=96&d=mm&r=g","contentUrl":"https:\/\/secure.gravatar.com\/avatar\/?s=96&d=mm&r=g","caption":"roger.straessle"},"url":"https:\/\/www.organisator.ch\/de\/author\/roger-straessle\/"}]}},"_links":{"self":[{"href":"https:\/\/www.organisator.ch\/de\/wp-json\/wp\/v2\/posts\/3615","targetHints":{"allow":["GET"]}}],"collection":[{"href":"https:\/\/www.organisator.ch\/de\/wp-json\/wp\/v2\/posts"}],"about":[{"href":"https:\/\/www.organisator.ch\/de\/wp-json\/wp\/v2\/types\/post"}],"author":[{"embeddable":true,"href":"https:\/\/www.organisator.ch\/de\/wp-json\/wp\/v2\/users\/6"}],"replies":[{"embeddable":true,"href":"https:\/\/www.organisator.ch\/de\/wp-json\/wp\/v2\/comments?post=3615"}],"version-history":[{"count":1,"href":"https:\/\/www.organisator.ch\/de\/wp-json\/wp\/v2\/posts\/3615\/revisions"}],"predecessor-version":[{"id":10381,"href":"https:\/\/www.organisator.ch\/de\/wp-json\/wp\/v2\/posts\/3615\/revisions\/10381"}],"wp:featuredmedia":[{"embeddable":true,"href":"https:\/\/www.organisator.ch\/de\/wp-json\/wp\/v2\/media\/3616"}],"wp:attachment":[{"href":"https:\/\/www.organisator.ch\/de\/wp-json\/wp\/v2\/media?parent=3615"}],"wp:term":[{"taxonomy":"category","embeddable":true,"href":"https:\/\/www.organisator.ch\/de\/wp-json\/wp\/v2\/categories?post=3615"},{"taxonomy":"post_tag","embeddable":true,"href":"https:\/\/www.organisator.ch\/de\/wp-json\/wp\/v2\/tags?post=3615"}],"curies":[{"name":"wp","href":"https:\/\/api.w.org\/{rel}","templated":true}]}}