{"id":36286,"date":"2025-02-24T07:35:15","date_gmt":"2025-02-24T06:35:15","guid":{"rendered":"https:\/\/www.markt-kom.com\/?p=230871"},"modified":"2025-02-24T07:35:07","modified_gmt":"2025-02-24T06:35:07","slug":"mediatonic-erneut-an-der-spitze-des-recma-rankings","status":"publish","type":"post","link":"https:\/\/www.organisator.ch\/de\/marketing\/2025-02-24\/mediatonic-erneut-an-der-spitze-des-recma-rankings\/","title":{"rendered":"Mediatonic erneut an der Spitze des Recma-Rankings"},"content":{"rendered":"<figure id=\"attachment_230873\" class=\"wp-caption aligncenter\" style=\"width: 905px;\" aria-describedby=\"caption-attachment-230873\"><a href=\"https:\/\/www.markt-kom.com\/wp-content\/uploads\/2025\/02\/mediatonic-management-muk-zvg.png\"><img class=\"size-full wp-image-230873\" src=\"https:\/\/www.markt-kom.com\/wp-content\/uploads\/2025\/02\/mediatonic-management-muk-zvg.png\" sizes=\"(max-width: 905px) 100vw, 905px\" srcset=\"https:\/\/www.markt-kom.com\/wp-content\/uploads\/2025\/02\/mediatonic-management-muk-zvg.png 905w, https:\/\/www.markt-kom.com\/wp-content\/uploads\/2025\/02\/mediatonic-management-muk-zvg-600x401.png 600w, https:\/\/www.markt-kom.com\/wp-content\/uploads\/2025\/02\/mediatonic-management-muk-zvg-768x513.png 768w, https:\/\/www.markt-kom.com\/wp-content\/uploads\/2025\/02\/mediatonic-management-muk-zvg-18x12.png 18w, https:\/\/www.markt-kom.com\/wp-content\/uploads\/2025\/02\/mediatonic-management-muk-zvg-262x175.png 262w, https:\/\/www.markt-kom.com\/wp-content\/uploads\/2025\/02\/mediatonic-management-muk-zvg-524x350.png 524w\" alt=\"\" width=\"905\" height=\"605\" \/><\/a>\r\n<figcaption id=\"caption-attachment-230873\" class=\"wp-caption-text\">Das Management von Mediatonic (v.l.n.r.): Claudia Schroeter, Co-owner &amp; Head of TV, Marco Rose, Co-owner &amp; Head of Strategy, Christian-Kumar Meier, Head of Transformation, Chris Fluckiger, Founder &amp; CEO, Joey Allegro, Financial Officer, Julie Rossi, Co-owner &amp; Head of HR und Administration, Matthieu Robert, Co-owner &amp; Head of Digital. (Bild: zVg.)<\/figcaption>\r\n<\/figure>\r\n<p>Die <a href=\"https:\/\/www.recma.com\/\" rel=\"noopener\">Research Company Evaluating the Media Agency Industry Recma<\/a> wurde 1991 gegr\u00fcndet und hat sich auf die Bewertung und Analyse von Medienagenturen in rund 60 L\u00e4ndern spezialisiert.<\/p>\r\n<p>Das internationale Ranking ber\u00fccksichtigt neben Umsatz und Gr\u00f6sse der Mediaagenturen vor allem Faktoren wie langj\u00e4hrige Kundenbeziehungen, den Spezialist:innenanteil in datengetriebenen Medienstrategien und die Positionierung im Markt.<\/p>\r\n<p>Chris Fluckiger, CEO und Gr\u00fcnder von Mediatonic, sieht in der erneuten Spitzenplatzierung eine Best\u00e4tigung f\u00fcr die Strategie der Agentur: \u00abUnsere Spitzenposition im Recma-Ranking zeigt, dass nachhaltiger Erfolg nicht nur von technologischen F\u00e4higkeiten abh\u00e4ngt. Es ist die Kombination aus digitaler Kompetenz, menschlicher Expertise und langfristigen Partnerschaften, die den Unterschied macht.\u00bb<\/p>\r\n<p>Die Schweizer Medienlandschaft befindet sich im Umbruch, und digitale Strategien gewinnen an Bedeutung. Mediatonic setzt dabei auf eine Verbindung aus datengetriebener Analyse und individueller Beratung. Die Agentur will mit diesem Ansatz weiterhin Stabilit\u00e4t und Innovation verbinden, um Kund:innen optimal durch die sich ver\u00e4ndernde Medienwelt zu navigieren.<\/p>","protected":false},"excerpt":{"rendered":"<p>Im aktuellen \u00abRecma Media agency profile classification Quali-pack Switzerland\u00bb belegt die Genfer Agentur Mediatonic zum vierten Mal in Folge den ersten Platz.<\/p>\n","protected":false},"author":8,"featured_media":0,"comment_status":"closed","ping_status":"closed","sticky":false,"template":"","format":"standard","meta":{"_acf_changed":false,"_yoast_wpseo_focuskw":"Recma-Ranking","_yoast_wpseo_metadesc":"Genfer Agentur Mediatonic: Vierter Spitzenplatz im Recma-Ranking dank digitaler Kompetenz und starker Partnerschaften.","articlekey":"","footnotes":""},"categories":[29],"tags":[4345,2867,5111],"class_list":["post-36286","post","type-post","status-publish","format-standard","hentry","category-marketing","tag-business","tag-mediatonic","tag-recma"],"acf":[],"yoast_head":"<!-- This site is optimized with the Yoast SEO plugin v27.5 - https:\/\/yoast.com\/product\/yoast-seo-wordpress\/ -->\n<title>Mediatonic erneut an der Spitze des Recma-Rankings - Organisator<\/title>\n<meta name=\"description\" content=\"Genfer Agentur Mediatonic: Vierter Spitzenplatz im Recma-Ranking dank digitaler Kompetenz und starker Partnerschaften.\" \/>\n<meta name=\"robots\" content=\"index, follow, max-snippet:-1, max-image-preview:large, max-video-preview:-1\" \/>\n<link rel=\"canonical\" href=\"https:\/\/www.organisator.ch\/de\/marketing\/2025-02-24\/mediatonic-erneut-an-der-spitze-des-recma-rankings\/\" \/>\n<meta property=\"og:locale\" content=\"de_DE\" \/>\n<meta property=\"og:type\" content=\"article\" \/>\n<meta property=\"og:title\" content=\"Mediatonic erneut an der Spitze des Recma-Rankings - Organisator\" \/>\n<meta property=\"og:description\" content=\"Genfer Agentur Mediatonic: Vierter Spitzenplatz im Recma-Ranking dank digitaler Kompetenz und starker Partnerschaften.\" \/>\n<meta property=\"og:url\" content=\"https:\/\/www.organisator.ch\/de\/marketing\/2025-02-24\/mediatonic-erneut-an-der-spitze-des-recma-rankings\/\" \/>\n<meta property=\"og:site_name\" content=\"Organisator\" \/>\n<meta property=\"article:publisher\" content=\"https:\/\/www.facebook.com\/OrganisatorFachmagazin\" \/>\n<meta property=\"article:published_time\" content=\"2025-02-24T06:35:15+00:00\" \/>\n<meta name=\"author\" content=\"galledia\" \/>\n<meta name=\"twitter:card\" content=\"summary_large_image\" \/>\n<meta name=\"twitter:creator\" content=\"@admin\" \/>\n<script type=\"application\/ld+json\" class=\"yoast-schema-graph\">{\"@context\":\"https:\\\/\\\/schema.org\",\"@graph\":[{\"@type\":\"Article\",\"@id\":\"https:\\\/\\\/www.organisator.ch\\\/marketing\\\/2025-02-24\\\/mediatonic-erneut-an-der-spitze-des-recma-rankings\\\/#article\",\"isPartOf\":{\"@id\":\"https:\\\/\\\/www.organisator.ch\\\/marketing\\\/2025-02-24\\\/mediatonic-erneut-an-der-spitze-des-recma-rankings\\\/\"},\"author\":{\"name\":\"galledia\",\"@id\":\"https:\\\/\\\/www.organisator.ch\\\/#\\\/schema\\\/person\\\/4e51799071cd2dd1232ac003643ef5f0\"},\"headline\":\"Mediatonic erneut an der Spitze des Recma-Rankings\",\"datePublished\":\"2025-02-24T06:35:15+00:00\",\"mainEntityOfPage\":{\"@id\":\"https:\\\/\\\/www.organisator.ch\\\/marketing\\\/2025-02-24\\\/mediatonic-erneut-an-der-spitze-des-recma-rankings\\\/\"},\"wordCount\":221,\"publisher\":{\"@id\":\"https:\\\/\\\/www.organisator.ch\\\/#organization\"},\"image\":{\"@id\":\"https:\\\/\\\/www.organisator.ch\\\/marketing\\\/2025-02-24\\\/mediatonic-erneut-an-der-spitze-des-recma-rankings\\\/#primaryimage\"},\"thumbnailUrl\":\"https:\\\/\\\/www.markt-kom.com\\\/wp-content\\\/uploads\\\/2025\\\/02\\\/mediatonic-management-muk-zvg.png\",\"keywords\":[\"Business\",\"Mediatonic\",\"Recma\"],\"articleSection\":[\"MARKETING\"],\"inLanguage\":\"de\"},{\"@type\":\"WebPage\",\"@id\":\"https:\\\/\\\/www.organisator.ch\\\/marketing\\\/2025-02-24\\\/mediatonic-erneut-an-der-spitze-des-recma-rankings\\\/\",\"url\":\"https:\\\/\\\/www.organisator.ch\\\/marketing\\\/2025-02-24\\\/mediatonic-erneut-an-der-spitze-des-recma-rankings\\\/\",\"name\":\"Mediatonic erneut an der Spitze des Recma-Rankings - Organisator\",\"isPartOf\":{\"@id\":\"https:\\\/\\\/www.organisator.ch\\\/#website\"},\"primaryImageOfPage\":{\"@id\":\"https:\\\/\\\/www.organisator.ch\\\/marketing\\\/2025-02-24\\\/mediatonic-erneut-an-der-spitze-des-recma-rankings\\\/#primaryimage\"},\"image\":{\"@id\":\"https:\\\/\\\/www.organisator.ch\\\/marketing\\\/2025-02-24\\\/mediatonic-erneut-an-der-spitze-des-recma-rankings\\\/#primaryimage\"},\"thumbnailUrl\":\"https:\\\/\\\/www.markt-kom.com\\\/wp-content\\\/uploads\\\/2025\\\/02\\\/mediatonic-management-muk-zvg.png\",\"datePublished\":\"2025-02-24T06:35:15+00:00\",\"description\":\"Genfer Agentur Mediatonic: Vierter Spitzenplatz im Recma-Ranking dank digitaler Kompetenz und starker Partnerschaften.\",\"breadcrumb\":{\"@id\":\"https:\\\/\\\/www.organisator.ch\\\/marketing\\\/2025-02-24\\\/mediatonic-erneut-an-der-spitze-des-recma-rankings\\\/#breadcrumb\"},\"inLanguage\":\"de\",\"potentialAction\":[{\"@type\":\"ReadAction\",\"target\":[\"https:\\\/\\\/www.organisator.ch\\\/marketing\\\/2025-02-24\\\/mediatonic-erneut-an-der-spitze-des-recma-rankings\\\/\"]}]},{\"@type\":\"ImageObject\",\"inLanguage\":\"de\",\"@id\":\"https:\\\/\\\/www.organisator.ch\\\/marketing\\\/2025-02-24\\\/mediatonic-erneut-an-der-spitze-des-recma-rankings\\\/#primaryimage\",\"url\":\"https:\\\/\\\/www.markt-kom.com\\\/wp-content\\\/uploads\\\/2025\\\/02\\\/mediatonic-management-muk-zvg.png\",\"contentUrl\":\"https:\\\/\\\/www.markt-kom.com\\\/wp-content\\\/uploads\\\/2025\\\/02\\\/mediatonic-management-muk-zvg.png\"},{\"@type\":\"BreadcrumbList\",\"@id\":\"https:\\\/\\\/www.organisator.ch\\\/marketing\\\/2025-02-24\\\/mediatonic-erneut-an-der-spitze-des-recma-rankings\\\/#breadcrumb\",\"itemListElement\":[{\"@type\":\"ListItem\",\"position\":1,\"name\":\"Home\",\"item\":\"https:\\\/\\\/www.organisator.ch\\\/\"},{\"@type\":\"ListItem\",\"position\":2,\"name\":\"Mediatonic erneut an der Spitze des Recma-Rankings\"}]},{\"@type\":\"WebSite\",\"@id\":\"https:\\\/\\\/www.organisator.ch\\\/#website\",\"url\":\"https:\\\/\\\/www.organisator.ch\\\/\",\"name\":\"Organisator\",\"description\":\"Kompetent. Praxisnah. Der ORGANISATOR bereitet in 10 Ausgaben pro Jahr die wesentlichen Themen f\u00fcr F\u00fchrungskr\u00e4fte von KMU auf.\",\"publisher\":{\"@id\":\"https:\\\/\\\/www.organisator.ch\\\/#organization\"},\"potentialAction\":[{\"@type\":\"SearchAction\",\"target\":{\"@type\":\"EntryPoint\",\"urlTemplate\":\"https:\\\/\\\/www.organisator.ch\\\/?s={search_term_string}\"},\"query-input\":{\"@type\":\"PropertyValueSpecification\",\"valueRequired\":true,\"valueName\":\"search_term_string\"}}],\"inLanguage\":\"de\"},{\"@type\":\"Organization\",\"@id\":\"https:\\\/\\\/www.organisator.ch\\\/#organization\",\"name\":\"Organisator\",\"url\":\"https:\\\/\\\/www.organisator.ch\\\/\",\"logo\":{\"@type\":\"ImageObject\",\"inLanguage\":\"de\",\"@id\":\"https:\\\/\\\/www.organisator.ch\\\/#\\\/schema\\\/logo\\\/image\\\/\",\"url\":\"https:\\\/\\\/www.organisator.ch\\\/wp-content\\\/uploads\\\/2022\\\/01\\\/Logo_Organisator_Website.png\",\"contentUrl\":\"https:\\\/\\\/www.organisator.ch\\\/wp-content\\\/uploads\\\/2022\\\/01\\\/Logo_Organisator_Website.png\",\"width\":800,\"height\":77,\"caption\":\"Organisator\"},\"image\":{\"@id\":\"https:\\\/\\\/www.organisator.ch\\\/#\\\/schema\\\/logo\\\/image\\\/\"},\"sameAs\":[\"https:\\\/\\\/www.facebook.com\\\/OrganisatorFachmagazin\",\"https:\\\/\\\/www.linkedin.com\\\/showcase\\\/organisator-das-magazin-fr-kmu\",\"https:\\\/\\\/www.xing.com\\\/news\\\/pages\\\/organisator-ch-695\",\"https:\\\/\\\/www.youtube.com\\\/channel\\\/UCGP2Sq0iWaZwT3BdIAQFYpw\"]},{\"@type\":\"Person\",\"@id\":\"https:\\\/\\\/www.organisator.ch\\\/#\\\/schema\\\/person\\\/4e51799071cd2dd1232ac003643ef5f0\",\"name\":\"galledia\",\"image\":{\"@type\":\"ImageObject\",\"inLanguage\":\"de\",\"@id\":\"https:\\\/\\\/secure.gravatar.com\\\/avatar\\\/78a7f90c01fc2bfc875782a0d4922b37cde2cf184ce347b91316d23cd7f69a36?s=96&d=mm&r=g\",\"url\":\"https:\\\/\\\/secure.gravatar.com\\\/avatar\\\/78a7f90c01fc2bfc875782a0d4922b37cde2cf184ce347b91316d23cd7f69a36?s=96&d=mm&r=g\",\"contentUrl\":\"https:\\\/\\\/secure.gravatar.com\\\/avatar\\\/78a7f90c01fc2bfc875782a0d4922b37cde2cf184ce347b91316d23cd7f69a36?s=96&d=mm&r=g\",\"caption\":\"galledia\"},\"sameAs\":[\"https:\\\/\\\/x.com\\\/admin\"],\"url\":\"https:\\\/\\\/www.organisator.ch\\\/de\\\/author\\\/galledia\\\/\"}]}<\/script>\n<!-- \/ Yoast SEO plugin. -->","yoast_head_json":{"title":"Mediatonic erneut an der Spitze des Recma-Rankings - Organisator","description":"Genfer Agentur Mediatonic: Vierter Spitzenplatz im Recma-Ranking dank digitaler Kompetenz und starker Partnerschaften.","robots":{"index":"index","follow":"follow","max-snippet":"max-snippet:-1","max-image-preview":"max-image-preview:large","max-video-preview":"max-video-preview:-1"},"canonical":"https:\/\/www.organisator.ch\/de\/marketing\/2025-02-24\/mediatonic-erneut-an-der-spitze-des-recma-rankings\/","og_locale":"de_DE","og_type":"article","og_title":"Mediatonic erneut an der Spitze des Recma-Rankings - Organisator","og_description":"Genfer Agentur Mediatonic: Vierter Spitzenplatz im Recma-Ranking dank digitaler Kompetenz und starker Partnerschaften.","og_url":"https:\/\/www.organisator.ch\/de\/marketing\/2025-02-24\/mediatonic-erneut-an-der-spitze-des-recma-rankings\/","og_site_name":"Organisator","article_publisher":"https:\/\/www.facebook.com\/OrganisatorFachmagazin","article_published_time":"2025-02-24T06:35:15+00:00","author":"galledia","twitter_card":"summary_large_image","twitter_creator":"@admin","schema":{"@context":"https:\/\/schema.org","@graph":[{"@type":"Article","@id":"https:\/\/www.organisator.ch\/marketing\/2025-02-24\/mediatonic-erneut-an-der-spitze-des-recma-rankings\/#article","isPartOf":{"@id":"https:\/\/www.organisator.ch\/marketing\/2025-02-24\/mediatonic-erneut-an-der-spitze-des-recma-rankings\/"},"author":{"name":"galledia","@id":"https:\/\/www.organisator.ch\/#\/schema\/person\/4e51799071cd2dd1232ac003643ef5f0"},"headline":"Mediatonic erneut an der Spitze des Recma-Rankings","datePublished":"2025-02-24T06:35:15+00:00","mainEntityOfPage":{"@id":"https:\/\/www.organisator.ch\/marketing\/2025-02-24\/mediatonic-erneut-an-der-spitze-des-recma-rankings\/"},"wordCount":221,"publisher":{"@id":"https:\/\/www.organisator.ch\/#organization"},"image":{"@id":"https:\/\/www.organisator.ch\/marketing\/2025-02-24\/mediatonic-erneut-an-der-spitze-des-recma-rankings\/#primaryimage"},"thumbnailUrl":"https:\/\/www.markt-kom.com\/wp-content\/uploads\/2025\/02\/mediatonic-management-muk-zvg.png","keywords":["Business","Mediatonic","Recma"],"articleSection":["MARKETING"],"inLanguage":"de"},{"@type":"WebPage","@id":"https:\/\/www.organisator.ch\/marketing\/2025-02-24\/mediatonic-erneut-an-der-spitze-des-recma-rankings\/","url":"https:\/\/www.organisator.ch\/marketing\/2025-02-24\/mediatonic-erneut-an-der-spitze-des-recma-rankings\/","name":"Mediatonic erneut an der Spitze des Recma-Rankings - Organisator","isPartOf":{"@id":"https:\/\/www.organisator.ch\/#website"},"primaryImageOfPage":{"@id":"https:\/\/www.organisator.ch\/marketing\/2025-02-24\/mediatonic-erneut-an-der-spitze-des-recma-rankings\/#primaryimage"},"image":{"@id":"https:\/\/www.organisator.ch\/marketing\/2025-02-24\/mediatonic-erneut-an-der-spitze-des-recma-rankings\/#primaryimage"},"thumbnailUrl":"https:\/\/www.markt-kom.com\/wp-content\/uploads\/2025\/02\/mediatonic-management-muk-zvg.png","datePublished":"2025-02-24T06:35:15+00:00","description":"Genfer Agentur Mediatonic: Vierter Spitzenplatz im Recma-Ranking dank digitaler Kompetenz und starker Partnerschaften.","breadcrumb":{"@id":"https:\/\/www.organisator.ch\/marketing\/2025-02-24\/mediatonic-erneut-an-der-spitze-des-recma-rankings\/#breadcrumb"},"inLanguage":"de","potentialAction":[{"@type":"ReadAction","target":["https:\/\/www.organisator.ch\/marketing\/2025-02-24\/mediatonic-erneut-an-der-spitze-des-recma-rankings\/"]}]},{"@type":"ImageObject","inLanguage":"de","@id":"https:\/\/www.organisator.ch\/marketing\/2025-02-24\/mediatonic-erneut-an-der-spitze-des-recma-rankings\/#primaryimage","url":"https:\/\/www.markt-kom.com\/wp-content\/uploads\/2025\/02\/mediatonic-management-muk-zvg.png","contentUrl":"https:\/\/www.markt-kom.com\/wp-content\/uploads\/2025\/02\/mediatonic-management-muk-zvg.png"},{"@type":"BreadcrumbList","@id":"https:\/\/www.organisator.ch\/marketing\/2025-02-24\/mediatonic-erneut-an-der-spitze-des-recma-rankings\/#breadcrumb","itemListElement":[{"@type":"ListItem","position":1,"name":"Home","item":"https:\/\/www.organisator.ch\/"},{"@type":"ListItem","position":2,"name":"Mediatonic erneut an der Spitze des Recma-Rankings"}]},{"@type":"WebSite","@id":"https:\/\/www.organisator.ch\/#website","url":"https:\/\/www.organisator.ch\/","name":"Organisator","description":"Kompetent. Praxisnah. Der ORGANISATOR bereitet in 10 Ausgaben pro Jahr die wesentlichen Themen f\u00fcr F\u00fchrungskr\u00e4fte von KMU auf.","publisher":{"@id":"https:\/\/www.organisator.ch\/#organization"},"potentialAction":[{"@type":"SearchAction","target":{"@type":"EntryPoint","urlTemplate":"https:\/\/www.organisator.ch\/?s={search_term_string}"},"query-input":{"@type":"PropertyValueSpecification","valueRequired":true,"valueName":"search_term_string"}}],"inLanguage":"de"},{"@type":"Organization","@id":"https:\/\/www.organisator.ch\/#organization","name":"Organisator","url":"https:\/\/www.organisator.ch\/","logo":{"@type":"ImageObject","inLanguage":"de","@id":"https:\/\/www.organisator.ch\/#\/schema\/logo\/image\/","url":"https:\/\/www.organisator.ch\/wp-content\/uploads\/2022\/01\/Logo_Organisator_Website.png","contentUrl":"https:\/\/www.organisator.ch\/wp-content\/uploads\/2022\/01\/Logo_Organisator_Website.png","width":800,"height":77,"caption":"Organisator"},"image":{"@id":"https:\/\/www.organisator.ch\/#\/schema\/logo\/image\/"},"sameAs":["https:\/\/www.facebook.com\/OrganisatorFachmagazin","https:\/\/www.linkedin.com\/showcase\/organisator-das-magazin-fr-kmu","https:\/\/www.xing.com\/news\/pages\/organisator-ch-695","https:\/\/www.youtube.com\/channel\/UCGP2Sq0iWaZwT3BdIAQFYpw"]},{"@type":"Person","@id":"https:\/\/www.organisator.ch\/#\/schema\/person\/4e51799071cd2dd1232ac003643ef5f0","name":"galledia","image":{"@type":"ImageObject","inLanguage":"de","@id":"https:\/\/secure.gravatar.com\/avatar\/78a7f90c01fc2bfc875782a0d4922b37cde2cf184ce347b91316d23cd7f69a36?s=96&d=mm&r=g","url":"https:\/\/secure.gravatar.com\/avatar\/78a7f90c01fc2bfc875782a0d4922b37cde2cf184ce347b91316d23cd7f69a36?s=96&d=mm&r=g","contentUrl":"https:\/\/secure.gravatar.com\/avatar\/78a7f90c01fc2bfc875782a0d4922b37cde2cf184ce347b91316d23cd7f69a36?s=96&d=mm&r=g","caption":"galledia"},"sameAs":["https:\/\/x.com\/admin"],"url":"https:\/\/www.organisator.ch\/de\/author\/galledia\/"}]}},"_links":{"self":[{"href":"https:\/\/www.organisator.ch\/de\/wp-json\/wp\/v2\/posts\/36286","targetHints":{"allow":["GET"]}}],"collection":[{"href":"https:\/\/www.organisator.ch\/de\/wp-json\/wp\/v2\/posts"}],"about":[{"href":"https:\/\/www.organisator.ch\/de\/wp-json\/wp\/v2\/types\/post"}],"author":[{"embeddable":true,"href":"https:\/\/www.organisator.ch\/de\/wp-json\/wp\/v2\/users\/8"}],"replies":[{"embeddable":true,"href":"https:\/\/www.organisator.ch\/de\/wp-json\/wp\/v2\/comments?post=36286"}],"version-history":[{"count":3,"href":"https:\/\/www.organisator.ch\/de\/wp-json\/wp\/v2\/posts\/36286\/revisions"}],"predecessor-version":[{"id":36296,"href":"https:\/\/www.organisator.ch\/de\/wp-json\/wp\/v2\/posts\/36286\/revisions\/36296"}],"wp:attachment":[{"href":"https:\/\/www.organisator.ch\/de\/wp-json\/wp\/v2\/media?parent=36286"}],"wp:term":[{"taxonomy":"category","embeddable":true,"href":"https:\/\/www.organisator.ch\/de\/wp-json\/wp\/v2\/categories?post=36286"},{"taxonomy":"post_tag","embeddable":true,"href":"https:\/\/www.organisator.ch\/de\/wp-json\/wp\/v2\/tags?post=36286"}],"curies":[{"name":"wp","href":"https:\/\/api.w.org\/{rel}","templated":true}]}}