{"id":363,"date":"2016-11-22T14:38:29","date_gmt":"2016-11-22T13:38:29","guid":{"rendered":"http:\/\/dev.organisator.ch\/?p=363"},"modified":"2016-11-22T14:38:29","modified_gmt":"2016-11-22T13:38:29","slug":"bilaterale-vertraege-wichtig-fuer-eine-offene-schweiz","status":"publish","type":"post","link":"https:\/\/www.organisator.ch\/de\/allgemein\/2016-11-22\/bilaterale-vertraege-wichtig-fuer-eine-offene-schweiz\/","title":{"rendered":"Bilaterale Vertr\u00e4ge wichtig f\u00fcr eine offene Schweiz"},"content":{"rendered":"<figure id=\"attachment_364\" aria-describedby=\"caption-attachment-364\" style=\"width: 500px\" class=\"wp-caption alignnone\"><img loading=\"lazy\" decoding=\"async\" class=\"size-full wp-image-364\" src=\"https:\/\/www.organisator.ch\/wp-content\/uploads\/2016\/12\/Bilaterale-Vertraege-wichtig-fuer-eine-offene-Schweiz-organisator.jpg\" alt=\"\" width=\"500\" height=\"333\" srcset=\"https:\/\/www.organisator.ch\/wp-content\/uploads\/2016\/12\/Bilaterale-Vertraege-wichtig-fuer-eine-offene-Schweiz-organisator.jpg 500w, https:\/\/www.organisator.ch\/wp-content\/uploads\/2016\/12\/Bilaterale-Vertraege-wichtig-fuer-eine-offene-Schweiz-organisator-16x12.jpg 16w, https:\/\/www.organisator.ch\/wp-content\/uploads\/2016\/12\/Bilaterale-Vertraege-wichtig-fuer-eine-offene-Schweiz-organisator-263x175.jpg 263w, https:\/\/www.organisator.ch\/wp-content\/uploads\/2016\/12\/Bilaterale-Vertraege-wichtig-fuer-eine-offene-Schweiz-organisator-300x200.jpg 300w\" sizes=\"auto, (max-width: 500px) 100vw, 500px\" \/><figcaption id=\"caption-attachment-364\" class=\"wp-caption-text\">Laut der Z\u00fcrcher Handelskammer repr\u00e4sentiert Z\u00fcrich die Weltoffenheit und Wirtschaftlichkeit der gesamten Schweiz. (Bild: depositphotos_lightpoet)<\/figcaption><\/figure>\n<blockquote><p>Google Schweiz, aber auch die Life Science-KMU InSphero AG in Schlieren betonten die Wichtigkeit herausragender und international vernetzter Universit\u00e4ten sowie die M\u00f6glichkeit zur Rekrutierung von Spezialistinnen und Spezialisten.<\/p><\/blockquote>\n<p>Die Schweiz ist heute wirtschaftlich, politisch und kulturell rund um den Globus, aber besonders in Europa vernetzt. Zahlreiche heimische Unternehmen treiben die Innovation voran und schaffen sichere Arbeitspl\u00e4tze, weil sie von dieser Offenheit profitieren. Die bilateralen Vertr\u00e4ge mit der EU sind ein zentraler Bestandteil dieses Gef\u00fcges.<\/p>\n<p>Sie sind nicht nur f\u00fcr die Exportwirtschaft entscheidend, sondern auch f\u00fcr den Forschungsstandort Schweiz. Denn dank diesen Vertr\u00e4gen ist die Schweiz an das europ\u00e4ische Forschungsnetzwerk angebunden, das weltweit einzigartig ist. &#8222;Allerdings&#8220;, betont die Z\u00fcrcher Handelskammer, &#8222;steht diese Anbindung seit der Annahme der Zuwanderungsinitiative im Februar 2014 unter Druck.&#8220;<\/p>\n<p><strong>Schweizer Beziehungen \u00a0<\/strong><\/p>\n<p>\u00dcber die Bedeutung dieser Vertr\u00e4ge f\u00fcr Wirtschaft und Forschung haben heute im Rahmen der von der Z\u00fcrcher Handelskammer in Zusammenarbeit mit Interpharma, swissuniversities und stark+vernetzt (economiesuisse) organisierten Abendveranstaltung \u201eWirtschaftliche Offenheit \u2013 Schweiz quo vadis?\u201c Vertreterinnen und Vertreter aus Wissenschaft und Wirtschaft diskutiert.<\/p>\n<p>Sie alle betonten die Wichtigkeit der bilateralen Vertr\u00e4ge mit der EU: Novartis-L\u00e4nderpr\u00e4sident Andr\u00e9 Wyss erl\u00e4uterte in seinem Einstiegsreferat, warum die Schweizer Pharmaindustrie, die \u00fcber die H\u00e4lfte ihres Auslandsumsatzes in Europa macht, auf offene Beziehungen mit der EU angewiesen ist: \u201eDen unb\u00fcrokratischen Zugang zum europ\u00e4ischen Markt und zu europ\u00e4ischen Fachkr\u00e4ften zu verlieren, w\u00e4re f\u00fcr uns alle \u00e4usserst schmerzhaft, auch weil die Wirtschaft in anderen Bereichen ebenfalls unter Druck steht.\u201c<\/p>\n<p>Roche-Verwaltungsratspr\u00e4sident Christoph Franz hob hervor, dass die Schweiz mit den bilateralen Vertr\u00e4gen \u201eden F\u00fcnfer und das Weggli\u201c habe: N\u00e4mlich sowohl eine solide Basis f\u00fcr gute Handelsbeziehungen mit den 28 EU-Staaten als auch die politische Unabh\u00e4ngigkeit von der EU.\u00a0 Prof. Dr. Michael O. Hengartner, der Rektor der Universit\u00e4t Z\u00fcrich, unterstich die Bedeutung der Forschungszusammenarbeit mit der EU f\u00fcr die Schweizer Hochschullandschaft.<\/p>\n<p><strong>F\u00fcr Wissenschaft bedeutend<\/strong><\/p>\n<p>Prof. Dr. Michael O. Hengartner: \u201eUm weiterhin in der Champions League der Forschung mitspielen zu k\u00f6nnen, braucht es die Anbindung an die europ\u00e4ischen Forschungsprogramme.\u201c Patrick Warnking, Country Director von Google Schweiz, und Jan Lichtenberg, Mitgr\u00fcnder und CEO des Life Science-KMU InSphero AG in Schlieren, betonten die Wichtigkeit herausragender und international vernetzter Universit\u00e4ten sowie die M\u00f6glichkeit zur Rekrutierung von Spezialistinnen und Spezialisten auch im Ausland f\u00fcr ihre Firmen.<\/p>\n<p>Die Direktorin der Z\u00fcrcher Handelskammer, Regine Sauter, veranschaulichte, wie exemplarisch Z\u00fcrich f\u00fcr die Internationalit\u00e4t der Schweizer Wirtschaft steht: \u201eDiese Offenheit ist ein wichtiger Faktor f\u00fcr die Attraktivit\u00e4t des Standorts Z\u00fcrich.\u201c<\/p>\n<p>Wirtschaft und Wissenschaft werden sich weiterhin motiviert daf\u00fcr einsetzen, Schweizern B\u00fcrgerinnen und B\u00fcrgern den Wert und die Bedeutung von offenen Handelsbeziehungen f\u00fcr die Schweiz zu vermitteln.<\/p>\n<p><a href=\"http:\/\/www.zhk.ch\" target=\"_blank\" rel=\"noreferrer noopener\" data-cke-saved-href=\"http:\/\/www.zhk.ch\">www.zhk.ch<\/a><\/p>\n","protected":false},"excerpt":{"rendered":"<p>Google Schweiz, aber auch die Life Science-KMU InSphero AG in Schlieren betonten die Wichtigkeit herausragender und international vernetzter Universit\u00e4ten sowie die M\u00f6glichkeit zur Rekrutierung von Spezialistinnen und Spezialisten. Die Schweiz ist heute wirtschaftlich, politisch und kulturell rund um den Globus, aber besonders in Europa vernetzt. Zahlreiche heimische Unternehmen treiben die Innovation voran und schaffen sichere [&hellip;]<\/p>\n","protected":false},"author":1,"featured_media":364,"comment_status":"open","ping_status":"open","sticky":false,"template":"","format":"standard","meta":{"_acf_changed":false,"_yoast_wpseo_focuskw":"Bilaterale Vertr\u00e4ge","_yoast_wpseo_metadesc":"Vertreter aus Wissenschaft und Wirtschaft haben \u00fcber die Bedeutung internationaler Vernetztheit und der bilateralen Vertr\u00e4ge mit der EU diskutiert.","articlekey":"","footnotes":""},"categories":[1],"tags":[218,533],"class_list":["post-363","post","type-post","status-publish","format-standard","has-post-thumbnail","hentry","category-allgemein","tag-forschung","tag-wissenschaft"],"acf":[],"yoast_head":"<!-- This site is optimized with the Yoast SEO plugin v27.4 - https:\/\/yoast.com\/product\/yoast-seo-wordpress\/ -->\n<title>Bilaterale Vertr\u00e4ge wichtig f\u00fcr eine offene Schweiz - Organisator<\/title>\n<meta name=\"description\" content=\"Vertreter aus Wissenschaft und Wirtschaft haben \u00fcber die Bedeutung internationaler Vernetztheit und der bilateralen Vertr\u00e4ge mit der EU diskutiert.\" \/>\n<meta name=\"robots\" content=\"index, follow, max-snippet:-1, max-image-preview:large, max-video-preview:-1\" \/>\n<link rel=\"canonical\" href=\"https:\/\/www.organisator.ch\/de\/allgemein\/2016-11-22\/bilaterale-vertraege-wichtig-fuer-eine-offene-schweiz\/\" \/>\n<meta property=\"og:locale\" content=\"de_DE\" \/>\n<meta property=\"og:type\" content=\"article\" \/>\n<meta property=\"og:title\" content=\"Bilaterale Vertr\u00e4ge wichtig f\u00fcr eine offene Schweiz - Organisator\" \/>\n<meta property=\"og:description\" content=\"Vertreter aus Wissenschaft und Wirtschaft haben \u00fcber die Bedeutung internationaler Vernetztheit und der bilateralen Vertr\u00e4ge mit der EU diskutiert.\" \/>\n<meta property=\"og:url\" content=\"https:\/\/www.organisator.ch\/de\/allgemein\/2016-11-22\/bilaterale-vertraege-wichtig-fuer-eine-offene-schweiz\/\" \/>\n<meta property=\"og:site_name\" content=\"Organisator\" \/>\n<meta property=\"article:publisher\" content=\"https:\/\/www.facebook.com\/OrganisatorFachmagazin\" \/>\n<meta property=\"article:published_time\" content=\"2016-11-22T13:38:29+00:00\" \/>\n<meta property=\"og:image\" content=\"https:\/\/www.organisator.ch\/wp-content\/uploads\/2016\/12\/Bilaterale-Vertraege-wichtig-fuer-eine-offene-Schweiz-organisator.jpg\" \/>\n\t<meta property=\"og:image:width\" content=\"500\" \/>\n\t<meta property=\"og:image:height\" content=\"333\" \/>\n\t<meta property=\"og:image:type\" content=\"image\/jpeg\" \/>\n<meta name=\"author\" content=\"admin\" \/>\n<meta name=\"twitter:card\" content=\"summary_large_image\" \/>\n<script type=\"application\/ld+json\" class=\"yoast-schema-graph\">{\"@context\":\"https:\\\/\\\/schema.org\",\"@graph\":[{\"@type\":\"Article\",\"@id\":\"https:\\\/\\\/www.organisator.ch\\\/it\\\/generale\\\/2016-11-22\\\/bilaterale-vertraege-wichtig-fuer-eine-offene-schweiz\\\/#article\",\"isPartOf\":{\"@id\":\"https:\\\/\\\/www.organisator.ch\\\/it\\\/generale\\\/2016-11-22\\\/bilaterale-vertraege-wichtig-fuer-eine-offene-schweiz\\\/\"},\"author\":{\"name\":\"admin\",\"@id\":\"https:\\\/\\\/www.organisator.ch\\\/#\\\/schema\\\/person\\\/aa2bace6c5c5aad60102004a50c4eb1c\"},\"headline\":\"Bilaterale Vertr\u00e4ge wichtig f\u00fcr eine offene Schweiz\",\"datePublished\":\"2016-11-22T13:38:29+00:00\",\"mainEntityOfPage\":{\"@id\":\"https:\\\/\\\/www.organisator.ch\\\/it\\\/generale\\\/2016-11-22\\\/bilaterale-vertraege-wichtig-fuer-eine-offene-schweiz\\\/\"},\"wordCount\":507,\"commentCount\":0,\"publisher\":{\"@id\":\"https:\\\/\\\/www.organisator.ch\\\/#organization\"},\"image\":{\"@id\":\"https:\\\/\\\/www.organisator.ch\\\/it\\\/generale\\\/2016-11-22\\\/bilaterale-vertraege-wichtig-fuer-eine-offene-schweiz\\\/#primaryimage\"},\"thumbnailUrl\":\"https:\\\/\\\/www.organisator.ch\\\/wp-content\\\/uploads\\\/2016\\\/12\\\/Bilaterale-Vertraege-wichtig-fuer-eine-offene-Schweiz-organisator.jpg\",\"keywords\":[\"Forschung\",\"Wissenschaft\"],\"inLanguage\":\"de\"},{\"@type\":\"WebPage\",\"@id\":\"https:\\\/\\\/www.organisator.ch\\\/it\\\/generale\\\/2016-11-22\\\/bilaterale-vertraege-wichtig-fuer-eine-offene-schweiz\\\/\",\"url\":\"https:\\\/\\\/www.organisator.ch\\\/it\\\/generale\\\/2016-11-22\\\/bilaterale-vertraege-wichtig-fuer-eine-offene-schweiz\\\/\",\"name\":\"Bilaterale Vertr\u00e4ge wichtig f\u00fcr eine offene Schweiz - Organisator\",\"isPartOf\":{\"@id\":\"https:\\\/\\\/www.organisator.ch\\\/#website\"},\"primaryImageOfPage\":{\"@id\":\"https:\\\/\\\/www.organisator.ch\\\/it\\\/generale\\\/2016-11-22\\\/bilaterale-vertraege-wichtig-fuer-eine-offene-schweiz\\\/#primaryimage\"},\"image\":{\"@id\":\"https:\\\/\\\/www.organisator.ch\\\/it\\\/generale\\\/2016-11-22\\\/bilaterale-vertraege-wichtig-fuer-eine-offene-schweiz\\\/#primaryimage\"},\"thumbnailUrl\":\"https:\\\/\\\/www.organisator.ch\\\/wp-content\\\/uploads\\\/2016\\\/12\\\/Bilaterale-Vertraege-wichtig-fuer-eine-offene-Schweiz-organisator.jpg\",\"datePublished\":\"2016-11-22T13:38:29+00:00\",\"description\":\"Vertreter aus Wissenschaft und Wirtschaft haben \u00fcber die Bedeutung internationaler Vernetztheit und der bilateralen Vertr\u00e4ge mit der EU diskutiert.\",\"breadcrumb\":{\"@id\":\"https:\\\/\\\/www.organisator.ch\\\/it\\\/generale\\\/2016-11-22\\\/bilaterale-vertraege-wichtig-fuer-eine-offene-schweiz\\\/#breadcrumb\"},\"inLanguage\":\"de\",\"potentialAction\":[{\"@type\":\"ReadAction\",\"target\":[\"https:\\\/\\\/www.organisator.ch\\\/it\\\/generale\\\/2016-11-22\\\/bilaterale-vertraege-wichtig-fuer-eine-offene-schweiz\\\/\"]}]},{\"@type\":\"ImageObject\",\"inLanguage\":\"de\",\"@id\":\"https:\\\/\\\/www.organisator.ch\\\/it\\\/generale\\\/2016-11-22\\\/bilaterale-vertraege-wichtig-fuer-eine-offene-schweiz\\\/#primaryimage\",\"url\":\"https:\\\/\\\/www.organisator.ch\\\/wp-content\\\/uploads\\\/2016\\\/12\\\/Bilaterale-Vertraege-wichtig-fuer-eine-offene-Schweiz-organisator.jpg\",\"contentUrl\":\"https:\\\/\\\/www.organisator.ch\\\/wp-content\\\/uploads\\\/2016\\\/12\\\/Bilaterale-Vertraege-wichtig-fuer-eine-offene-Schweiz-organisator.jpg\",\"width\":500,\"height\":333,\"caption\":\"Laut der Z\u00fcrcher Handelskammer repr\u00e4sentiert Z\u00fcrich die Weltoffenheit und Wirtschaftlichkeit der gesamten Schweiz. (Bild: depositphotos_lightpoet)\"},{\"@type\":\"BreadcrumbList\",\"@id\":\"https:\\\/\\\/www.organisator.ch\\\/it\\\/generale\\\/2016-11-22\\\/bilaterale-vertraege-wichtig-fuer-eine-offene-schweiz\\\/#breadcrumb\",\"itemListElement\":[{\"@type\":\"ListItem\",\"position\":1,\"name\":\"Home\",\"item\":\"https:\\\/\\\/www.organisator.ch\\\/\"},{\"@type\":\"ListItem\",\"position\":2,\"name\":\"Bilaterale Vertr\u00e4ge wichtig f\u00fcr eine offene Schweiz\"}]},{\"@type\":\"WebSite\",\"@id\":\"https:\\\/\\\/www.organisator.ch\\\/#website\",\"url\":\"https:\\\/\\\/www.organisator.ch\\\/\",\"name\":\"Organisator\",\"description\":\"Kompetent. Praxisnah. Der ORGANISATOR bereitet in 10 Ausgaben pro Jahr die wesentlichen Themen f\u00fcr F\u00fchrungskr\u00e4fte von KMU auf.\",\"publisher\":{\"@id\":\"https:\\\/\\\/www.organisator.ch\\\/#organization\"},\"potentialAction\":[{\"@type\":\"SearchAction\",\"target\":{\"@type\":\"EntryPoint\",\"urlTemplate\":\"https:\\\/\\\/www.organisator.ch\\\/?s={search_term_string}\"},\"query-input\":{\"@type\":\"PropertyValueSpecification\",\"valueRequired\":true,\"valueName\":\"search_term_string\"}}],\"inLanguage\":\"de\"},{\"@type\":\"Organization\",\"@id\":\"https:\\\/\\\/www.organisator.ch\\\/#organization\",\"name\":\"Organisator\",\"url\":\"https:\\\/\\\/www.organisator.ch\\\/\",\"logo\":{\"@type\":\"ImageObject\",\"inLanguage\":\"de\",\"@id\":\"https:\\\/\\\/www.organisator.ch\\\/#\\\/schema\\\/logo\\\/image\\\/\",\"url\":\"https:\\\/\\\/www.organisator.ch\\\/wp-content\\\/uploads\\\/2022\\\/01\\\/Logo_Organisator_Website.png\",\"contentUrl\":\"https:\\\/\\\/www.organisator.ch\\\/wp-content\\\/uploads\\\/2022\\\/01\\\/Logo_Organisator_Website.png\",\"width\":800,\"height\":77,\"caption\":\"Organisator\"},\"image\":{\"@id\":\"https:\\\/\\\/www.organisator.ch\\\/#\\\/schema\\\/logo\\\/image\\\/\"},\"sameAs\":[\"https:\\\/\\\/www.facebook.com\\\/OrganisatorFachmagazin\",\"https:\\\/\\\/www.linkedin.com\\\/showcase\\\/organisator-das-magazin-fr-kmu\",\"https:\\\/\\\/www.xing.com\\\/news\\\/pages\\\/organisator-ch-695\",\"https:\\\/\\\/www.youtube.com\\\/channel\\\/UCGP2Sq0iWaZwT3BdIAQFYpw\"]},{\"@type\":\"Person\",\"@id\":\"https:\\\/\\\/www.organisator.ch\\\/#\\\/schema\\\/person\\\/aa2bace6c5c5aad60102004a50c4eb1c\",\"name\":\"admin\",\"image\":{\"@type\":\"ImageObject\",\"inLanguage\":\"de\",\"@id\":\"https:\\\/\\\/secure.gravatar.com\\\/avatar\\\/ae2f4d718e6c49043e314ce431e7e645d646302a24a5ef5a8bc8e3f5a032e319?s=96&d=mm&r=g\",\"url\":\"https:\\\/\\\/secure.gravatar.com\\\/avatar\\\/ae2f4d718e6c49043e314ce431e7e645d646302a24a5ef5a8bc8e3f5a032e319?s=96&d=mm&r=g\",\"contentUrl\":\"https:\\\/\\\/secure.gravatar.com\\\/avatar\\\/ae2f4d718e6c49043e314ce431e7e645d646302a24a5ef5a8bc8e3f5a032e319?s=96&d=mm&r=g\",\"caption\":\"admin\"},\"sameAs\":[\"https:\\\/\\\/www.organisator.ch\"],\"url\":\"https:\\\/\\\/www.organisator.ch\\\/de\\\/author\\\/admin\\\/\"}]}<\/script>\n<!-- \/ Yoast SEO plugin. -->","yoast_head_json":{"title":"Bilaterale Vertr\u00e4ge wichtig f\u00fcr eine offene Schweiz - Organisator","description":"Vertreter aus Wissenschaft und Wirtschaft haben \u00fcber die Bedeutung internationaler Vernetztheit und der bilateralen Vertr\u00e4ge mit der EU diskutiert.","robots":{"index":"index","follow":"follow","max-snippet":"max-snippet:-1","max-image-preview":"max-image-preview:large","max-video-preview":"max-video-preview:-1"},"canonical":"https:\/\/www.organisator.ch\/de\/allgemein\/2016-11-22\/bilaterale-vertraege-wichtig-fuer-eine-offene-schweiz\/","og_locale":"de_DE","og_type":"article","og_title":"Bilaterale Vertr\u00e4ge wichtig f\u00fcr eine offene Schweiz - Organisator","og_description":"Vertreter aus Wissenschaft und Wirtschaft haben \u00fcber die Bedeutung internationaler Vernetztheit und der bilateralen Vertr\u00e4ge mit der EU diskutiert.","og_url":"https:\/\/www.organisator.ch\/de\/allgemein\/2016-11-22\/bilaterale-vertraege-wichtig-fuer-eine-offene-schweiz\/","og_site_name":"Organisator","article_publisher":"https:\/\/www.facebook.com\/OrganisatorFachmagazin","article_published_time":"2016-11-22T13:38:29+00:00","og_image":[{"width":500,"height":333,"url":"https:\/\/www.organisator.ch\/wp-content\/uploads\/2016\/12\/Bilaterale-Vertraege-wichtig-fuer-eine-offene-Schweiz-organisator.jpg","type":"image\/jpeg"}],"author":"admin","twitter_card":"summary_large_image","schema":{"@context":"https:\/\/schema.org","@graph":[{"@type":"Article","@id":"https:\/\/www.organisator.ch\/it\/generale\/2016-11-22\/bilaterale-vertraege-wichtig-fuer-eine-offene-schweiz\/#article","isPartOf":{"@id":"https:\/\/www.organisator.ch\/it\/generale\/2016-11-22\/bilaterale-vertraege-wichtig-fuer-eine-offene-schweiz\/"},"author":{"name":"admin","@id":"https:\/\/www.organisator.ch\/#\/schema\/person\/aa2bace6c5c5aad60102004a50c4eb1c"},"headline":"Bilaterale Vertr\u00e4ge wichtig f\u00fcr eine offene Schweiz","datePublished":"2016-11-22T13:38:29+00:00","mainEntityOfPage":{"@id":"https:\/\/www.organisator.ch\/it\/generale\/2016-11-22\/bilaterale-vertraege-wichtig-fuer-eine-offene-schweiz\/"},"wordCount":507,"commentCount":0,"publisher":{"@id":"https:\/\/www.organisator.ch\/#organization"},"image":{"@id":"https:\/\/www.organisator.ch\/it\/generale\/2016-11-22\/bilaterale-vertraege-wichtig-fuer-eine-offene-schweiz\/#primaryimage"},"thumbnailUrl":"https:\/\/www.organisator.ch\/wp-content\/uploads\/2016\/12\/Bilaterale-Vertraege-wichtig-fuer-eine-offene-Schweiz-organisator.jpg","keywords":["Forschung","Wissenschaft"],"inLanguage":"de"},{"@type":"WebPage","@id":"https:\/\/www.organisator.ch\/it\/generale\/2016-11-22\/bilaterale-vertraege-wichtig-fuer-eine-offene-schweiz\/","url":"https:\/\/www.organisator.ch\/it\/generale\/2016-11-22\/bilaterale-vertraege-wichtig-fuer-eine-offene-schweiz\/","name":"Bilaterale Vertr\u00e4ge wichtig f\u00fcr eine offene Schweiz - Organisator","isPartOf":{"@id":"https:\/\/www.organisator.ch\/#website"},"primaryImageOfPage":{"@id":"https:\/\/www.organisator.ch\/it\/generale\/2016-11-22\/bilaterale-vertraege-wichtig-fuer-eine-offene-schweiz\/#primaryimage"},"image":{"@id":"https:\/\/www.organisator.ch\/it\/generale\/2016-11-22\/bilaterale-vertraege-wichtig-fuer-eine-offene-schweiz\/#primaryimage"},"thumbnailUrl":"https:\/\/www.organisator.ch\/wp-content\/uploads\/2016\/12\/Bilaterale-Vertraege-wichtig-fuer-eine-offene-Schweiz-organisator.jpg","datePublished":"2016-11-22T13:38:29+00:00","description":"Vertreter aus Wissenschaft und Wirtschaft haben \u00fcber die Bedeutung internationaler Vernetztheit und der bilateralen Vertr\u00e4ge mit der EU diskutiert.","breadcrumb":{"@id":"https:\/\/www.organisator.ch\/it\/generale\/2016-11-22\/bilaterale-vertraege-wichtig-fuer-eine-offene-schweiz\/#breadcrumb"},"inLanguage":"de","potentialAction":[{"@type":"ReadAction","target":["https:\/\/www.organisator.ch\/it\/generale\/2016-11-22\/bilaterale-vertraege-wichtig-fuer-eine-offene-schweiz\/"]}]},{"@type":"ImageObject","inLanguage":"de","@id":"https:\/\/www.organisator.ch\/it\/generale\/2016-11-22\/bilaterale-vertraege-wichtig-fuer-eine-offene-schweiz\/#primaryimage","url":"https:\/\/www.organisator.ch\/wp-content\/uploads\/2016\/12\/Bilaterale-Vertraege-wichtig-fuer-eine-offene-Schweiz-organisator.jpg","contentUrl":"https:\/\/www.organisator.ch\/wp-content\/uploads\/2016\/12\/Bilaterale-Vertraege-wichtig-fuer-eine-offene-Schweiz-organisator.jpg","width":500,"height":333,"caption":"Laut der Z\u00fcrcher Handelskammer repr\u00e4sentiert Z\u00fcrich die Weltoffenheit und Wirtschaftlichkeit der gesamten Schweiz. (Bild: depositphotos_lightpoet)"},{"@type":"BreadcrumbList","@id":"https:\/\/www.organisator.ch\/it\/generale\/2016-11-22\/bilaterale-vertraege-wichtig-fuer-eine-offene-schweiz\/#breadcrumb","itemListElement":[{"@type":"ListItem","position":1,"name":"Home","item":"https:\/\/www.organisator.ch\/"},{"@type":"ListItem","position":2,"name":"Bilaterale Vertr\u00e4ge wichtig f\u00fcr eine offene Schweiz"}]},{"@type":"WebSite","@id":"https:\/\/www.organisator.ch\/#website","url":"https:\/\/www.organisator.ch\/","name":"Organisator","description":"Kompetent. Praxisnah. Der ORGANISATOR bereitet in 10 Ausgaben pro Jahr die wesentlichen Themen f\u00fcr F\u00fchrungskr\u00e4fte von KMU auf.","publisher":{"@id":"https:\/\/www.organisator.ch\/#organization"},"potentialAction":[{"@type":"SearchAction","target":{"@type":"EntryPoint","urlTemplate":"https:\/\/www.organisator.ch\/?s={search_term_string}"},"query-input":{"@type":"PropertyValueSpecification","valueRequired":true,"valueName":"search_term_string"}}],"inLanguage":"de"},{"@type":"Organization","@id":"https:\/\/www.organisator.ch\/#organization","name":"Organisator","url":"https:\/\/www.organisator.ch\/","logo":{"@type":"ImageObject","inLanguage":"de","@id":"https:\/\/www.organisator.ch\/#\/schema\/logo\/image\/","url":"https:\/\/www.organisator.ch\/wp-content\/uploads\/2022\/01\/Logo_Organisator_Website.png","contentUrl":"https:\/\/www.organisator.ch\/wp-content\/uploads\/2022\/01\/Logo_Organisator_Website.png","width":800,"height":77,"caption":"Organisator"},"image":{"@id":"https:\/\/www.organisator.ch\/#\/schema\/logo\/image\/"},"sameAs":["https:\/\/www.facebook.com\/OrganisatorFachmagazin","https:\/\/www.linkedin.com\/showcase\/organisator-das-magazin-fr-kmu","https:\/\/www.xing.com\/news\/pages\/organisator-ch-695","https:\/\/www.youtube.com\/channel\/UCGP2Sq0iWaZwT3BdIAQFYpw"]},{"@type":"Person","@id":"https:\/\/www.organisator.ch\/#\/schema\/person\/aa2bace6c5c5aad60102004a50c4eb1c","name":"admin","image":{"@type":"ImageObject","inLanguage":"de","@id":"https:\/\/secure.gravatar.com\/avatar\/ae2f4d718e6c49043e314ce431e7e645d646302a24a5ef5a8bc8e3f5a032e319?s=96&d=mm&r=g","url":"https:\/\/secure.gravatar.com\/avatar\/ae2f4d718e6c49043e314ce431e7e645d646302a24a5ef5a8bc8e3f5a032e319?s=96&d=mm&r=g","contentUrl":"https:\/\/secure.gravatar.com\/avatar\/ae2f4d718e6c49043e314ce431e7e645d646302a24a5ef5a8bc8e3f5a032e319?s=96&d=mm&r=g","caption":"admin"},"sameAs":["https:\/\/www.organisator.ch"],"url":"https:\/\/www.organisator.ch\/de\/author\/admin\/"}]}},"_links":{"self":[{"href":"https:\/\/www.organisator.ch\/de\/wp-json\/wp\/v2\/posts\/363","targetHints":{"allow":["GET"]}}],"collection":[{"href":"https:\/\/www.organisator.ch\/de\/wp-json\/wp\/v2\/posts"}],"about":[{"href":"https:\/\/www.organisator.ch\/de\/wp-json\/wp\/v2\/types\/post"}],"author":[{"embeddable":true,"href":"https:\/\/www.organisator.ch\/de\/wp-json\/wp\/v2\/users\/1"}],"replies":[{"embeddable":true,"href":"https:\/\/www.organisator.ch\/de\/wp-json\/wp\/v2\/comments?post=363"}],"version-history":[{"count":0,"href":"https:\/\/www.organisator.ch\/de\/wp-json\/wp\/v2\/posts\/363\/revisions"}],"wp:featuredmedia":[{"embeddable":true,"href":"https:\/\/www.organisator.ch\/de\/wp-json\/wp\/v2\/media\/364"}],"wp:attachment":[{"href":"https:\/\/www.organisator.ch\/de\/wp-json\/wp\/v2\/media?parent=363"}],"wp:term":[{"taxonomy":"category","embeddable":true,"href":"https:\/\/www.organisator.ch\/de\/wp-json\/wp\/v2\/categories?post=363"},{"taxonomy":"post_tag","embeddable":true,"href":"https:\/\/www.organisator.ch\/de\/wp-json\/wp\/v2\/tags?post=363"}],"curies":[{"name":"wp","href":"https:\/\/api.w.org\/{rel}","templated":true}]}}