{"id":36376,"date":"2025-02-25T13:15:03","date_gmt":"2025-02-25T12:15:03","guid":{"rendered":"https:\/\/www.organisator.ch\/?p=36376"},"modified":"2025-02-25T13:15:03","modified_gmt":"2025-02-25T12:15:03","slug":"adnovum-ernennt-matthias-von-arx-zum-managing-director-solutions","status":"publish","type":"post","link":"https:\/\/www.organisator.ch\/de\/management\/2025-02-25\/adnovum-ernennt-matthias-von-arx-zum-managing-director-solutions\/","title":{"rendered":"Adnovum ernennt Matthias von Arx zum Managing Director \u00abSolutions\u00bb"},"content":{"rendered":"<figure id=\"attachment_36377\" aria-describedby=\"caption-attachment-36377\" style=\"width: 680px\" class=\"wp-caption alignnone\"><img loading=\"lazy\" decoding=\"async\" class=\"size-full wp-image-36377\" src=\"https:\/\/www.organisator.ch\/wp-content\/uploads\/2025\/02\/Adnovum_Bild_ps.jpg\" alt=\"\" width=\"680\" height=\"457\" srcset=\"https:\/\/www.organisator.ch\/wp-content\/uploads\/2025\/02\/Adnovum_Bild_ps.jpg 680w, https:\/\/www.organisator.ch\/wp-content\/uploads\/2025\/02\/Adnovum_Bild_ps-18x12.jpg 18w, https:\/\/www.organisator.ch\/wp-content\/uploads\/2025\/02\/Adnovum_Bild_ps-375x252.jpg 375w, https:\/\/www.organisator.ch\/wp-content\/uploads\/2025\/02\/Adnovum_Bild_ps-521x350.jpg 521w\" sizes=\"auto, (max-width: 680px) 100vw, 680px\" \/><figcaption id=\"caption-attachment-36377\" class=\"wp-caption-text\">Matthias von Arx \u00fcbernimmt ab 1. M\u00e4rz 2025 die Leitung des neuen Adnovum-Gesch\u00e4ftsbereichs \u00abSolutions\u00bb und st\u00e4rkt das Cybersecurity-Angebot. (Bild: Adnovum)<\/figcaption><\/figure>\n<p>Ab 1. M\u00e4rz 2025 \u00fcbernimmt Matthias von Arx die Leitung des neuen Gesch\u00e4ftsbereichs \u00abSolutions\u00bb und wird Mitglied des Global Leadership Teams des Schweizer Software-Unternehmens Adnovum. Mit der B\u00fcndelung seiner L\u00f6sungen im neuen Bereich \u00abSolutions\u00bb st\u00e4rkt das Unternehmen sein bew\u00e4hrtes Angebot an Cybersecurity und IAM Services f\u00fcr grosse und mittlere Unternehmen. Das Ziel ist, das L\u00f6sungsportfolio weiter auszubauen und aktuelle Cloud- und KI-Angebote zu integrieren.<\/p>\n<p>Matthias von Arx verf\u00fcgt \u00fcber mehr als 20 Jahre Erfahrung als Managing Director, Chief Commercial Officer und Sales Leader in ICT- und Cybersecurity-Unternehmen. Aus seinen fr\u00fcheren Positionen bringt er umfangreiche Erfahrung mit in der F\u00f6rderung von nachhalti-gem und profitablem Wachstum in einem komplexen Marktumfeld. Er ist ausserdem erfahren in der Strategieentwicklung, Neupositionierung und Erschliessung neuer Gesch\u00e4ftsfelder sowie in der Leitung und Entwicklung von Vertriebs- und Marketingteams.<\/p>\n<p>Thomas Zangerl \u00fcber das neue Mitglied im Leadership Team: \u00abWir freuen uns, dass wir Matthias von Arx f\u00fcr diese Schl\u00fcsselrolle gewinnen konnten. Mit seiner Erfahrung und stra-tegischen Weitsicht wird er massgeblich dazu beitragen, unser Angebot an IAM und Cyber-security Services weiter auszubauen. Im Fokus stehen dabei automatisierte Security-L\u00f6sungen f\u00fcr Cloud-Umgebungen sowie die Entwicklung massgeschneiderter Cybersecuri-ty-Services f\u00fcr KMU. Ein weiterer Schwerpunkt liegt auf dem Einsatz von Generativer KI im Kundenservice.\u00bb<\/p>\n<p>Matthias von Arx freut sich auf die neue Herausforderung: \u00abMich \u00fcberzeugt die ausgepr\u00e4gt menschenzentrierte Unternehmenskultur und die starke Positionierung von Adnovum im Digitalisierungsmarkt. Gemeinsam mit den Solutions-Teams m\u00f6chte ich bestehende Angebote ausbauen, insbesondere in Adnovums Kernbereichen Cybersecurity und IAM. Zudem sehe ich grosses Potenzial darin, Kunden mit innovativen Cloud- und KI-L\u00f6sungen einen entscheidenden Mehrwert zu bieten.\u00bb<\/p>\n<p><em>Quelle: <a href=\"http:\/\/www.adnovum.com\/de\">www.adnovum.com\/de<\/a><\/em><\/p>\n","protected":false},"excerpt":{"rendered":"<p>Das Schweizer Software-Unternehmen Adnovum ernennt Matthias von Arx zum Managing Director des neuen Gesch\u00e4ftsbereichs \u00abSolutions\u00bb. Mit diesem strategischen Entscheid setzt Adnovum einen wichtigen Impuls f\u00fcr das weitere Wachstum und die St\u00e4rkung ihres Angebots.<\/p>\n","protected":false},"author":80,"featured_media":36377,"comment_status":"closed","ping_status":"closed","sticky":false,"template":"","format":"standard","meta":{"_acf_changed":false,"_yoast_wpseo_focuskw":"Adnovum","_yoast_wpseo_metadesc":"Matthias von Arx \u00fcbernimmt ab 1. M\u00e4rz 2025 die Leitung des neuen Adnovum-Gesch\u00e4ftsbereichs \u00abSolutions\u00bb und st\u00e4rkt das Cybersecurity-Angebot.","articlekey":"","footnotes":""},"categories":[28],"tags":[3047,5124,424,440,492],"class_list":["post-36376","post","type-post","status-publish","format-standard","has-post-thumbnail","hentry","category-management","tag-cybersecurity","tag-managing-director","tag-schweiz","tag-software","tag-unternehmen"],"acf":[],"yoast_head":"<!-- This site is optimized with the Yoast SEO plugin v27.4 - https:\/\/yoast.com\/product\/yoast-seo-wordpress\/ -->\n<title>Adnovum ernennt Matthias von Arx zum Managing Director \u00abSolutions\u00bb - Organisator<\/title>\n<meta name=\"description\" content=\"Matthias von Arx \u00fcbernimmt ab 1. M\u00e4rz 2025 die Leitung des neuen Adnovum-Gesch\u00e4ftsbereichs \u00abSolutions\u00bb und st\u00e4rkt das Cybersecurity-Angebot.\" \/>\n<meta name=\"robots\" content=\"index, follow, max-snippet:-1, max-image-preview:large, max-video-preview:-1\" \/>\n<link rel=\"canonical\" href=\"https:\/\/www.organisator.ch\/de\/management\/2025-02-25\/adnovum-ernennt-matthias-von-arx-zum-managing-director-solutions\/\" \/>\n<meta property=\"og:locale\" content=\"de_DE\" \/>\n<meta property=\"og:type\" content=\"article\" \/>\n<meta property=\"og:title\" content=\"Neuer Managing Director bei Adnovum\" \/>\n<meta property=\"og:description\" content=\"Matthias von Arx \u00fcbernimmt ab 1. M\u00e4rz 2025 die Leitung des neuen Adnovum-Gesch\u00e4ftsbereichs \u00abSolutions\u00bb und st\u00e4rkt das Cybersecurity-Angebot.\" \/>\n<meta property=\"og:url\" content=\"https:\/\/www.organisator.ch\/de\/management\/2025-02-25\/adnovum-ernennt-matthias-von-arx-zum-managing-director-solutions\/\" \/>\n<meta property=\"og:site_name\" content=\"Organisator\" \/>\n<meta property=\"article:publisher\" content=\"https:\/\/www.facebook.com\/OrganisatorFachmagazin\" \/>\n<meta property=\"article:published_time\" content=\"2025-02-25T12:15:03+00:00\" \/>\n<meta property=\"og:image\" content=\"https:\/\/www.organisator.ch\/wp-content\/uploads\/2025\/02\/Adnovum_Bild_ps.jpg\" \/>\n\t<meta property=\"og:image:width\" content=\"680\" \/>\n\t<meta property=\"og:image:height\" content=\"457\" \/>\n\t<meta property=\"og:image:type\" content=\"image\/jpeg\" \/>\n<meta name=\"author\" content=\"Dzana Muminovic\" \/>\n<meta name=\"twitter:card\" content=\"summary_large_image\" \/>\n<meta name=\"twitter:title\" content=\"Neuer Managing Director bei Adnovum\" \/>\n<meta name=\"twitter:description\" content=\"#Matthias von #Arx \u00fcbernimmt ab 1. M\u00e4rz 2025 die Leitung des neuen #Adnovum-Gesch\u00e4ftsbereichs \u00ab#Solutions\u00bb und st\u00e4rkt das #Cybersecurity-Angebot.\" \/>\n<meta name=\"twitter:image\" content=\"https:\/\/www.organisator.ch\/wp-content\/uploads\/2025\/02\/Adnovum_Bild_ps.jpg\" \/>\n<script type=\"application\/ld+json\" class=\"yoast-schema-graph\">{\"@context\":\"https:\\\/\\\/schema.org\",\"@graph\":[{\"@type\":\"Article\",\"@id\":\"https:\\\/\\\/www.organisator.ch\\\/management\\\/2025-02-25\\\/adnovum-ernennt-matthias-von-arx-zum-managing-director-solutions\\\/#article\",\"isPartOf\":{\"@id\":\"https:\\\/\\\/www.organisator.ch\\\/management\\\/2025-02-25\\\/adnovum-ernennt-matthias-von-arx-zum-managing-director-solutions\\\/\"},\"author\":{\"name\":\"Dzana Muminovic\",\"@id\":\"https:\\\/\\\/www.organisator.ch\\\/#\\\/schema\\\/person\\\/afccda3a71c06d4be2ed9100dd163db7\"},\"headline\":\"Adnovum ernennt Matthias von Arx zum Managing Director \u00abSolutions\u00bb\",\"datePublished\":\"2025-02-25T12:15:03+00:00\",\"mainEntityOfPage\":{\"@id\":\"https:\\\/\\\/www.organisator.ch\\\/management\\\/2025-02-25\\\/adnovum-ernennt-matthias-von-arx-zum-managing-director-solutions\\\/\"},\"wordCount\":314,\"publisher\":{\"@id\":\"https:\\\/\\\/www.organisator.ch\\\/#organization\"},\"image\":{\"@id\":\"https:\\\/\\\/www.organisator.ch\\\/management\\\/2025-02-25\\\/adnovum-ernennt-matthias-von-arx-zum-managing-director-solutions\\\/#primaryimage\"},\"thumbnailUrl\":\"https:\\\/\\\/www.organisator.ch\\\/wp-content\\\/uploads\\\/2025\\\/02\\\/Adnovum_Bild_ps.jpg\",\"keywords\":[\"Cybersecurity\",\"Managing Director\",\"Schweiz\",\"Software\",\"Unternehmen\"],\"articleSection\":[\"MANAGEMENT\"],\"inLanguage\":\"de\"},{\"@type\":\"WebPage\",\"@id\":\"https:\\\/\\\/www.organisator.ch\\\/management\\\/2025-02-25\\\/adnovum-ernennt-matthias-von-arx-zum-managing-director-solutions\\\/\",\"url\":\"https:\\\/\\\/www.organisator.ch\\\/management\\\/2025-02-25\\\/adnovum-ernennt-matthias-von-arx-zum-managing-director-solutions\\\/\",\"name\":\"Adnovum ernennt Matthias von Arx zum Managing Director \u00abSolutions\u00bb - Organisator\",\"isPartOf\":{\"@id\":\"https:\\\/\\\/www.organisator.ch\\\/#website\"},\"primaryImageOfPage\":{\"@id\":\"https:\\\/\\\/www.organisator.ch\\\/management\\\/2025-02-25\\\/adnovum-ernennt-matthias-von-arx-zum-managing-director-solutions\\\/#primaryimage\"},\"image\":{\"@id\":\"https:\\\/\\\/www.organisator.ch\\\/management\\\/2025-02-25\\\/adnovum-ernennt-matthias-von-arx-zum-managing-director-solutions\\\/#primaryimage\"},\"thumbnailUrl\":\"https:\\\/\\\/www.organisator.ch\\\/wp-content\\\/uploads\\\/2025\\\/02\\\/Adnovum_Bild_ps.jpg\",\"datePublished\":\"2025-02-25T12:15:03+00:00\",\"description\":\"Matthias von Arx \u00fcbernimmt ab 1. M\u00e4rz 2025 die Leitung des neuen Adnovum-Gesch\u00e4ftsbereichs \u00abSolutions\u00bb und st\u00e4rkt das Cybersecurity-Angebot.\",\"breadcrumb\":{\"@id\":\"https:\\\/\\\/www.organisator.ch\\\/management\\\/2025-02-25\\\/adnovum-ernennt-matthias-von-arx-zum-managing-director-solutions\\\/#breadcrumb\"},\"inLanguage\":\"de\",\"potentialAction\":[{\"@type\":\"ReadAction\",\"target\":[\"https:\\\/\\\/www.organisator.ch\\\/management\\\/2025-02-25\\\/adnovum-ernennt-matthias-von-arx-zum-managing-director-solutions\\\/\"]}]},{\"@type\":\"ImageObject\",\"inLanguage\":\"de\",\"@id\":\"https:\\\/\\\/www.organisator.ch\\\/management\\\/2025-02-25\\\/adnovum-ernennt-matthias-von-arx-zum-managing-director-solutions\\\/#primaryimage\",\"url\":\"https:\\\/\\\/www.organisator.ch\\\/wp-content\\\/uploads\\\/2025\\\/02\\\/Adnovum_Bild_ps.jpg\",\"contentUrl\":\"https:\\\/\\\/www.organisator.ch\\\/wp-content\\\/uploads\\\/2025\\\/02\\\/Adnovum_Bild_ps.jpg\",\"width\":680,\"height\":457,\"caption\":\"Matthias von Arx \u00fcbernimmt ab 1. M\u00e4rz 2025 die Leitung des neuen Adnovum-Gesch\u00e4ftsbereichs \u00abSolutions\u00bb und st\u00e4rkt das Cybersecurity-Angebot. (Bild: Adnovum)\"},{\"@type\":\"BreadcrumbList\",\"@id\":\"https:\\\/\\\/www.organisator.ch\\\/management\\\/2025-02-25\\\/adnovum-ernennt-matthias-von-arx-zum-managing-director-solutions\\\/#breadcrumb\",\"itemListElement\":[{\"@type\":\"ListItem\",\"position\":1,\"name\":\"Home\",\"item\":\"https:\\\/\\\/www.organisator.ch\\\/\"},{\"@type\":\"ListItem\",\"position\":2,\"name\":\"Adnovum ernennt Matthias von Arx zum Managing Director \u00abSolutions\u00bb\"}]},{\"@type\":\"WebSite\",\"@id\":\"https:\\\/\\\/www.organisator.ch\\\/#website\",\"url\":\"https:\\\/\\\/www.organisator.ch\\\/\",\"name\":\"Organisator\",\"description\":\"Kompetent. Praxisnah. Der ORGANISATOR bereitet in 10 Ausgaben pro Jahr die wesentlichen Themen f\u00fcr F\u00fchrungskr\u00e4fte von KMU auf.\",\"publisher\":{\"@id\":\"https:\\\/\\\/www.organisator.ch\\\/#organization\"},\"potentialAction\":[{\"@type\":\"SearchAction\",\"target\":{\"@type\":\"EntryPoint\",\"urlTemplate\":\"https:\\\/\\\/www.organisator.ch\\\/?s={search_term_string}\"},\"query-input\":{\"@type\":\"PropertyValueSpecification\",\"valueRequired\":true,\"valueName\":\"search_term_string\"}}],\"inLanguage\":\"de\"},{\"@type\":\"Organization\",\"@id\":\"https:\\\/\\\/www.organisator.ch\\\/#organization\",\"name\":\"Organisator\",\"url\":\"https:\\\/\\\/www.organisator.ch\\\/\",\"logo\":{\"@type\":\"ImageObject\",\"inLanguage\":\"de\",\"@id\":\"https:\\\/\\\/www.organisator.ch\\\/#\\\/schema\\\/logo\\\/image\\\/\",\"url\":\"https:\\\/\\\/www.organisator.ch\\\/wp-content\\\/uploads\\\/2022\\\/01\\\/Logo_Organisator_Website.png\",\"contentUrl\":\"https:\\\/\\\/www.organisator.ch\\\/wp-content\\\/uploads\\\/2022\\\/01\\\/Logo_Organisator_Website.png\",\"width\":800,\"height\":77,\"caption\":\"Organisator\"},\"image\":{\"@id\":\"https:\\\/\\\/www.organisator.ch\\\/#\\\/schema\\\/logo\\\/image\\\/\"},\"sameAs\":[\"https:\\\/\\\/www.facebook.com\\\/OrganisatorFachmagazin\",\"https:\\\/\\\/www.linkedin.com\\\/showcase\\\/organisator-das-magazin-fr-kmu\",\"https:\\\/\\\/www.xing.com\\\/news\\\/pages\\\/organisator-ch-695\",\"https:\\\/\\\/www.youtube.com\\\/channel\\\/UCGP2Sq0iWaZwT3BdIAQFYpw\"]},{\"@type\":\"Person\",\"@id\":\"https:\\\/\\\/www.organisator.ch\\\/#\\\/schema\\\/person\\\/afccda3a71c06d4be2ed9100dd163db7\",\"name\":\"Dzana Muminovic\",\"image\":{\"@type\":\"ImageObject\",\"inLanguage\":\"de\",\"@id\":\"https:\\\/\\\/secure.gravatar.com\\\/avatar\\\/909c5c71aff4b38e88686f2ab2f1ba152571f394f41ed8bae431ea56ced93050?s=96&d=mm&r=g\",\"url\":\"https:\\\/\\\/secure.gravatar.com\\\/avatar\\\/909c5c71aff4b38e88686f2ab2f1ba152571f394f41ed8bae431ea56ced93050?s=96&d=mm&r=g\",\"contentUrl\":\"https:\\\/\\\/secure.gravatar.com\\\/avatar\\\/909c5c71aff4b38e88686f2ab2f1ba152571f394f41ed8bae431ea56ced93050?s=96&d=mm&r=g\",\"caption\":\"Dzana Muminovic\"},\"url\":\"https:\\\/\\\/www.organisator.ch\\\/de\\\/author\\\/dzana-muminovic\\\/\"}]}<\/script>\n<!-- \/ Yoast SEO plugin. -->","yoast_head_json":{"title":"Adnovum ernennt Matthias von Arx zum Managing Director \u00abSolutions\u00bb - Organisator","description":"Matthias von Arx \u00fcbernimmt ab 1. M\u00e4rz 2025 die Leitung des neuen Adnovum-Gesch\u00e4ftsbereichs \u00abSolutions\u00bb und st\u00e4rkt das Cybersecurity-Angebot.","robots":{"index":"index","follow":"follow","max-snippet":"max-snippet:-1","max-image-preview":"max-image-preview:large","max-video-preview":"max-video-preview:-1"},"canonical":"https:\/\/www.organisator.ch\/de\/management\/2025-02-25\/adnovum-ernennt-matthias-von-arx-zum-managing-director-solutions\/","og_locale":"de_DE","og_type":"article","og_title":"Neuer Managing Director bei Adnovum","og_description":"Matthias von Arx \u00fcbernimmt ab 1. M\u00e4rz 2025 die Leitung des neuen Adnovum-Gesch\u00e4ftsbereichs \u00abSolutions\u00bb und st\u00e4rkt das Cybersecurity-Angebot.","og_url":"https:\/\/www.organisator.ch\/de\/management\/2025-02-25\/adnovum-ernennt-matthias-von-arx-zum-managing-director-solutions\/","og_site_name":"Organisator","article_publisher":"https:\/\/www.facebook.com\/OrganisatorFachmagazin","article_published_time":"2025-02-25T12:15:03+00:00","og_image":[{"width":680,"height":457,"url":"https:\/\/www.organisator.ch\/wp-content\/uploads\/2025\/02\/Adnovum_Bild_ps.jpg","type":"image\/jpeg"}],"author":"Dzana Muminovic","twitter_card":"summary_large_image","twitter_title":"Neuer Managing Director bei Adnovum","twitter_description":"#Matthias von #Arx \u00fcbernimmt ab 1. M\u00e4rz 2025 die Leitung des neuen #Adnovum-Gesch\u00e4ftsbereichs \u00ab#Solutions\u00bb und st\u00e4rkt das #Cybersecurity-Angebot.","twitter_image":"https:\/\/www.organisator.ch\/wp-content\/uploads\/2025\/02\/Adnovum_Bild_ps.jpg","schema":{"@context":"https:\/\/schema.org","@graph":[{"@type":"Article","@id":"https:\/\/www.organisator.ch\/management\/2025-02-25\/adnovum-ernennt-matthias-von-arx-zum-managing-director-solutions\/#article","isPartOf":{"@id":"https:\/\/www.organisator.ch\/management\/2025-02-25\/adnovum-ernennt-matthias-von-arx-zum-managing-director-solutions\/"},"author":{"name":"Dzana Muminovic","@id":"https:\/\/www.organisator.ch\/#\/schema\/person\/afccda3a71c06d4be2ed9100dd163db7"},"headline":"Adnovum ernennt Matthias von Arx zum Managing Director \u00abSolutions\u00bb","datePublished":"2025-02-25T12:15:03+00:00","mainEntityOfPage":{"@id":"https:\/\/www.organisator.ch\/management\/2025-02-25\/adnovum-ernennt-matthias-von-arx-zum-managing-director-solutions\/"},"wordCount":314,"publisher":{"@id":"https:\/\/www.organisator.ch\/#organization"},"image":{"@id":"https:\/\/www.organisator.ch\/management\/2025-02-25\/adnovum-ernennt-matthias-von-arx-zum-managing-director-solutions\/#primaryimage"},"thumbnailUrl":"https:\/\/www.organisator.ch\/wp-content\/uploads\/2025\/02\/Adnovum_Bild_ps.jpg","keywords":["Cybersecurity","Managing Director","Schweiz","Software","Unternehmen"],"articleSection":["MANAGEMENT"],"inLanguage":"de"},{"@type":"WebPage","@id":"https:\/\/www.organisator.ch\/management\/2025-02-25\/adnovum-ernennt-matthias-von-arx-zum-managing-director-solutions\/","url":"https:\/\/www.organisator.ch\/management\/2025-02-25\/adnovum-ernennt-matthias-von-arx-zum-managing-director-solutions\/","name":"Adnovum ernennt Matthias von Arx zum Managing Director \u00abSolutions\u00bb - Organisator","isPartOf":{"@id":"https:\/\/www.organisator.ch\/#website"},"primaryImageOfPage":{"@id":"https:\/\/www.organisator.ch\/management\/2025-02-25\/adnovum-ernennt-matthias-von-arx-zum-managing-director-solutions\/#primaryimage"},"image":{"@id":"https:\/\/www.organisator.ch\/management\/2025-02-25\/adnovum-ernennt-matthias-von-arx-zum-managing-director-solutions\/#primaryimage"},"thumbnailUrl":"https:\/\/www.organisator.ch\/wp-content\/uploads\/2025\/02\/Adnovum_Bild_ps.jpg","datePublished":"2025-02-25T12:15:03+00:00","description":"Matthias von Arx \u00fcbernimmt ab 1. M\u00e4rz 2025 die Leitung des neuen Adnovum-Gesch\u00e4ftsbereichs \u00abSolutions\u00bb und st\u00e4rkt das Cybersecurity-Angebot.","breadcrumb":{"@id":"https:\/\/www.organisator.ch\/management\/2025-02-25\/adnovum-ernennt-matthias-von-arx-zum-managing-director-solutions\/#breadcrumb"},"inLanguage":"de","potentialAction":[{"@type":"ReadAction","target":["https:\/\/www.organisator.ch\/management\/2025-02-25\/adnovum-ernennt-matthias-von-arx-zum-managing-director-solutions\/"]}]},{"@type":"ImageObject","inLanguage":"de","@id":"https:\/\/www.organisator.ch\/management\/2025-02-25\/adnovum-ernennt-matthias-von-arx-zum-managing-director-solutions\/#primaryimage","url":"https:\/\/www.organisator.ch\/wp-content\/uploads\/2025\/02\/Adnovum_Bild_ps.jpg","contentUrl":"https:\/\/www.organisator.ch\/wp-content\/uploads\/2025\/02\/Adnovum_Bild_ps.jpg","width":680,"height":457,"caption":"Matthias von Arx \u00fcbernimmt ab 1. M\u00e4rz 2025 die Leitung des neuen Adnovum-Gesch\u00e4ftsbereichs \u00abSolutions\u00bb und st\u00e4rkt das Cybersecurity-Angebot. (Bild: Adnovum)"},{"@type":"BreadcrumbList","@id":"https:\/\/www.organisator.ch\/management\/2025-02-25\/adnovum-ernennt-matthias-von-arx-zum-managing-director-solutions\/#breadcrumb","itemListElement":[{"@type":"ListItem","position":1,"name":"Home","item":"https:\/\/www.organisator.ch\/"},{"@type":"ListItem","position":2,"name":"Adnovum ernennt Matthias von Arx zum Managing Director \u00abSolutions\u00bb"}]},{"@type":"WebSite","@id":"https:\/\/www.organisator.ch\/#website","url":"https:\/\/www.organisator.ch\/","name":"Organisator","description":"Kompetent. Praxisnah. Der ORGANISATOR bereitet in 10 Ausgaben pro Jahr die wesentlichen Themen f\u00fcr F\u00fchrungskr\u00e4fte von KMU auf.","publisher":{"@id":"https:\/\/www.organisator.ch\/#organization"},"potentialAction":[{"@type":"SearchAction","target":{"@type":"EntryPoint","urlTemplate":"https:\/\/www.organisator.ch\/?s={search_term_string}"},"query-input":{"@type":"PropertyValueSpecification","valueRequired":true,"valueName":"search_term_string"}}],"inLanguage":"de"},{"@type":"Organization","@id":"https:\/\/www.organisator.ch\/#organization","name":"Organisator","url":"https:\/\/www.organisator.ch\/","logo":{"@type":"ImageObject","inLanguage":"de","@id":"https:\/\/www.organisator.ch\/#\/schema\/logo\/image\/","url":"https:\/\/www.organisator.ch\/wp-content\/uploads\/2022\/01\/Logo_Organisator_Website.png","contentUrl":"https:\/\/www.organisator.ch\/wp-content\/uploads\/2022\/01\/Logo_Organisator_Website.png","width":800,"height":77,"caption":"Organisator"},"image":{"@id":"https:\/\/www.organisator.ch\/#\/schema\/logo\/image\/"},"sameAs":["https:\/\/www.facebook.com\/OrganisatorFachmagazin","https:\/\/www.linkedin.com\/showcase\/organisator-das-magazin-fr-kmu","https:\/\/www.xing.com\/news\/pages\/organisator-ch-695","https:\/\/www.youtube.com\/channel\/UCGP2Sq0iWaZwT3BdIAQFYpw"]},{"@type":"Person","@id":"https:\/\/www.organisator.ch\/#\/schema\/person\/afccda3a71c06d4be2ed9100dd163db7","name":"Dzana Muminovic","image":{"@type":"ImageObject","inLanguage":"de","@id":"https:\/\/secure.gravatar.com\/avatar\/909c5c71aff4b38e88686f2ab2f1ba152571f394f41ed8bae431ea56ced93050?s=96&d=mm&r=g","url":"https:\/\/secure.gravatar.com\/avatar\/909c5c71aff4b38e88686f2ab2f1ba152571f394f41ed8bae431ea56ced93050?s=96&d=mm&r=g","contentUrl":"https:\/\/secure.gravatar.com\/avatar\/909c5c71aff4b38e88686f2ab2f1ba152571f394f41ed8bae431ea56ced93050?s=96&d=mm&r=g","caption":"Dzana Muminovic"},"url":"https:\/\/www.organisator.ch\/de\/author\/dzana-muminovic\/"}]}},"_links":{"self":[{"href":"https:\/\/www.organisator.ch\/de\/wp-json\/wp\/v2\/posts\/36376","targetHints":{"allow":["GET"]}}],"collection":[{"href":"https:\/\/www.organisator.ch\/de\/wp-json\/wp\/v2\/posts"}],"about":[{"href":"https:\/\/www.organisator.ch\/de\/wp-json\/wp\/v2\/types\/post"}],"author":[{"embeddable":true,"href":"https:\/\/www.organisator.ch\/de\/wp-json\/wp\/v2\/users\/80"}],"replies":[{"embeddable":true,"href":"https:\/\/www.organisator.ch\/de\/wp-json\/wp\/v2\/comments?post=36376"}],"version-history":[{"count":2,"href":"https:\/\/www.organisator.ch\/de\/wp-json\/wp\/v2\/posts\/36376\/revisions"}],"predecessor-version":[{"id":36390,"href":"https:\/\/www.organisator.ch\/de\/wp-json\/wp\/v2\/posts\/36376\/revisions\/36390"}],"wp:featuredmedia":[{"embeddable":true,"href":"https:\/\/www.organisator.ch\/de\/wp-json\/wp\/v2\/media\/36377"}],"wp:attachment":[{"href":"https:\/\/www.organisator.ch\/de\/wp-json\/wp\/v2\/media?parent=36376"}],"wp:term":[{"taxonomy":"category","embeddable":true,"href":"https:\/\/www.organisator.ch\/de\/wp-json\/wp\/v2\/categories?post=36376"},{"taxonomy":"post_tag","embeddable":true,"href":"https:\/\/www.organisator.ch\/de\/wp-json\/wp\/v2\/tags?post=36376"}],"curies":[{"name":"wp","href":"https:\/\/api.w.org\/{rel}","templated":true}]}}