{"id":36379,"date":"2025-02-26T07:30:22","date_gmt":"2025-02-26T06:30:22","guid":{"rendered":"https:\/\/www.organisator.ch\/?p=36379"},"modified":"2025-02-27T07:41:12","modified_gmt":"2025-02-27T06:41:12","slug":"nachfrage-nach-interim-managern-mit-ki-expertise-steigt-rasant","status":"publish","type":"post","link":"https:\/\/www.organisator.ch\/de\/human-resources\/2025-02-26\/nachfrage-nach-interim-managern-mit-ki-expertise-steigt-rasant\/","title":{"rendered":"Nachfrage nach Interim Managern mit KI-Expertise steigt rasant"},"content":{"rendered":"<figure id=\"attachment_36385\" aria-describedby=\"caption-attachment-36385\" style=\"width: 680px\" class=\"wp-caption alignnone\"><img loading=\"lazy\" decoding=\"async\" class=\"size-full wp-image-36385\" src=\"https:\/\/www.organisator.ch\/wp-content\/uploads\/2025\/02\/BM_Bild_ps.jpg\" alt=\"\" width=\"680\" height=\"454\" srcset=\"https:\/\/www.organisator.ch\/wp-content\/uploads\/2025\/02\/BM_Bild_ps.jpg 680w, https:\/\/www.organisator.ch\/wp-content\/uploads\/2025\/02\/BM_Bild_ps-18x12.jpg 18w, https:\/\/www.organisator.ch\/wp-content\/uploads\/2025\/02\/BM_Bild_ps-375x250.jpg 375w, https:\/\/www.organisator.ch\/wp-content\/uploads\/2025\/02\/BM_Bild_ps-524x350.jpg 524w\" sizes=\"auto, (max-width: 680px) 100vw, 680px\" \/><figcaption id=\"caption-attachment-36385\" class=\"wp-caption-text\">Interim Manager mit KI-Expertise sind gefragt. Unternehmen nutzen Vakanzen, um F\u00fchrungsebenen f\u00fcr die KI-\u00c4ra fit zu machen. (Bild: www.depositphotos.con)<\/figcaption><\/figure>\n<p>Vornehmlich zur \u00dcberbr\u00fcckung von Vakanzen auf der oberen und mittleren F\u00fchrungsetage werden derzeit auffallend h\u00e4ufig Interim Manager gesucht, die \u00fcber Erfahrungen mit der Einf\u00fchrung von k\u00fcnstlicher Intelligenz in den Betriebsalltag verf\u00fcgen, hat der Personaler festgestellt. Die meisten Anfragen kommen aus den Branchen Maschinen- und Anlagenbau, Metall- und Elektroprodukte sowie Pharma, sagt er. Nur im Automotive-Sektor, in dem Interim Manager traditionell sehr gefragt sind, herrsche derzeit \u201eFlaute wegen der anhaltenden wirtschaftlichen Schw\u00e4che auf dem Automobilmarkt.\u201c<\/p>\n<h3><strong>Arbeitsbereich der Vakanz \u201eKI-ready\u201c machen<\/strong><\/h3>\n<p>In beinahe allen Branchen werden zusehends Interim Manager in \u201eDoppelfunktion\u201c gesucht: zur Vakanz\u00fcberbr\u00fcckung und als \u201eKI-Transformer\u201c. Dr. Harald Sch\u00f6nfeld weiss: \u201eDie Interimer werden gezielt in die Firmen geholt, um den jeweiligen Arbeitsbereich der Vakanz KI-ready zu machen.\u201c<\/p>\n<p>KI-Expertise sei f\u00fcr viele Stellenbesetzungen mittlerweile ein Co-Kriterium. Der Managementfachmann erl\u00e4utert: \u201eWenn eine F\u00fchrungskraft das Haus verl\u00e4sst, wollen die Firmen die frei gewordene Position immer \u00f6fter nicht einfach eins zu eins neu besetzen, sondern schreiben ein deutlich ver\u00e4ndertes Jobprofil aus. Und die h\u00e4ufigste Ver\u00e4nderung bezieht sich derzeit auf KI.\u201c<\/p>\n<h3><strong>Klassische Interim-Vorteile weiterhin gefragt<\/strong><\/h3>\n<p>Nach Einsch\u00e4tzung von Dr. Harald Sch\u00f6nfeld sind die \u201eklassischen Vorteile\u201c von Interim Managern zwar weiterhin gefragt: kurzfristige Verf\u00fcgbarkeit, ausgepr\u00e4gte Expertise, schnelle Einarbeitung, Reduzierung der Vakanzkosten, hohe F\u00fchrungs- und Sozialkompetenz sowie maximale Flexibilit\u00e4t. \u201eAber ein fundiertes KI-Verst\u00e4ndnis wird mittlerweile in vielen F\u00e4llen zus\u00e4tzlich vorausgesetzt\u201c, weiss der Personaler aus zahlreichen Gespr\u00e4chen. Dies gelte weitgehend unabh\u00e4ngig von der Unternehmensgr\u00f6sse, der Branche oder der jeweiligen Position, f\u00fcr die ein Manager auf Zeit gesucht werde.<\/p>\n<h3><strong>\u201eOhne KI keine Karriere\u201c<\/strong><\/h3>\n<p>Dr. Harald Sch\u00f6nfeld ordnet ein: \u201eDie Unternehmen nutzen die nat\u00fcrliche Personalfluktuation im Management, um ihre F\u00fchrungsebenen auf die mit K\u00fcnstlicher Intelligenz einhergehenden Ver\u00e4nderungen vorzubereiten.\u201c Interim Manager \u00fcbern\u00e4hmen in dieser \u00dcbergangsphase eine Schl\u00fcsselrolle, \u201eum F\u00fchrungspositionen aus der alten Welt in die neu KI-\u00c4ra zu \u00fcberf\u00fchren.\u201c<\/p>\n<p>Das bedeutet im \u00dcbrigen auch, dass F\u00fchrungskr\u00e4fte sowohl im Interim-Einsatz als auch in Festanstellung gut beraten seien, sich mit fundiertem Know-how in Sachen K\u00fcnstlicher Intelligenz f\u00fcr ihre berufliche Zukunft auszustatten. \u201eOhne KI keine Karriere\u201c, fasst Dr. Harald Sch\u00f6nfeld die aktuelle Lage am Personalmarkt f\u00fcr F\u00fchrungskr\u00e4fte zusammen. Diese Entwicklung hat der Managementexperte schon l\u00e4nger vorausgesehen: Er ist Mitherausgeber und Co-Autor des Buches \u201eK\u00fcnstliche Intelligenz f\u00fcr Entscheider: Was Sie als Vorstand, Gesch\u00e4ftsf\u00fchrer, Aufsichtsrat oder Beirat \u00fcber K\u00fcnstliche Intelligenz wissen sollten\u201c (ISBN 978-3-98674-078-8), das bereits Mitte 2023 erschienen ist. Das Werk hat er unter anderem gemeinsam mit einem der \u201eUrv\u00e4ter\u201c der K\u00fcnstlichen Intelligenz, Prof. Dr. Sebastian Thrun, der den weltweit ersten KI-Lehrstuhl an der Stanford University begr\u00fcndete, verfasst.<\/p>\n<p><em>Quelle: <a href=\"http:\/\/www.butterflymanager.com\">www.butterflymanager.com<\/a><\/em><\/p>\n","protected":false},"excerpt":{"rendered":"<p>\u201eIn Zeiten des Umbruchs sind Interim Manager besonders stark gefragt, wenn sie die Expertise mitbringen, diese Ver\u00e4nderungen mitzugestalten. Und derzeit ist vor allem KI-Kompetenz gefragt\u201c, sagt der Managementexperte Dr. Harald Sch\u00f6nfeld. Er ist Gesch\u00e4ftsf\u00fchrer der Personalberatung Butterflymanager, die auf die Vermittlung von F\u00fchrungskr\u00e4ften auf Zeit (Interim Manager) spezialisiert ist.<\/p>\n","protected":false},"author":80,"featured_media":36385,"comment_status":"closed","ping_status":"closed","sticky":false,"template":"","format":"standard","meta":{"_acf_changed":false,"_yoast_wpseo_focuskw":"Interim Manager","_yoast_wpseo_metadesc":"Interim Manager mit KI-Expertise sind gefragt. Unternehmen nutzen Vakanzen, um F\u00fchrungsebenen f\u00fcr die KI-\u00c4ra fit zu machen.","articlekey":"","footnotes":""},"categories":[579],"tags":[4210,277,5046,319],"class_list":["post-36379","post","type-post","status-publish","format-standard","has-post-thumbnail","hentry","category-human-resources","tag-fuehrungskraefte","tag-interimmanagement","tag-ki-kompetenzen","tag-kuenstliche-intelligenz"],"acf":[],"yoast_head":"<!-- This site is optimized with the Yoast SEO plugin v27.5 - https:\/\/yoast.com\/product\/yoast-seo-wordpress\/ -->\n<title>Nachfrage nach Interim Managern mit KI-Expertise steigt rasant - Organisator<\/title>\n<meta name=\"description\" content=\"Interim Manager mit KI-Expertise sind gefragt. Unternehmen nutzen Vakanzen, um F\u00fchrungsebenen f\u00fcr die KI-\u00c4ra fit zu machen.\" \/>\n<meta name=\"robots\" content=\"index, follow, max-snippet:-1, max-image-preview:large, max-video-preview:-1\" \/>\n<link rel=\"canonical\" href=\"https:\/\/www.organisator.ch\/de\/human-resources\/2025-02-26\/nachfrage-nach-interim-managern-mit-ki-expertise-steigt-rasant\/\" \/>\n<meta property=\"og:locale\" content=\"de_DE\" \/>\n<meta property=\"og:type\" content=\"article\" \/>\n<meta property=\"og:title\" content=\"Nachfrage nach Interim Managern mit KI-Expertise steigt rasant\" \/>\n<meta property=\"og:description\" content=\"Interim Manager mit KI-Expertise sind gefragt. Unternehmen nutzen Vakanzen, um F\u00fchrungsebenen f\u00fcr die KI-\u00c4ra fit zu machen.\" \/>\n<meta property=\"og:url\" content=\"https:\/\/www.organisator.ch\/de\/human-resources\/2025-02-26\/nachfrage-nach-interim-managern-mit-ki-expertise-steigt-rasant\/\" \/>\n<meta property=\"og:site_name\" content=\"Organisator\" \/>\n<meta property=\"article:publisher\" content=\"https:\/\/www.facebook.com\/OrganisatorFachmagazin\" \/>\n<meta property=\"article:published_time\" content=\"2025-02-26T06:30:22+00:00\" \/>\n<meta property=\"article:modified_time\" content=\"2025-02-27T06:41:12+00:00\" \/>\n<meta property=\"og:image\" content=\"https:\/\/www.organisator.ch\/wp-content\/uploads\/2025\/02\/BM_Bild_ps.jpg\" \/>\n\t<meta property=\"og:image:width\" content=\"680\" \/>\n\t<meta property=\"og:image:height\" content=\"454\" \/>\n\t<meta property=\"og:image:type\" content=\"image\/jpeg\" \/>\n<meta name=\"author\" content=\"Dzana Muminovic\" \/>\n<meta name=\"twitter:card\" content=\"summary_large_image\" \/>\n<meta name=\"twitter:title\" content=\"Nachfrage nach Interim Managern mit KI-Expertise steigt rasant\" \/>\n<meta name=\"twitter:description\" content=\"#Interim #Manager mit #KI-#Expertise sind gefragt. #Unternehmen nutzen Vakanzen, um #F\u00fchrungsebenen f\u00fcr die #KI-\u00c4ra fit zu machen.\" \/>\n<meta name=\"twitter:image\" content=\"https:\/\/www.organisator.ch\/wp-content\/uploads\/2025\/02\/BM_Bild_ps.jpg\" \/>\n<script type=\"application\/ld+json\" class=\"yoast-schema-graph\">{\"@context\":\"https:\\\/\\\/schema.org\",\"@graph\":[{\"@type\":\"Article\",\"@id\":\"https:\\\/\\\/www.organisator.ch\\\/human-resources\\\/2025-02-26\\\/nachfrage-nach-interim-managern-mit-ki-expertise-steigt-rasant\\\/#article\",\"isPartOf\":{\"@id\":\"https:\\\/\\\/www.organisator.ch\\\/human-resources\\\/2025-02-26\\\/nachfrage-nach-interim-managern-mit-ki-expertise-steigt-rasant\\\/\"},\"author\":{\"name\":\"Dzana Muminovic\",\"@id\":\"https:\\\/\\\/www.organisator.ch\\\/#\\\/schema\\\/person\\\/afccda3a71c06d4be2ed9100dd163db7\"},\"headline\":\"Nachfrage nach Interim Managern mit KI-Expertise steigt rasant\",\"datePublished\":\"2025-02-26T06:30:22+00:00\",\"dateModified\":\"2025-02-27T06:41:12+00:00\",\"mainEntityOfPage\":{\"@id\":\"https:\\\/\\\/www.organisator.ch\\\/human-resources\\\/2025-02-26\\\/nachfrage-nach-interim-managern-mit-ki-expertise-steigt-rasant\\\/\"},\"wordCount\":504,\"publisher\":{\"@id\":\"https:\\\/\\\/www.organisator.ch\\\/#organization\"},\"image\":{\"@id\":\"https:\\\/\\\/www.organisator.ch\\\/human-resources\\\/2025-02-26\\\/nachfrage-nach-interim-managern-mit-ki-expertise-steigt-rasant\\\/#primaryimage\"},\"thumbnailUrl\":\"https:\\\/\\\/www.organisator.ch\\\/wp-content\\\/uploads\\\/2025\\\/02\\\/BM_Bild_ps.jpg\",\"keywords\":[\"F\u00fchrungskr\u00e4fte\",\"Interimmanagement\",\"KI-Kompetenzen\",\"K\u00fcnstliche Intelligenz\"],\"articleSection\":[\"HUMAN RESOURCES\"],\"inLanguage\":\"de\"},{\"@type\":\"WebPage\",\"@id\":\"https:\\\/\\\/www.organisator.ch\\\/human-resources\\\/2025-02-26\\\/nachfrage-nach-interim-managern-mit-ki-expertise-steigt-rasant\\\/\",\"url\":\"https:\\\/\\\/www.organisator.ch\\\/human-resources\\\/2025-02-26\\\/nachfrage-nach-interim-managern-mit-ki-expertise-steigt-rasant\\\/\",\"name\":\"Nachfrage nach Interim Managern mit KI-Expertise steigt rasant - Organisator\",\"isPartOf\":{\"@id\":\"https:\\\/\\\/www.organisator.ch\\\/#website\"},\"primaryImageOfPage\":{\"@id\":\"https:\\\/\\\/www.organisator.ch\\\/human-resources\\\/2025-02-26\\\/nachfrage-nach-interim-managern-mit-ki-expertise-steigt-rasant\\\/#primaryimage\"},\"image\":{\"@id\":\"https:\\\/\\\/www.organisator.ch\\\/human-resources\\\/2025-02-26\\\/nachfrage-nach-interim-managern-mit-ki-expertise-steigt-rasant\\\/#primaryimage\"},\"thumbnailUrl\":\"https:\\\/\\\/www.organisator.ch\\\/wp-content\\\/uploads\\\/2025\\\/02\\\/BM_Bild_ps.jpg\",\"datePublished\":\"2025-02-26T06:30:22+00:00\",\"dateModified\":\"2025-02-27T06:41:12+00:00\",\"description\":\"Interim Manager mit KI-Expertise sind gefragt. Unternehmen nutzen Vakanzen, um F\u00fchrungsebenen f\u00fcr die KI-\u00c4ra fit zu machen.\",\"breadcrumb\":{\"@id\":\"https:\\\/\\\/www.organisator.ch\\\/human-resources\\\/2025-02-26\\\/nachfrage-nach-interim-managern-mit-ki-expertise-steigt-rasant\\\/#breadcrumb\"},\"inLanguage\":\"de\",\"potentialAction\":[{\"@type\":\"ReadAction\",\"target\":[\"https:\\\/\\\/www.organisator.ch\\\/human-resources\\\/2025-02-26\\\/nachfrage-nach-interim-managern-mit-ki-expertise-steigt-rasant\\\/\"]}]},{\"@type\":\"ImageObject\",\"inLanguage\":\"de\",\"@id\":\"https:\\\/\\\/www.organisator.ch\\\/human-resources\\\/2025-02-26\\\/nachfrage-nach-interim-managern-mit-ki-expertise-steigt-rasant\\\/#primaryimage\",\"url\":\"https:\\\/\\\/www.organisator.ch\\\/wp-content\\\/uploads\\\/2025\\\/02\\\/BM_Bild_ps.jpg\",\"contentUrl\":\"https:\\\/\\\/www.organisator.ch\\\/wp-content\\\/uploads\\\/2025\\\/02\\\/BM_Bild_ps.jpg\",\"width\":680,\"height\":454,\"caption\":\"Interim Manager mit KI-Expertise sind gefragt. Unternehmen nutzen Vakanzen, um F\u00fchrungsebenen f\u00fcr die KI-\u00c4ra fit zu machen. (Bild: www.depositphotos.con)\"},{\"@type\":\"BreadcrumbList\",\"@id\":\"https:\\\/\\\/www.organisator.ch\\\/human-resources\\\/2025-02-26\\\/nachfrage-nach-interim-managern-mit-ki-expertise-steigt-rasant\\\/#breadcrumb\",\"itemListElement\":[{\"@type\":\"ListItem\",\"position\":1,\"name\":\"Home\",\"item\":\"https:\\\/\\\/www.organisator.ch\\\/\"},{\"@type\":\"ListItem\",\"position\":2,\"name\":\"Nachfrage nach Interim Managern mit KI-Expertise steigt rasant\"}]},{\"@type\":\"WebSite\",\"@id\":\"https:\\\/\\\/www.organisator.ch\\\/#website\",\"url\":\"https:\\\/\\\/www.organisator.ch\\\/\",\"name\":\"Organisator\",\"description\":\"Kompetent. Praxisnah. Der ORGANISATOR bereitet in 10 Ausgaben pro Jahr die wesentlichen Themen f\u00fcr F\u00fchrungskr\u00e4fte von KMU auf.\",\"publisher\":{\"@id\":\"https:\\\/\\\/www.organisator.ch\\\/#organization\"},\"potentialAction\":[{\"@type\":\"SearchAction\",\"target\":{\"@type\":\"EntryPoint\",\"urlTemplate\":\"https:\\\/\\\/www.organisator.ch\\\/?s={search_term_string}\"},\"query-input\":{\"@type\":\"PropertyValueSpecification\",\"valueRequired\":true,\"valueName\":\"search_term_string\"}}],\"inLanguage\":\"de\"},{\"@type\":\"Organization\",\"@id\":\"https:\\\/\\\/www.organisator.ch\\\/#organization\",\"name\":\"Organisator\",\"url\":\"https:\\\/\\\/www.organisator.ch\\\/\",\"logo\":{\"@type\":\"ImageObject\",\"inLanguage\":\"de\",\"@id\":\"https:\\\/\\\/www.organisator.ch\\\/#\\\/schema\\\/logo\\\/image\\\/\",\"url\":\"https:\\\/\\\/www.organisator.ch\\\/wp-content\\\/uploads\\\/2022\\\/01\\\/Logo_Organisator_Website.png\",\"contentUrl\":\"https:\\\/\\\/www.organisator.ch\\\/wp-content\\\/uploads\\\/2022\\\/01\\\/Logo_Organisator_Website.png\",\"width\":800,\"height\":77,\"caption\":\"Organisator\"},\"image\":{\"@id\":\"https:\\\/\\\/www.organisator.ch\\\/#\\\/schema\\\/logo\\\/image\\\/\"},\"sameAs\":[\"https:\\\/\\\/www.facebook.com\\\/OrganisatorFachmagazin\",\"https:\\\/\\\/www.linkedin.com\\\/showcase\\\/organisator-das-magazin-fr-kmu\",\"https:\\\/\\\/www.xing.com\\\/news\\\/pages\\\/organisator-ch-695\",\"https:\\\/\\\/www.youtube.com\\\/channel\\\/UCGP2Sq0iWaZwT3BdIAQFYpw\"]},{\"@type\":\"Person\",\"@id\":\"https:\\\/\\\/www.organisator.ch\\\/#\\\/schema\\\/person\\\/afccda3a71c06d4be2ed9100dd163db7\",\"name\":\"Dzana Muminovic\",\"image\":{\"@type\":\"ImageObject\",\"inLanguage\":\"de\",\"@id\":\"https:\\\/\\\/secure.gravatar.com\\\/avatar\\\/909c5c71aff4b38e88686f2ab2f1ba152571f394f41ed8bae431ea56ced93050?s=96&d=mm&r=g\",\"url\":\"https:\\\/\\\/secure.gravatar.com\\\/avatar\\\/909c5c71aff4b38e88686f2ab2f1ba152571f394f41ed8bae431ea56ced93050?s=96&d=mm&r=g\",\"contentUrl\":\"https:\\\/\\\/secure.gravatar.com\\\/avatar\\\/909c5c71aff4b38e88686f2ab2f1ba152571f394f41ed8bae431ea56ced93050?s=96&d=mm&r=g\",\"caption\":\"Dzana Muminovic\"},\"url\":\"https:\\\/\\\/www.organisator.ch\\\/de\\\/author\\\/dzana-muminovic\\\/\"}]}<\/script>\n<!-- \/ Yoast SEO plugin. -->","yoast_head_json":{"title":"Nachfrage nach Interim Managern mit KI-Expertise steigt rasant - Organisator","description":"Interim Manager mit KI-Expertise sind gefragt. Unternehmen nutzen Vakanzen, um F\u00fchrungsebenen f\u00fcr die KI-\u00c4ra fit zu machen.","robots":{"index":"index","follow":"follow","max-snippet":"max-snippet:-1","max-image-preview":"max-image-preview:large","max-video-preview":"max-video-preview:-1"},"canonical":"https:\/\/www.organisator.ch\/de\/human-resources\/2025-02-26\/nachfrage-nach-interim-managern-mit-ki-expertise-steigt-rasant\/","og_locale":"de_DE","og_type":"article","og_title":"Nachfrage nach Interim Managern mit KI-Expertise steigt rasant","og_description":"Interim Manager mit KI-Expertise sind gefragt. Unternehmen nutzen Vakanzen, um F\u00fchrungsebenen f\u00fcr die KI-\u00c4ra fit zu machen.","og_url":"https:\/\/www.organisator.ch\/de\/human-resources\/2025-02-26\/nachfrage-nach-interim-managern-mit-ki-expertise-steigt-rasant\/","og_site_name":"Organisator","article_publisher":"https:\/\/www.facebook.com\/OrganisatorFachmagazin","article_published_time":"2025-02-26T06:30:22+00:00","article_modified_time":"2025-02-27T06:41:12+00:00","og_image":[{"width":680,"height":454,"url":"https:\/\/www.organisator.ch\/wp-content\/uploads\/2025\/02\/BM_Bild_ps.jpg","type":"image\/jpeg"}],"author":"Dzana Muminovic","twitter_card":"summary_large_image","twitter_title":"Nachfrage nach Interim Managern mit KI-Expertise steigt rasant","twitter_description":"#Interim #Manager mit #KI-#Expertise sind gefragt. #Unternehmen nutzen Vakanzen, um #F\u00fchrungsebenen f\u00fcr die #KI-\u00c4ra fit zu machen.","twitter_image":"https:\/\/www.organisator.ch\/wp-content\/uploads\/2025\/02\/BM_Bild_ps.jpg","schema":{"@context":"https:\/\/schema.org","@graph":[{"@type":"Article","@id":"https:\/\/www.organisator.ch\/human-resources\/2025-02-26\/nachfrage-nach-interim-managern-mit-ki-expertise-steigt-rasant\/#article","isPartOf":{"@id":"https:\/\/www.organisator.ch\/human-resources\/2025-02-26\/nachfrage-nach-interim-managern-mit-ki-expertise-steigt-rasant\/"},"author":{"name":"Dzana Muminovic","@id":"https:\/\/www.organisator.ch\/#\/schema\/person\/afccda3a71c06d4be2ed9100dd163db7"},"headline":"Nachfrage nach Interim Managern mit KI-Expertise steigt rasant","datePublished":"2025-02-26T06:30:22+00:00","dateModified":"2025-02-27T06:41:12+00:00","mainEntityOfPage":{"@id":"https:\/\/www.organisator.ch\/human-resources\/2025-02-26\/nachfrage-nach-interim-managern-mit-ki-expertise-steigt-rasant\/"},"wordCount":504,"publisher":{"@id":"https:\/\/www.organisator.ch\/#organization"},"image":{"@id":"https:\/\/www.organisator.ch\/human-resources\/2025-02-26\/nachfrage-nach-interim-managern-mit-ki-expertise-steigt-rasant\/#primaryimage"},"thumbnailUrl":"https:\/\/www.organisator.ch\/wp-content\/uploads\/2025\/02\/BM_Bild_ps.jpg","keywords":["F\u00fchrungskr\u00e4fte","Interimmanagement","KI-Kompetenzen","K\u00fcnstliche Intelligenz"],"articleSection":["HUMAN RESOURCES"],"inLanguage":"de"},{"@type":"WebPage","@id":"https:\/\/www.organisator.ch\/human-resources\/2025-02-26\/nachfrage-nach-interim-managern-mit-ki-expertise-steigt-rasant\/","url":"https:\/\/www.organisator.ch\/human-resources\/2025-02-26\/nachfrage-nach-interim-managern-mit-ki-expertise-steigt-rasant\/","name":"Nachfrage nach Interim Managern mit KI-Expertise steigt rasant - Organisator","isPartOf":{"@id":"https:\/\/www.organisator.ch\/#website"},"primaryImageOfPage":{"@id":"https:\/\/www.organisator.ch\/human-resources\/2025-02-26\/nachfrage-nach-interim-managern-mit-ki-expertise-steigt-rasant\/#primaryimage"},"image":{"@id":"https:\/\/www.organisator.ch\/human-resources\/2025-02-26\/nachfrage-nach-interim-managern-mit-ki-expertise-steigt-rasant\/#primaryimage"},"thumbnailUrl":"https:\/\/www.organisator.ch\/wp-content\/uploads\/2025\/02\/BM_Bild_ps.jpg","datePublished":"2025-02-26T06:30:22+00:00","dateModified":"2025-02-27T06:41:12+00:00","description":"Interim Manager mit KI-Expertise sind gefragt. Unternehmen nutzen Vakanzen, um F\u00fchrungsebenen f\u00fcr die KI-\u00c4ra fit zu machen.","breadcrumb":{"@id":"https:\/\/www.organisator.ch\/human-resources\/2025-02-26\/nachfrage-nach-interim-managern-mit-ki-expertise-steigt-rasant\/#breadcrumb"},"inLanguage":"de","potentialAction":[{"@type":"ReadAction","target":["https:\/\/www.organisator.ch\/human-resources\/2025-02-26\/nachfrage-nach-interim-managern-mit-ki-expertise-steigt-rasant\/"]}]},{"@type":"ImageObject","inLanguage":"de","@id":"https:\/\/www.organisator.ch\/human-resources\/2025-02-26\/nachfrage-nach-interim-managern-mit-ki-expertise-steigt-rasant\/#primaryimage","url":"https:\/\/www.organisator.ch\/wp-content\/uploads\/2025\/02\/BM_Bild_ps.jpg","contentUrl":"https:\/\/www.organisator.ch\/wp-content\/uploads\/2025\/02\/BM_Bild_ps.jpg","width":680,"height":454,"caption":"Interim Manager mit KI-Expertise sind gefragt. Unternehmen nutzen Vakanzen, um F\u00fchrungsebenen f\u00fcr die KI-\u00c4ra fit zu machen. (Bild: www.depositphotos.con)"},{"@type":"BreadcrumbList","@id":"https:\/\/www.organisator.ch\/human-resources\/2025-02-26\/nachfrage-nach-interim-managern-mit-ki-expertise-steigt-rasant\/#breadcrumb","itemListElement":[{"@type":"ListItem","position":1,"name":"Home","item":"https:\/\/www.organisator.ch\/"},{"@type":"ListItem","position":2,"name":"Nachfrage nach Interim Managern mit KI-Expertise steigt rasant"}]},{"@type":"WebSite","@id":"https:\/\/www.organisator.ch\/#website","url":"https:\/\/www.organisator.ch\/","name":"Organisator","description":"Kompetent. Praxisnah. Der ORGANISATOR bereitet in 10 Ausgaben pro Jahr die wesentlichen Themen f\u00fcr F\u00fchrungskr\u00e4fte von KMU auf.","publisher":{"@id":"https:\/\/www.organisator.ch\/#organization"},"potentialAction":[{"@type":"SearchAction","target":{"@type":"EntryPoint","urlTemplate":"https:\/\/www.organisator.ch\/?s={search_term_string}"},"query-input":{"@type":"PropertyValueSpecification","valueRequired":true,"valueName":"search_term_string"}}],"inLanguage":"de"},{"@type":"Organization","@id":"https:\/\/www.organisator.ch\/#organization","name":"Organisator","url":"https:\/\/www.organisator.ch\/","logo":{"@type":"ImageObject","inLanguage":"de","@id":"https:\/\/www.organisator.ch\/#\/schema\/logo\/image\/","url":"https:\/\/www.organisator.ch\/wp-content\/uploads\/2022\/01\/Logo_Organisator_Website.png","contentUrl":"https:\/\/www.organisator.ch\/wp-content\/uploads\/2022\/01\/Logo_Organisator_Website.png","width":800,"height":77,"caption":"Organisator"},"image":{"@id":"https:\/\/www.organisator.ch\/#\/schema\/logo\/image\/"},"sameAs":["https:\/\/www.facebook.com\/OrganisatorFachmagazin","https:\/\/www.linkedin.com\/showcase\/organisator-das-magazin-fr-kmu","https:\/\/www.xing.com\/news\/pages\/organisator-ch-695","https:\/\/www.youtube.com\/channel\/UCGP2Sq0iWaZwT3BdIAQFYpw"]},{"@type":"Person","@id":"https:\/\/www.organisator.ch\/#\/schema\/person\/afccda3a71c06d4be2ed9100dd163db7","name":"Dzana Muminovic","image":{"@type":"ImageObject","inLanguage":"de","@id":"https:\/\/secure.gravatar.com\/avatar\/909c5c71aff4b38e88686f2ab2f1ba152571f394f41ed8bae431ea56ced93050?s=96&d=mm&r=g","url":"https:\/\/secure.gravatar.com\/avatar\/909c5c71aff4b38e88686f2ab2f1ba152571f394f41ed8bae431ea56ced93050?s=96&d=mm&r=g","contentUrl":"https:\/\/secure.gravatar.com\/avatar\/909c5c71aff4b38e88686f2ab2f1ba152571f394f41ed8bae431ea56ced93050?s=96&d=mm&r=g","caption":"Dzana Muminovic"},"url":"https:\/\/www.organisator.ch\/de\/author\/dzana-muminovic\/"}]}},"_links":{"self":[{"href":"https:\/\/www.organisator.ch\/de\/wp-json\/wp\/v2\/posts\/36379","targetHints":{"allow":["GET"]}}],"collection":[{"href":"https:\/\/www.organisator.ch\/de\/wp-json\/wp\/v2\/posts"}],"about":[{"href":"https:\/\/www.organisator.ch\/de\/wp-json\/wp\/v2\/types\/post"}],"author":[{"embeddable":true,"href":"https:\/\/www.organisator.ch\/de\/wp-json\/wp\/v2\/users\/80"}],"replies":[{"embeddable":true,"href":"https:\/\/www.organisator.ch\/de\/wp-json\/wp\/v2\/comments?post=36379"}],"version-history":[{"count":5,"href":"https:\/\/www.organisator.ch\/de\/wp-json\/wp\/v2\/posts\/36379\/revisions"}],"predecessor-version":[{"id":36470,"href":"https:\/\/www.organisator.ch\/de\/wp-json\/wp\/v2\/posts\/36379\/revisions\/36470"}],"wp:featuredmedia":[{"embeddable":true,"href":"https:\/\/www.organisator.ch\/de\/wp-json\/wp\/v2\/media\/36385"}],"wp:attachment":[{"href":"https:\/\/www.organisator.ch\/de\/wp-json\/wp\/v2\/media?parent=36379"}],"wp:term":[{"taxonomy":"category","embeddable":true,"href":"https:\/\/www.organisator.ch\/de\/wp-json\/wp\/v2\/categories?post=36379"},{"taxonomy":"post_tag","embeddable":true,"href":"https:\/\/www.organisator.ch\/de\/wp-json\/wp\/v2\/tags?post=36379"}],"curies":[{"name":"wp","href":"https:\/\/api.w.org\/{rel}","templated":true}]}}