{"id":3641,"date":"2018-05-23T14:00:45","date_gmt":"2018-05-23T12:00:45","guid":{"rendered":"https:\/\/www.organisator.ch\/?p=3641"},"modified":"2018-05-23T14:00:45","modified_gmt":"2018-05-23T12:00:45","slug":"award-fuer-innovative-hr-projekte-in-der-schweiz-lanciert-eingabefrist-laeuft","status":"publish","type":"post","link":"https:\/\/www.organisator.ch\/de\/human-resources\/hrm\/2018-05-23\/award-fuer-innovative-hr-projekte-in-der-schweiz-lanciert-eingabefrist-laeuft\/","title":{"rendered":"Award f\u00fcr innovative HR-Projekte in der Schweiz lanciert &#8211; Eingabefrist l\u00e4uft"},"content":{"rendered":"<figure id=\"attachment_3642\" aria-describedby=\"caption-attachment-3642\" style=\"width: 640px\" class=\"wp-caption alignnone\"><img loading=\"lazy\" decoding=\"async\" class=\"size-full wp-image-3642\" src=\"https:\/\/www.organisator.ch\/wp-content\/uploads\/2018\/05\/Award-fuer-innovative-HR-Projekte-in-der-Schweiz-lanciert-Eingabefrist-laeuft_Organisator.jpg\" alt=\"\" width=\"640\" height=\"319\" srcset=\"https:\/\/www.organisator.ch\/wp-content\/uploads\/2018\/05\/Award-fuer-innovative-HR-Projekte-in-der-Schweiz-lanciert-Eingabefrist-laeuft_Organisator.jpg 640w, https:\/\/www.organisator.ch\/wp-content\/uploads\/2018\/05\/Award-fuer-innovative-HR-Projekte-in-der-Schweiz-lanciert-Eingabefrist-laeuft_Organisator-16x8.jpg 16w, https:\/\/www.organisator.ch\/wp-content\/uploads\/2018\/05\/Award-fuer-innovative-HR-Projekte-in-der-Schweiz-lanciert-Eingabefrist-laeuft_Organisator-351x175.jpg 351w, https:\/\/www.organisator.ch\/wp-content\/uploads\/2018\/05\/Award-fuer-innovative-HR-Projekte-in-der-Schweiz-lanciert-Eingabefrist-laeuft_Organisator-300x150.jpg 300w\" sizes=\"auto, (max-width: 640px) 100vw, 640px\" \/><figcaption id=\"caption-attachment-3642\" class=\"wp-caption-text\">Mit dem inHR Award sollen innovative HR-Projekte gew\u00fcrdigt werden.<\/figcaption><\/figure>\n<p>Der Wandel von einem Arbeitgeber- zu einem Bewerbermarkt, neue Plattformen, die Art und Weise wie neue Mitarbeitende gewonnen und gehalten werden oder der vorherrschende Fachkr\u00e4ftemangel fordert Schweizer Unternehmen und deren HR-Abteilungen viel ab. Dazu z\u00e4hlen auch neue Technologien wie K\u00fcnstliche Intelligenz, Chatbots oder Augmented Reality. Um in diesem schnelllebigen Umfeld zu bestehen, m\u00fcssen sich Organisationen laufend neu ausrichten und gleichzeitig Innovation, Kreativit\u00e4t sowie Mut zum Ungew\u00f6hnlichen in den HR Alltag integrieren.<\/p>\n<h2>Zukunftsweisende HR-Projekte w\u00fcrdigen<\/h2>\n<p>Vor diesem Hintergrund lancieren HR-Experten von Deloitte Schweiz, SAP Schweiz, NZZ und die Universit\u00e4t St. Gallen, einen Award f\u00fcr innovative HR-Projekte und -Initiativen in der Schweiz. Sein vorrangiges Ziel: Personen und Teams, die mit neuen und kreativen HR-Projekten Pionierarbeit leisten, zu identifizieren und ins Rampenlicht zu r\u00fccken sowie den Austausch zwischen HR-Fachleuten zu f\u00f6rdern. Das Mittel dazu: die inHR Awards (&#8222;innovative HR&#8220;), die k\u00fcnftig einmal pro Jahr f\u00fcr herausragende HR-Leistungen verliehen werden. &#8222;Mit dem inHR award wollen wir der Arbeitswelt von morgen ein Gesicht und vor allem den kreativen und innovativen Menschen eine Plattform geben, die im HR-Bereich Pionierarbeit leisten.\u00a0Von denen gibt es n\u00e4mlich viele! Daf\u00fcr braucht es aber eine neue Definition davon, was es bedeutet, die Zukunft der Arbeit zu gestalten. Einige, aber noch nicht alle Unternehmen setzen sich bereits mit den Herausforderungen und Chancen, die die Arbeitswelt von morgen birgt, auseinander. Diese zukunftsweisenden Initiativen gilt es in diesem Rahmen zu w\u00fcrdigen,&#8220; sagt dazu Matthias Thalmann, Partner im Bereich Human Capital Consulting, Deloitte Schweiz. Und Enrico Palumbo, HR Direktor und Mitglied der Gesch\u00e4ftsleitung, SAP (Schweiz) AG, erg\u00e4nzt: &#8222;Die gegenw\u00e4rtigen Entwicklungen sind spannend und herausfordernd: Die Digitalisierung ver\u00e4ndert nicht nur die Gesch\u00e4ftsmodelle und Prozesse, sondern wirkt sich auch darauf aus, wie wir F\u00fchrung verstehen und was Mitarbeitende von Talentmanagement erwarten. Wer hier mit frischen Ideen und neuen Ans\u00e4tzen etwas bewegt, verdient es, ins Rampenlicht ger\u00fcckt zu werden.&#8220;<\/p>\n<h2>Drei\u00a0Kategorien<\/h2>\n<p>Die inHR awards werden in drei Kategorien verliehen:<\/p>\n<ul>\n<li>Talent, Vielfalt &amp; Inklusion zeichnet Ideen, Massnahmen und Projekte f\u00fcr zukunftsorientiertes Talentmanagement aus,<\/li>\n<li>Neue Arbeit zeichnet Praktiken, Prozesse und Programme aus, welche die Arbeit, die Arbeitsumgebung und die Zusammenarbeit neu gestalten,<\/li>\n<li>HR (R)Evolution zeichnet Ans\u00e4tze und Initiativen aus, welche die Rolle und das Selbstverst\u00e4ndnis von Human Resources erweitern und neu definieren.<\/li>\n<\/ul>\n<p>Prof. Dr. Antoinette Weibel, Direktorin am Forschungsinstitut f\u00fcr Arbeit und Arbeitswelten, Universit\u00e4t St. Gallen \u00e4ussert sich\u00a0\u00fcber die Beweggr\u00fcnde des neuen Awards wie folgt: &#8222;Wir m\u00f6chten die allt\u00e4glichen HR-Helden auszeichnen. HR-Teams, die mit viel Mut die T\u00fcr in die Zukunft der Arbeit aufstossen. Sei es, dass sie Inklusion vorantreiben, agiles Arbeiten unterst\u00fctzen oder alte Z\u00f6pfe einer industrialisierten HR-Programmatik abschneiden. Wir suchen vor allem HR-Teams, die Personalmanagement beherzt neu denken, denn wir sind davon \u00fcberzeugt, dass Resourceful Humans den richtigen Rahmen brauchen, um sich zu entfalten.&#8220;<\/p>\n<h2>Expertenwissen aus Beratung, Technologie, Forschung und Kommunikation<\/h2>\n<p>Eine Jury beurteilt die eingegebenen Projekte nach vier Kriterien. Neben dem Innovationsgrad eines eingereichten Projekts wird einerseits sein Nutzen f\u00fcr die Organisation und seine Relevanz f\u00fcr weitere Kreise beurteilt, andererseits seine konkrete Umsetzung und damit einhergehende Begleitmassnahmen. Die Beschreibung und Darstellung des eingegebenen Projekts bilden das vierte Kriterium. Die Jury besteht aus dem Kreis der Initianten. Damit ist Expertenwissen aus Beratung, Technologie, Forschung und Kommunikation im Preisgericht vertreten. Petra Feigl-F\u00e4ssler, Leiterin HR und Mitglied der Unternehmensleitung, NZZ Mediengruppe: &#8222;Wir ben\u00f6tigen souver\u00e4ne HR-Teams, die mit innovativen und effektiven Ans\u00e4tzen das Arbeitsumfeld in ihren Firmen so mitpr\u00e4gen, dass Mitarbeitende und Organisationen Ver\u00e4nderungen positiv gegen\u00fcberstehen, Anforderungen gerecht werden und ihr Potential voll entfalten k\u00f6nnen. Der inHR award wird diese Teams auszeichnen und gleichzeitig eine Plattform f\u00fcr andere HR-Teams bieten, um zu lernen und Ideen weiterzuentwickeln.&#8220;<\/p>\n<h2>Bewerbungsfrist bis 31. Juli 2018 &#8211; Preisverleihung im Oktober<\/h2>\n<p>Zugelassen f\u00fcr den Wettbewerb sind HR-Projekte von Unternehmen und Organisationen mit Sitz in der Schweiz. Die Bewerbungsfrist l\u00e4uft ab sofort bis zum 31. Juli 2018. Bewerbungsformulare und weitere Informationen zum inHR award stehen bereit unter <a href=\"http:\/\/www.inhraward.ch\">www.inhraward.ch<\/a>. Die Verleihung der inHR awards findet am 25. Oktober 2018 in Z\u00fcrich statt. Neben der Award- Zeremonie steht bei dem Anlass die Vernetzung der G\u00e4ste und das voneinander Lernen im Vordergrund. In diesem Geist stehen auch die Preise, die auf die Gewinnerteams warten. Neben einem gemeinsamen Impulstag f\u00fcr den Austausch mit Themenexperten erh\u00e4lt jedes Gewinnerteam einen massgeschneiderten Design-Thinking-Workshop, um organisationsspezifische Herausforderungen und Fragestellungen zu diskutieren.<\/p>\n<p><em>Quelle: <a href=\"http:\/\/www.deloitte.com\/ch\/about\">Deloitte<\/a><\/em><\/p>\n","protected":false},"excerpt":{"rendered":"<p>Der Wandel von einem Arbeitgeber- zu einem Bewerbermarkt, neue Plattformen, die Art und Weise wie neue Mitarbeitende gewonnen und gehalten werden oder der vorherrschende Fachkr\u00e4ftemangel fordert Schweizer Unternehmen und deren HR-Abteilungen viel ab. Dazu z\u00e4hlen auch neue Technologien wie K\u00fcnstliche Intelligenz, Chatbots oder Augmented Reality. Um in diesem schnelllebigen Umfeld zu bestehen, m\u00fcssen sich Organisationen [&hellip;]<\/p>\n","protected":false},"author":4,"featured_media":3642,"comment_status":"open","ping_status":"open","sticky":false,"template":"","format":"standard","meta":{"_acf_changed":false,"_yoast_wpseo_focuskw":"HR-Projekte","_yoast_wpseo_metadesc":"Um innovativen und zukunftsweisenden HR-Projekten in der Schweiz eine Plattform zu geben, haben Deloitte Schweiz, die Neue Z\u00fcrcher Zeitung, SAP Schweiz und die Universit\u00e4t St. Gallen einen Award f\u00fcr die Schweizer HR-Community ins Leben gerufen.","articlekey":"","footnotes":""},"categories":[26],"tags":[66,254,334,379],"class_list":["post-3641","post","type-post","status-publish","format-standard","has-post-thumbnail","hentry","category-hrm","tag-awards","tag-hrm","tag-management","tag-personalauswahl"],"acf":[],"yoast_head":"<!-- This site is optimized with the Yoast SEO plugin v27.4 - https:\/\/yoast.com\/product\/yoast-seo-wordpress\/ -->\n<title>Award f\u00fcr innovative HR-Projekte in der Schweiz lanciert - Eingabefrist l\u00e4uft - Organisator<\/title>\n<meta name=\"description\" content=\"Um innovativen und zukunftsweisenden HR-Projekten in der Schweiz eine Plattform zu geben, haben Deloitte Schweiz, die Neue Z\u00fcrcher Zeitung, SAP Schweiz und die Universit\u00e4t St. Gallen einen Award f\u00fcr die Schweizer HR-Community ins Leben gerufen.\" \/>\n<meta name=\"robots\" content=\"index, follow, max-snippet:-1, max-image-preview:large, max-video-preview:-1\" \/>\n<link rel=\"canonical\" href=\"https:\/\/www.organisator.ch\/de\/human-resources\/hrm\/2018-05-23\/award-fuer-innovative-hr-projekte-in-der-schweiz-lanciert-eingabefrist-laeuft\/\" \/>\n<meta property=\"og:locale\" content=\"de_DE\" \/>\n<meta property=\"og:type\" content=\"article\" \/>\n<meta property=\"og:title\" content=\"Award f\u00fcr innovative HR-Projekte in der Schweiz lanciert - Eingabefrist l\u00e4uft\" \/>\n<meta property=\"og:description\" content=\"Um innovativen und zukunftsweisenden #HR-Projekten in der Schweiz eine Plattform zu geben, haben Deloitte Schweiz, die Neue Z\u00fcrcher Zeitung, SAP Schweiz und die Universit\u00e4t St. Gallen einen #Award f\u00fcr die Schweizer #HR-Community ins Leben gerufen.\" \/>\n<meta property=\"og:url\" content=\"https:\/\/www.organisator.ch\/de\/human-resources\/hrm\/2018-05-23\/award-fuer-innovative-hr-projekte-in-der-schweiz-lanciert-eingabefrist-laeuft\/\" \/>\n<meta property=\"og:site_name\" content=\"Organisator\" \/>\n<meta property=\"article:publisher\" content=\"https:\/\/www.facebook.com\/OrganisatorFachmagazin\" \/>\n<meta property=\"article:published_time\" content=\"2018-05-23T12:00:45+00:00\" \/>\n<meta property=\"og:image\" content=\"https:\/\/www.organisator.ch\/wp-content\/uploads\/2018\/05\/Award-fuer-innovative-HR-Projekte-in-der-Schweiz-lanciert-Eingabefrist-laeuft_Organisator.jpg\" \/>\n\t<meta property=\"og:image:width\" content=\"640\" \/>\n\t<meta property=\"og:image:height\" content=\"319\" \/>\n\t<meta property=\"og:image:type\" content=\"image\/jpeg\" \/>\n<meta name=\"author\" content=\"thomas.berner\" \/>\n<meta name=\"twitter:card\" content=\"summary_large_image\" \/>\n<meta name=\"twitter:title\" content=\"#Award f\u00fcr innovative #HR-Projekte in der Schweiz lanciert - Eingabefrist l\u00e4uft\" \/>\n<meta name=\"twitter:description\" content=\"Um innovativen und zukunftsweisenden #HR-Projekten in der Schweiz eine Plattform zu geben, haben Deloitte Schweiz, die Neue Z\u00fcrcher Zeitung, SAP Schweiz und die Universit\u00e4t St. Gallen einen #Award f\u00fcr die Schweizer #HR-Community ins Leben gerufen.\" \/>\n<meta name=\"twitter:image\" content=\"https:\/\/www.organisator.ch\/wp-content\/uploads\/2018\/05\/Award-f\u00fcr-innovative-HR-Projekte-in-der-Schweiz-lanciert-Eingabefrist-l\u00e4uft_Organisator.jpg\" \/>\n<script type=\"application\/ld+json\" class=\"yoast-schema-graph\">{\"@context\":\"https:\\\/\\\/schema.org\",\"@graph\":[{\"@type\":\"Article\",\"@id\":\"https:\\\/\\\/www.organisator.ch\\\/human-resources\\\/hrm\\\/2018-05-23\\\/award-fuer-innovative-hr-projekte-in-der-schweiz-lanciert-eingabefrist-laeuft\\\/#article\",\"isPartOf\":{\"@id\":\"https:\\\/\\\/www.organisator.ch\\\/human-resources\\\/hrm\\\/2018-05-23\\\/award-fuer-innovative-hr-projekte-in-der-schweiz-lanciert-eingabefrist-laeuft\\\/\"},\"author\":{\"name\":\"thomas.berner\",\"@id\":\"https:\\\/\\\/www.organisator.ch\\\/#\\\/schema\\\/person\\\/6f650f90b2842cd4c0cc334b4e36f67e\"},\"headline\":\"Award f\u00fcr innovative HR-Projekte in der Schweiz lanciert &#8211; Eingabefrist l\u00e4uft\",\"datePublished\":\"2018-05-23T12:00:45+00:00\",\"mainEntityOfPage\":{\"@id\":\"https:\\\/\\\/www.organisator.ch\\\/human-resources\\\/hrm\\\/2018-05-23\\\/award-fuer-innovative-hr-projekte-in-der-schweiz-lanciert-eingabefrist-laeuft\\\/\"},\"wordCount\":778,\"commentCount\":0,\"publisher\":{\"@id\":\"https:\\\/\\\/www.organisator.ch\\\/#organization\"},\"image\":{\"@id\":\"https:\\\/\\\/www.organisator.ch\\\/human-resources\\\/hrm\\\/2018-05-23\\\/award-fuer-innovative-hr-projekte-in-der-schweiz-lanciert-eingabefrist-laeuft\\\/#primaryimage\"},\"thumbnailUrl\":\"https:\\\/\\\/www.organisator.ch\\\/wp-content\\\/uploads\\\/2018\\\/05\\\/Award-fuer-innovative-HR-Projekte-in-der-Schweiz-lanciert-Eingabefrist-laeuft_Organisator.jpg\",\"keywords\":[\"Awards\",\"HRM\",\"Management\",\"Personalauswahl\"],\"articleSection\":[\"HRM\"],\"inLanguage\":\"de\"},{\"@type\":\"WebPage\",\"@id\":\"https:\\\/\\\/www.organisator.ch\\\/human-resources\\\/hrm\\\/2018-05-23\\\/award-fuer-innovative-hr-projekte-in-der-schweiz-lanciert-eingabefrist-laeuft\\\/\",\"url\":\"https:\\\/\\\/www.organisator.ch\\\/human-resources\\\/hrm\\\/2018-05-23\\\/award-fuer-innovative-hr-projekte-in-der-schweiz-lanciert-eingabefrist-laeuft\\\/\",\"name\":\"Award f\u00fcr innovative HR-Projekte in der Schweiz lanciert - Eingabefrist l\u00e4uft - Organisator\",\"isPartOf\":{\"@id\":\"https:\\\/\\\/www.organisator.ch\\\/#website\"},\"primaryImageOfPage\":{\"@id\":\"https:\\\/\\\/www.organisator.ch\\\/human-resources\\\/hrm\\\/2018-05-23\\\/award-fuer-innovative-hr-projekte-in-der-schweiz-lanciert-eingabefrist-laeuft\\\/#primaryimage\"},\"image\":{\"@id\":\"https:\\\/\\\/www.organisator.ch\\\/human-resources\\\/hrm\\\/2018-05-23\\\/award-fuer-innovative-hr-projekte-in-der-schweiz-lanciert-eingabefrist-laeuft\\\/#primaryimage\"},\"thumbnailUrl\":\"https:\\\/\\\/www.organisator.ch\\\/wp-content\\\/uploads\\\/2018\\\/05\\\/Award-fuer-innovative-HR-Projekte-in-der-Schweiz-lanciert-Eingabefrist-laeuft_Organisator.jpg\",\"datePublished\":\"2018-05-23T12:00:45+00:00\",\"description\":\"Um innovativen und zukunftsweisenden HR-Projekten in der Schweiz eine Plattform zu geben, haben Deloitte Schweiz, die Neue Z\u00fcrcher Zeitung, SAP Schweiz und die Universit\u00e4t St. Gallen einen Award f\u00fcr die Schweizer HR-Community ins Leben gerufen.\",\"breadcrumb\":{\"@id\":\"https:\\\/\\\/www.organisator.ch\\\/human-resources\\\/hrm\\\/2018-05-23\\\/award-fuer-innovative-hr-projekte-in-der-schweiz-lanciert-eingabefrist-laeuft\\\/#breadcrumb\"},\"inLanguage\":\"de\",\"potentialAction\":[{\"@type\":\"ReadAction\",\"target\":[\"https:\\\/\\\/www.organisator.ch\\\/human-resources\\\/hrm\\\/2018-05-23\\\/award-fuer-innovative-hr-projekte-in-der-schweiz-lanciert-eingabefrist-laeuft\\\/\"]}]},{\"@type\":\"ImageObject\",\"inLanguage\":\"de\",\"@id\":\"https:\\\/\\\/www.organisator.ch\\\/human-resources\\\/hrm\\\/2018-05-23\\\/award-fuer-innovative-hr-projekte-in-der-schweiz-lanciert-eingabefrist-laeuft\\\/#primaryimage\",\"url\":\"https:\\\/\\\/www.organisator.ch\\\/wp-content\\\/uploads\\\/2018\\\/05\\\/Award-fuer-innovative-HR-Projekte-in-der-Schweiz-lanciert-Eingabefrist-laeuft_Organisator.jpg\",\"contentUrl\":\"https:\\\/\\\/www.organisator.ch\\\/wp-content\\\/uploads\\\/2018\\\/05\\\/Award-fuer-innovative-HR-Projekte-in-der-Schweiz-lanciert-Eingabefrist-laeuft_Organisator.jpg\",\"width\":640,\"height\":319,\"caption\":\"Mit dem inHR Award sollen innovative HR-Projekte gew\u00fcrdigt werden.\"},{\"@type\":\"BreadcrumbList\",\"@id\":\"https:\\\/\\\/www.organisator.ch\\\/human-resources\\\/hrm\\\/2018-05-23\\\/award-fuer-innovative-hr-projekte-in-der-schweiz-lanciert-eingabefrist-laeuft\\\/#breadcrumb\",\"itemListElement\":[{\"@type\":\"ListItem\",\"position\":1,\"name\":\"Home\",\"item\":\"https:\\\/\\\/www.organisator.ch\\\/\"},{\"@type\":\"ListItem\",\"position\":2,\"name\":\"Award f\u00fcr innovative HR-Projekte in der Schweiz lanciert &#8211; Eingabefrist l\u00e4uft\"}]},{\"@type\":\"WebSite\",\"@id\":\"https:\\\/\\\/www.organisator.ch\\\/#website\",\"url\":\"https:\\\/\\\/www.organisator.ch\\\/\",\"name\":\"Organisator\",\"description\":\"Kompetent. Praxisnah. Der ORGANISATOR bereitet in 10 Ausgaben pro Jahr die wesentlichen Themen f\u00fcr F\u00fchrungskr\u00e4fte von KMU auf.\",\"publisher\":{\"@id\":\"https:\\\/\\\/www.organisator.ch\\\/#organization\"},\"potentialAction\":[{\"@type\":\"SearchAction\",\"target\":{\"@type\":\"EntryPoint\",\"urlTemplate\":\"https:\\\/\\\/www.organisator.ch\\\/?s={search_term_string}\"},\"query-input\":{\"@type\":\"PropertyValueSpecification\",\"valueRequired\":true,\"valueName\":\"search_term_string\"}}],\"inLanguage\":\"de\"},{\"@type\":\"Organization\",\"@id\":\"https:\\\/\\\/www.organisator.ch\\\/#organization\",\"name\":\"Organisator\",\"url\":\"https:\\\/\\\/www.organisator.ch\\\/\",\"logo\":{\"@type\":\"ImageObject\",\"inLanguage\":\"de\",\"@id\":\"https:\\\/\\\/www.organisator.ch\\\/#\\\/schema\\\/logo\\\/image\\\/\",\"url\":\"https:\\\/\\\/www.organisator.ch\\\/wp-content\\\/uploads\\\/2022\\\/01\\\/Logo_Organisator_Website.png\",\"contentUrl\":\"https:\\\/\\\/www.organisator.ch\\\/wp-content\\\/uploads\\\/2022\\\/01\\\/Logo_Organisator_Website.png\",\"width\":800,\"height\":77,\"caption\":\"Organisator\"},\"image\":{\"@id\":\"https:\\\/\\\/www.organisator.ch\\\/#\\\/schema\\\/logo\\\/image\\\/\"},\"sameAs\":[\"https:\\\/\\\/www.facebook.com\\\/OrganisatorFachmagazin\",\"https:\\\/\\\/www.linkedin.com\\\/showcase\\\/organisator-das-magazin-fr-kmu\",\"https:\\\/\\\/www.xing.com\\\/news\\\/pages\\\/organisator-ch-695\",\"https:\\\/\\\/www.youtube.com\\\/channel\\\/UCGP2Sq0iWaZwT3BdIAQFYpw\"]},{\"@type\":\"Person\",\"@id\":\"https:\\\/\\\/www.organisator.ch\\\/#\\\/schema\\\/person\\\/6f650f90b2842cd4c0cc334b4e36f67e\",\"name\":\"thomas.berner\",\"image\":{\"@type\":\"ImageObject\",\"inLanguage\":\"de\",\"@id\":\"https:\\\/\\\/secure.gravatar.com\\\/avatar\\\/ac5001d2a36cb6c6cd3e50789007ffca834b477b74a2144564522e944eabff61?s=96&d=mm&r=g\",\"url\":\"https:\\\/\\\/secure.gravatar.com\\\/avatar\\\/ac5001d2a36cb6c6cd3e50789007ffca834b477b74a2144564522e944eabff61?s=96&d=mm&r=g\",\"contentUrl\":\"https:\\\/\\\/secure.gravatar.com\\\/avatar\\\/ac5001d2a36cb6c6cd3e50789007ffca834b477b74a2144564522e944eabff61?s=96&d=mm&r=g\",\"caption\":\"thomas.berner\"},\"url\":\"https:\\\/\\\/www.organisator.ch\\\/de\\\/author\\\/thomas-berner\\\/\"}]}<\/script>\n<!-- \/ Yoast SEO plugin. -->","yoast_head_json":{"title":"Award f\u00fcr innovative HR-Projekte in der Schweiz lanciert - Eingabefrist l\u00e4uft - Organisator","description":"Um innovativen und zukunftsweisenden HR-Projekten in der Schweiz eine Plattform zu geben, haben Deloitte Schweiz, die Neue Z\u00fcrcher Zeitung, SAP Schweiz und die Universit\u00e4t St. Gallen einen Award f\u00fcr die Schweizer HR-Community ins Leben gerufen.","robots":{"index":"index","follow":"follow","max-snippet":"max-snippet:-1","max-image-preview":"max-image-preview:large","max-video-preview":"max-video-preview:-1"},"canonical":"https:\/\/www.organisator.ch\/de\/human-resources\/hrm\/2018-05-23\/award-fuer-innovative-hr-projekte-in-der-schweiz-lanciert-eingabefrist-laeuft\/","og_locale":"de_DE","og_type":"article","og_title":"Award f\u00fcr innovative HR-Projekte in der Schweiz lanciert - Eingabefrist l\u00e4uft","og_description":"Um innovativen und zukunftsweisenden #HR-Projekten in der Schweiz eine Plattform zu geben, haben Deloitte Schweiz, die Neue Z\u00fcrcher Zeitung, SAP Schweiz und die Universit\u00e4t St. Gallen einen #Award f\u00fcr die Schweizer #HR-Community ins Leben gerufen.","og_url":"https:\/\/www.organisator.ch\/de\/human-resources\/hrm\/2018-05-23\/award-fuer-innovative-hr-projekte-in-der-schweiz-lanciert-eingabefrist-laeuft\/","og_site_name":"Organisator","article_publisher":"https:\/\/www.facebook.com\/OrganisatorFachmagazin","article_published_time":"2018-05-23T12:00:45+00:00","og_image":[{"width":640,"height":319,"url":"https:\/\/www.organisator.ch\/wp-content\/uploads\/2018\/05\/Award-fuer-innovative-HR-Projekte-in-der-Schweiz-lanciert-Eingabefrist-laeuft_Organisator.jpg","type":"image\/jpeg"}],"author":"thomas.berner","twitter_card":"summary_large_image","twitter_title":"#Award f\u00fcr innovative #HR-Projekte in der Schweiz lanciert - Eingabefrist l\u00e4uft","twitter_description":"Um innovativen und zukunftsweisenden #HR-Projekten in der Schweiz eine Plattform zu geben, haben Deloitte Schweiz, die Neue Z\u00fcrcher Zeitung, SAP Schweiz und die Universit\u00e4t St. Gallen einen #Award f\u00fcr die Schweizer #HR-Community ins Leben gerufen.","twitter_image":"https:\/\/www.organisator.ch\/wp-content\/uploads\/2018\/05\/Award-f\u00fcr-innovative-HR-Projekte-in-der-Schweiz-lanciert-Eingabefrist-l\u00e4uft_Organisator.jpg","schema":{"@context":"https:\/\/schema.org","@graph":[{"@type":"Article","@id":"https:\/\/www.organisator.ch\/human-resources\/hrm\/2018-05-23\/award-fuer-innovative-hr-projekte-in-der-schweiz-lanciert-eingabefrist-laeuft\/#article","isPartOf":{"@id":"https:\/\/www.organisator.ch\/human-resources\/hrm\/2018-05-23\/award-fuer-innovative-hr-projekte-in-der-schweiz-lanciert-eingabefrist-laeuft\/"},"author":{"name":"thomas.berner","@id":"https:\/\/www.organisator.ch\/#\/schema\/person\/6f650f90b2842cd4c0cc334b4e36f67e"},"headline":"Award f\u00fcr innovative HR-Projekte in der Schweiz lanciert &#8211; Eingabefrist l\u00e4uft","datePublished":"2018-05-23T12:00:45+00:00","mainEntityOfPage":{"@id":"https:\/\/www.organisator.ch\/human-resources\/hrm\/2018-05-23\/award-fuer-innovative-hr-projekte-in-der-schweiz-lanciert-eingabefrist-laeuft\/"},"wordCount":778,"commentCount":0,"publisher":{"@id":"https:\/\/www.organisator.ch\/#organization"},"image":{"@id":"https:\/\/www.organisator.ch\/human-resources\/hrm\/2018-05-23\/award-fuer-innovative-hr-projekte-in-der-schweiz-lanciert-eingabefrist-laeuft\/#primaryimage"},"thumbnailUrl":"https:\/\/www.organisator.ch\/wp-content\/uploads\/2018\/05\/Award-fuer-innovative-HR-Projekte-in-der-Schweiz-lanciert-Eingabefrist-laeuft_Organisator.jpg","keywords":["Awards","HRM","Management","Personalauswahl"],"articleSection":["HRM"],"inLanguage":"de"},{"@type":"WebPage","@id":"https:\/\/www.organisator.ch\/human-resources\/hrm\/2018-05-23\/award-fuer-innovative-hr-projekte-in-der-schweiz-lanciert-eingabefrist-laeuft\/","url":"https:\/\/www.organisator.ch\/human-resources\/hrm\/2018-05-23\/award-fuer-innovative-hr-projekte-in-der-schweiz-lanciert-eingabefrist-laeuft\/","name":"Award f\u00fcr innovative HR-Projekte in der Schweiz lanciert - Eingabefrist l\u00e4uft - Organisator","isPartOf":{"@id":"https:\/\/www.organisator.ch\/#website"},"primaryImageOfPage":{"@id":"https:\/\/www.organisator.ch\/human-resources\/hrm\/2018-05-23\/award-fuer-innovative-hr-projekte-in-der-schweiz-lanciert-eingabefrist-laeuft\/#primaryimage"},"image":{"@id":"https:\/\/www.organisator.ch\/human-resources\/hrm\/2018-05-23\/award-fuer-innovative-hr-projekte-in-der-schweiz-lanciert-eingabefrist-laeuft\/#primaryimage"},"thumbnailUrl":"https:\/\/www.organisator.ch\/wp-content\/uploads\/2018\/05\/Award-fuer-innovative-HR-Projekte-in-der-Schweiz-lanciert-Eingabefrist-laeuft_Organisator.jpg","datePublished":"2018-05-23T12:00:45+00:00","description":"Um innovativen und zukunftsweisenden HR-Projekten in der Schweiz eine Plattform zu geben, haben Deloitte Schweiz, die Neue Z\u00fcrcher Zeitung, SAP Schweiz und die Universit\u00e4t St. Gallen einen Award f\u00fcr die Schweizer HR-Community ins Leben gerufen.","breadcrumb":{"@id":"https:\/\/www.organisator.ch\/human-resources\/hrm\/2018-05-23\/award-fuer-innovative-hr-projekte-in-der-schweiz-lanciert-eingabefrist-laeuft\/#breadcrumb"},"inLanguage":"de","potentialAction":[{"@type":"ReadAction","target":["https:\/\/www.organisator.ch\/human-resources\/hrm\/2018-05-23\/award-fuer-innovative-hr-projekte-in-der-schweiz-lanciert-eingabefrist-laeuft\/"]}]},{"@type":"ImageObject","inLanguage":"de","@id":"https:\/\/www.organisator.ch\/human-resources\/hrm\/2018-05-23\/award-fuer-innovative-hr-projekte-in-der-schweiz-lanciert-eingabefrist-laeuft\/#primaryimage","url":"https:\/\/www.organisator.ch\/wp-content\/uploads\/2018\/05\/Award-fuer-innovative-HR-Projekte-in-der-Schweiz-lanciert-Eingabefrist-laeuft_Organisator.jpg","contentUrl":"https:\/\/www.organisator.ch\/wp-content\/uploads\/2018\/05\/Award-fuer-innovative-HR-Projekte-in-der-Schweiz-lanciert-Eingabefrist-laeuft_Organisator.jpg","width":640,"height":319,"caption":"Mit dem inHR Award sollen innovative HR-Projekte gew\u00fcrdigt werden."},{"@type":"BreadcrumbList","@id":"https:\/\/www.organisator.ch\/human-resources\/hrm\/2018-05-23\/award-fuer-innovative-hr-projekte-in-der-schweiz-lanciert-eingabefrist-laeuft\/#breadcrumb","itemListElement":[{"@type":"ListItem","position":1,"name":"Home","item":"https:\/\/www.organisator.ch\/"},{"@type":"ListItem","position":2,"name":"Award f\u00fcr innovative HR-Projekte in der Schweiz lanciert &#8211; Eingabefrist l\u00e4uft"}]},{"@type":"WebSite","@id":"https:\/\/www.organisator.ch\/#website","url":"https:\/\/www.organisator.ch\/","name":"Organisator","description":"Kompetent. Praxisnah. Der ORGANISATOR bereitet in 10 Ausgaben pro Jahr die wesentlichen Themen f\u00fcr F\u00fchrungskr\u00e4fte von KMU auf.","publisher":{"@id":"https:\/\/www.organisator.ch\/#organization"},"potentialAction":[{"@type":"SearchAction","target":{"@type":"EntryPoint","urlTemplate":"https:\/\/www.organisator.ch\/?s={search_term_string}"},"query-input":{"@type":"PropertyValueSpecification","valueRequired":true,"valueName":"search_term_string"}}],"inLanguage":"de"},{"@type":"Organization","@id":"https:\/\/www.organisator.ch\/#organization","name":"Organisator","url":"https:\/\/www.organisator.ch\/","logo":{"@type":"ImageObject","inLanguage":"de","@id":"https:\/\/www.organisator.ch\/#\/schema\/logo\/image\/","url":"https:\/\/www.organisator.ch\/wp-content\/uploads\/2022\/01\/Logo_Organisator_Website.png","contentUrl":"https:\/\/www.organisator.ch\/wp-content\/uploads\/2022\/01\/Logo_Organisator_Website.png","width":800,"height":77,"caption":"Organisator"},"image":{"@id":"https:\/\/www.organisator.ch\/#\/schema\/logo\/image\/"},"sameAs":["https:\/\/www.facebook.com\/OrganisatorFachmagazin","https:\/\/www.linkedin.com\/showcase\/organisator-das-magazin-fr-kmu","https:\/\/www.xing.com\/news\/pages\/organisator-ch-695","https:\/\/www.youtube.com\/channel\/UCGP2Sq0iWaZwT3BdIAQFYpw"]},{"@type":"Person","@id":"https:\/\/www.organisator.ch\/#\/schema\/person\/6f650f90b2842cd4c0cc334b4e36f67e","name":"thomas.berner","image":{"@type":"ImageObject","inLanguage":"de","@id":"https:\/\/secure.gravatar.com\/avatar\/ac5001d2a36cb6c6cd3e50789007ffca834b477b74a2144564522e944eabff61?s=96&d=mm&r=g","url":"https:\/\/secure.gravatar.com\/avatar\/ac5001d2a36cb6c6cd3e50789007ffca834b477b74a2144564522e944eabff61?s=96&d=mm&r=g","contentUrl":"https:\/\/secure.gravatar.com\/avatar\/ac5001d2a36cb6c6cd3e50789007ffca834b477b74a2144564522e944eabff61?s=96&d=mm&r=g","caption":"thomas.berner"},"url":"https:\/\/www.organisator.ch\/de\/author\/thomas-berner\/"}]}},"_links":{"self":[{"href":"https:\/\/www.organisator.ch\/de\/wp-json\/wp\/v2\/posts\/3641","targetHints":{"allow":["GET"]}}],"collection":[{"href":"https:\/\/www.organisator.ch\/de\/wp-json\/wp\/v2\/posts"}],"about":[{"href":"https:\/\/www.organisator.ch\/de\/wp-json\/wp\/v2\/types\/post"}],"author":[{"embeddable":true,"href":"https:\/\/www.organisator.ch\/de\/wp-json\/wp\/v2\/users\/4"}],"replies":[{"embeddable":true,"href":"https:\/\/www.organisator.ch\/de\/wp-json\/wp\/v2\/comments?post=3641"}],"version-history":[{"count":0,"href":"https:\/\/www.organisator.ch\/de\/wp-json\/wp\/v2\/posts\/3641\/revisions"}],"wp:featuredmedia":[{"embeddable":true,"href":"https:\/\/www.organisator.ch\/de\/wp-json\/wp\/v2\/media\/3642"}],"wp:attachment":[{"href":"https:\/\/www.organisator.ch\/de\/wp-json\/wp\/v2\/media?parent=3641"}],"wp:term":[{"taxonomy":"category","embeddable":true,"href":"https:\/\/www.organisator.ch\/de\/wp-json\/wp\/v2\/categories?post=3641"},{"taxonomy":"post_tag","embeddable":true,"href":"https:\/\/www.organisator.ch\/de\/wp-json\/wp\/v2\/tags?post=3641"}],"curies":[{"name":"wp","href":"https:\/\/api.w.org\/{rel}","templated":true}]}}