{"id":36413,"date":"2025-02-26T14:10:51","date_gmt":"2025-02-26T13:10:51","guid":{"rendered":"https:\/\/www.m-q.ch\/?p=21137"},"modified":"2025-02-26T14:06:31","modified_gmt":"2025-02-26T13:06:31","slug":"ersthelfer-mit-einem-bein-schon-im-gefaengnis","status":"publish","type":"post","link":"https:\/\/www.organisator.ch\/de\/operational-excellence\/2025-02-26\/ersthelfer-mit-einem-bein-schon-im-gefaengnis\/","title":{"rendered":"Ersthelfer \u2013 mit einem Bein schon im Gef\u00e4ngnis?"},"content":{"rendered":"<figure id=\"attachment_21139\" class=\"wp-caption alignnone\" style=\"width: 680px;\" aria-describedby=\"caption-attachment-21139\"><img class=\"size-full wp-image-21139\" src=\"https:\/\/www.m-q.ch\/wp-content\/uploads\/2025\/02\/ES_Bild1_ps.jpg\" sizes=\"(max-width: 680px) 100vw, 680px\" srcset=\"https:\/\/www.m-q.ch\/wp-content\/uploads\/2025\/02\/ES_Bild1_ps.jpg 680w, https:\/\/www.m-q.ch\/wp-content\/uploads\/2025\/02\/ES_Bild1_ps-18x12.jpg 18w, https:\/\/www.m-q.ch\/wp-content\/uploads\/2025\/02\/ES_Bild1_ps-375x250.jpg 375w, https:\/\/www.m-q.ch\/wp-content\/uploads\/2025\/02\/ES_Bild1_ps-524x350.jpg 524w\" alt=\"\" width=\"680\" height=\"454\" \/>\r\n<figcaption id=\"caption-attachment-21139\" class=\"wp-caption-text\">Das Ersthelfer Symposium 2025 thematisiert rechtliche Aspekte der Ersten Hilfe, von Polizeieins\u00e4tzen bis zur Medikamentenabgabe. (Bild: Jonas Weibel \/ Ersthelfer Symposium)<\/figcaption>\r\n<\/figure>\r\n<p>Rechtliche Themen treiben manch einen Ersthelfer und manch eine Ersthelferin um. Da spielen \u00c4ngste mit, man k\u00f6nnte etwas falsch machen und daf\u00fcr belangt werden. Es spielt aber auch Zweifel mit, was erlaubt ist und was nicht. Und teilweise spielen verschiedenste Mythen mit.<\/p>\r\n<p>Das f\u00fcnfte Ersthelfer Symposium vom 8. November 2025 im KKL Luzern widmet sich solchen rechtlichen Aspekten der Ersten Hilfe und will Sicherheit und Orientierung in diesen Fragen vermitteln.<\/p>\r\n<h3><strong>Am Unfallort: was die Polizei und Staatsanwaltschaft wollen<\/strong><\/h3>\r\n<p>Michael Muther ist Chef der Sicherheitspolizei S\u00fcd und wird das diesj\u00e4hrige Ersthelfer Symposium er\u00f6ffnen. Er m\u00f6chte den Teilnehmenden n\u00e4herbringen, wie die Polizei an einem Unfallort vorgeht und wie man sie dabei bestm\u00f6glich unterst\u00fctzen kann. \u00abIch weiss, wie wichtig die Arbeit der Ersthelfer:innen ist\u00bb, sagt er. \u00abIn meinem Vortrag gehe ich darauf ein, wie wir als Polizei denken und wie wir die Zusammenarbeit mit Ersthelfer:innen optimieren k\u00f6nnen\u00bb.<\/p>\r\n<p>Dabei wird er auch ansprechen, was f\u00fcr die Beweisaufnahme wichtig sein k\u00f6nnte, wie Konflikte zwischen Beweissicherung und Erste Hilfe gel\u00f6st werden k\u00f6nnen und was Ersthelfer:innen f\u00fcr den Umgang mit der Polizei und Staatsanwaltschaft am Unfallort wissen sollten.<\/p>\r\n<h3><strong>Medien: was Journalisten wollen<\/strong><\/h3>\r\n<p>Auch h\u00e4ufig an einem Unfallort: Journalisten. Dabei trampeln sie gerne auch einmal in eine Gefahrenzone, stehen im Weg und provozieren Aussagen von Ersthelfer:innen, die sie besser nicht machen sollten. Wie geht man also mit diesen verflixten Medienschaffenden um?<\/p>\r\n<p>Diesem Thema nimmt sich Kay Schubert an, ein Medientrainer und langj\u00e4hriger Journalist. \u00abViele Ersthelfer:innen nerven sich \u00fcber Journalisten vor Ort, die eine Story machen wollen\u00bb, sagt er. \u00abWie reagiert man richtig, wenn man ungefragt gefilmt wird oder ein Journalist heikle Fragen stellt? In meinem Vortrag vermittle ich die wichtigsten, praxisnahen Do\u2019s und Don\u2019ts im Umgang mit Medienschaffenden.\u00bb<\/p>\r\n<h3><strong>Medikamente: was das Heilmittelgesetz will<\/strong><\/h3>\r\n<p>D\u00fcrfen wir oder d\u00fcrfen wir nicht? Die Medikamentenabgabe ist ein heikles Thema. Sie wird zudem von Kanton zu Kanton leicht unterschiedlich gehandhabt, und die Sache mit den Medikamentenvignetten kann zus\u00e4tzlich verwirren. Auch gibt es Betriebe, die \u00fcber Kompetenzregelungen zum einen oder anderen Medikamentensortiment in der Betriebssanit\u00e4t kommen. Aber wie legal ist das eigentlich?<\/p>\r\n<p>Einer, der es weiss, ist Rudolf Hauri. Der Kantonsarzt des Kanton Zug und ehemalige Pr\u00e4sident der Vereinigung der Kantons\u00e4rztinnen und Kantons\u00e4rzte will in seinem Referat aufkl\u00e4ren: \u00abIch werde den Teilnehmenden aufzeigen, was sie tun k\u00f6nnen, was sie tun d\u00fcrfen und was sie tun sollen\u00bb, sagt er.<\/p>\r\n<h3>Erste Hilfe hinter Gittern<\/h3>\r\n<p>Wer Erste Hilfe leistet, wird deshalb kaum hinter Gittern landen. Und wenn, dann h\u00f6chstens als Ersthelfer:in \u2013 denn auch in einem Gef\u00e4ngnis muss man sich auf Notf\u00e4lle vorbereiten. Was ist dabei das Besondere, welche Szenarien gibt es, wie organisiert ein Gef\u00e4ngnis seine \u2018Betriebssanit\u00e4t\u2019 und was passiert, wenn der Rettu<\/p>\r\n<p>ngsdienst ins Gef\u00e4ngnis gerufen werden muss \u2013 und dort wieder raus will?<\/p>\r\n<p>Darauf geht Marcel Ruf, Direktor der JVA Lenzburg, im abschliessenden Referat ein. \u00abWir haben Mauern, Z\u00e4une und geschlossene T\u00fcren\u00bb, sagt er, \u00ababer auch wir m\u00fcssen innert n\u00fctzlicher Frist Erste Hilfe leisten und Blaulichtorganisationen ins Gef\u00e4ngnis bringen k\u00f6nnen\u00bb.<\/p>\r\n<h3><strong>Neu im Luzernersaal \u2013 und mit Donat Hofer als Moderator<\/strong><\/h3>\r\n<p>Das Ersthelfer Symposium 2025 verspricht also einmal mehr eine F\u00fclle an spannenden Inhalten und spricht alle Ersthelfer an, ob Anf\u00e4nger, Fortgeschrittene oder Profis, ob Samariter, Betriebssanit\u00e4ter, Sicherheitsbeauftragte, Private oder Blaulichtorganisationen. Wie gewohnt ist f\u00fcr jedes Referat eine Stunde Zeit eingeplant, was viel Raum f\u00fcr Fragen und Diskussionen bietet \u2013 und alle Vortr\u00e4ge werden simultan ins Franz\u00f6sische \u00fcbersetzt.<\/p>\r\n<p>Weniger gewohnt wird das Umfeld sein. Zwar bleibt das Ersthelfer Symposium im KKL Luzern, aber es zieht nach vier erfolgreichen Durchf\u00fchrungen im Auditorium in den gr\u00f6sseren Luzernersaal um. Und die Teilnehmenden werden von einem neuen Kopf durch den Tag begleitet: Donat Hofer moderiert das Ersthelfer Symposium 2025. Er ist vielen Fernsehzuschauern wohl bekannt durch seine spannenden und empathischen Auftritte bei \u201eReporter\u201c oder \u201erec.\u201c und seit einer Weile auch im Radio bei \u201eFocus\u201c zu h\u00f6ren \u2013 und nun also am 8. November 2025 beim Ersthelfer Symposium. \u00abWir freuen uns enorm, dass wir Donat f\u00fcr diese Aufgabe begeistern und gewinnen konnten\u00bb, sagt Stefan K\u00fchnis, Pr\u00e4sident der Schweizerischen Vereinigung f\u00fcr Betriebssanit\u00e4t (SVBS).<\/p>\r\n<h3><strong>Weiterbildungspunkte und Rahmenprogramm und Mehrwerte<\/strong><\/h3>\r\n<p>Die gemeinsame Veranstaltung der SVBS und von IVF Hartmann fand im Jahr 2021 zum ersten Mal statt und entwickelte sich schnell zu einer Erfolgsgeschichte. Besonderen Wert legen die Veranstalter auch auf das Rahmenprogramm und weitere Mehrwerte:<\/p>\r\n<p>Zum Beispiel:<\/p>\r\n<ul>\r\n\t<li>Nach jedem Vortrag bleiben viel Raum und Zeit, um Fragen an die Referenten zu stellen.<\/li>\r\n\t<li>Die Pausen bieten Gelegenheiten f\u00fcr Diskussionen und die Netzwerkpflege, ausserdem pr\u00e4sentieren rund 25 Aussteller ihre Produkte, Kurse oder andere Dienstleistungen.<\/li>\r\n\t<li>Alle Vortr\u00e4ge werden simultan von Deutsch ins Franz\u00f6sische \u00fcbersetzt.<\/li>\r\n\t<li>Es werden 3.5 Stunden an das IVR-Zertifikat angerechnet und es gibt 2 SGAS-Fortbildungspunkte.<\/li>\r\n<\/ul>\r\n<p><em><a href=\"https:\/\/www.ersthelfersymposium.ch\/index.php\/anmeldung\">Anmeldem\u00f6glichkeiten<\/a> (Anmeldeschluss: 30.09.2025) und <a href=\"https:\/\/www.ersthelfersymposium.ch\/\">weitere Informationen<\/a><\/em><\/p>\n<p class=\"syndicated-attribution\">Dieser Beitrag erschien urspr\u00fcnglich auf m-q.ch - <a href=\"https:\/\/www.m-q.ch\/de\/ersthelfer-mit-einem-bein-schon-im-gefaengnis\/\" target=\"_blank\">https:\/\/www.m-q.ch\/de\/ersthelfer-mit-einem-bein-schon-im-gefaengnis\/<\/a><\/p>","protected":false},"excerpt":{"rendered":"<p>Rund um die Erste Hilfe gibt es jede Menge rechtlich relevanter Aspekte: das Verhalten am Unfallort, der Umgang mit Medien, die Medikamentenabgabe und vieles mehr. Der Weg ins Gef\u00e4ngnis ist f\u00fcr Ersthelfer:innen zwar unwahrscheinlich. Aber: wie ist die Erste Hilfe in einem Gef\u00e4ngnis eigentlich organisiert? Auf solche Fragen geht das Ersthelfer Symposium 2025 vom 8. November 2025 ein.<\/p>\n","protected":false},"author":80,"featured_media":0,"comment_status":"closed","ping_status":"closed","sticky":false,"template":"","format":"standard","meta":{"_acf_changed":false,"_yoast_wpseo_focuskw":"Ersthelfer Symposium 2025","_yoast_wpseo_metadesc":"Das Ersthelfer Symposium 2025 thematisiert rechtliche Aspekte der Ersten Hilfe, von Polizeieins\u00e4tzen bis zur Medikamentenabgabe.","articlekey":"","footnotes":""},"categories":[582],"tags":[3496,4692,1677,418,424,5129],"class_list":["post-36413","post","type-post","status-publish","format-standard","hentry","category-operational-excellence","tag-erste-hilfe","tag-ersthelfer-symposium","tag-medien","tag-risikomanagement","tag-schweiz","tag-unfall"],"acf":[],"yoast_head":"<!-- This site is optimized with the Yoast SEO plugin v27.4 - https:\/\/yoast.com\/product\/yoast-seo-wordpress\/ -->\n<title>Ersthelfer \u2013 mit einem Bein schon im Gef\u00e4ngnis? - Organisator<\/title>\n<meta name=\"description\" content=\"Das Ersthelfer Symposium 2025 thematisiert rechtliche Aspekte der Ersten Hilfe, von Polizeieins\u00e4tzen bis zur Medikamentenabgabe.\" \/>\n<meta name=\"robots\" content=\"index, follow, max-snippet:-1, max-image-preview:large, max-video-preview:-1\" \/>\n<link rel=\"canonical\" href=\"https:\/\/www.organisator.ch\/de\/operational-excellence\/2025-02-26\/ersthelfer-mit-einem-bein-schon-im-gefaengnis\/\" \/>\n<meta property=\"og:locale\" content=\"de_DE\" \/>\n<meta property=\"og:type\" content=\"article\" \/>\n<meta property=\"og:title\" content=\"Ersthelfer \u2013 mit einem Bein schon im Gef\u00e4ngnis? - Organisator\" \/>\n<meta property=\"og:description\" content=\"Das Ersthelfer Symposium 2025 thematisiert rechtliche Aspekte der Ersten Hilfe, von Polizeieins\u00e4tzen bis zur Medikamentenabgabe.\" \/>\n<meta property=\"og:url\" content=\"https:\/\/www.organisator.ch\/de\/operational-excellence\/2025-02-26\/ersthelfer-mit-einem-bein-schon-im-gefaengnis\/\" \/>\n<meta property=\"og:site_name\" content=\"Organisator\" \/>\n<meta property=\"article:publisher\" content=\"https:\/\/www.facebook.com\/OrganisatorFachmagazin\" \/>\n<meta property=\"article:published_time\" content=\"2025-02-26T13:10:51+00:00\" \/>\n<meta name=\"author\" content=\"Dzana Muminovic\" \/>\n<meta name=\"twitter:card\" content=\"summary_large_image\" \/>\n<script type=\"application\/ld+json\" class=\"yoast-schema-graph\">{\"@context\":\"https:\\\/\\\/schema.org\",\"@graph\":[{\"@type\":\"Article\",\"@id\":\"https:\\\/\\\/www.organisator.ch\\\/operational-excellence\\\/2025-02-26\\\/ersthelfer-mit-einem-bein-schon-im-gefaengnis\\\/#article\",\"isPartOf\":{\"@id\":\"https:\\\/\\\/www.organisator.ch\\\/operational-excellence\\\/2025-02-26\\\/ersthelfer-mit-einem-bein-schon-im-gefaengnis\\\/\"},\"author\":{\"name\":\"Dzana Muminovic\",\"@id\":\"https:\\\/\\\/www.organisator.ch\\\/#\\\/schema\\\/person\\\/afccda3a71c06d4be2ed9100dd163db7\"},\"headline\":\"Ersthelfer \u2013 mit einem Bein schon im Gef\u00e4ngnis?\",\"datePublished\":\"2025-02-26T13:10:51+00:00\",\"mainEntityOfPage\":{\"@id\":\"https:\\\/\\\/www.organisator.ch\\\/operational-excellence\\\/2025-02-26\\\/ersthelfer-mit-einem-bein-schon-im-gefaengnis\\\/\"},\"wordCount\":848,\"publisher\":{\"@id\":\"https:\\\/\\\/www.organisator.ch\\\/#organization\"},\"image\":{\"@id\":\"https:\\\/\\\/www.organisator.ch\\\/operational-excellence\\\/2025-02-26\\\/ersthelfer-mit-einem-bein-schon-im-gefaengnis\\\/#primaryimage\"},\"thumbnailUrl\":\"https:\\\/\\\/www.m-q.ch\\\/wp-content\\\/uploads\\\/2025\\\/02\\\/ES_Bild1_ps.jpg\",\"keywords\":[\"Erste Hilfe\",\"Ersthelfer Symposium\",\"Medien\",\"Risikomanagement\",\"Schweiz\",\"Unfall\"],\"articleSection\":[\"OPERATIONAL EXCELLENCE\"],\"inLanguage\":\"de\"},{\"@type\":\"WebPage\",\"@id\":\"https:\\\/\\\/www.organisator.ch\\\/operational-excellence\\\/2025-02-26\\\/ersthelfer-mit-einem-bein-schon-im-gefaengnis\\\/\",\"url\":\"https:\\\/\\\/www.organisator.ch\\\/operational-excellence\\\/2025-02-26\\\/ersthelfer-mit-einem-bein-schon-im-gefaengnis\\\/\",\"name\":\"Ersthelfer \u2013 mit einem Bein schon im Gef\u00e4ngnis? - Organisator\",\"isPartOf\":{\"@id\":\"https:\\\/\\\/www.organisator.ch\\\/#website\"},\"primaryImageOfPage\":{\"@id\":\"https:\\\/\\\/www.organisator.ch\\\/operational-excellence\\\/2025-02-26\\\/ersthelfer-mit-einem-bein-schon-im-gefaengnis\\\/#primaryimage\"},\"image\":{\"@id\":\"https:\\\/\\\/www.organisator.ch\\\/operational-excellence\\\/2025-02-26\\\/ersthelfer-mit-einem-bein-schon-im-gefaengnis\\\/#primaryimage\"},\"thumbnailUrl\":\"https:\\\/\\\/www.m-q.ch\\\/wp-content\\\/uploads\\\/2025\\\/02\\\/ES_Bild1_ps.jpg\",\"datePublished\":\"2025-02-26T13:10:51+00:00\",\"description\":\"Das Ersthelfer Symposium 2025 thematisiert rechtliche Aspekte der Ersten Hilfe, von Polizeieins\u00e4tzen bis zur Medikamentenabgabe.\",\"breadcrumb\":{\"@id\":\"https:\\\/\\\/www.organisator.ch\\\/operational-excellence\\\/2025-02-26\\\/ersthelfer-mit-einem-bein-schon-im-gefaengnis\\\/#breadcrumb\"},\"inLanguage\":\"de\",\"potentialAction\":[{\"@type\":\"ReadAction\",\"target\":[\"https:\\\/\\\/www.organisator.ch\\\/operational-excellence\\\/2025-02-26\\\/ersthelfer-mit-einem-bein-schon-im-gefaengnis\\\/\"]}]},{\"@type\":\"ImageObject\",\"inLanguage\":\"de\",\"@id\":\"https:\\\/\\\/www.organisator.ch\\\/operational-excellence\\\/2025-02-26\\\/ersthelfer-mit-einem-bein-schon-im-gefaengnis\\\/#primaryimage\",\"url\":\"https:\\\/\\\/www.m-q.ch\\\/wp-content\\\/uploads\\\/2025\\\/02\\\/ES_Bild1_ps.jpg\",\"contentUrl\":\"https:\\\/\\\/www.m-q.ch\\\/wp-content\\\/uploads\\\/2025\\\/02\\\/ES_Bild1_ps.jpg\"},{\"@type\":\"BreadcrumbList\",\"@id\":\"https:\\\/\\\/www.organisator.ch\\\/operational-excellence\\\/2025-02-26\\\/ersthelfer-mit-einem-bein-schon-im-gefaengnis\\\/#breadcrumb\",\"itemListElement\":[{\"@type\":\"ListItem\",\"position\":1,\"name\":\"Home\",\"item\":\"https:\\\/\\\/www.organisator.ch\\\/\"},{\"@type\":\"ListItem\",\"position\":2,\"name\":\"Ersthelfer \u2013 mit einem Bein schon im Gef\u00e4ngnis?\"}]},{\"@type\":\"WebSite\",\"@id\":\"https:\\\/\\\/www.organisator.ch\\\/#website\",\"url\":\"https:\\\/\\\/www.organisator.ch\\\/\",\"name\":\"Organisator\",\"description\":\"Kompetent. Praxisnah. Der ORGANISATOR bereitet in 10 Ausgaben pro Jahr die wesentlichen Themen f\u00fcr F\u00fchrungskr\u00e4fte von KMU auf.\",\"publisher\":{\"@id\":\"https:\\\/\\\/www.organisator.ch\\\/#organization\"},\"potentialAction\":[{\"@type\":\"SearchAction\",\"target\":{\"@type\":\"EntryPoint\",\"urlTemplate\":\"https:\\\/\\\/www.organisator.ch\\\/?s={search_term_string}\"},\"query-input\":{\"@type\":\"PropertyValueSpecification\",\"valueRequired\":true,\"valueName\":\"search_term_string\"}}],\"inLanguage\":\"de\"},{\"@type\":\"Organization\",\"@id\":\"https:\\\/\\\/www.organisator.ch\\\/#organization\",\"name\":\"Organisator\",\"url\":\"https:\\\/\\\/www.organisator.ch\\\/\",\"logo\":{\"@type\":\"ImageObject\",\"inLanguage\":\"de\",\"@id\":\"https:\\\/\\\/www.organisator.ch\\\/#\\\/schema\\\/logo\\\/image\\\/\",\"url\":\"https:\\\/\\\/www.organisator.ch\\\/wp-content\\\/uploads\\\/2022\\\/01\\\/Logo_Organisator_Website.png\",\"contentUrl\":\"https:\\\/\\\/www.organisator.ch\\\/wp-content\\\/uploads\\\/2022\\\/01\\\/Logo_Organisator_Website.png\",\"width\":800,\"height\":77,\"caption\":\"Organisator\"},\"image\":{\"@id\":\"https:\\\/\\\/www.organisator.ch\\\/#\\\/schema\\\/logo\\\/image\\\/\"},\"sameAs\":[\"https:\\\/\\\/www.facebook.com\\\/OrganisatorFachmagazin\",\"https:\\\/\\\/www.linkedin.com\\\/showcase\\\/organisator-das-magazin-fr-kmu\",\"https:\\\/\\\/www.xing.com\\\/news\\\/pages\\\/organisator-ch-695\",\"https:\\\/\\\/www.youtube.com\\\/channel\\\/UCGP2Sq0iWaZwT3BdIAQFYpw\"]},{\"@type\":\"Person\",\"@id\":\"https:\\\/\\\/www.organisator.ch\\\/#\\\/schema\\\/person\\\/afccda3a71c06d4be2ed9100dd163db7\",\"name\":\"Dzana Muminovic\",\"image\":{\"@type\":\"ImageObject\",\"inLanguage\":\"de\",\"@id\":\"https:\\\/\\\/secure.gravatar.com\\\/avatar\\\/909c5c71aff4b38e88686f2ab2f1ba152571f394f41ed8bae431ea56ced93050?s=96&d=mm&r=g\",\"url\":\"https:\\\/\\\/secure.gravatar.com\\\/avatar\\\/909c5c71aff4b38e88686f2ab2f1ba152571f394f41ed8bae431ea56ced93050?s=96&d=mm&r=g\",\"contentUrl\":\"https:\\\/\\\/secure.gravatar.com\\\/avatar\\\/909c5c71aff4b38e88686f2ab2f1ba152571f394f41ed8bae431ea56ced93050?s=96&d=mm&r=g\",\"caption\":\"Dzana Muminovic\"},\"url\":\"https:\\\/\\\/www.organisator.ch\\\/de\\\/author\\\/dzana-muminovic\\\/\"}]}<\/script>\n<!-- \/ Yoast SEO plugin. -->","yoast_head_json":{"title":"Ersthelfer \u2013 mit einem Bein schon im Gef\u00e4ngnis? - Organisator","description":"Das Ersthelfer Symposium 2025 thematisiert rechtliche Aspekte der Ersten Hilfe, von Polizeieins\u00e4tzen bis zur Medikamentenabgabe.","robots":{"index":"index","follow":"follow","max-snippet":"max-snippet:-1","max-image-preview":"max-image-preview:large","max-video-preview":"max-video-preview:-1"},"canonical":"https:\/\/www.organisator.ch\/de\/operational-excellence\/2025-02-26\/ersthelfer-mit-einem-bein-schon-im-gefaengnis\/","og_locale":"de_DE","og_type":"article","og_title":"Ersthelfer \u2013 mit einem Bein schon im Gef\u00e4ngnis? - Organisator","og_description":"Das Ersthelfer Symposium 2025 thematisiert rechtliche Aspekte der Ersten Hilfe, von Polizeieins\u00e4tzen bis zur Medikamentenabgabe.","og_url":"https:\/\/www.organisator.ch\/de\/operational-excellence\/2025-02-26\/ersthelfer-mit-einem-bein-schon-im-gefaengnis\/","og_site_name":"Organisator","article_publisher":"https:\/\/www.facebook.com\/OrganisatorFachmagazin","article_published_time":"2025-02-26T13:10:51+00:00","author":"Dzana Muminovic","twitter_card":"summary_large_image","schema":{"@context":"https:\/\/schema.org","@graph":[{"@type":"Article","@id":"https:\/\/www.organisator.ch\/operational-excellence\/2025-02-26\/ersthelfer-mit-einem-bein-schon-im-gefaengnis\/#article","isPartOf":{"@id":"https:\/\/www.organisator.ch\/operational-excellence\/2025-02-26\/ersthelfer-mit-einem-bein-schon-im-gefaengnis\/"},"author":{"name":"Dzana Muminovic","@id":"https:\/\/www.organisator.ch\/#\/schema\/person\/afccda3a71c06d4be2ed9100dd163db7"},"headline":"Ersthelfer \u2013 mit einem Bein schon im Gef\u00e4ngnis?","datePublished":"2025-02-26T13:10:51+00:00","mainEntityOfPage":{"@id":"https:\/\/www.organisator.ch\/operational-excellence\/2025-02-26\/ersthelfer-mit-einem-bein-schon-im-gefaengnis\/"},"wordCount":848,"publisher":{"@id":"https:\/\/www.organisator.ch\/#organization"},"image":{"@id":"https:\/\/www.organisator.ch\/operational-excellence\/2025-02-26\/ersthelfer-mit-einem-bein-schon-im-gefaengnis\/#primaryimage"},"thumbnailUrl":"https:\/\/www.m-q.ch\/wp-content\/uploads\/2025\/02\/ES_Bild1_ps.jpg","keywords":["Erste Hilfe","Ersthelfer Symposium","Medien","Risikomanagement","Schweiz","Unfall"],"articleSection":["OPERATIONAL EXCELLENCE"],"inLanguage":"de"},{"@type":"WebPage","@id":"https:\/\/www.organisator.ch\/operational-excellence\/2025-02-26\/ersthelfer-mit-einem-bein-schon-im-gefaengnis\/","url":"https:\/\/www.organisator.ch\/operational-excellence\/2025-02-26\/ersthelfer-mit-einem-bein-schon-im-gefaengnis\/","name":"Ersthelfer \u2013 mit einem Bein schon im Gef\u00e4ngnis? - Organisator","isPartOf":{"@id":"https:\/\/www.organisator.ch\/#website"},"primaryImageOfPage":{"@id":"https:\/\/www.organisator.ch\/operational-excellence\/2025-02-26\/ersthelfer-mit-einem-bein-schon-im-gefaengnis\/#primaryimage"},"image":{"@id":"https:\/\/www.organisator.ch\/operational-excellence\/2025-02-26\/ersthelfer-mit-einem-bein-schon-im-gefaengnis\/#primaryimage"},"thumbnailUrl":"https:\/\/www.m-q.ch\/wp-content\/uploads\/2025\/02\/ES_Bild1_ps.jpg","datePublished":"2025-02-26T13:10:51+00:00","description":"Das Ersthelfer Symposium 2025 thematisiert rechtliche Aspekte der Ersten Hilfe, von Polizeieins\u00e4tzen bis zur Medikamentenabgabe.","breadcrumb":{"@id":"https:\/\/www.organisator.ch\/operational-excellence\/2025-02-26\/ersthelfer-mit-einem-bein-schon-im-gefaengnis\/#breadcrumb"},"inLanguage":"de","potentialAction":[{"@type":"ReadAction","target":["https:\/\/www.organisator.ch\/operational-excellence\/2025-02-26\/ersthelfer-mit-einem-bein-schon-im-gefaengnis\/"]}]},{"@type":"ImageObject","inLanguage":"de","@id":"https:\/\/www.organisator.ch\/operational-excellence\/2025-02-26\/ersthelfer-mit-einem-bein-schon-im-gefaengnis\/#primaryimage","url":"https:\/\/www.m-q.ch\/wp-content\/uploads\/2025\/02\/ES_Bild1_ps.jpg","contentUrl":"https:\/\/www.m-q.ch\/wp-content\/uploads\/2025\/02\/ES_Bild1_ps.jpg"},{"@type":"BreadcrumbList","@id":"https:\/\/www.organisator.ch\/operational-excellence\/2025-02-26\/ersthelfer-mit-einem-bein-schon-im-gefaengnis\/#breadcrumb","itemListElement":[{"@type":"ListItem","position":1,"name":"Home","item":"https:\/\/www.organisator.ch\/"},{"@type":"ListItem","position":2,"name":"Ersthelfer \u2013 mit einem Bein schon im Gef\u00e4ngnis?"}]},{"@type":"WebSite","@id":"https:\/\/www.organisator.ch\/#website","url":"https:\/\/www.organisator.ch\/","name":"Organisator","description":"Kompetent. Praxisnah. Der ORGANISATOR bereitet in 10 Ausgaben pro Jahr die wesentlichen Themen f\u00fcr F\u00fchrungskr\u00e4fte von KMU auf.","publisher":{"@id":"https:\/\/www.organisator.ch\/#organization"},"potentialAction":[{"@type":"SearchAction","target":{"@type":"EntryPoint","urlTemplate":"https:\/\/www.organisator.ch\/?s={search_term_string}"},"query-input":{"@type":"PropertyValueSpecification","valueRequired":true,"valueName":"search_term_string"}}],"inLanguage":"de"},{"@type":"Organization","@id":"https:\/\/www.organisator.ch\/#organization","name":"Organisator","url":"https:\/\/www.organisator.ch\/","logo":{"@type":"ImageObject","inLanguage":"de","@id":"https:\/\/www.organisator.ch\/#\/schema\/logo\/image\/","url":"https:\/\/www.organisator.ch\/wp-content\/uploads\/2022\/01\/Logo_Organisator_Website.png","contentUrl":"https:\/\/www.organisator.ch\/wp-content\/uploads\/2022\/01\/Logo_Organisator_Website.png","width":800,"height":77,"caption":"Organisator"},"image":{"@id":"https:\/\/www.organisator.ch\/#\/schema\/logo\/image\/"},"sameAs":["https:\/\/www.facebook.com\/OrganisatorFachmagazin","https:\/\/www.linkedin.com\/showcase\/organisator-das-magazin-fr-kmu","https:\/\/www.xing.com\/news\/pages\/organisator-ch-695","https:\/\/www.youtube.com\/channel\/UCGP2Sq0iWaZwT3BdIAQFYpw"]},{"@type":"Person","@id":"https:\/\/www.organisator.ch\/#\/schema\/person\/afccda3a71c06d4be2ed9100dd163db7","name":"Dzana Muminovic","image":{"@type":"ImageObject","inLanguage":"de","@id":"https:\/\/secure.gravatar.com\/avatar\/909c5c71aff4b38e88686f2ab2f1ba152571f394f41ed8bae431ea56ced93050?s=96&d=mm&r=g","url":"https:\/\/secure.gravatar.com\/avatar\/909c5c71aff4b38e88686f2ab2f1ba152571f394f41ed8bae431ea56ced93050?s=96&d=mm&r=g","contentUrl":"https:\/\/secure.gravatar.com\/avatar\/909c5c71aff4b38e88686f2ab2f1ba152571f394f41ed8bae431ea56ced93050?s=96&d=mm&r=g","caption":"Dzana Muminovic"},"url":"https:\/\/www.organisator.ch\/de\/author\/dzana-muminovic\/"}]}},"_links":{"self":[{"href":"https:\/\/www.organisator.ch\/de\/wp-json\/wp\/v2\/posts\/36413","targetHints":{"allow":["GET"]}}],"collection":[{"href":"https:\/\/www.organisator.ch\/de\/wp-json\/wp\/v2\/posts"}],"about":[{"href":"https:\/\/www.organisator.ch\/de\/wp-json\/wp\/v2\/types\/post"}],"author":[{"embeddable":true,"href":"https:\/\/www.organisator.ch\/de\/wp-json\/wp\/v2\/users\/80"}],"replies":[{"embeddable":true,"href":"https:\/\/www.organisator.ch\/de\/wp-json\/wp\/v2\/comments?post=36413"}],"version-history":[{"count":5,"href":"https:\/\/www.organisator.ch\/de\/wp-json\/wp\/v2\/posts\/36413\/revisions"}],"predecessor-version":[{"id":36444,"href":"https:\/\/www.organisator.ch\/de\/wp-json\/wp\/v2\/posts\/36413\/revisions\/36444"}],"wp:attachment":[{"href":"https:\/\/www.organisator.ch\/de\/wp-json\/wp\/v2\/media?parent=36413"}],"wp:term":[{"taxonomy":"category","embeddable":true,"href":"https:\/\/www.organisator.ch\/de\/wp-json\/wp\/v2\/categories?post=36413"},{"taxonomy":"post_tag","embeddable":true,"href":"https:\/\/www.organisator.ch\/de\/wp-json\/wp\/v2\/tags?post=36413"}],"curies":[{"name":"wp","href":"https:\/\/api.w.org\/{rel}","templated":true}]}}