{"id":36431,"date":"2025-02-27T07:30:09","date_gmt":"2025-02-27T06:30:09","guid":{"rendered":"https:\/\/www.markt-kom.com\/?p=231084"},"modified":"2025-02-27T07:20:15","modified_gmt":"2025-02-27T06:20:15","slug":"andre-caradonna-wird-neuer-leiter-marketing-am-maz-in-luzern","status":"publish","type":"post","link":"https:\/\/www.organisator.ch\/de\/marketing\/2025-02-27\/andre-caradonna-wird-neuer-leiter-marketing-am-maz-in-luzern\/","title":{"rendered":"Andr\u00e9 Caradonna wird neuer Leiter Marketing am Maz in Luzern"},"content":{"rendered":"<figure id=\"attachment_231085\" class=\"wp-caption aligncenter\" style=\"width: 1200px;\" aria-describedby=\"caption-attachment-231085\"><a href=\"https:\/\/www.markt-kom.com\/wp-content\/uploads\/2025\/02\/Andre-Caradonna.jpg\"><img class=\"size-full wp-image-231085\" src=\"https:\/\/www.markt-kom.com\/wp-content\/uploads\/2025\/02\/Andre-Caradonna.jpg\" sizes=\"(max-width: 1200px) 100vw, 1200px\" srcset=\"https:\/\/www.markt-kom.com\/wp-content\/uploads\/2025\/02\/Andre-Caradonna.jpg 1200w, https:\/\/www.markt-kom.com\/wp-content\/uploads\/2025\/02\/Andre-Caradonna-600x450.jpg 600w, https:\/\/www.markt-kom.com\/wp-content\/uploads\/2025\/02\/Andre-Caradonna-1024x768.jpg 1024w, https:\/\/www.markt-kom.com\/wp-content\/uploads\/2025\/02\/Andre-Caradonna-768x576.jpg 768w, https:\/\/www.markt-kom.com\/wp-content\/uploads\/2025\/02\/Andre-Caradonna-16x12.jpg 16w, https:\/\/www.markt-kom.com\/wp-content\/uploads\/2025\/02\/Andre-Caradonna-233x175.jpg 233w, https:\/\/www.markt-kom.com\/wp-content\/uploads\/2025\/02\/Andre-Caradonna-467x350.jpg 467w, https:\/\/www.markt-kom.com\/wp-content\/uploads\/2025\/02\/Andre-Caradonna-1000x750.jpg 1000w\" alt=\"\" width=\"1200\" height=\"900\" \/><\/a>\r\n<figcaption id=\"caption-attachment-231085\" class=\"wp-caption-text\">(Bild: zVg.)<\/figcaption>\r\n<\/figure>\r\n<p>In seiner Funktion verantwortet Andr\u00e9 Caradonna die strategische und operative Weiterentwicklung der Marketingaktivit\u00e4ten des Maz. Mit ihm soll die Positionierung der Institution als f\u00fchrende Ausbildungsst\u00e4tte f\u00fcr Journalismus und Kommunikation weiter gest\u00e4rkt werden.<\/p>\r\n<p>\u00abWir freuen uns sehr auf Andr\u00e9 Caradonna mit seiner umfangreichen Fachexpertise und Marketing-Erfahrung. Wir setzen auf ein modernes und zielgerichtetes Marketing, um unsere Reichweite und Wirkung im Bildungsbereich weiter zu steigern\u00bb, wird Maz-CEO Martina Fehr in einer Mitteilung zitiert.<\/p>\r\n<p>Caradonna studierte Medien- und Kommunikationswissenschaft, Journalismus und Soziologie an der Universit\u00e4t in Fribourg. Anschliessend arbeitete er mehrere Jahre in verschiedenen Agenturen, bevor er auf die Unternehmensseite wechselte. Bei der Swisscom f\u00f6rderte er als Leiter PR\/Sponsoring den Gesch\u00e4ftskundenbereich, f\u00fcr die Bernexpo Groupe verantwortete er die Unternehmens- und Produktekommunikation. Weitere berufliche Stationen waren die Insel Gruppe und Ender Diagnostics, jeweils in der Funktion Leiter Kommunikation und Marketing.<\/p>\r\n<p>Die neue Aufgabe am Maz wird Andr\u00e9 Caradonna in einem 80-prozentigen Pensum wahrnehmen. Daneben bleibt er als \u00abKreativAgent Caradonna\u00bb t\u00e4tig und unterst\u00fctzt Unternehmen mit Marketing-Konzepten und Projekten.<\/p>","protected":false},"excerpt":{"rendered":"<p>Das Kompetenzzentrum f\u00fcr Journalismus und Kommunikation Maz begr\u00fcsst per Anfang M\u00e4rz 2025 Andr\u00e9 Caradonna als neuen Leiter Marketing. Er tritt die Nachfolge von Victoria Arnold an.<\/p>\n","protected":false},"author":8,"featured_media":0,"comment_status":"closed","ping_status":"closed","sticky":false,"template":"","format":"standard","meta":{"_acf_changed":false,"_yoast_wpseo_focuskw":"Andr\u00e9 Caradonna","_yoast_wpseo_metadesc":"Andr\u00e9 Caradonna wird neuer Leiter Marketing am Maz. Er verantwortet die strategische Weiterentwicklung der Marketingaktivit\u00e4ten.","articlekey":"","footnotes":""},"categories":[29],"tags":[4345,2853,4008],"class_list":["post-36431","post","type-post","status-publish","format-standard","hentry","category-marketing","tag-business","tag-jobchange","tag-maz"],"acf":[],"yoast_head":"<!-- This site is optimized with the Yoast SEO plugin v27.5 - https:\/\/yoast.com\/product\/yoast-seo-wordpress\/ -->\n<title>Andr\u00e9 Caradonna wird neuer Leiter Marketing am Maz in Luzern - Organisator<\/title>\n<meta name=\"description\" content=\"Andr\u00e9 Caradonna wird neuer Leiter Marketing am Maz. Er verantwortet die strategische Weiterentwicklung der Marketingaktivit\u00e4ten.\" \/>\n<meta name=\"robots\" content=\"index, follow, max-snippet:-1, max-image-preview:large, max-video-preview:-1\" \/>\n<link rel=\"canonical\" href=\"https:\/\/www.organisator.ch\/de\/marketing\/2025-02-27\/andre-caradonna-wird-neuer-leiter-marketing-am-maz-in-luzern\/\" \/>\n<meta property=\"og:locale\" content=\"de_DE\" \/>\n<meta property=\"og:type\" content=\"article\" \/>\n<meta property=\"og:title\" content=\"Andr\u00e9 Caradonna wird neuer Leiter Marketing am Maz in Luzern - Organisator\" \/>\n<meta property=\"og:description\" content=\"Andr\u00e9 Caradonna wird neuer Leiter Marketing am Maz. Er verantwortet die strategische Weiterentwicklung der Marketingaktivit\u00e4ten.\" \/>\n<meta property=\"og:url\" content=\"https:\/\/www.organisator.ch\/de\/marketing\/2025-02-27\/andre-caradonna-wird-neuer-leiter-marketing-am-maz-in-luzern\/\" \/>\n<meta property=\"og:site_name\" content=\"Organisator\" \/>\n<meta property=\"article:publisher\" content=\"https:\/\/www.facebook.com\/OrganisatorFachmagazin\" \/>\n<meta property=\"article:published_time\" content=\"2025-02-27T06:30:09+00:00\" \/>\n<meta name=\"author\" content=\"galledia\" \/>\n<meta name=\"twitter:card\" content=\"summary_large_image\" \/>\n<meta name=\"twitter:creator\" content=\"@admin\" \/>\n<script type=\"application\/ld+json\" class=\"yoast-schema-graph\">{\"@context\":\"https:\\\/\\\/schema.org\",\"@graph\":[{\"@type\":\"Article\",\"@id\":\"https:\\\/\\\/www.organisator.ch\\\/marketing\\\/2025-02-27\\\/andre-caradonna-wird-neuer-leiter-marketing-am-maz-in-luzern\\\/#article\",\"isPartOf\":{\"@id\":\"https:\\\/\\\/www.organisator.ch\\\/marketing\\\/2025-02-27\\\/andre-caradonna-wird-neuer-leiter-marketing-am-maz-in-luzern\\\/\"},\"author\":{\"name\":\"galledia\",\"@id\":\"https:\\\/\\\/www.organisator.ch\\\/#\\\/schema\\\/person\\\/4e51799071cd2dd1232ac003643ef5f0\"},\"headline\":\"Andr\u00e9 Caradonna wird neuer Leiter Marketing am Maz in Luzern\",\"datePublished\":\"2025-02-27T06:30:09+00:00\",\"mainEntityOfPage\":{\"@id\":\"https:\\\/\\\/www.organisator.ch\\\/marketing\\\/2025-02-27\\\/andre-caradonna-wird-neuer-leiter-marketing-am-maz-in-luzern\\\/\"},\"wordCount\":187,\"publisher\":{\"@id\":\"https:\\\/\\\/www.organisator.ch\\\/#organization\"},\"image\":{\"@id\":\"https:\\\/\\\/www.organisator.ch\\\/marketing\\\/2025-02-27\\\/andre-caradonna-wird-neuer-leiter-marketing-am-maz-in-luzern\\\/#primaryimage\"},\"thumbnailUrl\":\"https:\\\/\\\/www.markt-kom.com\\\/wp-content\\\/uploads\\\/2025\\\/02\\\/Andre-Caradonna.jpg\",\"keywords\":[\"Business\",\"Jobchange\",\"Maz\"],\"articleSection\":[\"MARKETING\"],\"inLanguage\":\"de\"},{\"@type\":\"WebPage\",\"@id\":\"https:\\\/\\\/www.organisator.ch\\\/marketing\\\/2025-02-27\\\/andre-caradonna-wird-neuer-leiter-marketing-am-maz-in-luzern\\\/\",\"url\":\"https:\\\/\\\/www.organisator.ch\\\/marketing\\\/2025-02-27\\\/andre-caradonna-wird-neuer-leiter-marketing-am-maz-in-luzern\\\/\",\"name\":\"Andr\u00e9 Caradonna wird neuer Leiter Marketing am Maz in Luzern - Organisator\",\"isPartOf\":{\"@id\":\"https:\\\/\\\/www.organisator.ch\\\/#website\"},\"primaryImageOfPage\":{\"@id\":\"https:\\\/\\\/www.organisator.ch\\\/marketing\\\/2025-02-27\\\/andre-caradonna-wird-neuer-leiter-marketing-am-maz-in-luzern\\\/#primaryimage\"},\"image\":{\"@id\":\"https:\\\/\\\/www.organisator.ch\\\/marketing\\\/2025-02-27\\\/andre-caradonna-wird-neuer-leiter-marketing-am-maz-in-luzern\\\/#primaryimage\"},\"thumbnailUrl\":\"https:\\\/\\\/www.markt-kom.com\\\/wp-content\\\/uploads\\\/2025\\\/02\\\/Andre-Caradonna.jpg\",\"datePublished\":\"2025-02-27T06:30:09+00:00\",\"description\":\"Andr\u00e9 Caradonna wird neuer Leiter Marketing am Maz. Er verantwortet die strategische Weiterentwicklung der Marketingaktivit\u00e4ten.\",\"breadcrumb\":{\"@id\":\"https:\\\/\\\/www.organisator.ch\\\/marketing\\\/2025-02-27\\\/andre-caradonna-wird-neuer-leiter-marketing-am-maz-in-luzern\\\/#breadcrumb\"},\"inLanguage\":\"de\",\"potentialAction\":[{\"@type\":\"ReadAction\",\"target\":[\"https:\\\/\\\/www.organisator.ch\\\/marketing\\\/2025-02-27\\\/andre-caradonna-wird-neuer-leiter-marketing-am-maz-in-luzern\\\/\"]}]},{\"@type\":\"ImageObject\",\"inLanguage\":\"de\",\"@id\":\"https:\\\/\\\/www.organisator.ch\\\/marketing\\\/2025-02-27\\\/andre-caradonna-wird-neuer-leiter-marketing-am-maz-in-luzern\\\/#primaryimage\",\"url\":\"https:\\\/\\\/www.markt-kom.com\\\/wp-content\\\/uploads\\\/2025\\\/02\\\/Andre-Caradonna.jpg\",\"contentUrl\":\"https:\\\/\\\/www.markt-kom.com\\\/wp-content\\\/uploads\\\/2025\\\/02\\\/Andre-Caradonna.jpg\"},{\"@type\":\"BreadcrumbList\",\"@id\":\"https:\\\/\\\/www.organisator.ch\\\/marketing\\\/2025-02-27\\\/andre-caradonna-wird-neuer-leiter-marketing-am-maz-in-luzern\\\/#breadcrumb\",\"itemListElement\":[{\"@type\":\"ListItem\",\"position\":1,\"name\":\"Home\",\"item\":\"https:\\\/\\\/www.organisator.ch\\\/\"},{\"@type\":\"ListItem\",\"position\":2,\"name\":\"Andr\u00e9 Caradonna wird neuer Leiter Marketing am Maz in Luzern\"}]},{\"@type\":\"WebSite\",\"@id\":\"https:\\\/\\\/www.organisator.ch\\\/#website\",\"url\":\"https:\\\/\\\/www.organisator.ch\\\/\",\"name\":\"Organisator\",\"description\":\"Kompetent. Praxisnah. Der ORGANISATOR bereitet in 10 Ausgaben pro Jahr die wesentlichen Themen f\u00fcr F\u00fchrungskr\u00e4fte von KMU auf.\",\"publisher\":{\"@id\":\"https:\\\/\\\/www.organisator.ch\\\/#organization\"},\"potentialAction\":[{\"@type\":\"SearchAction\",\"target\":{\"@type\":\"EntryPoint\",\"urlTemplate\":\"https:\\\/\\\/www.organisator.ch\\\/?s={search_term_string}\"},\"query-input\":{\"@type\":\"PropertyValueSpecification\",\"valueRequired\":true,\"valueName\":\"search_term_string\"}}],\"inLanguage\":\"de\"},{\"@type\":\"Organization\",\"@id\":\"https:\\\/\\\/www.organisator.ch\\\/#organization\",\"name\":\"Organisator\",\"url\":\"https:\\\/\\\/www.organisator.ch\\\/\",\"logo\":{\"@type\":\"ImageObject\",\"inLanguage\":\"de\",\"@id\":\"https:\\\/\\\/www.organisator.ch\\\/#\\\/schema\\\/logo\\\/image\\\/\",\"url\":\"https:\\\/\\\/www.organisator.ch\\\/wp-content\\\/uploads\\\/2022\\\/01\\\/Logo_Organisator_Website.png\",\"contentUrl\":\"https:\\\/\\\/www.organisator.ch\\\/wp-content\\\/uploads\\\/2022\\\/01\\\/Logo_Organisator_Website.png\",\"width\":800,\"height\":77,\"caption\":\"Organisator\"},\"image\":{\"@id\":\"https:\\\/\\\/www.organisator.ch\\\/#\\\/schema\\\/logo\\\/image\\\/\"},\"sameAs\":[\"https:\\\/\\\/www.facebook.com\\\/OrganisatorFachmagazin\",\"https:\\\/\\\/www.linkedin.com\\\/showcase\\\/organisator-das-magazin-fr-kmu\",\"https:\\\/\\\/www.xing.com\\\/news\\\/pages\\\/organisator-ch-695\",\"https:\\\/\\\/www.youtube.com\\\/channel\\\/UCGP2Sq0iWaZwT3BdIAQFYpw\"]},{\"@type\":\"Person\",\"@id\":\"https:\\\/\\\/www.organisator.ch\\\/#\\\/schema\\\/person\\\/4e51799071cd2dd1232ac003643ef5f0\",\"name\":\"galledia\",\"image\":{\"@type\":\"ImageObject\",\"inLanguage\":\"de\",\"@id\":\"https:\\\/\\\/secure.gravatar.com\\\/avatar\\\/78a7f90c01fc2bfc875782a0d4922b37cde2cf184ce347b91316d23cd7f69a36?s=96&d=mm&r=g\",\"url\":\"https:\\\/\\\/secure.gravatar.com\\\/avatar\\\/78a7f90c01fc2bfc875782a0d4922b37cde2cf184ce347b91316d23cd7f69a36?s=96&d=mm&r=g\",\"contentUrl\":\"https:\\\/\\\/secure.gravatar.com\\\/avatar\\\/78a7f90c01fc2bfc875782a0d4922b37cde2cf184ce347b91316d23cd7f69a36?s=96&d=mm&r=g\",\"caption\":\"galledia\"},\"sameAs\":[\"https:\\\/\\\/x.com\\\/admin\"],\"url\":\"https:\\\/\\\/www.organisator.ch\\\/de\\\/author\\\/galledia\\\/\"}]}<\/script>\n<!-- \/ Yoast SEO plugin. -->","yoast_head_json":{"title":"Andr\u00e9 Caradonna wird neuer Leiter Marketing am Maz in Luzern - Organisator","description":"Andr\u00e9 Caradonna wird neuer Leiter Marketing am Maz. Er verantwortet die strategische Weiterentwicklung der Marketingaktivit\u00e4ten.","robots":{"index":"index","follow":"follow","max-snippet":"max-snippet:-1","max-image-preview":"max-image-preview:large","max-video-preview":"max-video-preview:-1"},"canonical":"https:\/\/www.organisator.ch\/de\/marketing\/2025-02-27\/andre-caradonna-wird-neuer-leiter-marketing-am-maz-in-luzern\/","og_locale":"de_DE","og_type":"article","og_title":"Andr\u00e9 Caradonna wird neuer Leiter Marketing am Maz in Luzern - Organisator","og_description":"Andr\u00e9 Caradonna wird neuer Leiter Marketing am Maz. Er verantwortet die strategische Weiterentwicklung der Marketingaktivit\u00e4ten.","og_url":"https:\/\/www.organisator.ch\/de\/marketing\/2025-02-27\/andre-caradonna-wird-neuer-leiter-marketing-am-maz-in-luzern\/","og_site_name":"Organisator","article_publisher":"https:\/\/www.facebook.com\/OrganisatorFachmagazin","article_published_time":"2025-02-27T06:30:09+00:00","author":"galledia","twitter_card":"summary_large_image","twitter_creator":"@admin","schema":{"@context":"https:\/\/schema.org","@graph":[{"@type":"Article","@id":"https:\/\/www.organisator.ch\/marketing\/2025-02-27\/andre-caradonna-wird-neuer-leiter-marketing-am-maz-in-luzern\/#article","isPartOf":{"@id":"https:\/\/www.organisator.ch\/marketing\/2025-02-27\/andre-caradonna-wird-neuer-leiter-marketing-am-maz-in-luzern\/"},"author":{"name":"galledia","@id":"https:\/\/www.organisator.ch\/#\/schema\/person\/4e51799071cd2dd1232ac003643ef5f0"},"headline":"Andr\u00e9 Caradonna wird neuer Leiter Marketing am Maz in Luzern","datePublished":"2025-02-27T06:30:09+00:00","mainEntityOfPage":{"@id":"https:\/\/www.organisator.ch\/marketing\/2025-02-27\/andre-caradonna-wird-neuer-leiter-marketing-am-maz-in-luzern\/"},"wordCount":187,"publisher":{"@id":"https:\/\/www.organisator.ch\/#organization"},"image":{"@id":"https:\/\/www.organisator.ch\/marketing\/2025-02-27\/andre-caradonna-wird-neuer-leiter-marketing-am-maz-in-luzern\/#primaryimage"},"thumbnailUrl":"https:\/\/www.markt-kom.com\/wp-content\/uploads\/2025\/02\/Andre-Caradonna.jpg","keywords":["Business","Jobchange","Maz"],"articleSection":["MARKETING"],"inLanguage":"de"},{"@type":"WebPage","@id":"https:\/\/www.organisator.ch\/marketing\/2025-02-27\/andre-caradonna-wird-neuer-leiter-marketing-am-maz-in-luzern\/","url":"https:\/\/www.organisator.ch\/marketing\/2025-02-27\/andre-caradonna-wird-neuer-leiter-marketing-am-maz-in-luzern\/","name":"Andr\u00e9 Caradonna wird neuer Leiter Marketing am Maz in Luzern - Organisator","isPartOf":{"@id":"https:\/\/www.organisator.ch\/#website"},"primaryImageOfPage":{"@id":"https:\/\/www.organisator.ch\/marketing\/2025-02-27\/andre-caradonna-wird-neuer-leiter-marketing-am-maz-in-luzern\/#primaryimage"},"image":{"@id":"https:\/\/www.organisator.ch\/marketing\/2025-02-27\/andre-caradonna-wird-neuer-leiter-marketing-am-maz-in-luzern\/#primaryimage"},"thumbnailUrl":"https:\/\/www.markt-kom.com\/wp-content\/uploads\/2025\/02\/Andre-Caradonna.jpg","datePublished":"2025-02-27T06:30:09+00:00","description":"Andr\u00e9 Caradonna wird neuer Leiter Marketing am Maz. Er verantwortet die strategische Weiterentwicklung der Marketingaktivit\u00e4ten.","breadcrumb":{"@id":"https:\/\/www.organisator.ch\/marketing\/2025-02-27\/andre-caradonna-wird-neuer-leiter-marketing-am-maz-in-luzern\/#breadcrumb"},"inLanguage":"de","potentialAction":[{"@type":"ReadAction","target":["https:\/\/www.organisator.ch\/marketing\/2025-02-27\/andre-caradonna-wird-neuer-leiter-marketing-am-maz-in-luzern\/"]}]},{"@type":"ImageObject","inLanguage":"de","@id":"https:\/\/www.organisator.ch\/marketing\/2025-02-27\/andre-caradonna-wird-neuer-leiter-marketing-am-maz-in-luzern\/#primaryimage","url":"https:\/\/www.markt-kom.com\/wp-content\/uploads\/2025\/02\/Andre-Caradonna.jpg","contentUrl":"https:\/\/www.markt-kom.com\/wp-content\/uploads\/2025\/02\/Andre-Caradonna.jpg"},{"@type":"BreadcrumbList","@id":"https:\/\/www.organisator.ch\/marketing\/2025-02-27\/andre-caradonna-wird-neuer-leiter-marketing-am-maz-in-luzern\/#breadcrumb","itemListElement":[{"@type":"ListItem","position":1,"name":"Home","item":"https:\/\/www.organisator.ch\/"},{"@type":"ListItem","position":2,"name":"Andr\u00e9 Caradonna wird neuer Leiter Marketing am Maz in Luzern"}]},{"@type":"WebSite","@id":"https:\/\/www.organisator.ch\/#website","url":"https:\/\/www.organisator.ch\/","name":"Organisator","description":"Kompetent. Praxisnah. Der ORGANISATOR bereitet in 10 Ausgaben pro Jahr die wesentlichen Themen f\u00fcr F\u00fchrungskr\u00e4fte von KMU auf.","publisher":{"@id":"https:\/\/www.organisator.ch\/#organization"},"potentialAction":[{"@type":"SearchAction","target":{"@type":"EntryPoint","urlTemplate":"https:\/\/www.organisator.ch\/?s={search_term_string}"},"query-input":{"@type":"PropertyValueSpecification","valueRequired":true,"valueName":"search_term_string"}}],"inLanguage":"de"},{"@type":"Organization","@id":"https:\/\/www.organisator.ch\/#organization","name":"Organisator","url":"https:\/\/www.organisator.ch\/","logo":{"@type":"ImageObject","inLanguage":"de","@id":"https:\/\/www.organisator.ch\/#\/schema\/logo\/image\/","url":"https:\/\/www.organisator.ch\/wp-content\/uploads\/2022\/01\/Logo_Organisator_Website.png","contentUrl":"https:\/\/www.organisator.ch\/wp-content\/uploads\/2022\/01\/Logo_Organisator_Website.png","width":800,"height":77,"caption":"Organisator"},"image":{"@id":"https:\/\/www.organisator.ch\/#\/schema\/logo\/image\/"},"sameAs":["https:\/\/www.facebook.com\/OrganisatorFachmagazin","https:\/\/www.linkedin.com\/showcase\/organisator-das-magazin-fr-kmu","https:\/\/www.xing.com\/news\/pages\/organisator-ch-695","https:\/\/www.youtube.com\/channel\/UCGP2Sq0iWaZwT3BdIAQFYpw"]},{"@type":"Person","@id":"https:\/\/www.organisator.ch\/#\/schema\/person\/4e51799071cd2dd1232ac003643ef5f0","name":"galledia","image":{"@type":"ImageObject","inLanguage":"de","@id":"https:\/\/secure.gravatar.com\/avatar\/78a7f90c01fc2bfc875782a0d4922b37cde2cf184ce347b91316d23cd7f69a36?s=96&d=mm&r=g","url":"https:\/\/secure.gravatar.com\/avatar\/78a7f90c01fc2bfc875782a0d4922b37cde2cf184ce347b91316d23cd7f69a36?s=96&d=mm&r=g","contentUrl":"https:\/\/secure.gravatar.com\/avatar\/78a7f90c01fc2bfc875782a0d4922b37cde2cf184ce347b91316d23cd7f69a36?s=96&d=mm&r=g","caption":"galledia"},"sameAs":["https:\/\/x.com\/admin"],"url":"https:\/\/www.organisator.ch\/de\/author\/galledia\/"}]}},"_links":{"self":[{"href":"https:\/\/www.organisator.ch\/de\/wp-json\/wp\/v2\/posts\/36431","targetHints":{"allow":["GET"]}}],"collection":[{"href":"https:\/\/www.organisator.ch\/de\/wp-json\/wp\/v2\/posts"}],"about":[{"href":"https:\/\/www.organisator.ch\/de\/wp-json\/wp\/v2\/types\/post"}],"author":[{"embeddable":true,"href":"https:\/\/www.organisator.ch\/de\/wp-json\/wp\/v2\/users\/8"}],"replies":[{"embeddable":true,"href":"https:\/\/www.organisator.ch\/de\/wp-json\/wp\/v2\/comments?post=36431"}],"version-history":[{"count":4,"href":"https:\/\/www.organisator.ch\/de\/wp-json\/wp\/v2\/posts\/36431\/revisions"}],"predecessor-version":[{"id":36491,"href":"https:\/\/www.organisator.ch\/de\/wp-json\/wp\/v2\/posts\/36431\/revisions\/36491"}],"wp:attachment":[{"href":"https:\/\/www.organisator.ch\/de\/wp-json\/wp\/v2\/media?parent=36431"}],"wp:term":[{"taxonomy":"category","embeddable":true,"href":"https:\/\/www.organisator.ch\/de\/wp-json\/wp\/v2\/categories?post=36431"},{"taxonomy":"post_tag","embeddable":true,"href":"https:\/\/www.organisator.ch\/de\/wp-json\/wp\/v2\/tags?post=36431"}],"curies":[{"name":"wp","href":"https:\/\/api.w.org\/{rel}","templated":true}]}}