{"id":36482,"date":"2025-02-28T10:28:48","date_gmt":"2025-02-28T09:28:48","guid":{"rendered":"https:\/\/www.organisator.ch\/?p=36482"},"modified":"2025-02-28T09:28:55","modified_gmt":"2025-02-28T08:28:55","slug":"prix-svc-espace-mittelland-gasser-ceramic-ziegelei-rapperswil-louis-gasser-ag","status":"publish","type":"post","link":"https:\/\/www.organisator.ch\/de\/management\/2025-02-28\/prix-svc-espace-mittelland-gasser-ceramic-ziegelei-rapperswil-louis-gasser-ag\/","title":{"rendered":"Prix SVC Espace Mittelland: Gasser Ceramic &#8211; Ziegelei Rapperswil Louis Gasser AG"},"content":{"rendered":"<figure id=\"attachment_36487\" aria-describedby=\"caption-attachment-36487\" style=\"width: 680px\" class=\"wp-caption alignnone\"><img loading=\"lazy\" decoding=\"async\" class=\"size-full wp-image-36487\" src=\"https:\/\/www.organisator.ch\/wp-content\/uploads\/2025\/02\/Gasser-Ceramic_Bild_ps.jpg\" alt=\"\" width=\"680\" height=\"680\" srcset=\"https:\/\/www.organisator.ch\/wp-content\/uploads\/2025\/02\/Gasser-Ceramic_Bild_ps.jpg 680w, https:\/\/www.organisator.ch\/wp-content\/uploads\/2025\/02\/Gasser-Ceramic_Bild_ps-150x150.jpg 150w, https:\/\/www.organisator.ch\/wp-content\/uploads\/2025\/02\/Gasser-Ceramic_Bild_ps-12x12.jpg 12w, https:\/\/www.organisator.ch\/wp-content\/uploads\/2025\/02\/Gasser-Ceramic_Bild_ps-300x300.jpg 300w, https:\/\/www.organisator.ch\/wp-content\/uploads\/2025\/02\/Gasser-Ceramic_Bild_ps-350x350.jpg 350w, https:\/\/www.organisator.ch\/wp-content\/uploads\/2025\/02\/Gasser-Ceramic_Bild_ps-250x250.jpg 250w\" sizes=\"auto, (max-width: 680px) 100vw, 680px\" \/><figcaption id=\"caption-attachment-36487\" class=\"wp-caption-text\">Gasser Ceramic kombiniert traditionelles Handwerk mit modernster Technologie \u2013 von Tondachziegeln bis zu integrierten Photovoltaik-L\u00f6sungen. (Bild: Gasser Ceramic \/ www.gasserceramic.ch)<\/figcaption><\/figure>\n<p>Gasser Ceramic ist ein Schweizer Familienunternehmen mit \u00fcber 100 Jahren Erfahrung in der Herstellung von Tonprodukten. Von klassischen Backsteinen und Dachziegeln bis hin zu innovativen Photovoltaik-L\u00f6sungen verbindet das Unternehmen traditionelles Handwerk mit modernster Technologie. Mit rund 200 Mitarbeitenden, sechs \u00d6fen und vier Produktionsstandorten geh\u00f6rt Gasser Ceramic zu den f\u00fchrenden Herstellern in der Branche. Dabei setzt das Unternehmen konsequent auf Qualit\u00e4t, Nachhaltigkeit und Innovation.<\/p>\n<h3><strong>Von der Handziegelei zum modernen KMU<\/strong><\/h3>\n<p>Die Geschichte von Gasser Ceramic begann 1918, als Louis Gasser eine kleine Handziegelei \u00fcbernahm und damit den Grundstein f\u00fcr das heutige Unternehmen legte. Heute wird das Unternehmen in dritter Generation von Rudolf und Hans Gasser gef\u00fchrt, w\u00e4hrend mit Julienne Gasser und Lukas Schl\u00e4ppi bereits die vierte Generation aktiv im Unternehmen mitarbeitet. Seit 2010 bildet Gasser Ceramic eine Firmengruppe mit mehreren Standorten, zu der die Ziegelei Morandi Fr\u00e8res SA, die Tuileries &amp; Briqueteries Bardonnex SA, die Ziegelei Sch\u00fcpfen AG, die Samof France sowie die Panotron AG geh\u00f6ren. Mit dieser breiten Aufstellung hat sich Gasser Ceramic zu einem modernen Unternehmen entwickelt, das Tradition mit neuesten Technologien verbindet und h\u00f6chste Qualit\u00e4tsanspr\u00fcche erf\u00fcllt.<\/p>\n<h3><strong>Qualit\u00e4t aus Tradition und Fortschritt<\/strong><\/h3>\n<p>Gasser Ceramic entwickelt und produziert hochwertige Tonprodukte \u2013 von klassischen Tondachziegeln und Backsteinen bis hin zum innovativen Photovoltaik-System Panotron. Seit Generationen setzt das Unternehmen auf Fortschritt und bleibt dabei seinen Werten wie Ehrlichkeit und Flexibilit\u00e4t treu. Die Qualit\u00e4t der Produkte basiert auf einem umfassenden Qualit\u00e4tssicherungssystem: Von der sorgf\u00e4ltigen Analyse der Rohstoffe bis zur Endpr\u00fcfung in den eigenen Laboren wird jeder Schritt kontrolliert, um h\u00f6chste Standards zu gew\u00e4hrleisten. Erg\u00e4nzend dazu sichern unabh\u00e4ngige Pr\u00fcf- und Forschungsinstitute die gleichbleibende Qualit\u00e4t.<\/p>\n<h3><strong>Nachhaltigkeit als Unternehmensprinzip<\/strong><\/h3>\n<p>Nachhaltiges Handeln ist tief in der Unternehmenskultur von Gasser Ceramic verankert. Das Unternehmen setzt auf regionale Rohstoffe, kurze Transportwege und eine ressourcenschonende Produktion. Seit 2015 reduziert es kontinuierlich seinen CO\u2082-Fussabdruck, etwa durch den Einsatz energieeffizienter Brenntechnologien und den Kauf von Emissionszertifikaten. Ein Beispiel daf\u00fcr ist der Hochleistungsbackstein Capo, der beinahe klimaneutral produziert wird. Dank nat\u00fcrlicher F\u00fcllmaterialien wie Mineral- oder Schafwolle tr\u00e4gt er zur Energieeffizienz von Geb\u00e4uden bei. Auch bei der Photovoltaik setzt Gasser Ceramic auf Nachhaltigkeit und \u00c4sthetik. Die Solarziegel PAN und das Solarmodul FIT lassen sich unauff\u00e4llig in Dachfl\u00e4chen integrieren und bieten eine effiziente L\u00f6sung f\u00fcr die nachhaltige Energiegewinnung.<\/p>\n<p>Dar\u00fcber hinaus engagiert sich das Unternehmen weltweit f\u00fcr den Klimaschutz. Durch den Kauf von Emissionszertifikaten unterst\u00fctzt Gasser Ceramic eine Ziegelei in Brasilien bei der Umstellung auf erneuerbare Biomasse und tr\u00e4gt so zur Reduzierung von Emissionen sowie zum Erhalt der Artenvielfalt in der Region bei.<\/p>\n<p>Mit dieser konsequenten Ausrichtung auf Qualit\u00e4t, Innovation und Nachhaltigkeit bleibt Gasser Ceramic ein starker Partner f\u00fcr nachhaltiges Bauen \u2013 heute und in Zukunft.<\/p>\n<p><em>Weitere Informationen: <a href=\"https:\/\/gasserceramic.ch\/\">www.gasserceramic.ch<\/a> \/ <a href=\"https:\/\/svc.swiss\/de\/event\/prix-svc-espace-mittelland-2025\">www.svc.swiss<\/a><\/em><\/p>\n<blockquote>\n<h3>Prix SVC Espace Mittelland 2025<\/h3>\n<p>Die Preisverleihung findet am Mittwoch, 12. M\u00e4rz 2025, im Kursaal Bern statt. Erwartet werden rund 1&#8217;300 G\u00e4ste aus Wirtschaft, Wissenschaft, Politik und Kultur. Der Prix SVC Espace Mittelland wurde erstmals 2003 verliehen und 2025 steht bereits die f\u00fcnfzehnte Durchf\u00fchrung an. <a href=\"https:\/\/svc.swiss\/sites\/default\/files\/2025-01\/online_svc_leporello_a5_espacemittelland.pdf\">Weitere Informationen.<\/a><\/p>\n<\/blockquote>\n","protected":false},"excerpt":{"rendered":"<p>Am 12. M\u00e4rz 2025 wird zum f\u00fcnfzehnten Mal der Prix SVC Espace Mittelland verliehen. Unter den Finalisten ist auch Gasser Ceramic mit Sitz in Rapperswil BE. Ein Kurzportr\u00e4t dieses traditionsreichen Familienunternehmens, das hochwertige Tonprodukte f\u00fcr nachhaltiges Bauen entwickelt und produziert.<\/p>\n","protected":false},"author":80,"featured_media":36487,"comment_status":"closed","ping_status":"closed","sticky":false,"template":"","format":"standard","meta":{"_acf_changed":false,"_yoast_wpseo_focuskw":"Gasser Ceramic","_yoast_wpseo_metadesc":"Gasser Ceramic ist Finalist beim Prix SVC 2025. Das Familienunternehmen kombiniert Tradition mit Innovation f\u00fcr nachhaltiges Bauen.","articlekey":"","footnotes":""},"categories":[28],"tags":[66,1787,391,492,5136],"class_list":["post-36482","post","type-post","status-publish","format-standard","has-post-thumbnail","hentry","category-management","tag-awards","tag-nachhaltigkeit","tag-prix-svc-espace-mittelland","tag-unternehmen","tag-ziegelei"],"acf":[],"yoast_head":"<!-- This site is optimized with the Yoast SEO plugin v27.5 - https:\/\/yoast.com\/product\/yoast-seo-wordpress\/ -->\n<title>Prix SVC Espace Mittelland: Gasser Ceramic - Ziegelei Rapperswil Louis Gasser AG - Organisator<\/title>\n<meta name=\"description\" content=\"Gasser Ceramic ist Finalist beim Prix SVC 2025. Das Familienunternehmen kombiniert Tradition mit Innovation f\u00fcr nachhaltiges Bauen.\" \/>\n<meta name=\"robots\" content=\"index, follow, max-snippet:-1, max-image-preview:large, max-video-preview:-1\" \/>\n<link rel=\"canonical\" href=\"https:\/\/www.organisator.ch\/de\/management\/2025-02-28\/prix-svc-espace-mittelland-gasser-ceramic-ziegelei-rapperswil-louis-gasser-ag\/\" \/>\n<meta property=\"og:locale\" content=\"de_DE\" \/>\n<meta property=\"og:type\" content=\"article\" \/>\n<meta property=\"og:title\" content=\"Gasser Ceramic ist Prix SVC 2025 Finalist\" \/>\n<meta property=\"og:description\" content=\"Gasser Ceramic ist Finalist beim Prix SVC 2025. Das Familienunternehmen kombiniert Tradition mit Innovation f\u00fcr nachhaltiges Bauen.\" \/>\n<meta property=\"og:url\" content=\"https:\/\/www.organisator.ch\/de\/management\/2025-02-28\/prix-svc-espace-mittelland-gasser-ceramic-ziegelei-rapperswil-louis-gasser-ag\/\" \/>\n<meta property=\"og:site_name\" content=\"Organisator\" \/>\n<meta property=\"article:publisher\" content=\"https:\/\/www.facebook.com\/OrganisatorFachmagazin\" \/>\n<meta property=\"article:published_time\" content=\"2025-02-28T09:28:48+00:00\" \/>\n<meta property=\"og:image\" content=\"https:\/\/www.organisator.ch\/wp-content\/uploads\/2025\/02\/Gasser-Ceramic_Bild_ps.jpg\" \/>\n\t<meta property=\"og:image:width\" content=\"680\" \/>\n\t<meta property=\"og:image:height\" content=\"680\" \/>\n\t<meta property=\"og:image:type\" content=\"image\/jpeg\" \/>\n<meta name=\"author\" content=\"Dzana Muminovic\" \/>\n<meta name=\"twitter:card\" content=\"summary_large_image\" \/>\n<meta name=\"twitter:title\" content=\"Gasser Ceramic ist Prix SVC 2025 Finalist\" \/>\n<meta name=\"twitter:description\" content=\"#Gasser #Ceramic ist #Finalist beim #Prix #SVC 2025. Das #Familienunternehmen kombiniert #Tradition mit #Innovation f\u00fcr nachhaltiges #Bauen.\" \/>\n<meta name=\"twitter:image\" content=\"https:\/\/www.organisator.ch\/wp-content\/uploads\/2025\/02\/Gasser-Ceramic_Bild_ps.jpg\" \/>\n<script type=\"application\/ld+json\" class=\"yoast-schema-graph\">{\"@context\":\"https:\\\/\\\/schema.org\",\"@graph\":[{\"@type\":\"Article\",\"@id\":\"https:\\\/\\\/www.organisator.ch\\\/management\\\/2025-02-28\\\/prix-svc-espace-mittelland-gasser-ceramic-ziegelei-rapperswil-louis-gasser-ag\\\/#article\",\"isPartOf\":{\"@id\":\"https:\\\/\\\/www.organisator.ch\\\/management\\\/2025-02-28\\\/prix-svc-espace-mittelland-gasser-ceramic-ziegelei-rapperswil-louis-gasser-ag\\\/\"},\"author\":{\"name\":\"Dzana Muminovic\",\"@id\":\"https:\\\/\\\/www.organisator.ch\\\/#\\\/schema\\\/person\\\/afccda3a71c06d4be2ed9100dd163db7\"},\"headline\":\"Prix SVC Espace Mittelland: Gasser Ceramic &#8211; Ziegelei Rapperswil Louis Gasser AG\",\"datePublished\":\"2025-02-28T09:28:48+00:00\",\"mainEntityOfPage\":{\"@id\":\"https:\\\/\\\/www.organisator.ch\\\/management\\\/2025-02-28\\\/prix-svc-espace-mittelland-gasser-ceramic-ziegelei-rapperswil-louis-gasser-ag\\\/\"},\"wordCount\":559,\"publisher\":{\"@id\":\"https:\\\/\\\/www.organisator.ch\\\/#organization\"},\"image\":{\"@id\":\"https:\\\/\\\/www.organisator.ch\\\/management\\\/2025-02-28\\\/prix-svc-espace-mittelland-gasser-ceramic-ziegelei-rapperswil-louis-gasser-ag\\\/#primaryimage\"},\"thumbnailUrl\":\"https:\\\/\\\/www.organisator.ch\\\/wp-content\\\/uploads\\\/2025\\\/02\\\/Gasser-Ceramic_Bild_ps.jpg\",\"keywords\":[\"Awards\",\"Nachhaltigkeit\",\"Prix SVC Espace Mittelland\",\"Unternehmen\",\"Ziegelei\"],\"articleSection\":[\"MANAGEMENT\"],\"inLanguage\":\"de\"},{\"@type\":\"WebPage\",\"@id\":\"https:\\\/\\\/www.organisator.ch\\\/management\\\/2025-02-28\\\/prix-svc-espace-mittelland-gasser-ceramic-ziegelei-rapperswil-louis-gasser-ag\\\/\",\"url\":\"https:\\\/\\\/www.organisator.ch\\\/management\\\/2025-02-28\\\/prix-svc-espace-mittelland-gasser-ceramic-ziegelei-rapperswil-louis-gasser-ag\\\/\",\"name\":\"Prix SVC Espace Mittelland: Gasser Ceramic - Ziegelei Rapperswil Louis Gasser AG - Organisator\",\"isPartOf\":{\"@id\":\"https:\\\/\\\/www.organisator.ch\\\/#website\"},\"primaryImageOfPage\":{\"@id\":\"https:\\\/\\\/www.organisator.ch\\\/management\\\/2025-02-28\\\/prix-svc-espace-mittelland-gasser-ceramic-ziegelei-rapperswil-louis-gasser-ag\\\/#primaryimage\"},\"image\":{\"@id\":\"https:\\\/\\\/www.organisator.ch\\\/management\\\/2025-02-28\\\/prix-svc-espace-mittelland-gasser-ceramic-ziegelei-rapperswil-louis-gasser-ag\\\/#primaryimage\"},\"thumbnailUrl\":\"https:\\\/\\\/www.organisator.ch\\\/wp-content\\\/uploads\\\/2025\\\/02\\\/Gasser-Ceramic_Bild_ps.jpg\",\"datePublished\":\"2025-02-28T09:28:48+00:00\",\"description\":\"Gasser Ceramic ist Finalist beim Prix SVC 2025. Das Familienunternehmen kombiniert Tradition mit Innovation f\u00fcr nachhaltiges Bauen.\",\"breadcrumb\":{\"@id\":\"https:\\\/\\\/www.organisator.ch\\\/management\\\/2025-02-28\\\/prix-svc-espace-mittelland-gasser-ceramic-ziegelei-rapperswil-louis-gasser-ag\\\/#breadcrumb\"},\"inLanguage\":\"de\",\"potentialAction\":[{\"@type\":\"ReadAction\",\"target\":[\"https:\\\/\\\/www.organisator.ch\\\/management\\\/2025-02-28\\\/prix-svc-espace-mittelland-gasser-ceramic-ziegelei-rapperswil-louis-gasser-ag\\\/\"]}]},{\"@type\":\"ImageObject\",\"inLanguage\":\"de\",\"@id\":\"https:\\\/\\\/www.organisator.ch\\\/management\\\/2025-02-28\\\/prix-svc-espace-mittelland-gasser-ceramic-ziegelei-rapperswil-louis-gasser-ag\\\/#primaryimage\",\"url\":\"https:\\\/\\\/www.organisator.ch\\\/wp-content\\\/uploads\\\/2025\\\/02\\\/Gasser-Ceramic_Bild_ps.jpg\",\"contentUrl\":\"https:\\\/\\\/www.organisator.ch\\\/wp-content\\\/uploads\\\/2025\\\/02\\\/Gasser-Ceramic_Bild_ps.jpg\",\"width\":680,\"height\":680,\"caption\":\"Gasser Ceramic kombiniert traditionelles Handwerk mit modernster Technologie \u2013 von Tondachziegeln bis zu integrierten Photovoltaik-L\u00f6sungen. (Bild: Gasser Ceramic \\\/ www.gasserceramic.ch)\"},{\"@type\":\"BreadcrumbList\",\"@id\":\"https:\\\/\\\/www.organisator.ch\\\/management\\\/2025-02-28\\\/prix-svc-espace-mittelland-gasser-ceramic-ziegelei-rapperswil-louis-gasser-ag\\\/#breadcrumb\",\"itemListElement\":[{\"@type\":\"ListItem\",\"position\":1,\"name\":\"Home\",\"item\":\"https:\\\/\\\/www.organisator.ch\\\/\"},{\"@type\":\"ListItem\",\"position\":2,\"name\":\"Prix SVC Espace Mittelland: Gasser Ceramic &#8211; Ziegelei Rapperswil Louis Gasser AG\"}]},{\"@type\":\"WebSite\",\"@id\":\"https:\\\/\\\/www.organisator.ch\\\/#website\",\"url\":\"https:\\\/\\\/www.organisator.ch\\\/\",\"name\":\"Organisator\",\"description\":\"Kompetent. Praxisnah. Der ORGANISATOR bereitet in 10 Ausgaben pro Jahr die wesentlichen Themen f\u00fcr F\u00fchrungskr\u00e4fte von KMU auf.\",\"publisher\":{\"@id\":\"https:\\\/\\\/www.organisator.ch\\\/#organization\"},\"potentialAction\":[{\"@type\":\"SearchAction\",\"target\":{\"@type\":\"EntryPoint\",\"urlTemplate\":\"https:\\\/\\\/www.organisator.ch\\\/?s={search_term_string}\"},\"query-input\":{\"@type\":\"PropertyValueSpecification\",\"valueRequired\":true,\"valueName\":\"search_term_string\"}}],\"inLanguage\":\"de\"},{\"@type\":\"Organization\",\"@id\":\"https:\\\/\\\/www.organisator.ch\\\/#organization\",\"name\":\"Organisator\",\"url\":\"https:\\\/\\\/www.organisator.ch\\\/\",\"logo\":{\"@type\":\"ImageObject\",\"inLanguage\":\"de\",\"@id\":\"https:\\\/\\\/www.organisator.ch\\\/#\\\/schema\\\/logo\\\/image\\\/\",\"url\":\"https:\\\/\\\/www.organisator.ch\\\/wp-content\\\/uploads\\\/2022\\\/01\\\/Logo_Organisator_Website.png\",\"contentUrl\":\"https:\\\/\\\/www.organisator.ch\\\/wp-content\\\/uploads\\\/2022\\\/01\\\/Logo_Organisator_Website.png\",\"width\":800,\"height\":77,\"caption\":\"Organisator\"},\"image\":{\"@id\":\"https:\\\/\\\/www.organisator.ch\\\/#\\\/schema\\\/logo\\\/image\\\/\"},\"sameAs\":[\"https:\\\/\\\/www.facebook.com\\\/OrganisatorFachmagazin\",\"https:\\\/\\\/www.linkedin.com\\\/showcase\\\/organisator-das-magazin-fr-kmu\",\"https:\\\/\\\/www.xing.com\\\/news\\\/pages\\\/organisator-ch-695\",\"https:\\\/\\\/www.youtube.com\\\/channel\\\/UCGP2Sq0iWaZwT3BdIAQFYpw\"]},{\"@type\":\"Person\",\"@id\":\"https:\\\/\\\/www.organisator.ch\\\/#\\\/schema\\\/person\\\/afccda3a71c06d4be2ed9100dd163db7\",\"name\":\"Dzana Muminovic\",\"image\":{\"@type\":\"ImageObject\",\"inLanguage\":\"de\",\"@id\":\"https:\\\/\\\/secure.gravatar.com\\\/avatar\\\/909c5c71aff4b38e88686f2ab2f1ba152571f394f41ed8bae431ea56ced93050?s=96&d=mm&r=g\",\"url\":\"https:\\\/\\\/secure.gravatar.com\\\/avatar\\\/909c5c71aff4b38e88686f2ab2f1ba152571f394f41ed8bae431ea56ced93050?s=96&d=mm&r=g\",\"contentUrl\":\"https:\\\/\\\/secure.gravatar.com\\\/avatar\\\/909c5c71aff4b38e88686f2ab2f1ba152571f394f41ed8bae431ea56ced93050?s=96&d=mm&r=g\",\"caption\":\"Dzana Muminovic\"},\"url\":\"https:\\\/\\\/www.organisator.ch\\\/de\\\/author\\\/dzana-muminovic\\\/\"}]}<\/script>\n<!-- \/ Yoast SEO plugin. -->","yoast_head_json":{"title":"Prix SVC Espace Mittelland: Gasser Ceramic - Ziegelei Rapperswil Louis Gasser AG - Organisator","description":"Gasser Ceramic ist Finalist beim Prix SVC 2025. Das Familienunternehmen kombiniert Tradition mit Innovation f\u00fcr nachhaltiges Bauen.","robots":{"index":"index","follow":"follow","max-snippet":"max-snippet:-1","max-image-preview":"max-image-preview:large","max-video-preview":"max-video-preview:-1"},"canonical":"https:\/\/www.organisator.ch\/de\/management\/2025-02-28\/prix-svc-espace-mittelland-gasser-ceramic-ziegelei-rapperswil-louis-gasser-ag\/","og_locale":"de_DE","og_type":"article","og_title":"Gasser Ceramic ist Prix SVC 2025 Finalist","og_description":"Gasser Ceramic ist Finalist beim Prix SVC 2025. Das Familienunternehmen kombiniert Tradition mit Innovation f\u00fcr nachhaltiges Bauen.","og_url":"https:\/\/www.organisator.ch\/de\/management\/2025-02-28\/prix-svc-espace-mittelland-gasser-ceramic-ziegelei-rapperswil-louis-gasser-ag\/","og_site_name":"Organisator","article_publisher":"https:\/\/www.facebook.com\/OrganisatorFachmagazin","article_published_time":"2025-02-28T09:28:48+00:00","og_image":[{"width":680,"height":680,"url":"https:\/\/www.organisator.ch\/wp-content\/uploads\/2025\/02\/Gasser-Ceramic_Bild_ps.jpg","type":"image\/jpeg"}],"author":"Dzana Muminovic","twitter_card":"summary_large_image","twitter_title":"Gasser Ceramic ist Prix SVC 2025 Finalist","twitter_description":"#Gasser #Ceramic ist #Finalist beim #Prix #SVC 2025. Das #Familienunternehmen kombiniert #Tradition mit #Innovation f\u00fcr nachhaltiges #Bauen.","twitter_image":"https:\/\/www.organisator.ch\/wp-content\/uploads\/2025\/02\/Gasser-Ceramic_Bild_ps.jpg","schema":{"@context":"https:\/\/schema.org","@graph":[{"@type":"Article","@id":"https:\/\/www.organisator.ch\/management\/2025-02-28\/prix-svc-espace-mittelland-gasser-ceramic-ziegelei-rapperswil-louis-gasser-ag\/#article","isPartOf":{"@id":"https:\/\/www.organisator.ch\/management\/2025-02-28\/prix-svc-espace-mittelland-gasser-ceramic-ziegelei-rapperswil-louis-gasser-ag\/"},"author":{"name":"Dzana Muminovic","@id":"https:\/\/www.organisator.ch\/#\/schema\/person\/afccda3a71c06d4be2ed9100dd163db7"},"headline":"Prix SVC Espace Mittelland: Gasser Ceramic &#8211; Ziegelei Rapperswil Louis Gasser AG","datePublished":"2025-02-28T09:28:48+00:00","mainEntityOfPage":{"@id":"https:\/\/www.organisator.ch\/management\/2025-02-28\/prix-svc-espace-mittelland-gasser-ceramic-ziegelei-rapperswil-louis-gasser-ag\/"},"wordCount":559,"publisher":{"@id":"https:\/\/www.organisator.ch\/#organization"},"image":{"@id":"https:\/\/www.organisator.ch\/management\/2025-02-28\/prix-svc-espace-mittelland-gasser-ceramic-ziegelei-rapperswil-louis-gasser-ag\/#primaryimage"},"thumbnailUrl":"https:\/\/www.organisator.ch\/wp-content\/uploads\/2025\/02\/Gasser-Ceramic_Bild_ps.jpg","keywords":["Awards","Nachhaltigkeit","Prix SVC Espace Mittelland","Unternehmen","Ziegelei"],"articleSection":["MANAGEMENT"],"inLanguage":"de"},{"@type":"WebPage","@id":"https:\/\/www.organisator.ch\/management\/2025-02-28\/prix-svc-espace-mittelland-gasser-ceramic-ziegelei-rapperswil-louis-gasser-ag\/","url":"https:\/\/www.organisator.ch\/management\/2025-02-28\/prix-svc-espace-mittelland-gasser-ceramic-ziegelei-rapperswil-louis-gasser-ag\/","name":"Prix SVC Espace Mittelland: Gasser Ceramic - Ziegelei Rapperswil Louis Gasser AG - Organisator","isPartOf":{"@id":"https:\/\/www.organisator.ch\/#website"},"primaryImageOfPage":{"@id":"https:\/\/www.organisator.ch\/management\/2025-02-28\/prix-svc-espace-mittelland-gasser-ceramic-ziegelei-rapperswil-louis-gasser-ag\/#primaryimage"},"image":{"@id":"https:\/\/www.organisator.ch\/management\/2025-02-28\/prix-svc-espace-mittelland-gasser-ceramic-ziegelei-rapperswil-louis-gasser-ag\/#primaryimage"},"thumbnailUrl":"https:\/\/www.organisator.ch\/wp-content\/uploads\/2025\/02\/Gasser-Ceramic_Bild_ps.jpg","datePublished":"2025-02-28T09:28:48+00:00","description":"Gasser Ceramic ist Finalist beim Prix SVC 2025. Das Familienunternehmen kombiniert Tradition mit Innovation f\u00fcr nachhaltiges Bauen.","breadcrumb":{"@id":"https:\/\/www.organisator.ch\/management\/2025-02-28\/prix-svc-espace-mittelland-gasser-ceramic-ziegelei-rapperswil-louis-gasser-ag\/#breadcrumb"},"inLanguage":"de","potentialAction":[{"@type":"ReadAction","target":["https:\/\/www.organisator.ch\/management\/2025-02-28\/prix-svc-espace-mittelland-gasser-ceramic-ziegelei-rapperswil-louis-gasser-ag\/"]}]},{"@type":"ImageObject","inLanguage":"de","@id":"https:\/\/www.organisator.ch\/management\/2025-02-28\/prix-svc-espace-mittelland-gasser-ceramic-ziegelei-rapperswil-louis-gasser-ag\/#primaryimage","url":"https:\/\/www.organisator.ch\/wp-content\/uploads\/2025\/02\/Gasser-Ceramic_Bild_ps.jpg","contentUrl":"https:\/\/www.organisator.ch\/wp-content\/uploads\/2025\/02\/Gasser-Ceramic_Bild_ps.jpg","width":680,"height":680,"caption":"Gasser Ceramic kombiniert traditionelles Handwerk mit modernster Technologie \u2013 von Tondachziegeln bis zu integrierten Photovoltaik-L\u00f6sungen. (Bild: Gasser Ceramic \/ www.gasserceramic.ch)"},{"@type":"BreadcrumbList","@id":"https:\/\/www.organisator.ch\/management\/2025-02-28\/prix-svc-espace-mittelland-gasser-ceramic-ziegelei-rapperswil-louis-gasser-ag\/#breadcrumb","itemListElement":[{"@type":"ListItem","position":1,"name":"Home","item":"https:\/\/www.organisator.ch\/"},{"@type":"ListItem","position":2,"name":"Prix SVC Espace Mittelland: Gasser Ceramic &#8211; Ziegelei Rapperswil Louis Gasser AG"}]},{"@type":"WebSite","@id":"https:\/\/www.organisator.ch\/#website","url":"https:\/\/www.organisator.ch\/","name":"Organisator","description":"Kompetent. Praxisnah. Der ORGANISATOR bereitet in 10 Ausgaben pro Jahr die wesentlichen Themen f\u00fcr F\u00fchrungskr\u00e4fte von KMU auf.","publisher":{"@id":"https:\/\/www.organisator.ch\/#organization"},"potentialAction":[{"@type":"SearchAction","target":{"@type":"EntryPoint","urlTemplate":"https:\/\/www.organisator.ch\/?s={search_term_string}"},"query-input":{"@type":"PropertyValueSpecification","valueRequired":true,"valueName":"search_term_string"}}],"inLanguage":"de"},{"@type":"Organization","@id":"https:\/\/www.organisator.ch\/#organization","name":"Organisator","url":"https:\/\/www.organisator.ch\/","logo":{"@type":"ImageObject","inLanguage":"de","@id":"https:\/\/www.organisator.ch\/#\/schema\/logo\/image\/","url":"https:\/\/www.organisator.ch\/wp-content\/uploads\/2022\/01\/Logo_Organisator_Website.png","contentUrl":"https:\/\/www.organisator.ch\/wp-content\/uploads\/2022\/01\/Logo_Organisator_Website.png","width":800,"height":77,"caption":"Organisator"},"image":{"@id":"https:\/\/www.organisator.ch\/#\/schema\/logo\/image\/"},"sameAs":["https:\/\/www.facebook.com\/OrganisatorFachmagazin","https:\/\/www.linkedin.com\/showcase\/organisator-das-magazin-fr-kmu","https:\/\/www.xing.com\/news\/pages\/organisator-ch-695","https:\/\/www.youtube.com\/channel\/UCGP2Sq0iWaZwT3BdIAQFYpw"]},{"@type":"Person","@id":"https:\/\/www.organisator.ch\/#\/schema\/person\/afccda3a71c06d4be2ed9100dd163db7","name":"Dzana Muminovic","image":{"@type":"ImageObject","inLanguage":"de","@id":"https:\/\/secure.gravatar.com\/avatar\/909c5c71aff4b38e88686f2ab2f1ba152571f394f41ed8bae431ea56ced93050?s=96&d=mm&r=g","url":"https:\/\/secure.gravatar.com\/avatar\/909c5c71aff4b38e88686f2ab2f1ba152571f394f41ed8bae431ea56ced93050?s=96&d=mm&r=g","contentUrl":"https:\/\/secure.gravatar.com\/avatar\/909c5c71aff4b38e88686f2ab2f1ba152571f394f41ed8bae431ea56ced93050?s=96&d=mm&r=g","caption":"Dzana Muminovic"},"url":"https:\/\/www.organisator.ch\/de\/author\/dzana-muminovic\/"}]}},"_links":{"self":[{"href":"https:\/\/www.organisator.ch\/de\/wp-json\/wp\/v2\/posts\/36482","targetHints":{"allow":["GET"]}}],"collection":[{"href":"https:\/\/www.organisator.ch\/de\/wp-json\/wp\/v2\/posts"}],"about":[{"href":"https:\/\/www.organisator.ch\/de\/wp-json\/wp\/v2\/types\/post"}],"author":[{"embeddable":true,"href":"https:\/\/www.organisator.ch\/de\/wp-json\/wp\/v2\/users\/80"}],"replies":[{"embeddable":true,"href":"https:\/\/www.organisator.ch\/de\/wp-json\/wp\/v2\/comments?post=36482"}],"version-history":[{"count":5,"href":"https:\/\/www.organisator.ch\/de\/wp-json\/wp\/v2\/posts\/36482\/revisions"}],"predecessor-version":[{"id":36553,"href":"https:\/\/www.organisator.ch\/de\/wp-json\/wp\/v2\/posts\/36482\/revisions\/36553"}],"wp:featuredmedia":[{"embeddable":true,"href":"https:\/\/www.organisator.ch\/de\/wp-json\/wp\/v2\/media\/36487"}],"wp:attachment":[{"href":"https:\/\/www.organisator.ch\/de\/wp-json\/wp\/v2\/media?parent=36482"}],"wp:term":[{"taxonomy":"category","embeddable":true,"href":"https:\/\/www.organisator.ch\/de\/wp-json\/wp\/v2\/categories?post=36482"},{"taxonomy":"post_tag","embeddable":true,"href":"https:\/\/www.organisator.ch\/de\/wp-json\/wp\/v2\/tags?post=36482"}],"curies":[{"name":"wp","href":"https:\/\/api.w.org\/{rel}","templated":true}]}}