{"id":36523,"date":"2025-03-03T07:20:22","date_gmt":"2025-03-03T06:20:22","guid":{"rendered":"https:\/\/www.organisator.ch\/?p=36523"},"modified":"2025-02-28T11:20:41","modified_gmt":"2025-02-28T10:20:41","slug":"schweizer-firmen-stehen-vor-grosse-herausforderungen","status":"publish","type":"post","link":"https:\/\/www.organisator.ch\/de\/human-resources\/2025-03-03\/schweizer-firmen-stehen-vor-grosse-herausforderungen\/","title":{"rendered":"Schweizer Firmen stehen vor grosse Herausforderungen"},"content":{"rendered":"<figure id=\"attachment_36524\" aria-describedby=\"caption-attachment-36524\" style=\"width: 533px\" class=\"wp-caption alignnone\"><img loading=\"lazy\" decoding=\"async\" class=\"wp-image-36524 size-full\" src=\"https:\/\/www.organisator.ch\/wp-content\/uploads\/2025\/02\/Fachkraeftemangel_Bild_ps-e1740737819177.jpg\" alt=\"\" width=\"533\" height=\"266\" srcset=\"https:\/\/www.organisator.ch\/wp-content\/uploads\/2025\/02\/Fachkraeftemangel_Bild_ps-e1740737819177.jpg 533w, https:\/\/www.organisator.ch\/wp-content\/uploads\/2025\/02\/Fachkraeftemangel_Bild_ps-e1740737819177-18x9.jpg 18w, https:\/\/www.organisator.ch\/wp-content\/uploads\/2025\/02\/Fachkraeftemangel_Bild_ps-e1740737819177-375x187.jpg 375w\" sizes=\"auto, (max-width: 533px) 100vw, 533px\" \/><figcaption id=\"caption-attachment-36524\" class=\"wp-caption-text\">Langzeitausf\u00e4lle und Fachkr\u00e4ftemangel belasten Schweizer Firmen. Flexible Arbeitsmodelle und Personaldienstleister gewinnen an Bedeutung. (Bild: Swissstaffing)<\/figcaption><\/figure>\n<p>Langzeitausf\u00e4lle stellen die Schweizer Firmen vor immer gr\u00f6ssere Probleme. Schon fast die H\u00e4lfte der f\u00fcr eine Studie des Forschungsinstituts Sotomo befragten Unternehmen ist davon betroffen. Langzeitausf\u00e4lle infolge von Krankheit, Unfall oder Elternzeit versch\u00e4rfen und erschweren die betriebliche Planung, belasten das Stammpersonal und verst\u00e4rken den Fachkr\u00e4ftemangel. Dieser bleibt laut der Studie trotz steigender Arbeitslosigkeit ein Problem. Versch\u00e4rft wird die Personalplanung aber auch durch die schwankende Auftragslage. Hilfe holen sich Firmen in dieser schwierigen Situation bei Personaldienstleistern. Diese erf\u00fcllen eine wichtige Scharnierfunktion, indem sie Unternehmen erm\u00f6glichen, flexibel auf personelle Herausforderungen zu reagieren, Wachstumschancen wahrzunehmen und ihre Wettbewerbsf\u00e4higkeit zu st\u00e4rken.<\/p>\n<p>Personalfragen sind trotz schwacher Konjunktur und steigender Arbeitslosigkeit eine der gr\u00f6ssten Herausforderungen f\u00fcr Schweizer Unternehmen. Das zeigt eine neue Studie des Forschungsinstituts Sotomo im Auftrag des Branchenverbands Swissstaffing deutlich. \u00dcber alle Branchen hinweg nennen am meisten Unternehmen den Fachkr\u00e4ftemangel und die Verf\u00fcgbarkeit von Arbeitskr\u00e4ften als eine ihrer gr\u00f6ssten Herausforderungen (39 % der Unternehmen) &#8211; noch vor steigenden Kosten (27 %) oder Konkurrenzdruck (21 %).<\/p>\n<p>Insbesondere qualifizierte Fachkr\u00e4fte sind schwer zu finden: 78 Prozent der Betriebe berichten, dass sie in den letzten Jahren mindestens teilweise erhebliche Schwierigkeiten hatten, offene Stellen zu besetzen &#8211; vor allem bei Fachkr\u00e4ften mit Berufserfahrung und F\u00fchrungspersonen. Der Fachkr\u00e4ftemangel wird durch Langzeitausf\u00e4lle infolge von Krankheit, Unfall oder Elternzeit versch\u00e4rft und erschwert die betriebliche Planung. Rund vier von zehn Unternehmen sind stark oder eher stark von Langzeitausf\u00e4llen betroffen. Das f\u00fchrt zu einer zus\u00e4tzlichen Belastung des Stammpersonals. F\u00fcr die Studie befragte Sotomo 509 Unternehmen aus der Deutsch- und Westschweiz mit mindestens f\u00fcnf Mitarbeitenden.<\/p>\n<h3><strong>Tempor\u00e4rarbeit sichert Arbeitsmarktflexibilit\u00e4t in unsicheren Zeiten<\/strong><\/h3>\n<p>Eine schwankende Auftragslage fordert die Unternehmen zus\u00e4tzlich heraus. 40 Prozent der Betriebe geben an, dass die daraus folgende Fluktuation des Personalbedarfs eine Belastung darstellt. Die Nachfrage kann sich in kurzer Zeit stark ver\u00e4ndern, sei es durch saisonale Schwankungen, unerwartete Marktbewegungen oder ver\u00e4nderte Kundenanforderungen. Dies erfordert ein hohes Mass an Agilit\u00e4t in der Personalplanung. Ohne flexible Besch\u00e4ftigungsformen drohen entweder \u00dcberkapazit\u00e4ten in ruhigen Zeiten oder personelle Engp\u00e4sse in Phasen hoher Nachfrage. Die Notwendigkeit, kurzfristig auf Ver\u00e4nderungen zu reagieren, stellt Unternehmen deshalb nicht nur vor strategische und wirtschaftliche Herausforderungen, sondern erfordert auch innovative L\u00f6sungen in der Arbeitsorganisation.<\/p>\n<p>Als Antwort auf diese Herausforderungen gewinnen flexible Arbeitsformen f\u00fcr die Wirtschaft zunehmend an Bedeutung. Viele Unternehmen setzen deshalb gezielt auf Personalverleih: 41 Prozent der Unternehmen besch\u00e4ftigen derzeit Tempor\u00e4rarbeitende. Weitere 19 Prozent haben dies in der Vergangenheit getan. Besonders in der Bau- und Industriebranche ist dieses Modell verbreitet, wo 56 Prozent bzw. 38 Prozent der Unternehmen Tempor\u00e4rarbeitskr\u00e4fte einsetzen. Unverzichtbar ist Personalverleih f\u00fcr Grossunternehmen mit mehr als 250 Mitarbeitenden. 87 Prozent nutzen Tempor\u00e4rarbeit, davon 83 Prozent aktuell.<\/p>\n<p>Tempor\u00e4rarbeit erlaubt Unternehmen, flexibel auf Personalengp\u00e4sse zu reagieren, Wachstumsphasen besser auszusch\u00f6pfen und kurzfristige Auftr\u00e4ge anzunehmen, die sonst nicht realisierbar gewesen w\u00e4ren. Diese Anpassungsf\u00e4higkeit st\u00e4rkt nicht nur die betriebliche Effizienz, sondern tr\u00e4gt auch zur Wettbewerbsf\u00e4higkeit der Schweizer Wirtschaft bei. Die Studie zeigt, dass Unternehmen Tempor\u00e4rarbeit aus unterschiedlichen Gr\u00fcnden nutzen. Am h\u00e4ufigsten wird sie eingesetzt, um kurzfristige Vakanzen zu \u00fcberbr\u00fccken und Engp\u00e4sse bei der Personalbesetzung auszugleichen. Viele Unternehmen setzen zudem auf Tempor\u00e4rarbeit, um neue Mitarbeitende kennenzulernen, bevor sie fest angestellt werden. Personaldienstleister werden dabei bei der Rekrutierung zunehmend zu strategisch wichtigen Gesch\u00e4ftspartnern.<\/p>\n<h3><strong>Schweizer Wirtschaft profitiert von flexiblen Arbeitsmodellen<\/strong><\/h3>\n<p>Nicht nur einzelne Unternehmen, sondern auch die Gesamtwirtschaft profitiert von Tempor\u00e4rarbeit, so die Einsch\u00e4tzung der befragten Unternehmen. Zwei Drittel geben an, dass Tempor\u00e4rarbeit eine zentrale Rolle f\u00fcr den Wirtschaftsstandort Schweiz spielt. Besonders weit verbreitet ist diese Einsch\u00e4tzung bei Unternehmen, die selbst Tempor\u00e4rarbeitskr\u00e4fte besch\u00e4ftigen &#8211; hier sind es 78 Prozent. Wie die Studienergebnisse deutlich machen, d\u00fcrfte dies an der wichtigen Scharnierfunktion der Personaldienstleister auf dem Schweizer Arbeitsmarkt liegen. Sie erm\u00f6glichen Unternehmen, flexibel auf Herausforderungen in Personalfragen zu reagieren, Wachstumschancen wahrzunehmen und die Wettbewerbsf\u00e4higkeit zu st\u00e4rken.<\/p>\n<p><em><a href=\"https:\/\/www.swissstaffing.ch\/de\/Branche-Politik\/Whitepaper\/fachkraeftemangel-und-temporaerarbeit.php\">Zur Studie<\/a><\/em><\/p>\n","protected":false},"excerpt":{"rendered":"<p>Langzeitausf\u00e4lle, schwankende Auftragslage und Fachkr\u00e4ftemangel stellen Schweizer Firmen vor grosse Herausforderungen. Trotz Konjunkturflaute und steigender Arbeitslosigkeit fehlen erfahrene Fach- und F\u00fchrungskr\u00e4fte &#8211; innovative Modelle von Personaldienstleistern sind gefragter denn je.<\/p>\n","protected":false},"author":80,"featured_media":36524,"comment_status":"closed","ping_status":"closed","sticky":false,"template":"","format":"standard","meta":{"_acf_changed":false,"_yoast_wpseo_focuskw":"Fachkr\u00e4ftemangel Schweiz","_yoast_wpseo_metadesc":"Langzeitausf\u00e4lle und Fachkr\u00e4ftemangel belasten Schweizer Firmen. Flexible Arbeitsmodelle und Personaldienstleister gewinnen an Bedeutung.","articlekey":"","footnotes":""},"categories":[579],"tags":[5143,194,4914,424,3745],"class_list":["post-36523","post","type-post","status-publish","format-standard","has-post-thumbnail","hentry","category-human-resources","tag-arbeitslosigkeit","tag-fachkraeftemangel","tag-herausforderungen","tag-schweiz","tag-temporaerarbeit"],"acf":[],"yoast_head":"<!-- This site is optimized with the Yoast SEO plugin v27.5 - https:\/\/yoast.com\/product\/yoast-seo-wordpress\/ -->\n<title>Schweizer Firmen stehen vor grosse Herausforderungen - Organisator<\/title>\n<meta name=\"description\" content=\"Langzeitausf\u00e4lle und Fachkr\u00e4ftemangel belasten Schweizer Firmen. Flexible Arbeitsmodelle und Personaldienstleister gewinnen an Bedeutung.\" \/>\n<meta name=\"robots\" content=\"index, follow, max-snippet:-1, max-image-preview:large, max-video-preview:-1\" \/>\n<link rel=\"canonical\" href=\"https:\/\/www.organisator.ch\/de\/human-resources\/2025-03-03\/schweizer-firmen-stehen-vor-grosse-herausforderungen\/\" \/>\n<meta property=\"og:locale\" content=\"de_DE\" \/>\n<meta property=\"og:type\" content=\"article\" \/>\n<meta property=\"og:title\" content=\"Tempor\u00e4rarbeit als Antwort auf Personalengp\u00e4sse\" \/>\n<meta property=\"og:description\" content=\"Langzeitausf\u00e4lle und Fachkr\u00e4ftemangel belasten Schweizer Firmen. Flexible Arbeitsmodelle und Personaldienstleister gewinnen an Bedeutung.\" \/>\n<meta property=\"og:url\" content=\"https:\/\/www.organisator.ch\/de\/human-resources\/2025-03-03\/schweizer-firmen-stehen-vor-grosse-herausforderungen\/\" \/>\n<meta property=\"og:site_name\" content=\"Organisator\" \/>\n<meta property=\"article:publisher\" content=\"https:\/\/www.facebook.com\/OrganisatorFachmagazin\" \/>\n<meta property=\"article:published_time\" content=\"2025-03-03T06:20:22+00:00\" \/>\n<meta property=\"og:image\" content=\"https:\/\/www.organisator.ch\/wp-content\/uploads\/2025\/02\/Fachkraeftemangel_Bild_ps-e1740737819177.jpg\" \/>\n\t<meta property=\"og:image:width\" content=\"533\" \/>\n\t<meta property=\"og:image:height\" content=\"266\" \/>\n\t<meta property=\"og:image:type\" content=\"image\/jpeg\" \/>\n<meta name=\"author\" content=\"Dzana Muminovic\" \/>\n<meta name=\"twitter:card\" content=\"summary_large_image\" \/>\n<meta name=\"twitter:title\" content=\"Tempor\u00e4rarbeit als Antwort auf Personalengp\u00e4sse\" \/>\n<meta name=\"twitter:description\" content=\"#Langzeitausf\u00e4lle und #Fachkr\u00e4ftemangel belasten #Schweizer #Firmen. #Flexible #Arbeitsmodelle und #Personaldienstleister gewinnen an Bedeutung.\" \/>\n<meta name=\"twitter:image\" content=\"https:\/\/www.organisator.ch\/wp-content\/uploads\/2025\/02\/Fachkraeftemangel_Bild_ps-e1740737819177.jpg\" \/>\n<script type=\"application\/ld+json\" class=\"yoast-schema-graph\">{\"@context\":\"https:\\\/\\\/schema.org\",\"@graph\":[{\"@type\":\"Article\",\"@id\":\"https:\\\/\\\/www.organisator.ch\\\/human-resources\\\/2025-03-03\\\/schweizer-firmen-stehen-vor-grosse-herausforderungen\\\/#article\",\"isPartOf\":{\"@id\":\"https:\\\/\\\/www.organisator.ch\\\/human-resources\\\/2025-03-03\\\/schweizer-firmen-stehen-vor-grosse-herausforderungen\\\/\"},\"author\":{\"name\":\"Dzana Muminovic\",\"@id\":\"https:\\\/\\\/www.organisator.ch\\\/#\\\/schema\\\/person\\\/afccda3a71c06d4be2ed9100dd163db7\"},\"headline\":\"Schweizer Firmen stehen vor grosse Herausforderungen\",\"datePublished\":\"2025-03-03T06:20:22+00:00\",\"mainEntityOfPage\":{\"@id\":\"https:\\\/\\\/www.organisator.ch\\\/human-resources\\\/2025-03-03\\\/schweizer-firmen-stehen-vor-grosse-herausforderungen\\\/\"},\"wordCount\":697,\"publisher\":{\"@id\":\"https:\\\/\\\/www.organisator.ch\\\/#organization\"},\"image\":{\"@id\":\"https:\\\/\\\/www.organisator.ch\\\/human-resources\\\/2025-03-03\\\/schweizer-firmen-stehen-vor-grosse-herausforderungen\\\/#primaryimage\"},\"thumbnailUrl\":\"https:\\\/\\\/www.organisator.ch\\\/wp-content\\\/uploads\\\/2025\\\/02\\\/Fachkraeftemangel_Bild_ps-e1740737819177.jpg\",\"keywords\":[\"Arbeitslosigkeit\",\"Fachkr\u00e4ftemangel\",\"Herausforderungen\",\"Schweiz\",\"Tempor\u00e4rarbeit\"],\"articleSection\":[\"HUMAN RESOURCES\"],\"inLanguage\":\"de\"},{\"@type\":\"WebPage\",\"@id\":\"https:\\\/\\\/www.organisator.ch\\\/human-resources\\\/2025-03-03\\\/schweizer-firmen-stehen-vor-grosse-herausforderungen\\\/\",\"url\":\"https:\\\/\\\/www.organisator.ch\\\/human-resources\\\/2025-03-03\\\/schweizer-firmen-stehen-vor-grosse-herausforderungen\\\/\",\"name\":\"Schweizer Firmen stehen vor grosse Herausforderungen - Organisator\",\"isPartOf\":{\"@id\":\"https:\\\/\\\/www.organisator.ch\\\/#website\"},\"primaryImageOfPage\":{\"@id\":\"https:\\\/\\\/www.organisator.ch\\\/human-resources\\\/2025-03-03\\\/schweizer-firmen-stehen-vor-grosse-herausforderungen\\\/#primaryimage\"},\"image\":{\"@id\":\"https:\\\/\\\/www.organisator.ch\\\/human-resources\\\/2025-03-03\\\/schweizer-firmen-stehen-vor-grosse-herausforderungen\\\/#primaryimage\"},\"thumbnailUrl\":\"https:\\\/\\\/www.organisator.ch\\\/wp-content\\\/uploads\\\/2025\\\/02\\\/Fachkraeftemangel_Bild_ps-e1740737819177.jpg\",\"datePublished\":\"2025-03-03T06:20:22+00:00\",\"description\":\"Langzeitausf\u00e4lle und Fachkr\u00e4ftemangel belasten Schweizer Firmen. Flexible Arbeitsmodelle und Personaldienstleister gewinnen an Bedeutung.\",\"breadcrumb\":{\"@id\":\"https:\\\/\\\/www.organisator.ch\\\/human-resources\\\/2025-03-03\\\/schweizer-firmen-stehen-vor-grosse-herausforderungen\\\/#breadcrumb\"},\"inLanguage\":\"de\",\"potentialAction\":[{\"@type\":\"ReadAction\",\"target\":[\"https:\\\/\\\/www.organisator.ch\\\/human-resources\\\/2025-03-03\\\/schweizer-firmen-stehen-vor-grosse-herausforderungen\\\/\"]}]},{\"@type\":\"ImageObject\",\"inLanguage\":\"de\",\"@id\":\"https:\\\/\\\/www.organisator.ch\\\/human-resources\\\/2025-03-03\\\/schweizer-firmen-stehen-vor-grosse-herausforderungen\\\/#primaryimage\",\"url\":\"https:\\\/\\\/www.organisator.ch\\\/wp-content\\\/uploads\\\/2025\\\/02\\\/Fachkraeftemangel_Bild_ps-e1740737819177.jpg\",\"contentUrl\":\"https:\\\/\\\/www.organisator.ch\\\/wp-content\\\/uploads\\\/2025\\\/02\\\/Fachkraeftemangel_Bild_ps-e1740737819177.jpg\",\"width\":533,\"height\":266,\"caption\":\"Langzeitausf\u00e4lle und Fachkr\u00e4ftemangel belasten Schweizer Firmen. Flexible Arbeitsmodelle und Personaldienstleister gewinnen an Bedeutung. (Bild: Swissstaffing)\"},{\"@type\":\"BreadcrumbList\",\"@id\":\"https:\\\/\\\/www.organisator.ch\\\/human-resources\\\/2025-03-03\\\/schweizer-firmen-stehen-vor-grosse-herausforderungen\\\/#breadcrumb\",\"itemListElement\":[{\"@type\":\"ListItem\",\"position\":1,\"name\":\"Home\",\"item\":\"https:\\\/\\\/www.organisator.ch\\\/\"},{\"@type\":\"ListItem\",\"position\":2,\"name\":\"Schweizer Firmen stehen vor grosse Herausforderungen\"}]},{\"@type\":\"WebSite\",\"@id\":\"https:\\\/\\\/www.organisator.ch\\\/#website\",\"url\":\"https:\\\/\\\/www.organisator.ch\\\/\",\"name\":\"Organisator\",\"description\":\"Kompetent. Praxisnah. Der ORGANISATOR bereitet in 10 Ausgaben pro Jahr die wesentlichen Themen f\u00fcr F\u00fchrungskr\u00e4fte von KMU auf.\",\"publisher\":{\"@id\":\"https:\\\/\\\/www.organisator.ch\\\/#organization\"},\"potentialAction\":[{\"@type\":\"SearchAction\",\"target\":{\"@type\":\"EntryPoint\",\"urlTemplate\":\"https:\\\/\\\/www.organisator.ch\\\/?s={search_term_string}\"},\"query-input\":{\"@type\":\"PropertyValueSpecification\",\"valueRequired\":true,\"valueName\":\"search_term_string\"}}],\"inLanguage\":\"de\"},{\"@type\":\"Organization\",\"@id\":\"https:\\\/\\\/www.organisator.ch\\\/#organization\",\"name\":\"Organisator\",\"url\":\"https:\\\/\\\/www.organisator.ch\\\/\",\"logo\":{\"@type\":\"ImageObject\",\"inLanguage\":\"de\",\"@id\":\"https:\\\/\\\/www.organisator.ch\\\/#\\\/schema\\\/logo\\\/image\\\/\",\"url\":\"https:\\\/\\\/www.organisator.ch\\\/wp-content\\\/uploads\\\/2022\\\/01\\\/Logo_Organisator_Website.png\",\"contentUrl\":\"https:\\\/\\\/www.organisator.ch\\\/wp-content\\\/uploads\\\/2022\\\/01\\\/Logo_Organisator_Website.png\",\"width\":800,\"height\":77,\"caption\":\"Organisator\"},\"image\":{\"@id\":\"https:\\\/\\\/www.organisator.ch\\\/#\\\/schema\\\/logo\\\/image\\\/\"},\"sameAs\":[\"https:\\\/\\\/www.facebook.com\\\/OrganisatorFachmagazin\",\"https:\\\/\\\/www.linkedin.com\\\/showcase\\\/organisator-das-magazin-fr-kmu\",\"https:\\\/\\\/www.xing.com\\\/news\\\/pages\\\/organisator-ch-695\",\"https:\\\/\\\/www.youtube.com\\\/channel\\\/UCGP2Sq0iWaZwT3BdIAQFYpw\"]},{\"@type\":\"Person\",\"@id\":\"https:\\\/\\\/www.organisator.ch\\\/#\\\/schema\\\/person\\\/afccda3a71c06d4be2ed9100dd163db7\",\"name\":\"Dzana Muminovic\",\"image\":{\"@type\":\"ImageObject\",\"inLanguage\":\"de\",\"@id\":\"https:\\\/\\\/secure.gravatar.com\\\/avatar\\\/909c5c71aff4b38e88686f2ab2f1ba152571f394f41ed8bae431ea56ced93050?s=96&d=mm&r=g\",\"url\":\"https:\\\/\\\/secure.gravatar.com\\\/avatar\\\/909c5c71aff4b38e88686f2ab2f1ba152571f394f41ed8bae431ea56ced93050?s=96&d=mm&r=g\",\"contentUrl\":\"https:\\\/\\\/secure.gravatar.com\\\/avatar\\\/909c5c71aff4b38e88686f2ab2f1ba152571f394f41ed8bae431ea56ced93050?s=96&d=mm&r=g\",\"caption\":\"Dzana Muminovic\"},\"url\":\"https:\\\/\\\/www.organisator.ch\\\/de\\\/author\\\/dzana-muminovic\\\/\"}]}<\/script>\n<!-- \/ Yoast SEO plugin. -->","yoast_head_json":{"title":"Schweizer Firmen stehen vor grosse Herausforderungen - Organisator","description":"Langzeitausf\u00e4lle und Fachkr\u00e4ftemangel belasten Schweizer Firmen. Flexible Arbeitsmodelle und Personaldienstleister gewinnen an Bedeutung.","robots":{"index":"index","follow":"follow","max-snippet":"max-snippet:-1","max-image-preview":"max-image-preview:large","max-video-preview":"max-video-preview:-1"},"canonical":"https:\/\/www.organisator.ch\/de\/human-resources\/2025-03-03\/schweizer-firmen-stehen-vor-grosse-herausforderungen\/","og_locale":"de_DE","og_type":"article","og_title":"Tempor\u00e4rarbeit als Antwort auf Personalengp\u00e4sse","og_description":"Langzeitausf\u00e4lle und Fachkr\u00e4ftemangel belasten Schweizer Firmen. Flexible Arbeitsmodelle und Personaldienstleister gewinnen an Bedeutung.","og_url":"https:\/\/www.organisator.ch\/de\/human-resources\/2025-03-03\/schweizer-firmen-stehen-vor-grosse-herausforderungen\/","og_site_name":"Organisator","article_publisher":"https:\/\/www.facebook.com\/OrganisatorFachmagazin","article_published_time":"2025-03-03T06:20:22+00:00","og_image":[{"width":533,"height":266,"url":"https:\/\/www.organisator.ch\/wp-content\/uploads\/2025\/02\/Fachkraeftemangel_Bild_ps-e1740737819177.jpg","type":"image\/jpeg"}],"author":"Dzana Muminovic","twitter_card":"summary_large_image","twitter_title":"Tempor\u00e4rarbeit als Antwort auf Personalengp\u00e4sse","twitter_description":"#Langzeitausf\u00e4lle und #Fachkr\u00e4ftemangel belasten #Schweizer #Firmen. #Flexible #Arbeitsmodelle und #Personaldienstleister gewinnen an Bedeutung.","twitter_image":"https:\/\/www.organisator.ch\/wp-content\/uploads\/2025\/02\/Fachkraeftemangel_Bild_ps-e1740737819177.jpg","schema":{"@context":"https:\/\/schema.org","@graph":[{"@type":"Article","@id":"https:\/\/www.organisator.ch\/human-resources\/2025-03-03\/schweizer-firmen-stehen-vor-grosse-herausforderungen\/#article","isPartOf":{"@id":"https:\/\/www.organisator.ch\/human-resources\/2025-03-03\/schweizer-firmen-stehen-vor-grosse-herausforderungen\/"},"author":{"name":"Dzana Muminovic","@id":"https:\/\/www.organisator.ch\/#\/schema\/person\/afccda3a71c06d4be2ed9100dd163db7"},"headline":"Schweizer Firmen stehen vor grosse Herausforderungen","datePublished":"2025-03-03T06:20:22+00:00","mainEntityOfPage":{"@id":"https:\/\/www.organisator.ch\/human-resources\/2025-03-03\/schweizer-firmen-stehen-vor-grosse-herausforderungen\/"},"wordCount":697,"publisher":{"@id":"https:\/\/www.organisator.ch\/#organization"},"image":{"@id":"https:\/\/www.organisator.ch\/human-resources\/2025-03-03\/schweizer-firmen-stehen-vor-grosse-herausforderungen\/#primaryimage"},"thumbnailUrl":"https:\/\/www.organisator.ch\/wp-content\/uploads\/2025\/02\/Fachkraeftemangel_Bild_ps-e1740737819177.jpg","keywords":["Arbeitslosigkeit","Fachkr\u00e4ftemangel","Herausforderungen","Schweiz","Tempor\u00e4rarbeit"],"articleSection":["HUMAN RESOURCES"],"inLanguage":"de"},{"@type":"WebPage","@id":"https:\/\/www.organisator.ch\/human-resources\/2025-03-03\/schweizer-firmen-stehen-vor-grosse-herausforderungen\/","url":"https:\/\/www.organisator.ch\/human-resources\/2025-03-03\/schweizer-firmen-stehen-vor-grosse-herausforderungen\/","name":"Schweizer Firmen stehen vor grosse Herausforderungen - Organisator","isPartOf":{"@id":"https:\/\/www.organisator.ch\/#website"},"primaryImageOfPage":{"@id":"https:\/\/www.organisator.ch\/human-resources\/2025-03-03\/schweizer-firmen-stehen-vor-grosse-herausforderungen\/#primaryimage"},"image":{"@id":"https:\/\/www.organisator.ch\/human-resources\/2025-03-03\/schweizer-firmen-stehen-vor-grosse-herausforderungen\/#primaryimage"},"thumbnailUrl":"https:\/\/www.organisator.ch\/wp-content\/uploads\/2025\/02\/Fachkraeftemangel_Bild_ps-e1740737819177.jpg","datePublished":"2025-03-03T06:20:22+00:00","description":"Langzeitausf\u00e4lle und Fachkr\u00e4ftemangel belasten Schweizer Firmen. Flexible Arbeitsmodelle und Personaldienstleister gewinnen an Bedeutung.","breadcrumb":{"@id":"https:\/\/www.organisator.ch\/human-resources\/2025-03-03\/schweizer-firmen-stehen-vor-grosse-herausforderungen\/#breadcrumb"},"inLanguage":"de","potentialAction":[{"@type":"ReadAction","target":["https:\/\/www.organisator.ch\/human-resources\/2025-03-03\/schweizer-firmen-stehen-vor-grosse-herausforderungen\/"]}]},{"@type":"ImageObject","inLanguage":"de","@id":"https:\/\/www.organisator.ch\/human-resources\/2025-03-03\/schweizer-firmen-stehen-vor-grosse-herausforderungen\/#primaryimage","url":"https:\/\/www.organisator.ch\/wp-content\/uploads\/2025\/02\/Fachkraeftemangel_Bild_ps-e1740737819177.jpg","contentUrl":"https:\/\/www.organisator.ch\/wp-content\/uploads\/2025\/02\/Fachkraeftemangel_Bild_ps-e1740737819177.jpg","width":533,"height":266,"caption":"Langzeitausf\u00e4lle und Fachkr\u00e4ftemangel belasten Schweizer Firmen. Flexible Arbeitsmodelle und Personaldienstleister gewinnen an Bedeutung. (Bild: Swissstaffing)"},{"@type":"BreadcrumbList","@id":"https:\/\/www.organisator.ch\/human-resources\/2025-03-03\/schweizer-firmen-stehen-vor-grosse-herausforderungen\/#breadcrumb","itemListElement":[{"@type":"ListItem","position":1,"name":"Home","item":"https:\/\/www.organisator.ch\/"},{"@type":"ListItem","position":2,"name":"Schweizer Firmen stehen vor grosse Herausforderungen"}]},{"@type":"WebSite","@id":"https:\/\/www.organisator.ch\/#website","url":"https:\/\/www.organisator.ch\/","name":"Organisator","description":"Kompetent. Praxisnah. Der ORGANISATOR bereitet in 10 Ausgaben pro Jahr die wesentlichen Themen f\u00fcr F\u00fchrungskr\u00e4fte von KMU auf.","publisher":{"@id":"https:\/\/www.organisator.ch\/#organization"},"potentialAction":[{"@type":"SearchAction","target":{"@type":"EntryPoint","urlTemplate":"https:\/\/www.organisator.ch\/?s={search_term_string}"},"query-input":{"@type":"PropertyValueSpecification","valueRequired":true,"valueName":"search_term_string"}}],"inLanguage":"de"},{"@type":"Organization","@id":"https:\/\/www.organisator.ch\/#organization","name":"Organisator","url":"https:\/\/www.organisator.ch\/","logo":{"@type":"ImageObject","inLanguage":"de","@id":"https:\/\/www.organisator.ch\/#\/schema\/logo\/image\/","url":"https:\/\/www.organisator.ch\/wp-content\/uploads\/2022\/01\/Logo_Organisator_Website.png","contentUrl":"https:\/\/www.organisator.ch\/wp-content\/uploads\/2022\/01\/Logo_Organisator_Website.png","width":800,"height":77,"caption":"Organisator"},"image":{"@id":"https:\/\/www.organisator.ch\/#\/schema\/logo\/image\/"},"sameAs":["https:\/\/www.facebook.com\/OrganisatorFachmagazin","https:\/\/www.linkedin.com\/showcase\/organisator-das-magazin-fr-kmu","https:\/\/www.xing.com\/news\/pages\/organisator-ch-695","https:\/\/www.youtube.com\/channel\/UCGP2Sq0iWaZwT3BdIAQFYpw"]},{"@type":"Person","@id":"https:\/\/www.organisator.ch\/#\/schema\/person\/afccda3a71c06d4be2ed9100dd163db7","name":"Dzana Muminovic","image":{"@type":"ImageObject","inLanguage":"de","@id":"https:\/\/secure.gravatar.com\/avatar\/909c5c71aff4b38e88686f2ab2f1ba152571f394f41ed8bae431ea56ced93050?s=96&d=mm&r=g","url":"https:\/\/secure.gravatar.com\/avatar\/909c5c71aff4b38e88686f2ab2f1ba152571f394f41ed8bae431ea56ced93050?s=96&d=mm&r=g","contentUrl":"https:\/\/secure.gravatar.com\/avatar\/909c5c71aff4b38e88686f2ab2f1ba152571f394f41ed8bae431ea56ced93050?s=96&d=mm&r=g","caption":"Dzana Muminovic"},"url":"https:\/\/www.organisator.ch\/de\/author\/dzana-muminovic\/"}]}},"_links":{"self":[{"href":"https:\/\/www.organisator.ch\/de\/wp-json\/wp\/v2\/posts\/36523","targetHints":{"allow":["GET"]}}],"collection":[{"href":"https:\/\/www.organisator.ch\/de\/wp-json\/wp\/v2\/posts"}],"about":[{"href":"https:\/\/www.organisator.ch\/de\/wp-json\/wp\/v2\/types\/post"}],"author":[{"embeddable":true,"href":"https:\/\/www.organisator.ch\/de\/wp-json\/wp\/v2\/users\/80"}],"replies":[{"embeddable":true,"href":"https:\/\/www.organisator.ch\/de\/wp-json\/wp\/v2\/comments?post=36523"}],"version-history":[{"count":2,"href":"https:\/\/www.organisator.ch\/de\/wp-json\/wp\/v2\/posts\/36523\/revisions"}],"predecessor-version":[{"id":36552,"href":"https:\/\/www.organisator.ch\/de\/wp-json\/wp\/v2\/posts\/36523\/revisions\/36552"}],"wp:featuredmedia":[{"embeddable":true,"href":"https:\/\/www.organisator.ch\/de\/wp-json\/wp\/v2\/media\/36524"}],"wp:attachment":[{"href":"https:\/\/www.organisator.ch\/de\/wp-json\/wp\/v2\/media?parent=36523"}],"wp:term":[{"taxonomy":"category","embeddable":true,"href":"https:\/\/www.organisator.ch\/de\/wp-json\/wp\/v2\/categories?post=36523"},{"taxonomy":"post_tag","embeddable":true,"href":"https:\/\/www.organisator.ch\/de\/wp-json\/wp\/v2\/tags?post=36523"}],"curies":[{"name":"wp","href":"https:\/\/api.w.org\/{rel}","templated":true}]}}