{"id":36527,"date":"2025-03-03T07:45:18","date_gmt":"2025-03-03T06:45:18","guid":{"rendered":"https:\/\/www.markt-kom.com\/?p=231201"},"modified":"2025-03-03T07:38:57","modified_gmt":"2025-03-03T06:38:57","slug":"olivier-rihs-wird-verwaltungsrat-bei-swiss-activities","status":"publish","type":"post","link":"https:\/\/www.organisator.ch\/de\/marketing\/2025-03-03\/olivier-rihs-wird-verwaltungsrat-bei-swiss-activities\/","title":{"rendered":"Olivier Rihs wird Verwaltungsrat bei Swiss Activities"},"content":{"rendered":"<figure id=\"attachment_231202\" class=\"wp-caption aligncenter\" style=\"width: 996px;\" aria-describedby=\"caption-attachment-231202\"><a href=\"https:\/\/www.markt-kom.com\/wp-content\/uploads\/2025\/02\/olivier-rihs-archivbild-muk.jpg\"><img class=\"size-full wp-image-231202\" src=\"https:\/\/www.markt-kom.com\/wp-content\/uploads\/2025\/02\/olivier-rihs-archivbild-muk.jpg\" sizes=\"(max-width: 996px) 100vw, 996px\" srcset=\"https:\/\/www.markt-kom.com\/wp-content\/uploads\/2025\/02\/olivier-rihs-archivbild-muk.jpg 996w, https:\/\/www.markt-kom.com\/wp-content\/uploads\/2025\/02\/olivier-rihs-archivbild-muk-600x337.jpg 600w, https:\/\/www.markt-kom.com\/wp-content\/uploads\/2025\/02\/olivier-rihs-archivbild-muk-768x432.jpg 768w, https:\/\/www.markt-kom.com\/wp-content\/uploads\/2025\/02\/olivier-rihs-archivbild-muk-18x10.jpg 18w, https:\/\/www.markt-kom.com\/wp-content\/uploads\/2025\/02\/olivier-rihs-archivbild-muk-311x175.jpg 311w, https:\/\/www.markt-kom.com\/wp-content\/uploads\/2025\/02\/olivier-rihs-archivbild-muk-623x350.jpg 623w\" alt=\"\" width=\"996\" height=\"560\" \/><\/a>\r\n<figcaption id=\"caption-attachment-231202\" class=\"wp-caption-text\">(Archivbild)<\/figcaption>\r\n<\/figure>\r\n<p>Olivier Rihs bringt \u00fcber 20 Jahre Erfahrung in der strategischen Weiterentwicklung und Skalierung von Online-Marktpl\u00e4tzen mit. Neben F\u00fchrungsrollen bei Scout24, TX Markets, der Swiss Marketplace Group und Doodle war er in verschiedenen Verwaltungsr\u00e4ten t\u00e4tig. Bei Swiss Activities soll er die Expansion der Plattform begleiten. \u00abOlivier ist ein strategischer Vision\u00e4r und etablierter Deal-Maker, dessen Erfahrung uns enorm bereichern wird\u00bb, sagt Mathias Graf, CEO und Gr\u00fcnder von Swiss Activities.<\/p>\r\n<p>Swiss Activities wurde Ende 2021 gegr\u00fcndet und bietet derzeit \u00fcber 1\u2019900 online buchbare Freizeitaktivit\u00e4ten in der Schweiz an. Rihs sieht grosses Potenzial f\u00fcr weiteres Wachstum: \u00abIch freue mich, meinen Beitrag zu leisten, um das Wachstum weiter zu beschleunigen und gemeinsam mit dem Team eine digitale Plattform zu entwickeln, welche es erlaubt, die gr\u00f6sste Auswahl von Schweizer Freizeitaktivit\u00e4ten online buchbar zu machen.\u00bb<\/p>","protected":false},"excerpt":{"rendered":"<p>Das Travel-Start-up Swiss Activities holt mit Olivier Rihs einen erfahrenen Experten f\u00fcr digitale Marktpl\u00e4tze in den Verwaltungsrat. Der fr\u00fchere CEO von Scout24 und TX Markets soll die Skalierung der Plattform vorantreiben.<\/p>\n","protected":false},"author":8,"featured_media":0,"comment_status":"closed","ping_status":"closed","sticky":false,"template":"","format":"standard","meta":{"_acf_changed":false,"_yoast_wpseo_focuskw":"Olivier Rihs Swiss Activities","_yoast_wpseo_metadesc":"Olivier Rihs tritt dem Verwaltungsrat von Swiss Activities bei, um die Expansion der Buchungsplattform f\u00fcr Freizeitaktivit\u00e4ten voranzutreiben.","articlekey":"","footnotes":""},"categories":[29],"tags":[4345,2853,3014,5144,5145],"class_list":["post-36527","post","type-post","status-publish","format-standard","hentry","category-marketing","tag-business","tag-jobchange","tag-scout24","tag-swiss-activities","tag-tx-markets"],"acf":[],"yoast_head":"<!-- This site is optimized with the Yoast SEO plugin v27.5 - https:\/\/yoast.com\/product\/yoast-seo-wordpress\/ -->\n<title>Olivier Rihs wird Verwaltungsrat bei Swiss Activities - Organisator<\/title>\n<meta name=\"description\" content=\"Olivier Rihs tritt dem Verwaltungsrat von Swiss Activities bei, um die Expansion der Buchungsplattform f\u00fcr Freizeitaktivit\u00e4ten voranzutreiben.\" \/>\n<meta name=\"robots\" content=\"index, follow, max-snippet:-1, max-image-preview:large, max-video-preview:-1\" \/>\n<link rel=\"canonical\" href=\"https:\/\/www.organisator.ch\/de\/marketing\/2025-03-03\/olivier-rihs-wird-verwaltungsrat-bei-swiss-activities\/\" \/>\n<meta property=\"og:locale\" content=\"de_DE\" \/>\n<meta property=\"og:type\" content=\"article\" \/>\n<meta property=\"og:title\" content=\"Olivier Rihs wird Verwaltungsrat bei Swiss Activities - Organisator\" \/>\n<meta property=\"og:description\" content=\"Olivier Rihs tritt dem Verwaltungsrat von Swiss Activities bei, um die Expansion der Buchungsplattform f\u00fcr Freizeitaktivit\u00e4ten voranzutreiben.\" \/>\n<meta property=\"og:url\" content=\"https:\/\/www.organisator.ch\/de\/marketing\/2025-03-03\/olivier-rihs-wird-verwaltungsrat-bei-swiss-activities\/\" \/>\n<meta property=\"og:site_name\" content=\"Organisator\" \/>\n<meta property=\"article:publisher\" content=\"https:\/\/www.facebook.com\/OrganisatorFachmagazin\" \/>\n<meta property=\"article:published_time\" content=\"2025-03-03T06:45:18+00:00\" \/>\n<meta name=\"author\" content=\"galledia\" \/>\n<meta name=\"twitter:card\" content=\"summary_large_image\" \/>\n<meta name=\"twitter:creator\" content=\"@admin\" \/>\n<script type=\"application\/ld+json\" class=\"yoast-schema-graph\">{\"@context\":\"https:\\\/\\\/schema.org\",\"@graph\":[{\"@type\":\"Article\",\"@id\":\"https:\\\/\\\/www.organisator.ch\\\/marketing\\\/2025-03-03\\\/olivier-rihs-wird-verwaltungsrat-bei-swiss-activities\\\/#article\",\"isPartOf\":{\"@id\":\"https:\\\/\\\/www.organisator.ch\\\/marketing\\\/2025-03-03\\\/olivier-rihs-wird-verwaltungsrat-bei-swiss-activities\\\/\"},\"author\":{\"name\":\"galledia\",\"@id\":\"https:\\\/\\\/www.organisator.ch\\\/#\\\/schema\\\/person\\\/4e51799071cd2dd1232ac003643ef5f0\"},\"headline\":\"Olivier Rihs wird Verwaltungsrat bei Swiss Activities\",\"datePublished\":\"2025-03-03T06:45:18+00:00\",\"mainEntityOfPage\":{\"@id\":\"https:\\\/\\\/www.organisator.ch\\\/marketing\\\/2025-03-03\\\/olivier-rihs-wird-verwaltungsrat-bei-swiss-activities\\\/\"},\"wordCount\":144,\"publisher\":{\"@id\":\"https:\\\/\\\/www.organisator.ch\\\/#organization\"},\"image\":{\"@id\":\"https:\\\/\\\/www.organisator.ch\\\/marketing\\\/2025-03-03\\\/olivier-rihs-wird-verwaltungsrat-bei-swiss-activities\\\/#primaryimage\"},\"thumbnailUrl\":\"https:\\\/\\\/www.markt-kom.com\\\/wp-content\\\/uploads\\\/2025\\\/02\\\/olivier-rihs-archivbild-muk.jpg\",\"keywords\":[\"Business\",\"Jobchange\",\"Scout24\",\"Swiss Activities\",\"TX Markets\"],\"articleSection\":[\"MARKETING\"],\"inLanguage\":\"de\"},{\"@type\":\"WebPage\",\"@id\":\"https:\\\/\\\/www.organisator.ch\\\/marketing\\\/2025-03-03\\\/olivier-rihs-wird-verwaltungsrat-bei-swiss-activities\\\/\",\"url\":\"https:\\\/\\\/www.organisator.ch\\\/marketing\\\/2025-03-03\\\/olivier-rihs-wird-verwaltungsrat-bei-swiss-activities\\\/\",\"name\":\"Olivier Rihs wird Verwaltungsrat bei Swiss Activities - Organisator\",\"isPartOf\":{\"@id\":\"https:\\\/\\\/www.organisator.ch\\\/#website\"},\"primaryImageOfPage\":{\"@id\":\"https:\\\/\\\/www.organisator.ch\\\/marketing\\\/2025-03-03\\\/olivier-rihs-wird-verwaltungsrat-bei-swiss-activities\\\/#primaryimage\"},\"image\":{\"@id\":\"https:\\\/\\\/www.organisator.ch\\\/marketing\\\/2025-03-03\\\/olivier-rihs-wird-verwaltungsrat-bei-swiss-activities\\\/#primaryimage\"},\"thumbnailUrl\":\"https:\\\/\\\/www.markt-kom.com\\\/wp-content\\\/uploads\\\/2025\\\/02\\\/olivier-rihs-archivbild-muk.jpg\",\"datePublished\":\"2025-03-03T06:45:18+00:00\",\"description\":\"Olivier Rihs tritt dem Verwaltungsrat von Swiss Activities bei, um die Expansion der Buchungsplattform f\u00fcr Freizeitaktivit\u00e4ten voranzutreiben.\",\"breadcrumb\":{\"@id\":\"https:\\\/\\\/www.organisator.ch\\\/marketing\\\/2025-03-03\\\/olivier-rihs-wird-verwaltungsrat-bei-swiss-activities\\\/#breadcrumb\"},\"inLanguage\":\"de\",\"potentialAction\":[{\"@type\":\"ReadAction\",\"target\":[\"https:\\\/\\\/www.organisator.ch\\\/marketing\\\/2025-03-03\\\/olivier-rihs-wird-verwaltungsrat-bei-swiss-activities\\\/\"]}]},{\"@type\":\"ImageObject\",\"inLanguage\":\"de\",\"@id\":\"https:\\\/\\\/www.organisator.ch\\\/marketing\\\/2025-03-03\\\/olivier-rihs-wird-verwaltungsrat-bei-swiss-activities\\\/#primaryimage\",\"url\":\"https:\\\/\\\/www.markt-kom.com\\\/wp-content\\\/uploads\\\/2025\\\/02\\\/olivier-rihs-archivbild-muk.jpg\",\"contentUrl\":\"https:\\\/\\\/www.markt-kom.com\\\/wp-content\\\/uploads\\\/2025\\\/02\\\/olivier-rihs-archivbild-muk.jpg\"},{\"@type\":\"BreadcrumbList\",\"@id\":\"https:\\\/\\\/www.organisator.ch\\\/marketing\\\/2025-03-03\\\/olivier-rihs-wird-verwaltungsrat-bei-swiss-activities\\\/#breadcrumb\",\"itemListElement\":[{\"@type\":\"ListItem\",\"position\":1,\"name\":\"Home\",\"item\":\"https:\\\/\\\/www.organisator.ch\\\/\"},{\"@type\":\"ListItem\",\"position\":2,\"name\":\"Olivier Rihs wird Verwaltungsrat bei Swiss Activities\"}]},{\"@type\":\"WebSite\",\"@id\":\"https:\\\/\\\/www.organisator.ch\\\/#website\",\"url\":\"https:\\\/\\\/www.organisator.ch\\\/\",\"name\":\"Organisator\",\"description\":\"Kompetent. Praxisnah. Der ORGANISATOR bereitet in 10 Ausgaben pro Jahr die wesentlichen Themen f\u00fcr F\u00fchrungskr\u00e4fte von KMU auf.\",\"publisher\":{\"@id\":\"https:\\\/\\\/www.organisator.ch\\\/#organization\"},\"potentialAction\":[{\"@type\":\"SearchAction\",\"target\":{\"@type\":\"EntryPoint\",\"urlTemplate\":\"https:\\\/\\\/www.organisator.ch\\\/?s={search_term_string}\"},\"query-input\":{\"@type\":\"PropertyValueSpecification\",\"valueRequired\":true,\"valueName\":\"search_term_string\"}}],\"inLanguage\":\"de\"},{\"@type\":\"Organization\",\"@id\":\"https:\\\/\\\/www.organisator.ch\\\/#organization\",\"name\":\"Organisator\",\"url\":\"https:\\\/\\\/www.organisator.ch\\\/\",\"logo\":{\"@type\":\"ImageObject\",\"inLanguage\":\"de\",\"@id\":\"https:\\\/\\\/www.organisator.ch\\\/#\\\/schema\\\/logo\\\/image\\\/\",\"url\":\"https:\\\/\\\/www.organisator.ch\\\/wp-content\\\/uploads\\\/2022\\\/01\\\/Logo_Organisator_Website.png\",\"contentUrl\":\"https:\\\/\\\/www.organisator.ch\\\/wp-content\\\/uploads\\\/2022\\\/01\\\/Logo_Organisator_Website.png\",\"width\":800,\"height\":77,\"caption\":\"Organisator\"},\"image\":{\"@id\":\"https:\\\/\\\/www.organisator.ch\\\/#\\\/schema\\\/logo\\\/image\\\/\"},\"sameAs\":[\"https:\\\/\\\/www.facebook.com\\\/OrganisatorFachmagazin\",\"https:\\\/\\\/www.linkedin.com\\\/showcase\\\/organisator-das-magazin-fr-kmu\",\"https:\\\/\\\/www.xing.com\\\/news\\\/pages\\\/organisator-ch-695\",\"https:\\\/\\\/www.youtube.com\\\/channel\\\/UCGP2Sq0iWaZwT3BdIAQFYpw\"]},{\"@type\":\"Person\",\"@id\":\"https:\\\/\\\/www.organisator.ch\\\/#\\\/schema\\\/person\\\/4e51799071cd2dd1232ac003643ef5f0\",\"name\":\"galledia\",\"image\":{\"@type\":\"ImageObject\",\"inLanguage\":\"de\",\"@id\":\"https:\\\/\\\/secure.gravatar.com\\\/avatar\\\/78a7f90c01fc2bfc875782a0d4922b37cde2cf184ce347b91316d23cd7f69a36?s=96&d=mm&r=g\",\"url\":\"https:\\\/\\\/secure.gravatar.com\\\/avatar\\\/78a7f90c01fc2bfc875782a0d4922b37cde2cf184ce347b91316d23cd7f69a36?s=96&d=mm&r=g\",\"contentUrl\":\"https:\\\/\\\/secure.gravatar.com\\\/avatar\\\/78a7f90c01fc2bfc875782a0d4922b37cde2cf184ce347b91316d23cd7f69a36?s=96&d=mm&r=g\",\"caption\":\"galledia\"},\"sameAs\":[\"https:\\\/\\\/x.com\\\/admin\"],\"url\":\"https:\\\/\\\/www.organisator.ch\\\/de\\\/author\\\/galledia\\\/\"}]}<\/script>\n<!-- \/ Yoast SEO plugin. -->","yoast_head_json":{"title":"Olivier Rihs wird Verwaltungsrat bei Swiss Activities - Organisator","description":"Olivier Rihs tritt dem Verwaltungsrat von Swiss Activities bei, um die Expansion der Buchungsplattform f\u00fcr Freizeitaktivit\u00e4ten voranzutreiben.","robots":{"index":"index","follow":"follow","max-snippet":"max-snippet:-1","max-image-preview":"max-image-preview:large","max-video-preview":"max-video-preview:-1"},"canonical":"https:\/\/www.organisator.ch\/de\/marketing\/2025-03-03\/olivier-rihs-wird-verwaltungsrat-bei-swiss-activities\/","og_locale":"de_DE","og_type":"article","og_title":"Olivier Rihs wird Verwaltungsrat bei Swiss Activities - Organisator","og_description":"Olivier Rihs tritt dem Verwaltungsrat von Swiss Activities bei, um die Expansion der Buchungsplattform f\u00fcr Freizeitaktivit\u00e4ten voranzutreiben.","og_url":"https:\/\/www.organisator.ch\/de\/marketing\/2025-03-03\/olivier-rihs-wird-verwaltungsrat-bei-swiss-activities\/","og_site_name":"Organisator","article_publisher":"https:\/\/www.facebook.com\/OrganisatorFachmagazin","article_published_time":"2025-03-03T06:45:18+00:00","author":"galledia","twitter_card":"summary_large_image","twitter_creator":"@admin","schema":{"@context":"https:\/\/schema.org","@graph":[{"@type":"Article","@id":"https:\/\/www.organisator.ch\/marketing\/2025-03-03\/olivier-rihs-wird-verwaltungsrat-bei-swiss-activities\/#article","isPartOf":{"@id":"https:\/\/www.organisator.ch\/marketing\/2025-03-03\/olivier-rihs-wird-verwaltungsrat-bei-swiss-activities\/"},"author":{"name":"galledia","@id":"https:\/\/www.organisator.ch\/#\/schema\/person\/4e51799071cd2dd1232ac003643ef5f0"},"headline":"Olivier Rihs wird Verwaltungsrat bei Swiss Activities","datePublished":"2025-03-03T06:45:18+00:00","mainEntityOfPage":{"@id":"https:\/\/www.organisator.ch\/marketing\/2025-03-03\/olivier-rihs-wird-verwaltungsrat-bei-swiss-activities\/"},"wordCount":144,"publisher":{"@id":"https:\/\/www.organisator.ch\/#organization"},"image":{"@id":"https:\/\/www.organisator.ch\/marketing\/2025-03-03\/olivier-rihs-wird-verwaltungsrat-bei-swiss-activities\/#primaryimage"},"thumbnailUrl":"https:\/\/www.markt-kom.com\/wp-content\/uploads\/2025\/02\/olivier-rihs-archivbild-muk.jpg","keywords":["Business","Jobchange","Scout24","Swiss Activities","TX Markets"],"articleSection":["MARKETING"],"inLanguage":"de"},{"@type":"WebPage","@id":"https:\/\/www.organisator.ch\/marketing\/2025-03-03\/olivier-rihs-wird-verwaltungsrat-bei-swiss-activities\/","url":"https:\/\/www.organisator.ch\/marketing\/2025-03-03\/olivier-rihs-wird-verwaltungsrat-bei-swiss-activities\/","name":"Olivier Rihs wird Verwaltungsrat bei Swiss Activities - Organisator","isPartOf":{"@id":"https:\/\/www.organisator.ch\/#website"},"primaryImageOfPage":{"@id":"https:\/\/www.organisator.ch\/marketing\/2025-03-03\/olivier-rihs-wird-verwaltungsrat-bei-swiss-activities\/#primaryimage"},"image":{"@id":"https:\/\/www.organisator.ch\/marketing\/2025-03-03\/olivier-rihs-wird-verwaltungsrat-bei-swiss-activities\/#primaryimage"},"thumbnailUrl":"https:\/\/www.markt-kom.com\/wp-content\/uploads\/2025\/02\/olivier-rihs-archivbild-muk.jpg","datePublished":"2025-03-03T06:45:18+00:00","description":"Olivier Rihs tritt dem Verwaltungsrat von Swiss Activities bei, um die Expansion der Buchungsplattform f\u00fcr Freizeitaktivit\u00e4ten voranzutreiben.","breadcrumb":{"@id":"https:\/\/www.organisator.ch\/marketing\/2025-03-03\/olivier-rihs-wird-verwaltungsrat-bei-swiss-activities\/#breadcrumb"},"inLanguage":"de","potentialAction":[{"@type":"ReadAction","target":["https:\/\/www.organisator.ch\/marketing\/2025-03-03\/olivier-rihs-wird-verwaltungsrat-bei-swiss-activities\/"]}]},{"@type":"ImageObject","inLanguage":"de","@id":"https:\/\/www.organisator.ch\/marketing\/2025-03-03\/olivier-rihs-wird-verwaltungsrat-bei-swiss-activities\/#primaryimage","url":"https:\/\/www.markt-kom.com\/wp-content\/uploads\/2025\/02\/olivier-rihs-archivbild-muk.jpg","contentUrl":"https:\/\/www.markt-kom.com\/wp-content\/uploads\/2025\/02\/olivier-rihs-archivbild-muk.jpg"},{"@type":"BreadcrumbList","@id":"https:\/\/www.organisator.ch\/marketing\/2025-03-03\/olivier-rihs-wird-verwaltungsrat-bei-swiss-activities\/#breadcrumb","itemListElement":[{"@type":"ListItem","position":1,"name":"Home","item":"https:\/\/www.organisator.ch\/"},{"@type":"ListItem","position":2,"name":"Olivier Rihs wird Verwaltungsrat bei Swiss Activities"}]},{"@type":"WebSite","@id":"https:\/\/www.organisator.ch\/#website","url":"https:\/\/www.organisator.ch\/","name":"Organisator","description":"Kompetent. Praxisnah. Der ORGANISATOR bereitet in 10 Ausgaben pro Jahr die wesentlichen Themen f\u00fcr F\u00fchrungskr\u00e4fte von KMU auf.","publisher":{"@id":"https:\/\/www.organisator.ch\/#organization"},"potentialAction":[{"@type":"SearchAction","target":{"@type":"EntryPoint","urlTemplate":"https:\/\/www.organisator.ch\/?s={search_term_string}"},"query-input":{"@type":"PropertyValueSpecification","valueRequired":true,"valueName":"search_term_string"}}],"inLanguage":"de"},{"@type":"Organization","@id":"https:\/\/www.organisator.ch\/#organization","name":"Organisator","url":"https:\/\/www.organisator.ch\/","logo":{"@type":"ImageObject","inLanguage":"de","@id":"https:\/\/www.organisator.ch\/#\/schema\/logo\/image\/","url":"https:\/\/www.organisator.ch\/wp-content\/uploads\/2022\/01\/Logo_Organisator_Website.png","contentUrl":"https:\/\/www.organisator.ch\/wp-content\/uploads\/2022\/01\/Logo_Organisator_Website.png","width":800,"height":77,"caption":"Organisator"},"image":{"@id":"https:\/\/www.organisator.ch\/#\/schema\/logo\/image\/"},"sameAs":["https:\/\/www.facebook.com\/OrganisatorFachmagazin","https:\/\/www.linkedin.com\/showcase\/organisator-das-magazin-fr-kmu","https:\/\/www.xing.com\/news\/pages\/organisator-ch-695","https:\/\/www.youtube.com\/channel\/UCGP2Sq0iWaZwT3BdIAQFYpw"]},{"@type":"Person","@id":"https:\/\/www.organisator.ch\/#\/schema\/person\/4e51799071cd2dd1232ac003643ef5f0","name":"galledia","image":{"@type":"ImageObject","inLanguage":"de","@id":"https:\/\/secure.gravatar.com\/avatar\/78a7f90c01fc2bfc875782a0d4922b37cde2cf184ce347b91316d23cd7f69a36?s=96&d=mm&r=g","url":"https:\/\/secure.gravatar.com\/avatar\/78a7f90c01fc2bfc875782a0d4922b37cde2cf184ce347b91316d23cd7f69a36?s=96&d=mm&r=g","contentUrl":"https:\/\/secure.gravatar.com\/avatar\/78a7f90c01fc2bfc875782a0d4922b37cde2cf184ce347b91316d23cd7f69a36?s=96&d=mm&r=g","caption":"galledia"},"sameAs":["https:\/\/x.com\/admin"],"url":"https:\/\/www.organisator.ch\/de\/author\/galledia\/"}]}},"_links":{"self":[{"href":"https:\/\/www.organisator.ch\/de\/wp-json\/wp\/v2\/posts\/36527","targetHints":{"allow":["GET"]}}],"collection":[{"href":"https:\/\/www.organisator.ch\/de\/wp-json\/wp\/v2\/posts"}],"about":[{"href":"https:\/\/www.organisator.ch\/de\/wp-json\/wp\/v2\/types\/post"}],"author":[{"embeddable":true,"href":"https:\/\/www.organisator.ch\/de\/wp-json\/wp\/v2\/users\/8"}],"replies":[{"embeddable":true,"href":"https:\/\/www.organisator.ch\/de\/wp-json\/wp\/v2\/comments?post=36527"}],"version-history":[{"count":4,"href":"https:\/\/www.organisator.ch\/de\/wp-json\/wp\/v2\/posts\/36527\/revisions"}],"predecessor-version":[{"id":36551,"href":"https:\/\/www.organisator.ch\/de\/wp-json\/wp\/v2\/posts\/36527\/revisions\/36551"}],"wp:attachment":[{"href":"https:\/\/www.organisator.ch\/de\/wp-json\/wp\/v2\/media?parent=36527"}],"wp:term":[{"taxonomy":"category","embeddable":true,"href":"https:\/\/www.organisator.ch\/de\/wp-json\/wp\/v2\/categories?post=36527"},{"taxonomy":"post_tag","embeddable":true,"href":"https:\/\/www.organisator.ch\/de\/wp-json\/wp\/v2\/tags?post=36527"}],"curies":[{"name":"wp","href":"https:\/\/api.w.org\/{rel}","templated":true}]}}