{"id":36537,"date":"2025-03-03T08:11:45","date_gmt":"2025-03-03T07:11:45","guid":{"rendered":"https:\/\/www.markt-kom.com\/?p=231196"},"modified":"2025-03-03T07:40:19","modified_gmt":"2025-03-03T06:40:19","slug":"verstaerkung-fuer-june-im-bereich-storytelling-und-nachhaltigkeitskommunikation","status":"publish","type":"post","link":"https:\/\/www.organisator.ch\/de\/marketing\/2025-03-03\/verstaerkung-fuer-june-im-bereich-storytelling-und-nachhaltigkeitskommunikation\/","title":{"rendered":"Verst\u00e4rkung f\u00fcr June im Bereich Storytelling und Nachhaltigkeitskommunikation"},"content":{"rendered":"<figure id=\"attachment_231198\" class=\"wp-caption aligncenter\" style=\"width: 1200px;\" aria-describedby=\"caption-attachment-231198\"><a href=\"https:\/\/www.markt-kom.com\/wp-content\/uploads\/2025\/02\/JUNE_Meroni-Gutierrez-Neu.jpg\"><img class=\"size-full wp-image-231198\" src=\"https:\/\/www.markt-kom.com\/wp-content\/uploads\/2025\/02\/JUNE_Meroni-Gutierrez-Neu.jpg\" sizes=\"(max-width: 1200px) 100vw, 1200px\" srcset=\"https:\/\/www.markt-kom.com\/wp-content\/uploads\/2025\/02\/JUNE_Meroni-Gutierrez-Neu.jpg 1200w, https:\/\/www.markt-kom.com\/wp-content\/uploads\/2025\/02\/JUNE_Meroni-Gutierrez-Neu-600x450.jpg 600w, https:\/\/www.markt-kom.com\/wp-content\/uploads\/2025\/02\/JUNE_Meroni-Gutierrez-Neu-1024x768.jpg 1024w, https:\/\/www.markt-kom.com\/wp-content\/uploads\/2025\/02\/JUNE_Meroni-Gutierrez-Neu-768x576.jpg 768w, https:\/\/www.markt-kom.com\/wp-content\/uploads\/2025\/02\/JUNE_Meroni-Gutierrez-Neu-16x12.jpg 16w, https:\/\/www.markt-kom.com\/wp-content\/uploads\/2025\/02\/JUNE_Meroni-Gutierrez-Neu-233x175.jpg 233w, https:\/\/www.markt-kom.com\/wp-content\/uploads\/2025\/02\/JUNE_Meroni-Gutierrez-Neu-467x350.jpg 467w, https:\/\/www.markt-kom.com\/wp-content\/uploads\/2025\/02\/JUNE_Meroni-Gutierrez-Neu-1000x750.jpg 1000w\" alt=\"\" width=\"1200\" height=\"900\" \/><\/a>\r\n<figcaption id=\"caption-attachment-231198\" class=\"wp-caption-text\">(Bild: zVg.)<\/figcaption>\r\n<\/figure>\r\n<p>Marco Meroni bringt Erfahrung aus Medienarbeit, Unternehmenskommunikation und PR mit. Zuletzt war er Creative Director PR bei Jung von Matt Limmat, zuvor leitete er das Team Amplification bei Rod Kommunikation. \u00abJune hat sich als dynamische Agentur etabliert, die Strategie, Kreativit\u00e4t und Technologie vereint \u2013 ein Ansatz, der mich begeistert\u00bb, sagt Meroni.<\/p>\r\n<p>Sara Gutierrez-Osmani erg\u00e4nzt das Team mit ihrer Expertise in Nachhaltigkeitskommunikation. Sie war zuvor bei Migros t\u00e4tig und verantwortete dort interne sowie externe Kommunikationsprojekte im Bereich Nachhaltigkeit und gesellschaftliches Engagement. \u00abNachhaltigkeit ist nicht nur ein Trend, sondern eine Notwendigkeit und Bestandteil der meisten Kommunikationsprojekte\u00bb, betont sie. Zuvor arbeitete sie bei Too Good To Go und in verschiedenen Agenturen.<\/p>\r\n<p>Mit den neuen Teammitgliedern will June ihre Kund:innen noch gezielter in Transformationsprozessen begleiten. Co-Gr\u00fcnderin Nathalie Eggen sagt: \u00abMit Sara und Marco gewinnen wir zwei herausragende Pers\u00f6nlichkeiten, die unser Leistungsspektrum ideal erg\u00e4nzen.\u00bb Der bisherige Co-Lead C\u00e9dric Baumgartner verl\u00e4sst die Agentur.<\/p>","protected":false},"excerpt":{"rendered":"<p>Die Z\u00fcrcher Agentur June baut ihre Beratungskompetenz in kreativem Storytelling und Nachhaltigkeitskommunikation aus. Marco Meroni \u00fcbernimmt die Co-Leitung mit Nathalie Eggen, Sara Gutierrez-Osmani st\u00f6sst als Senior Beraterin hinzu.<\/p>\n","protected":false},"author":8,"featured_media":0,"comment_status":"closed","ping_status":"closed","sticky":false,"template":"","format":"standard","meta":{"_acf_changed":false,"_yoast_wpseo_focuskw":"June Agentur Storytelling","_yoast_wpseo_metadesc":"Die Z\u00fcrcher Agentur June st\u00e4rkt ihre Storytelling- und Nachhaltigkeitsberatung mit Marco Meroni als Co-Leiter und Sara Gutierrez-Osmani als Senior Beraterin.","articlekey":"","footnotes":""},"categories":[29],"tags":[4345,2853,5146],"class_list":["post-36537","post","type-post","status-publish","format-standard","hentry","category-marketing","tag-business","tag-jobchange","tag-jung-von-matt-june"],"acf":[],"yoast_head":"<!-- This site is optimized with the Yoast SEO plugin v27.4 - https:\/\/yoast.com\/product\/yoast-seo-wordpress\/ -->\n<title>Verst\u00e4rkung f\u00fcr June im Bereich Storytelling und Nachhaltigkeitskommunikation - Organisator<\/title>\n<meta name=\"description\" content=\"Die Z\u00fcrcher Agentur June st\u00e4rkt ihre Storytelling- und Nachhaltigkeitsberatung mit Marco Meroni als Co-Leiter und Sara Gutierrez-Osmani als Senior Beraterin.\" \/>\n<meta name=\"robots\" content=\"index, follow, max-snippet:-1, max-image-preview:large, max-video-preview:-1\" \/>\n<link rel=\"canonical\" href=\"https:\/\/www.organisator.ch\/de\/marketing\/2025-03-03\/verstaerkung-fuer-june-im-bereich-storytelling-und-nachhaltigkeitskommunikation\/\" \/>\n<meta property=\"og:locale\" content=\"de_DE\" \/>\n<meta property=\"og:type\" content=\"article\" \/>\n<meta property=\"og:title\" content=\"Verst\u00e4rkung f\u00fcr June im Bereich Storytelling und Nachhaltigkeitskommunikation - Organisator\" \/>\n<meta property=\"og:description\" content=\"Die Z\u00fcrcher Agentur June st\u00e4rkt ihre Storytelling- und Nachhaltigkeitsberatung mit Marco Meroni als Co-Leiter und Sara Gutierrez-Osmani als Senior Beraterin.\" \/>\n<meta property=\"og:url\" content=\"https:\/\/www.organisator.ch\/de\/marketing\/2025-03-03\/verstaerkung-fuer-june-im-bereich-storytelling-und-nachhaltigkeitskommunikation\/\" \/>\n<meta property=\"og:site_name\" content=\"Organisator\" \/>\n<meta property=\"article:publisher\" content=\"https:\/\/www.facebook.com\/OrganisatorFachmagazin\" \/>\n<meta property=\"article:published_time\" content=\"2025-03-03T07:11:45+00:00\" \/>\n<meta name=\"author\" content=\"galledia\" \/>\n<meta name=\"twitter:card\" content=\"summary_large_image\" \/>\n<meta name=\"twitter:creator\" content=\"@admin\" \/>\n<script type=\"application\/ld+json\" class=\"yoast-schema-graph\">{\"@context\":\"https:\\\/\\\/schema.org\",\"@graph\":[{\"@type\":\"Article\",\"@id\":\"https:\\\/\\\/www.organisator.ch\\\/marketing\\\/2025-03-03\\\/verstaerkung-fuer-june-im-bereich-storytelling-und-nachhaltigkeitskommunikation\\\/#article\",\"isPartOf\":{\"@id\":\"https:\\\/\\\/www.organisator.ch\\\/marketing\\\/2025-03-03\\\/verstaerkung-fuer-june-im-bereich-storytelling-und-nachhaltigkeitskommunikation\\\/\"},\"author\":{\"name\":\"galledia\",\"@id\":\"https:\\\/\\\/www.organisator.ch\\\/#\\\/schema\\\/person\\\/4e51799071cd2dd1232ac003643ef5f0\"},\"headline\":\"Verst\u00e4rkung f\u00fcr June im Bereich Storytelling und Nachhaltigkeitskommunikation\",\"datePublished\":\"2025-03-03T07:11:45+00:00\",\"mainEntityOfPage\":{\"@id\":\"https:\\\/\\\/www.organisator.ch\\\/marketing\\\/2025-03-03\\\/verstaerkung-fuer-june-im-bereich-storytelling-und-nachhaltigkeitskommunikation\\\/\"},\"wordCount\":167,\"publisher\":{\"@id\":\"https:\\\/\\\/www.organisator.ch\\\/#organization\"},\"image\":{\"@id\":\"https:\\\/\\\/www.organisator.ch\\\/marketing\\\/2025-03-03\\\/verstaerkung-fuer-june-im-bereich-storytelling-und-nachhaltigkeitskommunikation\\\/#primaryimage\"},\"thumbnailUrl\":\"https:\\\/\\\/www.markt-kom.com\\\/wp-content\\\/uploads\\\/2025\\\/02\\\/JUNE_Meroni-Gutierrez-Neu.jpg\",\"keywords\":[\"Business\",\"Jobchange\",\"Jung von Matt June\"],\"articleSection\":[\"MARKETING\"],\"inLanguage\":\"de\"},{\"@type\":\"WebPage\",\"@id\":\"https:\\\/\\\/www.organisator.ch\\\/marketing\\\/2025-03-03\\\/verstaerkung-fuer-june-im-bereich-storytelling-und-nachhaltigkeitskommunikation\\\/\",\"url\":\"https:\\\/\\\/www.organisator.ch\\\/marketing\\\/2025-03-03\\\/verstaerkung-fuer-june-im-bereich-storytelling-und-nachhaltigkeitskommunikation\\\/\",\"name\":\"Verst\u00e4rkung f\u00fcr June im Bereich Storytelling und Nachhaltigkeitskommunikation - Organisator\",\"isPartOf\":{\"@id\":\"https:\\\/\\\/www.organisator.ch\\\/#website\"},\"primaryImageOfPage\":{\"@id\":\"https:\\\/\\\/www.organisator.ch\\\/marketing\\\/2025-03-03\\\/verstaerkung-fuer-june-im-bereich-storytelling-und-nachhaltigkeitskommunikation\\\/#primaryimage\"},\"image\":{\"@id\":\"https:\\\/\\\/www.organisator.ch\\\/marketing\\\/2025-03-03\\\/verstaerkung-fuer-june-im-bereich-storytelling-und-nachhaltigkeitskommunikation\\\/#primaryimage\"},\"thumbnailUrl\":\"https:\\\/\\\/www.markt-kom.com\\\/wp-content\\\/uploads\\\/2025\\\/02\\\/JUNE_Meroni-Gutierrez-Neu.jpg\",\"datePublished\":\"2025-03-03T07:11:45+00:00\",\"description\":\"Die Z\u00fcrcher Agentur June st\u00e4rkt ihre Storytelling- und Nachhaltigkeitsberatung mit Marco Meroni als Co-Leiter und Sara Gutierrez-Osmani als Senior Beraterin.\",\"breadcrumb\":{\"@id\":\"https:\\\/\\\/www.organisator.ch\\\/marketing\\\/2025-03-03\\\/verstaerkung-fuer-june-im-bereich-storytelling-und-nachhaltigkeitskommunikation\\\/#breadcrumb\"},\"inLanguage\":\"de\",\"potentialAction\":[{\"@type\":\"ReadAction\",\"target\":[\"https:\\\/\\\/www.organisator.ch\\\/marketing\\\/2025-03-03\\\/verstaerkung-fuer-june-im-bereich-storytelling-und-nachhaltigkeitskommunikation\\\/\"]}]},{\"@type\":\"ImageObject\",\"inLanguage\":\"de\",\"@id\":\"https:\\\/\\\/www.organisator.ch\\\/marketing\\\/2025-03-03\\\/verstaerkung-fuer-june-im-bereich-storytelling-und-nachhaltigkeitskommunikation\\\/#primaryimage\",\"url\":\"https:\\\/\\\/www.markt-kom.com\\\/wp-content\\\/uploads\\\/2025\\\/02\\\/JUNE_Meroni-Gutierrez-Neu.jpg\",\"contentUrl\":\"https:\\\/\\\/www.markt-kom.com\\\/wp-content\\\/uploads\\\/2025\\\/02\\\/JUNE_Meroni-Gutierrez-Neu.jpg\"},{\"@type\":\"BreadcrumbList\",\"@id\":\"https:\\\/\\\/www.organisator.ch\\\/marketing\\\/2025-03-03\\\/verstaerkung-fuer-june-im-bereich-storytelling-und-nachhaltigkeitskommunikation\\\/#breadcrumb\",\"itemListElement\":[{\"@type\":\"ListItem\",\"position\":1,\"name\":\"Home\",\"item\":\"https:\\\/\\\/www.organisator.ch\\\/\"},{\"@type\":\"ListItem\",\"position\":2,\"name\":\"Verst\u00e4rkung f\u00fcr June im Bereich Storytelling und Nachhaltigkeitskommunikation\"}]},{\"@type\":\"WebSite\",\"@id\":\"https:\\\/\\\/www.organisator.ch\\\/#website\",\"url\":\"https:\\\/\\\/www.organisator.ch\\\/\",\"name\":\"Organisator\",\"description\":\"Kompetent. Praxisnah. Der ORGANISATOR bereitet in 10 Ausgaben pro Jahr die wesentlichen Themen f\u00fcr F\u00fchrungskr\u00e4fte von KMU auf.\",\"publisher\":{\"@id\":\"https:\\\/\\\/www.organisator.ch\\\/#organization\"},\"potentialAction\":[{\"@type\":\"SearchAction\",\"target\":{\"@type\":\"EntryPoint\",\"urlTemplate\":\"https:\\\/\\\/www.organisator.ch\\\/?s={search_term_string}\"},\"query-input\":{\"@type\":\"PropertyValueSpecification\",\"valueRequired\":true,\"valueName\":\"search_term_string\"}}],\"inLanguage\":\"de\"},{\"@type\":\"Organization\",\"@id\":\"https:\\\/\\\/www.organisator.ch\\\/#organization\",\"name\":\"Organisator\",\"url\":\"https:\\\/\\\/www.organisator.ch\\\/\",\"logo\":{\"@type\":\"ImageObject\",\"inLanguage\":\"de\",\"@id\":\"https:\\\/\\\/www.organisator.ch\\\/#\\\/schema\\\/logo\\\/image\\\/\",\"url\":\"https:\\\/\\\/www.organisator.ch\\\/wp-content\\\/uploads\\\/2022\\\/01\\\/Logo_Organisator_Website.png\",\"contentUrl\":\"https:\\\/\\\/www.organisator.ch\\\/wp-content\\\/uploads\\\/2022\\\/01\\\/Logo_Organisator_Website.png\",\"width\":800,\"height\":77,\"caption\":\"Organisator\"},\"image\":{\"@id\":\"https:\\\/\\\/www.organisator.ch\\\/#\\\/schema\\\/logo\\\/image\\\/\"},\"sameAs\":[\"https:\\\/\\\/www.facebook.com\\\/OrganisatorFachmagazin\",\"https:\\\/\\\/www.linkedin.com\\\/showcase\\\/organisator-das-magazin-fr-kmu\",\"https:\\\/\\\/www.xing.com\\\/news\\\/pages\\\/organisator-ch-695\",\"https:\\\/\\\/www.youtube.com\\\/channel\\\/UCGP2Sq0iWaZwT3BdIAQFYpw\"]},{\"@type\":\"Person\",\"@id\":\"https:\\\/\\\/www.organisator.ch\\\/#\\\/schema\\\/person\\\/4e51799071cd2dd1232ac003643ef5f0\",\"name\":\"galledia\",\"image\":{\"@type\":\"ImageObject\",\"inLanguage\":\"de\",\"@id\":\"https:\\\/\\\/secure.gravatar.com\\\/avatar\\\/78a7f90c01fc2bfc875782a0d4922b37cde2cf184ce347b91316d23cd7f69a36?s=96&d=mm&r=g\",\"url\":\"https:\\\/\\\/secure.gravatar.com\\\/avatar\\\/78a7f90c01fc2bfc875782a0d4922b37cde2cf184ce347b91316d23cd7f69a36?s=96&d=mm&r=g\",\"contentUrl\":\"https:\\\/\\\/secure.gravatar.com\\\/avatar\\\/78a7f90c01fc2bfc875782a0d4922b37cde2cf184ce347b91316d23cd7f69a36?s=96&d=mm&r=g\",\"caption\":\"galledia\"},\"sameAs\":[\"https:\\\/\\\/x.com\\\/admin\"],\"url\":\"https:\\\/\\\/www.organisator.ch\\\/de\\\/author\\\/galledia\\\/\"}]}<\/script>\n<!-- \/ Yoast SEO plugin. -->","yoast_head_json":{"title":"Verst\u00e4rkung f\u00fcr June im Bereich Storytelling und Nachhaltigkeitskommunikation - Organisator","description":"Die Z\u00fcrcher Agentur June st\u00e4rkt ihre Storytelling- und Nachhaltigkeitsberatung mit Marco Meroni als Co-Leiter und Sara Gutierrez-Osmani als Senior Beraterin.","robots":{"index":"index","follow":"follow","max-snippet":"max-snippet:-1","max-image-preview":"max-image-preview:large","max-video-preview":"max-video-preview:-1"},"canonical":"https:\/\/www.organisator.ch\/de\/marketing\/2025-03-03\/verstaerkung-fuer-june-im-bereich-storytelling-und-nachhaltigkeitskommunikation\/","og_locale":"de_DE","og_type":"article","og_title":"Verst\u00e4rkung f\u00fcr June im Bereich Storytelling und Nachhaltigkeitskommunikation - Organisator","og_description":"Die Z\u00fcrcher Agentur June st\u00e4rkt ihre Storytelling- und Nachhaltigkeitsberatung mit Marco Meroni als Co-Leiter und Sara Gutierrez-Osmani als Senior Beraterin.","og_url":"https:\/\/www.organisator.ch\/de\/marketing\/2025-03-03\/verstaerkung-fuer-june-im-bereich-storytelling-und-nachhaltigkeitskommunikation\/","og_site_name":"Organisator","article_publisher":"https:\/\/www.facebook.com\/OrganisatorFachmagazin","article_published_time":"2025-03-03T07:11:45+00:00","author":"galledia","twitter_card":"summary_large_image","twitter_creator":"@admin","schema":{"@context":"https:\/\/schema.org","@graph":[{"@type":"Article","@id":"https:\/\/www.organisator.ch\/marketing\/2025-03-03\/verstaerkung-fuer-june-im-bereich-storytelling-und-nachhaltigkeitskommunikation\/#article","isPartOf":{"@id":"https:\/\/www.organisator.ch\/marketing\/2025-03-03\/verstaerkung-fuer-june-im-bereich-storytelling-und-nachhaltigkeitskommunikation\/"},"author":{"name":"galledia","@id":"https:\/\/www.organisator.ch\/#\/schema\/person\/4e51799071cd2dd1232ac003643ef5f0"},"headline":"Verst\u00e4rkung f\u00fcr June im Bereich Storytelling und Nachhaltigkeitskommunikation","datePublished":"2025-03-03T07:11:45+00:00","mainEntityOfPage":{"@id":"https:\/\/www.organisator.ch\/marketing\/2025-03-03\/verstaerkung-fuer-june-im-bereich-storytelling-und-nachhaltigkeitskommunikation\/"},"wordCount":167,"publisher":{"@id":"https:\/\/www.organisator.ch\/#organization"},"image":{"@id":"https:\/\/www.organisator.ch\/marketing\/2025-03-03\/verstaerkung-fuer-june-im-bereich-storytelling-und-nachhaltigkeitskommunikation\/#primaryimage"},"thumbnailUrl":"https:\/\/www.markt-kom.com\/wp-content\/uploads\/2025\/02\/JUNE_Meroni-Gutierrez-Neu.jpg","keywords":["Business","Jobchange","Jung von Matt June"],"articleSection":["MARKETING"],"inLanguage":"de"},{"@type":"WebPage","@id":"https:\/\/www.organisator.ch\/marketing\/2025-03-03\/verstaerkung-fuer-june-im-bereich-storytelling-und-nachhaltigkeitskommunikation\/","url":"https:\/\/www.organisator.ch\/marketing\/2025-03-03\/verstaerkung-fuer-june-im-bereich-storytelling-und-nachhaltigkeitskommunikation\/","name":"Verst\u00e4rkung f\u00fcr June im Bereich Storytelling und Nachhaltigkeitskommunikation - Organisator","isPartOf":{"@id":"https:\/\/www.organisator.ch\/#website"},"primaryImageOfPage":{"@id":"https:\/\/www.organisator.ch\/marketing\/2025-03-03\/verstaerkung-fuer-june-im-bereich-storytelling-und-nachhaltigkeitskommunikation\/#primaryimage"},"image":{"@id":"https:\/\/www.organisator.ch\/marketing\/2025-03-03\/verstaerkung-fuer-june-im-bereich-storytelling-und-nachhaltigkeitskommunikation\/#primaryimage"},"thumbnailUrl":"https:\/\/www.markt-kom.com\/wp-content\/uploads\/2025\/02\/JUNE_Meroni-Gutierrez-Neu.jpg","datePublished":"2025-03-03T07:11:45+00:00","description":"Die Z\u00fcrcher Agentur June st\u00e4rkt ihre Storytelling- und Nachhaltigkeitsberatung mit Marco Meroni als Co-Leiter und Sara Gutierrez-Osmani als Senior Beraterin.","breadcrumb":{"@id":"https:\/\/www.organisator.ch\/marketing\/2025-03-03\/verstaerkung-fuer-june-im-bereich-storytelling-und-nachhaltigkeitskommunikation\/#breadcrumb"},"inLanguage":"de","potentialAction":[{"@type":"ReadAction","target":["https:\/\/www.organisator.ch\/marketing\/2025-03-03\/verstaerkung-fuer-june-im-bereich-storytelling-und-nachhaltigkeitskommunikation\/"]}]},{"@type":"ImageObject","inLanguage":"de","@id":"https:\/\/www.organisator.ch\/marketing\/2025-03-03\/verstaerkung-fuer-june-im-bereich-storytelling-und-nachhaltigkeitskommunikation\/#primaryimage","url":"https:\/\/www.markt-kom.com\/wp-content\/uploads\/2025\/02\/JUNE_Meroni-Gutierrez-Neu.jpg","contentUrl":"https:\/\/www.markt-kom.com\/wp-content\/uploads\/2025\/02\/JUNE_Meroni-Gutierrez-Neu.jpg"},{"@type":"BreadcrumbList","@id":"https:\/\/www.organisator.ch\/marketing\/2025-03-03\/verstaerkung-fuer-june-im-bereich-storytelling-und-nachhaltigkeitskommunikation\/#breadcrumb","itemListElement":[{"@type":"ListItem","position":1,"name":"Home","item":"https:\/\/www.organisator.ch\/"},{"@type":"ListItem","position":2,"name":"Verst\u00e4rkung f\u00fcr June im Bereich Storytelling und Nachhaltigkeitskommunikation"}]},{"@type":"WebSite","@id":"https:\/\/www.organisator.ch\/#website","url":"https:\/\/www.organisator.ch\/","name":"Organisator","description":"Kompetent. Praxisnah. Der ORGANISATOR bereitet in 10 Ausgaben pro Jahr die wesentlichen Themen f\u00fcr F\u00fchrungskr\u00e4fte von KMU auf.","publisher":{"@id":"https:\/\/www.organisator.ch\/#organization"},"potentialAction":[{"@type":"SearchAction","target":{"@type":"EntryPoint","urlTemplate":"https:\/\/www.organisator.ch\/?s={search_term_string}"},"query-input":{"@type":"PropertyValueSpecification","valueRequired":true,"valueName":"search_term_string"}}],"inLanguage":"de"},{"@type":"Organization","@id":"https:\/\/www.organisator.ch\/#organization","name":"Organisator","url":"https:\/\/www.organisator.ch\/","logo":{"@type":"ImageObject","inLanguage":"de","@id":"https:\/\/www.organisator.ch\/#\/schema\/logo\/image\/","url":"https:\/\/www.organisator.ch\/wp-content\/uploads\/2022\/01\/Logo_Organisator_Website.png","contentUrl":"https:\/\/www.organisator.ch\/wp-content\/uploads\/2022\/01\/Logo_Organisator_Website.png","width":800,"height":77,"caption":"Organisator"},"image":{"@id":"https:\/\/www.organisator.ch\/#\/schema\/logo\/image\/"},"sameAs":["https:\/\/www.facebook.com\/OrganisatorFachmagazin","https:\/\/www.linkedin.com\/showcase\/organisator-das-magazin-fr-kmu","https:\/\/www.xing.com\/news\/pages\/organisator-ch-695","https:\/\/www.youtube.com\/channel\/UCGP2Sq0iWaZwT3BdIAQFYpw"]},{"@type":"Person","@id":"https:\/\/www.organisator.ch\/#\/schema\/person\/4e51799071cd2dd1232ac003643ef5f0","name":"galledia","image":{"@type":"ImageObject","inLanguage":"de","@id":"https:\/\/secure.gravatar.com\/avatar\/78a7f90c01fc2bfc875782a0d4922b37cde2cf184ce347b91316d23cd7f69a36?s=96&d=mm&r=g","url":"https:\/\/secure.gravatar.com\/avatar\/78a7f90c01fc2bfc875782a0d4922b37cde2cf184ce347b91316d23cd7f69a36?s=96&d=mm&r=g","contentUrl":"https:\/\/secure.gravatar.com\/avatar\/78a7f90c01fc2bfc875782a0d4922b37cde2cf184ce347b91316d23cd7f69a36?s=96&d=mm&r=g","caption":"galledia"},"sameAs":["https:\/\/x.com\/admin"],"url":"https:\/\/www.organisator.ch\/de\/author\/galledia\/"}]}},"_links":{"self":[{"href":"https:\/\/www.organisator.ch\/de\/wp-json\/wp\/v2\/posts\/36537","targetHints":{"allow":["GET"]}}],"collection":[{"href":"https:\/\/www.organisator.ch\/de\/wp-json\/wp\/v2\/posts"}],"about":[{"href":"https:\/\/www.organisator.ch\/de\/wp-json\/wp\/v2\/types\/post"}],"author":[{"embeddable":true,"href":"https:\/\/www.organisator.ch\/de\/wp-json\/wp\/v2\/users\/8"}],"replies":[{"embeddable":true,"href":"https:\/\/www.organisator.ch\/de\/wp-json\/wp\/v2\/comments?post=36537"}],"version-history":[{"count":4,"href":"https:\/\/www.organisator.ch\/de\/wp-json\/wp\/v2\/posts\/36537\/revisions"}],"predecessor-version":[{"id":36550,"href":"https:\/\/www.organisator.ch\/de\/wp-json\/wp\/v2\/posts\/36537\/revisions\/36550"}],"wp:attachment":[{"href":"https:\/\/www.organisator.ch\/de\/wp-json\/wp\/v2\/media?parent=36537"}],"wp:term":[{"taxonomy":"category","embeddable":true,"href":"https:\/\/www.organisator.ch\/de\/wp-json\/wp\/v2\/categories?post=36537"},{"taxonomy":"post_tag","embeddable":true,"href":"https:\/\/www.organisator.ch\/de\/wp-json\/wp\/v2\/tags?post=36537"}],"curies":[{"name":"wp","href":"https:\/\/api.w.org\/{rel}","templated":true}]}}