{"id":36545,"date":"2025-03-03T09:19:19","date_gmt":"2025-03-03T08:19:19","guid":{"rendered":"https:\/\/www.organisator.ch\/?p=36545"},"modified":"2025-03-03T09:19:19","modified_gmt":"2025-03-03T08:19:19","slug":"angelo-accardi-wird-neuer-ceo-von-forvis-mazars-in-der-schweiz","status":"publish","type":"post","link":"https:\/\/www.organisator.ch\/de\/management\/2025-03-03\/angelo-accardi-wird-neuer-ceo-von-forvis-mazars-in-der-schweiz\/","title":{"rendered":"Angelo Accardi wird neuer CEO von Forvis Mazars in der Schweiz"},"content":{"rendered":"<figure id=\"attachment_36547\" aria-describedby=\"caption-attachment-36547\" style=\"width: 680px\" class=\"wp-caption alignnone\"><img loading=\"lazy\" decoding=\"async\" class=\"size-full wp-image-36547\" src=\"https:\/\/www.organisator.ch\/wp-content\/uploads\/2025\/03\/Forvis-Mazars_Bild_ps.jpg\" alt=\"\" width=\"680\" height=\"453\" srcset=\"https:\/\/www.organisator.ch\/wp-content\/uploads\/2025\/03\/Forvis-Mazars_Bild_ps.jpg 680w, https:\/\/www.organisator.ch\/wp-content\/uploads\/2025\/03\/Forvis-Mazars_Bild_ps-18x12.jpg 18w, https:\/\/www.organisator.ch\/wp-content\/uploads\/2025\/03\/Forvis-Mazars_Bild_ps-375x250.jpg 375w, https:\/\/www.organisator.ch\/wp-content\/uploads\/2025\/03\/Forvis-Mazars_Bild_ps-525x350.jpg 525w\" sizes=\"auto, (max-width: 680px) 100vw, 680px\" \/><figcaption id=\"caption-attachment-36547\" class=\"wp-caption-text\">Angelo Accardi \u00fcbernimmt am 1. M\u00e4rz 2025 als CEO von Forvis Mazars Schweiz und f\u00fchrt das Unternehmen in die n\u00e4chste Strategieperiode. (Bild: Forvis Mazars)<\/figcaption><\/figure>\n<p>Die Partnerschaft von Forvis Mazars in der Schweiz hat Angelo Accardi als neuen CEO von Forvis Mazars gew\u00e4hlt. Der 42-j\u00e4hrige Betriebs\u00f6konom und diplomierter Wirtschaftspr\u00fcfer blickt auf eine langj\u00e4hrige Karriere bei Forvis Mazars in der Schweiz zur\u00fcck. Er startete seine Laufbahn 2008 als Junior im Bereich Audit &amp; Assurance f\u00fcr Versicherungen und geh\u00f6rte zu einem der ersten Mitarbeiter am Standort in Z\u00fcrich. Im Jahr 2020 wurde Angelo Accardi in die Gesch\u00e4ftsleitung als Leiter des Financial Services Bereichs berufen.<\/p>\n<p>&#8222;Angelo hat bei uns jede Stufe der Karriereleiter erklommen, verk\u00f6rpert unsere Werte und \u00fcbernimmt nun die F\u00fchrung des Unternehmens, das er selbst massgeblich mit aufgebaut hat, um es in die n\u00e4chste Strategieperiode zu f\u00fchren&#8220;, sagt Jos\u00e9 Caneda, Pr\u00e4sident des Verwaltungsrates bei Forvis Mazars in der Schweiz.<\/p>\n<h3><strong>Eine \u00c4ra des Wachstums und der Transformation<\/strong><\/h3>\n<p>Jos\u00e9 Caneda \u00fcbergibt sein Amt nach neun erfolgreichen Jahren, in welcher sich das Unternehmen in der Schweiz fundamental ver\u00e4ndert hat. Unter seiner Leitung wuchs Forvis Mazars in der Schweiz von 100 auf \u00fcber 450 Mitarbeitende. Mit der Er\u00f6ffnung neuer Standorte in der West- wie auch in der Deutschschweiz sowie der Lancierung neuer Dienstleistungen in den Bereichen Audit, Consulting, Tax, Outsourcing, Financial Advisory und Nachhaltigkeit, hat sich das Wirtschaftspr\u00fcfungs- und Beratungsunternehmen in der Schweiz als verl\u00e4sslicher Partner f\u00fcr KMU und Grossunternehmen etabliert.<\/p>\n<p>Jos\u00e9 Caneda wird nach der \u00dcbergabe der CEO-Rolle weiterhin als Verwaltungsratspr\u00e4sident von Forvis Mazars in der Schweiz t\u00e4tig sein. Er wird zus\u00e4tzlich F\u00fchrungsaufgaben auf Gruppenebene \u00fcbernehmen.<\/p>\n<h3><strong>Weiteres Wachstum im Fokus<\/strong><\/h3>\n<p>Auch in der neuen Strategieperiode strebt Forvis Mazars in der Schweiz weiterhin ein signifikantes Wachstum an, um der steigenden Nachfrage mit erweiterten Dienstleistungen, zus\u00e4tzlichen Expertinnen und Experten sowie neuen Standorten gerecht zu werden.<\/p>\n<p>&#8222;Der Kern unserer Strategie liegt in der F\u00f6rderung von Talenten und der Weiterentwicklung unserer einzigartigen Unternehmenskultur, die uns auszeichnet. Diese Kultur basiert auf einer starken Kombination aus Unternehmergeist, Gemeinschaftssinn und Exzellenz. Sie ist ein entscheidendes Differenzierungsmerkmal f\u00fcr unsere Kunden und bildet die Grundlage f\u00fcr unser weiteres Wachstum. Ich freue mich sehr darauf, gemeinsam mit Mitarbeitenden und Kunden unser Unternehmen in die n\u00e4chste Strategieperiode zu f\u00fchren\u201d, sagt Angelo Accardi, CEO von Forvis Mazars in der Schweiz.<\/p>\n<p><em>Quelle: <a href=\"http:\/\/www.forvismazars.com\/ch\">www.forvismazars.com\/ch<\/a><\/em><\/p>\n","protected":false},"excerpt":{"rendered":"<p>Angelo Accardi \u00fcbernimmt am 1. M\u00e4rz 2025 als neuer Chief Executive Officer die Leitung von Forvis Mazars in der Schweiz. Er folgt auf Jos\u00e9 Caneda, der das Unternehmen neun Jahre erfolgreich geleitet und entscheidend gepr\u00e4gt hat.<\/p>\n","protected":false},"author":80,"featured_media":36547,"comment_status":"closed","ping_status":"closed","sticky":false,"template":"","format":"standard","meta":{"_acf_changed":false,"_yoast_wpseo_focuskw":"Angelo Accardi","_yoast_wpseo_metadesc":"Angelo Accardi \u00fcbernimmt am 1. M\u00e4rz 2025 als CEO von Forvis Mazars Schweiz und f\u00fchrt das Unternehmen in die n\u00e4chste Strategieperiode.","articlekey":"","footnotes":""},"categories":[28],"tags":[904,335,424,492],"class_list":["post-36545","post","type-post","status-publish","format-standard","has-post-thumbnail","hentry","category-management","tag-ceo","tag-management-und-unternehmensfuehrung","tag-schweiz","tag-unternehmen"],"acf":[],"yoast_head":"<!-- This site is optimized with the Yoast SEO plugin v27.4 - https:\/\/yoast.com\/product\/yoast-seo-wordpress\/ -->\n<title>Angelo Accardi wird neuer CEO von Forvis Mazars in der Schweiz - Organisator<\/title>\n<meta name=\"description\" content=\"Angelo Accardi \u00fcbernimmt am 1. M\u00e4rz 2025 als CEO von Forvis Mazars Schweiz und f\u00fchrt das Unternehmen in die n\u00e4chste Strategieperiode.\" \/>\n<meta name=\"robots\" content=\"index, follow, max-snippet:-1, max-image-preview:large, max-video-preview:-1\" \/>\n<link rel=\"canonical\" href=\"https:\/\/www.organisator.ch\/de\/management\/2025-03-03\/angelo-accardi-wird-neuer-ceo-von-forvis-mazars-in-der-schweiz\/\" \/>\n<meta property=\"og:locale\" content=\"de_DE\" \/>\n<meta property=\"og:type\" content=\"article\" \/>\n<meta property=\"og:title\" content=\"Forvis Mazars mit neuem CEO\" \/>\n<meta property=\"og:description\" content=\"Angelo Accardi \u00fcbernimmt am 1. M\u00e4rz 2025 als CEO von Forvis Mazars Schweiz und f\u00fchrt das Unternehmen in die n\u00e4chste Strategieperiode.\" \/>\n<meta property=\"og:url\" content=\"https:\/\/www.organisator.ch\/de\/management\/2025-03-03\/angelo-accardi-wird-neuer-ceo-von-forvis-mazars-in-der-schweiz\/\" \/>\n<meta property=\"og:site_name\" content=\"Organisator\" \/>\n<meta property=\"article:publisher\" content=\"https:\/\/www.facebook.com\/OrganisatorFachmagazin\" \/>\n<meta property=\"article:published_time\" content=\"2025-03-03T08:19:19+00:00\" \/>\n<meta property=\"og:image\" content=\"https:\/\/www.organisator.ch\/wp-content\/uploads\/2025\/03\/Forvis-Mazars_Bild_ps.jpg\" \/>\n\t<meta property=\"og:image:width\" content=\"680\" \/>\n\t<meta property=\"og:image:height\" content=\"453\" \/>\n\t<meta property=\"og:image:type\" content=\"image\/jpeg\" \/>\n<meta name=\"author\" content=\"Dzana Muminovic\" \/>\n<meta name=\"twitter:card\" content=\"summary_large_image\" \/>\n<meta name=\"twitter:title\" content=\"Forvis Mazars mit neuem CEO\" \/>\n<meta name=\"twitter:description\" content=\"#Angelo #Accardi \u00fcbernimmt am 1. M\u00e4rz 2025 als #CEO von #Forvis #Mazars #Schweiz und f\u00fchrt das #Unternehmen in die n\u00e4chste #Strategieperiode.\" \/>\n<meta name=\"twitter:image\" content=\"https:\/\/www.organisator.ch\/wp-content\/uploads\/2025\/03\/Forvis-Mazars_Bild_ps.jpg\" \/>\n<script type=\"application\/ld+json\" class=\"yoast-schema-graph\">{\"@context\":\"https:\\\/\\\/schema.org\",\"@graph\":[{\"@type\":\"Article\",\"@id\":\"https:\\\/\\\/www.organisator.ch\\\/management\\\/2025-03-03\\\/angelo-accardi-wird-neuer-ceo-von-forvis-mazars-in-der-schweiz\\\/#article\",\"isPartOf\":{\"@id\":\"https:\\\/\\\/www.organisator.ch\\\/management\\\/2025-03-03\\\/angelo-accardi-wird-neuer-ceo-von-forvis-mazars-in-der-schweiz\\\/\"},\"author\":{\"name\":\"Dzana Muminovic\",\"@id\":\"https:\\\/\\\/www.organisator.ch\\\/#\\\/schema\\\/person\\\/afccda3a71c06d4be2ed9100dd163db7\"},\"headline\":\"Angelo Accardi wird neuer CEO von Forvis Mazars in der Schweiz\",\"datePublished\":\"2025-03-03T08:19:19+00:00\",\"mainEntityOfPage\":{\"@id\":\"https:\\\/\\\/www.organisator.ch\\\/management\\\/2025-03-03\\\/angelo-accardi-wird-neuer-ceo-von-forvis-mazars-in-der-schweiz\\\/\"},\"wordCount\":423,\"publisher\":{\"@id\":\"https:\\\/\\\/www.organisator.ch\\\/#organization\"},\"image\":{\"@id\":\"https:\\\/\\\/www.organisator.ch\\\/management\\\/2025-03-03\\\/angelo-accardi-wird-neuer-ceo-von-forvis-mazars-in-der-schweiz\\\/#primaryimage\"},\"thumbnailUrl\":\"https:\\\/\\\/www.organisator.ch\\\/wp-content\\\/uploads\\\/2025\\\/03\\\/Forvis-Mazars_Bild_ps.jpg\",\"keywords\":[\"CEO\",\"Management und Unternehmensf\u00fchrung\",\"Schweiz\",\"Unternehmen\"],\"articleSection\":[\"MANAGEMENT\"],\"inLanguage\":\"de\"},{\"@type\":\"WebPage\",\"@id\":\"https:\\\/\\\/www.organisator.ch\\\/management\\\/2025-03-03\\\/angelo-accardi-wird-neuer-ceo-von-forvis-mazars-in-der-schweiz\\\/\",\"url\":\"https:\\\/\\\/www.organisator.ch\\\/management\\\/2025-03-03\\\/angelo-accardi-wird-neuer-ceo-von-forvis-mazars-in-der-schweiz\\\/\",\"name\":\"Angelo Accardi wird neuer CEO von Forvis Mazars in der Schweiz - Organisator\",\"isPartOf\":{\"@id\":\"https:\\\/\\\/www.organisator.ch\\\/#website\"},\"primaryImageOfPage\":{\"@id\":\"https:\\\/\\\/www.organisator.ch\\\/management\\\/2025-03-03\\\/angelo-accardi-wird-neuer-ceo-von-forvis-mazars-in-der-schweiz\\\/#primaryimage\"},\"image\":{\"@id\":\"https:\\\/\\\/www.organisator.ch\\\/management\\\/2025-03-03\\\/angelo-accardi-wird-neuer-ceo-von-forvis-mazars-in-der-schweiz\\\/#primaryimage\"},\"thumbnailUrl\":\"https:\\\/\\\/www.organisator.ch\\\/wp-content\\\/uploads\\\/2025\\\/03\\\/Forvis-Mazars_Bild_ps.jpg\",\"datePublished\":\"2025-03-03T08:19:19+00:00\",\"description\":\"Angelo Accardi \u00fcbernimmt am 1. M\u00e4rz 2025 als CEO von Forvis Mazars Schweiz und f\u00fchrt das Unternehmen in die n\u00e4chste Strategieperiode.\",\"breadcrumb\":{\"@id\":\"https:\\\/\\\/www.organisator.ch\\\/management\\\/2025-03-03\\\/angelo-accardi-wird-neuer-ceo-von-forvis-mazars-in-der-schweiz\\\/#breadcrumb\"},\"inLanguage\":\"de\",\"potentialAction\":[{\"@type\":\"ReadAction\",\"target\":[\"https:\\\/\\\/www.organisator.ch\\\/management\\\/2025-03-03\\\/angelo-accardi-wird-neuer-ceo-von-forvis-mazars-in-der-schweiz\\\/\"]}]},{\"@type\":\"ImageObject\",\"inLanguage\":\"de\",\"@id\":\"https:\\\/\\\/www.organisator.ch\\\/management\\\/2025-03-03\\\/angelo-accardi-wird-neuer-ceo-von-forvis-mazars-in-der-schweiz\\\/#primaryimage\",\"url\":\"https:\\\/\\\/www.organisator.ch\\\/wp-content\\\/uploads\\\/2025\\\/03\\\/Forvis-Mazars_Bild_ps.jpg\",\"contentUrl\":\"https:\\\/\\\/www.organisator.ch\\\/wp-content\\\/uploads\\\/2025\\\/03\\\/Forvis-Mazars_Bild_ps.jpg\",\"width\":680,\"height\":453,\"caption\":\"Angelo Accardi \u00fcbernimmt am 1. M\u00e4rz 2025 als CEO von Forvis Mazars Schweiz und f\u00fchrt das Unternehmen in die n\u00e4chste Strategieperiode. (Bild: Forvis Mazars)\"},{\"@type\":\"BreadcrumbList\",\"@id\":\"https:\\\/\\\/www.organisator.ch\\\/management\\\/2025-03-03\\\/angelo-accardi-wird-neuer-ceo-von-forvis-mazars-in-der-schweiz\\\/#breadcrumb\",\"itemListElement\":[{\"@type\":\"ListItem\",\"position\":1,\"name\":\"Home\",\"item\":\"https:\\\/\\\/www.organisator.ch\\\/\"},{\"@type\":\"ListItem\",\"position\":2,\"name\":\"Angelo Accardi wird neuer CEO von Forvis Mazars in der Schweiz\"}]},{\"@type\":\"WebSite\",\"@id\":\"https:\\\/\\\/www.organisator.ch\\\/#website\",\"url\":\"https:\\\/\\\/www.organisator.ch\\\/\",\"name\":\"Organisator\",\"description\":\"Kompetent. Praxisnah. Der ORGANISATOR bereitet in 10 Ausgaben pro Jahr die wesentlichen Themen f\u00fcr F\u00fchrungskr\u00e4fte von KMU auf.\",\"publisher\":{\"@id\":\"https:\\\/\\\/www.organisator.ch\\\/#organization\"},\"potentialAction\":[{\"@type\":\"SearchAction\",\"target\":{\"@type\":\"EntryPoint\",\"urlTemplate\":\"https:\\\/\\\/www.organisator.ch\\\/?s={search_term_string}\"},\"query-input\":{\"@type\":\"PropertyValueSpecification\",\"valueRequired\":true,\"valueName\":\"search_term_string\"}}],\"inLanguage\":\"de\"},{\"@type\":\"Organization\",\"@id\":\"https:\\\/\\\/www.organisator.ch\\\/#organization\",\"name\":\"Organisator\",\"url\":\"https:\\\/\\\/www.organisator.ch\\\/\",\"logo\":{\"@type\":\"ImageObject\",\"inLanguage\":\"de\",\"@id\":\"https:\\\/\\\/www.organisator.ch\\\/#\\\/schema\\\/logo\\\/image\\\/\",\"url\":\"https:\\\/\\\/www.organisator.ch\\\/wp-content\\\/uploads\\\/2022\\\/01\\\/Logo_Organisator_Website.png\",\"contentUrl\":\"https:\\\/\\\/www.organisator.ch\\\/wp-content\\\/uploads\\\/2022\\\/01\\\/Logo_Organisator_Website.png\",\"width\":800,\"height\":77,\"caption\":\"Organisator\"},\"image\":{\"@id\":\"https:\\\/\\\/www.organisator.ch\\\/#\\\/schema\\\/logo\\\/image\\\/\"},\"sameAs\":[\"https:\\\/\\\/www.facebook.com\\\/OrganisatorFachmagazin\",\"https:\\\/\\\/www.linkedin.com\\\/showcase\\\/organisator-das-magazin-fr-kmu\",\"https:\\\/\\\/www.xing.com\\\/news\\\/pages\\\/organisator-ch-695\",\"https:\\\/\\\/www.youtube.com\\\/channel\\\/UCGP2Sq0iWaZwT3BdIAQFYpw\"]},{\"@type\":\"Person\",\"@id\":\"https:\\\/\\\/www.organisator.ch\\\/#\\\/schema\\\/person\\\/afccda3a71c06d4be2ed9100dd163db7\",\"name\":\"Dzana Muminovic\",\"image\":{\"@type\":\"ImageObject\",\"inLanguage\":\"de\",\"@id\":\"https:\\\/\\\/secure.gravatar.com\\\/avatar\\\/909c5c71aff4b38e88686f2ab2f1ba152571f394f41ed8bae431ea56ced93050?s=96&d=mm&r=g\",\"url\":\"https:\\\/\\\/secure.gravatar.com\\\/avatar\\\/909c5c71aff4b38e88686f2ab2f1ba152571f394f41ed8bae431ea56ced93050?s=96&d=mm&r=g\",\"contentUrl\":\"https:\\\/\\\/secure.gravatar.com\\\/avatar\\\/909c5c71aff4b38e88686f2ab2f1ba152571f394f41ed8bae431ea56ced93050?s=96&d=mm&r=g\",\"caption\":\"Dzana Muminovic\"},\"url\":\"https:\\\/\\\/www.organisator.ch\\\/de\\\/author\\\/dzana-muminovic\\\/\"}]}<\/script>\n<!-- \/ Yoast SEO plugin. -->","yoast_head_json":{"title":"Angelo Accardi wird neuer CEO von Forvis Mazars in der Schweiz - Organisator","description":"Angelo Accardi \u00fcbernimmt am 1. M\u00e4rz 2025 als CEO von Forvis Mazars Schweiz und f\u00fchrt das Unternehmen in die n\u00e4chste Strategieperiode.","robots":{"index":"index","follow":"follow","max-snippet":"max-snippet:-1","max-image-preview":"max-image-preview:large","max-video-preview":"max-video-preview:-1"},"canonical":"https:\/\/www.organisator.ch\/de\/management\/2025-03-03\/angelo-accardi-wird-neuer-ceo-von-forvis-mazars-in-der-schweiz\/","og_locale":"de_DE","og_type":"article","og_title":"Forvis Mazars mit neuem CEO","og_description":"Angelo Accardi \u00fcbernimmt am 1. M\u00e4rz 2025 als CEO von Forvis Mazars Schweiz und f\u00fchrt das Unternehmen in die n\u00e4chste Strategieperiode.","og_url":"https:\/\/www.organisator.ch\/de\/management\/2025-03-03\/angelo-accardi-wird-neuer-ceo-von-forvis-mazars-in-der-schweiz\/","og_site_name":"Organisator","article_publisher":"https:\/\/www.facebook.com\/OrganisatorFachmagazin","article_published_time":"2025-03-03T08:19:19+00:00","og_image":[{"width":680,"height":453,"url":"https:\/\/www.organisator.ch\/wp-content\/uploads\/2025\/03\/Forvis-Mazars_Bild_ps.jpg","type":"image\/jpeg"}],"author":"Dzana Muminovic","twitter_card":"summary_large_image","twitter_title":"Forvis Mazars mit neuem CEO","twitter_description":"#Angelo #Accardi \u00fcbernimmt am 1. M\u00e4rz 2025 als #CEO von #Forvis #Mazars #Schweiz und f\u00fchrt das #Unternehmen in die n\u00e4chste #Strategieperiode.","twitter_image":"https:\/\/www.organisator.ch\/wp-content\/uploads\/2025\/03\/Forvis-Mazars_Bild_ps.jpg","schema":{"@context":"https:\/\/schema.org","@graph":[{"@type":"Article","@id":"https:\/\/www.organisator.ch\/management\/2025-03-03\/angelo-accardi-wird-neuer-ceo-von-forvis-mazars-in-der-schweiz\/#article","isPartOf":{"@id":"https:\/\/www.organisator.ch\/management\/2025-03-03\/angelo-accardi-wird-neuer-ceo-von-forvis-mazars-in-der-schweiz\/"},"author":{"name":"Dzana Muminovic","@id":"https:\/\/www.organisator.ch\/#\/schema\/person\/afccda3a71c06d4be2ed9100dd163db7"},"headline":"Angelo Accardi wird neuer CEO von Forvis Mazars in der Schweiz","datePublished":"2025-03-03T08:19:19+00:00","mainEntityOfPage":{"@id":"https:\/\/www.organisator.ch\/management\/2025-03-03\/angelo-accardi-wird-neuer-ceo-von-forvis-mazars-in-der-schweiz\/"},"wordCount":423,"publisher":{"@id":"https:\/\/www.organisator.ch\/#organization"},"image":{"@id":"https:\/\/www.organisator.ch\/management\/2025-03-03\/angelo-accardi-wird-neuer-ceo-von-forvis-mazars-in-der-schweiz\/#primaryimage"},"thumbnailUrl":"https:\/\/www.organisator.ch\/wp-content\/uploads\/2025\/03\/Forvis-Mazars_Bild_ps.jpg","keywords":["CEO","Management und Unternehmensf\u00fchrung","Schweiz","Unternehmen"],"articleSection":["MANAGEMENT"],"inLanguage":"de"},{"@type":"WebPage","@id":"https:\/\/www.organisator.ch\/management\/2025-03-03\/angelo-accardi-wird-neuer-ceo-von-forvis-mazars-in-der-schweiz\/","url":"https:\/\/www.organisator.ch\/management\/2025-03-03\/angelo-accardi-wird-neuer-ceo-von-forvis-mazars-in-der-schweiz\/","name":"Angelo Accardi wird neuer CEO von Forvis Mazars in der Schweiz - Organisator","isPartOf":{"@id":"https:\/\/www.organisator.ch\/#website"},"primaryImageOfPage":{"@id":"https:\/\/www.organisator.ch\/management\/2025-03-03\/angelo-accardi-wird-neuer-ceo-von-forvis-mazars-in-der-schweiz\/#primaryimage"},"image":{"@id":"https:\/\/www.organisator.ch\/management\/2025-03-03\/angelo-accardi-wird-neuer-ceo-von-forvis-mazars-in-der-schweiz\/#primaryimage"},"thumbnailUrl":"https:\/\/www.organisator.ch\/wp-content\/uploads\/2025\/03\/Forvis-Mazars_Bild_ps.jpg","datePublished":"2025-03-03T08:19:19+00:00","description":"Angelo Accardi \u00fcbernimmt am 1. M\u00e4rz 2025 als CEO von Forvis Mazars Schweiz und f\u00fchrt das Unternehmen in die n\u00e4chste Strategieperiode.","breadcrumb":{"@id":"https:\/\/www.organisator.ch\/management\/2025-03-03\/angelo-accardi-wird-neuer-ceo-von-forvis-mazars-in-der-schweiz\/#breadcrumb"},"inLanguage":"de","potentialAction":[{"@type":"ReadAction","target":["https:\/\/www.organisator.ch\/management\/2025-03-03\/angelo-accardi-wird-neuer-ceo-von-forvis-mazars-in-der-schweiz\/"]}]},{"@type":"ImageObject","inLanguage":"de","@id":"https:\/\/www.organisator.ch\/management\/2025-03-03\/angelo-accardi-wird-neuer-ceo-von-forvis-mazars-in-der-schweiz\/#primaryimage","url":"https:\/\/www.organisator.ch\/wp-content\/uploads\/2025\/03\/Forvis-Mazars_Bild_ps.jpg","contentUrl":"https:\/\/www.organisator.ch\/wp-content\/uploads\/2025\/03\/Forvis-Mazars_Bild_ps.jpg","width":680,"height":453,"caption":"Angelo Accardi \u00fcbernimmt am 1. M\u00e4rz 2025 als CEO von Forvis Mazars Schweiz und f\u00fchrt das Unternehmen in die n\u00e4chste Strategieperiode. (Bild: Forvis Mazars)"},{"@type":"BreadcrumbList","@id":"https:\/\/www.organisator.ch\/management\/2025-03-03\/angelo-accardi-wird-neuer-ceo-von-forvis-mazars-in-der-schweiz\/#breadcrumb","itemListElement":[{"@type":"ListItem","position":1,"name":"Home","item":"https:\/\/www.organisator.ch\/"},{"@type":"ListItem","position":2,"name":"Angelo Accardi wird neuer CEO von Forvis Mazars in der Schweiz"}]},{"@type":"WebSite","@id":"https:\/\/www.organisator.ch\/#website","url":"https:\/\/www.organisator.ch\/","name":"Organisator","description":"Kompetent. Praxisnah. Der ORGANISATOR bereitet in 10 Ausgaben pro Jahr die wesentlichen Themen f\u00fcr F\u00fchrungskr\u00e4fte von KMU auf.","publisher":{"@id":"https:\/\/www.organisator.ch\/#organization"},"potentialAction":[{"@type":"SearchAction","target":{"@type":"EntryPoint","urlTemplate":"https:\/\/www.organisator.ch\/?s={search_term_string}"},"query-input":{"@type":"PropertyValueSpecification","valueRequired":true,"valueName":"search_term_string"}}],"inLanguage":"de"},{"@type":"Organization","@id":"https:\/\/www.organisator.ch\/#organization","name":"Organisator","url":"https:\/\/www.organisator.ch\/","logo":{"@type":"ImageObject","inLanguage":"de","@id":"https:\/\/www.organisator.ch\/#\/schema\/logo\/image\/","url":"https:\/\/www.organisator.ch\/wp-content\/uploads\/2022\/01\/Logo_Organisator_Website.png","contentUrl":"https:\/\/www.organisator.ch\/wp-content\/uploads\/2022\/01\/Logo_Organisator_Website.png","width":800,"height":77,"caption":"Organisator"},"image":{"@id":"https:\/\/www.organisator.ch\/#\/schema\/logo\/image\/"},"sameAs":["https:\/\/www.facebook.com\/OrganisatorFachmagazin","https:\/\/www.linkedin.com\/showcase\/organisator-das-magazin-fr-kmu","https:\/\/www.xing.com\/news\/pages\/organisator-ch-695","https:\/\/www.youtube.com\/channel\/UCGP2Sq0iWaZwT3BdIAQFYpw"]},{"@type":"Person","@id":"https:\/\/www.organisator.ch\/#\/schema\/person\/afccda3a71c06d4be2ed9100dd163db7","name":"Dzana Muminovic","image":{"@type":"ImageObject","inLanguage":"de","@id":"https:\/\/secure.gravatar.com\/avatar\/909c5c71aff4b38e88686f2ab2f1ba152571f394f41ed8bae431ea56ced93050?s=96&d=mm&r=g","url":"https:\/\/secure.gravatar.com\/avatar\/909c5c71aff4b38e88686f2ab2f1ba152571f394f41ed8bae431ea56ced93050?s=96&d=mm&r=g","contentUrl":"https:\/\/secure.gravatar.com\/avatar\/909c5c71aff4b38e88686f2ab2f1ba152571f394f41ed8bae431ea56ced93050?s=96&d=mm&r=g","caption":"Dzana Muminovic"},"url":"https:\/\/www.organisator.ch\/de\/author\/dzana-muminovic\/"}]}},"_links":{"self":[{"href":"https:\/\/www.organisator.ch\/de\/wp-json\/wp\/v2\/posts\/36545","targetHints":{"allow":["GET"]}}],"collection":[{"href":"https:\/\/www.organisator.ch\/de\/wp-json\/wp\/v2\/posts"}],"about":[{"href":"https:\/\/www.organisator.ch\/de\/wp-json\/wp\/v2\/types\/post"}],"author":[{"embeddable":true,"href":"https:\/\/www.organisator.ch\/de\/wp-json\/wp\/v2\/users\/80"}],"replies":[{"embeddable":true,"href":"https:\/\/www.organisator.ch\/de\/wp-json\/wp\/v2\/comments?post=36545"}],"version-history":[{"count":5,"href":"https:\/\/www.organisator.ch\/de\/wp-json\/wp\/v2\/posts\/36545\/revisions"}],"predecessor-version":[{"id":36602,"href":"https:\/\/www.organisator.ch\/de\/wp-json\/wp\/v2\/posts\/36545\/revisions\/36602"}],"wp:featuredmedia":[{"embeddable":true,"href":"https:\/\/www.organisator.ch\/de\/wp-json\/wp\/v2\/media\/36547"}],"wp:attachment":[{"href":"https:\/\/www.organisator.ch\/de\/wp-json\/wp\/v2\/media?parent=36545"}],"wp:term":[{"taxonomy":"category","embeddable":true,"href":"https:\/\/www.organisator.ch\/de\/wp-json\/wp\/v2\/categories?post=36545"},{"taxonomy":"post_tag","embeddable":true,"href":"https:\/\/www.organisator.ch\/de\/wp-json\/wp\/v2\/tags?post=36545"}],"curies":[{"name":"wp","href":"https:\/\/api.w.org\/{rel}","templated":true}]}}