{"id":36581,"date":"2025-03-04T07:26:21","date_gmt":"2025-03-04T06:26:21","guid":{"rendered":"https:\/\/www.markt-kom.com\/?p=231241"},"modified":"2025-03-04T07:34:42","modified_gmt":"2025-03-04T06:34:42","slug":"jung-von-matt-schweiz-verstaerkt-internationale-vernetzung","status":"publish","type":"post","link":"https:\/\/www.organisator.ch\/de\/marketing\/2025-03-04\/jung-von-matt-schweiz-verstaerkt-internationale-vernetzung\/","title":{"rendered":"Jung von Matt Schweiz verst\u00e4rkt internationale Vernetzung"},"content":{"rendered":"<figure id=\"attachment_231242\" class=\"wp-caption aligncenter\" style=\"width: 1200px;\" aria-describedby=\"caption-attachment-231242\"><a href=\"https:\/\/www.markt-kom.com\/wp-content\/uploads\/2025\/03\/Jung-von-Matt-internationalisiert.jpg\"><img class=\"size-full wp-image-231242\" src=\"https:\/\/www.markt-kom.com\/wp-content\/uploads\/2025\/03\/Jung-von-Matt-internationalisiert.jpg\" sizes=\"(max-width: 1200px) 100vw, 1200px\" srcset=\"https:\/\/www.markt-kom.com\/wp-content\/uploads\/2025\/03\/Jung-von-Matt-internationalisiert.jpg 1200w, https:\/\/www.markt-kom.com\/wp-content\/uploads\/2025\/03\/Jung-von-Matt-internationalisiert-600x310.jpg 600w, https:\/\/www.markt-kom.com\/wp-content\/uploads\/2025\/03\/Jung-von-Matt-internationalisiert-1024x529.jpg 1024w, https:\/\/www.markt-kom.com\/wp-content\/uploads\/2025\/03\/Jung-von-Matt-internationalisiert-768x397.jpg 768w, https:\/\/www.markt-kom.com\/wp-content\/uploads\/2025\/03\/Jung-von-Matt-internationalisiert-18x9.jpg 18w, https:\/\/www.markt-kom.com\/wp-content\/uploads\/2025\/03\/Jung-von-Matt-internationalisiert-339x175.jpg 339w, https:\/\/www.markt-kom.com\/wp-content\/uploads\/2025\/03\/Jung-von-Matt-internationalisiert-677x350.jpg 677w, https:\/\/www.markt-kom.com\/wp-content\/uploads\/2025\/03\/Jung-von-Matt-internationalisiert-1000x517.jpg 1000w\" alt=\"\" width=\"1200\" height=\"620\" \/><\/a>\r\n<figcaption id=\"caption-attachment-231242\" class=\"wp-caption-text\">Roman Hirsbrunner (links) und Christian Kies. (Bild: zVg.)<\/figcaption>\r\n<\/figure>\r\n<p>Die st\u00e4rkere Vernetzung mit den internationalen Standorten von Jung von Matt soll die Schweizer Agentur noch wettbewerbsf\u00e4higer machen. \u00abInternationales Know-how wird f\u00fcr Marken immer relevanter\u00bb, sagt CEO Roman Hirsbrunner. \u00abUnser Ziel ist es, Kund:innen grenzenlose Kreativit\u00e4t und globale Expertise quasi \u2039on the doorstep\u203a zur Verf\u00fcgung zu stellen.\u00bb<\/p>\r\n<h3><strong>Globale Kreativexpertise<\/strong><\/h3>\r\n<p>Durch die engere Zusammenarbeit mit der internationalen Gruppe erhalten Kund:innen Zugang zu Expert:innen aus den unterschiedlichsten Kreativbereichen, wie zum Beispiel AI oder Marketing Automation und das aus Standorten in Europa, aber auch in Los Angeles, London, Seoul, Ho Chi Minh City, Beijing und Shanghai. \u00abKreativit\u00e4t ohne Grenzen bedeutet f\u00fcr uns, dass wir mit globalen Kreativteams f\u00fcr nationale und internationale Marken arbeiten, aber auch, dass Unternehmen aus der Schweiz ganz konkretes Know-how unserer internationalen Kolleg:innen nutzen k\u00f6nnen\u00bb, konkretisiert CCO Christian Kies. Das ist zum Beispiel der Zugang zu internationalen Sportplattformen durch Jung von Matt Sports, Expertise in Fandom-Marketing durch Jung von Matt Nerd oder Innovationschancen durch neue Technologien durch die Jung von Matt-Agentur Alfr3d. Der Pitchgewinn als Global Lead Agency f\u00fcr Mini mit Teams aus London und Z\u00fcrich zeige die Potenziale dieser Zusammenarbeit, erkl\u00e4rt Jung-von-Matt-CEO Peter Figge.<\/p>\r\n<p>Als Zeichen der engeren Anbindung an die Gruppe \u00fcbernimmt Jung von Matt weitere Anteile an der Schweizer Agenturgruppe, und Hirsbrunner wird Partner im globalen Partnerboard.<\/p>\r\n<h3><strong>Neues Kapitel f\u00fcr Dominique von Matt<\/strong><\/h3>\r\n<p>Gleichzeitig schl\u00e4gt Agenturgr\u00fcnder Dominique von Matt ein neues Kapitel auf. Er \u00fcbergibt das VR-Pr\u00e4sidium an Hirsbrunner und <a href=\"https:\/\/vonmatt.com\/\" rel=\"noopener\">gr\u00fcndet \u00abvon Matt\/Second Opinion\u00bb<\/a>, eine Beratungsfirma f\u00fcr strategische Marketingentscheidungen. \u00abBei wichtigen Entscheidungen mit langfristiger Tragweite lohnt sich eine Zweitmeinung\u00bb, erkl\u00e4rt von Matt in einem Schreiben. \u00abIn solchen Situationen kann ich meine Erfahrung in Strategie, Marketing, Branding und Kommunikation einbringen, die ich als Unternehmer, Berater und Verwaltungsrat gewinnen konnte.\u00bb<\/p>\r\n<p>Mit der \u00dcbergabe des VR-Pr\u00e4sidiums an Roman Hirsbrunner sieht von Matt die Zukunft der Agentur in besten H\u00e4nden: \u00abSeit \u00fcber 10 Jahren f\u00fchrt Roman Hirsbrunner die Agentur erfolgreich, die Aktion\u00e4rsstruktur ist mit ihm, den F\u00fchrungskr\u00e4ften und Jung von Matt Hamburg nachhaltig aufgestellt und CCO Christian Kies stellt die kreative Exzellenz sicher. Weiterhin stehe ich f\u00fcr Kunden von Jung von Matt als strategischer Berater zur Verf\u00fcgung.\u00bb<\/p>\r\n<p>\u00abDominique war und ist f\u00fcr mich in den verschiedensten Konstellationen eine Inspiration\u2013 immer \u2039on point\u203a, immer \u2039on fire\u203a\u00bb, sagt Hirsbrunner \u00fcber seinen langj\u00e4hrigen Wegbegleiter.<\/p>","protected":false},"excerpt":{"rendered":"<p>Jung von Matt Schweiz baut die Zusammenarbeit mit der internationalen Agenturgruppe aus. Kund:innen erhalten dadurch direkten \u00abZugang zu globaler Kreativexpertise\u00bb. Gleichzeitig gibt Gr\u00fcnder Dominique von Matt das VR-Pr\u00e4sidium ab und startet mit einer neuen Beratungsfirma.<\/p>\n","protected":false},"author":8,"featured_media":0,"comment_status":"closed","ping_status":"closed","sticky":false,"template":"","format":"standard","meta":{"_acf_changed":false,"_yoast_wpseo_focuskw":"Jung von Matt Schweiz","_yoast_wpseo_metadesc":"Jung von Matt Schweiz st\u00e4rkt die globale Vernetzung und bietet Kund:innen direkten Zugang zu internationaler Kreativexpertise.","articlekey":"","footnotes":""},"categories":[29],"tags":[4345,3064,5148],"class_list":["post-36581","post","type-post","status-publish","format-standard","hentry","category-marketing","tag-business","tag-jung-von-matt","tag-von-matt-second-opinion"],"acf":[],"yoast_head":"<!-- This site is optimized with the Yoast SEO plugin v27.4 - https:\/\/yoast.com\/product\/yoast-seo-wordpress\/ -->\n<title>Jung von Matt Schweiz verst\u00e4rkt internationale Vernetzung - Organisator<\/title>\n<meta name=\"description\" content=\"Jung von Matt Schweiz st\u00e4rkt die globale Vernetzung und bietet Kund:innen direkten Zugang zu internationaler Kreativexpertise.\" \/>\n<meta name=\"robots\" content=\"index, follow, max-snippet:-1, max-image-preview:large, max-video-preview:-1\" \/>\n<link rel=\"canonical\" href=\"https:\/\/www.organisator.ch\/de\/marketing\/2025-03-04\/jung-von-matt-schweiz-verstaerkt-internationale-vernetzung\/\" \/>\n<meta property=\"og:locale\" content=\"de_DE\" \/>\n<meta property=\"og:type\" content=\"article\" \/>\n<meta property=\"og:title\" content=\"Jung von Matt Schweiz verst\u00e4rkt internationale Vernetzung - Organisator\" \/>\n<meta property=\"og:description\" content=\"Jung von Matt Schweiz st\u00e4rkt die globale Vernetzung und bietet Kund:innen direkten Zugang zu internationaler Kreativexpertise.\" \/>\n<meta property=\"og:url\" content=\"https:\/\/www.organisator.ch\/de\/marketing\/2025-03-04\/jung-von-matt-schweiz-verstaerkt-internationale-vernetzung\/\" \/>\n<meta property=\"og:site_name\" content=\"Organisator\" \/>\n<meta property=\"article:publisher\" content=\"https:\/\/www.facebook.com\/OrganisatorFachmagazin\" \/>\n<meta property=\"article:published_time\" content=\"2025-03-04T06:26:21+00:00\" \/>\n<meta property=\"article:modified_time\" content=\"2025-03-04T06:34:42+00:00\" \/>\n<meta name=\"author\" content=\"galledia\" \/>\n<meta name=\"twitter:card\" content=\"summary_large_image\" \/>\n<meta name=\"twitter:creator\" content=\"@admin\" \/>\n<script type=\"application\/ld+json\" class=\"yoast-schema-graph\">{\"@context\":\"https:\\\/\\\/schema.org\",\"@graph\":[{\"@type\":\"Article\",\"@id\":\"https:\\\/\\\/www.organisator.ch\\\/marketing\\\/2025-03-04\\\/jung-von-matt-schweiz-verstaerkt-internationale-vernetzung\\\/#article\",\"isPartOf\":{\"@id\":\"https:\\\/\\\/www.organisator.ch\\\/marketing\\\/2025-03-04\\\/jung-von-matt-schweiz-verstaerkt-internationale-vernetzung\\\/\"},\"author\":{\"name\":\"galledia\",\"@id\":\"https:\\\/\\\/www.organisator.ch\\\/#\\\/schema\\\/person\\\/4e51799071cd2dd1232ac003643ef5f0\"},\"headline\":\"Jung von Matt Schweiz verst\u00e4rkt internationale Vernetzung\",\"datePublished\":\"2025-03-04T06:26:21+00:00\",\"dateModified\":\"2025-03-04T06:34:42+00:00\",\"mainEntityOfPage\":{\"@id\":\"https:\\\/\\\/www.organisator.ch\\\/marketing\\\/2025-03-04\\\/jung-von-matt-schweiz-verstaerkt-internationale-vernetzung\\\/\"},\"wordCount\":420,\"publisher\":{\"@id\":\"https:\\\/\\\/www.organisator.ch\\\/#organization\"},\"image\":{\"@id\":\"https:\\\/\\\/www.organisator.ch\\\/marketing\\\/2025-03-04\\\/jung-von-matt-schweiz-verstaerkt-internationale-vernetzung\\\/#primaryimage\"},\"thumbnailUrl\":\"https:\\\/\\\/www.markt-kom.com\\\/wp-content\\\/uploads\\\/2025\\\/03\\\/Jung-von-Matt-internationalisiert.jpg\",\"keywords\":[\"Business\",\"Jung von Matt\",\"von Matt\\\/Second Opinion\"],\"articleSection\":[\"MARKETING\"],\"inLanguage\":\"de\"},{\"@type\":\"WebPage\",\"@id\":\"https:\\\/\\\/www.organisator.ch\\\/marketing\\\/2025-03-04\\\/jung-von-matt-schweiz-verstaerkt-internationale-vernetzung\\\/\",\"url\":\"https:\\\/\\\/www.organisator.ch\\\/marketing\\\/2025-03-04\\\/jung-von-matt-schweiz-verstaerkt-internationale-vernetzung\\\/\",\"name\":\"Jung von Matt Schweiz verst\u00e4rkt internationale Vernetzung - Organisator\",\"isPartOf\":{\"@id\":\"https:\\\/\\\/www.organisator.ch\\\/#website\"},\"primaryImageOfPage\":{\"@id\":\"https:\\\/\\\/www.organisator.ch\\\/marketing\\\/2025-03-04\\\/jung-von-matt-schweiz-verstaerkt-internationale-vernetzung\\\/#primaryimage\"},\"image\":{\"@id\":\"https:\\\/\\\/www.organisator.ch\\\/marketing\\\/2025-03-04\\\/jung-von-matt-schweiz-verstaerkt-internationale-vernetzung\\\/#primaryimage\"},\"thumbnailUrl\":\"https:\\\/\\\/www.markt-kom.com\\\/wp-content\\\/uploads\\\/2025\\\/03\\\/Jung-von-Matt-internationalisiert.jpg\",\"datePublished\":\"2025-03-04T06:26:21+00:00\",\"dateModified\":\"2025-03-04T06:34:42+00:00\",\"description\":\"Jung von Matt Schweiz st\u00e4rkt die globale Vernetzung und bietet Kund:innen direkten Zugang zu internationaler Kreativexpertise.\",\"breadcrumb\":{\"@id\":\"https:\\\/\\\/www.organisator.ch\\\/marketing\\\/2025-03-04\\\/jung-von-matt-schweiz-verstaerkt-internationale-vernetzung\\\/#breadcrumb\"},\"inLanguage\":\"de\",\"potentialAction\":[{\"@type\":\"ReadAction\",\"target\":[\"https:\\\/\\\/www.organisator.ch\\\/marketing\\\/2025-03-04\\\/jung-von-matt-schweiz-verstaerkt-internationale-vernetzung\\\/\"]}]},{\"@type\":\"ImageObject\",\"inLanguage\":\"de\",\"@id\":\"https:\\\/\\\/www.organisator.ch\\\/marketing\\\/2025-03-04\\\/jung-von-matt-schweiz-verstaerkt-internationale-vernetzung\\\/#primaryimage\",\"url\":\"https:\\\/\\\/www.markt-kom.com\\\/wp-content\\\/uploads\\\/2025\\\/03\\\/Jung-von-Matt-internationalisiert.jpg\",\"contentUrl\":\"https:\\\/\\\/www.markt-kom.com\\\/wp-content\\\/uploads\\\/2025\\\/03\\\/Jung-von-Matt-internationalisiert.jpg\"},{\"@type\":\"BreadcrumbList\",\"@id\":\"https:\\\/\\\/www.organisator.ch\\\/marketing\\\/2025-03-04\\\/jung-von-matt-schweiz-verstaerkt-internationale-vernetzung\\\/#breadcrumb\",\"itemListElement\":[{\"@type\":\"ListItem\",\"position\":1,\"name\":\"Home\",\"item\":\"https:\\\/\\\/www.organisator.ch\\\/\"},{\"@type\":\"ListItem\",\"position\":2,\"name\":\"Jung von Matt Schweiz verst\u00e4rkt internationale Vernetzung\"}]},{\"@type\":\"WebSite\",\"@id\":\"https:\\\/\\\/www.organisator.ch\\\/#website\",\"url\":\"https:\\\/\\\/www.organisator.ch\\\/\",\"name\":\"Organisator\",\"description\":\"Kompetent. Praxisnah. Der ORGANISATOR bereitet in 10 Ausgaben pro Jahr die wesentlichen Themen f\u00fcr F\u00fchrungskr\u00e4fte von KMU auf.\",\"publisher\":{\"@id\":\"https:\\\/\\\/www.organisator.ch\\\/#organization\"},\"potentialAction\":[{\"@type\":\"SearchAction\",\"target\":{\"@type\":\"EntryPoint\",\"urlTemplate\":\"https:\\\/\\\/www.organisator.ch\\\/?s={search_term_string}\"},\"query-input\":{\"@type\":\"PropertyValueSpecification\",\"valueRequired\":true,\"valueName\":\"search_term_string\"}}],\"inLanguage\":\"de\"},{\"@type\":\"Organization\",\"@id\":\"https:\\\/\\\/www.organisator.ch\\\/#organization\",\"name\":\"Organisator\",\"url\":\"https:\\\/\\\/www.organisator.ch\\\/\",\"logo\":{\"@type\":\"ImageObject\",\"inLanguage\":\"de\",\"@id\":\"https:\\\/\\\/www.organisator.ch\\\/#\\\/schema\\\/logo\\\/image\\\/\",\"url\":\"https:\\\/\\\/www.organisator.ch\\\/wp-content\\\/uploads\\\/2022\\\/01\\\/Logo_Organisator_Website.png\",\"contentUrl\":\"https:\\\/\\\/www.organisator.ch\\\/wp-content\\\/uploads\\\/2022\\\/01\\\/Logo_Organisator_Website.png\",\"width\":800,\"height\":77,\"caption\":\"Organisator\"},\"image\":{\"@id\":\"https:\\\/\\\/www.organisator.ch\\\/#\\\/schema\\\/logo\\\/image\\\/\"},\"sameAs\":[\"https:\\\/\\\/www.facebook.com\\\/OrganisatorFachmagazin\",\"https:\\\/\\\/www.linkedin.com\\\/showcase\\\/organisator-das-magazin-fr-kmu\",\"https:\\\/\\\/www.xing.com\\\/news\\\/pages\\\/organisator-ch-695\",\"https:\\\/\\\/www.youtube.com\\\/channel\\\/UCGP2Sq0iWaZwT3BdIAQFYpw\"]},{\"@type\":\"Person\",\"@id\":\"https:\\\/\\\/www.organisator.ch\\\/#\\\/schema\\\/person\\\/4e51799071cd2dd1232ac003643ef5f0\",\"name\":\"galledia\",\"image\":{\"@type\":\"ImageObject\",\"inLanguage\":\"de\",\"@id\":\"https:\\\/\\\/secure.gravatar.com\\\/avatar\\\/78a7f90c01fc2bfc875782a0d4922b37cde2cf184ce347b91316d23cd7f69a36?s=96&d=mm&r=g\",\"url\":\"https:\\\/\\\/secure.gravatar.com\\\/avatar\\\/78a7f90c01fc2bfc875782a0d4922b37cde2cf184ce347b91316d23cd7f69a36?s=96&d=mm&r=g\",\"contentUrl\":\"https:\\\/\\\/secure.gravatar.com\\\/avatar\\\/78a7f90c01fc2bfc875782a0d4922b37cde2cf184ce347b91316d23cd7f69a36?s=96&d=mm&r=g\",\"caption\":\"galledia\"},\"sameAs\":[\"https:\\\/\\\/x.com\\\/admin\"],\"url\":\"https:\\\/\\\/www.organisator.ch\\\/de\\\/author\\\/galledia\\\/\"}]}<\/script>\n<!-- \/ Yoast SEO plugin. -->","yoast_head_json":{"title":"Jung von Matt Schweiz verst\u00e4rkt internationale Vernetzung - Organisator","description":"Jung von Matt Schweiz st\u00e4rkt die globale Vernetzung und bietet Kund:innen direkten Zugang zu internationaler Kreativexpertise.","robots":{"index":"index","follow":"follow","max-snippet":"max-snippet:-1","max-image-preview":"max-image-preview:large","max-video-preview":"max-video-preview:-1"},"canonical":"https:\/\/www.organisator.ch\/de\/marketing\/2025-03-04\/jung-von-matt-schweiz-verstaerkt-internationale-vernetzung\/","og_locale":"de_DE","og_type":"article","og_title":"Jung von Matt Schweiz verst\u00e4rkt internationale Vernetzung - Organisator","og_description":"Jung von Matt Schweiz st\u00e4rkt die globale Vernetzung und bietet Kund:innen direkten Zugang zu internationaler Kreativexpertise.","og_url":"https:\/\/www.organisator.ch\/de\/marketing\/2025-03-04\/jung-von-matt-schweiz-verstaerkt-internationale-vernetzung\/","og_site_name":"Organisator","article_publisher":"https:\/\/www.facebook.com\/OrganisatorFachmagazin","article_published_time":"2025-03-04T06:26:21+00:00","article_modified_time":"2025-03-04T06:34:42+00:00","author":"galledia","twitter_card":"summary_large_image","twitter_creator":"@admin","schema":{"@context":"https:\/\/schema.org","@graph":[{"@type":"Article","@id":"https:\/\/www.organisator.ch\/marketing\/2025-03-04\/jung-von-matt-schweiz-verstaerkt-internationale-vernetzung\/#article","isPartOf":{"@id":"https:\/\/www.organisator.ch\/marketing\/2025-03-04\/jung-von-matt-schweiz-verstaerkt-internationale-vernetzung\/"},"author":{"name":"galledia","@id":"https:\/\/www.organisator.ch\/#\/schema\/person\/4e51799071cd2dd1232ac003643ef5f0"},"headline":"Jung von Matt Schweiz verst\u00e4rkt internationale Vernetzung","datePublished":"2025-03-04T06:26:21+00:00","dateModified":"2025-03-04T06:34:42+00:00","mainEntityOfPage":{"@id":"https:\/\/www.organisator.ch\/marketing\/2025-03-04\/jung-von-matt-schweiz-verstaerkt-internationale-vernetzung\/"},"wordCount":420,"publisher":{"@id":"https:\/\/www.organisator.ch\/#organization"},"image":{"@id":"https:\/\/www.organisator.ch\/marketing\/2025-03-04\/jung-von-matt-schweiz-verstaerkt-internationale-vernetzung\/#primaryimage"},"thumbnailUrl":"https:\/\/www.markt-kom.com\/wp-content\/uploads\/2025\/03\/Jung-von-Matt-internationalisiert.jpg","keywords":["Business","Jung von Matt","von Matt\/Second Opinion"],"articleSection":["MARKETING"],"inLanguage":"de"},{"@type":"WebPage","@id":"https:\/\/www.organisator.ch\/marketing\/2025-03-04\/jung-von-matt-schweiz-verstaerkt-internationale-vernetzung\/","url":"https:\/\/www.organisator.ch\/marketing\/2025-03-04\/jung-von-matt-schweiz-verstaerkt-internationale-vernetzung\/","name":"Jung von Matt Schweiz verst\u00e4rkt internationale Vernetzung - Organisator","isPartOf":{"@id":"https:\/\/www.organisator.ch\/#website"},"primaryImageOfPage":{"@id":"https:\/\/www.organisator.ch\/marketing\/2025-03-04\/jung-von-matt-schweiz-verstaerkt-internationale-vernetzung\/#primaryimage"},"image":{"@id":"https:\/\/www.organisator.ch\/marketing\/2025-03-04\/jung-von-matt-schweiz-verstaerkt-internationale-vernetzung\/#primaryimage"},"thumbnailUrl":"https:\/\/www.markt-kom.com\/wp-content\/uploads\/2025\/03\/Jung-von-Matt-internationalisiert.jpg","datePublished":"2025-03-04T06:26:21+00:00","dateModified":"2025-03-04T06:34:42+00:00","description":"Jung von Matt Schweiz st\u00e4rkt die globale Vernetzung und bietet Kund:innen direkten Zugang zu internationaler Kreativexpertise.","breadcrumb":{"@id":"https:\/\/www.organisator.ch\/marketing\/2025-03-04\/jung-von-matt-schweiz-verstaerkt-internationale-vernetzung\/#breadcrumb"},"inLanguage":"de","potentialAction":[{"@type":"ReadAction","target":["https:\/\/www.organisator.ch\/marketing\/2025-03-04\/jung-von-matt-schweiz-verstaerkt-internationale-vernetzung\/"]}]},{"@type":"ImageObject","inLanguage":"de","@id":"https:\/\/www.organisator.ch\/marketing\/2025-03-04\/jung-von-matt-schweiz-verstaerkt-internationale-vernetzung\/#primaryimage","url":"https:\/\/www.markt-kom.com\/wp-content\/uploads\/2025\/03\/Jung-von-Matt-internationalisiert.jpg","contentUrl":"https:\/\/www.markt-kom.com\/wp-content\/uploads\/2025\/03\/Jung-von-Matt-internationalisiert.jpg"},{"@type":"BreadcrumbList","@id":"https:\/\/www.organisator.ch\/marketing\/2025-03-04\/jung-von-matt-schweiz-verstaerkt-internationale-vernetzung\/#breadcrumb","itemListElement":[{"@type":"ListItem","position":1,"name":"Home","item":"https:\/\/www.organisator.ch\/"},{"@type":"ListItem","position":2,"name":"Jung von Matt Schweiz verst\u00e4rkt internationale Vernetzung"}]},{"@type":"WebSite","@id":"https:\/\/www.organisator.ch\/#website","url":"https:\/\/www.organisator.ch\/","name":"Organisator","description":"Kompetent. Praxisnah. Der ORGANISATOR bereitet in 10 Ausgaben pro Jahr die wesentlichen Themen f\u00fcr F\u00fchrungskr\u00e4fte von KMU auf.","publisher":{"@id":"https:\/\/www.organisator.ch\/#organization"},"potentialAction":[{"@type":"SearchAction","target":{"@type":"EntryPoint","urlTemplate":"https:\/\/www.organisator.ch\/?s={search_term_string}"},"query-input":{"@type":"PropertyValueSpecification","valueRequired":true,"valueName":"search_term_string"}}],"inLanguage":"de"},{"@type":"Organization","@id":"https:\/\/www.organisator.ch\/#organization","name":"Organisator","url":"https:\/\/www.organisator.ch\/","logo":{"@type":"ImageObject","inLanguage":"de","@id":"https:\/\/www.organisator.ch\/#\/schema\/logo\/image\/","url":"https:\/\/www.organisator.ch\/wp-content\/uploads\/2022\/01\/Logo_Organisator_Website.png","contentUrl":"https:\/\/www.organisator.ch\/wp-content\/uploads\/2022\/01\/Logo_Organisator_Website.png","width":800,"height":77,"caption":"Organisator"},"image":{"@id":"https:\/\/www.organisator.ch\/#\/schema\/logo\/image\/"},"sameAs":["https:\/\/www.facebook.com\/OrganisatorFachmagazin","https:\/\/www.linkedin.com\/showcase\/organisator-das-magazin-fr-kmu","https:\/\/www.xing.com\/news\/pages\/organisator-ch-695","https:\/\/www.youtube.com\/channel\/UCGP2Sq0iWaZwT3BdIAQFYpw"]},{"@type":"Person","@id":"https:\/\/www.organisator.ch\/#\/schema\/person\/4e51799071cd2dd1232ac003643ef5f0","name":"galledia","image":{"@type":"ImageObject","inLanguage":"de","@id":"https:\/\/secure.gravatar.com\/avatar\/78a7f90c01fc2bfc875782a0d4922b37cde2cf184ce347b91316d23cd7f69a36?s=96&d=mm&r=g","url":"https:\/\/secure.gravatar.com\/avatar\/78a7f90c01fc2bfc875782a0d4922b37cde2cf184ce347b91316d23cd7f69a36?s=96&d=mm&r=g","contentUrl":"https:\/\/secure.gravatar.com\/avatar\/78a7f90c01fc2bfc875782a0d4922b37cde2cf184ce347b91316d23cd7f69a36?s=96&d=mm&r=g","caption":"galledia"},"sameAs":["https:\/\/x.com\/admin"],"url":"https:\/\/www.organisator.ch\/de\/author\/galledia\/"}]}},"_links":{"self":[{"href":"https:\/\/www.organisator.ch\/de\/wp-json\/wp\/v2\/posts\/36581","targetHints":{"allow":["GET"]}}],"collection":[{"href":"https:\/\/www.organisator.ch\/de\/wp-json\/wp\/v2\/posts"}],"about":[{"href":"https:\/\/www.organisator.ch\/de\/wp-json\/wp\/v2\/types\/post"}],"author":[{"embeddable":true,"href":"https:\/\/www.organisator.ch\/de\/wp-json\/wp\/v2\/users\/8"}],"replies":[{"embeddable":true,"href":"https:\/\/www.organisator.ch\/de\/wp-json\/wp\/v2\/comments?post=36581"}],"version-history":[{"count":3,"href":"https:\/\/www.organisator.ch\/de\/wp-json\/wp\/v2\/posts\/36581\/revisions"}],"predecessor-version":[{"id":36591,"href":"https:\/\/www.organisator.ch\/de\/wp-json\/wp\/v2\/posts\/36581\/revisions\/36591"}],"wp:attachment":[{"href":"https:\/\/www.organisator.ch\/de\/wp-json\/wp\/v2\/media?parent=36581"}],"wp:term":[{"taxonomy":"category","embeddable":true,"href":"https:\/\/www.organisator.ch\/de\/wp-json\/wp\/v2\/categories?post=36581"},{"taxonomy":"post_tag","embeddable":true,"href":"https:\/\/www.organisator.ch\/de\/wp-json\/wp\/v2\/tags?post=36581"}],"curies":[{"name":"wp","href":"https:\/\/api.w.org\/{rel}","templated":true}]}}