{"id":36588,"date":"2025-03-04T08:28:02","date_gmt":"2025-03-04T07:28:02","guid":{"rendered":"https:\/\/www.markt-kom.com\/?p=231258"},"modified":"2025-03-04T07:39:56","modified_gmt":"2025-03-04T06:39:56","slug":"natalie-martens-wechselt-zu-dept","status":"publish","type":"post","link":"https:\/\/www.organisator.ch\/de\/marketing\/2025-03-04\/natalie-martens-wechselt-zu-dept\/","title":{"rendered":"Natalie Martens wechselt zu Dept"},"content":{"rendered":"<figure id=\"attachment_231259\" class=\"wp-caption aligncenter\" style=\"width: 960px;\" aria-describedby=\"caption-attachment-231259\"><a href=\"https:\/\/www.markt-kom.com\/wp-content\/uploads\/2025\/03\/Natalie-Martens-VP-Clients-DACH-Creative-Media-DEPT%C2%AE.jpg\"><img class=\"size-full wp-image-231259\" src=\"https:\/\/www.markt-kom.com\/wp-content\/uploads\/2025\/03\/Natalie-Martens-VP-Clients-DACH-Creative-Media-DEPT%C2%AE.jpg\" sizes=\"(max-width: 960px) 100vw, 960px\" srcset=\"https:\/\/www.markt-kom.com\/wp-content\/uploads\/2025\/03\/Natalie-Martens-VP-Clients-DACH-Creative-Media-DEPT\u00ae.jpg 960w, https:\/\/www.markt-kom.com\/wp-content\/uploads\/2025\/03\/Natalie-Martens-VP-Clients-DACH-Creative-Media-DEPT\u00ae-600x338.jpg 600w, https:\/\/www.markt-kom.com\/wp-content\/uploads\/2025\/03\/Natalie-Martens-VP-Clients-DACH-Creative-Media-DEPT\u00ae-768x432.jpg 768w, https:\/\/www.markt-kom.com\/wp-content\/uploads\/2025\/03\/Natalie-Martens-VP-Clients-DACH-Creative-Media-DEPT\u00ae-18x10.jpg 18w, https:\/\/www.markt-kom.com\/wp-content\/uploads\/2025\/03\/Natalie-Martens-VP-Clients-DACH-Creative-Media-DEPT\u00ae-311x175.jpg 311w, https:\/\/www.markt-kom.com\/wp-content\/uploads\/2025\/03\/Natalie-Martens-VP-Clients-DACH-Creative-Media-DEPT\u00ae-622x350.jpg 622w\" alt=\"\" width=\"960\" height=\"540\" \/><\/a>\r\n<figcaption id=\"caption-attachment-231259\" class=\"wp-caption-text\">(Bild: zVg.)<\/figcaption>\r\n<\/figure>\r\n<p>Martens wird die Kundenberatung bei Dept leiten und f\u00fcr das Account-Management-Team verantwortlich sein. In Zusammenarbeit mit den Kreativ- und Media-Teams der Agentur betreut sie Kund:innen wie Lieferando, Salamander und eBay. Die Personalie folgt auf die Ernennung von Wolfgang L\u00fcnenb\u00fcrger-Reidenbach zum SVP und Head of DACH und unterstreicht den Expansionskurs von Dept in der Region.<\/p>\r\n<p>Vor ihrem Wechsel war Martens bei Grey Germany f\u00fcr Markenstrategie und Gesch\u00e4ftswachstum verantwortlich. Davor hatte sie leitende Positionen bei Jung von Matt inne. Ihre St\u00e4rke liegt in der Verbindung von Kreativit\u00e4t, Daten und Technologie \u2013 ein Ansatz, der gut zur strategischen Ausrichtung von Dept passt, wie es in einer Mitteilung heisst.<\/p>\r\n<p>\u00abKreativit\u00e4t allein reicht nicht mehr aus \u2013 Marken brauchen Ideen, die an der Schnittstelle von Kreativit\u00e4t, Daten und Technologie ansetzen\u00bb, sagt Martens. \u00abDept ist f\u00fcr diese neue \u00c4ra gemacht, in der Innovation und Exekution Hand in Hand gehen.\u00bb<\/p>","protected":false},"excerpt":{"rendered":"<p>Die Agentur Dept verst\u00e4rkt ihr F\u00fchrungsteam in der DACH-Region: Natalie Martens \u00fcbernimmt die Position als Vice President Clients, Creative &amp; Media. Die fr\u00fchere Chief Business Officer von Grey bringt \u00fcber 20 Jahre Erfahrung in Markenstrategie, digitalem Marketing und Agenturf\u00fchrung mit.<\/p>\n","protected":false},"author":8,"featured_media":0,"comment_status":"closed","ping_status":"closed","sticky":false,"template":"","format":"standard","meta":{"_acf_changed":false,"_yoast_wpseo_focuskw":"Natalie Martens","_yoast_wpseo_metadesc":"Dept ernennt Natalie Martens zur Vice President Clients, Creative & Media in der DACH-Region und st\u00e4rkt damit die F\u00fchrungsebene.","articlekey":"","footnotes":""},"categories":[29],"tags":[4345,4852,4351,2853],"class_list":["post-36588","post","type-post","status-publish","format-standard","hentry","category-marketing","tag-business","tag-dept","tag-dexat","tag-jobchange"],"acf":[],"yoast_head":"<!-- This site is optimized with the Yoast SEO plugin v27.4 - https:\/\/yoast.com\/product\/yoast-seo-wordpress\/ -->\n<title>Natalie Martens wechselt zu Dept - Organisator<\/title>\n<meta name=\"description\" content=\"Dept ernennt Natalie Martens zur Vice President Clients, Creative &amp; Media in der DACH-Region und st\u00e4rkt damit die F\u00fchrungsebene.\" \/>\n<meta name=\"robots\" content=\"index, follow, max-snippet:-1, max-image-preview:large, max-video-preview:-1\" \/>\n<link rel=\"canonical\" href=\"https:\/\/www.organisator.ch\/de\/marketing\/2025-03-04\/natalie-martens-wechselt-zu-dept\/\" \/>\n<meta property=\"og:locale\" content=\"de_DE\" \/>\n<meta property=\"og:type\" content=\"article\" \/>\n<meta property=\"og:title\" content=\"Natalie Martens wechselt zu Dept - Organisator\" \/>\n<meta property=\"og:description\" content=\"Dept ernennt Natalie Martens zur Vice President Clients, Creative &amp; Media in der DACH-Region und st\u00e4rkt damit die F\u00fchrungsebene.\" \/>\n<meta property=\"og:url\" content=\"https:\/\/www.organisator.ch\/de\/marketing\/2025-03-04\/natalie-martens-wechselt-zu-dept\/\" \/>\n<meta property=\"og:site_name\" content=\"Organisator\" \/>\n<meta property=\"article:publisher\" content=\"https:\/\/www.facebook.com\/OrganisatorFachmagazin\" \/>\n<meta property=\"article:published_time\" content=\"2025-03-04T07:28:02+00:00\" \/>\n<meta name=\"author\" content=\"galledia\" \/>\n<meta name=\"twitter:card\" content=\"summary_large_image\" \/>\n<meta name=\"twitter:creator\" content=\"@admin\" \/>\n<script type=\"application\/ld+json\" class=\"yoast-schema-graph\">{\"@context\":\"https:\\\/\\\/schema.org\",\"@graph\":[{\"@type\":\"Article\",\"@id\":\"https:\\\/\\\/www.organisator.ch\\\/marketing\\\/2025-03-04\\\/natalie-martens-wechselt-zu-dept\\\/#article\",\"isPartOf\":{\"@id\":\"https:\\\/\\\/www.organisator.ch\\\/marketing\\\/2025-03-04\\\/natalie-martens-wechselt-zu-dept\\\/\"},\"author\":{\"name\":\"galledia\",\"@id\":\"https:\\\/\\\/www.organisator.ch\\\/#\\\/schema\\\/person\\\/4e51799071cd2dd1232ac003643ef5f0\"},\"headline\":\"Natalie Martens wechselt zu Dept\",\"datePublished\":\"2025-03-04T07:28:02+00:00\",\"mainEntityOfPage\":{\"@id\":\"https:\\\/\\\/www.organisator.ch\\\/marketing\\\/2025-03-04\\\/natalie-martens-wechselt-zu-dept\\\/\"},\"wordCount\":159,\"publisher\":{\"@id\":\"https:\\\/\\\/www.organisator.ch\\\/#organization\"},\"image\":{\"@id\":\"https:\\\/\\\/www.organisator.ch\\\/marketing\\\/2025-03-04\\\/natalie-martens-wechselt-zu-dept\\\/#primaryimage\"},\"thumbnailUrl\":\"https:\\\/\\\/www.markt-kom.com\\\/wp-content\\\/uploads\\\/2025\\\/03\\\/Natalie-Martens-VP-Clients-DACH-Creative-Media-DEPT%C2%AE.jpg\",\"keywords\":[\"Business\",\"Dept\",\"DExAT\",\"Jobchange\"],\"articleSection\":[\"MARKETING\"],\"inLanguage\":\"de\"},{\"@type\":\"WebPage\",\"@id\":\"https:\\\/\\\/www.organisator.ch\\\/marketing\\\/2025-03-04\\\/natalie-martens-wechselt-zu-dept\\\/\",\"url\":\"https:\\\/\\\/www.organisator.ch\\\/marketing\\\/2025-03-04\\\/natalie-martens-wechselt-zu-dept\\\/\",\"name\":\"Natalie Martens wechselt zu Dept - Organisator\",\"isPartOf\":{\"@id\":\"https:\\\/\\\/www.organisator.ch\\\/#website\"},\"primaryImageOfPage\":{\"@id\":\"https:\\\/\\\/www.organisator.ch\\\/marketing\\\/2025-03-04\\\/natalie-martens-wechselt-zu-dept\\\/#primaryimage\"},\"image\":{\"@id\":\"https:\\\/\\\/www.organisator.ch\\\/marketing\\\/2025-03-04\\\/natalie-martens-wechselt-zu-dept\\\/#primaryimage\"},\"thumbnailUrl\":\"https:\\\/\\\/www.markt-kom.com\\\/wp-content\\\/uploads\\\/2025\\\/03\\\/Natalie-Martens-VP-Clients-DACH-Creative-Media-DEPT%C2%AE.jpg\",\"datePublished\":\"2025-03-04T07:28:02+00:00\",\"description\":\"Dept ernennt Natalie Martens zur Vice President Clients, Creative & Media in der DACH-Region und st\u00e4rkt damit die F\u00fchrungsebene.\",\"breadcrumb\":{\"@id\":\"https:\\\/\\\/www.organisator.ch\\\/marketing\\\/2025-03-04\\\/natalie-martens-wechselt-zu-dept\\\/#breadcrumb\"},\"inLanguage\":\"de\",\"potentialAction\":[{\"@type\":\"ReadAction\",\"target\":[\"https:\\\/\\\/www.organisator.ch\\\/marketing\\\/2025-03-04\\\/natalie-martens-wechselt-zu-dept\\\/\"]}]},{\"@type\":\"ImageObject\",\"inLanguage\":\"de\",\"@id\":\"https:\\\/\\\/www.organisator.ch\\\/marketing\\\/2025-03-04\\\/natalie-martens-wechselt-zu-dept\\\/#primaryimage\",\"url\":\"https:\\\/\\\/www.markt-kom.com\\\/wp-content\\\/uploads\\\/2025\\\/03\\\/Natalie-Martens-VP-Clients-DACH-Creative-Media-DEPT%C2%AE.jpg\",\"contentUrl\":\"https:\\\/\\\/www.markt-kom.com\\\/wp-content\\\/uploads\\\/2025\\\/03\\\/Natalie-Martens-VP-Clients-DACH-Creative-Media-DEPT%C2%AE.jpg\"},{\"@type\":\"BreadcrumbList\",\"@id\":\"https:\\\/\\\/www.organisator.ch\\\/marketing\\\/2025-03-04\\\/natalie-martens-wechselt-zu-dept\\\/#breadcrumb\",\"itemListElement\":[{\"@type\":\"ListItem\",\"position\":1,\"name\":\"Home\",\"item\":\"https:\\\/\\\/www.organisator.ch\\\/\"},{\"@type\":\"ListItem\",\"position\":2,\"name\":\"Natalie Martens wechselt zu Dept\"}]},{\"@type\":\"WebSite\",\"@id\":\"https:\\\/\\\/www.organisator.ch\\\/#website\",\"url\":\"https:\\\/\\\/www.organisator.ch\\\/\",\"name\":\"Organisator\",\"description\":\"Kompetent. Praxisnah. Der ORGANISATOR bereitet in 10 Ausgaben pro Jahr die wesentlichen Themen f\u00fcr F\u00fchrungskr\u00e4fte von KMU auf.\",\"publisher\":{\"@id\":\"https:\\\/\\\/www.organisator.ch\\\/#organization\"},\"potentialAction\":[{\"@type\":\"SearchAction\",\"target\":{\"@type\":\"EntryPoint\",\"urlTemplate\":\"https:\\\/\\\/www.organisator.ch\\\/?s={search_term_string}\"},\"query-input\":{\"@type\":\"PropertyValueSpecification\",\"valueRequired\":true,\"valueName\":\"search_term_string\"}}],\"inLanguage\":\"de\"},{\"@type\":\"Organization\",\"@id\":\"https:\\\/\\\/www.organisator.ch\\\/#organization\",\"name\":\"Organisator\",\"url\":\"https:\\\/\\\/www.organisator.ch\\\/\",\"logo\":{\"@type\":\"ImageObject\",\"inLanguage\":\"de\",\"@id\":\"https:\\\/\\\/www.organisator.ch\\\/#\\\/schema\\\/logo\\\/image\\\/\",\"url\":\"https:\\\/\\\/www.organisator.ch\\\/wp-content\\\/uploads\\\/2022\\\/01\\\/Logo_Organisator_Website.png\",\"contentUrl\":\"https:\\\/\\\/www.organisator.ch\\\/wp-content\\\/uploads\\\/2022\\\/01\\\/Logo_Organisator_Website.png\",\"width\":800,\"height\":77,\"caption\":\"Organisator\"},\"image\":{\"@id\":\"https:\\\/\\\/www.organisator.ch\\\/#\\\/schema\\\/logo\\\/image\\\/\"},\"sameAs\":[\"https:\\\/\\\/www.facebook.com\\\/OrganisatorFachmagazin\",\"https:\\\/\\\/www.linkedin.com\\\/showcase\\\/organisator-das-magazin-fr-kmu\",\"https:\\\/\\\/www.xing.com\\\/news\\\/pages\\\/organisator-ch-695\",\"https:\\\/\\\/www.youtube.com\\\/channel\\\/UCGP2Sq0iWaZwT3BdIAQFYpw\"]},{\"@type\":\"Person\",\"@id\":\"https:\\\/\\\/www.organisator.ch\\\/#\\\/schema\\\/person\\\/4e51799071cd2dd1232ac003643ef5f0\",\"name\":\"galledia\",\"image\":{\"@type\":\"ImageObject\",\"inLanguage\":\"de\",\"@id\":\"https:\\\/\\\/secure.gravatar.com\\\/avatar\\\/78a7f90c01fc2bfc875782a0d4922b37cde2cf184ce347b91316d23cd7f69a36?s=96&d=mm&r=g\",\"url\":\"https:\\\/\\\/secure.gravatar.com\\\/avatar\\\/78a7f90c01fc2bfc875782a0d4922b37cde2cf184ce347b91316d23cd7f69a36?s=96&d=mm&r=g\",\"contentUrl\":\"https:\\\/\\\/secure.gravatar.com\\\/avatar\\\/78a7f90c01fc2bfc875782a0d4922b37cde2cf184ce347b91316d23cd7f69a36?s=96&d=mm&r=g\",\"caption\":\"galledia\"},\"sameAs\":[\"https:\\\/\\\/x.com\\\/admin\"],\"url\":\"https:\\\/\\\/www.organisator.ch\\\/de\\\/author\\\/galledia\\\/\"}]}<\/script>\n<!-- \/ Yoast SEO plugin. -->","yoast_head_json":{"title":"Natalie Martens wechselt zu Dept - Organisator","description":"Dept ernennt Natalie Martens zur Vice President Clients, Creative & Media in der DACH-Region und st\u00e4rkt damit die F\u00fchrungsebene.","robots":{"index":"index","follow":"follow","max-snippet":"max-snippet:-1","max-image-preview":"max-image-preview:large","max-video-preview":"max-video-preview:-1"},"canonical":"https:\/\/www.organisator.ch\/de\/marketing\/2025-03-04\/natalie-martens-wechselt-zu-dept\/","og_locale":"de_DE","og_type":"article","og_title":"Natalie Martens wechselt zu Dept - Organisator","og_description":"Dept ernennt Natalie Martens zur Vice President Clients, Creative & Media in der DACH-Region und st\u00e4rkt damit die F\u00fchrungsebene.","og_url":"https:\/\/www.organisator.ch\/de\/marketing\/2025-03-04\/natalie-martens-wechselt-zu-dept\/","og_site_name":"Organisator","article_publisher":"https:\/\/www.facebook.com\/OrganisatorFachmagazin","article_published_time":"2025-03-04T07:28:02+00:00","author":"galledia","twitter_card":"summary_large_image","twitter_creator":"@admin","schema":{"@context":"https:\/\/schema.org","@graph":[{"@type":"Article","@id":"https:\/\/www.organisator.ch\/marketing\/2025-03-04\/natalie-martens-wechselt-zu-dept\/#article","isPartOf":{"@id":"https:\/\/www.organisator.ch\/marketing\/2025-03-04\/natalie-martens-wechselt-zu-dept\/"},"author":{"name":"galledia","@id":"https:\/\/www.organisator.ch\/#\/schema\/person\/4e51799071cd2dd1232ac003643ef5f0"},"headline":"Natalie Martens wechselt zu Dept","datePublished":"2025-03-04T07:28:02+00:00","mainEntityOfPage":{"@id":"https:\/\/www.organisator.ch\/marketing\/2025-03-04\/natalie-martens-wechselt-zu-dept\/"},"wordCount":159,"publisher":{"@id":"https:\/\/www.organisator.ch\/#organization"},"image":{"@id":"https:\/\/www.organisator.ch\/marketing\/2025-03-04\/natalie-martens-wechselt-zu-dept\/#primaryimage"},"thumbnailUrl":"https:\/\/www.markt-kom.com\/wp-content\/uploads\/2025\/03\/Natalie-Martens-VP-Clients-DACH-Creative-Media-DEPT%C2%AE.jpg","keywords":["Business","Dept","DExAT","Jobchange"],"articleSection":["MARKETING"],"inLanguage":"de"},{"@type":"WebPage","@id":"https:\/\/www.organisator.ch\/marketing\/2025-03-04\/natalie-martens-wechselt-zu-dept\/","url":"https:\/\/www.organisator.ch\/marketing\/2025-03-04\/natalie-martens-wechselt-zu-dept\/","name":"Natalie Martens wechselt zu Dept - Organisator","isPartOf":{"@id":"https:\/\/www.organisator.ch\/#website"},"primaryImageOfPage":{"@id":"https:\/\/www.organisator.ch\/marketing\/2025-03-04\/natalie-martens-wechselt-zu-dept\/#primaryimage"},"image":{"@id":"https:\/\/www.organisator.ch\/marketing\/2025-03-04\/natalie-martens-wechselt-zu-dept\/#primaryimage"},"thumbnailUrl":"https:\/\/www.markt-kom.com\/wp-content\/uploads\/2025\/03\/Natalie-Martens-VP-Clients-DACH-Creative-Media-DEPT%C2%AE.jpg","datePublished":"2025-03-04T07:28:02+00:00","description":"Dept ernennt Natalie Martens zur Vice President Clients, Creative & Media in der DACH-Region und st\u00e4rkt damit die F\u00fchrungsebene.","breadcrumb":{"@id":"https:\/\/www.organisator.ch\/marketing\/2025-03-04\/natalie-martens-wechselt-zu-dept\/#breadcrumb"},"inLanguage":"de","potentialAction":[{"@type":"ReadAction","target":["https:\/\/www.organisator.ch\/marketing\/2025-03-04\/natalie-martens-wechselt-zu-dept\/"]}]},{"@type":"ImageObject","inLanguage":"de","@id":"https:\/\/www.organisator.ch\/marketing\/2025-03-04\/natalie-martens-wechselt-zu-dept\/#primaryimage","url":"https:\/\/www.markt-kom.com\/wp-content\/uploads\/2025\/03\/Natalie-Martens-VP-Clients-DACH-Creative-Media-DEPT%C2%AE.jpg","contentUrl":"https:\/\/www.markt-kom.com\/wp-content\/uploads\/2025\/03\/Natalie-Martens-VP-Clients-DACH-Creative-Media-DEPT%C2%AE.jpg"},{"@type":"BreadcrumbList","@id":"https:\/\/www.organisator.ch\/marketing\/2025-03-04\/natalie-martens-wechselt-zu-dept\/#breadcrumb","itemListElement":[{"@type":"ListItem","position":1,"name":"Home","item":"https:\/\/www.organisator.ch\/"},{"@type":"ListItem","position":2,"name":"Natalie Martens wechselt zu Dept"}]},{"@type":"WebSite","@id":"https:\/\/www.organisator.ch\/#website","url":"https:\/\/www.organisator.ch\/","name":"Organisator","description":"Kompetent. Praxisnah. Der ORGANISATOR bereitet in 10 Ausgaben pro Jahr die wesentlichen Themen f\u00fcr F\u00fchrungskr\u00e4fte von KMU auf.","publisher":{"@id":"https:\/\/www.organisator.ch\/#organization"},"potentialAction":[{"@type":"SearchAction","target":{"@type":"EntryPoint","urlTemplate":"https:\/\/www.organisator.ch\/?s={search_term_string}"},"query-input":{"@type":"PropertyValueSpecification","valueRequired":true,"valueName":"search_term_string"}}],"inLanguage":"de"},{"@type":"Organization","@id":"https:\/\/www.organisator.ch\/#organization","name":"Organisator","url":"https:\/\/www.organisator.ch\/","logo":{"@type":"ImageObject","inLanguage":"de","@id":"https:\/\/www.organisator.ch\/#\/schema\/logo\/image\/","url":"https:\/\/www.organisator.ch\/wp-content\/uploads\/2022\/01\/Logo_Organisator_Website.png","contentUrl":"https:\/\/www.organisator.ch\/wp-content\/uploads\/2022\/01\/Logo_Organisator_Website.png","width":800,"height":77,"caption":"Organisator"},"image":{"@id":"https:\/\/www.organisator.ch\/#\/schema\/logo\/image\/"},"sameAs":["https:\/\/www.facebook.com\/OrganisatorFachmagazin","https:\/\/www.linkedin.com\/showcase\/organisator-das-magazin-fr-kmu","https:\/\/www.xing.com\/news\/pages\/organisator-ch-695","https:\/\/www.youtube.com\/channel\/UCGP2Sq0iWaZwT3BdIAQFYpw"]},{"@type":"Person","@id":"https:\/\/www.organisator.ch\/#\/schema\/person\/4e51799071cd2dd1232ac003643ef5f0","name":"galledia","image":{"@type":"ImageObject","inLanguage":"de","@id":"https:\/\/secure.gravatar.com\/avatar\/78a7f90c01fc2bfc875782a0d4922b37cde2cf184ce347b91316d23cd7f69a36?s=96&d=mm&r=g","url":"https:\/\/secure.gravatar.com\/avatar\/78a7f90c01fc2bfc875782a0d4922b37cde2cf184ce347b91316d23cd7f69a36?s=96&d=mm&r=g","contentUrl":"https:\/\/secure.gravatar.com\/avatar\/78a7f90c01fc2bfc875782a0d4922b37cde2cf184ce347b91316d23cd7f69a36?s=96&d=mm&r=g","caption":"galledia"},"sameAs":["https:\/\/x.com\/admin"],"url":"https:\/\/www.organisator.ch\/de\/author\/galledia\/"}]}},"_links":{"self":[{"href":"https:\/\/www.organisator.ch\/de\/wp-json\/wp\/v2\/posts\/36588","targetHints":{"allow":["GET"]}}],"collection":[{"href":"https:\/\/www.organisator.ch\/de\/wp-json\/wp\/v2\/posts"}],"about":[{"href":"https:\/\/www.organisator.ch\/de\/wp-json\/wp\/v2\/types\/post"}],"author":[{"embeddable":true,"href":"https:\/\/www.organisator.ch\/de\/wp-json\/wp\/v2\/users\/8"}],"replies":[{"embeddable":true,"href":"https:\/\/www.organisator.ch\/de\/wp-json\/wp\/v2\/comments?post=36588"}],"version-history":[{"count":3,"href":"https:\/\/www.organisator.ch\/de\/wp-json\/wp\/v2\/posts\/36588\/revisions"}],"predecessor-version":[{"id":36599,"href":"https:\/\/www.organisator.ch\/de\/wp-json\/wp\/v2\/posts\/36588\/revisions\/36599"}],"wp:attachment":[{"href":"https:\/\/www.organisator.ch\/de\/wp-json\/wp\/v2\/media?parent=36588"}],"wp:term":[{"taxonomy":"category","embeddable":true,"href":"https:\/\/www.organisator.ch\/de\/wp-json\/wp\/v2\/categories?post=36588"},{"taxonomy":"post_tag","embeddable":true,"href":"https:\/\/www.organisator.ch\/de\/wp-json\/wp\/v2\/tags?post=36588"}],"curies":[{"name":"wp","href":"https:\/\/api.w.org\/{rel}","templated":true}]}}