{"id":36614,"date":"2025-03-04T13:30:22","date_gmt":"2025-03-04T12:30:22","guid":{"rendered":"https:\/\/www.m-q.ch\/?p=21155"},"modified":"2025-03-04T13:34:12","modified_gmt":"2025-03-04T12:34:12","slug":"allianz-suisse-erneut-great-place-to-work","status":"publish","type":"post","link":"https:\/\/www.organisator.ch\/de\/human-resources\/2025-03-04\/allianz-suisse-erneut-great-place-to-work\/","title":{"rendered":"Allianz Suisse erneut \u201eGreat Place to Work\u201c"},"content":{"rendered":"<figure id=\"attachment_21157\" class=\"wp-caption alignnone\" style=\"width: 1000px;\" aria-describedby=\"caption-attachment-21157\"><img class=\"size-full wp-image-21157\" src=\"https:\/\/www.m-q.ch\/wp-content\/uploads\/2025\/03\/Depositphotos_249340378_S.jpg\" sizes=\"(max-width: 1000px) 100vw, 1000px\" srcset=\"https:\/\/www.m-q.ch\/wp-content\/uploads\/2025\/03\/Depositphotos_249340378_S.jpg 1000w, https:\/\/www.m-q.ch\/wp-content\/uploads\/2025\/03\/Depositphotos_249340378_S-768x512.jpg 768w, https:\/\/www.m-q.ch\/wp-content\/uploads\/2025\/03\/Depositphotos_249340378_S-18x12.jpg 18w, https:\/\/www.m-q.ch\/wp-content\/uploads\/2025\/03\/Depositphotos_249340378_S-375x250.jpg 375w, https:\/\/www.m-q.ch\/wp-content\/uploads\/2025\/03\/Depositphotos_249340378_S-525x350.jpg 525w\" alt=\"\" width=\"1000\" height=\"667\" \/>\r\n<figcaption id=\"caption-attachment-21157\" class=\"wp-caption-text\">Allianz Suisse ist erneut als \u201eGreat Place to Work\u201c ausgezeichnet worden und z\u00e4hlt zu den besten Arbeitgebern der Schweiz. (Bild: www.depositphotos.com)<\/figcaption>\r\n<\/figure>\r\n<p>Die Allianz Suisse ist vom internationalen Beratungs- und Forschungsinstitut \u201eGreat Place to Work\u201c zum zweiten Mal in Folge als ausgezeichnete Arbeitgeberin zertifiziert worden. Basis der Zertifizierung ist eine anonyme Umfrage, die im Januar 2025 unter den Mitarbeitenden der Allianz Suisse durchgef\u00fchrt wurde. Die Fragen f\u00fcr die Zertifizierung basieren auf den f\u00fcnf verschiedenen Dimensionen einer aktiv gelebten, vertrauensbasierten Arbeitsplatzkultur: Glaubw\u00fcrdigkeit, Respekt, Fairness, Teamgeist und Stolz. Laura Gersch, CEO der Allianz Suisse, zum Ergebnis der Umfrage: \u201eIch bin stolz auf unser Team, das mit viel Engagement und Leidenschaft unsere Ziele in Einklang mit unserem Purpose verfolgt: We secure your future.\u201c<\/p>\r\n<h3><strong>Allianz Suisse unter den Top 10 der \u00abBest Workplaces<img class=\"wp-smiley\" style=\"height: 1em; max-height: 1em;\" src=\"https:\/\/s.w.org\/images\/core\/emoji\/15.0.3\/72x72\/2122.png\" alt=\"\u2122\" \/> Schweiz\u00bb<\/strong><\/h3>\r\n<p>Basierend auf der Zertifizierung 2024 erhielt die Allianz Suisse zudem die Auszeichnung \u201eBest Workplaces<img class=\"wp-smiley\" style=\"height: 1em; max-height: 1em;\" src=\"https:\/\/s.w.org\/images\/core\/emoji\/15.0.3\/72x72\/2122.png\" alt=\"\u2122\" \/> Schweiz\u201c. Diese Auszeichnung steht f\u00fcr besondere Leistungen bei der Entwicklung vertrauensvoller Arbeitsbeziehungen und der Gestaltung attraktiver und f\u00f6rderlicher Arbeitsbedingungen. Die Allianz Suisse hat dabei den Platz 9 in der Kategorie: Organisationen mit mehr als 250 Mitarbeitenden erreicht. Dieses herausragende Ergebnis best\u00e4tigt, dass die Allianz Suisse eine attraktive Arbeitgeberin in der Schweiz ist. Sie setzt sich aktiv f\u00fcr ihre Mitarbeitenden ein und bringt ihnen Vertrauen, Respekt und Wertsch\u00e4tzung entgegen. Ob die Allianz Suisse auch in diesem Jahr wieder als \u201eBest Workplaces(TM) Schweiz\u201c anerkannt wird, wird erst sp\u00e4ter im Jahr kommuniziert.<\/p>\r\n<p>Die Auszeichnung \u201eGreat Place to Work\u201c w\u00fcrdigt Unternehmen, die vertrauensvolle Arbeitsbeziehungen aktiv f\u00f6rdern. Sie steht zudem f\u00fcr herausragende Leistungen bei der Gestaltung attraktiver und f\u00f6rderlicher Arbeitsbedingungen.\u00a0In der Allianz Suisse wird grossen Wert daraufgelegt, den Mitarbeitenden ein Arbeitsumfeld zu bieten, das von Vertrauen, Respekt und Wertsch\u00e4tzung gepr\u00e4gt ist.<\/p>\r\n<h3><strong>Zustimmung von 79 Prozent \u2013 ein starker Wert<\/strong><\/h3>\r\n<p>Wie die Auswertung der anonymen Umfrage zeigt, finden 79 Prozent aller Teilnehmerinnen und Teilnehmer, dass die Allianz Suisse ein \u201eGreat Place to Work\u201c ist. Mit 79 Prozent liegt die Allianz Suisse nur knapp unter dem Benchmark von 85 Prozent, den Schweizer Unternehmen erreichen m\u00fcssen, um als \u201eBest Workplaces\u201c (Kategorie: Large, ab 250 Mitarbeitenden) nominiert zu werden.<\/p>\r\n<p>Das international t\u00e4tige Beratungs- und Forschungsinstitut \u201eGreat Place to Work\u201c erhebt und analysiert seit \u00fcber 30 Jahren Daten, um die Arbeitsplatzkultur von Organisationen zu messen. Weltweit arbeitet das Institut j\u00e4hrlich mit \u00fcber 10\u2019000 Unternehmen zusammen und befragt rund zehn Millionen Mitarbeitende in 60 L\u00e4ndern.<\/p>\r\n<p><em>Quelle: <a href=\"https:\/\/www.allianz.ch\/de\/ueber-uns\/medien\/medienmitteilungen-pressekit\/2025\/allianz-suisse-erneut--great-place-to-work--.html\">www.allianz.ch<\/a><\/em><\/p>\n<p class=\"syndicated-attribution\">Dieser Beitrag erschien urspr\u00fcnglich auf m-q.ch - <a href=\"https:\/\/www.m-q.ch\/de\/allianz-suisse-erneut-great-place-to-work\/\" target=\"_blank\">https:\/\/www.m-q.ch\/de\/allianz-suisse-erneut-great-place-to-work\/<\/a><\/p>","protected":false},"excerpt":{"rendered":"<p>Die Allianz Suisse hat erneut die Auszeichnung &#8222;Great Place to Work&#8220; erhalten. Das international anerkannte Qualit\u00e4tssiegel bescheinigt der Allianz Suisse eine \u00fcberdurchschnittlich gute Arbeitsplatzkultur, die von Glaubw\u00fcrdigkeit, Respekt, Fairness, Teamgeist und Stolz gepr\u00e4gt ist.<\/p>\n","protected":false},"author":80,"featured_media":0,"comment_status":"closed","ping_status":"closed","sticky":false,"template":"","format":"standard","meta":{"_acf_changed":false,"_yoast_wpseo_focuskw":"Allianz Suisse Great Place to Work","_yoast_wpseo_metadesc":"Allianz Suisse ist erneut als \u201eGreat Place to Work\u201c ausgezeichnet worden und z\u00e4hlt zu den besten Arbeitgebern der Schweiz.","articlekey":"","footnotes":""},"categories":[579],"tags":[695,50,743,103,2852,424],"class_list":["post-36614","post","type-post","status-publish","format-standard","hentry","category-human-resources","tag-allianz-suisse","tag-arbeitsplatz","tag-auszeichnung","tag-business-excellence","tag-great-place-to-work","tag-schweiz"],"acf":[],"yoast_head":"<!-- This site is optimized with the Yoast SEO plugin v27.5 - https:\/\/yoast.com\/product\/yoast-seo-wordpress\/ -->\n<title>Allianz Suisse erneut \u201eGreat Place to Work\u201c - Organisator<\/title>\n<meta name=\"description\" content=\"Allianz Suisse ist erneut als \u201eGreat Place to Work\u201c ausgezeichnet worden und z\u00e4hlt zu den besten Arbeitgebern der Schweiz.\" \/>\n<meta name=\"robots\" content=\"index, follow, max-snippet:-1, max-image-preview:large, max-video-preview:-1\" \/>\n<link rel=\"canonical\" href=\"https:\/\/www.organisator.ch\/de\/human-resources\/2025-03-04\/allianz-suisse-erneut-great-place-to-work\/\" \/>\n<meta property=\"og:locale\" content=\"de_DE\" \/>\n<meta property=\"og:type\" content=\"article\" \/>\n<meta property=\"og:title\" content=\"Allianz Suisse erneut \u201eGreat Place to Work\u201c - Organisator\" \/>\n<meta property=\"og:description\" content=\"Allianz Suisse ist erneut als \u201eGreat Place to Work\u201c ausgezeichnet worden und z\u00e4hlt zu den besten Arbeitgebern der Schweiz.\" \/>\n<meta property=\"og:url\" content=\"https:\/\/www.organisator.ch\/de\/human-resources\/2025-03-04\/allianz-suisse-erneut-great-place-to-work\/\" \/>\n<meta property=\"og:site_name\" content=\"Organisator\" \/>\n<meta property=\"article:publisher\" content=\"https:\/\/www.facebook.com\/OrganisatorFachmagazin\" \/>\n<meta property=\"article:published_time\" content=\"2025-03-04T12:30:22+00:00\" \/>\n<meta property=\"article:modified_time\" content=\"2025-03-04T12:34:12+00:00\" \/>\n<meta name=\"author\" content=\"Dzana Muminovic\" \/>\n<meta name=\"twitter:card\" content=\"summary_large_image\" \/>\n<script type=\"application\/ld+json\" class=\"yoast-schema-graph\">{\"@context\":\"https:\\\/\\\/schema.org\",\"@graph\":[{\"@type\":\"Article\",\"@id\":\"https:\\\/\\\/www.organisator.ch\\\/human-resources\\\/2025-03-04\\\/allianz-suisse-erneut-great-place-to-work\\\/#article\",\"isPartOf\":{\"@id\":\"https:\\\/\\\/www.organisator.ch\\\/human-resources\\\/2025-03-04\\\/allianz-suisse-erneut-great-place-to-work\\\/\"},\"author\":{\"name\":\"Dzana Muminovic\",\"@id\":\"https:\\\/\\\/www.organisator.ch\\\/#\\\/schema\\\/person\\\/afccda3a71c06d4be2ed9100dd163db7\"},\"headline\":\"Allianz Suisse erneut \u201eGreat Place to Work\u201c\",\"datePublished\":\"2025-03-04T12:30:22+00:00\",\"dateModified\":\"2025-03-04T12:34:12+00:00\",\"mainEntityOfPage\":{\"@id\":\"https:\\\/\\\/www.organisator.ch\\\/human-resources\\\/2025-03-04\\\/allianz-suisse-erneut-great-place-to-work\\\/\"},\"wordCount\":409,\"publisher\":{\"@id\":\"https:\\\/\\\/www.organisator.ch\\\/#organization\"},\"image\":{\"@id\":\"https:\\\/\\\/www.organisator.ch\\\/human-resources\\\/2025-03-04\\\/allianz-suisse-erneut-great-place-to-work\\\/#primaryimage\"},\"thumbnailUrl\":\"https:\\\/\\\/www.m-q.ch\\\/wp-content\\\/uploads\\\/2025\\\/03\\\/Depositphotos_249340378_S.jpg\",\"keywords\":[\"Allianz Suisse\",\"Arbeitsplatz\",\"Auszeichnung\",\"Business Excellence\",\"Great Place to Work\",\"Schweiz\"],\"articleSection\":[\"HUMAN RESOURCES\"],\"inLanguage\":\"de\"},{\"@type\":\"WebPage\",\"@id\":\"https:\\\/\\\/www.organisator.ch\\\/human-resources\\\/2025-03-04\\\/allianz-suisse-erneut-great-place-to-work\\\/\",\"url\":\"https:\\\/\\\/www.organisator.ch\\\/human-resources\\\/2025-03-04\\\/allianz-suisse-erneut-great-place-to-work\\\/\",\"name\":\"Allianz Suisse erneut \u201eGreat Place to Work\u201c - Organisator\",\"isPartOf\":{\"@id\":\"https:\\\/\\\/www.organisator.ch\\\/#website\"},\"primaryImageOfPage\":{\"@id\":\"https:\\\/\\\/www.organisator.ch\\\/human-resources\\\/2025-03-04\\\/allianz-suisse-erneut-great-place-to-work\\\/#primaryimage\"},\"image\":{\"@id\":\"https:\\\/\\\/www.organisator.ch\\\/human-resources\\\/2025-03-04\\\/allianz-suisse-erneut-great-place-to-work\\\/#primaryimage\"},\"thumbnailUrl\":\"https:\\\/\\\/www.m-q.ch\\\/wp-content\\\/uploads\\\/2025\\\/03\\\/Depositphotos_249340378_S.jpg\",\"datePublished\":\"2025-03-04T12:30:22+00:00\",\"dateModified\":\"2025-03-04T12:34:12+00:00\",\"description\":\"Allianz Suisse ist erneut als \u201eGreat Place to Work\u201c ausgezeichnet worden und z\u00e4hlt zu den besten Arbeitgebern der Schweiz.\",\"breadcrumb\":{\"@id\":\"https:\\\/\\\/www.organisator.ch\\\/human-resources\\\/2025-03-04\\\/allianz-suisse-erneut-great-place-to-work\\\/#breadcrumb\"},\"inLanguage\":\"de\",\"potentialAction\":[{\"@type\":\"ReadAction\",\"target\":[\"https:\\\/\\\/www.organisator.ch\\\/human-resources\\\/2025-03-04\\\/allianz-suisse-erneut-great-place-to-work\\\/\"]}]},{\"@type\":\"ImageObject\",\"inLanguage\":\"de\",\"@id\":\"https:\\\/\\\/www.organisator.ch\\\/human-resources\\\/2025-03-04\\\/allianz-suisse-erneut-great-place-to-work\\\/#primaryimage\",\"url\":\"https:\\\/\\\/www.m-q.ch\\\/wp-content\\\/uploads\\\/2025\\\/03\\\/Depositphotos_249340378_S.jpg\",\"contentUrl\":\"https:\\\/\\\/www.m-q.ch\\\/wp-content\\\/uploads\\\/2025\\\/03\\\/Depositphotos_249340378_S.jpg\"},{\"@type\":\"BreadcrumbList\",\"@id\":\"https:\\\/\\\/www.organisator.ch\\\/human-resources\\\/2025-03-04\\\/allianz-suisse-erneut-great-place-to-work\\\/#breadcrumb\",\"itemListElement\":[{\"@type\":\"ListItem\",\"position\":1,\"name\":\"Home\",\"item\":\"https:\\\/\\\/www.organisator.ch\\\/\"},{\"@type\":\"ListItem\",\"position\":2,\"name\":\"Allianz Suisse erneut \u201eGreat Place to Work\u201c\"}]},{\"@type\":\"WebSite\",\"@id\":\"https:\\\/\\\/www.organisator.ch\\\/#website\",\"url\":\"https:\\\/\\\/www.organisator.ch\\\/\",\"name\":\"Organisator\",\"description\":\"Kompetent. Praxisnah. Der ORGANISATOR bereitet in 10 Ausgaben pro Jahr die wesentlichen Themen f\u00fcr F\u00fchrungskr\u00e4fte von KMU auf.\",\"publisher\":{\"@id\":\"https:\\\/\\\/www.organisator.ch\\\/#organization\"},\"potentialAction\":[{\"@type\":\"SearchAction\",\"target\":{\"@type\":\"EntryPoint\",\"urlTemplate\":\"https:\\\/\\\/www.organisator.ch\\\/?s={search_term_string}\"},\"query-input\":{\"@type\":\"PropertyValueSpecification\",\"valueRequired\":true,\"valueName\":\"search_term_string\"}}],\"inLanguage\":\"de\"},{\"@type\":\"Organization\",\"@id\":\"https:\\\/\\\/www.organisator.ch\\\/#organization\",\"name\":\"Organisator\",\"url\":\"https:\\\/\\\/www.organisator.ch\\\/\",\"logo\":{\"@type\":\"ImageObject\",\"inLanguage\":\"de\",\"@id\":\"https:\\\/\\\/www.organisator.ch\\\/#\\\/schema\\\/logo\\\/image\\\/\",\"url\":\"https:\\\/\\\/www.organisator.ch\\\/wp-content\\\/uploads\\\/2022\\\/01\\\/Logo_Organisator_Website.png\",\"contentUrl\":\"https:\\\/\\\/www.organisator.ch\\\/wp-content\\\/uploads\\\/2022\\\/01\\\/Logo_Organisator_Website.png\",\"width\":800,\"height\":77,\"caption\":\"Organisator\"},\"image\":{\"@id\":\"https:\\\/\\\/www.organisator.ch\\\/#\\\/schema\\\/logo\\\/image\\\/\"},\"sameAs\":[\"https:\\\/\\\/www.facebook.com\\\/OrganisatorFachmagazin\",\"https:\\\/\\\/www.linkedin.com\\\/showcase\\\/organisator-das-magazin-fr-kmu\",\"https:\\\/\\\/www.xing.com\\\/news\\\/pages\\\/organisator-ch-695\",\"https:\\\/\\\/www.youtube.com\\\/channel\\\/UCGP2Sq0iWaZwT3BdIAQFYpw\"]},{\"@type\":\"Person\",\"@id\":\"https:\\\/\\\/www.organisator.ch\\\/#\\\/schema\\\/person\\\/afccda3a71c06d4be2ed9100dd163db7\",\"name\":\"Dzana Muminovic\",\"image\":{\"@type\":\"ImageObject\",\"inLanguage\":\"de\",\"@id\":\"https:\\\/\\\/secure.gravatar.com\\\/avatar\\\/909c5c71aff4b38e88686f2ab2f1ba152571f394f41ed8bae431ea56ced93050?s=96&d=mm&r=g\",\"url\":\"https:\\\/\\\/secure.gravatar.com\\\/avatar\\\/909c5c71aff4b38e88686f2ab2f1ba152571f394f41ed8bae431ea56ced93050?s=96&d=mm&r=g\",\"contentUrl\":\"https:\\\/\\\/secure.gravatar.com\\\/avatar\\\/909c5c71aff4b38e88686f2ab2f1ba152571f394f41ed8bae431ea56ced93050?s=96&d=mm&r=g\",\"caption\":\"Dzana Muminovic\"},\"url\":\"https:\\\/\\\/www.organisator.ch\\\/de\\\/author\\\/dzana-muminovic\\\/\"}]}<\/script>\n<!-- \/ Yoast SEO plugin. -->","yoast_head_json":{"title":"Allianz Suisse erneut \u201eGreat Place to Work\u201c - Organisator","description":"Allianz Suisse ist erneut als \u201eGreat Place to Work\u201c ausgezeichnet worden und z\u00e4hlt zu den besten Arbeitgebern der Schweiz.","robots":{"index":"index","follow":"follow","max-snippet":"max-snippet:-1","max-image-preview":"max-image-preview:large","max-video-preview":"max-video-preview:-1"},"canonical":"https:\/\/www.organisator.ch\/de\/human-resources\/2025-03-04\/allianz-suisse-erneut-great-place-to-work\/","og_locale":"de_DE","og_type":"article","og_title":"Allianz Suisse erneut \u201eGreat Place to Work\u201c - Organisator","og_description":"Allianz Suisse ist erneut als \u201eGreat Place to Work\u201c ausgezeichnet worden und z\u00e4hlt zu den besten Arbeitgebern der Schweiz.","og_url":"https:\/\/www.organisator.ch\/de\/human-resources\/2025-03-04\/allianz-suisse-erneut-great-place-to-work\/","og_site_name":"Organisator","article_publisher":"https:\/\/www.facebook.com\/OrganisatorFachmagazin","article_published_time":"2025-03-04T12:30:22+00:00","article_modified_time":"2025-03-04T12:34:12+00:00","author":"Dzana Muminovic","twitter_card":"summary_large_image","schema":{"@context":"https:\/\/schema.org","@graph":[{"@type":"Article","@id":"https:\/\/www.organisator.ch\/human-resources\/2025-03-04\/allianz-suisse-erneut-great-place-to-work\/#article","isPartOf":{"@id":"https:\/\/www.organisator.ch\/human-resources\/2025-03-04\/allianz-suisse-erneut-great-place-to-work\/"},"author":{"name":"Dzana Muminovic","@id":"https:\/\/www.organisator.ch\/#\/schema\/person\/afccda3a71c06d4be2ed9100dd163db7"},"headline":"Allianz Suisse erneut \u201eGreat Place to Work\u201c","datePublished":"2025-03-04T12:30:22+00:00","dateModified":"2025-03-04T12:34:12+00:00","mainEntityOfPage":{"@id":"https:\/\/www.organisator.ch\/human-resources\/2025-03-04\/allianz-suisse-erneut-great-place-to-work\/"},"wordCount":409,"publisher":{"@id":"https:\/\/www.organisator.ch\/#organization"},"image":{"@id":"https:\/\/www.organisator.ch\/human-resources\/2025-03-04\/allianz-suisse-erneut-great-place-to-work\/#primaryimage"},"thumbnailUrl":"https:\/\/www.m-q.ch\/wp-content\/uploads\/2025\/03\/Depositphotos_249340378_S.jpg","keywords":["Allianz Suisse","Arbeitsplatz","Auszeichnung","Business Excellence","Great Place to Work","Schweiz"],"articleSection":["HUMAN RESOURCES"],"inLanguage":"de"},{"@type":"WebPage","@id":"https:\/\/www.organisator.ch\/human-resources\/2025-03-04\/allianz-suisse-erneut-great-place-to-work\/","url":"https:\/\/www.organisator.ch\/human-resources\/2025-03-04\/allianz-suisse-erneut-great-place-to-work\/","name":"Allianz Suisse erneut \u201eGreat Place to Work\u201c - Organisator","isPartOf":{"@id":"https:\/\/www.organisator.ch\/#website"},"primaryImageOfPage":{"@id":"https:\/\/www.organisator.ch\/human-resources\/2025-03-04\/allianz-suisse-erneut-great-place-to-work\/#primaryimage"},"image":{"@id":"https:\/\/www.organisator.ch\/human-resources\/2025-03-04\/allianz-suisse-erneut-great-place-to-work\/#primaryimage"},"thumbnailUrl":"https:\/\/www.m-q.ch\/wp-content\/uploads\/2025\/03\/Depositphotos_249340378_S.jpg","datePublished":"2025-03-04T12:30:22+00:00","dateModified":"2025-03-04T12:34:12+00:00","description":"Allianz Suisse ist erneut als \u201eGreat Place to Work\u201c ausgezeichnet worden und z\u00e4hlt zu den besten Arbeitgebern der Schweiz.","breadcrumb":{"@id":"https:\/\/www.organisator.ch\/human-resources\/2025-03-04\/allianz-suisse-erneut-great-place-to-work\/#breadcrumb"},"inLanguage":"de","potentialAction":[{"@type":"ReadAction","target":["https:\/\/www.organisator.ch\/human-resources\/2025-03-04\/allianz-suisse-erneut-great-place-to-work\/"]}]},{"@type":"ImageObject","inLanguage":"de","@id":"https:\/\/www.organisator.ch\/human-resources\/2025-03-04\/allianz-suisse-erneut-great-place-to-work\/#primaryimage","url":"https:\/\/www.m-q.ch\/wp-content\/uploads\/2025\/03\/Depositphotos_249340378_S.jpg","contentUrl":"https:\/\/www.m-q.ch\/wp-content\/uploads\/2025\/03\/Depositphotos_249340378_S.jpg"},{"@type":"BreadcrumbList","@id":"https:\/\/www.organisator.ch\/human-resources\/2025-03-04\/allianz-suisse-erneut-great-place-to-work\/#breadcrumb","itemListElement":[{"@type":"ListItem","position":1,"name":"Home","item":"https:\/\/www.organisator.ch\/"},{"@type":"ListItem","position":2,"name":"Allianz Suisse erneut \u201eGreat Place to Work\u201c"}]},{"@type":"WebSite","@id":"https:\/\/www.organisator.ch\/#website","url":"https:\/\/www.organisator.ch\/","name":"Organisator","description":"Kompetent. Praxisnah. Der ORGANISATOR bereitet in 10 Ausgaben pro Jahr die wesentlichen Themen f\u00fcr F\u00fchrungskr\u00e4fte von KMU auf.","publisher":{"@id":"https:\/\/www.organisator.ch\/#organization"},"potentialAction":[{"@type":"SearchAction","target":{"@type":"EntryPoint","urlTemplate":"https:\/\/www.organisator.ch\/?s={search_term_string}"},"query-input":{"@type":"PropertyValueSpecification","valueRequired":true,"valueName":"search_term_string"}}],"inLanguage":"de"},{"@type":"Organization","@id":"https:\/\/www.organisator.ch\/#organization","name":"Organisator","url":"https:\/\/www.organisator.ch\/","logo":{"@type":"ImageObject","inLanguage":"de","@id":"https:\/\/www.organisator.ch\/#\/schema\/logo\/image\/","url":"https:\/\/www.organisator.ch\/wp-content\/uploads\/2022\/01\/Logo_Organisator_Website.png","contentUrl":"https:\/\/www.organisator.ch\/wp-content\/uploads\/2022\/01\/Logo_Organisator_Website.png","width":800,"height":77,"caption":"Organisator"},"image":{"@id":"https:\/\/www.organisator.ch\/#\/schema\/logo\/image\/"},"sameAs":["https:\/\/www.facebook.com\/OrganisatorFachmagazin","https:\/\/www.linkedin.com\/showcase\/organisator-das-magazin-fr-kmu","https:\/\/www.xing.com\/news\/pages\/organisator-ch-695","https:\/\/www.youtube.com\/channel\/UCGP2Sq0iWaZwT3BdIAQFYpw"]},{"@type":"Person","@id":"https:\/\/www.organisator.ch\/#\/schema\/person\/afccda3a71c06d4be2ed9100dd163db7","name":"Dzana Muminovic","image":{"@type":"ImageObject","inLanguage":"de","@id":"https:\/\/secure.gravatar.com\/avatar\/909c5c71aff4b38e88686f2ab2f1ba152571f394f41ed8bae431ea56ced93050?s=96&d=mm&r=g","url":"https:\/\/secure.gravatar.com\/avatar\/909c5c71aff4b38e88686f2ab2f1ba152571f394f41ed8bae431ea56ced93050?s=96&d=mm&r=g","contentUrl":"https:\/\/secure.gravatar.com\/avatar\/909c5c71aff4b38e88686f2ab2f1ba152571f394f41ed8bae431ea56ced93050?s=96&d=mm&r=g","caption":"Dzana Muminovic"},"url":"https:\/\/www.organisator.ch\/de\/author\/dzana-muminovic\/"}]}},"_links":{"self":[{"href":"https:\/\/www.organisator.ch\/de\/wp-json\/wp\/v2\/posts\/36614","targetHints":{"allow":["GET"]}}],"collection":[{"href":"https:\/\/www.organisator.ch\/de\/wp-json\/wp\/v2\/posts"}],"about":[{"href":"https:\/\/www.organisator.ch\/de\/wp-json\/wp\/v2\/types\/post"}],"author":[{"embeddable":true,"href":"https:\/\/www.organisator.ch\/de\/wp-json\/wp\/v2\/users\/80"}],"replies":[{"embeddable":true,"href":"https:\/\/www.organisator.ch\/de\/wp-json\/wp\/v2\/comments?post=36614"}],"version-history":[{"count":4,"href":"https:\/\/www.organisator.ch\/de\/wp-json\/wp\/v2\/posts\/36614\/revisions"}],"predecessor-version":[{"id":36630,"href":"https:\/\/www.organisator.ch\/de\/wp-json\/wp\/v2\/posts\/36614\/revisions\/36630"}],"wp:attachment":[{"href":"https:\/\/www.organisator.ch\/de\/wp-json\/wp\/v2\/media?parent=36614"}],"wp:term":[{"taxonomy":"category","embeddable":true,"href":"https:\/\/www.organisator.ch\/de\/wp-json\/wp\/v2\/categories?post=36614"},{"taxonomy":"post_tag","embeddable":true,"href":"https:\/\/www.organisator.ch\/de\/wp-json\/wp\/v2\/tags?post=36614"}],"curies":[{"name":"wp","href":"https:\/\/api.w.org\/{rel}","templated":true}]}}