{"id":36686,"date":"2025-03-07T14:11:07","date_gmt":"2025-03-07T13:11:07","guid":{"rendered":"https:\/\/www.organisator.ch\/?p=36686"},"modified":"2025-03-07T14:11:07","modified_gmt":"2025-03-07T13:11:07","slug":"prix-svc-espace-mittelland-platit-ag","status":"publish","type":"post","link":"https:\/\/www.organisator.ch\/de\/management\/2025-03-07\/prix-svc-espace-mittelland-platit-ag\/","title":{"rendered":"Prix SVC Espace Mittelland: Platit AG"},"content":{"rendered":"<figure id=\"attachment_36688\" aria-describedby=\"caption-attachment-36688\" style=\"width: 680px\" class=\"wp-caption alignnone\"><img loading=\"lazy\" decoding=\"async\" class=\"size-full wp-image-36688\" src=\"https:\/\/www.organisator.ch\/wp-content\/uploads\/2025\/03\/Platit_Bild_ps.jpg\" alt=\"\" width=\"680\" height=\"510\" srcset=\"https:\/\/www.organisator.ch\/wp-content\/uploads\/2025\/03\/Platit_Bild_ps.jpg 680w, https:\/\/www.organisator.ch\/wp-content\/uploads\/2025\/03\/Platit_Bild_ps-16x12.jpg 16w, https:\/\/www.organisator.ch\/wp-content\/uploads\/2025\/03\/Platit_Bild_ps-375x281.jpg 375w, https:\/\/www.organisator.ch\/wp-content\/uploads\/2025\/03\/Platit_Bild_ps-467x350.jpg 467w\" sizes=\"auto, (max-width: 680px) 100vw, 680px\" \/><figcaption id=\"caption-attachment-36688\" class=\"wp-caption-text\">Platit AG setzt mit innovativen PVD-Beschichtungen weltweit Standards und optimiert die Leistung von Werkzeugen und Bauteilen. (Bild: Platit AG \/ www.platit.com)<\/figcaption><\/figure>\n<p>Die Platit AG ist ein f\u00fchrender Hersteller von PVD-Beschichtungsanlagen. Diese Technologien steigern die Lebensdauer, Effizienz und Leistung von Werkzeugen und Bauteilen. Das unabh\u00e4ngige Familienunternehmen mit Hauptsitz in Selzach SO besch\u00e4ftigt 150 Mitarbeitende und hat weltweit \u00fcber 650 Beschichtungsanlagen installiert. Mit Service-, Support- und Sales-Niederlassungen in Europa, Nordamerika und Asien pflegt der Beschichtungsspezialist eine enge Partnerschaft mit seinen Kunden und bietet L\u00f6sungen, die sich nahtlos in bestehende Fertigungsprozesse integrieren lassen. Die Platit AG hat sich als Weltmarktf\u00fchrer f\u00fcr Beschichtungen im Mikro- und Nanobereich etabliert und entwickelt die entsprechende Technologie vollst\u00e4ndig selbst.<\/p>\n<h3><strong>Flexible Beschichtungsl\u00f6sungen f\u00fcr h\u00f6chste Anspr\u00fcche<\/strong><\/h3>\n<p>Das Unternehmen bietet eine breite Auswahl an High-Tech-Beschichtungsanlagen, die sich durch ihren modularen Aufbau, hohe Flexibilit\u00e4t und maximale Benutzerfreundlichkeit auszeichnen. Kunden profitieren von Platits langj\u00e4hriger Erfahrung in der kathodischen Arc-Beschichtung, Sputter-Beschichtung und HiPIMS-Technologie. Diese Verfahren kommen in verschiedenen Anwendungen zum Einsatz und k\u00f6nnen in hybriden Prozessen integriert werden.<\/p>\n<p>Neben den Beschichtungsanlagen entwickelt die Platit AG auch komplette Turnkey-Systeme, die alle vor- und nachgelagerten Prozessschritte der Hartstoffbeschichtung abdecken \u2013 von der Entschichtung und Kantenvorbehandlung \u00fcber die Reinigung und Nachbehandlung bis hin zur Qualit\u00e4tskontrolle. Dadurch lassen sich die Systeme nahtlos in bestehende Werkzeugherstellungs- und Nachschleifprozesse integrieren. Ein zentrales Merkmal der Platit-Technologie ist die Open-Source-Philosophie: Kunden k\u00f6nnen die PVD-Beschichtungen an ihre spezifischen Anforderungen und individuellen Bed\u00fcrfnisse anpassen und eigene Entwicklungen vorantreiben. So entstehen massgeschneiderte L\u00f6sungen mit h\u00f6chster Schichtperformance, die einen entscheidenden Wettbewerbsvorteil erm\u00f6glichen.<\/p>\n<h3><strong>Effizienz steigern, Lebensdauer verl\u00e4ngern<\/strong><\/h3>\n<p>Platit legt grossen Wert auf die langfristige Nutzung seiner Beschichtungsanlagen. Durch gezielte Upgrades und Retrofit-Massnahmen werden bestehende Anlagen modernisiert und die Lebensdauer deutlich verl\u00e4ngert. Der Austausch von Antrieben, Pumpen oder Steuerungen verbessert die Energieeffizienz und tr\u00e4gt zu einer wirtschaftlichen Produktion bei. So profitieren Kunden nicht nur von leistungsstarken Beschichtungsl\u00f6sungen, sondern auch von langfristig niedrigen Betriebskosten.<\/p>\n<h3><strong>Umfassender Service f\u00fcr maximale Performance<\/strong><\/h3>\n<p>Neben hochwertigen Beschichtungsanlagen bietet die Platit AG einen umfassenden Service, der Kunden w\u00e4hrend des gesamten Produktlebenszyklus unterst\u00fctzt. Von der Schulung und technischen Beratung \u00fcber die regelm\u00e4ssige Wartung bis hin zur schnellen Ersatzteillieferung sorgt das Unternehmen daf\u00fcr, dass die Anlagen dauerhaft mit h\u00f6chster Effizienz betrieben werden k\u00f6nnen. Durch die enge Zusammenarbeit mit den Kunden und ein weltweites Servicenetz gew\u00e4hrleistet Platit eine hohe Verf\u00fcgbarkeit und kontinuierliche Leistungssteigerung der Anlagen.<\/p>\n<p><em>Weitere Informationen:\u00a0<a href=\"https:\/\/www.platit.com\/de\/\">www.platit.com<\/a>\u00a0\/\u00a0<a href=\"https:\/\/svc.swiss\/de\/event\/prix-svc-espace-mittelland-2025\">www.svc.swiss<\/a><\/em><\/p>\n<blockquote>\n<h3>Prix SVC Espace Mittelland 2025<\/h3>\n<p>Die Preisverleihung findet am Mittwoch, 12. M\u00e4rz 2025, im Kursaal Bern statt. Erwartet werden rund 1\u2019300 G\u00e4ste aus Wirtschaft, Wissenschaft, Politik und Kultur. Der Prix SVC Espace Mittelland wurde erstmals 2003 verliehen und 2025 steht bereits die f\u00fcnfzehnte Durchf\u00fchrung an.\u00a0<a href=\"https:\/\/svc.swiss\/sites\/default\/files\/2025-01\/online_svc_leporello_a5_espacemittelland.pdf\">Weitere Informationen.<\/a><\/p>\n<\/blockquote>\n","protected":false},"excerpt":{"rendered":"<p>Am 12. M\u00e4rz 2025 wird zum 15. Mal der Prix SVC Espace Mittelland verliehen. Unter den Finalisten ist auch die Platit AG mit Sitz in Selzach SO. Ein Kurzportr\u00e4t dieses Familienunternehmens, das mit innovativen PVD-Beschichtungstechnologien weltweit Standards setzt.<\/p>\n","protected":false},"author":80,"featured_media":36688,"comment_status":"closed","ping_status":"closed","sticky":false,"template":"","format":"standard","meta":{"_acf_changed":false,"_yoast_wpseo_focuskw":"Platit AG","_yoast_wpseo_metadesc":"Die Platit AG ist Finalistin beim Prix SVC Espace Mittelland 2025. Ein Kurzportr\u00e4t des Familienunternehmens f\u00fcr PVD-Beschichtungstechnologie.","articlekey":"","footnotes":""},"categories":[28],"tags":[65,391,5157,424],"class_list":["post-36686","post","type-post","status-publish","format-standard","has-post-thumbnail","hentry","category-management","tag-award","tag-prix-svc-espace-mittelland","tag-pvd-beschichtungen","tag-schweiz"],"acf":[],"yoast_head":"<!-- This site is optimized with the Yoast SEO plugin v27.5 - https:\/\/yoast.com\/product\/yoast-seo-wordpress\/ -->\n<title>Prix SVC Espace Mittelland: Platit AG - Organisator<\/title>\n<meta name=\"description\" content=\"Die Platit AG ist Finalistin beim Prix SVC Espace Mittelland 2025. Ein Kurzportr\u00e4t des Familienunternehmens f\u00fcr PVD-Beschichtungstechnologie.\" \/>\n<meta name=\"robots\" content=\"index, follow, max-snippet:-1, max-image-preview:large, max-video-preview:-1\" \/>\n<link rel=\"canonical\" href=\"https:\/\/www.organisator.ch\/de\/management\/2025-03-07\/prix-svc-espace-mittelland-platit-ag\/\" \/>\n<meta property=\"og:locale\" content=\"de_DE\" \/>\n<meta property=\"og:type\" content=\"article\" \/>\n<meta property=\"og:title\" content=\"Prix SVC Espace Mittelland: Platit AG\" \/>\n<meta property=\"og:description\" content=\"Die Platit AG ist Finalistin beim Prix SVC Espace Mittelland 2025. Ein Kurzportr\u00e4t des Familienunternehmens f\u00fcr PVD-Beschichtungstechnologie.\" \/>\n<meta property=\"og:url\" content=\"https:\/\/www.organisator.ch\/de\/management\/2025-03-07\/prix-svc-espace-mittelland-platit-ag\/\" \/>\n<meta property=\"og:site_name\" content=\"Organisator\" \/>\n<meta property=\"article:publisher\" content=\"https:\/\/www.facebook.com\/OrganisatorFachmagazin\" \/>\n<meta property=\"article:published_time\" content=\"2025-03-07T13:11:07+00:00\" \/>\n<meta property=\"og:image\" content=\"https:\/\/www.organisator.ch\/wp-content\/uploads\/2025\/03\/Platit_Bild_ps.jpg\" \/>\n\t<meta property=\"og:image:width\" content=\"680\" \/>\n\t<meta property=\"og:image:height\" content=\"510\" \/>\n\t<meta property=\"og:image:type\" content=\"image\/jpeg\" \/>\n<meta name=\"author\" content=\"Dzana Muminovic\" \/>\n<meta name=\"twitter:card\" content=\"summary_large_image\" \/>\n<meta name=\"twitter:title\" content=\"Prix SVC Espace Mittelland: Platit AG\" \/>\n<meta name=\"twitter:description\" content=\"Die #Platit AG ist #Finalistin beim #Prix #SVC #Espace #Mittelland 2025. Ein Kurzportr\u00e4t des #Familienunternehmens f\u00fcr #PVD-#Beschichtungstechnologie.\" \/>\n<meta name=\"twitter:image\" content=\"https:\/\/www.organisator.ch\/wp-content\/uploads\/2025\/03\/Platit_Bild_ps.jpg\" \/>\n<script type=\"application\/ld+json\" class=\"yoast-schema-graph\">{\"@context\":\"https:\\\/\\\/schema.org\",\"@graph\":[{\"@type\":\"Article\",\"@id\":\"https:\\\/\\\/www.organisator.ch\\\/management\\\/2025-03-07\\\/prix-svc-espace-mittelland-platit-ag\\\/#article\",\"isPartOf\":{\"@id\":\"https:\\\/\\\/www.organisator.ch\\\/management\\\/2025-03-07\\\/prix-svc-espace-mittelland-platit-ag\\\/\"},\"author\":{\"name\":\"Dzana Muminovic\",\"@id\":\"https:\\\/\\\/www.organisator.ch\\\/#\\\/schema\\\/person\\\/afccda3a71c06d4be2ed9100dd163db7\"},\"headline\":\"Prix SVC Espace Mittelland: Platit AG\",\"datePublished\":\"2025-03-07T13:11:07+00:00\",\"mainEntityOfPage\":{\"@id\":\"https:\\\/\\\/www.organisator.ch\\\/management\\\/2025-03-07\\\/prix-svc-espace-mittelland-platit-ag\\\/\"},\"wordCount\":474,\"publisher\":{\"@id\":\"https:\\\/\\\/www.organisator.ch\\\/#organization\"},\"image\":{\"@id\":\"https:\\\/\\\/www.organisator.ch\\\/management\\\/2025-03-07\\\/prix-svc-espace-mittelland-platit-ag\\\/#primaryimage\"},\"thumbnailUrl\":\"https:\\\/\\\/www.organisator.ch\\\/wp-content\\\/uploads\\\/2025\\\/03\\\/Platit_Bild_ps.jpg\",\"keywords\":[\"Award\",\"Prix SVC Espace Mittelland\",\"PVD-Beschichtungen\",\"Schweiz\"],\"articleSection\":[\"MANAGEMENT\"],\"inLanguage\":\"de\"},{\"@type\":\"WebPage\",\"@id\":\"https:\\\/\\\/www.organisator.ch\\\/management\\\/2025-03-07\\\/prix-svc-espace-mittelland-platit-ag\\\/\",\"url\":\"https:\\\/\\\/www.organisator.ch\\\/management\\\/2025-03-07\\\/prix-svc-espace-mittelland-platit-ag\\\/\",\"name\":\"Prix SVC Espace Mittelland: Platit AG - Organisator\",\"isPartOf\":{\"@id\":\"https:\\\/\\\/www.organisator.ch\\\/#website\"},\"primaryImageOfPage\":{\"@id\":\"https:\\\/\\\/www.organisator.ch\\\/management\\\/2025-03-07\\\/prix-svc-espace-mittelland-platit-ag\\\/#primaryimage\"},\"image\":{\"@id\":\"https:\\\/\\\/www.organisator.ch\\\/management\\\/2025-03-07\\\/prix-svc-espace-mittelland-platit-ag\\\/#primaryimage\"},\"thumbnailUrl\":\"https:\\\/\\\/www.organisator.ch\\\/wp-content\\\/uploads\\\/2025\\\/03\\\/Platit_Bild_ps.jpg\",\"datePublished\":\"2025-03-07T13:11:07+00:00\",\"description\":\"Die Platit AG ist Finalistin beim Prix SVC Espace Mittelland 2025. Ein Kurzportr\u00e4t des Familienunternehmens f\u00fcr PVD-Beschichtungstechnologie.\",\"breadcrumb\":{\"@id\":\"https:\\\/\\\/www.organisator.ch\\\/management\\\/2025-03-07\\\/prix-svc-espace-mittelland-platit-ag\\\/#breadcrumb\"},\"inLanguage\":\"de\",\"potentialAction\":[{\"@type\":\"ReadAction\",\"target\":[\"https:\\\/\\\/www.organisator.ch\\\/management\\\/2025-03-07\\\/prix-svc-espace-mittelland-platit-ag\\\/\"]}]},{\"@type\":\"ImageObject\",\"inLanguage\":\"de\",\"@id\":\"https:\\\/\\\/www.organisator.ch\\\/management\\\/2025-03-07\\\/prix-svc-espace-mittelland-platit-ag\\\/#primaryimage\",\"url\":\"https:\\\/\\\/www.organisator.ch\\\/wp-content\\\/uploads\\\/2025\\\/03\\\/Platit_Bild_ps.jpg\",\"contentUrl\":\"https:\\\/\\\/www.organisator.ch\\\/wp-content\\\/uploads\\\/2025\\\/03\\\/Platit_Bild_ps.jpg\",\"width\":680,\"height\":510,\"caption\":\"Platit AG setzt mit innovativen PVD-Beschichtungen weltweit Standards und optimiert die Leistung von Werkzeugen und Bauteilen. (Bild: Platit AG \\\/ www.platit.com)\"},{\"@type\":\"BreadcrumbList\",\"@id\":\"https:\\\/\\\/www.organisator.ch\\\/management\\\/2025-03-07\\\/prix-svc-espace-mittelland-platit-ag\\\/#breadcrumb\",\"itemListElement\":[{\"@type\":\"ListItem\",\"position\":1,\"name\":\"Home\",\"item\":\"https:\\\/\\\/www.organisator.ch\\\/\"},{\"@type\":\"ListItem\",\"position\":2,\"name\":\"Prix SVC Espace Mittelland: Platit AG\"}]},{\"@type\":\"WebSite\",\"@id\":\"https:\\\/\\\/www.organisator.ch\\\/#website\",\"url\":\"https:\\\/\\\/www.organisator.ch\\\/\",\"name\":\"Organisator\",\"description\":\"Kompetent. Praxisnah. Der ORGANISATOR bereitet in 10 Ausgaben pro Jahr die wesentlichen Themen f\u00fcr F\u00fchrungskr\u00e4fte von KMU auf.\",\"publisher\":{\"@id\":\"https:\\\/\\\/www.organisator.ch\\\/#organization\"},\"potentialAction\":[{\"@type\":\"SearchAction\",\"target\":{\"@type\":\"EntryPoint\",\"urlTemplate\":\"https:\\\/\\\/www.organisator.ch\\\/?s={search_term_string}\"},\"query-input\":{\"@type\":\"PropertyValueSpecification\",\"valueRequired\":true,\"valueName\":\"search_term_string\"}}],\"inLanguage\":\"de\"},{\"@type\":\"Organization\",\"@id\":\"https:\\\/\\\/www.organisator.ch\\\/#organization\",\"name\":\"Organisator\",\"url\":\"https:\\\/\\\/www.organisator.ch\\\/\",\"logo\":{\"@type\":\"ImageObject\",\"inLanguage\":\"de\",\"@id\":\"https:\\\/\\\/www.organisator.ch\\\/#\\\/schema\\\/logo\\\/image\\\/\",\"url\":\"https:\\\/\\\/www.organisator.ch\\\/wp-content\\\/uploads\\\/2022\\\/01\\\/Logo_Organisator_Website.png\",\"contentUrl\":\"https:\\\/\\\/www.organisator.ch\\\/wp-content\\\/uploads\\\/2022\\\/01\\\/Logo_Organisator_Website.png\",\"width\":800,\"height\":77,\"caption\":\"Organisator\"},\"image\":{\"@id\":\"https:\\\/\\\/www.organisator.ch\\\/#\\\/schema\\\/logo\\\/image\\\/\"},\"sameAs\":[\"https:\\\/\\\/www.facebook.com\\\/OrganisatorFachmagazin\",\"https:\\\/\\\/www.linkedin.com\\\/showcase\\\/organisator-das-magazin-fr-kmu\",\"https:\\\/\\\/www.xing.com\\\/news\\\/pages\\\/organisator-ch-695\",\"https:\\\/\\\/www.youtube.com\\\/channel\\\/UCGP2Sq0iWaZwT3BdIAQFYpw\"]},{\"@type\":\"Person\",\"@id\":\"https:\\\/\\\/www.organisator.ch\\\/#\\\/schema\\\/person\\\/afccda3a71c06d4be2ed9100dd163db7\",\"name\":\"Dzana Muminovic\",\"image\":{\"@type\":\"ImageObject\",\"inLanguage\":\"de\",\"@id\":\"https:\\\/\\\/secure.gravatar.com\\\/avatar\\\/909c5c71aff4b38e88686f2ab2f1ba152571f394f41ed8bae431ea56ced93050?s=96&d=mm&r=g\",\"url\":\"https:\\\/\\\/secure.gravatar.com\\\/avatar\\\/909c5c71aff4b38e88686f2ab2f1ba152571f394f41ed8bae431ea56ced93050?s=96&d=mm&r=g\",\"contentUrl\":\"https:\\\/\\\/secure.gravatar.com\\\/avatar\\\/909c5c71aff4b38e88686f2ab2f1ba152571f394f41ed8bae431ea56ced93050?s=96&d=mm&r=g\",\"caption\":\"Dzana Muminovic\"},\"url\":\"https:\\\/\\\/www.organisator.ch\\\/de\\\/author\\\/dzana-muminovic\\\/\"}]}<\/script>\n<!-- \/ Yoast SEO plugin. -->","yoast_head_json":{"title":"Prix SVC Espace Mittelland: Platit AG - Organisator","description":"Die Platit AG ist Finalistin beim Prix SVC Espace Mittelland 2025. Ein Kurzportr\u00e4t des Familienunternehmens f\u00fcr PVD-Beschichtungstechnologie.","robots":{"index":"index","follow":"follow","max-snippet":"max-snippet:-1","max-image-preview":"max-image-preview:large","max-video-preview":"max-video-preview:-1"},"canonical":"https:\/\/www.organisator.ch\/de\/management\/2025-03-07\/prix-svc-espace-mittelland-platit-ag\/","og_locale":"de_DE","og_type":"article","og_title":"Prix SVC Espace Mittelland: Platit AG","og_description":"Die Platit AG ist Finalistin beim Prix SVC Espace Mittelland 2025. Ein Kurzportr\u00e4t des Familienunternehmens f\u00fcr PVD-Beschichtungstechnologie.","og_url":"https:\/\/www.organisator.ch\/de\/management\/2025-03-07\/prix-svc-espace-mittelland-platit-ag\/","og_site_name":"Organisator","article_publisher":"https:\/\/www.facebook.com\/OrganisatorFachmagazin","article_published_time":"2025-03-07T13:11:07+00:00","og_image":[{"width":680,"height":510,"url":"https:\/\/www.organisator.ch\/wp-content\/uploads\/2025\/03\/Platit_Bild_ps.jpg","type":"image\/jpeg"}],"author":"Dzana Muminovic","twitter_card":"summary_large_image","twitter_title":"Prix SVC Espace Mittelland: Platit AG","twitter_description":"Die #Platit AG ist #Finalistin beim #Prix #SVC #Espace #Mittelland 2025. Ein Kurzportr\u00e4t des #Familienunternehmens f\u00fcr #PVD-#Beschichtungstechnologie.","twitter_image":"https:\/\/www.organisator.ch\/wp-content\/uploads\/2025\/03\/Platit_Bild_ps.jpg","schema":{"@context":"https:\/\/schema.org","@graph":[{"@type":"Article","@id":"https:\/\/www.organisator.ch\/management\/2025-03-07\/prix-svc-espace-mittelland-platit-ag\/#article","isPartOf":{"@id":"https:\/\/www.organisator.ch\/management\/2025-03-07\/prix-svc-espace-mittelland-platit-ag\/"},"author":{"name":"Dzana Muminovic","@id":"https:\/\/www.organisator.ch\/#\/schema\/person\/afccda3a71c06d4be2ed9100dd163db7"},"headline":"Prix SVC Espace Mittelland: Platit AG","datePublished":"2025-03-07T13:11:07+00:00","mainEntityOfPage":{"@id":"https:\/\/www.organisator.ch\/management\/2025-03-07\/prix-svc-espace-mittelland-platit-ag\/"},"wordCount":474,"publisher":{"@id":"https:\/\/www.organisator.ch\/#organization"},"image":{"@id":"https:\/\/www.organisator.ch\/management\/2025-03-07\/prix-svc-espace-mittelland-platit-ag\/#primaryimage"},"thumbnailUrl":"https:\/\/www.organisator.ch\/wp-content\/uploads\/2025\/03\/Platit_Bild_ps.jpg","keywords":["Award","Prix SVC Espace Mittelland","PVD-Beschichtungen","Schweiz"],"articleSection":["MANAGEMENT"],"inLanguage":"de"},{"@type":"WebPage","@id":"https:\/\/www.organisator.ch\/management\/2025-03-07\/prix-svc-espace-mittelland-platit-ag\/","url":"https:\/\/www.organisator.ch\/management\/2025-03-07\/prix-svc-espace-mittelland-platit-ag\/","name":"Prix SVC Espace Mittelland: Platit AG - Organisator","isPartOf":{"@id":"https:\/\/www.organisator.ch\/#website"},"primaryImageOfPage":{"@id":"https:\/\/www.organisator.ch\/management\/2025-03-07\/prix-svc-espace-mittelland-platit-ag\/#primaryimage"},"image":{"@id":"https:\/\/www.organisator.ch\/management\/2025-03-07\/prix-svc-espace-mittelland-platit-ag\/#primaryimage"},"thumbnailUrl":"https:\/\/www.organisator.ch\/wp-content\/uploads\/2025\/03\/Platit_Bild_ps.jpg","datePublished":"2025-03-07T13:11:07+00:00","description":"Die Platit AG ist Finalistin beim Prix SVC Espace Mittelland 2025. Ein Kurzportr\u00e4t des Familienunternehmens f\u00fcr PVD-Beschichtungstechnologie.","breadcrumb":{"@id":"https:\/\/www.organisator.ch\/management\/2025-03-07\/prix-svc-espace-mittelland-platit-ag\/#breadcrumb"},"inLanguage":"de","potentialAction":[{"@type":"ReadAction","target":["https:\/\/www.organisator.ch\/management\/2025-03-07\/prix-svc-espace-mittelland-platit-ag\/"]}]},{"@type":"ImageObject","inLanguage":"de","@id":"https:\/\/www.organisator.ch\/management\/2025-03-07\/prix-svc-espace-mittelland-platit-ag\/#primaryimage","url":"https:\/\/www.organisator.ch\/wp-content\/uploads\/2025\/03\/Platit_Bild_ps.jpg","contentUrl":"https:\/\/www.organisator.ch\/wp-content\/uploads\/2025\/03\/Platit_Bild_ps.jpg","width":680,"height":510,"caption":"Platit AG setzt mit innovativen PVD-Beschichtungen weltweit Standards und optimiert die Leistung von Werkzeugen und Bauteilen. (Bild: Platit AG \/ www.platit.com)"},{"@type":"BreadcrumbList","@id":"https:\/\/www.organisator.ch\/management\/2025-03-07\/prix-svc-espace-mittelland-platit-ag\/#breadcrumb","itemListElement":[{"@type":"ListItem","position":1,"name":"Home","item":"https:\/\/www.organisator.ch\/"},{"@type":"ListItem","position":2,"name":"Prix SVC Espace Mittelland: Platit AG"}]},{"@type":"WebSite","@id":"https:\/\/www.organisator.ch\/#website","url":"https:\/\/www.organisator.ch\/","name":"Organisator","description":"Kompetent. Praxisnah. Der ORGANISATOR bereitet in 10 Ausgaben pro Jahr die wesentlichen Themen f\u00fcr F\u00fchrungskr\u00e4fte von KMU auf.","publisher":{"@id":"https:\/\/www.organisator.ch\/#organization"},"potentialAction":[{"@type":"SearchAction","target":{"@type":"EntryPoint","urlTemplate":"https:\/\/www.organisator.ch\/?s={search_term_string}"},"query-input":{"@type":"PropertyValueSpecification","valueRequired":true,"valueName":"search_term_string"}}],"inLanguage":"de"},{"@type":"Organization","@id":"https:\/\/www.organisator.ch\/#organization","name":"Organisator","url":"https:\/\/www.organisator.ch\/","logo":{"@type":"ImageObject","inLanguage":"de","@id":"https:\/\/www.organisator.ch\/#\/schema\/logo\/image\/","url":"https:\/\/www.organisator.ch\/wp-content\/uploads\/2022\/01\/Logo_Organisator_Website.png","contentUrl":"https:\/\/www.organisator.ch\/wp-content\/uploads\/2022\/01\/Logo_Organisator_Website.png","width":800,"height":77,"caption":"Organisator"},"image":{"@id":"https:\/\/www.organisator.ch\/#\/schema\/logo\/image\/"},"sameAs":["https:\/\/www.facebook.com\/OrganisatorFachmagazin","https:\/\/www.linkedin.com\/showcase\/organisator-das-magazin-fr-kmu","https:\/\/www.xing.com\/news\/pages\/organisator-ch-695","https:\/\/www.youtube.com\/channel\/UCGP2Sq0iWaZwT3BdIAQFYpw"]},{"@type":"Person","@id":"https:\/\/www.organisator.ch\/#\/schema\/person\/afccda3a71c06d4be2ed9100dd163db7","name":"Dzana Muminovic","image":{"@type":"ImageObject","inLanguage":"de","@id":"https:\/\/secure.gravatar.com\/avatar\/909c5c71aff4b38e88686f2ab2f1ba152571f394f41ed8bae431ea56ced93050?s=96&d=mm&r=g","url":"https:\/\/secure.gravatar.com\/avatar\/909c5c71aff4b38e88686f2ab2f1ba152571f394f41ed8bae431ea56ced93050?s=96&d=mm&r=g","contentUrl":"https:\/\/secure.gravatar.com\/avatar\/909c5c71aff4b38e88686f2ab2f1ba152571f394f41ed8bae431ea56ced93050?s=96&d=mm&r=g","caption":"Dzana Muminovic"},"url":"https:\/\/www.organisator.ch\/de\/author\/dzana-muminovic\/"}]}},"_links":{"self":[{"href":"https:\/\/www.organisator.ch\/de\/wp-json\/wp\/v2\/posts\/36686","targetHints":{"allow":["GET"]}}],"collection":[{"href":"https:\/\/www.organisator.ch\/de\/wp-json\/wp\/v2\/posts"}],"about":[{"href":"https:\/\/www.organisator.ch\/de\/wp-json\/wp\/v2\/types\/post"}],"author":[{"embeddable":true,"href":"https:\/\/www.organisator.ch\/de\/wp-json\/wp\/v2\/users\/80"}],"replies":[{"embeddable":true,"href":"https:\/\/www.organisator.ch\/de\/wp-json\/wp\/v2\/comments?post=36686"}],"version-history":[{"count":5,"href":"https:\/\/www.organisator.ch\/de\/wp-json\/wp\/v2\/posts\/36686\/revisions"}],"predecessor-version":[{"id":36751,"href":"https:\/\/www.organisator.ch\/de\/wp-json\/wp\/v2\/posts\/36686\/revisions\/36751"}],"wp:featuredmedia":[{"embeddable":true,"href":"https:\/\/www.organisator.ch\/de\/wp-json\/wp\/v2\/media\/36688"}],"wp:attachment":[{"href":"https:\/\/www.organisator.ch\/de\/wp-json\/wp\/v2\/media?parent=36686"}],"wp:term":[{"taxonomy":"category","embeddable":true,"href":"https:\/\/www.organisator.ch\/de\/wp-json\/wp\/v2\/categories?post=36686"},{"taxonomy":"post_tag","embeddable":true,"href":"https:\/\/www.organisator.ch\/de\/wp-json\/wp\/v2\/tags?post=36686"}],"curies":[{"name":"wp","href":"https:\/\/api.w.org\/{rel}","templated":true}]}}