{"id":3672,"date":"2018-06-08T11:45:52","date_gmt":"2018-06-08T09:45:52","guid":{"rendered":"https:\/\/www.organisator.ch\/?p=3672"},"modified":"2018-06-08T11:45:52","modified_gmt":"2018-06-08T09:45:52","slug":"sicherheit-in-der-beruflichen-vorsorge-darauf-sollten-sie-achten","status":"publish","type":"post","link":"https:\/\/www.organisator.ch\/de\/management\/finanzen_recht\/2018-06-08\/sicherheit-in-der-beruflichen-vorsorge-darauf-sollten-sie-achten\/","title":{"rendered":"Sicherheit in der beruflichen Vorsorge: Darauf sollten Sie achten"},"content":{"rendered":"<figure id=\"attachment_3673\" aria-describedby=\"caption-attachment-3673\" style=\"width: 640px\" class=\"wp-caption alignnone\"><img loading=\"lazy\" decoding=\"async\" class=\"size-full wp-image-3673\" src=\"https:\/\/www.organisator.ch\/wp-content\/uploads\/2018\/05\/Sicherheit-in-der-beruflichen-Vorsorge-Darauf-sollten-Sie-achten_Organisator.jpeg\" alt=\"\" width=\"640\" height=\"427\" srcset=\"https:\/\/www.organisator.ch\/wp-content\/uploads\/2018\/05\/Sicherheit-in-der-beruflichen-Vorsorge-Darauf-sollten-Sie-achten_Organisator.jpeg 640w, https:\/\/www.organisator.ch\/wp-content\/uploads\/2018\/05\/Sicherheit-in-der-beruflichen-Vorsorge-Darauf-sollten-Sie-achten_Organisator-16x12.jpeg 16w, https:\/\/www.organisator.ch\/wp-content\/uploads\/2018\/05\/Sicherheit-in-der-beruflichen-Vorsorge-Darauf-sollten-Sie-achten_Organisator-262x175.jpeg 262w, https:\/\/www.organisator.ch\/wp-content\/uploads\/2018\/05\/Sicherheit-in-der-beruflichen-Vorsorge-Darauf-sollten-Sie-achten_Organisator-525x350.jpeg 525w, https:\/\/www.organisator.ch\/wp-content\/uploads\/2018\/05\/Sicherheit-in-der-beruflichen-Vorsorge-Darauf-sollten-Sie-achten_Organisator-300x200.jpeg 300w\" sizes=\"auto, (max-width: 640px) 100vw, 640px\" \/><figcaption id=\"caption-attachment-3673\" class=\"wp-caption-text\">Sicherheit in der beruflichen Vorsorge betrifft uns alle. (Bild: Westend61 &#8211; gettyimages \/ zVg Tellco)<\/figcaption><\/figure>\n<p>Wie pr\u00fcfen Sie, ob Ihre Pensionskasse sicher ist? Der Gesch\u00e4ftsf\u00fchrer der pensionskasse pro zeigt, wie Sicherheit in der beruflichen Vorsorge funktioniert.<\/p>\n<h2><strong>Woran erkenne ich, ob eine Pensionskasse sicher ist?<\/strong><\/h2>\n<p>\u00abEine langfristig erfolgreiche Altersvorsorge h\u00e4ngt von vielen Faktoren ab. Die gr\u00f6sste Herausforderung ist, sich nicht auf einzelne Zahlen der Vorsorgeeinrichtung zu verlassen, sondern sich ein Gesamtbild zu verschaffen und im Speziellen die Zukunftsperspektive zu w\u00fcrdigen. Wer lediglich aufgrund von Deckungsgrad und Verzinsung der letzten Jahre entscheidet, \u00fcbersieht wom\u00f6glich wichtige Indikatoren. Es gibt Beispiele von Kassen mit einem Deckungsgrad von 112% oder einer Mehrverzinsung der Altersguthaben, jedoch einem ausserordentlich hohen technischen Zinssatz von 3.5%. Betrachtet man nur den Deckungsgrad oder die Verzinsung, stehen diese Kassen gut da. Bei einer Senkung des technischen Zinssatzes auf sinnvolle 2.00% oder 1.75%, resultierte f\u00fcr diese Kassen wom\u00f6glich sogar eine Unterdeckung. Ein hoher Deckungsgrad und eine hohe Verzinsung des Altersguthabens sind also kein Garant f\u00fcr gr\u00f6ssere Sicherheit. Entscheidend ist das Zusammenspiel von Altersstruktur, Rendite-Risiko-Verh\u00e4ltnis, Umwandlungssatz und technischem Zinssatz.\u00a0Wenn Sie das grosse Bild m\u00f6chten, dann achten Sie darauf, dass Ihre Pensionskasse einen tiefen technischen Zinssatz, einen tiefen Umwandlungssatz und eine sichere Anlagestrategie bietet. Das f\u00fchrt dann unter Umst\u00e4nden zu einem tieferen Deckungsgrad, vielleicht auch zu einer geringeren Verzinsung \u2013 zu Gunsten der Sicherheit.\u00bb<\/p>\n<h2><strong>Worauf sollte ich als Arbeitnehmer achten, wenn ich eine m\u00f6glichst positive Entwicklung meiner Pensionskassengelder anstrebe? <\/strong><\/h2>\n<p>\u00abAls Arbeitnehmer ist es wichtig, dass die Umverteilung in der eigenen Pensionskasse m\u00f6glichst gering ist. Also die Aktiven einen \u00e4hnlichen Zins wie die Rentner erhalten und die Pensionskasse ein positives Verh\u00e4ltnis zwischen Aktiven und Rentnern aufweist: Je mehr Aktive, desto besser. Zudem ist ein tiefer Umwandlungssatz zu bevorzugen. Das klingt vielleicht im ersten Moment paradox: Ein hoher Umwandlungssatz garantiert zum Zeitpunkt der Pensionierung eine hohe Rente \u2013 aber ein 30-J\u00e4hriger verbleiben noch rund 35 Jahre im Arbeitsleben. Und w\u00e4hrend dieser Zeit f\u00fchrt ein hoher Umwandlungssatz dazu, dass die Verm\u00f6gensertr\u00e4ge, die mit dem eigenen Geld erwirtschaftet werden, zu den angehenden Rentnern abwandern. Wussten Sie, dass je nach H\u00f6he des Umwandlungssatzes viele Pensionskassen 20% des bei Pensionierung n\u00f6tigen Kapitals, den angehenden Rentnern aus den Verm\u00f6gensertr\u00e4gen einschiessen m\u00fcssen? Damit machen Sie den Rentnern ein sch\u00f6nes Abschiedsgeschenk, denn das sind riesige Summen: Wir sprechen hier von 5 \u2013 6-stelligen Werten, die den k\u00fcnftigen Rentnern bei der Berentung \u00abgeschenkt\u00bb werden. Darum rate ich: Je j\u00fcnger Sie sind, desto tiefer sollte der Umwandlungssatz sein.\u00bb<\/p>\n<h2><strong>Worauf sollte ich als Arbeitgeber achten?<\/strong><\/h2>\n<p>\u00abF\u00fcr den Arbeitgeber gilt dasselbe wie f\u00fcr den Arbeitnehmer. Zus\u00e4tzlich kann man auf einen tiefen technischen Zinssatz achten. Denn das heisst, dass die vorhandenen Rentnerkapitalien schon sehr gut dotiert sind und die Wahrscheinlichkeit von Zusatzbeitr\u00e4gen kleiner ist. Zudem hat ein Arbeitgeber bestimmt ein Interesse daran, dass die zeitraubende Administration sehr effektiv und einfach ist.\u00bb<\/p>\n<h2><strong>Die pensionskasse pro gilt als ausgesprochen sicher. Was macht sie besser als andere?<\/strong><\/h2>\n<p>\u00abDie pensionskasse pro wagt Unpopul\u00e4res: Hoher Deckungsgrad und hohe Verzinsung stehen f\u00fcr sie nicht im Vordergrund, obwohl diese Kennzahlen eine Kasse auf den ersten Blick gut dastehen lassen. Die unabh\u00e4ngige BVG-Sammelstiftung aus der Innerschweiz fokussiert sich auf eine sichere Zukunft, denn eine langfristige Betrachtung ist ihnen zentral, besonders in politisch unsicheren Zeiten wie wir sie aktuell erleben. Die pensionskasse pro geht entsprechend weiter den Weg, der in der Politik noch diskutiert wird. Wenn die Umsetzung dann kommt, ist sie schon einen Schritt weiter und damit in einer guten Position. Ihre Strategie basiert dabei seit vielen Jahren auf drei Hauptpfeiler:<\/p>\n<ol>\n<li>Finanzielle Sicherheit, dank einen gutem Rendite-Risiko-Profil und einer sicheren Anlagestrategie,<\/li>\n<li>die Bildung von Wertschwankungsreserven \u00a0bevor eine Mehrverzinsung gew\u00e4hrt wird sowie<\/li>\n<li>eine strukturelle Sicherheit: Die <a href=\"http:\/\/pkpro.ch\/de\/Home\">pensionskasse pro<\/a> hat in den letzten Jahren in die Zukunft investiert, indem sie den technischen Zinssatz gesenkt und das Verh\u00e4ltnis zwischen Aktiven und Rentnern massiv verbessert hat. Mit diesen Schritten ist sie bestens ger\u00fcstet f\u00fcr die Zukunft. Und das branchen\u00fcbliche Problem der \u00dcberalterung trifft die pensionskasse pro kaum.\u00bb<\/li>\n<\/ol>\n<p>Haben Sie weitere Fragen zu Ihrer beruflichen Vorsorge? Unsere Vorsorgespezialisten <a href=\"https:\/\/pkpro.ch\/de\/Forms\/Inquiry\">beraten Sie gerne<\/a>.<\/p>\n","protected":false},"excerpt":{"rendered":"<p>Wie pr\u00fcfen Sie, ob Ihre Pensionskasse sicher ist? Der Gesch\u00e4ftsf\u00fchrer der pensionskasse pro zeigt, wie Sicherheit in der beruflichen Vorsorge funktioniert. Woran erkenne ich, ob eine Pensionskasse sicher ist? \u00abEine langfristig erfolgreiche Altersvorsorge h\u00e4ngt von vielen Faktoren ab. Die gr\u00f6sste Herausforderung ist, sich nicht auf einzelne Zahlen der Vorsorgeeinrichtung zu verlassen, sondern sich ein Gesamtbild [&hellip;]<\/p>\n","protected":false},"author":4,"featured_media":3673,"comment_status":"open","ping_status":"open","sticky":false,"template":"","format":"standard","meta":{"_acf_changed":false,"_yoast_wpseo_focuskw":"Sicherheit in der beruflichen Vorsorge","_yoast_wpseo_metadesc":"Verantwortungsvolle Unternehmen bieten ihren Angestellten eine sichere Zukunft \u2013 die berufliche Vorsorge ist dabei entscheidend. Wie l\u00e4sst sich pr\u00fcfen, ob die eigene Pensionskasse sicher ist?","articlekey":"","footnotes":""},"categories":[24],"tags":[202,334,377,516],"class_list":["post-3672","post","type-post","status-publish","format-standard","has-post-thumbnail","hentry","category-finanzen_recht","tag-finanzenrecht","tag-management","tag-pensionskassen","tag-vorsorge"],"acf":[],"yoast_head":"<!-- This site is optimized with the Yoast SEO plugin v27.5 - https:\/\/yoast.com\/product\/yoast-seo-wordpress\/ -->\n<title>Sicherheit in der beruflichen Vorsorge: Darauf sollten Sie achten - Organisator<\/title>\n<meta name=\"description\" content=\"Verantwortungsvolle Unternehmen bieten ihren Angestellten eine sichere Zukunft \u2013 die berufliche Vorsorge ist dabei entscheidend. Wie l\u00e4sst sich pr\u00fcfen, ob die eigene Pensionskasse sicher ist?\" \/>\n<meta name=\"robots\" content=\"index, follow, max-snippet:-1, max-image-preview:large, max-video-preview:-1\" \/>\n<link rel=\"canonical\" href=\"https:\/\/www.organisator.ch\/de\/management\/finanzen_recht\/2018-06-08\/sicherheit-in-der-beruflichen-vorsorge-darauf-sollten-sie-achten\/\" \/>\n<meta property=\"og:locale\" content=\"de_DE\" \/>\n<meta property=\"og:type\" content=\"article\" \/>\n<meta property=\"og:title\" content=\"Sicherheit in der beruflichen Vorsorge: Darauf sollten Sie achten\" \/>\n<meta property=\"og:description\" content=\"Verantwortungsvolle Unternehmen bieten ihren Angestellten eine sichere Zukunft \u2013 die berufliche #Vorsorge ist dabei entscheidend. Wie l\u00e4sst sich pr\u00fcfen, ob die eigene #Pensionskasse sicher ist?\" \/>\n<meta property=\"og:url\" content=\"https:\/\/www.organisator.ch\/de\/management\/finanzen_recht\/2018-06-08\/sicherheit-in-der-beruflichen-vorsorge-darauf-sollten-sie-achten\/\" \/>\n<meta property=\"og:site_name\" content=\"Organisator\" \/>\n<meta property=\"article:publisher\" content=\"https:\/\/www.facebook.com\/OrganisatorFachmagazin\" \/>\n<meta property=\"article:published_time\" content=\"2018-06-08T09:45:52+00:00\" \/>\n<meta property=\"og:image\" content=\"https:\/\/www.organisator.ch\/wp-content\/uploads\/2018\/05\/Sicherheit-in-der-beruflichen-Vorsorge-Darauf-sollten-Sie-achten_Organisator.jpeg\" \/>\n\t<meta property=\"og:image:width\" content=\"640\" \/>\n\t<meta property=\"og:image:height\" content=\"427\" \/>\n\t<meta property=\"og:image:type\" content=\"image\/jpeg\" \/>\n<meta name=\"author\" content=\"thomas.berner\" \/>\n<meta name=\"twitter:card\" content=\"summary_large_image\" \/>\n<meta name=\"twitter:title\" content=\"#Sicherheit in der beruflichen #Vorsorge: Darauf sollten Sie achten\" \/>\n<meta name=\"twitter:description\" content=\"Verantwortungsvolle Unternehmen bieten ihren Angestellten eine sichere Zukunft \u2013 die berufliche #Vorsorge ist dabei entscheidend. Wie l\u00e4sst sich pr\u00fcfen, ob die eigene #Pensionskasse sicher ist?\" \/>\n<meta name=\"twitter:image\" content=\"https:\/\/www.organisator.ch\/wp-content\/uploads\/2018\/05\/Sicherheit-in-der-beruflichen-Vorsorge-Darauf-sollten-Sie-achten_Organisator.jpeg\" \/>\n<script type=\"application\/ld+json\" class=\"yoast-schema-graph\">{\"@context\":\"https:\\\/\\\/schema.org\",\"@graph\":[{\"@type\":\"Article\",\"@id\":\"https:\\\/\\\/www.organisator.ch\\\/management\\\/finanzen_recht\\\/2018-06-08\\\/sicherheit-in-der-beruflichen-vorsorge-darauf-sollten-sie-achten\\\/#article\",\"isPartOf\":{\"@id\":\"https:\\\/\\\/www.organisator.ch\\\/management\\\/finanzen_recht\\\/2018-06-08\\\/sicherheit-in-der-beruflichen-vorsorge-darauf-sollten-sie-achten\\\/\"},\"author\":{\"name\":\"thomas.berner\",\"@id\":\"https:\\\/\\\/www.organisator.ch\\\/#\\\/schema\\\/person\\\/6f650f90b2842cd4c0cc334b4e36f67e\"},\"headline\":\"Sicherheit in der beruflichen Vorsorge: Darauf sollten Sie achten\",\"datePublished\":\"2018-06-08T09:45:52+00:00\",\"mainEntityOfPage\":{\"@id\":\"https:\\\/\\\/www.organisator.ch\\\/management\\\/finanzen_recht\\\/2018-06-08\\\/sicherheit-in-der-beruflichen-vorsorge-darauf-sollten-sie-achten\\\/\"},\"wordCount\":709,\"commentCount\":0,\"publisher\":{\"@id\":\"https:\\\/\\\/www.organisator.ch\\\/#organization\"},\"image\":{\"@id\":\"https:\\\/\\\/www.organisator.ch\\\/management\\\/finanzen_recht\\\/2018-06-08\\\/sicherheit-in-der-beruflichen-vorsorge-darauf-sollten-sie-achten\\\/#primaryimage\"},\"thumbnailUrl\":\"https:\\\/\\\/www.organisator.ch\\\/wp-content\\\/uploads\\\/2018\\\/05\\\/Sicherheit-in-der-beruflichen-Vorsorge-Darauf-sollten-Sie-achten_Organisator.jpeg\",\"keywords\":[\"Finanzen\\\/Recht\",\"Management\",\"Pensionskassen\",\"Vorsorge\"],\"articleSection\":[\"FINANZEN\\\/RECHT\"],\"inLanguage\":\"de\"},{\"@type\":\"WebPage\",\"@id\":\"https:\\\/\\\/www.organisator.ch\\\/management\\\/finanzen_recht\\\/2018-06-08\\\/sicherheit-in-der-beruflichen-vorsorge-darauf-sollten-sie-achten\\\/\",\"url\":\"https:\\\/\\\/www.organisator.ch\\\/management\\\/finanzen_recht\\\/2018-06-08\\\/sicherheit-in-der-beruflichen-vorsorge-darauf-sollten-sie-achten\\\/\",\"name\":\"Sicherheit in der beruflichen Vorsorge: Darauf sollten Sie achten - Organisator\",\"isPartOf\":{\"@id\":\"https:\\\/\\\/www.organisator.ch\\\/#website\"},\"primaryImageOfPage\":{\"@id\":\"https:\\\/\\\/www.organisator.ch\\\/management\\\/finanzen_recht\\\/2018-06-08\\\/sicherheit-in-der-beruflichen-vorsorge-darauf-sollten-sie-achten\\\/#primaryimage\"},\"image\":{\"@id\":\"https:\\\/\\\/www.organisator.ch\\\/management\\\/finanzen_recht\\\/2018-06-08\\\/sicherheit-in-der-beruflichen-vorsorge-darauf-sollten-sie-achten\\\/#primaryimage\"},\"thumbnailUrl\":\"https:\\\/\\\/www.organisator.ch\\\/wp-content\\\/uploads\\\/2018\\\/05\\\/Sicherheit-in-der-beruflichen-Vorsorge-Darauf-sollten-Sie-achten_Organisator.jpeg\",\"datePublished\":\"2018-06-08T09:45:52+00:00\",\"description\":\"Verantwortungsvolle Unternehmen bieten ihren Angestellten eine sichere Zukunft \u2013 die berufliche Vorsorge ist dabei entscheidend. Wie l\u00e4sst sich pr\u00fcfen, ob die eigene Pensionskasse sicher ist?\",\"breadcrumb\":{\"@id\":\"https:\\\/\\\/www.organisator.ch\\\/management\\\/finanzen_recht\\\/2018-06-08\\\/sicherheit-in-der-beruflichen-vorsorge-darauf-sollten-sie-achten\\\/#breadcrumb\"},\"inLanguage\":\"de\",\"potentialAction\":[{\"@type\":\"ReadAction\",\"target\":[\"https:\\\/\\\/www.organisator.ch\\\/management\\\/finanzen_recht\\\/2018-06-08\\\/sicherheit-in-der-beruflichen-vorsorge-darauf-sollten-sie-achten\\\/\"]}]},{\"@type\":\"ImageObject\",\"inLanguage\":\"de\",\"@id\":\"https:\\\/\\\/www.organisator.ch\\\/management\\\/finanzen_recht\\\/2018-06-08\\\/sicherheit-in-der-beruflichen-vorsorge-darauf-sollten-sie-achten\\\/#primaryimage\",\"url\":\"https:\\\/\\\/www.organisator.ch\\\/wp-content\\\/uploads\\\/2018\\\/05\\\/Sicherheit-in-der-beruflichen-Vorsorge-Darauf-sollten-Sie-achten_Organisator.jpeg\",\"contentUrl\":\"https:\\\/\\\/www.organisator.ch\\\/wp-content\\\/uploads\\\/2018\\\/05\\\/Sicherheit-in-der-beruflichen-Vorsorge-Darauf-sollten-Sie-achten_Organisator.jpeg\",\"width\":640,\"height\":427,\"caption\":\"Sicherheit in der beruflichen Vorsorge betrifft uns alle. (Bild: Westend61 - gettyimages \\\/ zVg Tellco)\"},{\"@type\":\"BreadcrumbList\",\"@id\":\"https:\\\/\\\/www.organisator.ch\\\/management\\\/finanzen_recht\\\/2018-06-08\\\/sicherheit-in-der-beruflichen-vorsorge-darauf-sollten-sie-achten\\\/#breadcrumb\",\"itemListElement\":[{\"@type\":\"ListItem\",\"position\":1,\"name\":\"Home\",\"item\":\"https:\\\/\\\/www.organisator.ch\\\/\"},{\"@type\":\"ListItem\",\"position\":2,\"name\":\"Sicherheit in der beruflichen Vorsorge: Darauf sollten Sie achten\"}]},{\"@type\":\"WebSite\",\"@id\":\"https:\\\/\\\/www.organisator.ch\\\/#website\",\"url\":\"https:\\\/\\\/www.organisator.ch\\\/\",\"name\":\"Organisator\",\"description\":\"Kompetent. Praxisnah. Der ORGANISATOR bereitet in 10 Ausgaben pro Jahr die wesentlichen Themen f\u00fcr F\u00fchrungskr\u00e4fte von KMU auf.\",\"publisher\":{\"@id\":\"https:\\\/\\\/www.organisator.ch\\\/#organization\"},\"potentialAction\":[{\"@type\":\"SearchAction\",\"target\":{\"@type\":\"EntryPoint\",\"urlTemplate\":\"https:\\\/\\\/www.organisator.ch\\\/?s={search_term_string}\"},\"query-input\":{\"@type\":\"PropertyValueSpecification\",\"valueRequired\":true,\"valueName\":\"search_term_string\"}}],\"inLanguage\":\"de\"},{\"@type\":\"Organization\",\"@id\":\"https:\\\/\\\/www.organisator.ch\\\/#organization\",\"name\":\"Organisator\",\"url\":\"https:\\\/\\\/www.organisator.ch\\\/\",\"logo\":{\"@type\":\"ImageObject\",\"inLanguage\":\"de\",\"@id\":\"https:\\\/\\\/www.organisator.ch\\\/#\\\/schema\\\/logo\\\/image\\\/\",\"url\":\"https:\\\/\\\/www.organisator.ch\\\/wp-content\\\/uploads\\\/2022\\\/01\\\/Logo_Organisator_Website.png\",\"contentUrl\":\"https:\\\/\\\/www.organisator.ch\\\/wp-content\\\/uploads\\\/2022\\\/01\\\/Logo_Organisator_Website.png\",\"width\":800,\"height\":77,\"caption\":\"Organisator\"},\"image\":{\"@id\":\"https:\\\/\\\/www.organisator.ch\\\/#\\\/schema\\\/logo\\\/image\\\/\"},\"sameAs\":[\"https:\\\/\\\/www.facebook.com\\\/OrganisatorFachmagazin\",\"https:\\\/\\\/www.linkedin.com\\\/showcase\\\/organisator-das-magazin-fr-kmu\",\"https:\\\/\\\/www.xing.com\\\/news\\\/pages\\\/organisator-ch-695\",\"https:\\\/\\\/www.youtube.com\\\/channel\\\/UCGP2Sq0iWaZwT3BdIAQFYpw\"]},{\"@type\":\"Person\",\"@id\":\"https:\\\/\\\/www.organisator.ch\\\/#\\\/schema\\\/person\\\/6f650f90b2842cd4c0cc334b4e36f67e\",\"name\":\"thomas.berner\",\"image\":{\"@type\":\"ImageObject\",\"inLanguage\":\"de\",\"@id\":\"https:\\\/\\\/secure.gravatar.com\\\/avatar\\\/ac5001d2a36cb6c6cd3e50789007ffca834b477b74a2144564522e944eabff61?s=96&d=mm&r=g\",\"url\":\"https:\\\/\\\/secure.gravatar.com\\\/avatar\\\/ac5001d2a36cb6c6cd3e50789007ffca834b477b74a2144564522e944eabff61?s=96&d=mm&r=g\",\"contentUrl\":\"https:\\\/\\\/secure.gravatar.com\\\/avatar\\\/ac5001d2a36cb6c6cd3e50789007ffca834b477b74a2144564522e944eabff61?s=96&d=mm&r=g\",\"caption\":\"thomas.berner\"},\"url\":\"https:\\\/\\\/www.organisator.ch\\\/de\\\/author\\\/thomas-berner\\\/\"}]}<\/script>\n<!-- \/ Yoast SEO plugin. -->","yoast_head_json":{"title":"Sicherheit in der beruflichen Vorsorge: Darauf sollten Sie achten - Organisator","description":"Verantwortungsvolle Unternehmen bieten ihren Angestellten eine sichere Zukunft \u2013 die berufliche Vorsorge ist dabei entscheidend. Wie l\u00e4sst sich pr\u00fcfen, ob die eigene Pensionskasse sicher ist?","robots":{"index":"index","follow":"follow","max-snippet":"max-snippet:-1","max-image-preview":"max-image-preview:large","max-video-preview":"max-video-preview:-1"},"canonical":"https:\/\/www.organisator.ch\/de\/management\/finanzen_recht\/2018-06-08\/sicherheit-in-der-beruflichen-vorsorge-darauf-sollten-sie-achten\/","og_locale":"de_DE","og_type":"article","og_title":"Sicherheit in der beruflichen Vorsorge: Darauf sollten Sie achten","og_description":"Verantwortungsvolle Unternehmen bieten ihren Angestellten eine sichere Zukunft \u2013 die berufliche #Vorsorge ist dabei entscheidend. Wie l\u00e4sst sich pr\u00fcfen, ob die eigene #Pensionskasse sicher ist?","og_url":"https:\/\/www.organisator.ch\/de\/management\/finanzen_recht\/2018-06-08\/sicherheit-in-der-beruflichen-vorsorge-darauf-sollten-sie-achten\/","og_site_name":"Organisator","article_publisher":"https:\/\/www.facebook.com\/OrganisatorFachmagazin","article_published_time":"2018-06-08T09:45:52+00:00","og_image":[{"width":640,"height":427,"url":"https:\/\/www.organisator.ch\/wp-content\/uploads\/2018\/05\/Sicherheit-in-der-beruflichen-Vorsorge-Darauf-sollten-Sie-achten_Organisator.jpeg","type":"image\/jpeg"}],"author":"thomas.berner","twitter_card":"summary_large_image","twitter_title":"#Sicherheit in der beruflichen #Vorsorge: Darauf sollten Sie achten","twitter_description":"Verantwortungsvolle Unternehmen bieten ihren Angestellten eine sichere Zukunft \u2013 die berufliche #Vorsorge ist dabei entscheidend. Wie l\u00e4sst sich pr\u00fcfen, ob die eigene #Pensionskasse sicher ist?","twitter_image":"https:\/\/www.organisator.ch\/wp-content\/uploads\/2018\/05\/Sicherheit-in-der-beruflichen-Vorsorge-Darauf-sollten-Sie-achten_Organisator.jpeg","schema":{"@context":"https:\/\/schema.org","@graph":[{"@type":"Article","@id":"https:\/\/www.organisator.ch\/management\/finanzen_recht\/2018-06-08\/sicherheit-in-der-beruflichen-vorsorge-darauf-sollten-sie-achten\/#article","isPartOf":{"@id":"https:\/\/www.organisator.ch\/management\/finanzen_recht\/2018-06-08\/sicherheit-in-der-beruflichen-vorsorge-darauf-sollten-sie-achten\/"},"author":{"name":"thomas.berner","@id":"https:\/\/www.organisator.ch\/#\/schema\/person\/6f650f90b2842cd4c0cc334b4e36f67e"},"headline":"Sicherheit in der beruflichen Vorsorge: Darauf sollten Sie achten","datePublished":"2018-06-08T09:45:52+00:00","mainEntityOfPage":{"@id":"https:\/\/www.organisator.ch\/management\/finanzen_recht\/2018-06-08\/sicherheit-in-der-beruflichen-vorsorge-darauf-sollten-sie-achten\/"},"wordCount":709,"commentCount":0,"publisher":{"@id":"https:\/\/www.organisator.ch\/#organization"},"image":{"@id":"https:\/\/www.organisator.ch\/management\/finanzen_recht\/2018-06-08\/sicherheit-in-der-beruflichen-vorsorge-darauf-sollten-sie-achten\/#primaryimage"},"thumbnailUrl":"https:\/\/www.organisator.ch\/wp-content\/uploads\/2018\/05\/Sicherheit-in-der-beruflichen-Vorsorge-Darauf-sollten-Sie-achten_Organisator.jpeg","keywords":["Finanzen\/Recht","Management","Pensionskassen","Vorsorge"],"articleSection":["FINANZEN\/RECHT"],"inLanguage":"de"},{"@type":"WebPage","@id":"https:\/\/www.organisator.ch\/management\/finanzen_recht\/2018-06-08\/sicherheit-in-der-beruflichen-vorsorge-darauf-sollten-sie-achten\/","url":"https:\/\/www.organisator.ch\/management\/finanzen_recht\/2018-06-08\/sicherheit-in-der-beruflichen-vorsorge-darauf-sollten-sie-achten\/","name":"Sicherheit in der beruflichen Vorsorge: Darauf sollten Sie achten - Organisator","isPartOf":{"@id":"https:\/\/www.organisator.ch\/#website"},"primaryImageOfPage":{"@id":"https:\/\/www.organisator.ch\/management\/finanzen_recht\/2018-06-08\/sicherheit-in-der-beruflichen-vorsorge-darauf-sollten-sie-achten\/#primaryimage"},"image":{"@id":"https:\/\/www.organisator.ch\/management\/finanzen_recht\/2018-06-08\/sicherheit-in-der-beruflichen-vorsorge-darauf-sollten-sie-achten\/#primaryimage"},"thumbnailUrl":"https:\/\/www.organisator.ch\/wp-content\/uploads\/2018\/05\/Sicherheit-in-der-beruflichen-Vorsorge-Darauf-sollten-Sie-achten_Organisator.jpeg","datePublished":"2018-06-08T09:45:52+00:00","description":"Verantwortungsvolle Unternehmen bieten ihren Angestellten eine sichere Zukunft \u2013 die berufliche Vorsorge ist dabei entscheidend. Wie l\u00e4sst sich pr\u00fcfen, ob die eigene Pensionskasse sicher ist?","breadcrumb":{"@id":"https:\/\/www.organisator.ch\/management\/finanzen_recht\/2018-06-08\/sicherheit-in-der-beruflichen-vorsorge-darauf-sollten-sie-achten\/#breadcrumb"},"inLanguage":"de","potentialAction":[{"@type":"ReadAction","target":["https:\/\/www.organisator.ch\/management\/finanzen_recht\/2018-06-08\/sicherheit-in-der-beruflichen-vorsorge-darauf-sollten-sie-achten\/"]}]},{"@type":"ImageObject","inLanguage":"de","@id":"https:\/\/www.organisator.ch\/management\/finanzen_recht\/2018-06-08\/sicherheit-in-der-beruflichen-vorsorge-darauf-sollten-sie-achten\/#primaryimage","url":"https:\/\/www.organisator.ch\/wp-content\/uploads\/2018\/05\/Sicherheit-in-der-beruflichen-Vorsorge-Darauf-sollten-Sie-achten_Organisator.jpeg","contentUrl":"https:\/\/www.organisator.ch\/wp-content\/uploads\/2018\/05\/Sicherheit-in-der-beruflichen-Vorsorge-Darauf-sollten-Sie-achten_Organisator.jpeg","width":640,"height":427,"caption":"Sicherheit in der beruflichen Vorsorge betrifft uns alle. (Bild: Westend61 - gettyimages \/ zVg Tellco)"},{"@type":"BreadcrumbList","@id":"https:\/\/www.organisator.ch\/management\/finanzen_recht\/2018-06-08\/sicherheit-in-der-beruflichen-vorsorge-darauf-sollten-sie-achten\/#breadcrumb","itemListElement":[{"@type":"ListItem","position":1,"name":"Home","item":"https:\/\/www.organisator.ch\/"},{"@type":"ListItem","position":2,"name":"Sicherheit in der beruflichen Vorsorge: Darauf sollten Sie achten"}]},{"@type":"WebSite","@id":"https:\/\/www.organisator.ch\/#website","url":"https:\/\/www.organisator.ch\/","name":"Organisator","description":"Kompetent. Praxisnah. Der ORGANISATOR bereitet in 10 Ausgaben pro Jahr die wesentlichen Themen f\u00fcr F\u00fchrungskr\u00e4fte von KMU auf.","publisher":{"@id":"https:\/\/www.organisator.ch\/#organization"},"potentialAction":[{"@type":"SearchAction","target":{"@type":"EntryPoint","urlTemplate":"https:\/\/www.organisator.ch\/?s={search_term_string}"},"query-input":{"@type":"PropertyValueSpecification","valueRequired":true,"valueName":"search_term_string"}}],"inLanguage":"de"},{"@type":"Organization","@id":"https:\/\/www.organisator.ch\/#organization","name":"Organisator","url":"https:\/\/www.organisator.ch\/","logo":{"@type":"ImageObject","inLanguage":"de","@id":"https:\/\/www.organisator.ch\/#\/schema\/logo\/image\/","url":"https:\/\/www.organisator.ch\/wp-content\/uploads\/2022\/01\/Logo_Organisator_Website.png","contentUrl":"https:\/\/www.organisator.ch\/wp-content\/uploads\/2022\/01\/Logo_Organisator_Website.png","width":800,"height":77,"caption":"Organisator"},"image":{"@id":"https:\/\/www.organisator.ch\/#\/schema\/logo\/image\/"},"sameAs":["https:\/\/www.facebook.com\/OrganisatorFachmagazin","https:\/\/www.linkedin.com\/showcase\/organisator-das-magazin-fr-kmu","https:\/\/www.xing.com\/news\/pages\/organisator-ch-695","https:\/\/www.youtube.com\/channel\/UCGP2Sq0iWaZwT3BdIAQFYpw"]},{"@type":"Person","@id":"https:\/\/www.organisator.ch\/#\/schema\/person\/6f650f90b2842cd4c0cc334b4e36f67e","name":"thomas.berner","image":{"@type":"ImageObject","inLanguage":"de","@id":"https:\/\/secure.gravatar.com\/avatar\/ac5001d2a36cb6c6cd3e50789007ffca834b477b74a2144564522e944eabff61?s=96&d=mm&r=g","url":"https:\/\/secure.gravatar.com\/avatar\/ac5001d2a36cb6c6cd3e50789007ffca834b477b74a2144564522e944eabff61?s=96&d=mm&r=g","contentUrl":"https:\/\/secure.gravatar.com\/avatar\/ac5001d2a36cb6c6cd3e50789007ffca834b477b74a2144564522e944eabff61?s=96&d=mm&r=g","caption":"thomas.berner"},"url":"https:\/\/www.organisator.ch\/de\/author\/thomas-berner\/"}]}},"_links":{"self":[{"href":"https:\/\/www.organisator.ch\/de\/wp-json\/wp\/v2\/posts\/3672","targetHints":{"allow":["GET"]}}],"collection":[{"href":"https:\/\/www.organisator.ch\/de\/wp-json\/wp\/v2\/posts"}],"about":[{"href":"https:\/\/www.organisator.ch\/de\/wp-json\/wp\/v2\/types\/post"}],"author":[{"embeddable":true,"href":"https:\/\/www.organisator.ch\/de\/wp-json\/wp\/v2\/users\/4"}],"replies":[{"embeddable":true,"href":"https:\/\/www.organisator.ch\/de\/wp-json\/wp\/v2\/comments?post=3672"}],"version-history":[{"count":0,"href":"https:\/\/www.organisator.ch\/de\/wp-json\/wp\/v2\/posts\/3672\/revisions"}],"wp:featuredmedia":[{"embeddable":true,"href":"https:\/\/www.organisator.ch\/de\/wp-json\/wp\/v2\/media\/3673"}],"wp:attachment":[{"href":"https:\/\/www.organisator.ch\/de\/wp-json\/wp\/v2\/media?parent=3672"}],"wp:term":[{"taxonomy":"category","embeddable":true,"href":"https:\/\/www.organisator.ch\/de\/wp-json\/wp\/v2\/categories?post=3672"},{"taxonomy":"post_tag","embeddable":true,"href":"https:\/\/www.organisator.ch\/de\/wp-json\/wp\/v2\/tags?post=3672"}],"curies":[{"name":"wp","href":"https:\/\/api.w.org\/{rel}","templated":true}]}}