{"id":36736,"date":"2025-03-10T10:52:08","date_gmt":"2025-03-10T09:52:08","guid":{"rendered":"https:\/\/www.organisator.ch\/?p=36736"},"modified":"2025-03-10T08:52:17","modified_gmt":"2025-03-10T07:52:17","slug":"prix-svc-espace-mittelland-schwob-ag","status":"publish","type":"post","link":"https:\/\/www.organisator.ch\/de\/management\/2025-03-10\/prix-svc-espace-mittelland-schwob-ag\/","title":{"rendered":"Prix SVC Espace Mittelland: Schwob AG"},"content":{"rendered":"<figure id=\"attachment_36739\" aria-describedby=\"caption-attachment-36739\" style=\"width: 680px\" class=\"wp-caption alignnone\"><img loading=\"lazy\" decoding=\"async\" class=\"size-full wp-image-36739\" src=\"https:\/\/www.organisator.ch\/wp-content\/uploads\/2025\/03\/Schwob_Bild_ps.jpg\" alt=\"\" width=\"680\" height=\"448\" srcset=\"https:\/\/www.organisator.ch\/wp-content\/uploads\/2025\/03\/Schwob_Bild_ps.jpg 680w, https:\/\/www.organisator.ch\/wp-content\/uploads\/2025\/03\/Schwob_Bild_ps-18x12.jpg 18w, https:\/\/www.organisator.ch\/wp-content\/uploads\/2025\/03\/Schwob_Bild_ps-375x247.jpg 375w, https:\/\/www.organisator.ch\/wp-content\/uploads\/2025\/03\/Schwob_Bild_ps-531x350.jpg 531w\" sizes=\"auto, (max-width: 680px) 100vw, 680px\" \/><figcaption id=\"caption-attachment-36739\" class=\"wp-caption-text\">Die Schwob AG verbindet seit 1872 Schweizer Handwerkskunst mit modernster Technologie. (Schwob AG \/ www.schwob.swiss)<\/figcaption><\/figure>\n<p>Die Hightech Leinenweberei Schwob AG mit Sitz in Burgdorf BE produziert seit 1872 hochwertige Textilien f\u00fcr Hotellerie, Gastronomie sowie Kliniken und Residenzen. Rund 240 Mitarbeitende stellen Bett- und Tischw\u00e4sche her, die nicht nur in der Schweiz, sondern auch international gesch\u00e4tzt wird. Neben der Produktion bietet Schwob auch Dienstleistungen im Bereich Textilpflege an. Das Unternehmen verbindet traditionelles Handwerk mit modernster Technologie und setzt bewusst auf den Standort Schweiz.\u00a0<\/p>\n<h3><strong>Tradition und Innovation seit 1872<\/strong><\/h3>\n<p>Urspr\u00fcnglich als Leinenweberei gestartet, hat sich Schwob im Laufe der Jahrzehnte mit stetigen Investitionen in moderne Web- und Konfektionsanlagen als Spezialist f\u00fcr langlebige und anspruchsvolle Textilien etabliert. In den 1970er Jahren verlagerte das Unternehmen seine Produktion nach Burgdorf und entwickelte sich seither weiter. Ein wichtiger Meilenstein war 2008 der Einstieg in das Gesch\u00e4ftsfeld Textilpflege. Mit der Integration eigener W\u00e4schereien hat Schwob ein Konzept geschaffen, das Produktion und Pflege nahtlos miteinander verbindet.<\/p>\n<p>Dank kontinuierlicher Investitionen in Technologie, Qualit\u00e4tssicherung und nachhaltige Produktionsmethoden hat sich das Unternehmen als feste Gr\u00f6sse in der Schweizer Textilbranche positioniert. 2017 erhielt das Unternehmen den internationalen Branchenaward RWin und wurde als f\u00fchrender Anbieter im Bereich Textilservice in der Schweiz ausgezeichnet. 2022 feiert die Schwob AG ihr 150-j\u00e4hriges Bestehen.<\/p>\n<h3><strong>Kompletter Textilservice aus einer Hand<\/strong><\/h3>\n<p>Die Schwob AG geht \u00fcber die reine Produktion hinaus und bietet mit f\u00fcnf eigenen W\u00e4schereien einen Rundum-Service f\u00fcr ihre Kundschaft. Von der Abholung \u00fcber die Reinigung bis zur termingerechten Auslieferung \u00fcbernimmt das Unternehmen die professionelle Pflege der Textilien. Der Mietw\u00e4sche-Vollservice erm\u00f6glicht es, W\u00e4sche flexibel zu nutzen, ohne sich um Lagerhaltung, Pflege oder Ersatzbeschaffung k\u00fcmmern zu m\u00fcssen. Diese Kombination aus Design, Produktion und Textilpflege schafft eine wirtschaftliche und nachhaltige L\u00f6sung f\u00fcr Hotellerie, Gastronomie und Gesundheitswesen.<\/p>\n<h3><strong>Verantwortung f\u00fcr Umwelt und Gesellschaft<\/strong><\/h3>\n<p>Nachhaltigkeit pr\u00e4gt das gesamte Unternehmen \u2013 von der Produktion bis zur Textilpflege. Ressourcenschonende Verfahren und langlebige Materialien stehen im Mittelpunkt der Fertigung. Der Strombedarf wird vollst\u00e4ndig durch erneuerbare Energien gedeckt, darunter Strom aus 100 % Wasserkraft und Photovoltaikanlagen. Zudem reduzieren moderne W\u00e4schereitechnologien kontinuierlich den Wasserverbrauch und CO\u2082-Ausstoss. Doch Schwob \u00fcbernimmt nicht nur \u00f6kologische, sondern auch soziale Verantwortung. Das Unternehmen setzt sich f\u00fcr faire Arbeitsbedingungen ein und investiert gezielt in die Aus- und Weiterbildung seiner Mitarbeitenden.<\/p>\n<p><em>Weitere Informationen:\u00a0<a href=\"https:\/\/www.schwob.swiss\/\">www.schwob.swiss<\/a>\u00a0\/\u00a0<a href=\"https:\/\/svc.swiss\/de\/event\/prix-svc-espace-mittelland-2025\">www.svc.swiss<\/a><\/em><\/p>\n<blockquote>\n<h3>Prix SVC Espace Mittelland 2025<\/h3>\n<p>Die Preisverleihung findet am Mittwoch, 12. M\u00e4rz 2025, im Kursaal Bern statt. Erwartet werden rund 1\u2019300 G\u00e4ste aus Wirtschaft, Wissenschaft, Politik und Kultur. Der Prix SVC Espace Mittelland wurde erstmals 2003 verliehen und 2025 steht bereits die f\u00fcnfzehnte Durchf\u00fchrung an.\u00a0<a href=\"https:\/\/svc.swiss\/sites\/default\/files\/2025-01\/online_svc_leporello_a5_espacemittelland.pdf\">Weitere Informationen.<\/a><\/p>\n<\/blockquote>\n","protected":false},"excerpt":{"rendered":"<p>Am 12. M\u00e4rz 2025 wird zum 15. Mal der Prix SVC Espace Mittelland verliehen. Unter den Finalisten ist auch die Schwob AG mit Sitz in Burgdorf BE. Ein Kurzportr\u00e4t dieses Traditionsunternehmens, das hochwertige Textilien f\u00fcr die Hotellerie, Gastronomie und das Gesundheitswesen fertigt.<\/p>\n","protected":false},"author":80,"featured_media":36739,"comment_status":"closed","ping_status":"closed","sticky":false,"template":"","format":"standard","meta":{"_acf_changed":false,"_yoast_wpseo_focuskw":"Schwob AG","_yoast_wpseo_metadesc":"Die Schwob AG ist Finalistin beim Prix SVC Espace Mittelland 2025. Ein Kurzportr\u00e4t des Traditionsunternehmens f\u00fcr hochwertige Textilien.","articlekey":"","footnotes":""},"categories":[28],"tags":[65,301,391,2297,492],"class_list":["post-36736","post","type-post","status-publish","format-standard","has-post-thumbnail","hentry","category-management","tag-award","tag-kmu","tag-prix-svc-espace-mittelland","tag-textilindustrie","tag-unternehmen"],"acf":[],"yoast_head":"<!-- This site is optimized with the Yoast SEO plugin v27.4 - https:\/\/yoast.com\/product\/yoast-seo-wordpress\/ -->\n<title>Prix SVC Espace Mittelland: Schwob AG - Organisator<\/title>\n<meta name=\"description\" content=\"Die Schwob AG ist Finalistin beim Prix SVC Espace Mittelland 2025. Ein Kurzportr\u00e4t des Traditionsunternehmens f\u00fcr hochwertige Textilien.\" \/>\n<meta name=\"robots\" content=\"index, follow, max-snippet:-1, max-image-preview:large, max-video-preview:-1\" \/>\n<link rel=\"canonical\" href=\"https:\/\/www.organisator.ch\/de\/management\/2025-03-10\/prix-svc-espace-mittelland-schwob-ag\/\" \/>\n<meta property=\"og:locale\" content=\"de_DE\" \/>\n<meta property=\"og:type\" content=\"article\" \/>\n<meta property=\"og:title\" content=\"Prix SVC Espace Mittelland: Schwob AG\" \/>\n<meta property=\"og:description\" content=\"Die Schwob AG ist Finalistin beim Prix SVC Espace Mittelland 2025. Ein Kurzportr\u00e4t des Traditionsunternehmens f\u00fcr hochwertige Textilien.\" \/>\n<meta property=\"og:url\" content=\"https:\/\/www.organisator.ch\/de\/management\/2025-03-10\/prix-svc-espace-mittelland-schwob-ag\/\" \/>\n<meta property=\"og:site_name\" content=\"Organisator\" \/>\n<meta property=\"article:publisher\" content=\"https:\/\/www.facebook.com\/OrganisatorFachmagazin\" \/>\n<meta property=\"article:published_time\" content=\"2025-03-10T09:52:08+00:00\" \/>\n<meta property=\"og:image\" content=\"https:\/\/www.organisator.ch\/wp-content\/uploads\/2025\/03\/Schwob_Bild_ps.jpg\" \/>\n\t<meta property=\"og:image:width\" content=\"680\" \/>\n\t<meta property=\"og:image:height\" content=\"448\" \/>\n\t<meta property=\"og:image:type\" content=\"image\/jpeg\" \/>\n<meta name=\"author\" content=\"Dzana Muminovic\" \/>\n<meta name=\"twitter:card\" content=\"summary_large_image\" \/>\n<meta name=\"twitter:title\" content=\"Prix SVC Espace Mittelland: Schwob AG\" \/>\n<meta name=\"twitter:description\" content=\"Die Schwob AG ist Finalistin beim Prix SVC Espace Mittelland 2025. Ein Kurzportr\u00e4t des Traditionsunternehmens f\u00fcr hochwertige Textilien.\" \/>\n<meta name=\"twitter:image\" content=\"https:\/\/www.organisator.ch\/wp-content\/uploads\/2025\/03\/Schwob_Bild_ps.jpg\" \/>\n<script type=\"application\/ld+json\" class=\"yoast-schema-graph\">{\"@context\":\"https:\\\/\\\/schema.org\",\"@graph\":[{\"@type\":\"Article\",\"@id\":\"https:\\\/\\\/www.organisator.ch\\\/management\\\/2025-03-10\\\/prix-svc-espace-mittelland-schwob-ag\\\/#article\",\"isPartOf\":{\"@id\":\"https:\\\/\\\/www.organisator.ch\\\/management\\\/2025-03-10\\\/prix-svc-espace-mittelland-schwob-ag\\\/\"},\"author\":{\"name\":\"Dzana Muminovic\",\"@id\":\"https:\\\/\\\/www.organisator.ch\\\/#\\\/schema\\\/person\\\/afccda3a71c06d4be2ed9100dd163db7\"},\"headline\":\"Prix SVC Espace Mittelland: Schwob AG\",\"datePublished\":\"2025-03-10T09:52:08+00:00\",\"mainEntityOfPage\":{\"@id\":\"https:\\\/\\\/www.organisator.ch\\\/management\\\/2025-03-10\\\/prix-svc-espace-mittelland-schwob-ag\\\/\"},\"wordCount\":450,\"publisher\":{\"@id\":\"https:\\\/\\\/www.organisator.ch\\\/#organization\"},\"image\":{\"@id\":\"https:\\\/\\\/www.organisator.ch\\\/management\\\/2025-03-10\\\/prix-svc-espace-mittelland-schwob-ag\\\/#primaryimage\"},\"thumbnailUrl\":\"https:\\\/\\\/www.organisator.ch\\\/wp-content\\\/uploads\\\/2025\\\/03\\\/Schwob_Bild_ps.jpg\",\"keywords\":[\"Award\",\"KMU\",\"Prix SVC Espace Mittelland\",\"Textilindustrie\",\"Unternehmen\"],\"articleSection\":[\"MANAGEMENT\"],\"inLanguage\":\"de\"},{\"@type\":\"WebPage\",\"@id\":\"https:\\\/\\\/www.organisator.ch\\\/management\\\/2025-03-10\\\/prix-svc-espace-mittelland-schwob-ag\\\/\",\"url\":\"https:\\\/\\\/www.organisator.ch\\\/management\\\/2025-03-10\\\/prix-svc-espace-mittelland-schwob-ag\\\/\",\"name\":\"Prix SVC Espace Mittelland: Schwob AG - Organisator\",\"isPartOf\":{\"@id\":\"https:\\\/\\\/www.organisator.ch\\\/#website\"},\"primaryImageOfPage\":{\"@id\":\"https:\\\/\\\/www.organisator.ch\\\/management\\\/2025-03-10\\\/prix-svc-espace-mittelland-schwob-ag\\\/#primaryimage\"},\"image\":{\"@id\":\"https:\\\/\\\/www.organisator.ch\\\/management\\\/2025-03-10\\\/prix-svc-espace-mittelland-schwob-ag\\\/#primaryimage\"},\"thumbnailUrl\":\"https:\\\/\\\/www.organisator.ch\\\/wp-content\\\/uploads\\\/2025\\\/03\\\/Schwob_Bild_ps.jpg\",\"datePublished\":\"2025-03-10T09:52:08+00:00\",\"description\":\"Die Schwob AG ist Finalistin beim Prix SVC Espace Mittelland 2025. Ein Kurzportr\u00e4t des Traditionsunternehmens f\u00fcr hochwertige Textilien.\",\"breadcrumb\":{\"@id\":\"https:\\\/\\\/www.organisator.ch\\\/management\\\/2025-03-10\\\/prix-svc-espace-mittelland-schwob-ag\\\/#breadcrumb\"},\"inLanguage\":\"de\",\"potentialAction\":[{\"@type\":\"ReadAction\",\"target\":[\"https:\\\/\\\/www.organisator.ch\\\/management\\\/2025-03-10\\\/prix-svc-espace-mittelland-schwob-ag\\\/\"]}]},{\"@type\":\"ImageObject\",\"inLanguage\":\"de\",\"@id\":\"https:\\\/\\\/www.organisator.ch\\\/management\\\/2025-03-10\\\/prix-svc-espace-mittelland-schwob-ag\\\/#primaryimage\",\"url\":\"https:\\\/\\\/www.organisator.ch\\\/wp-content\\\/uploads\\\/2025\\\/03\\\/Schwob_Bild_ps.jpg\",\"contentUrl\":\"https:\\\/\\\/www.organisator.ch\\\/wp-content\\\/uploads\\\/2025\\\/03\\\/Schwob_Bild_ps.jpg\",\"width\":680,\"height\":448,\"caption\":\"Die Schwob AG verbindet seit 1872 Schweizer Handwerkskunst mit modernster Technologie. (Schwob AG \\\/ www.schwob.swiss)\"},{\"@type\":\"BreadcrumbList\",\"@id\":\"https:\\\/\\\/www.organisator.ch\\\/management\\\/2025-03-10\\\/prix-svc-espace-mittelland-schwob-ag\\\/#breadcrumb\",\"itemListElement\":[{\"@type\":\"ListItem\",\"position\":1,\"name\":\"Home\",\"item\":\"https:\\\/\\\/www.organisator.ch\\\/\"},{\"@type\":\"ListItem\",\"position\":2,\"name\":\"Prix SVC Espace Mittelland: Schwob AG\"}]},{\"@type\":\"WebSite\",\"@id\":\"https:\\\/\\\/www.organisator.ch\\\/#website\",\"url\":\"https:\\\/\\\/www.organisator.ch\\\/\",\"name\":\"Organisator\",\"description\":\"Kompetent. Praxisnah. Der ORGANISATOR bereitet in 10 Ausgaben pro Jahr die wesentlichen Themen f\u00fcr F\u00fchrungskr\u00e4fte von KMU auf.\",\"publisher\":{\"@id\":\"https:\\\/\\\/www.organisator.ch\\\/#organization\"},\"potentialAction\":[{\"@type\":\"SearchAction\",\"target\":{\"@type\":\"EntryPoint\",\"urlTemplate\":\"https:\\\/\\\/www.organisator.ch\\\/?s={search_term_string}\"},\"query-input\":{\"@type\":\"PropertyValueSpecification\",\"valueRequired\":true,\"valueName\":\"search_term_string\"}}],\"inLanguage\":\"de\"},{\"@type\":\"Organization\",\"@id\":\"https:\\\/\\\/www.organisator.ch\\\/#organization\",\"name\":\"Organisator\",\"url\":\"https:\\\/\\\/www.organisator.ch\\\/\",\"logo\":{\"@type\":\"ImageObject\",\"inLanguage\":\"de\",\"@id\":\"https:\\\/\\\/www.organisator.ch\\\/#\\\/schema\\\/logo\\\/image\\\/\",\"url\":\"https:\\\/\\\/www.organisator.ch\\\/wp-content\\\/uploads\\\/2022\\\/01\\\/Logo_Organisator_Website.png\",\"contentUrl\":\"https:\\\/\\\/www.organisator.ch\\\/wp-content\\\/uploads\\\/2022\\\/01\\\/Logo_Organisator_Website.png\",\"width\":800,\"height\":77,\"caption\":\"Organisator\"},\"image\":{\"@id\":\"https:\\\/\\\/www.organisator.ch\\\/#\\\/schema\\\/logo\\\/image\\\/\"},\"sameAs\":[\"https:\\\/\\\/www.facebook.com\\\/OrganisatorFachmagazin\",\"https:\\\/\\\/www.linkedin.com\\\/showcase\\\/organisator-das-magazin-fr-kmu\",\"https:\\\/\\\/www.xing.com\\\/news\\\/pages\\\/organisator-ch-695\",\"https:\\\/\\\/www.youtube.com\\\/channel\\\/UCGP2Sq0iWaZwT3BdIAQFYpw\"]},{\"@type\":\"Person\",\"@id\":\"https:\\\/\\\/www.organisator.ch\\\/#\\\/schema\\\/person\\\/afccda3a71c06d4be2ed9100dd163db7\",\"name\":\"Dzana Muminovic\",\"image\":{\"@type\":\"ImageObject\",\"inLanguage\":\"de\",\"@id\":\"https:\\\/\\\/secure.gravatar.com\\\/avatar\\\/909c5c71aff4b38e88686f2ab2f1ba152571f394f41ed8bae431ea56ced93050?s=96&d=mm&r=g\",\"url\":\"https:\\\/\\\/secure.gravatar.com\\\/avatar\\\/909c5c71aff4b38e88686f2ab2f1ba152571f394f41ed8bae431ea56ced93050?s=96&d=mm&r=g\",\"contentUrl\":\"https:\\\/\\\/secure.gravatar.com\\\/avatar\\\/909c5c71aff4b38e88686f2ab2f1ba152571f394f41ed8bae431ea56ced93050?s=96&d=mm&r=g\",\"caption\":\"Dzana Muminovic\"},\"url\":\"https:\\\/\\\/www.organisator.ch\\\/de\\\/author\\\/dzana-muminovic\\\/\"}]}<\/script>\n<!-- \/ Yoast SEO plugin. -->","yoast_head_json":{"title":"Prix SVC Espace Mittelland: Schwob AG - Organisator","description":"Die Schwob AG ist Finalistin beim Prix SVC Espace Mittelland 2025. Ein Kurzportr\u00e4t des Traditionsunternehmens f\u00fcr hochwertige Textilien.","robots":{"index":"index","follow":"follow","max-snippet":"max-snippet:-1","max-image-preview":"max-image-preview:large","max-video-preview":"max-video-preview:-1"},"canonical":"https:\/\/www.organisator.ch\/de\/management\/2025-03-10\/prix-svc-espace-mittelland-schwob-ag\/","og_locale":"de_DE","og_type":"article","og_title":"Prix SVC Espace Mittelland: Schwob AG","og_description":"Die Schwob AG ist Finalistin beim Prix SVC Espace Mittelland 2025. Ein Kurzportr\u00e4t des Traditionsunternehmens f\u00fcr hochwertige Textilien.","og_url":"https:\/\/www.organisator.ch\/de\/management\/2025-03-10\/prix-svc-espace-mittelland-schwob-ag\/","og_site_name":"Organisator","article_publisher":"https:\/\/www.facebook.com\/OrganisatorFachmagazin","article_published_time":"2025-03-10T09:52:08+00:00","og_image":[{"width":680,"height":448,"url":"https:\/\/www.organisator.ch\/wp-content\/uploads\/2025\/03\/Schwob_Bild_ps.jpg","type":"image\/jpeg"}],"author":"Dzana Muminovic","twitter_card":"summary_large_image","twitter_title":"Prix SVC Espace Mittelland: Schwob AG","twitter_description":"Die Schwob AG ist Finalistin beim Prix SVC Espace Mittelland 2025. Ein Kurzportr\u00e4t des Traditionsunternehmens f\u00fcr hochwertige Textilien.","twitter_image":"https:\/\/www.organisator.ch\/wp-content\/uploads\/2025\/03\/Schwob_Bild_ps.jpg","schema":{"@context":"https:\/\/schema.org","@graph":[{"@type":"Article","@id":"https:\/\/www.organisator.ch\/management\/2025-03-10\/prix-svc-espace-mittelland-schwob-ag\/#article","isPartOf":{"@id":"https:\/\/www.organisator.ch\/management\/2025-03-10\/prix-svc-espace-mittelland-schwob-ag\/"},"author":{"name":"Dzana Muminovic","@id":"https:\/\/www.organisator.ch\/#\/schema\/person\/afccda3a71c06d4be2ed9100dd163db7"},"headline":"Prix SVC Espace Mittelland: Schwob AG","datePublished":"2025-03-10T09:52:08+00:00","mainEntityOfPage":{"@id":"https:\/\/www.organisator.ch\/management\/2025-03-10\/prix-svc-espace-mittelland-schwob-ag\/"},"wordCount":450,"publisher":{"@id":"https:\/\/www.organisator.ch\/#organization"},"image":{"@id":"https:\/\/www.organisator.ch\/management\/2025-03-10\/prix-svc-espace-mittelland-schwob-ag\/#primaryimage"},"thumbnailUrl":"https:\/\/www.organisator.ch\/wp-content\/uploads\/2025\/03\/Schwob_Bild_ps.jpg","keywords":["Award","KMU","Prix SVC Espace Mittelland","Textilindustrie","Unternehmen"],"articleSection":["MANAGEMENT"],"inLanguage":"de"},{"@type":"WebPage","@id":"https:\/\/www.organisator.ch\/management\/2025-03-10\/prix-svc-espace-mittelland-schwob-ag\/","url":"https:\/\/www.organisator.ch\/management\/2025-03-10\/prix-svc-espace-mittelland-schwob-ag\/","name":"Prix SVC Espace Mittelland: Schwob AG - Organisator","isPartOf":{"@id":"https:\/\/www.organisator.ch\/#website"},"primaryImageOfPage":{"@id":"https:\/\/www.organisator.ch\/management\/2025-03-10\/prix-svc-espace-mittelland-schwob-ag\/#primaryimage"},"image":{"@id":"https:\/\/www.organisator.ch\/management\/2025-03-10\/prix-svc-espace-mittelland-schwob-ag\/#primaryimage"},"thumbnailUrl":"https:\/\/www.organisator.ch\/wp-content\/uploads\/2025\/03\/Schwob_Bild_ps.jpg","datePublished":"2025-03-10T09:52:08+00:00","description":"Die Schwob AG ist Finalistin beim Prix SVC Espace Mittelland 2025. Ein Kurzportr\u00e4t des Traditionsunternehmens f\u00fcr hochwertige Textilien.","breadcrumb":{"@id":"https:\/\/www.organisator.ch\/management\/2025-03-10\/prix-svc-espace-mittelland-schwob-ag\/#breadcrumb"},"inLanguage":"de","potentialAction":[{"@type":"ReadAction","target":["https:\/\/www.organisator.ch\/management\/2025-03-10\/prix-svc-espace-mittelland-schwob-ag\/"]}]},{"@type":"ImageObject","inLanguage":"de","@id":"https:\/\/www.organisator.ch\/management\/2025-03-10\/prix-svc-espace-mittelland-schwob-ag\/#primaryimage","url":"https:\/\/www.organisator.ch\/wp-content\/uploads\/2025\/03\/Schwob_Bild_ps.jpg","contentUrl":"https:\/\/www.organisator.ch\/wp-content\/uploads\/2025\/03\/Schwob_Bild_ps.jpg","width":680,"height":448,"caption":"Die Schwob AG verbindet seit 1872 Schweizer Handwerkskunst mit modernster Technologie. (Schwob AG \/ www.schwob.swiss)"},{"@type":"BreadcrumbList","@id":"https:\/\/www.organisator.ch\/management\/2025-03-10\/prix-svc-espace-mittelland-schwob-ag\/#breadcrumb","itemListElement":[{"@type":"ListItem","position":1,"name":"Home","item":"https:\/\/www.organisator.ch\/"},{"@type":"ListItem","position":2,"name":"Prix SVC Espace Mittelland: Schwob AG"}]},{"@type":"WebSite","@id":"https:\/\/www.organisator.ch\/#website","url":"https:\/\/www.organisator.ch\/","name":"Organisator","description":"Kompetent. Praxisnah. Der ORGANISATOR bereitet in 10 Ausgaben pro Jahr die wesentlichen Themen f\u00fcr F\u00fchrungskr\u00e4fte von KMU auf.","publisher":{"@id":"https:\/\/www.organisator.ch\/#organization"},"potentialAction":[{"@type":"SearchAction","target":{"@type":"EntryPoint","urlTemplate":"https:\/\/www.organisator.ch\/?s={search_term_string}"},"query-input":{"@type":"PropertyValueSpecification","valueRequired":true,"valueName":"search_term_string"}}],"inLanguage":"de"},{"@type":"Organization","@id":"https:\/\/www.organisator.ch\/#organization","name":"Organisator","url":"https:\/\/www.organisator.ch\/","logo":{"@type":"ImageObject","inLanguage":"de","@id":"https:\/\/www.organisator.ch\/#\/schema\/logo\/image\/","url":"https:\/\/www.organisator.ch\/wp-content\/uploads\/2022\/01\/Logo_Organisator_Website.png","contentUrl":"https:\/\/www.organisator.ch\/wp-content\/uploads\/2022\/01\/Logo_Organisator_Website.png","width":800,"height":77,"caption":"Organisator"},"image":{"@id":"https:\/\/www.organisator.ch\/#\/schema\/logo\/image\/"},"sameAs":["https:\/\/www.facebook.com\/OrganisatorFachmagazin","https:\/\/www.linkedin.com\/showcase\/organisator-das-magazin-fr-kmu","https:\/\/www.xing.com\/news\/pages\/organisator-ch-695","https:\/\/www.youtube.com\/channel\/UCGP2Sq0iWaZwT3BdIAQFYpw"]},{"@type":"Person","@id":"https:\/\/www.organisator.ch\/#\/schema\/person\/afccda3a71c06d4be2ed9100dd163db7","name":"Dzana Muminovic","image":{"@type":"ImageObject","inLanguage":"de","@id":"https:\/\/secure.gravatar.com\/avatar\/909c5c71aff4b38e88686f2ab2f1ba152571f394f41ed8bae431ea56ced93050?s=96&d=mm&r=g","url":"https:\/\/secure.gravatar.com\/avatar\/909c5c71aff4b38e88686f2ab2f1ba152571f394f41ed8bae431ea56ced93050?s=96&d=mm&r=g","contentUrl":"https:\/\/secure.gravatar.com\/avatar\/909c5c71aff4b38e88686f2ab2f1ba152571f394f41ed8bae431ea56ced93050?s=96&d=mm&r=g","caption":"Dzana Muminovic"},"url":"https:\/\/www.organisator.ch\/de\/author\/dzana-muminovic\/"}]}},"_links":{"self":[{"href":"https:\/\/www.organisator.ch\/de\/wp-json\/wp\/v2\/posts\/36736","targetHints":{"allow":["GET"]}}],"collection":[{"href":"https:\/\/www.organisator.ch\/de\/wp-json\/wp\/v2\/posts"}],"about":[{"href":"https:\/\/www.organisator.ch\/de\/wp-json\/wp\/v2\/types\/post"}],"author":[{"embeddable":true,"href":"https:\/\/www.organisator.ch\/de\/wp-json\/wp\/v2\/users\/80"}],"replies":[{"embeddable":true,"href":"https:\/\/www.organisator.ch\/de\/wp-json\/wp\/v2\/comments?post=36736"}],"version-history":[{"count":9,"href":"https:\/\/www.organisator.ch\/de\/wp-json\/wp\/v2\/posts\/36736\/revisions"}],"predecessor-version":[{"id":36776,"href":"https:\/\/www.organisator.ch\/de\/wp-json\/wp\/v2\/posts\/36736\/revisions\/36776"}],"wp:featuredmedia":[{"embeddable":true,"href":"https:\/\/www.organisator.ch\/de\/wp-json\/wp\/v2\/media\/36739"}],"wp:attachment":[{"href":"https:\/\/www.organisator.ch\/de\/wp-json\/wp\/v2\/media?parent=36736"}],"wp:term":[{"taxonomy":"category","embeddable":true,"href":"https:\/\/www.organisator.ch\/de\/wp-json\/wp\/v2\/categories?post=36736"},{"taxonomy":"post_tag","embeddable":true,"href":"https:\/\/www.organisator.ch\/de\/wp-json\/wp\/v2\/tags?post=36736"}],"curies":[{"name":"wp","href":"https:\/\/api.w.org\/{rel}","templated":true}]}}