{"id":36754,"date":"2025-03-11T08:42:38","date_gmt":"2025-03-11T07:42:38","guid":{"rendered":"https:\/\/www.organisator.ch\/?p=36754"},"modified":"2025-03-10T13:59:49","modified_gmt":"2025-03-10T12:59:49","slug":"fit-fuer-die-zukunft-der-unternehmensfuehrung","status":"publish","type":"post","link":"https:\/\/www.organisator.ch\/de\/weiterbildung\/2025-03-11\/fit-fuer-die-zukunft-der-unternehmensfuehrung\/","title":{"rendered":"Fit f\u00fcr die Zukunft der Unternehmensf\u00fchrung"},"content":{"rendered":"<figure id=\"attachment_36755\" aria-describedby=\"caption-attachment-36755\" style=\"width: 680px\" class=\"wp-caption alignnone\"><img loading=\"lazy\" decoding=\"async\" class=\"size-full wp-image-36755\" src=\"https:\/\/www.organisator.ch\/wp-content\/uploads\/2025\/03\/HWZ_Bild_ps.jpg\" alt=\"\" width=\"680\" height=\"454\" srcset=\"https:\/\/www.organisator.ch\/wp-content\/uploads\/2025\/03\/HWZ_Bild_ps.jpg 680w, https:\/\/www.organisator.ch\/wp-content\/uploads\/2025\/03\/HWZ_Bild_ps-18x12.jpg 18w, https:\/\/www.organisator.ch\/wp-content\/uploads\/2025\/03\/HWZ_Bild_ps-375x250.jpg 375w, https:\/\/www.organisator.ch\/wp-content\/uploads\/2025\/03\/HWZ_Bild_ps-524x350.jpg 524w\" sizes=\"auto, (max-width: 680px) 100vw, 680px\" \/><figcaption id=\"caption-attachment-36755\" class=\"wp-caption-text\">Praxisnahe Weiterbildung f\u00fcr Verwaltungsratsmitglieder: Der CAS Verwaltungsrat HWZ vermittelt essenzielle Kompetenzen f\u00fcr die Zukunft. (Bild: www.depositphotos.com)<\/figcaption><\/figure>\n<p>Die Rolle von Verwaltungsr\u00e4t:innen hat sich durch wirtschaftliche, rechtliche und technologische Entwicklungen stark ver\u00e4ndert. Die Anforderungen an Governance, strategische F\u00fchrung und Innovation steigen stetig. Der CAS Verwaltungsrat HWZ vermittelt deshalb essenzielle Kompetenzen, um Unternehmensstrategien, Verantwortlichkeiten und Innovationskraft erfolgreich zu verbinden. Der Schwerpunkt liegt dabei auf dem Handwerk von Verwaltungsr\u00e4t:innen.<\/p>\n<p>Besonders ber\u00fccksichtigt werden die spezifischen Herausforderungen von inhabergef\u00fchrten KMU, Familienunternehmen, Start-ups und Wachstumsunternehmen sowie die Auswirkungen von Trends, Innovation, Technologie und K\u00fcnstlicher Intelligenz. Ein zus\u00e4tzlicher Exkurs vermittelt zudem die wichtigsten Grundlagen zu Stiftungen und deren Unterschiede zur VR-T\u00e4tigkeit.<\/p>\n<p>\u00abVerwaltungsr\u00e4t:innen m\u00fcssen nicht nur kontrollieren, sondern aktiv die Weichen f\u00fcr Innovation und nachhaltige Entwicklung stellen. Unser Studiengang vermittelt genau dieses praxisnahe Wissen\u00bb, sagt Max Meister, Co-Studiengangsleiter des CAS Verwaltungsrat HWZ.<\/p>\n<p>Die Weiterbildung richtet sich an aktuelle und zuk\u00fcnftige Verwaltungsratsmitglieder, Delegierte und Pr\u00e4sident:innen sowie Mitglieder von Gesch\u00e4ftsleitungen, Treuh\u00e4nder:innen und Jurist:innen. Auch F\u00fchrungskr\u00e4fte aus Genossenschaften, Stiftungen und anderen Rechtsformen profitieren von der praxisnahen Weiterbildung.<\/p>\n<h3><strong>Kompetenzen f\u00fcr die Verwaltungsratsarbeit der Zukunft<\/strong><\/h3>\n<p>Die Teilnehmenden lernen, wie sie die unternehmerischen Herausforderungen der Gegenwart, insbesondere der VUCA-BANI-Welt und der Industrie 5.0, strategisch bew\u00e4ltigen und eine effektive Verwaltungsratsarbeit sicherstellen. Sie entwickeln einen praxisorientierten Ansatz zur Organisation und F\u00fchrung von Verwaltungsratsgremien, verbessern ihr Stakeholder-Management und st\u00e4rken ihre F\u00e4higkeiten in den Bereichen Corporate Governance, Compliance und nachhaltige Gesch\u00e4ftsmodellentwicklung. Zudem vermittelt der Studiengang, wie aktuelle digitale und gesellschaftliche Trends erkannt und in die Unternehmensstrategie integriert werden k\u00f6nnen.<\/p>\n<p>\u00abDie Digitalisierung und neue Gesch\u00e4ftsmodelle verlangen von Verwaltungsr\u00e4t:innen mehr Weitsicht und Leadership. Unser CAS bietet das n\u00f6tige R\u00fcstzeug f\u00fcr diese anspruchsvolle Aufgabe\u00bb, erg\u00e4nzt Pascal Stocker, Co-Studiengangsleiter des CAS Verwaltungsrat HWZ.<\/p>\n<h3><strong>Blended Learning: Flexibles und praxisnahes Lernen<\/strong><\/h3>\n<p>Der CAS Verwaltungsrat HWZ basiert auf einem Blended-Learning-Ansatz. Die Teilnehmenden bereiten sich mithilfe einer modernen Lernplattform und spezifischen Online-Inputs auf die Pr\u00e4senzveranstaltungen vor. Diese Kombination aus digitalen Lernformaten und interaktiven Vor-Ort-Sessions erm\u00f6glicht eine optimale Verbindung von Theorie und Praxis und f\u00f6rdert den intensiven Austausch mit Dozierenden und anderen Teilnehmenden.<\/p>\n<p>Die Weiterbildung wird von f\u00fchrenden und hochkar\u00e4tigen Expert:innen aus Wirtschaft und Wissenschaft geleitet, die langj\u00e4hrige Verwaltungsratserfahrung mitbringen und Best Practices vermitteln, die direkt in die Praxis umgesetzt werden k\u00f6nnen.<\/p>\n<h3><strong>Weitere Informationen und Anmeldung<\/strong><\/h3>\n<p>Die erste Durchf\u00fchrung des CAS Verwaltungsrat HWZ startet Mitte Oktober 2025 und dauert 16 Tage, davon findet 50% des Unterrichts online statt.\u00a0<\/p>\n<p><em><a href=\"https:\/\/fh-hwz.ch\/bildungsangebot\/weiterbildung\/cas-das\/cas-verwaltungsrat-hwz\">Weitere Informationen<\/a><\/em><\/p>\n","protected":false},"excerpt":{"rendered":"<p>Die HWZ Hochschule f\u00fcr Wirtschaft Z\u00fcrich lanciert den CAS Verwaltungsrat \u2013 ein praxisnahes Weiterbildungsprogramm f\u00fcr aktuelle und zuk\u00fcnftige Verwaltungsratsmitglieder. Mit besonderem Fokus auf KMU, Familienunternehmen und junge Unternehmen vermittelt der Studiengang Kompetenzen f\u00fcr eine strategische und verantwortungsvolle Unternehmensf\u00fchrung in einer zunehmend komplexen und digitalen Welt.<\/p>\n","protected":false},"author":80,"featured_media":36755,"comment_status":"closed","ping_status":"closed","sticky":false,"template":"","format":"standard","meta":{"_acf_changed":false,"_yoast_wpseo_focuskw":"CAS Verwaltungsrat HWZ","_yoast_wpseo_metadesc":"Praxisnahe Weiterbildung f\u00fcr Verwaltungsratsmitglieder: Der CAS Verwaltungsrat HWZ vermittelt essenzielle Kompetenzen f\u00fcr die Zukunft.","articlekey":"","footnotes":""},"categories":[30],"tags":[3587,1382,496,2471,518],"class_list":["post-36754","post","type-post","status-publish","format-standard","has-post-thumbnail","hentry","category-weiterbildung","tag-cas","tag-hwz","tag-unternehmensfuehrung","tag-verwaltungsrat","tag-weiterbildung"],"acf":[],"yoast_head":"<!-- This site is optimized with the Yoast SEO plugin v27.4 - https:\/\/yoast.com\/product\/yoast-seo-wordpress\/ -->\n<title>Fit f\u00fcr die Zukunft der Unternehmensf\u00fchrung - Organisator<\/title>\n<meta name=\"description\" content=\"Praxisnahe Weiterbildung f\u00fcr Verwaltungsratsmitglieder: Der CAS Verwaltungsrat HWZ vermittelt essenzielle Kompetenzen f\u00fcr die Zukunft.\" \/>\n<meta name=\"robots\" content=\"index, follow, max-snippet:-1, max-image-preview:large, max-video-preview:-1\" \/>\n<link rel=\"canonical\" href=\"https:\/\/www.organisator.ch\/de\/weiterbildung\/2025-03-11\/fit-fuer-die-zukunft-der-unternehmensfuehrung\/\" \/>\n<meta property=\"og:locale\" content=\"de_DE\" \/>\n<meta property=\"og:type\" content=\"article\" \/>\n<meta property=\"og:title\" content=\"Fit f\u00fcr die Zukunft der Unternehmensf\u00fchrung\" \/>\n<meta property=\"og:description\" content=\"Praxisnahe Weiterbildung f\u00fcr Verwaltungsratsmitglieder: Der CAS Verwaltungsrat HWZ vermittelt essenzielle Kompetenzen f\u00fcr die Zukunft. (Bild: www.depositphotos.com)\" \/>\n<meta property=\"og:url\" content=\"https:\/\/www.organisator.ch\/de\/weiterbildung\/2025-03-11\/fit-fuer-die-zukunft-der-unternehmensfuehrung\/\" \/>\n<meta property=\"og:site_name\" content=\"Organisator\" \/>\n<meta property=\"article:publisher\" content=\"https:\/\/www.facebook.com\/OrganisatorFachmagazin\" \/>\n<meta property=\"article:published_time\" content=\"2025-03-11T07:42:38+00:00\" \/>\n<meta property=\"og:image\" content=\"https:\/\/www.organisator.ch\/wp-content\/uploads\/2025\/03\/HWZ_Bild_ps.jpg\" \/>\n\t<meta property=\"og:image:width\" content=\"680\" \/>\n\t<meta property=\"og:image:height\" content=\"454\" \/>\n\t<meta property=\"og:image:type\" content=\"image\/jpeg\" \/>\n<meta name=\"author\" content=\"Dzana Muminovic\" \/>\n<meta name=\"twitter:card\" content=\"summary_large_image\" \/>\n<meta name=\"twitter:title\" content=\"Fit f\u00fcr die Zukunft der Unternehmensf\u00fchrung\" \/>\n<meta name=\"twitter:description\" content=\"Praxisnahe #Weiterbildung f\u00fcr #Verwaltungsratsmitglieder: Der #CAS #Verwaltungsrat #HWZ vermittelt essenzielle Kompetenzen f\u00fcr die Zukunft. (Bild: www.depositphotos.com)\" \/>\n<meta name=\"twitter:image\" content=\"https:\/\/www.organisator.ch\/wp-content\/uploads\/2025\/03\/HWZ_Bild_ps.jpg\" \/>\n<script type=\"application\/ld+json\" class=\"yoast-schema-graph\">{\"@context\":\"https:\\\/\\\/schema.org\",\"@graph\":[{\"@type\":\"Article\",\"@id\":\"https:\\\/\\\/www.organisator.ch\\\/weiterbildung\\\/2025-03-11\\\/fit-fuer-die-zukunft-der-unternehmensfuehrung\\\/#article\",\"isPartOf\":{\"@id\":\"https:\\\/\\\/www.organisator.ch\\\/weiterbildung\\\/2025-03-11\\\/fit-fuer-die-zukunft-der-unternehmensfuehrung\\\/\"},\"author\":{\"name\":\"Dzana Muminovic\",\"@id\":\"https:\\\/\\\/www.organisator.ch\\\/#\\\/schema\\\/person\\\/afccda3a71c06d4be2ed9100dd163db7\"},\"headline\":\"Fit f\u00fcr die Zukunft der Unternehmensf\u00fchrung\",\"datePublished\":\"2025-03-11T07:42:38+00:00\",\"mainEntityOfPage\":{\"@id\":\"https:\\\/\\\/www.organisator.ch\\\/weiterbildung\\\/2025-03-11\\\/fit-fuer-die-zukunft-der-unternehmensfuehrung\\\/\"},\"wordCount\":444,\"publisher\":{\"@id\":\"https:\\\/\\\/www.organisator.ch\\\/#organization\"},\"image\":{\"@id\":\"https:\\\/\\\/www.organisator.ch\\\/weiterbildung\\\/2025-03-11\\\/fit-fuer-die-zukunft-der-unternehmensfuehrung\\\/#primaryimage\"},\"thumbnailUrl\":\"https:\\\/\\\/www.organisator.ch\\\/wp-content\\\/uploads\\\/2025\\\/03\\\/HWZ_Bild_ps.jpg\",\"keywords\":[\"CAS\",\"HWZ\",\"Unternehmensf\u00fchrung\",\"Verwaltungsrat\",\"Weiterbildung\"],\"articleSection\":[\"WEITERBILDUNG\"],\"inLanguage\":\"de\"},{\"@type\":\"WebPage\",\"@id\":\"https:\\\/\\\/www.organisator.ch\\\/weiterbildung\\\/2025-03-11\\\/fit-fuer-die-zukunft-der-unternehmensfuehrung\\\/\",\"url\":\"https:\\\/\\\/www.organisator.ch\\\/weiterbildung\\\/2025-03-11\\\/fit-fuer-die-zukunft-der-unternehmensfuehrung\\\/\",\"name\":\"Fit f\u00fcr die Zukunft der Unternehmensf\u00fchrung - Organisator\",\"isPartOf\":{\"@id\":\"https:\\\/\\\/www.organisator.ch\\\/#website\"},\"primaryImageOfPage\":{\"@id\":\"https:\\\/\\\/www.organisator.ch\\\/weiterbildung\\\/2025-03-11\\\/fit-fuer-die-zukunft-der-unternehmensfuehrung\\\/#primaryimage\"},\"image\":{\"@id\":\"https:\\\/\\\/www.organisator.ch\\\/weiterbildung\\\/2025-03-11\\\/fit-fuer-die-zukunft-der-unternehmensfuehrung\\\/#primaryimage\"},\"thumbnailUrl\":\"https:\\\/\\\/www.organisator.ch\\\/wp-content\\\/uploads\\\/2025\\\/03\\\/HWZ_Bild_ps.jpg\",\"datePublished\":\"2025-03-11T07:42:38+00:00\",\"description\":\"Praxisnahe Weiterbildung f\u00fcr Verwaltungsratsmitglieder: Der CAS Verwaltungsrat HWZ vermittelt essenzielle Kompetenzen f\u00fcr die Zukunft.\",\"breadcrumb\":{\"@id\":\"https:\\\/\\\/www.organisator.ch\\\/weiterbildung\\\/2025-03-11\\\/fit-fuer-die-zukunft-der-unternehmensfuehrung\\\/#breadcrumb\"},\"inLanguage\":\"de\",\"potentialAction\":[{\"@type\":\"ReadAction\",\"target\":[\"https:\\\/\\\/www.organisator.ch\\\/weiterbildung\\\/2025-03-11\\\/fit-fuer-die-zukunft-der-unternehmensfuehrung\\\/\"]}]},{\"@type\":\"ImageObject\",\"inLanguage\":\"de\",\"@id\":\"https:\\\/\\\/www.organisator.ch\\\/weiterbildung\\\/2025-03-11\\\/fit-fuer-die-zukunft-der-unternehmensfuehrung\\\/#primaryimage\",\"url\":\"https:\\\/\\\/www.organisator.ch\\\/wp-content\\\/uploads\\\/2025\\\/03\\\/HWZ_Bild_ps.jpg\",\"contentUrl\":\"https:\\\/\\\/www.organisator.ch\\\/wp-content\\\/uploads\\\/2025\\\/03\\\/HWZ_Bild_ps.jpg\",\"width\":680,\"height\":454,\"caption\":\"Praxisnahe Weiterbildung f\u00fcr Verwaltungsratsmitglieder: Der CAS Verwaltungsrat HWZ vermittelt essenzielle Kompetenzen f\u00fcr die Zukunft. (Bild: www.depositphotos.com)\"},{\"@type\":\"BreadcrumbList\",\"@id\":\"https:\\\/\\\/www.organisator.ch\\\/weiterbildung\\\/2025-03-11\\\/fit-fuer-die-zukunft-der-unternehmensfuehrung\\\/#breadcrumb\",\"itemListElement\":[{\"@type\":\"ListItem\",\"position\":1,\"name\":\"Home\",\"item\":\"https:\\\/\\\/www.organisator.ch\\\/\"},{\"@type\":\"ListItem\",\"position\":2,\"name\":\"Fit f\u00fcr die Zukunft der Unternehmensf\u00fchrung\"}]},{\"@type\":\"WebSite\",\"@id\":\"https:\\\/\\\/www.organisator.ch\\\/#website\",\"url\":\"https:\\\/\\\/www.organisator.ch\\\/\",\"name\":\"Organisator\",\"description\":\"Kompetent. Praxisnah. Der ORGANISATOR bereitet in 10 Ausgaben pro Jahr die wesentlichen Themen f\u00fcr F\u00fchrungskr\u00e4fte von KMU auf.\",\"publisher\":{\"@id\":\"https:\\\/\\\/www.organisator.ch\\\/#organization\"},\"potentialAction\":[{\"@type\":\"SearchAction\",\"target\":{\"@type\":\"EntryPoint\",\"urlTemplate\":\"https:\\\/\\\/www.organisator.ch\\\/?s={search_term_string}\"},\"query-input\":{\"@type\":\"PropertyValueSpecification\",\"valueRequired\":true,\"valueName\":\"search_term_string\"}}],\"inLanguage\":\"de\"},{\"@type\":\"Organization\",\"@id\":\"https:\\\/\\\/www.organisator.ch\\\/#organization\",\"name\":\"Organisator\",\"url\":\"https:\\\/\\\/www.organisator.ch\\\/\",\"logo\":{\"@type\":\"ImageObject\",\"inLanguage\":\"de\",\"@id\":\"https:\\\/\\\/www.organisator.ch\\\/#\\\/schema\\\/logo\\\/image\\\/\",\"url\":\"https:\\\/\\\/www.organisator.ch\\\/wp-content\\\/uploads\\\/2022\\\/01\\\/Logo_Organisator_Website.png\",\"contentUrl\":\"https:\\\/\\\/www.organisator.ch\\\/wp-content\\\/uploads\\\/2022\\\/01\\\/Logo_Organisator_Website.png\",\"width\":800,\"height\":77,\"caption\":\"Organisator\"},\"image\":{\"@id\":\"https:\\\/\\\/www.organisator.ch\\\/#\\\/schema\\\/logo\\\/image\\\/\"},\"sameAs\":[\"https:\\\/\\\/www.facebook.com\\\/OrganisatorFachmagazin\",\"https:\\\/\\\/www.linkedin.com\\\/showcase\\\/organisator-das-magazin-fr-kmu\",\"https:\\\/\\\/www.xing.com\\\/news\\\/pages\\\/organisator-ch-695\",\"https:\\\/\\\/www.youtube.com\\\/channel\\\/UCGP2Sq0iWaZwT3BdIAQFYpw\"]},{\"@type\":\"Person\",\"@id\":\"https:\\\/\\\/www.organisator.ch\\\/#\\\/schema\\\/person\\\/afccda3a71c06d4be2ed9100dd163db7\",\"name\":\"Dzana Muminovic\",\"image\":{\"@type\":\"ImageObject\",\"inLanguage\":\"de\",\"@id\":\"https:\\\/\\\/secure.gravatar.com\\\/avatar\\\/909c5c71aff4b38e88686f2ab2f1ba152571f394f41ed8bae431ea56ced93050?s=96&d=mm&r=g\",\"url\":\"https:\\\/\\\/secure.gravatar.com\\\/avatar\\\/909c5c71aff4b38e88686f2ab2f1ba152571f394f41ed8bae431ea56ced93050?s=96&d=mm&r=g\",\"contentUrl\":\"https:\\\/\\\/secure.gravatar.com\\\/avatar\\\/909c5c71aff4b38e88686f2ab2f1ba152571f394f41ed8bae431ea56ced93050?s=96&d=mm&r=g\",\"caption\":\"Dzana Muminovic\"},\"url\":\"https:\\\/\\\/www.organisator.ch\\\/de\\\/author\\\/dzana-muminovic\\\/\"}]}<\/script>\n<!-- \/ Yoast SEO plugin. -->","yoast_head_json":{"title":"Fit f\u00fcr die Zukunft der Unternehmensf\u00fchrung - Organisator","description":"Praxisnahe Weiterbildung f\u00fcr Verwaltungsratsmitglieder: Der CAS Verwaltungsrat HWZ vermittelt essenzielle Kompetenzen f\u00fcr die Zukunft.","robots":{"index":"index","follow":"follow","max-snippet":"max-snippet:-1","max-image-preview":"max-image-preview:large","max-video-preview":"max-video-preview:-1"},"canonical":"https:\/\/www.organisator.ch\/de\/weiterbildung\/2025-03-11\/fit-fuer-die-zukunft-der-unternehmensfuehrung\/","og_locale":"de_DE","og_type":"article","og_title":"Fit f\u00fcr die Zukunft der Unternehmensf\u00fchrung","og_description":"Praxisnahe Weiterbildung f\u00fcr Verwaltungsratsmitglieder: Der CAS Verwaltungsrat HWZ vermittelt essenzielle Kompetenzen f\u00fcr die Zukunft. (Bild: www.depositphotos.com)","og_url":"https:\/\/www.organisator.ch\/de\/weiterbildung\/2025-03-11\/fit-fuer-die-zukunft-der-unternehmensfuehrung\/","og_site_name":"Organisator","article_publisher":"https:\/\/www.facebook.com\/OrganisatorFachmagazin","article_published_time":"2025-03-11T07:42:38+00:00","og_image":[{"width":680,"height":454,"url":"https:\/\/www.organisator.ch\/wp-content\/uploads\/2025\/03\/HWZ_Bild_ps.jpg","type":"image\/jpeg"}],"author":"Dzana Muminovic","twitter_card":"summary_large_image","twitter_title":"Fit f\u00fcr die Zukunft der Unternehmensf\u00fchrung","twitter_description":"Praxisnahe #Weiterbildung f\u00fcr #Verwaltungsratsmitglieder: Der #CAS #Verwaltungsrat #HWZ vermittelt essenzielle Kompetenzen f\u00fcr die Zukunft. (Bild: www.depositphotos.com)","twitter_image":"https:\/\/www.organisator.ch\/wp-content\/uploads\/2025\/03\/HWZ_Bild_ps.jpg","schema":{"@context":"https:\/\/schema.org","@graph":[{"@type":"Article","@id":"https:\/\/www.organisator.ch\/weiterbildung\/2025-03-11\/fit-fuer-die-zukunft-der-unternehmensfuehrung\/#article","isPartOf":{"@id":"https:\/\/www.organisator.ch\/weiterbildung\/2025-03-11\/fit-fuer-die-zukunft-der-unternehmensfuehrung\/"},"author":{"name":"Dzana Muminovic","@id":"https:\/\/www.organisator.ch\/#\/schema\/person\/afccda3a71c06d4be2ed9100dd163db7"},"headline":"Fit f\u00fcr die Zukunft der Unternehmensf\u00fchrung","datePublished":"2025-03-11T07:42:38+00:00","mainEntityOfPage":{"@id":"https:\/\/www.organisator.ch\/weiterbildung\/2025-03-11\/fit-fuer-die-zukunft-der-unternehmensfuehrung\/"},"wordCount":444,"publisher":{"@id":"https:\/\/www.organisator.ch\/#organization"},"image":{"@id":"https:\/\/www.organisator.ch\/weiterbildung\/2025-03-11\/fit-fuer-die-zukunft-der-unternehmensfuehrung\/#primaryimage"},"thumbnailUrl":"https:\/\/www.organisator.ch\/wp-content\/uploads\/2025\/03\/HWZ_Bild_ps.jpg","keywords":["CAS","HWZ","Unternehmensf\u00fchrung","Verwaltungsrat","Weiterbildung"],"articleSection":["WEITERBILDUNG"],"inLanguage":"de"},{"@type":"WebPage","@id":"https:\/\/www.organisator.ch\/weiterbildung\/2025-03-11\/fit-fuer-die-zukunft-der-unternehmensfuehrung\/","url":"https:\/\/www.organisator.ch\/weiterbildung\/2025-03-11\/fit-fuer-die-zukunft-der-unternehmensfuehrung\/","name":"Fit f\u00fcr die Zukunft der Unternehmensf\u00fchrung - Organisator","isPartOf":{"@id":"https:\/\/www.organisator.ch\/#website"},"primaryImageOfPage":{"@id":"https:\/\/www.organisator.ch\/weiterbildung\/2025-03-11\/fit-fuer-die-zukunft-der-unternehmensfuehrung\/#primaryimage"},"image":{"@id":"https:\/\/www.organisator.ch\/weiterbildung\/2025-03-11\/fit-fuer-die-zukunft-der-unternehmensfuehrung\/#primaryimage"},"thumbnailUrl":"https:\/\/www.organisator.ch\/wp-content\/uploads\/2025\/03\/HWZ_Bild_ps.jpg","datePublished":"2025-03-11T07:42:38+00:00","description":"Praxisnahe Weiterbildung f\u00fcr Verwaltungsratsmitglieder: Der CAS Verwaltungsrat HWZ vermittelt essenzielle Kompetenzen f\u00fcr die Zukunft.","breadcrumb":{"@id":"https:\/\/www.organisator.ch\/weiterbildung\/2025-03-11\/fit-fuer-die-zukunft-der-unternehmensfuehrung\/#breadcrumb"},"inLanguage":"de","potentialAction":[{"@type":"ReadAction","target":["https:\/\/www.organisator.ch\/weiterbildung\/2025-03-11\/fit-fuer-die-zukunft-der-unternehmensfuehrung\/"]}]},{"@type":"ImageObject","inLanguage":"de","@id":"https:\/\/www.organisator.ch\/weiterbildung\/2025-03-11\/fit-fuer-die-zukunft-der-unternehmensfuehrung\/#primaryimage","url":"https:\/\/www.organisator.ch\/wp-content\/uploads\/2025\/03\/HWZ_Bild_ps.jpg","contentUrl":"https:\/\/www.organisator.ch\/wp-content\/uploads\/2025\/03\/HWZ_Bild_ps.jpg","width":680,"height":454,"caption":"Praxisnahe Weiterbildung f\u00fcr Verwaltungsratsmitglieder: Der CAS Verwaltungsrat HWZ vermittelt essenzielle Kompetenzen f\u00fcr die Zukunft. (Bild: www.depositphotos.com)"},{"@type":"BreadcrumbList","@id":"https:\/\/www.organisator.ch\/weiterbildung\/2025-03-11\/fit-fuer-die-zukunft-der-unternehmensfuehrung\/#breadcrumb","itemListElement":[{"@type":"ListItem","position":1,"name":"Home","item":"https:\/\/www.organisator.ch\/"},{"@type":"ListItem","position":2,"name":"Fit f\u00fcr die Zukunft der Unternehmensf\u00fchrung"}]},{"@type":"WebSite","@id":"https:\/\/www.organisator.ch\/#website","url":"https:\/\/www.organisator.ch\/","name":"Organisator","description":"Kompetent. Praxisnah. Der ORGANISATOR bereitet in 10 Ausgaben pro Jahr die wesentlichen Themen f\u00fcr F\u00fchrungskr\u00e4fte von KMU auf.","publisher":{"@id":"https:\/\/www.organisator.ch\/#organization"},"potentialAction":[{"@type":"SearchAction","target":{"@type":"EntryPoint","urlTemplate":"https:\/\/www.organisator.ch\/?s={search_term_string}"},"query-input":{"@type":"PropertyValueSpecification","valueRequired":true,"valueName":"search_term_string"}}],"inLanguage":"de"},{"@type":"Organization","@id":"https:\/\/www.organisator.ch\/#organization","name":"Organisator","url":"https:\/\/www.organisator.ch\/","logo":{"@type":"ImageObject","inLanguage":"de","@id":"https:\/\/www.organisator.ch\/#\/schema\/logo\/image\/","url":"https:\/\/www.organisator.ch\/wp-content\/uploads\/2022\/01\/Logo_Organisator_Website.png","contentUrl":"https:\/\/www.organisator.ch\/wp-content\/uploads\/2022\/01\/Logo_Organisator_Website.png","width":800,"height":77,"caption":"Organisator"},"image":{"@id":"https:\/\/www.organisator.ch\/#\/schema\/logo\/image\/"},"sameAs":["https:\/\/www.facebook.com\/OrganisatorFachmagazin","https:\/\/www.linkedin.com\/showcase\/organisator-das-magazin-fr-kmu","https:\/\/www.xing.com\/news\/pages\/organisator-ch-695","https:\/\/www.youtube.com\/channel\/UCGP2Sq0iWaZwT3BdIAQFYpw"]},{"@type":"Person","@id":"https:\/\/www.organisator.ch\/#\/schema\/person\/afccda3a71c06d4be2ed9100dd163db7","name":"Dzana Muminovic","image":{"@type":"ImageObject","inLanguage":"de","@id":"https:\/\/secure.gravatar.com\/avatar\/909c5c71aff4b38e88686f2ab2f1ba152571f394f41ed8bae431ea56ced93050?s=96&d=mm&r=g","url":"https:\/\/secure.gravatar.com\/avatar\/909c5c71aff4b38e88686f2ab2f1ba152571f394f41ed8bae431ea56ced93050?s=96&d=mm&r=g","contentUrl":"https:\/\/secure.gravatar.com\/avatar\/909c5c71aff4b38e88686f2ab2f1ba152571f394f41ed8bae431ea56ced93050?s=96&d=mm&r=g","caption":"Dzana Muminovic"},"url":"https:\/\/www.organisator.ch\/de\/author\/dzana-muminovic\/"}]}},"_links":{"self":[{"href":"https:\/\/www.organisator.ch\/de\/wp-json\/wp\/v2\/posts\/36754","targetHints":{"allow":["GET"]}}],"collection":[{"href":"https:\/\/www.organisator.ch\/de\/wp-json\/wp\/v2\/posts"}],"about":[{"href":"https:\/\/www.organisator.ch\/de\/wp-json\/wp\/v2\/types\/post"}],"author":[{"embeddable":true,"href":"https:\/\/www.organisator.ch\/de\/wp-json\/wp\/v2\/users\/80"}],"replies":[{"embeddable":true,"href":"https:\/\/www.organisator.ch\/de\/wp-json\/wp\/v2\/comments?post=36754"}],"version-history":[{"count":5,"href":"https:\/\/www.organisator.ch\/de\/wp-json\/wp\/v2\/posts\/36754\/revisions"}],"predecessor-version":[{"id":36835,"href":"https:\/\/www.organisator.ch\/de\/wp-json\/wp\/v2\/posts\/36754\/revisions\/36835"}],"wp:featuredmedia":[{"embeddable":true,"href":"https:\/\/www.organisator.ch\/de\/wp-json\/wp\/v2\/media\/36755"}],"wp:attachment":[{"href":"https:\/\/www.organisator.ch\/de\/wp-json\/wp\/v2\/media?parent=36754"}],"wp:term":[{"taxonomy":"category","embeddable":true,"href":"https:\/\/www.organisator.ch\/de\/wp-json\/wp\/v2\/categories?post=36754"},{"taxonomy":"post_tag","embeddable":true,"href":"https:\/\/www.organisator.ch\/de\/wp-json\/wp\/v2\/tags?post=36754"}],"curies":[{"name":"wp","href":"https:\/\/api.w.org\/{rel}","templated":true}]}}