{"id":3679,"date":"2018-05-29T08:46:04","date_gmt":"2018-05-29T06:46:04","guid":{"rendered":"https:\/\/www.organisator.ch\/?p=3679"},"modified":"2018-05-29T08:46:04","modified_gmt":"2018-05-29T06:46:04","slug":"schweizer-kmu-blicken-deutlich-positiver-nach-vorne-als-der-europaeische-durchschnitt","status":"publish","type":"post","link":"https:\/\/www.organisator.ch\/de\/management\/finanzen_recht\/2018-05-29\/schweizer-kmu-blicken-deutlich-positiver-nach-vorne-als-der-europaeische-durchschnitt\/","title":{"rendered":"Schweizer KMU blicken deutlich positiver nach vorne als der europ\u00e4ische Durchschnitt"},"content":{"rendered":"<figure id=\"attachment_3682\" aria-describedby=\"caption-attachment-3682\" style=\"width: 640px\" class=\"wp-caption alignnone\"><img loading=\"lazy\" decoding=\"async\" class=\"size-full wp-image-3682\" src=\"https:\/\/www.organisator.ch\/wp-content\/uploads\/2018\/05\/Schweizer-KMU-blicken-deutlich-positiver-nach-vorne-als-der-europaeische-Durchschnitt_Organisator.jpg\" alt=\"\" width=\"640\" height=\"427\" srcset=\"https:\/\/www.organisator.ch\/wp-content\/uploads\/2018\/05\/Schweizer-KMU-blicken-deutlich-positiver-nach-vorne-als-der-europaeische-Durchschnitt_Organisator.jpg 640w, https:\/\/www.organisator.ch\/wp-content\/uploads\/2018\/05\/Schweizer-KMU-blicken-deutlich-positiver-nach-vorne-als-der-europaeische-Durchschnitt_Organisator-16x12.jpg 16w, https:\/\/www.organisator.ch\/wp-content\/uploads\/2018\/05\/Schweizer-KMU-blicken-deutlich-positiver-nach-vorne-als-der-europaeische-Durchschnitt_Organisator-262x175.jpg 262w, https:\/\/www.organisator.ch\/wp-content\/uploads\/2018\/05\/Schweizer-KMU-blicken-deutlich-positiver-nach-vorne-als-der-europaeische-Durchschnitt_Organisator-525x350.jpg 525w, https:\/\/www.organisator.ch\/wp-content\/uploads\/2018\/05\/Schweizer-KMU-blicken-deutlich-positiver-nach-vorne-als-der-europaeische-Durchschnitt_Organisator-300x200.jpg 300w\" sizes=\"auto, (max-width: 640px) 100vw, 640px\" \/><figcaption id=\"caption-attachment-3682\" class=\"wp-caption-text\">In Sachen Zahlungsmoral zeigen sich Schweizer KMU optimistischer als ihre europ\u00e4ischen Kollegen. (Bild: Fotolia.com)<\/figcaption><\/figure>\n<p>Sinkende Debitorenrisiken und keine Angst vor dem Brexit: So positiv sehen Schweizer KMU die n\u00e4here Zukunft.\u00a0Schweizer Unternehmen sind zudem auch hinsichtlich der Risikominimierung weit vorne im europ\u00e4ischen Vergleich: Mehr als die H\u00e4lfte aller befragten Schweizer Unternehmen (55 Prozent) sagen, dass sie eine Art von Bonit\u00e4tspr\u00fcfung einsetzen \u2013 verglichen mit nur jedem vierten Unternehmen im sonstigen Europa, das auf dieses Sicherungsmittel zur\u00fcckgreift. Dies sind &#8211; kurz zusammengefasst &#8211; die wichtigsten Befunde des European Payment Reports von Intrum, der die Auswirkung von Zahlungsverz\u00fcgen auf die Entwicklung und das Wachstum europ\u00e4ischer Unternehmen beschreibt.<\/p>\n<h2><strong>Finanzielle Engp\u00e4sse, Unachtsamkeit und Vorsatz \u2013 als Gr\u00fcnde f\u00fcr Zahlungsverzug<\/strong><\/h2>\n<p>Hintergr\u00fcnde f\u00fcr den Zahlungsverzug ihrer Kunden sehen befragte Schweizer Unternehmen zwar noch immer gr\u00f6sstenteils in finanziellen Schwierigkeiten (81%, -4%), aber Unachtsamkeit oder allgemeine administrative Herausforderungen haben nach letztem Jahr als Risikofaktor nochmals zugelegt: um 4 auf 74%. Auch absichtliche Verz\u00f6gerung sehen Unternehmen nach wie vor als einen der Hauptgr\u00fcnde f\u00fcr unp\u00fcnktliche Bezahlung (68%, +\/-0%). Beim Bezahlen haben Schweizer Unternehmen den europ\u00e4ischen Schnitt \u2013 nach Aufwind im Vorjahr \u2013 tendenziell wieder aufholen lassen. Im letzten Jahr hatte die Schweiz bei vergleichsweise langen durchschnittlichen Zahlungsfristen noch schneller bezahlt als der EU-Schnitt. Beide Werte sind im Vergleich zum Vorjahr jetzt aber wieder gestiegen \u2013 das heisst also: Schweizer Unternehmen gew\u00e4hren l\u00e4ngere Zahlungsfristen und werden tats\u00e4chlich auch wieder langsamer bezahlt.<\/p>\n<p>&nbsp;<\/p>\n<table>\n<tbody>\n<tr>\n<td width=\"140\"><\/td>\n<td colspan=\"2\" width=\"249\"><strong>Zahlungsfrist in Tagen (2017)<\/strong><\/td>\n<td colspan=\"2\" width=\"249\"><strong>Zahlung nach Tagen (2017)<\/strong><\/td>\n<\/tr>\n<tr>\n<td width=\"140\"><\/td>\n<td width=\"123\">CH<\/td>\n<td width=\"126\">Europa<\/td>\n<td width=\"129\">CH<\/td>\n<td width=\"120\">Europa<\/td>\n<\/tr>\n<tr>\n<td width=\"140\"><strong>B2C<\/strong><\/td>\n<td width=\"123\">27 (26)<\/td>\n<td width=\"126\">23 (24)<\/td>\n<td width=\"129\">30 (30)<\/td>\n<td width=\"120\">22 (24)<\/td>\n<\/tr>\n<tr>\n<td width=\"140\"><strong>B2B<\/strong><\/td>\n<td width=\"123\">28 (27)<\/td>\n<td width=\"126\">32 (32)<\/td>\n<td width=\"129\">34 (34)<\/td>\n<td width=\"120\">34 (37)<\/td>\n<\/tr>\n<tr>\n<td width=\"140\"><strong>\u00d6ffentliche Hand<\/strong><\/td>\n<td width=\"123\">33 (31)<\/td>\n<td width=\"126\">34 (33)<\/td>\n<td width=\"129\">44 (39)<\/td>\n<td width=\"120\">40 (41)<\/td>\n<\/tr>\n<\/tbody>\n<\/table>\n<p>&nbsp;<\/p>\n<h2><strong>Liquidit\u00e4t, Einbussen und hohe Zinskosten \u2013 als Risiken nach Zahlungsverzug<\/strong><\/h2>\n<p>Jedes dritte Unternehmen sieht sich aufgrund zu sp\u00e4t bezahlter Forderungen mit Liquidit\u00e4tsengp\u00e4ssen konfrontiert und ein Viertel der befragten Firmen in der Schweiz gibt an, Umsatzeinbussen in Kauf nehmen zu m\u00fcssen. Und w\u00e4hrend die Angst vor h\u00f6heren Zinskosten sich fast verdoppelt hat, bef\u00fcrchtet weiterhin jedes f\u00fcnfte Unternehmen auch schw\u00e4cheres Wachstum.<\/p>\n<h2><strong>Der Blick von Schweizer KMU\u00a0aufs n\u00e4chste Jahr ist optimistischer<\/strong><\/h2>\n<p>Jedes f\u00fcnfte KMU geht hierzulande davon aus, dass ihre Kunden in den n\u00e4chsten zw\u00f6lf Monaten mit besserer Zahlungsmoral bezahlen werden als zum Zeitpunkt der Befragung. Eine optimistische Sicht, die nur jedes zehnte Unternehmen in unseren europ\u00e4ischen Nachbarsl\u00e4ndern teilt \u2013 die H\u00e4lfte weniger als in der Schweiz. 7 von 10 der befragten Schweizer Unternehmen haben schon einmal Zahlungsfristen akzeptiert, die l\u00e4nger waren, als sie es sich gew\u00fcnscht h\u00e4tten. Vor allem die \u00f6ffentliche Hand scheint im letzten Jahr verst\u00e4rkt um l\u00e4ngere Zahlungsfristen gebeten (27%, +8%) und diese laut Studie auch erhalten (29%, +9%) zu haben. \u201eZahlungsverzug und -ausfall f\u00fchren in eine Negativspirale \u2013 es k\u00f6nnen Umsatzeinbussen, Liquidit\u00e4tsengp\u00e4sse und damit Wachstumsblockaden die Folge sein. Vor allem bei KMU \u2013 dem R\u00fcckgrat unserer Wirtschaft \u2013 die am st\u00e4rksten betroffen sind. Hier setzt Intrum an und st\u00fctzt die Zahlungsbereitschaft an KMU bei Konsumenten\u201c, sagt dazu Thomas Hutter, Managing Director Intrum AG. Vor diesen steigenden Risiken von Zahlungsverz\u00fcgen und -ausf\u00e4llen versuchen sich Unternehmen nach wie vor haupts\u00e4chlich durch Bonit\u00e4tspr\u00fcfungen und Inkassomassnahmen zu sch\u00fctzen.<\/p>\n<h2><strong>Und die Europ\u00e4ische DSGVO?<\/strong><\/h2>\n<p>Die EU-Datenschutz-Grundverordnung (DSGVO) stellt die wichtigste \u00c4nderung von Datenschutzbestimmungen der vergangenen 20 Jahre dar und hat zum Ziel, die Datenschutzgesetze in Europa zu harmonisieren. In der Schweiz hat die zust\u00e4ndige Kommission des Nationalrats die Totalrevision der Schweizer Datenschutzregeln zweigeteilt. Vor diesem Hintergrund ist es verst\u00e4ndlich, dass nur 8% der befragten Unternehmen hierzulande \u00fcberhaupt Auswirkungen auf Zahlungsprozesse sehen. Auch sehen Firmen hierzulande sowohl die Auswirkungen auf ihr Gesch\u00e4ft als sehr gering an \u2013 sowohl die eher positiven (4%), wie auch die eher negativen Auswirkungen (6%).<\/p>\n<h2><strong>Die schw\u00e4chelnde EU und der Brexit \u2013 Auswirkungen auf Schweizer KMU<\/strong><\/h2>\n<p>Den Herausforderungen in der EU sehen die meisten Schweizer Unternehmen gelassen entgegen. Jedoch erachtet immer noch fast jedes achte Unternehmen (13%) eine schw\u00e4chelnde EU eher als Chance denn als Gefahr \u2013 und liegt damit im europ\u00e4ischen Vergleich (5%) ganz vorne, direkt hinter Grossbritannien (25%).<\/p>\n<p><em>Quelle: <a href=\"http:\/\/www.intrum.ch\">Intrum AG<\/a><\/em><\/p>\n","protected":false},"excerpt":{"rendered":"<p>Sinkende Debitorenrisiken und keine Angst vor dem Brexit: So positiv sehen Schweizer KMU die n\u00e4here Zukunft.\u00a0Schweizer Unternehmen sind zudem auch hinsichtlich der Risikominimierung weit vorne im europ\u00e4ischen Vergleich: Mehr als die H\u00e4lfte aller befragten Schweizer Unternehmen (55 Prozent) sagen, dass sie eine Art von Bonit\u00e4tspr\u00fcfung einsetzen \u2013 verglichen mit nur jedem vierten Unternehmen im sonstigen [&hellip;]<\/p>\n","protected":false},"author":4,"featured_media":3682,"comment_status":"open","ping_status":"open","sticky":false,"template":"","format":"standard","meta":{"_acf_changed":false,"_yoast_wpseo_focuskw":"Schweizer KMU","_yoast_wpseo_metadesc":"Am 29. Mai hat Intrum den European Payment Report 2018 (EPR2018) ver\u00f6ffentlicht. Als repr\u00e4sentative Studie bei rund 10\u2018000 Unternehmen in 29 L\u00e4ndern veranschaulicht sie auch den Schweizer Blick auf die Zahlungsmoral.","articlekey":"","footnotes":""},"categories":[24],"tags":[202,272,459,496,531],"class_list":["post-3679","post","type-post","status-publish","format-standard","has-post-thumbnail","hentry","category-finanzen_recht","tag-finanzenrecht","tag-inkasso","tag-studie","tag-unternehmensfuehrung","tag-wirtschaftspolitik"],"acf":[],"yoast_head":"<!-- This site is optimized with the Yoast SEO plugin v27.5 - https:\/\/yoast.com\/product\/yoast-seo-wordpress\/ -->\n<title>Schweizer KMU blicken deutlich positiver nach vorne als der europ\u00e4ische Durchschnitt - Organisator<\/title>\n<meta name=\"description\" content=\"Am 29. Mai hat Intrum den European Payment Report 2018 (EPR2018) ver\u00f6ffentlicht. Als repr\u00e4sentative Studie bei rund 10\u2018000 Unternehmen in 29 L\u00e4ndern veranschaulicht sie auch den Schweizer Blick auf die Zahlungsmoral.\" \/>\n<meta name=\"robots\" content=\"index, follow, max-snippet:-1, max-image-preview:large, max-video-preview:-1\" \/>\n<link rel=\"canonical\" href=\"https:\/\/www.organisator.ch\/de\/management\/finanzen_recht\/2018-05-29\/schweizer-kmu-blicken-deutlich-positiver-nach-vorne-als-der-europaeische-durchschnitt\/\" \/>\n<meta property=\"og:locale\" content=\"de_DE\" \/>\n<meta property=\"og:type\" content=\"article\" \/>\n<meta property=\"og:title\" content=\"Schweizer KMU blicken deutlich positiver nach vorne als der europ\u00e4ische Durchschnitt\" \/>\n<meta property=\"og:description\" content=\"Am 29. Mai hat #Intrum den European Payment Report 2018 (#EPR2018) ver\u00f6ffentlicht. Als repr\u00e4sentative Studie bei rund 10\u2018000 Unternehmen in 29 L\u00e4ndern veranschaulicht sie auch den Schweizer Blick auf die #Zahlungsmoral.\" \/>\n<meta property=\"og:url\" content=\"https:\/\/www.organisator.ch\/de\/management\/finanzen_recht\/2018-05-29\/schweizer-kmu-blicken-deutlich-positiver-nach-vorne-als-der-europaeische-durchschnitt\/\" \/>\n<meta property=\"og:site_name\" content=\"Organisator\" \/>\n<meta property=\"article:publisher\" content=\"https:\/\/www.facebook.com\/OrganisatorFachmagazin\" \/>\n<meta property=\"article:published_time\" content=\"2018-05-29T06:46:04+00:00\" \/>\n<meta property=\"og:image\" content=\"https:\/\/www.organisator.ch\/wp-content\/uploads\/2018\/05\/Schweizer-KMU-blicken-deutlich-positiver-nach-vorne-als-der-europaeische-Durchschnitt_Organisator.jpg\" \/>\n\t<meta property=\"og:image:width\" content=\"640\" \/>\n\t<meta property=\"og:image:height\" content=\"427\" \/>\n\t<meta property=\"og:image:type\" content=\"image\/jpeg\" \/>\n<meta name=\"author\" content=\"thomas.berner\" \/>\n<meta name=\"twitter:card\" content=\"summary_large_image\" \/>\n<meta name=\"twitter:title\" content=\"Schweizer #KMU blicken deutlich positiver nach vorne als der europ\u00e4ische Durchschnitt\" \/>\n<meta name=\"twitter:description\" content=\"Am 29. Mai hat #Intrum den European Payment Report 2018 (#EPR2018) ver\u00f6ffentlicht. Als repr\u00e4sentative Studie bei rund 10\u2018000 Unternehmen in 29 L\u00e4ndern veranschaulicht sie auch den Schweizer Blick auf die #Zahlungsmoral.\" \/>\n<meta name=\"twitter:image\" content=\"https:\/\/www.organisator.ch\/wp-content\/uploads\/2018\/05\/Schweizer-KMU-blicken-deutlich-positiver-nach-vorne-als-der-europ\u00e4ische-Durchschnitt_Organisator.jpg\" \/>\n<script type=\"application\/ld+json\" class=\"yoast-schema-graph\">{\"@context\":\"https:\\\/\\\/schema.org\",\"@graph\":[{\"@type\":\"Article\",\"@id\":\"https:\\\/\\\/www.organisator.ch\\\/management\\\/finanzen_recht\\\/2018-05-29\\\/schweizer-kmu-blicken-deutlich-positiver-nach-vorne-als-der-europaeische-durchschnitt\\\/#article\",\"isPartOf\":{\"@id\":\"https:\\\/\\\/www.organisator.ch\\\/management\\\/finanzen_recht\\\/2018-05-29\\\/schweizer-kmu-blicken-deutlich-positiver-nach-vorne-als-der-europaeische-durchschnitt\\\/\"},\"author\":{\"name\":\"thomas.berner\",\"@id\":\"https:\\\/\\\/www.organisator.ch\\\/#\\\/schema\\\/person\\\/6f650f90b2842cd4c0cc334b4e36f67e\"},\"headline\":\"Schweizer KMU blicken deutlich positiver nach vorne als der europ\u00e4ische Durchschnitt\",\"datePublished\":\"2018-05-29T06:46:04+00:00\",\"mainEntityOfPage\":{\"@id\":\"https:\\\/\\\/www.organisator.ch\\\/management\\\/finanzen_recht\\\/2018-05-29\\\/schweizer-kmu-blicken-deutlich-positiver-nach-vorne-als-der-europaeische-durchschnitt\\\/\"},\"wordCount\":685,\"commentCount\":0,\"publisher\":{\"@id\":\"https:\\\/\\\/www.organisator.ch\\\/#organization\"},\"image\":{\"@id\":\"https:\\\/\\\/www.organisator.ch\\\/management\\\/finanzen_recht\\\/2018-05-29\\\/schweizer-kmu-blicken-deutlich-positiver-nach-vorne-als-der-europaeische-durchschnitt\\\/#primaryimage\"},\"thumbnailUrl\":\"https:\\\/\\\/www.organisator.ch\\\/wp-content\\\/uploads\\\/2018\\\/05\\\/Schweizer-KMU-blicken-deutlich-positiver-nach-vorne-als-der-europaeische-Durchschnitt_Organisator.jpg\",\"keywords\":[\"Finanzen\\\/Recht\",\"Inkasso\",\"Studie\",\"Unternehmensf\u00fchrung\",\"Wirtschaftspolitik\"],\"articleSection\":[\"FINANZEN\\\/RECHT\"],\"inLanguage\":\"de\"},{\"@type\":\"WebPage\",\"@id\":\"https:\\\/\\\/www.organisator.ch\\\/management\\\/finanzen_recht\\\/2018-05-29\\\/schweizer-kmu-blicken-deutlich-positiver-nach-vorne-als-der-europaeische-durchschnitt\\\/\",\"url\":\"https:\\\/\\\/www.organisator.ch\\\/management\\\/finanzen_recht\\\/2018-05-29\\\/schweizer-kmu-blicken-deutlich-positiver-nach-vorne-als-der-europaeische-durchschnitt\\\/\",\"name\":\"Schweizer KMU blicken deutlich positiver nach vorne als der europ\u00e4ische Durchschnitt - Organisator\",\"isPartOf\":{\"@id\":\"https:\\\/\\\/www.organisator.ch\\\/#website\"},\"primaryImageOfPage\":{\"@id\":\"https:\\\/\\\/www.organisator.ch\\\/management\\\/finanzen_recht\\\/2018-05-29\\\/schweizer-kmu-blicken-deutlich-positiver-nach-vorne-als-der-europaeische-durchschnitt\\\/#primaryimage\"},\"image\":{\"@id\":\"https:\\\/\\\/www.organisator.ch\\\/management\\\/finanzen_recht\\\/2018-05-29\\\/schweizer-kmu-blicken-deutlich-positiver-nach-vorne-als-der-europaeische-durchschnitt\\\/#primaryimage\"},\"thumbnailUrl\":\"https:\\\/\\\/www.organisator.ch\\\/wp-content\\\/uploads\\\/2018\\\/05\\\/Schweizer-KMU-blicken-deutlich-positiver-nach-vorne-als-der-europaeische-Durchschnitt_Organisator.jpg\",\"datePublished\":\"2018-05-29T06:46:04+00:00\",\"description\":\"Am 29. Mai hat Intrum den European Payment Report 2018 (EPR2018) ver\u00f6ffentlicht. Als repr\u00e4sentative Studie bei rund 10\u2018000 Unternehmen in 29 L\u00e4ndern veranschaulicht sie auch den Schweizer Blick auf die Zahlungsmoral.\",\"breadcrumb\":{\"@id\":\"https:\\\/\\\/www.organisator.ch\\\/management\\\/finanzen_recht\\\/2018-05-29\\\/schweizer-kmu-blicken-deutlich-positiver-nach-vorne-als-der-europaeische-durchschnitt\\\/#breadcrumb\"},\"inLanguage\":\"de\",\"potentialAction\":[{\"@type\":\"ReadAction\",\"target\":[\"https:\\\/\\\/www.organisator.ch\\\/management\\\/finanzen_recht\\\/2018-05-29\\\/schweizer-kmu-blicken-deutlich-positiver-nach-vorne-als-der-europaeische-durchschnitt\\\/\"]}]},{\"@type\":\"ImageObject\",\"inLanguage\":\"de\",\"@id\":\"https:\\\/\\\/www.organisator.ch\\\/management\\\/finanzen_recht\\\/2018-05-29\\\/schweizer-kmu-blicken-deutlich-positiver-nach-vorne-als-der-europaeische-durchschnitt\\\/#primaryimage\",\"url\":\"https:\\\/\\\/www.organisator.ch\\\/wp-content\\\/uploads\\\/2018\\\/05\\\/Schweizer-KMU-blicken-deutlich-positiver-nach-vorne-als-der-europaeische-Durchschnitt_Organisator.jpg\",\"contentUrl\":\"https:\\\/\\\/www.organisator.ch\\\/wp-content\\\/uploads\\\/2018\\\/05\\\/Schweizer-KMU-blicken-deutlich-positiver-nach-vorne-als-der-europaeische-Durchschnitt_Organisator.jpg\",\"width\":640,\"height\":427,\"caption\":\"In Sachen Zahlungsmoral zeigen sich Schweizer KMU optimistischer als ihre europ\u00e4ischen Kollegen. (Bild: Fotolia.com)\"},{\"@type\":\"BreadcrumbList\",\"@id\":\"https:\\\/\\\/www.organisator.ch\\\/management\\\/finanzen_recht\\\/2018-05-29\\\/schweizer-kmu-blicken-deutlich-positiver-nach-vorne-als-der-europaeische-durchschnitt\\\/#breadcrumb\",\"itemListElement\":[{\"@type\":\"ListItem\",\"position\":1,\"name\":\"Home\",\"item\":\"https:\\\/\\\/www.organisator.ch\\\/\"},{\"@type\":\"ListItem\",\"position\":2,\"name\":\"Schweizer KMU blicken deutlich positiver nach vorne als der europ\u00e4ische Durchschnitt\"}]},{\"@type\":\"WebSite\",\"@id\":\"https:\\\/\\\/www.organisator.ch\\\/#website\",\"url\":\"https:\\\/\\\/www.organisator.ch\\\/\",\"name\":\"Organisator\",\"description\":\"Kompetent. Praxisnah. Der ORGANISATOR bereitet in 10 Ausgaben pro Jahr die wesentlichen Themen f\u00fcr F\u00fchrungskr\u00e4fte von KMU auf.\",\"publisher\":{\"@id\":\"https:\\\/\\\/www.organisator.ch\\\/#organization\"},\"potentialAction\":[{\"@type\":\"SearchAction\",\"target\":{\"@type\":\"EntryPoint\",\"urlTemplate\":\"https:\\\/\\\/www.organisator.ch\\\/?s={search_term_string}\"},\"query-input\":{\"@type\":\"PropertyValueSpecification\",\"valueRequired\":true,\"valueName\":\"search_term_string\"}}],\"inLanguage\":\"de\"},{\"@type\":\"Organization\",\"@id\":\"https:\\\/\\\/www.organisator.ch\\\/#organization\",\"name\":\"Organisator\",\"url\":\"https:\\\/\\\/www.organisator.ch\\\/\",\"logo\":{\"@type\":\"ImageObject\",\"inLanguage\":\"de\",\"@id\":\"https:\\\/\\\/www.organisator.ch\\\/#\\\/schema\\\/logo\\\/image\\\/\",\"url\":\"https:\\\/\\\/www.organisator.ch\\\/wp-content\\\/uploads\\\/2022\\\/01\\\/Logo_Organisator_Website.png\",\"contentUrl\":\"https:\\\/\\\/www.organisator.ch\\\/wp-content\\\/uploads\\\/2022\\\/01\\\/Logo_Organisator_Website.png\",\"width\":800,\"height\":77,\"caption\":\"Organisator\"},\"image\":{\"@id\":\"https:\\\/\\\/www.organisator.ch\\\/#\\\/schema\\\/logo\\\/image\\\/\"},\"sameAs\":[\"https:\\\/\\\/www.facebook.com\\\/OrganisatorFachmagazin\",\"https:\\\/\\\/www.linkedin.com\\\/showcase\\\/organisator-das-magazin-fr-kmu\",\"https:\\\/\\\/www.xing.com\\\/news\\\/pages\\\/organisator-ch-695\",\"https:\\\/\\\/www.youtube.com\\\/channel\\\/UCGP2Sq0iWaZwT3BdIAQFYpw\"]},{\"@type\":\"Person\",\"@id\":\"https:\\\/\\\/www.organisator.ch\\\/#\\\/schema\\\/person\\\/6f650f90b2842cd4c0cc334b4e36f67e\",\"name\":\"thomas.berner\",\"image\":{\"@type\":\"ImageObject\",\"inLanguage\":\"de\",\"@id\":\"https:\\\/\\\/secure.gravatar.com\\\/avatar\\\/ac5001d2a36cb6c6cd3e50789007ffca834b477b74a2144564522e944eabff61?s=96&d=mm&r=g\",\"url\":\"https:\\\/\\\/secure.gravatar.com\\\/avatar\\\/ac5001d2a36cb6c6cd3e50789007ffca834b477b74a2144564522e944eabff61?s=96&d=mm&r=g\",\"contentUrl\":\"https:\\\/\\\/secure.gravatar.com\\\/avatar\\\/ac5001d2a36cb6c6cd3e50789007ffca834b477b74a2144564522e944eabff61?s=96&d=mm&r=g\",\"caption\":\"thomas.berner\"},\"url\":\"https:\\\/\\\/www.organisator.ch\\\/de\\\/author\\\/thomas-berner\\\/\"}]}<\/script>\n<!-- \/ Yoast SEO plugin. -->","yoast_head_json":{"title":"Schweizer KMU blicken deutlich positiver nach vorne als der europ\u00e4ische Durchschnitt - Organisator","description":"Am 29. Mai hat Intrum den European Payment Report 2018 (EPR2018) ver\u00f6ffentlicht. Als repr\u00e4sentative Studie bei rund 10\u2018000 Unternehmen in 29 L\u00e4ndern veranschaulicht sie auch den Schweizer Blick auf die Zahlungsmoral.","robots":{"index":"index","follow":"follow","max-snippet":"max-snippet:-1","max-image-preview":"max-image-preview:large","max-video-preview":"max-video-preview:-1"},"canonical":"https:\/\/www.organisator.ch\/de\/management\/finanzen_recht\/2018-05-29\/schweizer-kmu-blicken-deutlich-positiver-nach-vorne-als-der-europaeische-durchschnitt\/","og_locale":"de_DE","og_type":"article","og_title":"Schweizer KMU blicken deutlich positiver nach vorne als der europ\u00e4ische Durchschnitt","og_description":"Am 29. Mai hat #Intrum den European Payment Report 2018 (#EPR2018) ver\u00f6ffentlicht. Als repr\u00e4sentative Studie bei rund 10\u2018000 Unternehmen in 29 L\u00e4ndern veranschaulicht sie auch den Schweizer Blick auf die #Zahlungsmoral.","og_url":"https:\/\/www.organisator.ch\/de\/management\/finanzen_recht\/2018-05-29\/schweizer-kmu-blicken-deutlich-positiver-nach-vorne-als-der-europaeische-durchschnitt\/","og_site_name":"Organisator","article_publisher":"https:\/\/www.facebook.com\/OrganisatorFachmagazin","article_published_time":"2018-05-29T06:46:04+00:00","og_image":[{"width":640,"height":427,"url":"https:\/\/www.organisator.ch\/wp-content\/uploads\/2018\/05\/Schweizer-KMU-blicken-deutlich-positiver-nach-vorne-als-der-europaeische-Durchschnitt_Organisator.jpg","type":"image\/jpeg"}],"author":"thomas.berner","twitter_card":"summary_large_image","twitter_title":"Schweizer #KMU blicken deutlich positiver nach vorne als der europ\u00e4ische Durchschnitt","twitter_description":"Am 29. Mai hat #Intrum den European Payment Report 2018 (#EPR2018) ver\u00f6ffentlicht. Als repr\u00e4sentative Studie bei rund 10\u2018000 Unternehmen in 29 L\u00e4ndern veranschaulicht sie auch den Schweizer Blick auf die #Zahlungsmoral.","twitter_image":"https:\/\/www.organisator.ch\/wp-content\/uploads\/2018\/05\/Schweizer-KMU-blicken-deutlich-positiver-nach-vorne-als-der-europ\u00e4ische-Durchschnitt_Organisator.jpg","schema":{"@context":"https:\/\/schema.org","@graph":[{"@type":"Article","@id":"https:\/\/www.organisator.ch\/management\/finanzen_recht\/2018-05-29\/schweizer-kmu-blicken-deutlich-positiver-nach-vorne-als-der-europaeische-durchschnitt\/#article","isPartOf":{"@id":"https:\/\/www.organisator.ch\/management\/finanzen_recht\/2018-05-29\/schweizer-kmu-blicken-deutlich-positiver-nach-vorne-als-der-europaeische-durchschnitt\/"},"author":{"name":"thomas.berner","@id":"https:\/\/www.organisator.ch\/#\/schema\/person\/6f650f90b2842cd4c0cc334b4e36f67e"},"headline":"Schweizer KMU blicken deutlich positiver nach vorne als der europ\u00e4ische Durchschnitt","datePublished":"2018-05-29T06:46:04+00:00","mainEntityOfPage":{"@id":"https:\/\/www.organisator.ch\/management\/finanzen_recht\/2018-05-29\/schweizer-kmu-blicken-deutlich-positiver-nach-vorne-als-der-europaeische-durchschnitt\/"},"wordCount":685,"commentCount":0,"publisher":{"@id":"https:\/\/www.organisator.ch\/#organization"},"image":{"@id":"https:\/\/www.organisator.ch\/management\/finanzen_recht\/2018-05-29\/schweizer-kmu-blicken-deutlich-positiver-nach-vorne-als-der-europaeische-durchschnitt\/#primaryimage"},"thumbnailUrl":"https:\/\/www.organisator.ch\/wp-content\/uploads\/2018\/05\/Schweizer-KMU-blicken-deutlich-positiver-nach-vorne-als-der-europaeische-Durchschnitt_Organisator.jpg","keywords":["Finanzen\/Recht","Inkasso","Studie","Unternehmensf\u00fchrung","Wirtschaftspolitik"],"articleSection":["FINANZEN\/RECHT"],"inLanguage":"de"},{"@type":"WebPage","@id":"https:\/\/www.organisator.ch\/management\/finanzen_recht\/2018-05-29\/schweizer-kmu-blicken-deutlich-positiver-nach-vorne-als-der-europaeische-durchschnitt\/","url":"https:\/\/www.organisator.ch\/management\/finanzen_recht\/2018-05-29\/schweizer-kmu-blicken-deutlich-positiver-nach-vorne-als-der-europaeische-durchschnitt\/","name":"Schweizer KMU blicken deutlich positiver nach vorne als der europ\u00e4ische Durchschnitt - Organisator","isPartOf":{"@id":"https:\/\/www.organisator.ch\/#website"},"primaryImageOfPage":{"@id":"https:\/\/www.organisator.ch\/management\/finanzen_recht\/2018-05-29\/schweizer-kmu-blicken-deutlich-positiver-nach-vorne-als-der-europaeische-durchschnitt\/#primaryimage"},"image":{"@id":"https:\/\/www.organisator.ch\/management\/finanzen_recht\/2018-05-29\/schweizer-kmu-blicken-deutlich-positiver-nach-vorne-als-der-europaeische-durchschnitt\/#primaryimage"},"thumbnailUrl":"https:\/\/www.organisator.ch\/wp-content\/uploads\/2018\/05\/Schweizer-KMU-blicken-deutlich-positiver-nach-vorne-als-der-europaeische-Durchschnitt_Organisator.jpg","datePublished":"2018-05-29T06:46:04+00:00","description":"Am 29. Mai hat Intrum den European Payment Report 2018 (EPR2018) ver\u00f6ffentlicht. Als repr\u00e4sentative Studie bei rund 10\u2018000 Unternehmen in 29 L\u00e4ndern veranschaulicht sie auch den Schweizer Blick auf die Zahlungsmoral.","breadcrumb":{"@id":"https:\/\/www.organisator.ch\/management\/finanzen_recht\/2018-05-29\/schweizer-kmu-blicken-deutlich-positiver-nach-vorne-als-der-europaeische-durchschnitt\/#breadcrumb"},"inLanguage":"de","potentialAction":[{"@type":"ReadAction","target":["https:\/\/www.organisator.ch\/management\/finanzen_recht\/2018-05-29\/schweizer-kmu-blicken-deutlich-positiver-nach-vorne-als-der-europaeische-durchschnitt\/"]}]},{"@type":"ImageObject","inLanguage":"de","@id":"https:\/\/www.organisator.ch\/management\/finanzen_recht\/2018-05-29\/schweizer-kmu-blicken-deutlich-positiver-nach-vorne-als-der-europaeische-durchschnitt\/#primaryimage","url":"https:\/\/www.organisator.ch\/wp-content\/uploads\/2018\/05\/Schweizer-KMU-blicken-deutlich-positiver-nach-vorne-als-der-europaeische-Durchschnitt_Organisator.jpg","contentUrl":"https:\/\/www.organisator.ch\/wp-content\/uploads\/2018\/05\/Schweizer-KMU-blicken-deutlich-positiver-nach-vorne-als-der-europaeische-Durchschnitt_Organisator.jpg","width":640,"height":427,"caption":"In Sachen Zahlungsmoral zeigen sich Schweizer KMU optimistischer als ihre europ\u00e4ischen Kollegen. (Bild: Fotolia.com)"},{"@type":"BreadcrumbList","@id":"https:\/\/www.organisator.ch\/management\/finanzen_recht\/2018-05-29\/schweizer-kmu-blicken-deutlich-positiver-nach-vorne-als-der-europaeische-durchschnitt\/#breadcrumb","itemListElement":[{"@type":"ListItem","position":1,"name":"Home","item":"https:\/\/www.organisator.ch\/"},{"@type":"ListItem","position":2,"name":"Schweizer KMU blicken deutlich positiver nach vorne als der europ\u00e4ische Durchschnitt"}]},{"@type":"WebSite","@id":"https:\/\/www.organisator.ch\/#website","url":"https:\/\/www.organisator.ch\/","name":"Organisator","description":"Kompetent. Praxisnah. Der ORGANISATOR bereitet in 10 Ausgaben pro Jahr die wesentlichen Themen f\u00fcr F\u00fchrungskr\u00e4fte von KMU auf.","publisher":{"@id":"https:\/\/www.organisator.ch\/#organization"},"potentialAction":[{"@type":"SearchAction","target":{"@type":"EntryPoint","urlTemplate":"https:\/\/www.organisator.ch\/?s={search_term_string}"},"query-input":{"@type":"PropertyValueSpecification","valueRequired":true,"valueName":"search_term_string"}}],"inLanguage":"de"},{"@type":"Organization","@id":"https:\/\/www.organisator.ch\/#organization","name":"Organisator","url":"https:\/\/www.organisator.ch\/","logo":{"@type":"ImageObject","inLanguage":"de","@id":"https:\/\/www.organisator.ch\/#\/schema\/logo\/image\/","url":"https:\/\/www.organisator.ch\/wp-content\/uploads\/2022\/01\/Logo_Organisator_Website.png","contentUrl":"https:\/\/www.organisator.ch\/wp-content\/uploads\/2022\/01\/Logo_Organisator_Website.png","width":800,"height":77,"caption":"Organisator"},"image":{"@id":"https:\/\/www.organisator.ch\/#\/schema\/logo\/image\/"},"sameAs":["https:\/\/www.facebook.com\/OrganisatorFachmagazin","https:\/\/www.linkedin.com\/showcase\/organisator-das-magazin-fr-kmu","https:\/\/www.xing.com\/news\/pages\/organisator-ch-695","https:\/\/www.youtube.com\/channel\/UCGP2Sq0iWaZwT3BdIAQFYpw"]},{"@type":"Person","@id":"https:\/\/www.organisator.ch\/#\/schema\/person\/6f650f90b2842cd4c0cc334b4e36f67e","name":"thomas.berner","image":{"@type":"ImageObject","inLanguage":"de","@id":"https:\/\/secure.gravatar.com\/avatar\/ac5001d2a36cb6c6cd3e50789007ffca834b477b74a2144564522e944eabff61?s=96&d=mm&r=g","url":"https:\/\/secure.gravatar.com\/avatar\/ac5001d2a36cb6c6cd3e50789007ffca834b477b74a2144564522e944eabff61?s=96&d=mm&r=g","contentUrl":"https:\/\/secure.gravatar.com\/avatar\/ac5001d2a36cb6c6cd3e50789007ffca834b477b74a2144564522e944eabff61?s=96&d=mm&r=g","caption":"thomas.berner"},"url":"https:\/\/www.organisator.ch\/de\/author\/thomas-berner\/"}]}},"_links":{"self":[{"href":"https:\/\/www.organisator.ch\/de\/wp-json\/wp\/v2\/posts\/3679","targetHints":{"allow":["GET"]}}],"collection":[{"href":"https:\/\/www.organisator.ch\/de\/wp-json\/wp\/v2\/posts"}],"about":[{"href":"https:\/\/www.organisator.ch\/de\/wp-json\/wp\/v2\/types\/post"}],"author":[{"embeddable":true,"href":"https:\/\/www.organisator.ch\/de\/wp-json\/wp\/v2\/users\/4"}],"replies":[{"embeddable":true,"href":"https:\/\/www.organisator.ch\/de\/wp-json\/wp\/v2\/comments?post=3679"}],"version-history":[{"count":0,"href":"https:\/\/www.organisator.ch\/de\/wp-json\/wp\/v2\/posts\/3679\/revisions"}],"wp:featuredmedia":[{"embeddable":true,"href":"https:\/\/www.organisator.ch\/de\/wp-json\/wp\/v2\/media\/3682"}],"wp:attachment":[{"href":"https:\/\/www.organisator.ch\/de\/wp-json\/wp\/v2\/media?parent=3679"}],"wp:term":[{"taxonomy":"category","embeddable":true,"href":"https:\/\/www.organisator.ch\/de\/wp-json\/wp\/v2\/categories?post=3679"},{"taxonomy":"post_tag","embeddable":true,"href":"https:\/\/www.organisator.ch\/de\/wp-json\/wp\/v2\/tags?post=3679"}],"curies":[{"name":"wp","href":"https:\/\/api.w.org\/{rel}","templated":true}]}}