{"id":36795,"date":"2025-03-12T09:21:37","date_gmt":"2025-03-12T08:21:37","guid":{"rendered":"https:\/\/www.organisator.ch\/?p=36795"},"modified":"2025-03-12T09:21:37","modified_gmt":"2025-03-12T08:21:37","slug":"mit-alixio-group-zum-fuehrenden-hr-dienstleister-der-schweiz","status":"publish","type":"post","link":"https:\/\/www.organisator.ch\/de\/management\/2025-03-12\/mit-alixio-group-zum-fuehrenden-hr-dienstleister-der-schweiz\/","title":{"rendered":"Mit Alixio Group zum f\u00fchrenden HR Dienstleister der Schweiz"},"content":{"rendered":"<figure id=\"attachment_36796\" aria-describedby=\"caption-attachment-36796\" style=\"width: 680px\" class=\"wp-caption alignnone\"><img loading=\"lazy\" decoding=\"async\" class=\"size-full wp-image-36796\" src=\"https:\/\/www.organisator.ch\/wp-content\/uploads\/2025\/03\/von-Rundstedt-alixio_Bild_ps.jpg\" alt=\"\" width=\"680\" height=\"454\" srcset=\"https:\/\/www.organisator.ch\/wp-content\/uploads\/2025\/03\/von-Rundstedt-alixio_Bild_ps.jpg 680w, https:\/\/www.organisator.ch\/wp-content\/uploads\/2025\/03\/von-Rundstedt-alixio_Bild_ps-18x12.jpg 18w, https:\/\/www.organisator.ch\/wp-content\/uploads\/2025\/03\/von-Rundstedt-alixio_Bild_ps-375x250.jpg 375w, https:\/\/www.organisator.ch\/wp-content\/uploads\/2025\/03\/von-Rundstedt-alixio_Bild_ps-524x350.jpg 524w\" sizes=\"auto, (max-width: 680px) 100vw, 680px\" \/><figcaption id=\"caption-attachment-36796\" class=\"wp-caption-text\">Von Rundstedt Schweiz stellt sich mit Alixio neu auf und erweitert das Angebot um HR-Consulting, Interim Management und Newplacement. (Bild: www.depositphotos.com)<\/figcaption><\/figure>\n<p>Das Schweizer Unternehmen hat im Rahmen des 10-j\u00e4hrigen Jubil\u00e4ums die Weichen f\u00fcr die Zukunft neu gestellt. Dr. Pascal Scheiwiller, CEO der Schweizer von Rundstedt: \u00abWir m\u00f6chten uns breiter aufstellen und neben dem Outplacement verst\u00e4rkt in neue Gesch\u00e4ftsfelder investieren\u00bb. Dazu hat die von Rundstedt Schweiz mit der Alixio Gruppe einen neuen passenden und finanzstarken Partner und Investor gefunden. Die deutsche v. Rundstedt &amp; Partner GmbH hat ihre Anteile g\u00e4nzlich an die Alixio Gruppe \u00fcbertragen. Sophia von Rundstedt, CEO der deutschen Gesellschaft, meint dazu: \u00abWir haben unsere Mission erf\u00fcllt und haben zusammen mit unseren Schweizer Kollegen Erfolgsgeschichte geschrieben. Wir freuen uns, dass sich das Schweizer Unternehmen zusammen mit der Alixio Gruppe nun noch breiter aufstellen und weiter entwickeln kann\u00bb.<\/p>\n<p>Die Alixio Gruppe ist f\u00fchrender HR-Dienstleister in Frankreich. Mit gezielten Investitionen und Partnern strebt sie die Marktf\u00fchrerschaft in ganz Europa an. Dazu Guillaume Allais, Group CEO der Alixio: \u00abWir m\u00f6chten unser Erfolgsmodell in ganz Europa umsetzen. Die Schweiz ist f\u00fcr Europa ein Schl\u00fcsselmarkt. Wir sind froh, dass wir mit von Rundstedt Schweiz den bestm\u00f6glichen Partner daf\u00fcr gewinnen konnten\u00bb. Der von Rundstedt Schweiz Chef Pascal Scheiwiller \u00fcbernimmt auch die Gesamtleitung der Alixio Gruppe in der Schweiz. Dazu geh\u00f6ren neben dem von Rundstedt Outplacement Gesch\u00e4ft drei weitere Gesch\u00e4ftsbereiche.<\/p>\n<p>Mit dem Zukauf der OTP Gruppe \u00fcbernimmt die Alixio einen erfahrenen Anbieter von Assessment, Coaching, Newplacement und arbeitsmarktlichen Massnahmen. Mit der eigenen Marke X-PM bringt Alixio zudem ein international etabliertes und f\u00fchrendes Gesch\u00e4ft im Bereich Interim Management in die Schweiz. Und mit Alixio Consulting werden k\u00fcnftig f\u00fcr Firmen verschiedene Beratungsleistungen im HR-Bereich erbracht.<\/p>\n<p>\u00abEs geht uns bei dieser Investition nicht prim\u00e4r um Wachstum, sondern vielmehr um die Steigerung des Kundennutzens. Immer mehr Firmen befinden sich in tiefgreifenden Transformationsprozessen. Die vier Bereiche sind h\u00f6chst synergetisch und erm\u00f6glichen es uns, unsere Kunden bei ihren Ver\u00e4nderungen viel ganzheitlicher zu unterst\u00fctzen\u00bb, so Pascal Scheiwiller.<\/p>\n<p><em>Quelle: <a href=\"http:\/\/www.rundstedt.ch\">www.rundstedt.ch<\/a><\/em><\/p>\n","protected":false},"excerpt":{"rendered":"<p>Die von Rundstedt &#038; Partner Schweiz AG wurde 2014 gegr\u00fcndet, um den Outplacement-Markt in der Schweiz mit innovativen, marktorientierten L\u00f6sungen zu ver\u00e4ndern. Innerhalb weniger Jahre etablierte sich das Unternehmen als Qualit\u00e4ts- und Marktf\u00fchrer in allen Landesteilen.<\/p>\n","protected":false},"author":80,"featured_media":36796,"comment_status":"closed","ping_status":"closed","sticky":false,"template":"","format":"standard","meta":{"_acf_changed":false,"_yoast_wpseo_focuskw":"von Rundstedt Schweiz Alixio","_yoast_wpseo_metadesc":"Von Rundstedt Schweiz stellt sich mit Alixio neu auf und erweitert das Angebot um HR-Consulting, Interim Management und Newplacement.","articlekey":"","footnotes":""},"categories":[28],"tags":[253,277,1888,424,492],"class_list":["post-36795","post","type-post","status-publish","format-standard","has-post-thumbnail","hentry","category-management","tag-hr","tag-interimmanagement","tag-partnerschaft","tag-schweiz","tag-unternehmen"],"acf":[],"yoast_head":"<!-- This site is optimized with the Yoast SEO plugin v27.5 - https:\/\/yoast.com\/product\/yoast-seo-wordpress\/ -->\n<title>Mit Alixio Group zum f\u00fchrenden HR Dienstleister der Schweiz - Organisator<\/title>\n<meta name=\"description\" content=\"Von Rundstedt Schweiz stellt sich mit Alixio neu auf und erweitert das Angebot um HR-Consulting, Interim Management und Newplacement.\" \/>\n<meta name=\"robots\" content=\"index, follow, max-snippet:-1, max-image-preview:large, max-video-preview:-1\" \/>\n<link rel=\"canonical\" href=\"https:\/\/www.organisator.ch\/de\/management\/2025-03-12\/mit-alixio-group-zum-fuehrenden-hr-dienstleister-der-schweiz\/\" \/>\n<meta property=\"og:locale\" content=\"de_DE\" \/>\n<meta property=\"og:type\" content=\"article\" \/>\n<meta property=\"og:title\" content=\"Mit Alixio Group zum f\u00fchrenden HR Dienstleister der Schweiz\" \/>\n<meta property=\"og:description\" content=\"Von Rundstedt Schweiz stellt sich mit Alixio neu auf und erweitert das Angebot um HR-Consulting, Interim Management und Newplacement.\" \/>\n<meta property=\"og:url\" content=\"https:\/\/www.organisator.ch\/de\/management\/2025-03-12\/mit-alixio-group-zum-fuehrenden-hr-dienstleister-der-schweiz\/\" \/>\n<meta property=\"og:site_name\" content=\"Organisator\" \/>\n<meta property=\"article:publisher\" content=\"https:\/\/www.facebook.com\/OrganisatorFachmagazin\" \/>\n<meta property=\"article:published_time\" content=\"2025-03-12T08:21:37+00:00\" \/>\n<meta property=\"og:image\" content=\"https:\/\/www.organisator.ch\/wp-content\/uploads\/2025\/03\/von-Rundstedt-alixio_Bild_ps.jpg\" \/>\n\t<meta property=\"og:image:width\" content=\"680\" \/>\n\t<meta property=\"og:image:height\" content=\"454\" \/>\n\t<meta property=\"og:image:type\" content=\"image\/jpeg\" \/>\n<meta name=\"author\" content=\"Dzana Muminovic\" \/>\n<meta name=\"twitter:card\" content=\"summary_large_image\" \/>\n<meta name=\"twitter:title\" content=\"Mit Alixio Group zum f\u00fchrenden HR Dienstleister der Schweiz\" \/>\n<meta name=\"twitter:description\" content=\"Von Rundstedt Schweiz stellt sich mit Alixio neu auf und erweitert das Angebot um HR-Consulting, Interim Management und Newplacement.\" \/>\n<meta name=\"twitter:image\" content=\"https:\/\/www.organisator.ch\/wp-content\/uploads\/2025\/03\/von-Rundstedt-alixio_Bild_ps.jpg\" \/>\n<script type=\"application\/ld+json\" class=\"yoast-schema-graph\">{\"@context\":\"https:\\\/\\\/schema.org\",\"@graph\":[{\"@type\":\"Article\",\"@id\":\"https:\\\/\\\/www.organisator.ch\\\/management\\\/2025-03-12\\\/mit-alixio-group-zum-fuehrenden-hr-dienstleister-der-schweiz\\\/#article\",\"isPartOf\":{\"@id\":\"https:\\\/\\\/www.organisator.ch\\\/management\\\/2025-03-12\\\/mit-alixio-group-zum-fuehrenden-hr-dienstleister-der-schweiz\\\/\"},\"author\":{\"name\":\"Dzana Muminovic\",\"@id\":\"https:\\\/\\\/www.organisator.ch\\\/#\\\/schema\\\/person\\\/afccda3a71c06d4be2ed9100dd163db7\"},\"headline\":\"Mit Alixio Group zum f\u00fchrenden HR Dienstleister der Schweiz\",\"datePublished\":\"2025-03-12T08:21:37+00:00\",\"mainEntityOfPage\":{\"@id\":\"https:\\\/\\\/www.organisator.ch\\\/management\\\/2025-03-12\\\/mit-alixio-group-zum-fuehrenden-hr-dienstleister-der-schweiz\\\/\"},\"wordCount\":374,\"publisher\":{\"@id\":\"https:\\\/\\\/www.organisator.ch\\\/#organization\"},\"image\":{\"@id\":\"https:\\\/\\\/www.organisator.ch\\\/management\\\/2025-03-12\\\/mit-alixio-group-zum-fuehrenden-hr-dienstleister-der-schweiz\\\/#primaryimage\"},\"thumbnailUrl\":\"https:\\\/\\\/www.organisator.ch\\\/wp-content\\\/uploads\\\/2025\\\/03\\\/von-Rundstedt-alixio_Bild_ps.jpg\",\"keywords\":[\"HR\",\"Interimmanagement\",\"Partnerschaft\",\"Schweiz\",\"Unternehmen\"],\"articleSection\":[\"MANAGEMENT\"],\"inLanguage\":\"de\"},{\"@type\":\"WebPage\",\"@id\":\"https:\\\/\\\/www.organisator.ch\\\/management\\\/2025-03-12\\\/mit-alixio-group-zum-fuehrenden-hr-dienstleister-der-schweiz\\\/\",\"url\":\"https:\\\/\\\/www.organisator.ch\\\/management\\\/2025-03-12\\\/mit-alixio-group-zum-fuehrenden-hr-dienstleister-der-schweiz\\\/\",\"name\":\"Mit Alixio Group zum f\u00fchrenden HR Dienstleister der Schweiz - Organisator\",\"isPartOf\":{\"@id\":\"https:\\\/\\\/www.organisator.ch\\\/#website\"},\"primaryImageOfPage\":{\"@id\":\"https:\\\/\\\/www.organisator.ch\\\/management\\\/2025-03-12\\\/mit-alixio-group-zum-fuehrenden-hr-dienstleister-der-schweiz\\\/#primaryimage\"},\"image\":{\"@id\":\"https:\\\/\\\/www.organisator.ch\\\/management\\\/2025-03-12\\\/mit-alixio-group-zum-fuehrenden-hr-dienstleister-der-schweiz\\\/#primaryimage\"},\"thumbnailUrl\":\"https:\\\/\\\/www.organisator.ch\\\/wp-content\\\/uploads\\\/2025\\\/03\\\/von-Rundstedt-alixio_Bild_ps.jpg\",\"datePublished\":\"2025-03-12T08:21:37+00:00\",\"description\":\"Von Rundstedt Schweiz stellt sich mit Alixio neu auf und erweitert das Angebot um HR-Consulting, Interim Management und Newplacement.\",\"breadcrumb\":{\"@id\":\"https:\\\/\\\/www.organisator.ch\\\/management\\\/2025-03-12\\\/mit-alixio-group-zum-fuehrenden-hr-dienstleister-der-schweiz\\\/#breadcrumb\"},\"inLanguage\":\"de\",\"potentialAction\":[{\"@type\":\"ReadAction\",\"target\":[\"https:\\\/\\\/www.organisator.ch\\\/management\\\/2025-03-12\\\/mit-alixio-group-zum-fuehrenden-hr-dienstleister-der-schweiz\\\/\"]}]},{\"@type\":\"ImageObject\",\"inLanguage\":\"de\",\"@id\":\"https:\\\/\\\/www.organisator.ch\\\/management\\\/2025-03-12\\\/mit-alixio-group-zum-fuehrenden-hr-dienstleister-der-schweiz\\\/#primaryimage\",\"url\":\"https:\\\/\\\/www.organisator.ch\\\/wp-content\\\/uploads\\\/2025\\\/03\\\/von-Rundstedt-alixio_Bild_ps.jpg\",\"contentUrl\":\"https:\\\/\\\/www.organisator.ch\\\/wp-content\\\/uploads\\\/2025\\\/03\\\/von-Rundstedt-alixio_Bild_ps.jpg\",\"width\":680,\"height\":454,\"caption\":\"Von Rundstedt Schweiz stellt sich mit Alixio neu auf und erweitert das Angebot um HR-Consulting, Interim Management und Newplacement. (Bild: www.depositphotos.com)\"},{\"@type\":\"BreadcrumbList\",\"@id\":\"https:\\\/\\\/www.organisator.ch\\\/management\\\/2025-03-12\\\/mit-alixio-group-zum-fuehrenden-hr-dienstleister-der-schweiz\\\/#breadcrumb\",\"itemListElement\":[{\"@type\":\"ListItem\",\"position\":1,\"name\":\"Home\",\"item\":\"https:\\\/\\\/www.organisator.ch\\\/\"},{\"@type\":\"ListItem\",\"position\":2,\"name\":\"Mit Alixio Group zum f\u00fchrenden HR Dienstleister der Schweiz\"}]},{\"@type\":\"WebSite\",\"@id\":\"https:\\\/\\\/www.organisator.ch\\\/#website\",\"url\":\"https:\\\/\\\/www.organisator.ch\\\/\",\"name\":\"Organisator\",\"description\":\"Kompetent. Praxisnah. Der ORGANISATOR bereitet in 10 Ausgaben pro Jahr die wesentlichen Themen f\u00fcr F\u00fchrungskr\u00e4fte von KMU auf.\",\"publisher\":{\"@id\":\"https:\\\/\\\/www.organisator.ch\\\/#organization\"},\"potentialAction\":[{\"@type\":\"SearchAction\",\"target\":{\"@type\":\"EntryPoint\",\"urlTemplate\":\"https:\\\/\\\/www.organisator.ch\\\/?s={search_term_string}\"},\"query-input\":{\"@type\":\"PropertyValueSpecification\",\"valueRequired\":true,\"valueName\":\"search_term_string\"}}],\"inLanguage\":\"de\"},{\"@type\":\"Organization\",\"@id\":\"https:\\\/\\\/www.organisator.ch\\\/#organization\",\"name\":\"Organisator\",\"url\":\"https:\\\/\\\/www.organisator.ch\\\/\",\"logo\":{\"@type\":\"ImageObject\",\"inLanguage\":\"de\",\"@id\":\"https:\\\/\\\/www.organisator.ch\\\/#\\\/schema\\\/logo\\\/image\\\/\",\"url\":\"https:\\\/\\\/www.organisator.ch\\\/wp-content\\\/uploads\\\/2022\\\/01\\\/Logo_Organisator_Website.png\",\"contentUrl\":\"https:\\\/\\\/www.organisator.ch\\\/wp-content\\\/uploads\\\/2022\\\/01\\\/Logo_Organisator_Website.png\",\"width\":800,\"height\":77,\"caption\":\"Organisator\"},\"image\":{\"@id\":\"https:\\\/\\\/www.organisator.ch\\\/#\\\/schema\\\/logo\\\/image\\\/\"},\"sameAs\":[\"https:\\\/\\\/www.facebook.com\\\/OrganisatorFachmagazin\",\"https:\\\/\\\/www.linkedin.com\\\/showcase\\\/organisator-das-magazin-fr-kmu\",\"https:\\\/\\\/www.xing.com\\\/news\\\/pages\\\/organisator-ch-695\",\"https:\\\/\\\/www.youtube.com\\\/channel\\\/UCGP2Sq0iWaZwT3BdIAQFYpw\"]},{\"@type\":\"Person\",\"@id\":\"https:\\\/\\\/www.organisator.ch\\\/#\\\/schema\\\/person\\\/afccda3a71c06d4be2ed9100dd163db7\",\"name\":\"Dzana Muminovic\",\"image\":{\"@type\":\"ImageObject\",\"inLanguage\":\"de\",\"@id\":\"https:\\\/\\\/secure.gravatar.com\\\/avatar\\\/909c5c71aff4b38e88686f2ab2f1ba152571f394f41ed8bae431ea56ced93050?s=96&d=mm&r=g\",\"url\":\"https:\\\/\\\/secure.gravatar.com\\\/avatar\\\/909c5c71aff4b38e88686f2ab2f1ba152571f394f41ed8bae431ea56ced93050?s=96&d=mm&r=g\",\"contentUrl\":\"https:\\\/\\\/secure.gravatar.com\\\/avatar\\\/909c5c71aff4b38e88686f2ab2f1ba152571f394f41ed8bae431ea56ced93050?s=96&d=mm&r=g\",\"caption\":\"Dzana Muminovic\"},\"url\":\"https:\\\/\\\/www.organisator.ch\\\/de\\\/author\\\/dzana-muminovic\\\/\"}]}<\/script>\n<!-- \/ Yoast SEO plugin. -->","yoast_head_json":{"title":"Mit Alixio Group zum f\u00fchrenden HR Dienstleister der Schweiz - Organisator","description":"Von Rundstedt Schweiz stellt sich mit Alixio neu auf und erweitert das Angebot um HR-Consulting, Interim Management und Newplacement.","robots":{"index":"index","follow":"follow","max-snippet":"max-snippet:-1","max-image-preview":"max-image-preview:large","max-video-preview":"max-video-preview:-1"},"canonical":"https:\/\/www.organisator.ch\/de\/management\/2025-03-12\/mit-alixio-group-zum-fuehrenden-hr-dienstleister-der-schweiz\/","og_locale":"de_DE","og_type":"article","og_title":"Mit Alixio Group zum f\u00fchrenden HR Dienstleister der Schweiz","og_description":"Von Rundstedt Schweiz stellt sich mit Alixio neu auf und erweitert das Angebot um HR-Consulting, Interim Management und Newplacement.","og_url":"https:\/\/www.organisator.ch\/de\/management\/2025-03-12\/mit-alixio-group-zum-fuehrenden-hr-dienstleister-der-schweiz\/","og_site_name":"Organisator","article_publisher":"https:\/\/www.facebook.com\/OrganisatorFachmagazin","article_published_time":"2025-03-12T08:21:37+00:00","og_image":[{"width":680,"height":454,"url":"https:\/\/www.organisator.ch\/wp-content\/uploads\/2025\/03\/von-Rundstedt-alixio_Bild_ps.jpg","type":"image\/jpeg"}],"author":"Dzana Muminovic","twitter_card":"summary_large_image","twitter_title":"Mit Alixio Group zum f\u00fchrenden HR Dienstleister der Schweiz","twitter_description":"Von Rundstedt Schweiz stellt sich mit Alixio neu auf und erweitert das Angebot um HR-Consulting, Interim Management und Newplacement.","twitter_image":"https:\/\/www.organisator.ch\/wp-content\/uploads\/2025\/03\/von-Rundstedt-alixio_Bild_ps.jpg","schema":{"@context":"https:\/\/schema.org","@graph":[{"@type":"Article","@id":"https:\/\/www.organisator.ch\/management\/2025-03-12\/mit-alixio-group-zum-fuehrenden-hr-dienstleister-der-schweiz\/#article","isPartOf":{"@id":"https:\/\/www.organisator.ch\/management\/2025-03-12\/mit-alixio-group-zum-fuehrenden-hr-dienstleister-der-schweiz\/"},"author":{"name":"Dzana Muminovic","@id":"https:\/\/www.organisator.ch\/#\/schema\/person\/afccda3a71c06d4be2ed9100dd163db7"},"headline":"Mit Alixio Group zum f\u00fchrenden HR Dienstleister der Schweiz","datePublished":"2025-03-12T08:21:37+00:00","mainEntityOfPage":{"@id":"https:\/\/www.organisator.ch\/management\/2025-03-12\/mit-alixio-group-zum-fuehrenden-hr-dienstleister-der-schweiz\/"},"wordCount":374,"publisher":{"@id":"https:\/\/www.organisator.ch\/#organization"},"image":{"@id":"https:\/\/www.organisator.ch\/management\/2025-03-12\/mit-alixio-group-zum-fuehrenden-hr-dienstleister-der-schweiz\/#primaryimage"},"thumbnailUrl":"https:\/\/www.organisator.ch\/wp-content\/uploads\/2025\/03\/von-Rundstedt-alixio_Bild_ps.jpg","keywords":["HR","Interimmanagement","Partnerschaft","Schweiz","Unternehmen"],"articleSection":["MANAGEMENT"],"inLanguage":"de"},{"@type":"WebPage","@id":"https:\/\/www.organisator.ch\/management\/2025-03-12\/mit-alixio-group-zum-fuehrenden-hr-dienstleister-der-schweiz\/","url":"https:\/\/www.organisator.ch\/management\/2025-03-12\/mit-alixio-group-zum-fuehrenden-hr-dienstleister-der-schweiz\/","name":"Mit Alixio Group zum f\u00fchrenden HR Dienstleister der Schweiz - Organisator","isPartOf":{"@id":"https:\/\/www.organisator.ch\/#website"},"primaryImageOfPage":{"@id":"https:\/\/www.organisator.ch\/management\/2025-03-12\/mit-alixio-group-zum-fuehrenden-hr-dienstleister-der-schweiz\/#primaryimage"},"image":{"@id":"https:\/\/www.organisator.ch\/management\/2025-03-12\/mit-alixio-group-zum-fuehrenden-hr-dienstleister-der-schweiz\/#primaryimage"},"thumbnailUrl":"https:\/\/www.organisator.ch\/wp-content\/uploads\/2025\/03\/von-Rundstedt-alixio_Bild_ps.jpg","datePublished":"2025-03-12T08:21:37+00:00","description":"Von Rundstedt Schweiz stellt sich mit Alixio neu auf und erweitert das Angebot um HR-Consulting, Interim Management und Newplacement.","breadcrumb":{"@id":"https:\/\/www.organisator.ch\/management\/2025-03-12\/mit-alixio-group-zum-fuehrenden-hr-dienstleister-der-schweiz\/#breadcrumb"},"inLanguage":"de","potentialAction":[{"@type":"ReadAction","target":["https:\/\/www.organisator.ch\/management\/2025-03-12\/mit-alixio-group-zum-fuehrenden-hr-dienstleister-der-schweiz\/"]}]},{"@type":"ImageObject","inLanguage":"de","@id":"https:\/\/www.organisator.ch\/management\/2025-03-12\/mit-alixio-group-zum-fuehrenden-hr-dienstleister-der-schweiz\/#primaryimage","url":"https:\/\/www.organisator.ch\/wp-content\/uploads\/2025\/03\/von-Rundstedt-alixio_Bild_ps.jpg","contentUrl":"https:\/\/www.organisator.ch\/wp-content\/uploads\/2025\/03\/von-Rundstedt-alixio_Bild_ps.jpg","width":680,"height":454,"caption":"Von Rundstedt Schweiz stellt sich mit Alixio neu auf und erweitert das Angebot um HR-Consulting, Interim Management und Newplacement. (Bild: www.depositphotos.com)"},{"@type":"BreadcrumbList","@id":"https:\/\/www.organisator.ch\/management\/2025-03-12\/mit-alixio-group-zum-fuehrenden-hr-dienstleister-der-schweiz\/#breadcrumb","itemListElement":[{"@type":"ListItem","position":1,"name":"Home","item":"https:\/\/www.organisator.ch\/"},{"@type":"ListItem","position":2,"name":"Mit Alixio Group zum f\u00fchrenden HR Dienstleister der Schweiz"}]},{"@type":"WebSite","@id":"https:\/\/www.organisator.ch\/#website","url":"https:\/\/www.organisator.ch\/","name":"Organisator","description":"Kompetent. Praxisnah. Der ORGANISATOR bereitet in 10 Ausgaben pro Jahr die wesentlichen Themen f\u00fcr F\u00fchrungskr\u00e4fte von KMU auf.","publisher":{"@id":"https:\/\/www.organisator.ch\/#organization"},"potentialAction":[{"@type":"SearchAction","target":{"@type":"EntryPoint","urlTemplate":"https:\/\/www.organisator.ch\/?s={search_term_string}"},"query-input":{"@type":"PropertyValueSpecification","valueRequired":true,"valueName":"search_term_string"}}],"inLanguage":"de"},{"@type":"Organization","@id":"https:\/\/www.organisator.ch\/#organization","name":"Organisator","url":"https:\/\/www.organisator.ch\/","logo":{"@type":"ImageObject","inLanguage":"de","@id":"https:\/\/www.organisator.ch\/#\/schema\/logo\/image\/","url":"https:\/\/www.organisator.ch\/wp-content\/uploads\/2022\/01\/Logo_Organisator_Website.png","contentUrl":"https:\/\/www.organisator.ch\/wp-content\/uploads\/2022\/01\/Logo_Organisator_Website.png","width":800,"height":77,"caption":"Organisator"},"image":{"@id":"https:\/\/www.organisator.ch\/#\/schema\/logo\/image\/"},"sameAs":["https:\/\/www.facebook.com\/OrganisatorFachmagazin","https:\/\/www.linkedin.com\/showcase\/organisator-das-magazin-fr-kmu","https:\/\/www.xing.com\/news\/pages\/organisator-ch-695","https:\/\/www.youtube.com\/channel\/UCGP2Sq0iWaZwT3BdIAQFYpw"]},{"@type":"Person","@id":"https:\/\/www.organisator.ch\/#\/schema\/person\/afccda3a71c06d4be2ed9100dd163db7","name":"Dzana Muminovic","image":{"@type":"ImageObject","inLanguage":"de","@id":"https:\/\/secure.gravatar.com\/avatar\/909c5c71aff4b38e88686f2ab2f1ba152571f394f41ed8bae431ea56ced93050?s=96&d=mm&r=g","url":"https:\/\/secure.gravatar.com\/avatar\/909c5c71aff4b38e88686f2ab2f1ba152571f394f41ed8bae431ea56ced93050?s=96&d=mm&r=g","contentUrl":"https:\/\/secure.gravatar.com\/avatar\/909c5c71aff4b38e88686f2ab2f1ba152571f394f41ed8bae431ea56ced93050?s=96&d=mm&r=g","caption":"Dzana Muminovic"},"url":"https:\/\/www.organisator.ch\/de\/author\/dzana-muminovic\/"}]}},"_links":{"self":[{"href":"https:\/\/www.organisator.ch\/de\/wp-json\/wp\/v2\/posts\/36795","targetHints":{"allow":["GET"]}}],"collection":[{"href":"https:\/\/www.organisator.ch\/de\/wp-json\/wp\/v2\/posts"}],"about":[{"href":"https:\/\/www.organisator.ch\/de\/wp-json\/wp\/v2\/types\/post"}],"author":[{"embeddable":true,"href":"https:\/\/www.organisator.ch\/de\/wp-json\/wp\/v2\/users\/80"}],"replies":[{"embeddable":true,"href":"https:\/\/www.organisator.ch\/de\/wp-json\/wp\/v2\/comments?post=36795"}],"version-history":[{"count":5,"href":"https:\/\/www.organisator.ch\/de\/wp-json\/wp\/v2\/posts\/36795\/revisions"}],"predecessor-version":[{"id":36881,"href":"https:\/\/www.organisator.ch\/de\/wp-json\/wp\/v2\/posts\/36795\/revisions\/36881"}],"wp:featuredmedia":[{"embeddable":true,"href":"https:\/\/www.organisator.ch\/de\/wp-json\/wp\/v2\/media\/36796"}],"wp:attachment":[{"href":"https:\/\/www.organisator.ch\/de\/wp-json\/wp\/v2\/media?parent=36795"}],"wp:term":[{"taxonomy":"category","embeddable":true,"href":"https:\/\/www.organisator.ch\/de\/wp-json\/wp\/v2\/categories?post=36795"},{"taxonomy":"post_tag","embeddable":true,"href":"https:\/\/www.organisator.ch\/de\/wp-json\/wp\/v2\/tags?post=36795"}],"curies":[{"name":"wp","href":"https:\/\/api.w.org\/{rel}","templated":true}]}}