{"id":36800,"date":"2025-03-12T13:46:33","date_gmt":"2025-03-12T12:46:33","guid":{"rendered":"https:\/\/www.organisator.ch\/?p=36800"},"modified":"2025-03-12T13:46:33","modified_gmt":"2025-03-12T12:46:33","slug":"netzwerken-in-perfektion","status":"publish","type":"post","link":"https:\/\/www.organisator.ch\/de\/human-resources\/2025-03-12\/netzwerken-in-perfektion\/","title":{"rendered":"Netzwerken in Perfektion"},"content":{"rendered":"<figure id=\"attachment_36801\" aria-describedby=\"caption-attachment-36801\" style=\"width: 680px\" class=\"wp-caption alignnone\"><img loading=\"lazy\" decoding=\"async\" class=\"size-full wp-image-36801\" src=\"https:\/\/www.organisator.ch\/wp-content\/uploads\/2025\/03\/Netzwerken_Bild_ps.jpg\" alt=\"\" width=\"680\" height=\"453\" srcset=\"https:\/\/www.organisator.ch\/wp-content\/uploads\/2025\/03\/Netzwerken_Bild_ps.jpg 680w, https:\/\/www.organisator.ch\/wp-content\/uploads\/2025\/03\/Netzwerken_Bild_ps-18x12.jpg 18w, https:\/\/www.organisator.ch\/wp-content\/uploads\/2025\/03\/Netzwerken_Bild_ps-375x250.jpg 375w, https:\/\/www.organisator.ch\/wp-content\/uploads\/2025\/03\/Netzwerken_Bild_ps-525x350.jpg 525w\" sizes=\"auto, (max-width: 680px) 100vw, 680px\" \/><figcaption id=\"caption-attachment-36801\" class=\"wp-caption-text\">Viele f\u00fcrchten sich vor Ablehnung beim Netzwerken. So l\u00e4sst sich die Angst \u00fcberwinden und erfolgreich neue Kontakte kn\u00fcpfen. (Bild: Oliver Schumacher \/ Freepik)<\/figcaption><\/figure>\n<p>Wer kennt es nicht? Man ist auf einer Veranstaltung, egal ob beruflich oder privat \u2013 und unterh\u00e4lt sich nur mit den Menschen, die man zuvor schon kannte. Dabei sind doch genau solche Veranstaltungen wunderbare Gelegenheiten, andere, neue Personen kennenzulernen. Aber allzu oft ist man zu scheu. Man m\u00f6chte nicht aufdringlich wirken. Es k\u00f6nnte ja ein unangenehmes Schweigen entstehen, oder die angesprochene Person irgendwie unangenehm sein. F\u00fcr viele ist es darum einfacher und entspannter, sich weiterhin nur mit denjenigen zu unterhalten, die man eh kennt. Da weiss man wenigstens, woran man ist. Aber wer nicht auch mal fremde Menschen auf Veranstaltungen anspricht, l\u00e4uft Gefahr, unter seinen M\u00f6glichkeiten zu leben. Seien es nun verpasste interessante Themen und Meinungen, oder vielleicht sogar Auftr\u00e4ge und Freunde.<\/p>\n<h3><strong>Die Angst vor Ablehnung<\/strong><\/h3>\n<p>Zugegeben, nach aussen gibt das kaum jemand zu, denn was sollten auch die Freunde oder Kollegen denken, wenn man sagen w\u00fcrde: \u201eIch m\u00f6chte nicht auf die Veranstaltung gehen. Dort kenne ich keinen. Und ich will niemanden ansprechen. Ich habe einfach die Sorge, dass ich st\u00f6re, wenn ich mich zu fremden Leuten dazusetze oder dazustelle.\u201c Sozial anerkannter sind dann eher Argumente, oder besser gesagt Ausreden, wie \u201eZu der Veranstaltung kann ich nicht gehen, da habe ich leider keine Zeit.\u201c<\/p>\n<p>Rein sachlich gesehen, k\u00f6nnte man sagen: \u201eGeh doch einfach mal hin. Wenn du ein paar Leute ansprichst, wirst du bestimmt ein paar Gespr\u00e4che f\u00fchren. Und wenn dich tats\u00e4chlich jemand ablehnt, dann gehst du einfach zu anderen Teilnehmern der Veranstaltung.\u201c Soweit die Logik. Und da das auch so plausibel klingt, stressen sich hier die meisten Menschen, die durchaus gerne netzwerken w\u00fcrden, aber nicht wissen, wie.<\/p>\n<p>Pl\u00f6tzlich schiessen qu\u00e4lende Gedanken durch den Kopf, die oft sehr (selbst-)zerst\u00f6rerisch sind: \u201eWarum bin ich bloss zu bl\u00f6d, einfach mal zu jemandem zu sagen \u201aHallo, was f\u00fchrt Sie hier zur Veranstaltung?\u2018 oder \u201aHallo, ich bin Max Mustermann. Wir beide kennen uns noch nicht. Wie bist du auf die Veranstaltung aufmerksam geworden?\u2018\u201c<\/p>\n<h3><strong>Falsche Erwartungen tr\u00fcgen<\/strong><\/h3>\n<p>Wer die Erwartung bzw. den Anspruch an sich selbst hat, interessante Leute kennenlernen zu m\u00fcssen, muss scheitern. Denn dann wird viel zu viel gedacht und bewertet: \u201eWie sieht der denn aus? Zu dem gehe ich nicht!\u201c, \u201eSo fr\u00fch trinken die Bier? Das k\u00f6nnen ja keine vern\u00fcnftigen Leute sein!\u201c oder \u201eOh, der steht da alleine herum, dann kann der ja nicht wichtig sein!\u201c. Diese Verurteilungen sind fatal \u2013 und lassen jeden Netzwerkgedanken im Keim ersticken.<\/p>\n<p>Beim Netzwerken geht es nicht vorrangig darum, \u201enur\u201c bestimmte Personen anzusprechen, sondern generell Menschen, die man noch nicht kennt \u2013 vorurteilsfrei. Schliesslich soll man ja mit der j\u00fcngst angesprochenen Person nicht den ganzen Abend (oder sein restliches Leben) verbringen, sondern durchaus die Gespr\u00e4chspartner wechseln. Und ja, manchmal springt einfach kein Funke \u00fcber \u2013 daf\u00fcr das andere Mal sofort. Aber das ist normal. Wer allerdings krampfhaft \u00fcbers Netzwerken und Leute ansprechen Kunden sucht oder eine neue Partnerin bzw. Partner, setzt sich selbst viel zu sehr unter Druck. Sicher haben Sie die Erfahrung auch schon gemacht: Menschen, die einem auf einer Veranstaltung gleich etwas verkaufen wollen, wirken auf andere sehr verzweifelt \u2013 und damit unattraktiv.<\/p>\n<h3><strong>Wie man ins Gespr\u00e4ch kommt &#8230;<\/strong><\/h3>\n<p>Eine recht entspannte M\u00f6glichkeit ist, sich kurz im Veranstaltungsraum umzusehen, um sich dann beispielsweise an einem Stehtisch, an dem noch etwas Platz ist, mit den Worten \u201eHallo, ich bin Max Mustermann. Darf ich mich dazustellen?\u201c vorzustellen. In der Regel sind die anderen Personen am Tisch gerade im Gespr\u00e4ch, lassen einen aber gerne in ihren Kreis. Jetzt geht es nicht darum, gleich den ganzen Tisch zu unterhalten, sondern erst einmal zuzuh\u00f6ren. Worum geht es dort gerade? Kann man dazu etwas beisteuern?<\/p>\n<p>Im Idealfall f\u00e4llt man nun nicht dadurch auf, dass man einen langen Monolog bis hin zu einem Vortrag h\u00e4lt. Dies kann aber schnell passieren, wenn man den Anspruch an sich selbst hat, die Anwesenden von sich zu begeistern (\u201eWas k\u00f6nnten denn auch die anderen denken, wenn sie nicht sp\u00fcren, was f\u00fcr eine geniale Person sich jetzt gerade zu ihnen gesellt hat?\u201c). Besser ist es, eine gute Frage zum gerade besprochenen Thema zu stellen, um Interesse zu bekunden und das eigene Wissensspektrum im Idealfall zu erweitern.<\/p>\n<p>Genau das ist sehr entscheidend: Fragen zu stellen, um andere Leute noch besser zu verstehen. Nicht ungefragte Monologe halten. Es entsteht schnell Sympathie, wenn man merkt, dass sich ein anderer f\u00fcr die eigenen Erfahrungen und Meinungen wirklich ernsthaft interessiert.<\/p>\n<p>Wer mit dem Thema am Tisch gerade \u00fcberhaupt nichts anfangen kann, der sollte lieber von sich aus dazu gar nichts fragen oder sagen, sondern sich vielleicht ein paar Minuten sp\u00e4ter einbringen, wenn das Thema f\u00fcr ihn besser passt bzw. interessanter ist. Oder, wenn etwas abgeschlossen ist, ein anderes Thema einbringen, beispielsweise \u201eUnd was fanden Sie besonders gut an dem Vortrag des Gastredners auf der B\u00fchne, den wir vorhin im Saal geh\u00f6rt haben?\u201c<\/p>\n<h3><strong>Und wann kommt das Gesch\u00e4ft?<\/strong><\/h3>\n<p>\u201eUnd, was machen Sie so?\u201c ist beim Erstkontakt eine durchaus \u00fcbliche Frage. Hier gilt es aber die Balance zwischen Aufdringlichkeit und Gleichg\u00fcltigkeit zu wahren. Ist der eine Gespr\u00e4chspartner zu sehr auf Verkaufsmodus gestellt, w\u00e4hrend der Andere \u00fcberhaupt nicht in Kaufmodus ist, dann wird es schnell peinlich.<\/p>\n<p>Bew\u00e4hrt hat sich der Wechsel zum vertiefenden gesch\u00e4ftlichen Thema im Nachhinein. Man k\u00f6nnte die Person beispielsweise \u00fcber LinkedIn adden und ein paar Tage nach der Kontaktannahme anrufen \u201eSch\u00f6n, dass wir uns k\u00fcrzlich in Berlin auf der Veranstaltung unterhalten haben. Ich habe nun gesehen, dass Sie ja A und B machen. Ich dachte, ich greife mal kurz zum Telefon, denn ich habe da eine wertvolle Erg\u00e4nzung. K\u00f6nnen wir dazu kurz sprechen?\u201c<\/p>\n<h3><strong>Netzwerken in Perfektion<\/strong><\/h3>\n<p>Wer richtig netzwerken m\u00f6chte, der geht nicht nur mit fremden Menschen ins Gespr\u00e4ch, um ihnen letztlich etwas zu verkaufen, sondern um diesen generell bedingungslos weiterzuhelfen \u2013 also ohne Hintergedanken. Kurz: Man unterst\u00fctzt die Person, indem man ihr Kontakte, Tipps oder Empfehlungen gibt, wenn man den Eindruck hat, dass diese Anregungen einen Gewinn f\u00fcr sie w\u00e4ren. Dadurch st\u00e4rkt man mittelfristig seine eigene Reputation, auch wenn nicht jede Person, der man weitergeholfen hat, sich direkt revanchieren wird \u2013 und kann. Unterm Strich wird man dadurch aber in jedem Fall ein noch attraktiverer Gespr\u00e4chs- und Ansprechpartner, weil sich zunehmend herumspricht, ein Mensch zu sein, der L\u00f6sungen und Wege sieht, viele Kontakte hat und andere vorurteilsfrei und ohne Erwartung einer Gegenleistung unterst\u00fctzt.<\/p>\n<h3><strong>Autor:<\/strong><\/h3>\n<p><a href=\"https:\/\/oliver-schumacher.de\/\">Oliver Schumacher<\/a>, Verkaufstrainer seit 2009, Netzwerk-Profi und Personenmarke, setzt auf sympathische, fundierte Art neue Akzente im Bereich Wissenstransfer, Lernkultur und pers\u00f6nliche Positionierung. Unter dem Motto \u201eSei echt\u201c zeigt er auf, wie jeder zur Nr. 1 werden kann \u2013 ob Selbst\u00e4ndiger, F\u00fchrungskraft oder Mitarbeiter. Wachstumstreiber sind f\u00fcr ihn vor allem Neugier und Mut, Disziplin und (Selbst-)Vertrauen.<\/p>\n","protected":false},"excerpt":{"rendered":"<p>Der gr\u00f6sste Stressor bei der Ansprache fremder Menschen ist die Angst vor Ablehnung. Der Gedanke &#8222;Was denken die anderen?\u201c steckt in sehr vielen Menschen derartig fest, dass sie sich nicht trauen, andere anzusprechen. Aber ohne diesen Schritt ist kein Netzwerken m\u00f6glich.<\/p>\n","protected":false},"author":80,"featured_media":36801,"comment_status":"closed","ping_status":"closed","sticky":false,"template":"","format":"standard","meta":{"_acf_changed":false,"_yoast_wpseo_focuskw":"Netzwerken","_yoast_wpseo_metadesc":"Viele f\u00fcrchten sich vor Ablehnung beim Netzwerken. So l\u00e4sst sich die Angst \u00fcberwinden und erfolgreich neue Kontakte kn\u00fcpfen.","articlekey":"","footnotes":""},"categories":[579],"tags":[5169,709,3824,1824,2434],"class_list":["post-36800","post","type-post","status-publish","format-standard","has-post-thumbnail","hentry","category-human-resources","tag-ablehnung","tag-angst","tag-networking","tag-netzwerk","tag-veranstaltung"],"acf":[],"yoast_head":"<!-- This site is optimized with the Yoast SEO plugin v27.5 - https:\/\/yoast.com\/product\/yoast-seo-wordpress\/ -->\n<title>Netzwerken in Perfektion - Organisator<\/title>\n<meta name=\"description\" content=\"Viele f\u00fcrchten sich vor Ablehnung beim Netzwerken. So l\u00e4sst sich die Angst \u00fcberwinden und erfolgreich neue Kontakte kn\u00fcpfen.\" \/>\n<meta name=\"robots\" content=\"index, follow, max-snippet:-1, max-image-preview:large, max-video-preview:-1\" \/>\n<link rel=\"canonical\" href=\"https:\/\/www.organisator.ch\/de\/human-resources\/2025-03-12\/netzwerken-in-perfektion\/\" \/>\n<meta property=\"og:locale\" content=\"de_DE\" \/>\n<meta property=\"og:type\" content=\"article\" \/>\n<meta property=\"og:title\" content=\"Netzwerken in Perfektion\" \/>\n<meta property=\"og:description\" content=\"Viele f\u00fcrchten sich vor Ablehnung beim Netzwerken. So l\u00e4sst sich die Angst \u00fcberwinden und erfolgreich neue Kontakte kn\u00fcpfen.\" \/>\n<meta property=\"og:url\" content=\"https:\/\/www.organisator.ch\/de\/human-resources\/2025-03-12\/netzwerken-in-perfektion\/\" \/>\n<meta property=\"og:site_name\" content=\"Organisator\" \/>\n<meta property=\"article:publisher\" content=\"https:\/\/www.facebook.com\/OrganisatorFachmagazin\" \/>\n<meta property=\"article:published_time\" content=\"2025-03-12T12:46:33+00:00\" \/>\n<meta property=\"og:image\" content=\"https:\/\/www.organisator.ch\/wp-content\/uploads\/2025\/03\/Netzwerken_Bild_ps.jpg\" \/>\n\t<meta property=\"og:image:width\" content=\"680\" \/>\n\t<meta property=\"og:image:height\" content=\"453\" \/>\n\t<meta property=\"og:image:type\" content=\"image\/jpeg\" \/>\n<meta name=\"author\" content=\"Dzana Muminovic\" \/>\n<meta name=\"twitter:card\" content=\"summary_large_image\" \/>\n<meta name=\"twitter:title\" content=\"Netzwerken in Perfektion\" \/>\n<meta name=\"twitter:description\" content=\"Viele f\u00fcrchten sich vor #Ablehnung beim #Netzwerken. So l\u00e4sst sich die #Angst \u00fcberwinden und erfolgreich neue #Kontakte kn\u00fcpfen.\" \/>\n<meta name=\"twitter:image\" content=\"https:\/\/www.organisator.ch\/wp-content\/uploads\/2025\/03\/Netzwerken_Bild_ps.jpg\" \/>\n<script type=\"application\/ld+json\" class=\"yoast-schema-graph\">{\"@context\":\"https:\\\/\\\/schema.org\",\"@graph\":[{\"@type\":\"Article\",\"@id\":\"https:\\\/\\\/www.organisator.ch\\\/human-resources\\\/2025-03-12\\\/netzwerken-in-perfektion\\\/#article\",\"isPartOf\":{\"@id\":\"https:\\\/\\\/www.organisator.ch\\\/human-resources\\\/2025-03-12\\\/netzwerken-in-perfektion\\\/\"},\"author\":{\"name\":\"Dzana Muminovic\",\"@id\":\"https:\\\/\\\/www.organisator.ch\\\/#\\\/schema\\\/person\\\/afccda3a71c06d4be2ed9100dd163db7\"},\"headline\":\"Netzwerken in Perfektion\",\"datePublished\":\"2025-03-12T12:46:33+00:00\",\"mainEntityOfPage\":{\"@id\":\"https:\\\/\\\/www.organisator.ch\\\/human-resources\\\/2025-03-12\\\/netzwerken-in-perfektion\\\/\"},\"wordCount\":1181,\"publisher\":{\"@id\":\"https:\\\/\\\/www.organisator.ch\\\/#organization\"},\"image\":{\"@id\":\"https:\\\/\\\/www.organisator.ch\\\/human-resources\\\/2025-03-12\\\/netzwerken-in-perfektion\\\/#primaryimage\"},\"thumbnailUrl\":\"https:\\\/\\\/www.organisator.ch\\\/wp-content\\\/uploads\\\/2025\\\/03\\\/Netzwerken_Bild_ps.jpg\",\"keywords\":[\"Ablehnung\",\"Angst\",\"Networking\",\"Netzwerk\",\"Veranstaltung\"],\"articleSection\":[\"HUMAN RESOURCES\"],\"inLanguage\":\"de\"},{\"@type\":\"WebPage\",\"@id\":\"https:\\\/\\\/www.organisator.ch\\\/human-resources\\\/2025-03-12\\\/netzwerken-in-perfektion\\\/\",\"url\":\"https:\\\/\\\/www.organisator.ch\\\/human-resources\\\/2025-03-12\\\/netzwerken-in-perfektion\\\/\",\"name\":\"Netzwerken in Perfektion - Organisator\",\"isPartOf\":{\"@id\":\"https:\\\/\\\/www.organisator.ch\\\/#website\"},\"primaryImageOfPage\":{\"@id\":\"https:\\\/\\\/www.organisator.ch\\\/human-resources\\\/2025-03-12\\\/netzwerken-in-perfektion\\\/#primaryimage\"},\"image\":{\"@id\":\"https:\\\/\\\/www.organisator.ch\\\/human-resources\\\/2025-03-12\\\/netzwerken-in-perfektion\\\/#primaryimage\"},\"thumbnailUrl\":\"https:\\\/\\\/www.organisator.ch\\\/wp-content\\\/uploads\\\/2025\\\/03\\\/Netzwerken_Bild_ps.jpg\",\"datePublished\":\"2025-03-12T12:46:33+00:00\",\"description\":\"Viele f\u00fcrchten sich vor Ablehnung beim Netzwerken. So l\u00e4sst sich die Angst \u00fcberwinden und erfolgreich neue Kontakte kn\u00fcpfen.\",\"breadcrumb\":{\"@id\":\"https:\\\/\\\/www.organisator.ch\\\/human-resources\\\/2025-03-12\\\/netzwerken-in-perfektion\\\/#breadcrumb\"},\"inLanguage\":\"de\",\"potentialAction\":[{\"@type\":\"ReadAction\",\"target\":[\"https:\\\/\\\/www.organisator.ch\\\/human-resources\\\/2025-03-12\\\/netzwerken-in-perfektion\\\/\"]}]},{\"@type\":\"ImageObject\",\"inLanguage\":\"de\",\"@id\":\"https:\\\/\\\/www.organisator.ch\\\/human-resources\\\/2025-03-12\\\/netzwerken-in-perfektion\\\/#primaryimage\",\"url\":\"https:\\\/\\\/www.organisator.ch\\\/wp-content\\\/uploads\\\/2025\\\/03\\\/Netzwerken_Bild_ps.jpg\",\"contentUrl\":\"https:\\\/\\\/www.organisator.ch\\\/wp-content\\\/uploads\\\/2025\\\/03\\\/Netzwerken_Bild_ps.jpg\",\"width\":680,\"height\":453,\"caption\":\"Viele f\u00fcrchten sich vor Ablehnung beim Netzwerken. So l\u00e4sst sich die Angst \u00fcberwinden und erfolgreich neue Kontakte kn\u00fcpfen. (Bild: Oliver Schumacher \\\/ Freepik)\"},{\"@type\":\"BreadcrumbList\",\"@id\":\"https:\\\/\\\/www.organisator.ch\\\/human-resources\\\/2025-03-12\\\/netzwerken-in-perfektion\\\/#breadcrumb\",\"itemListElement\":[{\"@type\":\"ListItem\",\"position\":1,\"name\":\"Home\",\"item\":\"https:\\\/\\\/www.organisator.ch\\\/\"},{\"@type\":\"ListItem\",\"position\":2,\"name\":\"Netzwerken in Perfektion\"}]},{\"@type\":\"WebSite\",\"@id\":\"https:\\\/\\\/www.organisator.ch\\\/#website\",\"url\":\"https:\\\/\\\/www.organisator.ch\\\/\",\"name\":\"Organisator\",\"description\":\"Kompetent. Praxisnah. Der ORGANISATOR bereitet in 10 Ausgaben pro Jahr die wesentlichen Themen f\u00fcr F\u00fchrungskr\u00e4fte von KMU auf.\",\"publisher\":{\"@id\":\"https:\\\/\\\/www.organisator.ch\\\/#organization\"},\"potentialAction\":[{\"@type\":\"SearchAction\",\"target\":{\"@type\":\"EntryPoint\",\"urlTemplate\":\"https:\\\/\\\/www.organisator.ch\\\/?s={search_term_string}\"},\"query-input\":{\"@type\":\"PropertyValueSpecification\",\"valueRequired\":true,\"valueName\":\"search_term_string\"}}],\"inLanguage\":\"de\"},{\"@type\":\"Organization\",\"@id\":\"https:\\\/\\\/www.organisator.ch\\\/#organization\",\"name\":\"Organisator\",\"url\":\"https:\\\/\\\/www.organisator.ch\\\/\",\"logo\":{\"@type\":\"ImageObject\",\"inLanguage\":\"de\",\"@id\":\"https:\\\/\\\/www.organisator.ch\\\/#\\\/schema\\\/logo\\\/image\\\/\",\"url\":\"https:\\\/\\\/www.organisator.ch\\\/wp-content\\\/uploads\\\/2022\\\/01\\\/Logo_Organisator_Website.png\",\"contentUrl\":\"https:\\\/\\\/www.organisator.ch\\\/wp-content\\\/uploads\\\/2022\\\/01\\\/Logo_Organisator_Website.png\",\"width\":800,\"height\":77,\"caption\":\"Organisator\"},\"image\":{\"@id\":\"https:\\\/\\\/www.organisator.ch\\\/#\\\/schema\\\/logo\\\/image\\\/\"},\"sameAs\":[\"https:\\\/\\\/www.facebook.com\\\/OrganisatorFachmagazin\",\"https:\\\/\\\/www.linkedin.com\\\/showcase\\\/organisator-das-magazin-fr-kmu\",\"https:\\\/\\\/www.xing.com\\\/news\\\/pages\\\/organisator-ch-695\",\"https:\\\/\\\/www.youtube.com\\\/channel\\\/UCGP2Sq0iWaZwT3BdIAQFYpw\"]},{\"@type\":\"Person\",\"@id\":\"https:\\\/\\\/www.organisator.ch\\\/#\\\/schema\\\/person\\\/afccda3a71c06d4be2ed9100dd163db7\",\"name\":\"Dzana Muminovic\",\"image\":{\"@type\":\"ImageObject\",\"inLanguage\":\"de\",\"@id\":\"https:\\\/\\\/secure.gravatar.com\\\/avatar\\\/909c5c71aff4b38e88686f2ab2f1ba152571f394f41ed8bae431ea56ced93050?s=96&d=mm&r=g\",\"url\":\"https:\\\/\\\/secure.gravatar.com\\\/avatar\\\/909c5c71aff4b38e88686f2ab2f1ba152571f394f41ed8bae431ea56ced93050?s=96&d=mm&r=g\",\"contentUrl\":\"https:\\\/\\\/secure.gravatar.com\\\/avatar\\\/909c5c71aff4b38e88686f2ab2f1ba152571f394f41ed8bae431ea56ced93050?s=96&d=mm&r=g\",\"caption\":\"Dzana Muminovic\"},\"url\":\"https:\\\/\\\/www.organisator.ch\\\/de\\\/author\\\/dzana-muminovic\\\/\"}]}<\/script>\n<!-- \/ Yoast SEO plugin. -->","yoast_head_json":{"title":"Netzwerken in Perfektion - Organisator","description":"Viele f\u00fcrchten sich vor Ablehnung beim Netzwerken. So l\u00e4sst sich die Angst \u00fcberwinden und erfolgreich neue Kontakte kn\u00fcpfen.","robots":{"index":"index","follow":"follow","max-snippet":"max-snippet:-1","max-image-preview":"max-image-preview:large","max-video-preview":"max-video-preview:-1"},"canonical":"https:\/\/www.organisator.ch\/de\/human-resources\/2025-03-12\/netzwerken-in-perfektion\/","og_locale":"de_DE","og_type":"article","og_title":"Netzwerken in Perfektion","og_description":"Viele f\u00fcrchten sich vor Ablehnung beim Netzwerken. So l\u00e4sst sich die Angst \u00fcberwinden und erfolgreich neue Kontakte kn\u00fcpfen.","og_url":"https:\/\/www.organisator.ch\/de\/human-resources\/2025-03-12\/netzwerken-in-perfektion\/","og_site_name":"Organisator","article_publisher":"https:\/\/www.facebook.com\/OrganisatorFachmagazin","article_published_time":"2025-03-12T12:46:33+00:00","og_image":[{"width":680,"height":453,"url":"https:\/\/www.organisator.ch\/wp-content\/uploads\/2025\/03\/Netzwerken_Bild_ps.jpg","type":"image\/jpeg"}],"author":"Dzana Muminovic","twitter_card":"summary_large_image","twitter_title":"Netzwerken in Perfektion","twitter_description":"Viele f\u00fcrchten sich vor #Ablehnung beim #Netzwerken. So l\u00e4sst sich die #Angst \u00fcberwinden und erfolgreich neue #Kontakte kn\u00fcpfen.","twitter_image":"https:\/\/www.organisator.ch\/wp-content\/uploads\/2025\/03\/Netzwerken_Bild_ps.jpg","schema":{"@context":"https:\/\/schema.org","@graph":[{"@type":"Article","@id":"https:\/\/www.organisator.ch\/human-resources\/2025-03-12\/netzwerken-in-perfektion\/#article","isPartOf":{"@id":"https:\/\/www.organisator.ch\/human-resources\/2025-03-12\/netzwerken-in-perfektion\/"},"author":{"name":"Dzana Muminovic","@id":"https:\/\/www.organisator.ch\/#\/schema\/person\/afccda3a71c06d4be2ed9100dd163db7"},"headline":"Netzwerken in Perfektion","datePublished":"2025-03-12T12:46:33+00:00","mainEntityOfPage":{"@id":"https:\/\/www.organisator.ch\/human-resources\/2025-03-12\/netzwerken-in-perfektion\/"},"wordCount":1181,"publisher":{"@id":"https:\/\/www.organisator.ch\/#organization"},"image":{"@id":"https:\/\/www.organisator.ch\/human-resources\/2025-03-12\/netzwerken-in-perfektion\/#primaryimage"},"thumbnailUrl":"https:\/\/www.organisator.ch\/wp-content\/uploads\/2025\/03\/Netzwerken_Bild_ps.jpg","keywords":["Ablehnung","Angst","Networking","Netzwerk","Veranstaltung"],"articleSection":["HUMAN RESOURCES"],"inLanguage":"de"},{"@type":"WebPage","@id":"https:\/\/www.organisator.ch\/human-resources\/2025-03-12\/netzwerken-in-perfektion\/","url":"https:\/\/www.organisator.ch\/human-resources\/2025-03-12\/netzwerken-in-perfektion\/","name":"Netzwerken in Perfektion - Organisator","isPartOf":{"@id":"https:\/\/www.organisator.ch\/#website"},"primaryImageOfPage":{"@id":"https:\/\/www.organisator.ch\/human-resources\/2025-03-12\/netzwerken-in-perfektion\/#primaryimage"},"image":{"@id":"https:\/\/www.organisator.ch\/human-resources\/2025-03-12\/netzwerken-in-perfektion\/#primaryimage"},"thumbnailUrl":"https:\/\/www.organisator.ch\/wp-content\/uploads\/2025\/03\/Netzwerken_Bild_ps.jpg","datePublished":"2025-03-12T12:46:33+00:00","description":"Viele f\u00fcrchten sich vor Ablehnung beim Netzwerken. So l\u00e4sst sich die Angst \u00fcberwinden und erfolgreich neue Kontakte kn\u00fcpfen.","breadcrumb":{"@id":"https:\/\/www.organisator.ch\/human-resources\/2025-03-12\/netzwerken-in-perfektion\/#breadcrumb"},"inLanguage":"de","potentialAction":[{"@type":"ReadAction","target":["https:\/\/www.organisator.ch\/human-resources\/2025-03-12\/netzwerken-in-perfektion\/"]}]},{"@type":"ImageObject","inLanguage":"de","@id":"https:\/\/www.organisator.ch\/human-resources\/2025-03-12\/netzwerken-in-perfektion\/#primaryimage","url":"https:\/\/www.organisator.ch\/wp-content\/uploads\/2025\/03\/Netzwerken_Bild_ps.jpg","contentUrl":"https:\/\/www.organisator.ch\/wp-content\/uploads\/2025\/03\/Netzwerken_Bild_ps.jpg","width":680,"height":453,"caption":"Viele f\u00fcrchten sich vor Ablehnung beim Netzwerken. So l\u00e4sst sich die Angst \u00fcberwinden und erfolgreich neue Kontakte kn\u00fcpfen. (Bild: Oliver Schumacher \/ Freepik)"},{"@type":"BreadcrumbList","@id":"https:\/\/www.organisator.ch\/human-resources\/2025-03-12\/netzwerken-in-perfektion\/#breadcrumb","itemListElement":[{"@type":"ListItem","position":1,"name":"Home","item":"https:\/\/www.organisator.ch\/"},{"@type":"ListItem","position":2,"name":"Netzwerken in Perfektion"}]},{"@type":"WebSite","@id":"https:\/\/www.organisator.ch\/#website","url":"https:\/\/www.organisator.ch\/","name":"Organisator","description":"Kompetent. Praxisnah. Der ORGANISATOR bereitet in 10 Ausgaben pro Jahr die wesentlichen Themen f\u00fcr F\u00fchrungskr\u00e4fte von KMU auf.","publisher":{"@id":"https:\/\/www.organisator.ch\/#organization"},"potentialAction":[{"@type":"SearchAction","target":{"@type":"EntryPoint","urlTemplate":"https:\/\/www.organisator.ch\/?s={search_term_string}"},"query-input":{"@type":"PropertyValueSpecification","valueRequired":true,"valueName":"search_term_string"}}],"inLanguage":"de"},{"@type":"Organization","@id":"https:\/\/www.organisator.ch\/#organization","name":"Organisator","url":"https:\/\/www.organisator.ch\/","logo":{"@type":"ImageObject","inLanguage":"de","@id":"https:\/\/www.organisator.ch\/#\/schema\/logo\/image\/","url":"https:\/\/www.organisator.ch\/wp-content\/uploads\/2022\/01\/Logo_Organisator_Website.png","contentUrl":"https:\/\/www.organisator.ch\/wp-content\/uploads\/2022\/01\/Logo_Organisator_Website.png","width":800,"height":77,"caption":"Organisator"},"image":{"@id":"https:\/\/www.organisator.ch\/#\/schema\/logo\/image\/"},"sameAs":["https:\/\/www.facebook.com\/OrganisatorFachmagazin","https:\/\/www.linkedin.com\/showcase\/organisator-das-magazin-fr-kmu","https:\/\/www.xing.com\/news\/pages\/organisator-ch-695","https:\/\/www.youtube.com\/channel\/UCGP2Sq0iWaZwT3BdIAQFYpw"]},{"@type":"Person","@id":"https:\/\/www.organisator.ch\/#\/schema\/person\/afccda3a71c06d4be2ed9100dd163db7","name":"Dzana Muminovic","image":{"@type":"ImageObject","inLanguage":"de","@id":"https:\/\/secure.gravatar.com\/avatar\/909c5c71aff4b38e88686f2ab2f1ba152571f394f41ed8bae431ea56ced93050?s=96&d=mm&r=g","url":"https:\/\/secure.gravatar.com\/avatar\/909c5c71aff4b38e88686f2ab2f1ba152571f394f41ed8bae431ea56ced93050?s=96&d=mm&r=g","contentUrl":"https:\/\/secure.gravatar.com\/avatar\/909c5c71aff4b38e88686f2ab2f1ba152571f394f41ed8bae431ea56ced93050?s=96&d=mm&r=g","caption":"Dzana Muminovic"},"url":"https:\/\/www.organisator.ch\/de\/author\/dzana-muminovic\/"}]}},"_links":{"self":[{"href":"https:\/\/www.organisator.ch\/de\/wp-json\/wp\/v2\/posts\/36800","targetHints":{"allow":["GET"]}}],"collection":[{"href":"https:\/\/www.organisator.ch\/de\/wp-json\/wp\/v2\/posts"}],"about":[{"href":"https:\/\/www.organisator.ch\/de\/wp-json\/wp\/v2\/types\/post"}],"author":[{"embeddable":true,"href":"https:\/\/www.organisator.ch\/de\/wp-json\/wp\/v2\/users\/80"}],"replies":[{"embeddable":true,"href":"https:\/\/www.organisator.ch\/de\/wp-json\/wp\/v2\/comments?post=36800"}],"version-history":[{"count":4,"href":"https:\/\/www.organisator.ch\/de\/wp-json\/wp\/v2\/posts\/36800\/revisions"}],"predecessor-version":[{"id":36880,"href":"https:\/\/www.organisator.ch\/de\/wp-json\/wp\/v2\/posts\/36800\/revisions\/36880"}],"wp:featuredmedia":[{"embeddable":true,"href":"https:\/\/www.organisator.ch\/de\/wp-json\/wp\/v2\/media\/36801"}],"wp:attachment":[{"href":"https:\/\/www.organisator.ch\/de\/wp-json\/wp\/v2\/media?parent=36800"}],"wp:term":[{"taxonomy":"category","embeddable":true,"href":"https:\/\/www.organisator.ch\/de\/wp-json\/wp\/v2\/categories?post=36800"},{"taxonomy":"post_tag","embeddable":true,"href":"https:\/\/www.organisator.ch\/de\/wp-json\/wp\/v2\/tags?post=36800"}],"curies":[{"name":"wp","href":"https:\/\/api.w.org\/{rel}","templated":true}]}}