{"id":36839,"date":"2025-03-13T08:30:32","date_gmt":"2025-03-13T07:30:32","guid":{"rendered":"https:\/\/www.markt-kom.com\/?p=231770"},"modified":"2025-03-13T07:48:50","modified_gmt":"2025-03-13T06:48:50","slug":"tudor-pro-cycling-team-gewinnt-6-sponsoring-excellence-award","status":"publish","type":"post","link":"https:\/\/www.organisator.ch\/de\/marketing\/2025-03-13\/tudor-pro-cycling-team-gewinnt-6-sponsoring-excellence-award\/","title":{"rendered":"Tudor Pro Cycling Team gewinnt 6. Sponsoring Excellence Award"},"content":{"rendered":"<figure id=\"attachment_231797\" class=\"wp-caption aligncenter\" style=\"width: 1200px;\" aria-describedby=\"caption-attachment-231797\"><a href=\"https:\/\/www.markt-kom.com\/wp-content\/uploads\/2025\/03\/Sponsoring-Excellence-Award-muk-1.jpg\"><img class=\"size-full wp-image-231797\" src=\"https:\/\/www.markt-kom.com\/wp-content\/uploads\/2025\/03\/Sponsoring-Excellence-Award-muk-1.jpg\" sizes=\"(max-width: 1200px) 100vw, 1200px\" srcset=\"https:\/\/www.markt-kom.com\/wp-content\/uploads\/2025\/03\/Sponsoring-Excellence-Award-muk-1.jpg 1200w, https:\/\/www.markt-kom.com\/wp-content\/uploads\/2025\/03\/Sponsoring-Excellence-Award-muk-1-600x450.jpg 600w, https:\/\/www.markt-kom.com\/wp-content\/uploads\/2025\/03\/Sponsoring-Excellence-Award-muk-1-1024x768.jpg 1024w, https:\/\/www.markt-kom.com\/wp-content\/uploads\/2025\/03\/Sponsoring-Excellence-Award-muk-1-768x576.jpg 768w, https:\/\/www.markt-kom.com\/wp-content\/uploads\/2025\/03\/Sponsoring-Excellence-Award-muk-1-16x12.jpg 16w, https:\/\/www.markt-kom.com\/wp-content\/uploads\/2025\/03\/Sponsoring-Excellence-Award-muk-1-233x175.jpg 233w, https:\/\/www.markt-kom.com\/wp-content\/uploads\/2025\/03\/Sponsoring-Excellence-Award-muk-1-467x350.jpg 467w, https:\/\/www.markt-kom.com\/wp-content\/uploads\/2025\/03\/Sponsoring-Excellence-Award-muk-1-1000x750.jpg 1000w\" alt=\"\" width=\"1200\" height=\"900\" \/><\/a>\r\n<figcaption id=\"caption-attachment-231797\" class=\"wp-caption-text\">Die Gewinnerteams am Mittwochabend. (Bild: m&amp;k\/Anna Kohler)<\/figcaption>\r\n<\/figure>\r\n<p>Das \u00abTudor Pro Cycling Team\u00bb wurde 2022 vom zweifachen Olympiasieger Fabian Cancellara ins Leben gerufen. Seit dem Sprung in die Profikategorie des Weltradsports 2023 konnte das Team bereits einige Erfolge feiern. 2025 greift der Schweizer Rennstall weiter an und hat nun mit Marc Hirschi und Julian Alaphilippe zwei potenzielle Siegfahrer im Team, die bereits grosse Rennen gewonnen haben. Dies ist in erster Linie dank dem Sponsoring der Genfer Uhrenmarke Tudor m\u00f6glich, f\u00fcr welche das Team ein Leuchtturmprojekt ihrer umfassenden Marketing-Initiativen im Radsport darstellt.<\/p>\r\n<p><a href=\"https:\/\/www.markt-kom.com\/wp-content\/uploads\/2025\/03\/SEA-tudorprocycling_.jpg\"><img class=\"aligncenter size-full wp-image-231777\" src=\"https:\/\/www.markt-kom.com\/wp-content\/uploads\/2025\/03\/SEA-tudorprocycling_.jpg\" sizes=\"(max-width: 1024px) 100vw, 1024px\" srcset=\"https:\/\/www.markt-kom.com\/wp-content\/uploads\/2025\/03\/SEA-tudorprocycling_.jpg 1024w, https:\/\/www.markt-kom.com\/wp-content\/uploads\/2025\/03\/SEA-tudorprocycling_-600x400.jpg 600w, https:\/\/www.markt-kom.com\/wp-content\/uploads\/2025\/03\/SEA-tudorprocycling_-768x512.jpg 768w, https:\/\/www.markt-kom.com\/wp-content\/uploads\/2025\/03\/SEA-tudorprocycling_-18x12.jpg 18w, https:\/\/www.markt-kom.com\/wp-content\/uploads\/2025\/03\/SEA-tudorprocycling_-262x175.jpg 262w, https:\/\/www.markt-kom.com\/wp-content\/uploads\/2025\/03\/SEA-tudorprocycling_-525x350.jpg 525w, https:\/\/www.markt-kom.com\/wp-content\/uploads\/2025\/03\/SEA-tudorprocycling_-1000x667.jpg 1000w\" alt=\"\" width=\"1024\" height=\"683\" \/><\/a><\/p>\r\n<p>\u00abTudor Pro Cycling Team\u00bb hat sich zum Ziel gesetzt, eines der weltbesten Radteams zu werden und in der Schweiz die Begeisterung f\u00fcr den Radsport zu wecken. Der Weg an die Weltspitze wird dabei mit einer klaren Wertestruktur beschritten werden. \u00abSwiss. Human. Performance.\u00bb stellt dabei das Ger\u00fcst, mit dem das Schweizer Team den Menschen in den Mittelpunkt des Handelns stellt und Innovation in allen Bereichen vorantreibt.<\/p>\r\n<p>Jury-Pr\u00e4sident Oliver Niedermann ehrt den Sieger mit den Worten: \u00abDas \u2039Tudor Pro Cycling Team\u203a hat die Jury absolut \u00fcberzeugt. Durch die gemeinsame Vision und das umfassende Engagement des Sponsors Tudor vom Start des Projekts bis an die Weltspitze, konnte ein nachhaltig erfolgreiches Unternehmen in der Schweiz aufgebaut werden.\u00bb<\/p>\r\n<h2>Drei Sonderpreise verliehen<\/h2>\r\n<p>Die siebenk\u00f6pfige, unabh\u00e4ngige Jury durchleuchtete alle eingegebenen Projekte intensiv und legte dabei ein besonderes Augenmerk auf die Kriterien Innovation, Relevanz, Kreativit\u00e4t und Wirkung. Die hohen Bewertungen f\u00fchrten zur Vergabe von drei Sonderpreisen an \u00abPink Cube Test Your Breast\u00bb, das \u00abEVZ Women &amp; Girls Programm\u00bb und \u00abThe Flipcode Mystery\u00bb.<\/p>\r\n<h3>Sonderpreis Responsibility f\u00fcr \u00abPink Cube Test your Breast\u00bb<\/h3>\r\n<p>Der Pink Cube bringt Aufkl\u00e4rung \u00fcber Brustkrebs dorthin, wo sich Frauen und M\u00e4nner jeden Alters aufhalten. Gyn\u00e4kolog:innen zeigen ihnen auf, wie sie ihre Brust selbst untersuchen k\u00f6nnen und welche Fr\u00fcherkennungsmassnahmen f\u00fcr sie wichtig sind. Mit seinem auff\u00e4lligen pinkfarbenen Design und der Aufschrift \u00abTest Your Breast\u00bb zieht der Container die Aufmerksamkeit auf sich und macht ein wichtiges Thema leichter zug\u00e4nglich.<\/p>\r\n<p><a href=\"https:\/\/www.markt-kom.com\/wp-content\/uploads\/2025\/03\/SEA-PINK_CUBE_.jpg\"><img class=\"aligncenter size-full wp-image-231774\" src=\"https:\/\/www.markt-kom.com\/wp-content\/uploads\/2025\/03\/SEA-PINK_CUBE_.jpg\" sizes=\"(max-width: 1200px) 100vw, 1200px\" srcset=\"https:\/\/www.markt-kom.com\/wp-content\/uploads\/2025\/03\/SEA-PINK_CUBE_.jpg 1200w, https:\/\/www.markt-kom.com\/wp-content\/uploads\/2025\/03\/SEA-PINK_CUBE_-600x336.jpg 600w, https:\/\/www.markt-kom.com\/wp-content\/uploads\/2025\/03\/SEA-PINK_CUBE_-1024x573.jpg 1024w, https:\/\/www.markt-kom.com\/wp-content\/uploads\/2025\/03\/SEA-PINK_CUBE_-768x430.jpg 768w, https:\/\/www.markt-kom.com\/wp-content\/uploads\/2025\/03\/SEA-PINK_CUBE_-18x10.jpg 18w, https:\/\/www.markt-kom.com\/wp-content\/uploads\/2025\/03\/SEA-PINK_CUBE_-313x175.jpg 313w, https:\/\/www.markt-kom.com\/wp-content\/uploads\/2025\/03\/SEA-PINK_CUBE_-625x350.jpg 625w, https:\/\/www.markt-kom.com\/wp-content\/uploads\/2025\/03\/SEA-PINK_CUBE_-1000x560.jpg 1000w\" alt=\"\" width=\"1200\" height=\"672\" \/><\/a><\/p>\r\n<h3>Sonderpreis Pioneer f\u00fcr \u00abEVZ Women &amp; Girls Programm\u00bb<\/h3>\r\n<p>Der EVZ lancierte 2023 ein Programm, um M\u00e4dchen und Frauen f\u00fcr Eishockey zu begeistern und ihnen Chancengleichheit zu bieten. Das Women &amp; Girls Programm ist kein eigenst\u00e4ndiges Projekt oder eine Marke, sondern ein integraler Bestandteil des Klubs. Mit der klaren Vision \u00abDo it right or not at all\u00bb verfolgt der EVZ ambitionierte Ziele f\u00fcr eine faire und nachhaltige F\u00f6rderung im Frauensport.<\/p>\r\n<p><a href=\"https:\/\/www.markt-kom.com\/wp-content\/uploads\/2025\/03\/SEA-EVZ_Headerbild.jpg\"><img class=\"aligncenter size-full wp-image-231775\" src=\"https:\/\/www.markt-kom.com\/wp-content\/uploads\/2025\/03\/SEA-EVZ_Headerbild.jpg\" sizes=\"(max-width: 1200px) 100vw, 1200px\" srcset=\"https:\/\/www.markt-kom.com\/wp-content\/uploads\/2025\/03\/SEA-EVZ_Headerbild.jpg 1200w, https:\/\/www.markt-kom.com\/wp-content\/uploads\/2025\/03\/SEA-EVZ_Headerbild-600x338.jpg 600w, https:\/\/www.markt-kom.com\/wp-content\/uploads\/2025\/03\/SEA-EVZ_Headerbild-1024x576.jpg 1024w, https:\/\/www.markt-kom.com\/wp-content\/uploads\/2025\/03\/SEA-EVZ_Headerbild-768x432.jpg 768w, https:\/\/www.markt-kom.com\/wp-content\/uploads\/2025\/03\/SEA-EVZ_Headerbild-18x10.jpg 18w, https:\/\/www.markt-kom.com\/wp-content\/uploads\/2025\/03\/SEA-EVZ_Headerbild-311x175.jpg 311w, https:\/\/www.markt-kom.com\/wp-content\/uploads\/2025\/03\/SEA-EVZ_Headerbild-622x350.jpg 622w, https:\/\/www.markt-kom.com\/wp-content\/uploads\/2025\/03\/SEA-EVZ_Headerbild-1000x563.jpg 1000w\" alt=\"\" width=\"1200\" height=\"675\" \/><\/a><\/p>\r\n<h3>Sonderpreis Activation f\u00fcr \u00abThe Flipcode Mystery\u00bb<\/h3>\r\n<p>Als Main Partner der SRF-Serie \u00abTschugger\u00bb lancierte Samsung im November 2023 mit der Leadagentur Sir Mary die immersive Sponsoring-Multichannel-Kampagne \u00abThe Flipcode Mystery\u00bb. Dabei wurden die Fans selbst zu \u00abTschuggern\u00bb und konnten live im TV einen Kriminalfall rund um damals neu lancierte Mobile von Samsung \u00abGalaxy Z Flip5\u00bb l\u00f6sen. Die Innovation dieses 360-Grad-Cases liegt darin, dass sowohl die TV-Sponsoring-Billboards als auch die off-air-Multichannel-Massnahmen der Samsung-Kampagne mit dem Original-Cast der Serie realisiert werden konnten.<\/p>\r\n<p><a href=\"https:\/\/www.markt-kom.com\/wp-content\/uploads\/2025\/03\/SEA-tschugger-sponsoring-excellence-award.jpg\"><img class=\"aligncenter size-full wp-image-231776\" src=\"https:\/\/www.markt-kom.com\/wp-content\/uploads\/2025\/03\/SEA-tschugger-sponsoring-excellence-award.jpg\" sizes=\"(max-width: 1200px) 100vw, 1200px\" srcset=\"https:\/\/www.markt-kom.com\/wp-content\/uploads\/2025\/03\/SEA-tschugger-sponsoring-excellence-award.jpg 1200w, https:\/\/www.markt-kom.com\/wp-content\/uploads\/2025\/03\/SEA-tschugger-sponsoring-excellence-award-600x338.jpg 600w, https:\/\/www.markt-kom.com\/wp-content\/uploads\/2025\/03\/SEA-tschugger-sponsoring-excellence-award-1024x576.jpg 1024w, https:\/\/www.markt-kom.com\/wp-content\/uploads\/2025\/03\/SEA-tschugger-sponsoring-excellence-award-768x432.jpg 768w, https:\/\/www.markt-kom.com\/wp-content\/uploads\/2025\/03\/SEA-tschugger-sponsoring-excellence-award-18x10.jpg 18w, https:\/\/www.markt-kom.com\/wp-content\/uploads\/2025\/03\/SEA-tschugger-sponsoring-excellence-award-311x175.jpg 311w, https:\/\/www.markt-kom.com\/wp-content\/uploads\/2025\/03\/SEA-tschugger-sponsoring-excellence-award-622x350.jpg 622w, https:\/\/www.markt-kom.com\/wp-content\/uploads\/2025\/03\/SEA-tschugger-sponsoring-excellence-award-1000x563.jpg 1000w\" alt=\"\" width=\"1200\" height=\"675\" \/><\/a><\/p>\r\n<h2>Pink Cube holt sich auch den Publikumspreis<\/h2>\r\n<p>Von allen eingereichten Projekten wurden im Z\u00fcrcher Kunsthaus die neun f\u00fcr den Hauptpreis und die Sonderpreise nominierten Projekte live dem zahlreich erschienenen Publikum pr\u00e4sentiert. \u00dcber 275 Personen aus der Schweizer Sponsoringszene vergaben dabei mittels eines Online-Votings wie bereits 2024 den Publikumspreis: Dieser ging in diesem Jahr an Pink Cube Test Your Breast.<\/p>\r\n<figure id=\"attachment_231798\" class=\"wp-caption aligncenter\" style=\"width: 1200px;\" aria-describedby=\"caption-attachment-231798\"><a href=\"https:\/\/www.markt-kom.com\/wp-content\/uploads\/2025\/03\/Sponsoring-Excellence-Award-muk-2.jpg\"><img class=\"wp-image-231798 size-full\" src=\"https:\/\/www.markt-kom.com\/wp-content\/uploads\/2025\/03\/Sponsoring-Excellence-Award-muk-2.jpg\" sizes=\"(max-width: 1200px) 100vw, 1200px\" srcset=\"https:\/\/www.markt-kom.com\/wp-content\/uploads\/2025\/03\/Sponsoring-Excellence-Award-muk-2.jpg 1200w, https:\/\/www.markt-kom.com\/wp-content\/uploads\/2025\/03\/Sponsoring-Excellence-Award-muk-2-600x450.jpg 600w, https:\/\/www.markt-kom.com\/wp-content\/uploads\/2025\/03\/Sponsoring-Excellence-Award-muk-2-1024x768.jpg 1024w, https:\/\/www.markt-kom.com\/wp-content\/uploads\/2025\/03\/Sponsoring-Excellence-Award-muk-2-768x576.jpg 768w, https:\/\/www.markt-kom.com\/wp-content\/uploads\/2025\/03\/Sponsoring-Excellence-Award-muk-2-16x12.jpg 16w, https:\/\/www.markt-kom.com\/wp-content\/uploads\/2025\/03\/Sponsoring-Excellence-Award-muk-2-233x175.jpg 233w, https:\/\/www.markt-kom.com\/wp-content\/uploads\/2025\/03\/Sponsoring-Excellence-Award-muk-2-467x350.jpg 467w, https:\/\/www.markt-kom.com\/wp-content\/uploads\/2025\/03\/Sponsoring-Excellence-Award-muk-2-1000x750.jpg 1000w\" alt=\"\" width=\"1200\" height=\"900\" \/><\/a>\r\n<figcaption id=\"caption-attachment-231798\" class=\"wp-caption-text\">(Bild: m&amp;k\/Anna Kohler)<\/figcaption>\r\n<\/figure>\r\n<h2>Ver\u00e4nderungen im Vorstand von Sponsoring Schweiz<\/h2>\r\n<p>Im Vorfeld der Nacht des Sponsorings fand die Generalversammlung von Sponsoring Schweiz statt. Fabienne Merlet, Head of Partnerships &amp; CSR des Locarno Film Festivals, wurde als Nachfolgerin von Melanie Schmid und Markus Simmen f\u00fcr das Ressort Kommunikation gew\u00e4hlt. Zudem informierte die Pr\u00e4sidentin dar\u00fcber, dass Prisca und Beat Ritschard, die \u00fcber 25 Jahre im Vorstand und davon 15 Jahre f\u00fcr das Sekretariat zust\u00e4ndig waren, ihr Mandat per Mitte Jahr abgeben.<\/p>\r\n<p>Die Leitung Gesch\u00e4ftsstelle \u00fcbernehmen Sabrina V\u00f6geli und Luana Bergamin von Bergamin Conceptions.<\/p>\r\n<figure id=\"attachment_231799\" class=\"wp-caption aligncenter\" style=\"width: 1200px;\" aria-describedby=\"caption-attachment-231799\"><a href=\"https:\/\/www.markt-kom.com\/wp-content\/uploads\/2025\/03\/Sponsoring-Excellence-Award-muk-3.jpg\"><img class=\"size-full wp-image-231799\" src=\"https:\/\/www.markt-kom.com\/wp-content\/uploads\/2025\/03\/Sponsoring-Excellence-Award-muk-3.jpg\" sizes=\"(max-width: 1200px) 100vw, 1200px\" srcset=\"https:\/\/www.markt-kom.com\/wp-content\/uploads\/2025\/03\/Sponsoring-Excellence-Award-muk-3.jpg 1200w, https:\/\/www.markt-kom.com\/wp-content\/uploads\/2025\/03\/Sponsoring-Excellence-Award-muk-3-600x338.jpg 600w, https:\/\/www.markt-kom.com\/wp-content\/uploads\/2025\/03\/Sponsoring-Excellence-Award-muk-3-1024x576.jpg 1024w, https:\/\/www.markt-kom.com\/wp-content\/uploads\/2025\/03\/Sponsoring-Excellence-Award-muk-3-768x432.jpg 768w, https:\/\/www.markt-kom.com\/wp-content\/uploads\/2025\/03\/Sponsoring-Excellence-Award-muk-3-18x10.jpg 18w, https:\/\/www.markt-kom.com\/wp-content\/uploads\/2025\/03\/Sponsoring-Excellence-Award-muk-3-311x175.jpg 311w, https:\/\/www.markt-kom.com\/wp-content\/uploads\/2025\/03\/Sponsoring-Excellence-Award-muk-3-622x350.jpg 622w, https:\/\/www.markt-kom.com\/wp-content\/uploads\/2025\/03\/Sponsoring-Excellence-Award-muk-3-1000x563.jpg 1000w\" alt=\"\" width=\"1200\" height=\"675\" \/><\/a>\r\n<figcaption id=\"caption-attachment-231799\" class=\"wp-caption-text\">Zahlreiche G\u00e4ste erschienen an der Nacht des Sponsorings im Z\u00fcrcher Kunsthaus. (Bild: m&amp;k\/Anna Kohler)<\/figcaption>\r\n<\/figure>\r\n<hr \/>\r\n<p><em>Weitere Informationen zu den ausgezeichneten Cases gibt es auf <a href=\"https:\/\/sponsoringschweiz.ch\/award\/award-2025\/projekte\/\">Sponsoringschweiz.ch<\/a><\/em>. <em>Die n\u00e4chste Award-Night findet voraussichtlich am 11. M\u00e4rz 2026 statt.<\/em><\/p>","protected":false},"excerpt":{"rendered":"<p>Die Schweizer Radequipe \u00abTudor Pro Cycling Team\u00bb von Ex-Profi Fabian Cancellara ist seit 2022 mit dem Schild der Genfer Uhrenmarke Tudor auf der Brust unterwegs. Sponsoring Schweiz hat die Projektverantwortlichen am Mittwochabend im Rahmen der Nacht des Sponsorings im Kunsthaus Z\u00fcrich mit dem 6. Sponsoring Excellence Award ausgezeichnet. <\/p>\n","protected":false},"author":8,"featured_media":0,"comment_status":"closed","ping_status":"closed","sticky":false,"template":"","format":"standard","meta":{"_acf_changed":false,"_yoast_wpseo_focuskw":"Tudor Pro Cycling Team Sponsoring","_yoast_wpseo_metadesc":"Das Tudor Pro Cycling Team wurde f\u00fcr sein innovatives Sponsoring mit dem Sponsoring Excellence Award 2025 ausgezeichnet.","articlekey":"","footnotes":""},"categories":[29],"tags":[66,4509,5180],"class_list":["post-36839","post","type-post","status-publish","format-standard","hentry","category-marketing","tag-awards","tag-sponsoring-excellence-award","tag-sponsoring-schweiz"],"acf":[],"yoast_head":"<!-- This site is optimized with the Yoast SEO plugin v27.5 - https:\/\/yoast.com\/product\/yoast-seo-wordpress\/ -->\n<title>Tudor Pro Cycling Team gewinnt 6. Sponsoring Excellence Award - Organisator<\/title>\n<meta name=\"description\" content=\"Das Tudor Pro Cycling Team wurde f\u00fcr sein innovatives Sponsoring mit dem Sponsoring Excellence Award 2025 ausgezeichnet.\" \/>\n<meta name=\"robots\" content=\"index, follow, max-snippet:-1, max-image-preview:large, max-video-preview:-1\" \/>\n<link rel=\"canonical\" href=\"https:\/\/www.organisator.ch\/de\/marketing\/2025-03-13\/tudor-pro-cycling-team-gewinnt-6-sponsoring-excellence-award\/\" \/>\n<meta property=\"og:locale\" content=\"de_DE\" \/>\n<meta property=\"og:type\" content=\"article\" \/>\n<meta property=\"og:title\" content=\"Tudor Pro Cycling Team gewinnt 6. Sponsoring Excellence Award - Organisator\" \/>\n<meta property=\"og:description\" content=\"Das Tudor Pro Cycling Team wurde f\u00fcr sein innovatives Sponsoring mit dem Sponsoring Excellence Award 2025 ausgezeichnet.\" \/>\n<meta property=\"og:url\" content=\"https:\/\/www.organisator.ch\/de\/marketing\/2025-03-13\/tudor-pro-cycling-team-gewinnt-6-sponsoring-excellence-award\/\" \/>\n<meta property=\"og:site_name\" content=\"Organisator\" \/>\n<meta property=\"article:publisher\" content=\"https:\/\/www.facebook.com\/OrganisatorFachmagazin\" \/>\n<meta property=\"article:published_time\" content=\"2025-03-13T07:30:32+00:00\" \/>\n<meta name=\"author\" content=\"galledia\" \/>\n<meta name=\"twitter:card\" content=\"summary_large_image\" \/>\n<meta name=\"twitter:creator\" content=\"@admin\" \/>\n<script type=\"application\/ld+json\" class=\"yoast-schema-graph\">{\"@context\":\"https:\\\/\\\/schema.org\",\"@graph\":[{\"@type\":\"Article\",\"@id\":\"https:\\\/\\\/www.organisator.ch\\\/marketing\\\/2025-03-13\\\/tudor-pro-cycling-team-gewinnt-6-sponsoring-excellence-award\\\/#article\",\"isPartOf\":{\"@id\":\"https:\\\/\\\/www.organisator.ch\\\/marketing\\\/2025-03-13\\\/tudor-pro-cycling-team-gewinnt-6-sponsoring-excellence-award\\\/\"},\"author\":{\"name\":\"galledia\",\"@id\":\"https:\\\/\\\/www.organisator.ch\\\/#\\\/schema\\\/person\\\/4e51799071cd2dd1232ac003643ef5f0\"},\"headline\":\"Tudor Pro Cycling Team gewinnt 6. Sponsoring Excellence Award\",\"datePublished\":\"2025-03-13T07:30:32+00:00\",\"mainEntityOfPage\":{\"@id\":\"https:\\\/\\\/www.organisator.ch\\\/marketing\\\/2025-03-13\\\/tudor-pro-cycling-team-gewinnt-6-sponsoring-excellence-award\\\/\"},\"wordCount\":701,\"publisher\":{\"@id\":\"https:\\\/\\\/www.organisator.ch\\\/#organization\"},\"image\":{\"@id\":\"https:\\\/\\\/www.organisator.ch\\\/marketing\\\/2025-03-13\\\/tudor-pro-cycling-team-gewinnt-6-sponsoring-excellence-award\\\/#primaryimage\"},\"thumbnailUrl\":\"https:\\\/\\\/www.markt-kom.com\\\/wp-content\\\/uploads\\\/2025\\\/03\\\/Sponsoring-Excellence-Award-muk-1.jpg\",\"keywords\":[\"Awards\",\"Sponsoring Excellence Award\",\"Sponsoring Schweiz\"],\"articleSection\":[\"MARKETING\"],\"inLanguage\":\"de\"},{\"@type\":\"WebPage\",\"@id\":\"https:\\\/\\\/www.organisator.ch\\\/marketing\\\/2025-03-13\\\/tudor-pro-cycling-team-gewinnt-6-sponsoring-excellence-award\\\/\",\"url\":\"https:\\\/\\\/www.organisator.ch\\\/marketing\\\/2025-03-13\\\/tudor-pro-cycling-team-gewinnt-6-sponsoring-excellence-award\\\/\",\"name\":\"Tudor Pro Cycling Team gewinnt 6. Sponsoring Excellence Award - Organisator\",\"isPartOf\":{\"@id\":\"https:\\\/\\\/www.organisator.ch\\\/#website\"},\"primaryImageOfPage\":{\"@id\":\"https:\\\/\\\/www.organisator.ch\\\/marketing\\\/2025-03-13\\\/tudor-pro-cycling-team-gewinnt-6-sponsoring-excellence-award\\\/#primaryimage\"},\"image\":{\"@id\":\"https:\\\/\\\/www.organisator.ch\\\/marketing\\\/2025-03-13\\\/tudor-pro-cycling-team-gewinnt-6-sponsoring-excellence-award\\\/#primaryimage\"},\"thumbnailUrl\":\"https:\\\/\\\/www.markt-kom.com\\\/wp-content\\\/uploads\\\/2025\\\/03\\\/Sponsoring-Excellence-Award-muk-1.jpg\",\"datePublished\":\"2025-03-13T07:30:32+00:00\",\"description\":\"Das Tudor Pro Cycling Team wurde f\u00fcr sein innovatives Sponsoring mit dem Sponsoring Excellence Award 2025 ausgezeichnet.\",\"breadcrumb\":{\"@id\":\"https:\\\/\\\/www.organisator.ch\\\/marketing\\\/2025-03-13\\\/tudor-pro-cycling-team-gewinnt-6-sponsoring-excellence-award\\\/#breadcrumb\"},\"inLanguage\":\"de\",\"potentialAction\":[{\"@type\":\"ReadAction\",\"target\":[\"https:\\\/\\\/www.organisator.ch\\\/marketing\\\/2025-03-13\\\/tudor-pro-cycling-team-gewinnt-6-sponsoring-excellence-award\\\/\"]}]},{\"@type\":\"ImageObject\",\"inLanguage\":\"de\",\"@id\":\"https:\\\/\\\/www.organisator.ch\\\/marketing\\\/2025-03-13\\\/tudor-pro-cycling-team-gewinnt-6-sponsoring-excellence-award\\\/#primaryimage\",\"url\":\"https:\\\/\\\/www.markt-kom.com\\\/wp-content\\\/uploads\\\/2025\\\/03\\\/Sponsoring-Excellence-Award-muk-1.jpg\",\"contentUrl\":\"https:\\\/\\\/www.markt-kom.com\\\/wp-content\\\/uploads\\\/2025\\\/03\\\/Sponsoring-Excellence-Award-muk-1.jpg\"},{\"@type\":\"BreadcrumbList\",\"@id\":\"https:\\\/\\\/www.organisator.ch\\\/marketing\\\/2025-03-13\\\/tudor-pro-cycling-team-gewinnt-6-sponsoring-excellence-award\\\/#breadcrumb\",\"itemListElement\":[{\"@type\":\"ListItem\",\"position\":1,\"name\":\"Home\",\"item\":\"https:\\\/\\\/www.organisator.ch\\\/\"},{\"@type\":\"ListItem\",\"position\":2,\"name\":\"Tudor Pro Cycling Team gewinnt 6. Sponsoring Excellence Award\"}]},{\"@type\":\"WebSite\",\"@id\":\"https:\\\/\\\/www.organisator.ch\\\/#website\",\"url\":\"https:\\\/\\\/www.organisator.ch\\\/\",\"name\":\"Organisator\",\"description\":\"Kompetent. Praxisnah. Der ORGANISATOR bereitet in 10 Ausgaben pro Jahr die wesentlichen Themen f\u00fcr F\u00fchrungskr\u00e4fte von KMU auf.\",\"publisher\":{\"@id\":\"https:\\\/\\\/www.organisator.ch\\\/#organization\"},\"potentialAction\":[{\"@type\":\"SearchAction\",\"target\":{\"@type\":\"EntryPoint\",\"urlTemplate\":\"https:\\\/\\\/www.organisator.ch\\\/?s={search_term_string}\"},\"query-input\":{\"@type\":\"PropertyValueSpecification\",\"valueRequired\":true,\"valueName\":\"search_term_string\"}}],\"inLanguage\":\"de\"},{\"@type\":\"Organization\",\"@id\":\"https:\\\/\\\/www.organisator.ch\\\/#organization\",\"name\":\"Organisator\",\"url\":\"https:\\\/\\\/www.organisator.ch\\\/\",\"logo\":{\"@type\":\"ImageObject\",\"inLanguage\":\"de\",\"@id\":\"https:\\\/\\\/www.organisator.ch\\\/#\\\/schema\\\/logo\\\/image\\\/\",\"url\":\"https:\\\/\\\/www.organisator.ch\\\/wp-content\\\/uploads\\\/2022\\\/01\\\/Logo_Organisator_Website.png\",\"contentUrl\":\"https:\\\/\\\/www.organisator.ch\\\/wp-content\\\/uploads\\\/2022\\\/01\\\/Logo_Organisator_Website.png\",\"width\":800,\"height\":77,\"caption\":\"Organisator\"},\"image\":{\"@id\":\"https:\\\/\\\/www.organisator.ch\\\/#\\\/schema\\\/logo\\\/image\\\/\"},\"sameAs\":[\"https:\\\/\\\/www.facebook.com\\\/OrganisatorFachmagazin\",\"https:\\\/\\\/www.linkedin.com\\\/showcase\\\/organisator-das-magazin-fr-kmu\",\"https:\\\/\\\/www.xing.com\\\/news\\\/pages\\\/organisator-ch-695\",\"https:\\\/\\\/www.youtube.com\\\/channel\\\/UCGP2Sq0iWaZwT3BdIAQFYpw\"]},{\"@type\":\"Person\",\"@id\":\"https:\\\/\\\/www.organisator.ch\\\/#\\\/schema\\\/person\\\/4e51799071cd2dd1232ac003643ef5f0\",\"name\":\"galledia\",\"image\":{\"@type\":\"ImageObject\",\"inLanguage\":\"de\",\"@id\":\"https:\\\/\\\/secure.gravatar.com\\\/avatar\\\/78a7f90c01fc2bfc875782a0d4922b37cde2cf184ce347b91316d23cd7f69a36?s=96&d=mm&r=g\",\"url\":\"https:\\\/\\\/secure.gravatar.com\\\/avatar\\\/78a7f90c01fc2bfc875782a0d4922b37cde2cf184ce347b91316d23cd7f69a36?s=96&d=mm&r=g\",\"contentUrl\":\"https:\\\/\\\/secure.gravatar.com\\\/avatar\\\/78a7f90c01fc2bfc875782a0d4922b37cde2cf184ce347b91316d23cd7f69a36?s=96&d=mm&r=g\",\"caption\":\"galledia\"},\"sameAs\":[\"https:\\\/\\\/x.com\\\/admin\"],\"url\":\"https:\\\/\\\/www.organisator.ch\\\/de\\\/author\\\/galledia\\\/\"}]}<\/script>\n<!-- \/ Yoast SEO plugin. -->","yoast_head_json":{"title":"Tudor Pro Cycling Team gewinnt 6. Sponsoring Excellence Award - Organisator","description":"Das Tudor Pro Cycling Team wurde f\u00fcr sein innovatives Sponsoring mit dem Sponsoring Excellence Award 2025 ausgezeichnet.","robots":{"index":"index","follow":"follow","max-snippet":"max-snippet:-1","max-image-preview":"max-image-preview:large","max-video-preview":"max-video-preview:-1"},"canonical":"https:\/\/www.organisator.ch\/de\/marketing\/2025-03-13\/tudor-pro-cycling-team-gewinnt-6-sponsoring-excellence-award\/","og_locale":"de_DE","og_type":"article","og_title":"Tudor Pro Cycling Team gewinnt 6. Sponsoring Excellence Award - Organisator","og_description":"Das Tudor Pro Cycling Team wurde f\u00fcr sein innovatives Sponsoring mit dem Sponsoring Excellence Award 2025 ausgezeichnet.","og_url":"https:\/\/www.organisator.ch\/de\/marketing\/2025-03-13\/tudor-pro-cycling-team-gewinnt-6-sponsoring-excellence-award\/","og_site_name":"Organisator","article_publisher":"https:\/\/www.facebook.com\/OrganisatorFachmagazin","article_published_time":"2025-03-13T07:30:32+00:00","author":"galledia","twitter_card":"summary_large_image","twitter_creator":"@admin","schema":{"@context":"https:\/\/schema.org","@graph":[{"@type":"Article","@id":"https:\/\/www.organisator.ch\/marketing\/2025-03-13\/tudor-pro-cycling-team-gewinnt-6-sponsoring-excellence-award\/#article","isPartOf":{"@id":"https:\/\/www.organisator.ch\/marketing\/2025-03-13\/tudor-pro-cycling-team-gewinnt-6-sponsoring-excellence-award\/"},"author":{"name":"galledia","@id":"https:\/\/www.organisator.ch\/#\/schema\/person\/4e51799071cd2dd1232ac003643ef5f0"},"headline":"Tudor Pro Cycling Team gewinnt 6. Sponsoring Excellence Award","datePublished":"2025-03-13T07:30:32+00:00","mainEntityOfPage":{"@id":"https:\/\/www.organisator.ch\/marketing\/2025-03-13\/tudor-pro-cycling-team-gewinnt-6-sponsoring-excellence-award\/"},"wordCount":701,"publisher":{"@id":"https:\/\/www.organisator.ch\/#organization"},"image":{"@id":"https:\/\/www.organisator.ch\/marketing\/2025-03-13\/tudor-pro-cycling-team-gewinnt-6-sponsoring-excellence-award\/#primaryimage"},"thumbnailUrl":"https:\/\/www.markt-kom.com\/wp-content\/uploads\/2025\/03\/Sponsoring-Excellence-Award-muk-1.jpg","keywords":["Awards","Sponsoring Excellence Award","Sponsoring Schweiz"],"articleSection":["MARKETING"],"inLanguage":"de"},{"@type":"WebPage","@id":"https:\/\/www.organisator.ch\/marketing\/2025-03-13\/tudor-pro-cycling-team-gewinnt-6-sponsoring-excellence-award\/","url":"https:\/\/www.organisator.ch\/marketing\/2025-03-13\/tudor-pro-cycling-team-gewinnt-6-sponsoring-excellence-award\/","name":"Tudor Pro Cycling Team gewinnt 6. Sponsoring Excellence Award - Organisator","isPartOf":{"@id":"https:\/\/www.organisator.ch\/#website"},"primaryImageOfPage":{"@id":"https:\/\/www.organisator.ch\/marketing\/2025-03-13\/tudor-pro-cycling-team-gewinnt-6-sponsoring-excellence-award\/#primaryimage"},"image":{"@id":"https:\/\/www.organisator.ch\/marketing\/2025-03-13\/tudor-pro-cycling-team-gewinnt-6-sponsoring-excellence-award\/#primaryimage"},"thumbnailUrl":"https:\/\/www.markt-kom.com\/wp-content\/uploads\/2025\/03\/Sponsoring-Excellence-Award-muk-1.jpg","datePublished":"2025-03-13T07:30:32+00:00","description":"Das Tudor Pro Cycling Team wurde f\u00fcr sein innovatives Sponsoring mit dem Sponsoring Excellence Award 2025 ausgezeichnet.","breadcrumb":{"@id":"https:\/\/www.organisator.ch\/marketing\/2025-03-13\/tudor-pro-cycling-team-gewinnt-6-sponsoring-excellence-award\/#breadcrumb"},"inLanguage":"de","potentialAction":[{"@type":"ReadAction","target":["https:\/\/www.organisator.ch\/marketing\/2025-03-13\/tudor-pro-cycling-team-gewinnt-6-sponsoring-excellence-award\/"]}]},{"@type":"ImageObject","inLanguage":"de","@id":"https:\/\/www.organisator.ch\/marketing\/2025-03-13\/tudor-pro-cycling-team-gewinnt-6-sponsoring-excellence-award\/#primaryimage","url":"https:\/\/www.markt-kom.com\/wp-content\/uploads\/2025\/03\/Sponsoring-Excellence-Award-muk-1.jpg","contentUrl":"https:\/\/www.markt-kom.com\/wp-content\/uploads\/2025\/03\/Sponsoring-Excellence-Award-muk-1.jpg"},{"@type":"BreadcrumbList","@id":"https:\/\/www.organisator.ch\/marketing\/2025-03-13\/tudor-pro-cycling-team-gewinnt-6-sponsoring-excellence-award\/#breadcrumb","itemListElement":[{"@type":"ListItem","position":1,"name":"Home","item":"https:\/\/www.organisator.ch\/"},{"@type":"ListItem","position":2,"name":"Tudor Pro Cycling Team gewinnt 6. Sponsoring Excellence Award"}]},{"@type":"WebSite","@id":"https:\/\/www.organisator.ch\/#website","url":"https:\/\/www.organisator.ch\/","name":"Organisator","description":"Kompetent. Praxisnah. Der ORGANISATOR bereitet in 10 Ausgaben pro Jahr die wesentlichen Themen f\u00fcr F\u00fchrungskr\u00e4fte von KMU auf.","publisher":{"@id":"https:\/\/www.organisator.ch\/#organization"},"potentialAction":[{"@type":"SearchAction","target":{"@type":"EntryPoint","urlTemplate":"https:\/\/www.organisator.ch\/?s={search_term_string}"},"query-input":{"@type":"PropertyValueSpecification","valueRequired":true,"valueName":"search_term_string"}}],"inLanguage":"de"},{"@type":"Organization","@id":"https:\/\/www.organisator.ch\/#organization","name":"Organisator","url":"https:\/\/www.organisator.ch\/","logo":{"@type":"ImageObject","inLanguage":"de","@id":"https:\/\/www.organisator.ch\/#\/schema\/logo\/image\/","url":"https:\/\/www.organisator.ch\/wp-content\/uploads\/2022\/01\/Logo_Organisator_Website.png","contentUrl":"https:\/\/www.organisator.ch\/wp-content\/uploads\/2022\/01\/Logo_Organisator_Website.png","width":800,"height":77,"caption":"Organisator"},"image":{"@id":"https:\/\/www.organisator.ch\/#\/schema\/logo\/image\/"},"sameAs":["https:\/\/www.facebook.com\/OrganisatorFachmagazin","https:\/\/www.linkedin.com\/showcase\/organisator-das-magazin-fr-kmu","https:\/\/www.xing.com\/news\/pages\/organisator-ch-695","https:\/\/www.youtube.com\/channel\/UCGP2Sq0iWaZwT3BdIAQFYpw"]},{"@type":"Person","@id":"https:\/\/www.organisator.ch\/#\/schema\/person\/4e51799071cd2dd1232ac003643ef5f0","name":"galledia","image":{"@type":"ImageObject","inLanguage":"de","@id":"https:\/\/secure.gravatar.com\/avatar\/78a7f90c01fc2bfc875782a0d4922b37cde2cf184ce347b91316d23cd7f69a36?s=96&d=mm&r=g","url":"https:\/\/secure.gravatar.com\/avatar\/78a7f90c01fc2bfc875782a0d4922b37cde2cf184ce347b91316d23cd7f69a36?s=96&d=mm&r=g","contentUrl":"https:\/\/secure.gravatar.com\/avatar\/78a7f90c01fc2bfc875782a0d4922b37cde2cf184ce347b91316d23cd7f69a36?s=96&d=mm&r=g","caption":"galledia"},"sameAs":["https:\/\/x.com\/admin"],"url":"https:\/\/www.organisator.ch\/de\/author\/galledia\/"}]}},"_links":{"self":[{"href":"https:\/\/www.organisator.ch\/de\/wp-json\/wp\/v2\/posts\/36839","targetHints":{"allow":["GET"]}}],"collection":[{"href":"https:\/\/www.organisator.ch\/de\/wp-json\/wp\/v2\/posts"}],"about":[{"href":"https:\/\/www.organisator.ch\/de\/wp-json\/wp\/v2\/types\/post"}],"author":[{"embeddable":true,"href":"https:\/\/www.organisator.ch\/de\/wp-json\/wp\/v2\/users\/8"}],"replies":[{"embeddable":true,"href":"https:\/\/www.organisator.ch\/de\/wp-json\/wp\/v2\/comments?post=36839"}],"version-history":[{"count":9,"href":"https:\/\/www.organisator.ch\/de\/wp-json\/wp\/v2\/posts\/36839\/revisions"}],"predecessor-version":[{"id":36879,"href":"https:\/\/www.organisator.ch\/de\/wp-json\/wp\/v2\/posts\/36839\/revisions\/36879"}],"wp:attachment":[{"href":"https:\/\/www.organisator.ch\/de\/wp-json\/wp\/v2\/media?parent=36839"}],"wp:term":[{"taxonomy":"category","embeddable":true,"href":"https:\/\/www.organisator.ch\/de\/wp-json\/wp\/v2\/categories?post=36839"},{"taxonomy":"post_tag","embeddable":true,"href":"https:\/\/www.organisator.ch\/de\/wp-json\/wp\/v2\/tags?post=36839"}],"curies":[{"name":"wp","href":"https:\/\/api.w.org\/{rel}","templated":true}]}}