{"id":36844,"date":"2025-03-13T09:12:45","date_gmt":"2025-03-13T08:12:45","guid":{"rendered":"https:\/\/www.organisator.ch\/?p=36844"},"modified":"2025-03-28T07:16:25","modified_gmt":"2025-03-28T06:16:25","slug":"gasser-ceramic-gewinnt-den-prix-svc-espace-mittelland-2025","status":"publish","type":"post","link":"https:\/\/www.organisator.ch\/de\/management\/2025-03-13\/gasser-ceramic-gewinnt-den-prix-svc-espace-mittelland-2025\/","title":{"rendered":"Gasser Ceramic gewinnt den Prix SVC Espace Mittelland 2025"},"content":{"rendered":"<figure id=\"attachment_36849\" aria-describedby=\"caption-attachment-36849\" style=\"width: 680px\" class=\"wp-caption alignnone\"><img loading=\"lazy\" decoding=\"async\" class=\"wp-image-36849 size-full\" src=\"https:\/\/www.organisator.ch\/wp-content\/uploads\/2025\/03\/Gasser-Ceramic-gewinnt-den-Prix-SVC-Espace-Mittelland-2025-1_Organisator.jpg\" alt=\"\" width=\"680\" height=\"453\" srcset=\"https:\/\/www.organisator.ch\/wp-content\/uploads\/2025\/03\/Gasser-Ceramic-gewinnt-den-Prix-SVC-Espace-Mittelland-2025-1_Organisator.jpg 680w, https:\/\/www.organisator.ch\/wp-content\/uploads\/2025\/03\/Gasser-Ceramic-gewinnt-den-Prix-SVC-Espace-Mittelland-2025-1_Organisator-18x12.jpg 18w, https:\/\/www.organisator.ch\/wp-content\/uploads\/2025\/03\/Gasser-Ceramic-gewinnt-den-Prix-SVC-Espace-Mittelland-2025-1_Organisator-375x250.jpg 375w, https:\/\/www.organisator.ch\/wp-content\/uploads\/2025\/03\/Gasser-Ceramic-gewinnt-den-Prix-SVC-Espace-Mittelland-2025-1_Organisator-525x350.jpg 525w\" sizes=\"auto, (max-width: 680px) 100vw, 680px\" \/><figcaption id=\"caption-attachment-36849\" class=\"wp-caption-text\">Julienne und Rudolf Gasser von Gasser Ceramic &#8211; Ziegelei Rapperswil Louis Gasser AG, freuen sich \u00fcber den Gewinn des Prix SVC Espace Mittelland. (SVC\/Keystone\/Manuel Lopez)<\/figcaption><\/figure>\n<p>Das Schweizer Parlament w\u00e4hlte im Bundeshaus am 12. M\u00e4rz 2025 einen neuen Bundesrat, und der Swiss Venture Club (SVC) k\u00fcrte am gleichen Abend im Berner Kursaal den Gewinner des 15. Prix SVC Espace Mittelland. Mit rund 1300 G\u00e4sten war der Anlass \u00abrestlos ausgebucht\u00bb, wie OK-Pr\u00e4sident Reto Portmann stolz konstatieren durfte. Mit seinen Preisverleihungen in acht Schweizer Wirtschaftsregionen hat der unabh\u00e4ngige und nicht-gewinnorientierte Verein SVC ein \u00f6ffentlichkeitswirksames Gef\u00e4ss geschaffen, um KMU als treibende Kraft der Schweizer Wirtschaft zu w\u00fcrdigen.<\/p>\n<h3><strong>Den KMU eine B\u00fchne verliehen<\/strong><\/h3>\n<p>Auch f\u00fcr den Prix SVC Espace Mittelland 2025 standen f\u00fcnf KMU im Fokus, die um den Gewinn der Siegertroph\u00e4e buhlten: <a href=\"https:\/\/www.organisator.ch\/de\/management\/2025-02-28\/prix-svc-espace-mittelland-gasser-ceramic-ziegelei-rapperswil-louis-gasser-ag\/\">Gasser Ceramic &#8211; Ziegelei Rapperswil Louis Gasser AG,<\/a> <a href=\"https:\/\/www.organisator.ch\/de\/sustainability\/2025-03-05\/prix-svc-espace-mittelland-megasol-energie-ag\/\">Megasol Energie AG<\/a>, <a href=\"https:\/\/www.organisator.ch\/de\/management\/2025-03-06\/prix-svc-espace-mittelland-olwo-ag\/\">Olwo AG<\/a>, <a href=\"https:\/\/www.organisator.ch\/de\/management\/2025-03-07\/prix-svc-espace-mittelland-platit-ag\/\">Platit AG<\/a> und <a href=\"https:\/\/www.organisator.ch\/de\/management\/2025-03-10\/prix-svc-espace-mittelland-schwob-ag\/\">Schwob AG<\/a>. Alle diese Unternehmen stehen beispielhaft f\u00fcr traditionsreiches Gewerbe gekoppelt mit einem hohen Grad an Innovationskraft, wie immer wieder betont wurde. Das viel zitierte \u00abR\u00fcckgrat der Schweizer Wirtschaft\u00bb erhielt somit einmal mehr eine B\u00fchne. Selbst Sabine Keller-Busse, Chefin der UBS Schweiz, dem Presenting Partner des Prix SVC Espace Mittelland, liess es sich nicht nehmen, auf ihre eigenen KMU-Wurzeln zu verweisen: \u00abMein Grossvater stellte in Aarberg die \u2018Schober-Anh\u00e4nger\u2019 her\u00bb, erz\u00e4hlte sie und bedauerte, nie Berndeutsch gelernt zu haben. SVC-Vizepr\u00e4sident Hans Baumgartner wies darauf hin, dass zunehmende Regulierungen genau dieses wirtschaftliche R\u00fcckgrat immer mehr belasten. Regulierungen seien wohl n\u00f6tig, sie sollten aber mit Augenmass eingesetzt werden. \u00abJede Regulierung bedeutet einen Eingriff in die Entscheidungsfreiheit von Unternehmen und kostet viel Geld\u00bb, so Baumgartner.<\/p>\n<figure id=\"attachment_36850\" aria-describedby=\"caption-attachment-36850\" style=\"width: 680px\" class=\"wp-caption alignnone\"><img loading=\"lazy\" decoding=\"async\" class=\"size-full wp-image-36850\" src=\"https:\/\/www.organisator.ch\/wp-content\/uploads\/2025\/03\/Gasser-Ceramic-gewinnt-den-Prix-SVC-Espace-Mittelland-2025-2_Organisator.jpg\" alt=\"\" width=\"680\" height=\"433\" srcset=\"https:\/\/www.organisator.ch\/wp-content\/uploads\/2025\/03\/Gasser-Ceramic-gewinnt-den-Prix-SVC-Espace-Mittelland-2025-2_Organisator.jpg 680w, https:\/\/www.organisator.ch\/wp-content\/uploads\/2025\/03\/Gasser-Ceramic-gewinnt-den-Prix-SVC-Espace-Mittelland-2025-2_Organisator-18x12.jpg 18w, https:\/\/www.organisator.ch\/wp-content\/uploads\/2025\/03\/Gasser-Ceramic-gewinnt-den-Prix-SVC-Espace-Mittelland-2025-2_Organisator-375x239.jpg 375w, https:\/\/www.organisator.ch\/wp-content\/uploads\/2025\/03\/Gasser-Ceramic-gewinnt-den-Prix-SVC-Espace-Mittelland-2025-2_Organisator-550x350.jpg 550w\" sizes=\"auto, (max-width: 680px) 100vw, 680px\" \/><figcaption id=\"caption-attachment-36850\" class=\"wp-caption-text\">Die Finalisten f\u00fcr den Prix SVC Espace Mittelland 2025: V.l.n.r. Julienne und Rudolf Gasser (Gasser Ceramic), Daniel S\u00e4gesser (Megasol Energie AG), Natalie und Thomas L\u00e4drach (OLWO AG), Dominik Bl\u00f6sch (Platit AG), Stefan Hirt (Schwob AG), flankiert von OK-Pr\u00e4sident Reto Portmann (ganz links) und Moderatorin Monika Erb (ganz rechts). (Foto: Thomas Berner)<\/figcaption><\/figure>\n<h3><strong>Gasser Ceramic: Traditionelle Backsteine mit innovativem Innenleben<\/strong><\/h3>\n<p>Doch sp\u00e4testens bei der Vorstellung der Finalisten und bei der anschliessenden Rangverk\u00fcndigung r\u00fcckte die Politik definitiv in den Hintergrund. Als strahlende Sieger durften am Schluss Rudolf Gasser und seine Nichte Julienne Gasser die Siegertroph\u00e4e in Empfang nehmen. Seit Generationen verbindet ihr Unternehmen modernste Technik mit Handwerkskunst. Gasser Ceramic entwickelt und produziert hochwertige Produkte aus Ton: Dachziegel, Backsteine und Photovoltaik-Systeme, die ein angenehmes Wohngef\u00fchl und optimale Energieeffizienz bieten. Mit rund 200 Mitarbeitenden, zehn Produktionslinien und sechs Brenn\u00f6fen an vier Standorten ist die Siegerfirma des Prix SVC Espace Mittelland 2025 einer der f\u00fchrenden Schweizer Hersteller in diesem Bereich. Jurypr\u00e4sident J\u00fcrg Schwarzenbach w\u00fcrdigte die Gewinnerin in seiner Laudatio: \u00abAn Gassers kommt keiner vorbei. Die Ziegelei ist ein reines Familienunternehmen, gef\u00fchrt von Hans und Rudolf Gasser in der dritten Generation. Die n\u00e4chste Generation mit Julienne Gasser und Lukas Schl\u00e4ppi ist bereits eingestiegen. W\u00e4hrend dem Jurybesuchstag sp\u00fcrten wir die Begeisterung f\u00fcr die Produkte und den Stolz der Mitarbeitenden f\u00fcr das Traditionsunternehmen t\u00e4tig zu sein.\u00bb Immer wieder pr\u00e4sentiert Gasser Ceramic neue innovative L\u00f6sungen f\u00fcr nachhaltiges Bauen, wie z.B. Solarziegel oder die neuen, innovativen Capo Backsteine, die mit Isolationsmaterial gef\u00fcllt sind und zus\u00e4tzliche Aussend\u00e4mmungen \u00fcberfl\u00fcssig machen.<\/p>\n<figure id=\"attachment_36851\" aria-describedby=\"caption-attachment-36851\" style=\"width: 680px\" class=\"wp-caption alignnone\"><img loading=\"lazy\" decoding=\"async\" class=\"wp-image-36851 size-full\" src=\"https:\/\/www.organisator.ch\/wp-content\/uploads\/2025\/03\/Gasser-Ceramic-gewinnt-den-Prix-SVC-Espace-Mittelland-2025-3_Organisator.jpg\" alt=\"\" width=\"680\" height=\"468\" srcset=\"https:\/\/www.organisator.ch\/wp-content\/uploads\/2025\/03\/Gasser-Ceramic-gewinnt-den-Prix-SVC-Espace-Mittelland-2025-3_Organisator.jpg 680w, https:\/\/www.organisator.ch\/wp-content\/uploads\/2025\/03\/Gasser-Ceramic-gewinnt-den-Prix-SVC-Espace-Mittelland-2025-3_Organisator-18x12.jpg 18w, https:\/\/www.organisator.ch\/wp-content\/uploads\/2025\/03\/Gasser-Ceramic-gewinnt-den-Prix-SVC-Espace-Mittelland-2025-3_Organisator-375x258.jpg 375w, https:\/\/www.organisator.ch\/wp-content\/uploads\/2025\/03\/Gasser-Ceramic-gewinnt-den-Prix-SVC-Espace-Mittelland-2025-3_Organisator-509x350.jpg 509w\" sizes=\"auto, (max-width: 680px) 100vw, 680px\" \/><figcaption id=\"caption-attachment-36851\" class=\"wp-caption-text\">Wer gewinnt? SVC-Vizepr\u00e4sident Hans Baumgartner l\u00e4sst die &#8222;Katze aus dem Sack&#8220;. Im Hintergrund die Preistr\u00e4ger sowie die Preisstifter (mit Couverts) Christa Emminger (UBS Switzerland) und Matthias Kiener (Forvis Mazars). Ebenfalls im Bild Moderatorin Monika Erb und Jury-Pr\u00e4sident J\u00fcrg Schwarzenbach. (Foto: Thomas Berner)<\/figcaption><\/figure>\n<h3><strong>Platit AG und Schwob AG ebenfalls auf dem Podest <\/strong><\/h3>\n<p>Der zweite Platz geht an die f\u00fchrende Herstellerin von Hightech PVD-Beschichtungsanlagen, die Platit AG. Seit \u00fcber 70 Jahren widmet sich das ebenfalls inhabergef\u00fchrte Unternehmen der Bearbeitung und Veredelung von Oberfl\u00e4chen. Mit ihren Maschinen werden F\u00fcnfliber und Goldmedaillen gepr\u00e4gt sowie H\u00fcftgelenke und Zifferbl\u00e4tter von Luxusuhren beschichtet. Wer das Hightech Unternehmen besucht, f\u00fchlt den Spirit f\u00fcr die Innovationskraft und die Einzigartigkeit der Firma und deren Produkte. Mit \u00fcber 650 installierten Beschichtungssystemen weltweit sowie Support- und Verkaufsniederlassungen in Europa, Amerika und Asien pflegt das Familienunternehmen enge Partnerschaften mit seinen Kunden.<\/p>\n<p>Auf dem dritten Platz ist die Schwob AG, die seit 1872 exklusive Textilen f\u00fcr die Hotellerie, Gastronomie und f\u00fcr Kliniken und Residenzen in der eigenen Jacquard-Weberei entwickelt und produziert. Im Betrieb sind 240 Mitarbeitende besch\u00e4ftigt. Die f\u00fcnf Schwob W\u00e4schereien und dreissig lokale Partnerw\u00e4schereien versorgen mit dem einzigartigen Dienstleistungsangebot die Kundenbetriebe als integrierter Bestandteil in einem vielschichtigen Prozess. Die grosse Tradition gepaart mit hoher Innovation f\u00fchrt zu einer Qualit\u00e4t, welche die Kunden begeistert. Schwob exportiert Bett- und Tischw\u00e4sche \u2013 made in Burgdorf \u2013 an viele renommierte Adressen rund um den Globus.<\/p>\n<h3><strong>Diplomr\u00e4nge f\u00fcr Megasol Energie AG und OLWO AG <\/strong><\/h3>\n<p>Mit einem Diplomrang ausgezeichnet wurde die 1993 gegr\u00fcndete Megasol Energie AG. Die Schweizer Herstellerin entwickelt und fertigt Solarmodule und intelligente Montagesysteme. Die firmeneigene Forschungsabteilung arbeitet mit renommierten Partnern an zuk\u00fcnftigen Technologien, um Design, \u00c4sthetik, Produktion und Effizienz geb\u00e4udeintegrierter Stromerzeugung auf das n\u00e4chste Level zu heben. Als einer der f\u00fchrenden Solarprodukte-Hersteller ist das Unternehmen ein wichtiger Lieferant f\u00fcr Industrie und Gewerbe in der Schweiz und in Europa. W\u00e4hrend andere in der Branche Schwierigkeiten haben, w\u00e4chst Megasol im harten europ\u00e4ischen Markt aus eigener Kraft stark.<\/p>\n<p>Ebenso im Diplomrang pr\u00e4miert wurde das in dritter und vierter Generation gef\u00fchrte Familienunternehmen OLWO AG, das sich seit 1926 zu einem zentralen Produktions-, Handels- und Dienstleistungsunternehmen der Schweizer Holzbranche entwickelt hat. Die Produktionswerke der OLWO umfassen zwei S\u00e4gewerke in Worb und in Erlenbach sowie ein Hobelwerk in Stalden. In den letzten Jahren hat das Unternehmen eine umfassende Erneuerung der Infrastruktur vorgenommen und in digitale Logistikl\u00f6sungen investiert. Die OLWO-Gruppe mit rund 180 Mitarbeitenden steht f\u00fcr ausgewiesene Fachleute, modernste Maschinen, starke Partner und flexible Logistik.<\/p>\n<p><em>Weitere Informationen: <a href=\"http:\/\/www.svc.swiss\">SVC<\/a><\/em><\/p>\n","protected":false},"excerpt":{"rendered":"<p>Aus f\u00fcnf Finalisten machte am Abend des 12. M\u00e4rz 2025 das Familienunternehmen Gasser Ceramic aus Rapperswil (BE) das Rennen: Der Baumaterial-Hersteller gewann den 15. Prix SVC Espace Mittelland und verwies die Unternehmen Platit AG (Selzach SO) und Schwob AG (Burgdorf) auf die Ehrenpl\u00e4tze.<\/p>\n","protected":false},"author":4,"featured_media":36849,"comment_status":"closed","ping_status":"closed","sticky":false,"template":"","format":"standard","meta":{"_acf_changed":false,"_yoast_wpseo_focuskw":"Gasser Ceramic","_yoast_wpseo_metadesc":"Der Baumaterial-Hersteller Gasser Ceramic - Ziegelei Rapperswil Louis Gasser AG gewinnt den 15. Prix SVC Espace Mittelland.","articlekey":"","footnotes":""},"categories":[28],"tags":[66,390,492,503,531],"class_list":["post-36844","post","type-post","status-publish","format-standard","has-post-thumbnail","hentry","category-management","tag-awards","tag-prix-svc","tag-unternehmen","tag-verbaende","tag-wirtschaftspolitik"],"acf":[],"yoast_head":"<!-- This site is optimized with the Yoast SEO plugin v27.5 - https:\/\/yoast.com\/product\/yoast-seo-wordpress\/ -->\n<title>Gasser Ceramic gewinnt den Prix SVC Espace Mittelland 2025 - Organisator<\/title>\n<meta name=\"description\" content=\"Der Baumaterial-Hersteller Gasser Ceramic - Ziegelei Rapperswil Louis Gasser AG gewinnt den 15. Prix SVC Espace Mittelland.\" \/>\n<meta name=\"robots\" content=\"index, follow, max-snippet:-1, max-image-preview:large, max-video-preview:-1\" \/>\n<link rel=\"canonical\" href=\"https:\/\/www.organisator.ch\/de\/management\/2025-03-13\/gasser-ceramic-gewinnt-den-prix-svc-espace-mittelland-2025\/\" \/>\n<meta property=\"og:locale\" content=\"de_DE\" \/>\n<meta property=\"og:type\" content=\"article\" \/>\n<meta property=\"og:title\" content=\"Gasser Ceramic gewinnt den Prix SVC Espace Mittelland 2025\" \/>\n<meta property=\"og:description\" content=\"Der Baumaterial-Hersteller Gasser Ceramic - Ziegelei Rapperswil Louis Gasser AG gewinnt den 15. Prix SVC Espace Mittelland.\" \/>\n<meta property=\"og:url\" content=\"https:\/\/www.organisator.ch\/de\/management\/2025-03-13\/gasser-ceramic-gewinnt-den-prix-svc-espace-mittelland-2025\/\" \/>\n<meta property=\"og:site_name\" content=\"Organisator\" \/>\n<meta property=\"article:publisher\" content=\"https:\/\/www.facebook.com\/OrganisatorFachmagazin\" \/>\n<meta property=\"article:published_time\" content=\"2025-03-13T08:12:45+00:00\" \/>\n<meta property=\"article:modified_time\" content=\"2025-03-28T06:16:25+00:00\" \/>\n<meta property=\"og:image\" content=\"https:\/\/www.organisator.ch\/wp-content\/uploads\/2025\/03\/Gasser-Ceramic-gewinnt-den-Prix-SVC-Espace-Mittelland-2025-1_Organisator.jpg\" \/>\n\t<meta property=\"og:image:width\" content=\"680\" \/>\n\t<meta property=\"og:image:height\" content=\"453\" \/>\n\t<meta property=\"og:image:type\" content=\"image\/jpeg\" \/>\n<meta name=\"author\" content=\"thomas.berner\" \/>\n<meta name=\"twitter:card\" content=\"summary_large_image\" \/>\n<meta name=\"twitter:title\" content=\"Gasser Ceramic gewinnt den Prix #SVC Espace Mittelland 2025\" \/>\n<meta name=\"twitter:description\" content=\"Der Baumaterial-Hersteller Gasser Ceramic - Ziegelei Rapperswil Louis Gasser AG gewinnt den 15. Prix SVC Espace Mittelland. #GasserCeramic #PrixSVC\" \/>\n<meta name=\"twitter:image\" content=\"https:\/\/www.organisator.ch\/wp-content\/uploads\/2025\/03\/Gasser-Ceramic-gewinnt-den-Prix-SVC-Espace-Mittelland-2025-1_Organisator.jpg\" \/>\n<script type=\"application\/ld+json\" class=\"yoast-schema-graph\">{\"@context\":\"https:\\\/\\\/schema.org\",\"@graph\":[{\"@type\":\"Article\",\"@id\":\"https:\\\/\\\/www.organisator.ch\\\/management\\\/2025-03-13\\\/gasser-ceramic-gewinnt-den-prix-svc-espace-mittelland-2025\\\/#article\",\"isPartOf\":{\"@id\":\"https:\\\/\\\/www.organisator.ch\\\/management\\\/2025-03-13\\\/gasser-ceramic-gewinnt-den-prix-svc-espace-mittelland-2025\\\/\"},\"author\":{\"name\":\"thomas.berner\",\"@id\":\"https:\\\/\\\/www.organisator.ch\\\/#\\\/schema\\\/person\\\/6f650f90b2842cd4c0cc334b4e36f67e\"},\"headline\":\"Gasser Ceramic gewinnt den Prix SVC Espace Mittelland 2025\",\"datePublished\":\"2025-03-13T08:12:45+00:00\",\"dateModified\":\"2025-03-28T06:16:25+00:00\",\"mainEntityOfPage\":{\"@id\":\"https:\\\/\\\/www.organisator.ch\\\/management\\\/2025-03-13\\\/gasser-ceramic-gewinnt-den-prix-svc-espace-mittelland-2025\\\/\"},\"wordCount\":1024,\"publisher\":{\"@id\":\"https:\\\/\\\/www.organisator.ch\\\/#organization\"},\"image\":{\"@id\":\"https:\\\/\\\/www.organisator.ch\\\/management\\\/2025-03-13\\\/gasser-ceramic-gewinnt-den-prix-svc-espace-mittelland-2025\\\/#primaryimage\"},\"thumbnailUrl\":\"https:\\\/\\\/www.organisator.ch\\\/wp-content\\\/uploads\\\/2025\\\/03\\\/Gasser-Ceramic-gewinnt-den-Prix-SVC-Espace-Mittelland-2025-1_Organisator.jpg\",\"keywords\":[\"Awards\",\"Prix SVC\",\"Unternehmen\",\"Verb\u00e4nde\",\"Wirtschaftspolitik\"],\"articleSection\":[\"MANAGEMENT\"],\"inLanguage\":\"de\"},{\"@type\":\"WebPage\",\"@id\":\"https:\\\/\\\/www.organisator.ch\\\/management\\\/2025-03-13\\\/gasser-ceramic-gewinnt-den-prix-svc-espace-mittelland-2025\\\/\",\"url\":\"https:\\\/\\\/www.organisator.ch\\\/management\\\/2025-03-13\\\/gasser-ceramic-gewinnt-den-prix-svc-espace-mittelland-2025\\\/\",\"name\":\"Gasser Ceramic gewinnt den Prix SVC Espace Mittelland 2025 - Organisator\",\"isPartOf\":{\"@id\":\"https:\\\/\\\/www.organisator.ch\\\/#website\"},\"primaryImageOfPage\":{\"@id\":\"https:\\\/\\\/www.organisator.ch\\\/management\\\/2025-03-13\\\/gasser-ceramic-gewinnt-den-prix-svc-espace-mittelland-2025\\\/#primaryimage\"},\"image\":{\"@id\":\"https:\\\/\\\/www.organisator.ch\\\/management\\\/2025-03-13\\\/gasser-ceramic-gewinnt-den-prix-svc-espace-mittelland-2025\\\/#primaryimage\"},\"thumbnailUrl\":\"https:\\\/\\\/www.organisator.ch\\\/wp-content\\\/uploads\\\/2025\\\/03\\\/Gasser-Ceramic-gewinnt-den-Prix-SVC-Espace-Mittelland-2025-1_Organisator.jpg\",\"datePublished\":\"2025-03-13T08:12:45+00:00\",\"dateModified\":\"2025-03-28T06:16:25+00:00\",\"description\":\"Der Baumaterial-Hersteller Gasser Ceramic - Ziegelei Rapperswil Louis Gasser AG gewinnt den 15. Prix SVC Espace Mittelland.\",\"breadcrumb\":{\"@id\":\"https:\\\/\\\/www.organisator.ch\\\/management\\\/2025-03-13\\\/gasser-ceramic-gewinnt-den-prix-svc-espace-mittelland-2025\\\/#breadcrumb\"},\"inLanguage\":\"de\",\"potentialAction\":[{\"@type\":\"ReadAction\",\"target\":[\"https:\\\/\\\/www.organisator.ch\\\/management\\\/2025-03-13\\\/gasser-ceramic-gewinnt-den-prix-svc-espace-mittelland-2025\\\/\"]}]},{\"@type\":\"ImageObject\",\"inLanguage\":\"de\",\"@id\":\"https:\\\/\\\/www.organisator.ch\\\/management\\\/2025-03-13\\\/gasser-ceramic-gewinnt-den-prix-svc-espace-mittelland-2025\\\/#primaryimage\",\"url\":\"https:\\\/\\\/www.organisator.ch\\\/wp-content\\\/uploads\\\/2025\\\/03\\\/Gasser-Ceramic-gewinnt-den-Prix-SVC-Espace-Mittelland-2025-1_Organisator.jpg\",\"contentUrl\":\"https:\\\/\\\/www.organisator.ch\\\/wp-content\\\/uploads\\\/2025\\\/03\\\/Gasser-Ceramic-gewinnt-den-Prix-SVC-Espace-Mittelland-2025-1_Organisator.jpg\",\"width\":680,\"height\":453,\"caption\":\"Die Gewinner des Prix SVC Espace Mittelland 2025, Julienne und Rudolf Gasser von Gasser Ceramic - Ziegelei Rapperswil Louis Gasser AG, freuen sich ueber den Preis waehrend der Preisverleihung am Mittwoch, 12. Maerz 2025, im Kursaal Bern. Der Swiss Venture Club zeichnet mit dem Prix SVC innovative Unternehmen aus, die durch herausragende Leistungen einen wesentlichen und nachhaltigen wirtschaftlichen Erfolg verzeichnen. (SVC\\\/Keystone\\\/Manuel Lopez)\"},{\"@type\":\"BreadcrumbList\",\"@id\":\"https:\\\/\\\/www.organisator.ch\\\/management\\\/2025-03-13\\\/gasser-ceramic-gewinnt-den-prix-svc-espace-mittelland-2025\\\/#breadcrumb\",\"itemListElement\":[{\"@type\":\"ListItem\",\"position\":1,\"name\":\"Home\",\"item\":\"https:\\\/\\\/www.organisator.ch\\\/\"},{\"@type\":\"ListItem\",\"position\":2,\"name\":\"Gasser Ceramic gewinnt den Prix SVC Espace Mittelland 2025\"}]},{\"@type\":\"WebSite\",\"@id\":\"https:\\\/\\\/www.organisator.ch\\\/#website\",\"url\":\"https:\\\/\\\/www.organisator.ch\\\/\",\"name\":\"Organisator\",\"description\":\"Kompetent. Praxisnah. Der ORGANISATOR bereitet in 10 Ausgaben pro Jahr die wesentlichen Themen f\u00fcr F\u00fchrungskr\u00e4fte von KMU auf.\",\"publisher\":{\"@id\":\"https:\\\/\\\/www.organisator.ch\\\/#organization\"},\"potentialAction\":[{\"@type\":\"SearchAction\",\"target\":{\"@type\":\"EntryPoint\",\"urlTemplate\":\"https:\\\/\\\/www.organisator.ch\\\/?s={search_term_string}\"},\"query-input\":{\"@type\":\"PropertyValueSpecification\",\"valueRequired\":true,\"valueName\":\"search_term_string\"}}],\"inLanguage\":\"de\"},{\"@type\":\"Organization\",\"@id\":\"https:\\\/\\\/www.organisator.ch\\\/#organization\",\"name\":\"Organisator\",\"url\":\"https:\\\/\\\/www.organisator.ch\\\/\",\"logo\":{\"@type\":\"ImageObject\",\"inLanguage\":\"de\",\"@id\":\"https:\\\/\\\/www.organisator.ch\\\/#\\\/schema\\\/logo\\\/image\\\/\",\"url\":\"https:\\\/\\\/www.organisator.ch\\\/wp-content\\\/uploads\\\/2022\\\/01\\\/Logo_Organisator_Website.png\",\"contentUrl\":\"https:\\\/\\\/www.organisator.ch\\\/wp-content\\\/uploads\\\/2022\\\/01\\\/Logo_Organisator_Website.png\",\"width\":800,\"height\":77,\"caption\":\"Organisator\"},\"image\":{\"@id\":\"https:\\\/\\\/www.organisator.ch\\\/#\\\/schema\\\/logo\\\/image\\\/\"},\"sameAs\":[\"https:\\\/\\\/www.facebook.com\\\/OrganisatorFachmagazin\",\"https:\\\/\\\/www.linkedin.com\\\/showcase\\\/organisator-das-magazin-fr-kmu\",\"https:\\\/\\\/www.xing.com\\\/news\\\/pages\\\/organisator-ch-695\",\"https:\\\/\\\/www.youtube.com\\\/channel\\\/UCGP2Sq0iWaZwT3BdIAQFYpw\"]},{\"@type\":\"Person\",\"@id\":\"https:\\\/\\\/www.organisator.ch\\\/#\\\/schema\\\/person\\\/6f650f90b2842cd4c0cc334b4e36f67e\",\"name\":\"thomas.berner\",\"image\":{\"@type\":\"ImageObject\",\"inLanguage\":\"de\",\"@id\":\"https:\\\/\\\/secure.gravatar.com\\\/avatar\\\/ac5001d2a36cb6c6cd3e50789007ffca834b477b74a2144564522e944eabff61?s=96&d=mm&r=g\",\"url\":\"https:\\\/\\\/secure.gravatar.com\\\/avatar\\\/ac5001d2a36cb6c6cd3e50789007ffca834b477b74a2144564522e944eabff61?s=96&d=mm&r=g\",\"contentUrl\":\"https:\\\/\\\/secure.gravatar.com\\\/avatar\\\/ac5001d2a36cb6c6cd3e50789007ffca834b477b74a2144564522e944eabff61?s=96&d=mm&r=g\",\"caption\":\"thomas.berner\"},\"url\":\"https:\\\/\\\/www.organisator.ch\\\/de\\\/author\\\/thomas-berner\\\/\"}]}<\/script>\n<!-- \/ Yoast SEO plugin. -->","yoast_head_json":{"title":"Gasser Ceramic gewinnt den Prix SVC Espace Mittelland 2025 - Organisator","description":"Der Baumaterial-Hersteller Gasser Ceramic - Ziegelei Rapperswil Louis Gasser AG gewinnt den 15. Prix SVC Espace Mittelland.","robots":{"index":"index","follow":"follow","max-snippet":"max-snippet:-1","max-image-preview":"max-image-preview:large","max-video-preview":"max-video-preview:-1"},"canonical":"https:\/\/www.organisator.ch\/de\/management\/2025-03-13\/gasser-ceramic-gewinnt-den-prix-svc-espace-mittelland-2025\/","og_locale":"de_DE","og_type":"article","og_title":"Gasser Ceramic gewinnt den Prix SVC Espace Mittelland 2025","og_description":"Der Baumaterial-Hersteller Gasser Ceramic - Ziegelei Rapperswil Louis Gasser AG gewinnt den 15. Prix SVC Espace Mittelland.","og_url":"https:\/\/www.organisator.ch\/de\/management\/2025-03-13\/gasser-ceramic-gewinnt-den-prix-svc-espace-mittelland-2025\/","og_site_name":"Organisator","article_publisher":"https:\/\/www.facebook.com\/OrganisatorFachmagazin","article_published_time":"2025-03-13T08:12:45+00:00","article_modified_time":"2025-03-28T06:16:25+00:00","og_image":[{"width":680,"height":453,"url":"https:\/\/www.organisator.ch\/wp-content\/uploads\/2025\/03\/Gasser-Ceramic-gewinnt-den-Prix-SVC-Espace-Mittelland-2025-1_Organisator.jpg","type":"image\/jpeg"}],"author":"thomas.berner","twitter_card":"summary_large_image","twitter_title":"Gasser Ceramic gewinnt den Prix #SVC Espace Mittelland 2025","twitter_description":"Der Baumaterial-Hersteller Gasser Ceramic - Ziegelei Rapperswil Louis Gasser AG gewinnt den 15. Prix SVC Espace Mittelland. #GasserCeramic #PrixSVC","twitter_image":"https:\/\/www.organisator.ch\/wp-content\/uploads\/2025\/03\/Gasser-Ceramic-gewinnt-den-Prix-SVC-Espace-Mittelland-2025-1_Organisator.jpg","schema":{"@context":"https:\/\/schema.org","@graph":[{"@type":"Article","@id":"https:\/\/www.organisator.ch\/management\/2025-03-13\/gasser-ceramic-gewinnt-den-prix-svc-espace-mittelland-2025\/#article","isPartOf":{"@id":"https:\/\/www.organisator.ch\/management\/2025-03-13\/gasser-ceramic-gewinnt-den-prix-svc-espace-mittelland-2025\/"},"author":{"name":"thomas.berner","@id":"https:\/\/www.organisator.ch\/#\/schema\/person\/6f650f90b2842cd4c0cc334b4e36f67e"},"headline":"Gasser Ceramic gewinnt den Prix SVC Espace Mittelland 2025","datePublished":"2025-03-13T08:12:45+00:00","dateModified":"2025-03-28T06:16:25+00:00","mainEntityOfPage":{"@id":"https:\/\/www.organisator.ch\/management\/2025-03-13\/gasser-ceramic-gewinnt-den-prix-svc-espace-mittelland-2025\/"},"wordCount":1024,"publisher":{"@id":"https:\/\/www.organisator.ch\/#organization"},"image":{"@id":"https:\/\/www.organisator.ch\/management\/2025-03-13\/gasser-ceramic-gewinnt-den-prix-svc-espace-mittelland-2025\/#primaryimage"},"thumbnailUrl":"https:\/\/www.organisator.ch\/wp-content\/uploads\/2025\/03\/Gasser-Ceramic-gewinnt-den-Prix-SVC-Espace-Mittelland-2025-1_Organisator.jpg","keywords":["Awards","Prix SVC","Unternehmen","Verb\u00e4nde","Wirtschaftspolitik"],"articleSection":["MANAGEMENT"],"inLanguage":"de"},{"@type":"WebPage","@id":"https:\/\/www.organisator.ch\/management\/2025-03-13\/gasser-ceramic-gewinnt-den-prix-svc-espace-mittelland-2025\/","url":"https:\/\/www.organisator.ch\/management\/2025-03-13\/gasser-ceramic-gewinnt-den-prix-svc-espace-mittelland-2025\/","name":"Gasser Ceramic gewinnt den Prix SVC Espace Mittelland 2025 - Organisator","isPartOf":{"@id":"https:\/\/www.organisator.ch\/#website"},"primaryImageOfPage":{"@id":"https:\/\/www.organisator.ch\/management\/2025-03-13\/gasser-ceramic-gewinnt-den-prix-svc-espace-mittelland-2025\/#primaryimage"},"image":{"@id":"https:\/\/www.organisator.ch\/management\/2025-03-13\/gasser-ceramic-gewinnt-den-prix-svc-espace-mittelland-2025\/#primaryimage"},"thumbnailUrl":"https:\/\/www.organisator.ch\/wp-content\/uploads\/2025\/03\/Gasser-Ceramic-gewinnt-den-Prix-SVC-Espace-Mittelland-2025-1_Organisator.jpg","datePublished":"2025-03-13T08:12:45+00:00","dateModified":"2025-03-28T06:16:25+00:00","description":"Der Baumaterial-Hersteller Gasser Ceramic - Ziegelei Rapperswil Louis Gasser AG gewinnt den 15. Prix SVC Espace Mittelland.","breadcrumb":{"@id":"https:\/\/www.organisator.ch\/management\/2025-03-13\/gasser-ceramic-gewinnt-den-prix-svc-espace-mittelland-2025\/#breadcrumb"},"inLanguage":"de","potentialAction":[{"@type":"ReadAction","target":["https:\/\/www.organisator.ch\/management\/2025-03-13\/gasser-ceramic-gewinnt-den-prix-svc-espace-mittelland-2025\/"]}]},{"@type":"ImageObject","inLanguage":"de","@id":"https:\/\/www.organisator.ch\/management\/2025-03-13\/gasser-ceramic-gewinnt-den-prix-svc-espace-mittelland-2025\/#primaryimage","url":"https:\/\/www.organisator.ch\/wp-content\/uploads\/2025\/03\/Gasser-Ceramic-gewinnt-den-Prix-SVC-Espace-Mittelland-2025-1_Organisator.jpg","contentUrl":"https:\/\/www.organisator.ch\/wp-content\/uploads\/2025\/03\/Gasser-Ceramic-gewinnt-den-Prix-SVC-Espace-Mittelland-2025-1_Organisator.jpg","width":680,"height":453,"caption":"Die Gewinner des Prix SVC Espace Mittelland 2025, Julienne und Rudolf Gasser von Gasser Ceramic - Ziegelei Rapperswil Louis Gasser AG, freuen sich ueber den Preis waehrend der Preisverleihung am Mittwoch, 12. Maerz 2025, im Kursaal Bern. Der Swiss Venture Club zeichnet mit dem Prix SVC innovative Unternehmen aus, die durch herausragende Leistungen einen wesentlichen und nachhaltigen wirtschaftlichen Erfolg verzeichnen. (SVC\/Keystone\/Manuel Lopez)"},{"@type":"BreadcrumbList","@id":"https:\/\/www.organisator.ch\/management\/2025-03-13\/gasser-ceramic-gewinnt-den-prix-svc-espace-mittelland-2025\/#breadcrumb","itemListElement":[{"@type":"ListItem","position":1,"name":"Home","item":"https:\/\/www.organisator.ch\/"},{"@type":"ListItem","position":2,"name":"Gasser Ceramic gewinnt den Prix SVC Espace Mittelland 2025"}]},{"@type":"WebSite","@id":"https:\/\/www.organisator.ch\/#website","url":"https:\/\/www.organisator.ch\/","name":"Organisator","description":"Kompetent. Praxisnah. Der ORGANISATOR bereitet in 10 Ausgaben pro Jahr die wesentlichen Themen f\u00fcr F\u00fchrungskr\u00e4fte von KMU auf.","publisher":{"@id":"https:\/\/www.organisator.ch\/#organization"},"potentialAction":[{"@type":"SearchAction","target":{"@type":"EntryPoint","urlTemplate":"https:\/\/www.organisator.ch\/?s={search_term_string}"},"query-input":{"@type":"PropertyValueSpecification","valueRequired":true,"valueName":"search_term_string"}}],"inLanguage":"de"},{"@type":"Organization","@id":"https:\/\/www.organisator.ch\/#organization","name":"Organisator","url":"https:\/\/www.organisator.ch\/","logo":{"@type":"ImageObject","inLanguage":"de","@id":"https:\/\/www.organisator.ch\/#\/schema\/logo\/image\/","url":"https:\/\/www.organisator.ch\/wp-content\/uploads\/2022\/01\/Logo_Organisator_Website.png","contentUrl":"https:\/\/www.organisator.ch\/wp-content\/uploads\/2022\/01\/Logo_Organisator_Website.png","width":800,"height":77,"caption":"Organisator"},"image":{"@id":"https:\/\/www.organisator.ch\/#\/schema\/logo\/image\/"},"sameAs":["https:\/\/www.facebook.com\/OrganisatorFachmagazin","https:\/\/www.linkedin.com\/showcase\/organisator-das-magazin-fr-kmu","https:\/\/www.xing.com\/news\/pages\/organisator-ch-695","https:\/\/www.youtube.com\/channel\/UCGP2Sq0iWaZwT3BdIAQFYpw"]},{"@type":"Person","@id":"https:\/\/www.organisator.ch\/#\/schema\/person\/6f650f90b2842cd4c0cc334b4e36f67e","name":"thomas.berner","image":{"@type":"ImageObject","inLanguage":"de","@id":"https:\/\/secure.gravatar.com\/avatar\/ac5001d2a36cb6c6cd3e50789007ffca834b477b74a2144564522e944eabff61?s=96&d=mm&r=g","url":"https:\/\/secure.gravatar.com\/avatar\/ac5001d2a36cb6c6cd3e50789007ffca834b477b74a2144564522e944eabff61?s=96&d=mm&r=g","contentUrl":"https:\/\/secure.gravatar.com\/avatar\/ac5001d2a36cb6c6cd3e50789007ffca834b477b74a2144564522e944eabff61?s=96&d=mm&r=g","caption":"thomas.berner"},"url":"https:\/\/www.organisator.ch\/de\/author\/thomas-berner\/"}]}},"_links":{"self":[{"href":"https:\/\/www.organisator.ch\/de\/wp-json\/wp\/v2\/posts\/36844","targetHints":{"allow":["GET"]}}],"collection":[{"href":"https:\/\/www.organisator.ch\/de\/wp-json\/wp\/v2\/posts"}],"about":[{"href":"https:\/\/www.organisator.ch\/de\/wp-json\/wp\/v2\/types\/post"}],"author":[{"embeddable":true,"href":"https:\/\/www.organisator.ch\/de\/wp-json\/wp\/v2\/users\/4"}],"replies":[{"embeddable":true,"href":"https:\/\/www.organisator.ch\/de\/wp-json\/wp\/v2\/comments?post=36844"}],"version-history":[{"count":3,"href":"https:\/\/www.organisator.ch\/de\/wp-json\/wp\/v2\/posts\/36844\/revisions"}],"predecessor-version":[{"id":37263,"href":"https:\/\/www.organisator.ch\/de\/wp-json\/wp\/v2\/posts\/36844\/revisions\/37263"}],"wp:featuredmedia":[{"embeddable":true,"href":"https:\/\/www.organisator.ch\/de\/wp-json\/wp\/v2\/media\/36849"}],"wp:attachment":[{"href":"https:\/\/www.organisator.ch\/de\/wp-json\/wp\/v2\/media?parent=36844"}],"wp:term":[{"taxonomy":"category","embeddable":true,"href":"https:\/\/www.organisator.ch\/de\/wp-json\/wp\/v2\/categories?post=36844"},{"taxonomy":"post_tag","embeddable":true,"href":"https:\/\/www.organisator.ch\/de\/wp-json\/wp\/v2\/tags?post=36844"}],"curies":[{"name":"wp","href":"https:\/\/api.w.org\/{rel}","templated":true}]}}