{"id":36845,"date":"2025-03-13T11:12:15","date_gmt":"2025-03-13T10:12:15","guid":{"rendered":"https:\/\/www.m-q.ch\/?p=21181"},"modified":"2025-03-13T11:09:43","modified_gmt":"2025-03-13T10:09:43","slug":"fast-alle-ceos-wollen-ki-aber-nur-1-ist-umfaenglich-vorbereitet","status":"publish","type":"post","link":"https:\/\/www.organisator.ch\/de\/operational-excellence\/2025-03-13\/fast-alle-ceos-wollen-ki-aber-nur-1-ist-umfaenglich-vorbereitet\/","title":{"rendered":"Fast alle CEOs wollen KI, aber nur 1 % ist umf\u00e4nglich vorbereitet"},"content":{"rendered":"<figure id=\"attachment_21182\" class=\"wp-caption alignnone\" style=\"width: 680px;\" aria-describedby=\"caption-attachment-21182\"><img class=\"size-full wp-image-21182\" src=\"https:\/\/www.m-q.ch\/wp-content\/uploads\/2025\/03\/Cisco_Bild_ps.jpg\" sizes=\"(max-width: 680px) 100vw, 680px\" srcset=\"https:\/\/www.m-q.ch\/wp-content\/uploads\/2025\/03\/Cisco_Bild_ps.jpg 680w, https:\/\/www.m-q.ch\/wp-content\/uploads\/2025\/03\/Cisco_Bild_ps-18x10.jpg 18w, https:\/\/www.m-q.ch\/wp-content\/uploads\/2025\/03\/Cisco_Bild_ps-375x210.jpg 375w, https:\/\/www.m-q.ch\/wp-content\/uploads\/2025\/03\/Cisco_Bild_ps-626x350.jpg 626w\" alt=\"\" width=\"680\" height=\"380\" \/>\r\n<figcaption id=\"caption-attachment-21182\" class=\"wp-caption-text\">Cisco-Studie zeigt: Europas CEOs sehen KI als Chance, doch Wissensl\u00fccken und Infrastrukturschw\u00e4chen bremsen die Umsetzung. (Bild: Cisco)<\/figcaption>\r\n<\/figure>\r\n<p>Die europ\u00e4ischen TeilnehmerInnen der Cisco-CEO-Studie bef\u00fcrchten durch fehlende KI-Kenntnisse auch Wachstumsverluste (56 %) und geringere Wettbewerbsf\u00e4higkeit (51 %). \u00abDie Studie zeigt den dringenden Handlungsbedarf im KI-Zeitalter. Wir m\u00fcssen jetzt in die konkrete Umsetzung kommen\u00bb, sagt Christopher Tighe, Vorsitzender der Gesch\u00e4ftsf\u00fchrung von Cisco Schweiz. \u00abZukunftssichere und widerstandsf\u00e4hige Netzwerke sowie KI-spezifisches Know-how werden f\u00fcr die Schweiz zum entscheidenden Erfolgsfaktor.\u00bb<\/p>\r\n<h3><strong>CEOs f\u00fcrchten die steigenden Kosten der Unt\u00e4tigkeit<\/strong><\/h3>\r\n<p>Tats\u00e4chlich f\u00fchlen sich nur 1 Prozent der Befragten komplett auf KI vorbereitet. Laut der Studie bef\u00fcrchten 69 Prozent der europ\u00e4ischen CEOs, aufgrund von unzureichendem IT-Wissen und Infrastrukturl\u00fccken gegen\u00fcber der Konkurrenz an Boden zu verlieren und Chancen zu verpassen. Dies schl\u00e4gt sich bereits in realen Verlusten nieder. 48 Prozent der europ\u00e4ischen CEOs (weltweit 53 %) sorgen sich \u00fcber verpasste Chancen durch fehlende Investitionen in neue Technologien. 74 Prozent f\u00fcrchten verpasste Chancen durch veraltete Netzwerk-Infrastrukturen und 46 Prozent, dass L\u00fccken in der Infrastruktur sie Wettbewerbsvorteile kosten.<\/p>\r\n<h3><strong>Ziele der KI-Transformation nur mit Partnern erreichbar<\/strong><\/h3>\r\n<p>Bei allen Herausforderungen und \u00c4ngsten zeigt die Studie aber auch, mit welchen Zielsetzungen die CEOs in Europa von KI profitieren m\u00f6chten: Sie wollen die Effizienz steigern (61 % vs. 69 % weltweit), Innovationen vorantreiben (60 % vs. 68 % weltweit) und die Konkurrenz \u00fcberfl\u00fcgeln (55 % vs. 54 % weltweit). Damit das gelingt, sehen die Befragten noch folgende H\u00fcrden: Qualifikationsdefizite (34 %) fehlende Anwendungsszenarien (33 %), Infrastrukturl\u00fccken (32 %) und Risiken in der IT-Sicherheit (31 %).<\/p>\r\n<p>Auch Oliver Tuszik, Pr\u00e4sident Cisco EMEA, ordnet die Ergebnisse ein: \u00abUnternehmen m\u00fcssen sich neu erfinden, wenn sie das Potenzial von KI nutzen wollen. Dann erh\u00f6hen sie ihr Innovationstempo, vereinfachen ihre Abl\u00e4ufe und passen sich an digitale Ver\u00e4nderungen an. Das gelingt aber nicht im Alleingang. Deshalb setzen 95 Prozent der CEOs auf vertrauensw\u00fcrdige Partner.\u00bb<\/p>\r\n<p>CEOs verlassen sich bei der Umsetzung ihrer Pl\u00e4ne auf Hilfe von aussen: 95 Prozent wenden sich an vertrauensw\u00fcrdige Partner, um ihr Unternehmens-Netzwerk f\u00fcr KI zukunftssicher zu machen, so die Cisco-Studie.<\/p>\r\n<h3><strong>Wissen, Infrastruktur, Sicherheit<\/strong><\/h3>\r\n<p>Auf die Frage, mit welchen Schritten sie sich auf ihre KI-Projekte vorbereiten m\u00fcssen, nennen 53 Prozent die Erweiterung ihrer Datenkapazit\u00e4ten. Zudem ben\u00f6tigen sie KI-spezifisches Wissen (51 %), eine verbesserte Netzwerkinfrastruktur (49 %), Schulungen f\u00fcr ihre Belegschaft (46 %), Investitionen in Rechenzentren (44 %) und erweiterte Sicherheitsmassnahmen (41 %). Im internationalen Vergleich liegen die Schwerpunkte etwas anders, hier stehen an erster Stelle Investitionen in Wissen (61 %), vor Datenkapazit\u00e4ten (55 %), Netzwerke (53 %), Weiterbildung (51 %) und Sicherheit (49 %).<\/p>\r\n<p>Die Umsetzung erfordert klare technologische Weichenstellungen \u2013 sowohl intern wie auch bei Partnerschaften. Europ\u00e4ische CEOs vertrauen zunehmend auf ihre CTOs und CIOs, wobei 75 Prozent (80 % weltweit) deren wichtige Rolle bei Investitionsentscheidungen in neue Technologien anerkennen. Technologie-EntscheiderInnen, die moderne Netzwerke und Technologien nicht nur als Hilfsmittel, sondern als Treiber f\u00fcr Wachstum, Widerstandsf\u00e4higkeit und Innovation sehen, \u00fcbernehmen zunehmend Aufgaben auf Gesch\u00e4ftsf\u00fchrungsebene (80 %).<\/p>\r\n<p><em><a href=\"https:\/\/newsroom.cisco.com\/c\/dam\/r\/newsroom\/en\/us\/assets\/a\/y2025\/m02\/Cisco-2025-AI-Briefing-CEO-Edition.pdf\">Weitere Informationen<\/a><\/em><\/p>\n<p class=\"syndicated-attribution\">Dieser Beitrag erschien urspr\u00fcnglich auf m-q.ch - <a href=\"https:\/\/www.m-q.ch\/de\/fast-alle-ceos-wollen-ki-aber-nur-1-ist-umfaenglich-vorbereitet\/\" target=\"_blank\">https:\/\/www.m-q.ch\/de\/fast-alle-ceos-wollen-ki-aber-nur-1-ist-umfaenglich-vorbereitet\/<\/a><\/p>","protected":false},"excerpt":{"rendered":"<p>Cisco, der weltweit f\u00fchrende Anbieter von Netzwerk- und Cybersicherheitsl\u00f6sungen, deckt in seiner aktuellen Studie ein Paradoxon unter CEOs in Europa auf: Zwar kennen 87 Prozent die Vorteile von KI f\u00fcr ihr Unternehmen gut und 97 Prozent planen, KI in ihre Gesch\u00e4ftsabl\u00e4ufe zu integrieren. Hingegen sorgen sich insgesamt 69 Prozent, dass Wissensl\u00fccken zu KI die Entscheidungsfindung in der Chefetage behindern.<\/p>\n","protected":false},"author":80,"featured_media":0,"comment_status":"closed","ping_status":"closed","sticky":false,"template":"","format":"standard","meta":{"_acf_changed":false,"_yoast_wpseo_focuskw":"KI","_yoast_wpseo_metadesc":"Cisco-Studie zeigt: Europas CEOs sehen KI als Chance, doch Wissensl\u00fccken und Infrastrukturschw\u00e4chen bremsen die Umsetzung.","articlekey":"","footnotes":""},"categories":[582],"tags":[103,904,608,1405,2700,492],"class_list":["post-36845","post","type-post","status-publish","format-standard","hentry","category-operational-excellence","tag-business-excellence","tag-ceo","tag-cybersicherheit","tag-infrastruktur","tag-transformation","tag-unternehmen"],"acf":[],"yoast_head":"<!-- This site is optimized with the Yoast SEO plugin v27.4 - https:\/\/yoast.com\/product\/yoast-seo-wordpress\/ -->\n<title>Fast alle CEOs wollen KI, aber nur 1 % ist umf\u00e4nglich vorbereitet - Organisator<\/title>\n<meta name=\"description\" content=\"Cisco-Studie zeigt: Europas CEOs sehen KI als Chance, doch Wissensl\u00fccken und Infrastrukturschw\u00e4chen bremsen die Umsetzung.\" \/>\n<meta name=\"robots\" content=\"index, follow, max-snippet:-1, max-image-preview:large, max-video-preview:-1\" \/>\n<link rel=\"canonical\" href=\"https:\/\/www.organisator.ch\/de\/operational-excellence\/2025-03-13\/fast-alle-ceos-wollen-ki-aber-nur-1-ist-umfaenglich-vorbereitet\/\" \/>\n<meta property=\"og:locale\" content=\"de_DE\" \/>\n<meta property=\"og:type\" content=\"article\" \/>\n<meta property=\"og:title\" content=\"Fast alle CEOs wollen KI, aber nur 1 % ist umf\u00e4nglich vorbereitet - Organisator\" \/>\n<meta property=\"og:description\" content=\"Cisco-Studie zeigt: Europas CEOs sehen KI als Chance, doch Wissensl\u00fccken und Infrastrukturschw\u00e4chen bremsen die Umsetzung.\" \/>\n<meta property=\"og:url\" content=\"https:\/\/www.organisator.ch\/de\/operational-excellence\/2025-03-13\/fast-alle-ceos-wollen-ki-aber-nur-1-ist-umfaenglich-vorbereitet\/\" \/>\n<meta property=\"og:site_name\" content=\"Organisator\" \/>\n<meta property=\"article:publisher\" content=\"https:\/\/www.facebook.com\/OrganisatorFachmagazin\" \/>\n<meta property=\"article:published_time\" content=\"2025-03-13T10:12:15+00:00\" \/>\n<meta name=\"author\" content=\"Dzana Muminovic\" \/>\n<meta name=\"twitter:card\" content=\"summary_large_image\" \/>\n<script type=\"application\/ld+json\" class=\"yoast-schema-graph\">{\"@context\":\"https:\\\/\\\/schema.org\",\"@graph\":[{\"@type\":\"Article\",\"@id\":\"https:\\\/\\\/www.organisator.ch\\\/operational-excellence\\\/2025-03-13\\\/fast-alle-ceos-wollen-ki-aber-nur-1-ist-umfaenglich-vorbereitet\\\/#article\",\"isPartOf\":{\"@id\":\"https:\\\/\\\/www.organisator.ch\\\/operational-excellence\\\/2025-03-13\\\/fast-alle-ceos-wollen-ki-aber-nur-1-ist-umfaenglich-vorbereitet\\\/\"},\"author\":{\"name\":\"Dzana Muminovic\",\"@id\":\"https:\\\/\\\/www.organisator.ch\\\/#\\\/schema\\\/person\\\/afccda3a71c06d4be2ed9100dd163db7\"},\"headline\":\"Fast alle CEOs wollen KI, aber nur 1 % ist umf\u00e4nglich vorbereitet\",\"datePublished\":\"2025-03-13T10:12:15+00:00\",\"mainEntityOfPage\":{\"@id\":\"https:\\\/\\\/www.organisator.ch\\\/operational-excellence\\\/2025-03-13\\\/fast-alle-ceos-wollen-ki-aber-nur-1-ist-umfaenglich-vorbereitet\\\/\"},\"wordCount\":475,\"publisher\":{\"@id\":\"https:\\\/\\\/www.organisator.ch\\\/#organization\"},\"image\":{\"@id\":\"https:\\\/\\\/www.organisator.ch\\\/operational-excellence\\\/2025-03-13\\\/fast-alle-ceos-wollen-ki-aber-nur-1-ist-umfaenglich-vorbereitet\\\/#primaryimage\"},\"thumbnailUrl\":\"https:\\\/\\\/www.m-q.ch\\\/wp-content\\\/uploads\\\/2025\\\/03\\\/Cisco_Bild_ps.jpg\",\"keywords\":[\"Business Excellence\",\"CEO\",\"Cybersicherheit\",\"Infrastruktur\",\"Transformation\",\"Unternehmen\"],\"articleSection\":[\"OPERATIONAL EXCELLENCE\"],\"inLanguage\":\"de\"},{\"@type\":\"WebPage\",\"@id\":\"https:\\\/\\\/www.organisator.ch\\\/operational-excellence\\\/2025-03-13\\\/fast-alle-ceos-wollen-ki-aber-nur-1-ist-umfaenglich-vorbereitet\\\/\",\"url\":\"https:\\\/\\\/www.organisator.ch\\\/operational-excellence\\\/2025-03-13\\\/fast-alle-ceos-wollen-ki-aber-nur-1-ist-umfaenglich-vorbereitet\\\/\",\"name\":\"Fast alle CEOs wollen KI, aber nur 1 % ist umf\u00e4nglich vorbereitet - Organisator\",\"isPartOf\":{\"@id\":\"https:\\\/\\\/www.organisator.ch\\\/#website\"},\"primaryImageOfPage\":{\"@id\":\"https:\\\/\\\/www.organisator.ch\\\/operational-excellence\\\/2025-03-13\\\/fast-alle-ceos-wollen-ki-aber-nur-1-ist-umfaenglich-vorbereitet\\\/#primaryimage\"},\"image\":{\"@id\":\"https:\\\/\\\/www.organisator.ch\\\/operational-excellence\\\/2025-03-13\\\/fast-alle-ceos-wollen-ki-aber-nur-1-ist-umfaenglich-vorbereitet\\\/#primaryimage\"},\"thumbnailUrl\":\"https:\\\/\\\/www.m-q.ch\\\/wp-content\\\/uploads\\\/2025\\\/03\\\/Cisco_Bild_ps.jpg\",\"datePublished\":\"2025-03-13T10:12:15+00:00\",\"description\":\"Cisco-Studie zeigt: Europas CEOs sehen KI als Chance, doch Wissensl\u00fccken und Infrastrukturschw\u00e4chen bremsen die Umsetzung.\",\"breadcrumb\":{\"@id\":\"https:\\\/\\\/www.organisator.ch\\\/operational-excellence\\\/2025-03-13\\\/fast-alle-ceos-wollen-ki-aber-nur-1-ist-umfaenglich-vorbereitet\\\/#breadcrumb\"},\"inLanguage\":\"de\",\"potentialAction\":[{\"@type\":\"ReadAction\",\"target\":[\"https:\\\/\\\/www.organisator.ch\\\/operational-excellence\\\/2025-03-13\\\/fast-alle-ceos-wollen-ki-aber-nur-1-ist-umfaenglich-vorbereitet\\\/\"]}]},{\"@type\":\"ImageObject\",\"inLanguage\":\"de\",\"@id\":\"https:\\\/\\\/www.organisator.ch\\\/operational-excellence\\\/2025-03-13\\\/fast-alle-ceos-wollen-ki-aber-nur-1-ist-umfaenglich-vorbereitet\\\/#primaryimage\",\"url\":\"https:\\\/\\\/www.m-q.ch\\\/wp-content\\\/uploads\\\/2025\\\/03\\\/Cisco_Bild_ps.jpg\",\"contentUrl\":\"https:\\\/\\\/www.m-q.ch\\\/wp-content\\\/uploads\\\/2025\\\/03\\\/Cisco_Bild_ps.jpg\"},{\"@type\":\"BreadcrumbList\",\"@id\":\"https:\\\/\\\/www.organisator.ch\\\/operational-excellence\\\/2025-03-13\\\/fast-alle-ceos-wollen-ki-aber-nur-1-ist-umfaenglich-vorbereitet\\\/#breadcrumb\",\"itemListElement\":[{\"@type\":\"ListItem\",\"position\":1,\"name\":\"Home\",\"item\":\"https:\\\/\\\/www.organisator.ch\\\/\"},{\"@type\":\"ListItem\",\"position\":2,\"name\":\"Fast alle CEOs wollen KI, aber nur 1 % ist umf\u00e4nglich vorbereitet\"}]},{\"@type\":\"WebSite\",\"@id\":\"https:\\\/\\\/www.organisator.ch\\\/#website\",\"url\":\"https:\\\/\\\/www.organisator.ch\\\/\",\"name\":\"Organisator\",\"description\":\"Kompetent. Praxisnah. Der ORGANISATOR bereitet in 10 Ausgaben pro Jahr die wesentlichen Themen f\u00fcr F\u00fchrungskr\u00e4fte von KMU auf.\",\"publisher\":{\"@id\":\"https:\\\/\\\/www.organisator.ch\\\/#organization\"},\"potentialAction\":[{\"@type\":\"SearchAction\",\"target\":{\"@type\":\"EntryPoint\",\"urlTemplate\":\"https:\\\/\\\/www.organisator.ch\\\/?s={search_term_string}\"},\"query-input\":{\"@type\":\"PropertyValueSpecification\",\"valueRequired\":true,\"valueName\":\"search_term_string\"}}],\"inLanguage\":\"de\"},{\"@type\":\"Organization\",\"@id\":\"https:\\\/\\\/www.organisator.ch\\\/#organization\",\"name\":\"Organisator\",\"url\":\"https:\\\/\\\/www.organisator.ch\\\/\",\"logo\":{\"@type\":\"ImageObject\",\"inLanguage\":\"de\",\"@id\":\"https:\\\/\\\/www.organisator.ch\\\/#\\\/schema\\\/logo\\\/image\\\/\",\"url\":\"https:\\\/\\\/www.organisator.ch\\\/wp-content\\\/uploads\\\/2022\\\/01\\\/Logo_Organisator_Website.png\",\"contentUrl\":\"https:\\\/\\\/www.organisator.ch\\\/wp-content\\\/uploads\\\/2022\\\/01\\\/Logo_Organisator_Website.png\",\"width\":800,\"height\":77,\"caption\":\"Organisator\"},\"image\":{\"@id\":\"https:\\\/\\\/www.organisator.ch\\\/#\\\/schema\\\/logo\\\/image\\\/\"},\"sameAs\":[\"https:\\\/\\\/www.facebook.com\\\/OrganisatorFachmagazin\",\"https:\\\/\\\/www.linkedin.com\\\/showcase\\\/organisator-das-magazin-fr-kmu\",\"https:\\\/\\\/www.xing.com\\\/news\\\/pages\\\/organisator-ch-695\",\"https:\\\/\\\/www.youtube.com\\\/channel\\\/UCGP2Sq0iWaZwT3BdIAQFYpw\"]},{\"@type\":\"Person\",\"@id\":\"https:\\\/\\\/www.organisator.ch\\\/#\\\/schema\\\/person\\\/afccda3a71c06d4be2ed9100dd163db7\",\"name\":\"Dzana Muminovic\",\"image\":{\"@type\":\"ImageObject\",\"inLanguage\":\"de\",\"@id\":\"https:\\\/\\\/secure.gravatar.com\\\/avatar\\\/909c5c71aff4b38e88686f2ab2f1ba152571f394f41ed8bae431ea56ced93050?s=96&d=mm&r=g\",\"url\":\"https:\\\/\\\/secure.gravatar.com\\\/avatar\\\/909c5c71aff4b38e88686f2ab2f1ba152571f394f41ed8bae431ea56ced93050?s=96&d=mm&r=g\",\"contentUrl\":\"https:\\\/\\\/secure.gravatar.com\\\/avatar\\\/909c5c71aff4b38e88686f2ab2f1ba152571f394f41ed8bae431ea56ced93050?s=96&d=mm&r=g\",\"caption\":\"Dzana Muminovic\"},\"url\":\"https:\\\/\\\/www.organisator.ch\\\/de\\\/author\\\/dzana-muminovic\\\/\"}]}<\/script>\n<!-- \/ Yoast SEO plugin. -->","yoast_head_json":{"title":"Fast alle CEOs wollen KI, aber nur 1 % ist umf\u00e4nglich vorbereitet - Organisator","description":"Cisco-Studie zeigt: Europas CEOs sehen KI als Chance, doch Wissensl\u00fccken und Infrastrukturschw\u00e4chen bremsen die Umsetzung.","robots":{"index":"index","follow":"follow","max-snippet":"max-snippet:-1","max-image-preview":"max-image-preview:large","max-video-preview":"max-video-preview:-1"},"canonical":"https:\/\/www.organisator.ch\/de\/operational-excellence\/2025-03-13\/fast-alle-ceos-wollen-ki-aber-nur-1-ist-umfaenglich-vorbereitet\/","og_locale":"de_DE","og_type":"article","og_title":"Fast alle CEOs wollen KI, aber nur 1 % ist umf\u00e4nglich vorbereitet - Organisator","og_description":"Cisco-Studie zeigt: Europas CEOs sehen KI als Chance, doch Wissensl\u00fccken und Infrastrukturschw\u00e4chen bremsen die Umsetzung.","og_url":"https:\/\/www.organisator.ch\/de\/operational-excellence\/2025-03-13\/fast-alle-ceos-wollen-ki-aber-nur-1-ist-umfaenglich-vorbereitet\/","og_site_name":"Organisator","article_publisher":"https:\/\/www.facebook.com\/OrganisatorFachmagazin","article_published_time":"2025-03-13T10:12:15+00:00","author":"Dzana Muminovic","twitter_card":"summary_large_image","schema":{"@context":"https:\/\/schema.org","@graph":[{"@type":"Article","@id":"https:\/\/www.organisator.ch\/operational-excellence\/2025-03-13\/fast-alle-ceos-wollen-ki-aber-nur-1-ist-umfaenglich-vorbereitet\/#article","isPartOf":{"@id":"https:\/\/www.organisator.ch\/operational-excellence\/2025-03-13\/fast-alle-ceos-wollen-ki-aber-nur-1-ist-umfaenglich-vorbereitet\/"},"author":{"name":"Dzana Muminovic","@id":"https:\/\/www.organisator.ch\/#\/schema\/person\/afccda3a71c06d4be2ed9100dd163db7"},"headline":"Fast alle CEOs wollen KI, aber nur 1 % ist umf\u00e4nglich vorbereitet","datePublished":"2025-03-13T10:12:15+00:00","mainEntityOfPage":{"@id":"https:\/\/www.organisator.ch\/operational-excellence\/2025-03-13\/fast-alle-ceos-wollen-ki-aber-nur-1-ist-umfaenglich-vorbereitet\/"},"wordCount":475,"publisher":{"@id":"https:\/\/www.organisator.ch\/#organization"},"image":{"@id":"https:\/\/www.organisator.ch\/operational-excellence\/2025-03-13\/fast-alle-ceos-wollen-ki-aber-nur-1-ist-umfaenglich-vorbereitet\/#primaryimage"},"thumbnailUrl":"https:\/\/www.m-q.ch\/wp-content\/uploads\/2025\/03\/Cisco_Bild_ps.jpg","keywords":["Business Excellence","CEO","Cybersicherheit","Infrastruktur","Transformation","Unternehmen"],"articleSection":["OPERATIONAL EXCELLENCE"],"inLanguage":"de"},{"@type":"WebPage","@id":"https:\/\/www.organisator.ch\/operational-excellence\/2025-03-13\/fast-alle-ceos-wollen-ki-aber-nur-1-ist-umfaenglich-vorbereitet\/","url":"https:\/\/www.organisator.ch\/operational-excellence\/2025-03-13\/fast-alle-ceos-wollen-ki-aber-nur-1-ist-umfaenglich-vorbereitet\/","name":"Fast alle CEOs wollen KI, aber nur 1 % ist umf\u00e4nglich vorbereitet - Organisator","isPartOf":{"@id":"https:\/\/www.organisator.ch\/#website"},"primaryImageOfPage":{"@id":"https:\/\/www.organisator.ch\/operational-excellence\/2025-03-13\/fast-alle-ceos-wollen-ki-aber-nur-1-ist-umfaenglich-vorbereitet\/#primaryimage"},"image":{"@id":"https:\/\/www.organisator.ch\/operational-excellence\/2025-03-13\/fast-alle-ceos-wollen-ki-aber-nur-1-ist-umfaenglich-vorbereitet\/#primaryimage"},"thumbnailUrl":"https:\/\/www.m-q.ch\/wp-content\/uploads\/2025\/03\/Cisco_Bild_ps.jpg","datePublished":"2025-03-13T10:12:15+00:00","description":"Cisco-Studie zeigt: Europas CEOs sehen KI als Chance, doch Wissensl\u00fccken und Infrastrukturschw\u00e4chen bremsen die Umsetzung.","breadcrumb":{"@id":"https:\/\/www.organisator.ch\/operational-excellence\/2025-03-13\/fast-alle-ceos-wollen-ki-aber-nur-1-ist-umfaenglich-vorbereitet\/#breadcrumb"},"inLanguage":"de","potentialAction":[{"@type":"ReadAction","target":["https:\/\/www.organisator.ch\/operational-excellence\/2025-03-13\/fast-alle-ceos-wollen-ki-aber-nur-1-ist-umfaenglich-vorbereitet\/"]}]},{"@type":"ImageObject","inLanguage":"de","@id":"https:\/\/www.organisator.ch\/operational-excellence\/2025-03-13\/fast-alle-ceos-wollen-ki-aber-nur-1-ist-umfaenglich-vorbereitet\/#primaryimage","url":"https:\/\/www.m-q.ch\/wp-content\/uploads\/2025\/03\/Cisco_Bild_ps.jpg","contentUrl":"https:\/\/www.m-q.ch\/wp-content\/uploads\/2025\/03\/Cisco_Bild_ps.jpg"},{"@type":"BreadcrumbList","@id":"https:\/\/www.organisator.ch\/operational-excellence\/2025-03-13\/fast-alle-ceos-wollen-ki-aber-nur-1-ist-umfaenglich-vorbereitet\/#breadcrumb","itemListElement":[{"@type":"ListItem","position":1,"name":"Home","item":"https:\/\/www.organisator.ch\/"},{"@type":"ListItem","position":2,"name":"Fast alle CEOs wollen KI, aber nur 1 % ist umf\u00e4nglich vorbereitet"}]},{"@type":"WebSite","@id":"https:\/\/www.organisator.ch\/#website","url":"https:\/\/www.organisator.ch\/","name":"Organisator","description":"Kompetent. Praxisnah. Der ORGANISATOR bereitet in 10 Ausgaben pro Jahr die wesentlichen Themen f\u00fcr F\u00fchrungskr\u00e4fte von KMU auf.","publisher":{"@id":"https:\/\/www.organisator.ch\/#organization"},"potentialAction":[{"@type":"SearchAction","target":{"@type":"EntryPoint","urlTemplate":"https:\/\/www.organisator.ch\/?s={search_term_string}"},"query-input":{"@type":"PropertyValueSpecification","valueRequired":true,"valueName":"search_term_string"}}],"inLanguage":"de"},{"@type":"Organization","@id":"https:\/\/www.organisator.ch\/#organization","name":"Organisator","url":"https:\/\/www.organisator.ch\/","logo":{"@type":"ImageObject","inLanguage":"de","@id":"https:\/\/www.organisator.ch\/#\/schema\/logo\/image\/","url":"https:\/\/www.organisator.ch\/wp-content\/uploads\/2022\/01\/Logo_Organisator_Website.png","contentUrl":"https:\/\/www.organisator.ch\/wp-content\/uploads\/2022\/01\/Logo_Organisator_Website.png","width":800,"height":77,"caption":"Organisator"},"image":{"@id":"https:\/\/www.organisator.ch\/#\/schema\/logo\/image\/"},"sameAs":["https:\/\/www.facebook.com\/OrganisatorFachmagazin","https:\/\/www.linkedin.com\/showcase\/organisator-das-magazin-fr-kmu","https:\/\/www.xing.com\/news\/pages\/organisator-ch-695","https:\/\/www.youtube.com\/channel\/UCGP2Sq0iWaZwT3BdIAQFYpw"]},{"@type":"Person","@id":"https:\/\/www.organisator.ch\/#\/schema\/person\/afccda3a71c06d4be2ed9100dd163db7","name":"Dzana Muminovic","image":{"@type":"ImageObject","inLanguage":"de","@id":"https:\/\/secure.gravatar.com\/avatar\/909c5c71aff4b38e88686f2ab2f1ba152571f394f41ed8bae431ea56ced93050?s=96&d=mm&r=g","url":"https:\/\/secure.gravatar.com\/avatar\/909c5c71aff4b38e88686f2ab2f1ba152571f394f41ed8bae431ea56ced93050?s=96&d=mm&r=g","contentUrl":"https:\/\/secure.gravatar.com\/avatar\/909c5c71aff4b38e88686f2ab2f1ba152571f394f41ed8bae431ea56ced93050?s=96&d=mm&r=g","caption":"Dzana Muminovic"},"url":"https:\/\/www.organisator.ch\/de\/author\/dzana-muminovic\/"}]}},"_links":{"self":[{"href":"https:\/\/www.organisator.ch\/de\/wp-json\/wp\/v2\/posts\/36845","targetHints":{"allow":["GET"]}}],"collection":[{"href":"https:\/\/www.organisator.ch\/de\/wp-json\/wp\/v2\/posts"}],"about":[{"href":"https:\/\/www.organisator.ch\/de\/wp-json\/wp\/v2\/types\/post"}],"author":[{"embeddable":true,"href":"https:\/\/www.organisator.ch\/de\/wp-json\/wp\/v2\/users\/80"}],"replies":[{"embeddable":true,"href":"https:\/\/www.organisator.ch\/de\/wp-json\/wp\/v2\/comments?post=36845"}],"version-history":[{"count":5,"href":"https:\/\/www.organisator.ch\/de\/wp-json\/wp\/v2\/posts\/36845\/revisions"}],"predecessor-version":[{"id":36876,"href":"https:\/\/www.organisator.ch\/de\/wp-json\/wp\/v2\/posts\/36845\/revisions\/36876"}],"wp:attachment":[{"href":"https:\/\/www.organisator.ch\/de\/wp-json\/wp\/v2\/media?parent=36845"}],"wp:term":[{"taxonomy":"category","embeddable":true,"href":"https:\/\/www.organisator.ch\/de\/wp-json\/wp\/v2\/categories?post=36845"},{"taxonomy":"post_tag","embeddable":true,"href":"https:\/\/www.organisator.ch\/de\/wp-json\/wp\/v2\/tags?post=36845"}],"curies":[{"name":"wp","href":"https:\/\/api.w.org\/{rel}","templated":true}]}}