{"id":3685,"date":"2018-05-29T13:27:37","date_gmt":"2018-05-29T11:27:37","guid":{"rendered":"https:\/\/www.organisator.ch\/?p=3685"},"modified":"2018-05-29T13:27:37","modified_gmt":"2018-05-29T11:27:37","slug":"bildungserfolg-juventus-schulen-feiern-100-jahr-jubilaeum","status":"publish","type":"post","link":"https:\/\/www.organisator.ch\/de\/allgemein\/2018-05-29\/bildungserfolg-juventus-schulen-feiern-100-jahr-jubilaeum\/","title":{"rendered":"Bildungserfolg: Juventus Schulen feiern 100-Jahr-Jubil\u00e4um"},"content":{"rendered":"<figure id=\"attachment_3687\" aria-describedby=\"caption-attachment-3687\" style=\"width: 640px\" class=\"wp-caption alignnone\"><img loading=\"lazy\" decoding=\"async\" class=\"size-full wp-image-3687\" src=\"https:\/\/www.organisator.ch\/wp-content\/uploads\/2018\/05\/Bildungserfolg-Juventus-Schulen-feiern-100-Jahr-Jubilaeum_Organisator.jpg\" alt=\"\" width=\"640\" height=\"427\" srcset=\"https:\/\/www.organisator.ch\/wp-content\/uploads\/2018\/05\/Bildungserfolg-Juventus-Schulen-feiern-100-Jahr-Jubilaeum_Organisator.jpg 640w, https:\/\/www.organisator.ch\/wp-content\/uploads\/2018\/05\/Bildungserfolg-Juventus-Schulen-feiern-100-Jahr-Jubilaeum_Organisator-16x12.jpg 16w, https:\/\/www.organisator.ch\/wp-content\/uploads\/2018\/05\/Bildungserfolg-Juventus-Schulen-feiern-100-Jahr-Jubilaeum_Organisator-262x175.jpg 262w, https:\/\/www.organisator.ch\/wp-content\/uploads\/2018\/05\/Bildungserfolg-Juventus-Schulen-feiern-100-Jahr-Jubilaeum_Organisator-525x350.jpg 525w, https:\/\/www.organisator.ch\/wp-content\/uploads\/2018\/05\/Bildungserfolg-Juventus-Schulen-feiern-100-Jahr-Jubilaeum_Organisator-300x200.jpg 300w\" sizes=\"auto, (max-width: 640px) 100vw, 640px\" \/><figcaption id=\"caption-attachment-3687\" class=\"wp-caption-text\">Das Fest zum Jubil\u00e4um wartete mit zahlreichen Live-Acts auf, der Campus der Juventus Schulen war zum Bersten voll. (Bild: Juventus Schulen)<\/figcaption><\/figure>\n<p>Vor genau hundert Jahren hat sich in Z\u00fcrich eine Gruppe engagierter Lehrpersonen mit interessierten Kreisen zusammengeschlossen, um als Lehrergenossenschaft Juventus ein privates Tagesgymnasium f\u00fcr Jugendliche und Erwachsene zu gr\u00fcnden. Bereits zwei Jahre nach der Gr\u00fcndung boten die Juventus Schulen \u2013 als erste Schule in der Schweiz \u2013 ein Abendgymnasium an. Damit konnte die Matura erstmals auch von Erwachsenen berufsbegleitend erlangt werden. Fr\u00fch nahmen die Juventus Schulen eine Vorreiterrolle in der Bildungslandschaft ein und ebneten den zweiten Bildungsweg f\u00fcr Jugendliche und Erwachsene. Heute ist dieser ein wichtiger Teil der Schweizer Bildungslandschaft.<\/p>\n<h2>Digitalisierung als Chance<\/h2>\n<p>Die\u00a0Juventus Schulen setzen auch\u00a0in Sachen Digitalisierung im Bildungsbereich neue Massst\u00e4be: Seit August 2017 findet der Unterricht im neuen Bildungscampus an der Europaallee, direkt neben den Gleisen des Z\u00fcrcher Hauptbahnhofs, statt. Gefeiert wird deshalb nicht nur der 100. Geburtstag der Stiftung, sondern auch die Er\u00f6ffnung des neuen Schulgeb\u00e4udes. Der \u201eJuveCampus&#8220; verf\u00fcgt \u00fcber eine hochmoderne Ausstattung mit h\u00f6chstem Minergie-Label und verbindet die Sch\u00fclerinnen und Sch\u00fcler rund um die Uhr von jedem Ort der Welt aus direkt mit den elektronischen Lehrmitteln, \u00dcbungsmodulen und der Lernplattform.<\/p>\n<h2>Politmatin\u00e9e \u2013 Politisches Bewusstsein und Engagement<\/h2>\n<p>\u201eSelbstverst\u00e4ndlich verlangen wir von unseren Lernenden ein ausgesprochenes Mass an Eigenverantwortung&#8220;, erkl\u00e4rt Matthias R\u00fcegg, Direktor der Juventus Schulen. Im allgemeinbildenden Unterricht haben sich die Lernenden mit engagierten Lehrpersonen intensiv mit Fragen der Demokratie und der politischen Mitsprache befasst. In der zweiten Politmatin\u00e9e hatten sie die einzigartige Chance, Schweizer Politiker mit der Behauptung, \u201eL\u00e4sst die Politik unsere Jugendlichen im Stich?&#8220;, auf den Zahn zu f\u00fchlen. W\u00e4hrend knapp zwei Stunden stellten sich die Politikerinnen und Politiker kritischen Fragen. In der Arena waren Paul Rechsteiner (SP), Claudio Zanetti (SVP), Hans-Peter Portmann (FDP), Barbara Schmid-Federer (CVP), Sibel Arslan (GPS), Markus Bischoff (AL) und Heinz Pantli als urliberale Stimme der Neuen Helvetischen Gesellschaft. \u201eDie politische Debatte ist uns wichtig, weil sie das demokratische Miteinander der Generationen st\u00e4rkt&#8220;, wie Matthias R\u00fcegg klarstellt. \u201eDie jungen Menschen sollen lernen, dass sie ein Teil unserer politischen Landschaft sind, in der sie nach der Ausbildungszeit selber aktiv werden sollen&#8220;. In der Tat begleitet die Schule an der Europaallee j\u00e4hrlich rund 2\u2018000 Lernende in ihrer Aus- und Weiterbildung. Seit ihrer Gr\u00fcndung haben die Juventus Schulen bereits zehntausende Lernende ausgebildet, und das ist in der Tat ein guter Grund zum Feiern.<\/p>\n<p><em><a href=\"http:\/\/www.juventus.ch\">Weitere Informationen<\/a><\/em><\/p>\n<p>&nbsp;<\/p>\n","protected":false},"excerpt":{"rendered":"<p>Vor genau hundert Jahren hat sich in Z\u00fcrich eine Gruppe engagierter Lehrpersonen mit interessierten Kreisen zusammengeschlossen, um als Lehrergenossenschaft Juventus ein privates Tagesgymnasium f\u00fcr Jugendliche und Erwachsene zu gr\u00fcnden. Bereits zwei Jahre nach der Gr\u00fcndung boten die Juventus Schulen \u2013 als erste Schule in der Schweiz \u2013 ein Abendgymnasium an. Damit konnte die Matura erstmals [&hellip;]<\/p>\n","protected":false},"author":4,"featured_media":3687,"comment_status":"open","ping_status":"open","sticky":false,"template":"","format":"standard","meta":{"_acf_changed":false,"_yoast_wpseo_focuskw":"Juventus Schulen","_yoast_wpseo_metadesc":"100 Jahre Bildung, 5 Live-Acts und \u00fcber 3'000 Besucher: Am Samstag, 26. Mai, wurde in den Juventus Schulen statt gelernt, ausgelassen gefeiert.","articlekey":"","footnotes":""},"categories":[1],"tags":[62,292,294,492],"class_list":["post-3685","post","type-post","status-publish","format-standard","has-post-thumbnail","hentry","category-allgemein","tag-aus-weiterbildung","tag-jubilaeum","tag-karriere","tag-unternehmen"],"acf":[],"yoast_head":"<!-- This site is optimized with the Yoast SEO plugin v27.5 - https:\/\/yoast.com\/product\/yoast-seo-wordpress\/ -->\n<title>Bildungserfolg: Juventus Schulen feiern 100-Jahr-Jubil\u00e4um - Organisator<\/title>\n<meta name=\"description\" content=\"100 Jahre Bildung, 5 Live-Acts und \u00fcber 3&#039;000 Besucher: Am Samstag, 26. Mai, wurde in den Juventus Schulen statt gelernt, ausgelassen gefeiert.\" \/>\n<meta name=\"robots\" content=\"index, follow, max-snippet:-1, max-image-preview:large, max-video-preview:-1\" \/>\n<link rel=\"canonical\" href=\"https:\/\/www.organisator.ch\/de\/allgemein\/2018-05-29\/bildungserfolg-juventus-schulen-feiern-100-jahr-jubilaeum\/\" \/>\n<meta property=\"og:locale\" content=\"de_DE\" \/>\n<meta property=\"og:type\" content=\"article\" \/>\n<meta property=\"og:title\" content=\"Bildungserfolg: Juventus Schulen feiern 100-Jahr-Jubil\u00e4um\" \/>\n<meta property=\"og:description\" content=\"100 Jahre Bildung, 5 #Live-Acts und \u00fcber 3&#039;000 Besucher: Am Samstag, 26. Mai, wurde in den #Juventus Schulen statt gelernt, ausgelassen gefeiert.\" \/>\n<meta property=\"og:url\" content=\"https:\/\/www.organisator.ch\/de\/allgemein\/2018-05-29\/bildungserfolg-juventus-schulen-feiern-100-jahr-jubilaeum\/\" \/>\n<meta property=\"og:site_name\" content=\"Organisator\" \/>\n<meta property=\"article:publisher\" content=\"https:\/\/www.facebook.com\/OrganisatorFachmagazin\" \/>\n<meta property=\"article:published_time\" content=\"2018-05-29T11:27:37+00:00\" \/>\n<meta property=\"og:image\" content=\"https:\/\/www.organisator.ch\/wp-content\/uploads\/2018\/05\/Bildungserfolg-Juventus-Schulen-feiern-100-Jahr-Jubilaeum_Organisator.jpg\" \/>\n\t<meta property=\"og:image:width\" content=\"640\" \/>\n\t<meta property=\"og:image:height\" content=\"427\" \/>\n\t<meta property=\"og:image:type\" content=\"image\/jpeg\" \/>\n<meta name=\"author\" content=\"thomas.berner\" \/>\n<meta name=\"twitter:card\" content=\"summary_large_image\" \/>\n<meta name=\"twitter:title\" content=\"#Bildungserfolg: #Juventus Schulen feiern 100-Jahr-Jubil\u00e4um\" \/>\n<meta name=\"twitter:description\" content=\"100 Jahre Bildung, 5 #Live-Acts und \u00fcber 3&#039;000 Besucher: Am Samstag, 26. Mai, wurde in den #Juventus Schulen statt gelernt, ausgelassen gefeiert.\" \/>\n<meta name=\"twitter:image\" content=\"https:\/\/www.organisator.ch\/wp-content\/uploads\/2018\/05\/Bildungserfolg-Juventus-Schulen-feiern-100-Jahr-Jubil\u00e4um_Organisator.jpg\" \/>\n<script type=\"application\/ld+json\" class=\"yoast-schema-graph\">{\"@context\":\"https:\\\/\\\/schema.org\",\"@graph\":[{\"@type\":\"Article\",\"@id\":\"https:\\\/\\\/www.organisator.ch\\\/en\\\/general\\\/2018-05-29\\\/bildungserfolg-juventus-schulen-feiern-100-jahr-jubilaeum\\\/#article\",\"isPartOf\":{\"@id\":\"https:\\\/\\\/www.organisator.ch\\\/en\\\/general\\\/2018-05-29\\\/bildungserfolg-juventus-schulen-feiern-100-jahr-jubilaeum\\\/\"},\"author\":{\"name\":\"thomas.berner\",\"@id\":\"https:\\\/\\\/www.organisator.ch\\\/#\\\/schema\\\/person\\\/6f650f90b2842cd4c0cc334b4e36f67e\"},\"headline\":\"Bildungserfolg: Juventus Schulen feiern 100-Jahr-Jubil\u00e4um\",\"datePublished\":\"2018-05-29T11:27:37+00:00\",\"mainEntityOfPage\":{\"@id\":\"https:\\\/\\\/www.organisator.ch\\\/en\\\/general\\\/2018-05-29\\\/bildungserfolg-juventus-schulen-feiern-100-jahr-jubilaeum\\\/\"},\"wordCount\":430,\"commentCount\":0,\"publisher\":{\"@id\":\"https:\\\/\\\/www.organisator.ch\\\/#organization\"},\"image\":{\"@id\":\"https:\\\/\\\/www.organisator.ch\\\/en\\\/general\\\/2018-05-29\\\/bildungserfolg-juventus-schulen-feiern-100-jahr-jubilaeum\\\/#primaryimage\"},\"thumbnailUrl\":\"https:\\\/\\\/www.organisator.ch\\\/wp-content\\\/uploads\\\/2018\\\/05\\\/Bildungserfolg-Juventus-Schulen-feiern-100-Jahr-Jubilaeum_Organisator.jpg\",\"keywords\":[\"Aus-\\\/Weiterbildung\",\"Jubil\u00e4um\",\"Karriere\",\"Unternehmen\"],\"inLanguage\":\"de\"},{\"@type\":\"WebPage\",\"@id\":\"https:\\\/\\\/www.organisator.ch\\\/en\\\/general\\\/2018-05-29\\\/bildungserfolg-juventus-schulen-feiern-100-jahr-jubilaeum\\\/\",\"url\":\"https:\\\/\\\/www.organisator.ch\\\/en\\\/general\\\/2018-05-29\\\/bildungserfolg-juventus-schulen-feiern-100-jahr-jubilaeum\\\/\",\"name\":\"Bildungserfolg: Juventus Schulen feiern 100-Jahr-Jubil\u00e4um - Organisator\",\"isPartOf\":{\"@id\":\"https:\\\/\\\/www.organisator.ch\\\/#website\"},\"primaryImageOfPage\":{\"@id\":\"https:\\\/\\\/www.organisator.ch\\\/en\\\/general\\\/2018-05-29\\\/bildungserfolg-juventus-schulen-feiern-100-jahr-jubilaeum\\\/#primaryimage\"},\"image\":{\"@id\":\"https:\\\/\\\/www.organisator.ch\\\/en\\\/general\\\/2018-05-29\\\/bildungserfolg-juventus-schulen-feiern-100-jahr-jubilaeum\\\/#primaryimage\"},\"thumbnailUrl\":\"https:\\\/\\\/www.organisator.ch\\\/wp-content\\\/uploads\\\/2018\\\/05\\\/Bildungserfolg-Juventus-Schulen-feiern-100-Jahr-Jubilaeum_Organisator.jpg\",\"datePublished\":\"2018-05-29T11:27:37+00:00\",\"description\":\"100 Jahre Bildung, 5 Live-Acts und \u00fcber 3'000 Besucher: Am Samstag, 26. Mai, wurde in den Juventus Schulen statt gelernt, ausgelassen gefeiert.\",\"breadcrumb\":{\"@id\":\"https:\\\/\\\/www.organisator.ch\\\/en\\\/general\\\/2018-05-29\\\/bildungserfolg-juventus-schulen-feiern-100-jahr-jubilaeum\\\/#breadcrumb\"},\"inLanguage\":\"de\",\"potentialAction\":[{\"@type\":\"ReadAction\",\"target\":[\"https:\\\/\\\/www.organisator.ch\\\/en\\\/general\\\/2018-05-29\\\/bildungserfolg-juventus-schulen-feiern-100-jahr-jubilaeum\\\/\"]}]},{\"@type\":\"ImageObject\",\"inLanguage\":\"de\",\"@id\":\"https:\\\/\\\/www.organisator.ch\\\/en\\\/general\\\/2018-05-29\\\/bildungserfolg-juventus-schulen-feiern-100-jahr-jubilaeum\\\/#primaryimage\",\"url\":\"https:\\\/\\\/www.organisator.ch\\\/wp-content\\\/uploads\\\/2018\\\/05\\\/Bildungserfolg-Juventus-Schulen-feiern-100-Jahr-Jubilaeum_Organisator.jpg\",\"contentUrl\":\"https:\\\/\\\/www.organisator.ch\\\/wp-content\\\/uploads\\\/2018\\\/05\\\/Bildungserfolg-Juventus-Schulen-feiern-100-Jahr-Jubilaeum_Organisator.jpg\",\"width\":640,\"height\":427,\"caption\":\"Das Fest zum Jubil\u00e4um wartete mit zahlreichen Live-Acts auf, der Campus der Juventus Schulen war zum Bersten voll. (Bild: Juventus Schulen)\"},{\"@type\":\"BreadcrumbList\",\"@id\":\"https:\\\/\\\/www.organisator.ch\\\/en\\\/general\\\/2018-05-29\\\/bildungserfolg-juventus-schulen-feiern-100-jahr-jubilaeum\\\/#breadcrumb\",\"itemListElement\":[{\"@type\":\"ListItem\",\"position\":1,\"name\":\"Home\",\"item\":\"https:\\\/\\\/www.organisator.ch\\\/\"},{\"@type\":\"ListItem\",\"position\":2,\"name\":\"Bildungserfolg: Juventus Schulen feiern 100-Jahr-Jubil\u00e4um\"}]},{\"@type\":\"WebSite\",\"@id\":\"https:\\\/\\\/www.organisator.ch\\\/#website\",\"url\":\"https:\\\/\\\/www.organisator.ch\\\/\",\"name\":\"Organisator\",\"description\":\"Kompetent. Praxisnah. Der ORGANISATOR bereitet in 10 Ausgaben pro Jahr die wesentlichen Themen f\u00fcr F\u00fchrungskr\u00e4fte von KMU auf.\",\"publisher\":{\"@id\":\"https:\\\/\\\/www.organisator.ch\\\/#organization\"},\"potentialAction\":[{\"@type\":\"SearchAction\",\"target\":{\"@type\":\"EntryPoint\",\"urlTemplate\":\"https:\\\/\\\/www.organisator.ch\\\/?s={search_term_string}\"},\"query-input\":{\"@type\":\"PropertyValueSpecification\",\"valueRequired\":true,\"valueName\":\"search_term_string\"}}],\"inLanguage\":\"de\"},{\"@type\":\"Organization\",\"@id\":\"https:\\\/\\\/www.organisator.ch\\\/#organization\",\"name\":\"Organisator\",\"url\":\"https:\\\/\\\/www.organisator.ch\\\/\",\"logo\":{\"@type\":\"ImageObject\",\"inLanguage\":\"de\",\"@id\":\"https:\\\/\\\/www.organisator.ch\\\/#\\\/schema\\\/logo\\\/image\\\/\",\"url\":\"https:\\\/\\\/www.organisator.ch\\\/wp-content\\\/uploads\\\/2022\\\/01\\\/Logo_Organisator_Website.png\",\"contentUrl\":\"https:\\\/\\\/www.organisator.ch\\\/wp-content\\\/uploads\\\/2022\\\/01\\\/Logo_Organisator_Website.png\",\"width\":800,\"height\":77,\"caption\":\"Organisator\"},\"image\":{\"@id\":\"https:\\\/\\\/www.organisator.ch\\\/#\\\/schema\\\/logo\\\/image\\\/\"},\"sameAs\":[\"https:\\\/\\\/www.facebook.com\\\/OrganisatorFachmagazin\",\"https:\\\/\\\/www.linkedin.com\\\/showcase\\\/organisator-das-magazin-fr-kmu\",\"https:\\\/\\\/www.xing.com\\\/news\\\/pages\\\/organisator-ch-695\",\"https:\\\/\\\/www.youtube.com\\\/channel\\\/UCGP2Sq0iWaZwT3BdIAQFYpw\"]},{\"@type\":\"Person\",\"@id\":\"https:\\\/\\\/www.organisator.ch\\\/#\\\/schema\\\/person\\\/6f650f90b2842cd4c0cc334b4e36f67e\",\"name\":\"thomas.berner\",\"image\":{\"@type\":\"ImageObject\",\"inLanguage\":\"de\",\"@id\":\"https:\\\/\\\/secure.gravatar.com\\\/avatar\\\/ac5001d2a36cb6c6cd3e50789007ffca834b477b74a2144564522e944eabff61?s=96&d=mm&r=g\",\"url\":\"https:\\\/\\\/secure.gravatar.com\\\/avatar\\\/ac5001d2a36cb6c6cd3e50789007ffca834b477b74a2144564522e944eabff61?s=96&d=mm&r=g\",\"contentUrl\":\"https:\\\/\\\/secure.gravatar.com\\\/avatar\\\/ac5001d2a36cb6c6cd3e50789007ffca834b477b74a2144564522e944eabff61?s=96&d=mm&r=g\",\"caption\":\"thomas.berner\"},\"url\":\"https:\\\/\\\/www.organisator.ch\\\/de\\\/author\\\/thomas-berner\\\/\"}]}<\/script>\n<!-- \/ Yoast SEO plugin. -->","yoast_head_json":{"title":"Bildungserfolg: Juventus Schulen feiern 100-Jahr-Jubil\u00e4um - Organisator","description":"100 Jahre Bildung, 5 Live-Acts und \u00fcber 3'000 Besucher: Am Samstag, 26. Mai, wurde in den Juventus Schulen statt gelernt, ausgelassen gefeiert.","robots":{"index":"index","follow":"follow","max-snippet":"max-snippet:-1","max-image-preview":"max-image-preview:large","max-video-preview":"max-video-preview:-1"},"canonical":"https:\/\/www.organisator.ch\/de\/allgemein\/2018-05-29\/bildungserfolg-juventus-schulen-feiern-100-jahr-jubilaeum\/","og_locale":"de_DE","og_type":"article","og_title":"Bildungserfolg: Juventus Schulen feiern 100-Jahr-Jubil\u00e4um","og_description":"100 Jahre Bildung, 5 #Live-Acts und \u00fcber 3'000 Besucher: Am Samstag, 26. Mai, wurde in den #Juventus Schulen statt gelernt, ausgelassen gefeiert.","og_url":"https:\/\/www.organisator.ch\/de\/allgemein\/2018-05-29\/bildungserfolg-juventus-schulen-feiern-100-jahr-jubilaeum\/","og_site_name":"Organisator","article_publisher":"https:\/\/www.facebook.com\/OrganisatorFachmagazin","article_published_time":"2018-05-29T11:27:37+00:00","og_image":[{"width":640,"height":427,"url":"https:\/\/www.organisator.ch\/wp-content\/uploads\/2018\/05\/Bildungserfolg-Juventus-Schulen-feiern-100-Jahr-Jubilaeum_Organisator.jpg","type":"image\/jpeg"}],"author":"thomas.berner","twitter_card":"summary_large_image","twitter_title":"#Bildungserfolg: #Juventus Schulen feiern 100-Jahr-Jubil\u00e4um","twitter_description":"100 Jahre Bildung, 5 #Live-Acts und \u00fcber 3'000 Besucher: Am Samstag, 26. Mai, wurde in den #Juventus Schulen statt gelernt, ausgelassen gefeiert.","twitter_image":"https:\/\/www.organisator.ch\/wp-content\/uploads\/2018\/05\/Bildungserfolg-Juventus-Schulen-feiern-100-Jahr-Jubil\u00e4um_Organisator.jpg","schema":{"@context":"https:\/\/schema.org","@graph":[{"@type":"Article","@id":"https:\/\/www.organisator.ch\/en\/general\/2018-05-29\/bildungserfolg-juventus-schulen-feiern-100-jahr-jubilaeum\/#article","isPartOf":{"@id":"https:\/\/www.organisator.ch\/en\/general\/2018-05-29\/bildungserfolg-juventus-schulen-feiern-100-jahr-jubilaeum\/"},"author":{"name":"thomas.berner","@id":"https:\/\/www.organisator.ch\/#\/schema\/person\/6f650f90b2842cd4c0cc334b4e36f67e"},"headline":"Bildungserfolg: Juventus Schulen feiern 100-Jahr-Jubil\u00e4um","datePublished":"2018-05-29T11:27:37+00:00","mainEntityOfPage":{"@id":"https:\/\/www.organisator.ch\/en\/general\/2018-05-29\/bildungserfolg-juventus-schulen-feiern-100-jahr-jubilaeum\/"},"wordCount":430,"commentCount":0,"publisher":{"@id":"https:\/\/www.organisator.ch\/#organization"},"image":{"@id":"https:\/\/www.organisator.ch\/en\/general\/2018-05-29\/bildungserfolg-juventus-schulen-feiern-100-jahr-jubilaeum\/#primaryimage"},"thumbnailUrl":"https:\/\/www.organisator.ch\/wp-content\/uploads\/2018\/05\/Bildungserfolg-Juventus-Schulen-feiern-100-Jahr-Jubilaeum_Organisator.jpg","keywords":["Aus-\/Weiterbildung","Jubil\u00e4um","Karriere","Unternehmen"],"inLanguage":"de"},{"@type":"WebPage","@id":"https:\/\/www.organisator.ch\/en\/general\/2018-05-29\/bildungserfolg-juventus-schulen-feiern-100-jahr-jubilaeum\/","url":"https:\/\/www.organisator.ch\/en\/general\/2018-05-29\/bildungserfolg-juventus-schulen-feiern-100-jahr-jubilaeum\/","name":"Bildungserfolg: Juventus Schulen feiern 100-Jahr-Jubil\u00e4um - Organisator","isPartOf":{"@id":"https:\/\/www.organisator.ch\/#website"},"primaryImageOfPage":{"@id":"https:\/\/www.organisator.ch\/en\/general\/2018-05-29\/bildungserfolg-juventus-schulen-feiern-100-jahr-jubilaeum\/#primaryimage"},"image":{"@id":"https:\/\/www.organisator.ch\/en\/general\/2018-05-29\/bildungserfolg-juventus-schulen-feiern-100-jahr-jubilaeum\/#primaryimage"},"thumbnailUrl":"https:\/\/www.organisator.ch\/wp-content\/uploads\/2018\/05\/Bildungserfolg-Juventus-Schulen-feiern-100-Jahr-Jubilaeum_Organisator.jpg","datePublished":"2018-05-29T11:27:37+00:00","description":"100 Jahre Bildung, 5 Live-Acts und \u00fcber 3'000 Besucher: Am Samstag, 26. Mai, wurde in den Juventus Schulen statt gelernt, ausgelassen gefeiert.","breadcrumb":{"@id":"https:\/\/www.organisator.ch\/en\/general\/2018-05-29\/bildungserfolg-juventus-schulen-feiern-100-jahr-jubilaeum\/#breadcrumb"},"inLanguage":"de","potentialAction":[{"@type":"ReadAction","target":["https:\/\/www.organisator.ch\/en\/general\/2018-05-29\/bildungserfolg-juventus-schulen-feiern-100-jahr-jubilaeum\/"]}]},{"@type":"ImageObject","inLanguage":"de","@id":"https:\/\/www.organisator.ch\/en\/general\/2018-05-29\/bildungserfolg-juventus-schulen-feiern-100-jahr-jubilaeum\/#primaryimage","url":"https:\/\/www.organisator.ch\/wp-content\/uploads\/2018\/05\/Bildungserfolg-Juventus-Schulen-feiern-100-Jahr-Jubilaeum_Organisator.jpg","contentUrl":"https:\/\/www.organisator.ch\/wp-content\/uploads\/2018\/05\/Bildungserfolg-Juventus-Schulen-feiern-100-Jahr-Jubilaeum_Organisator.jpg","width":640,"height":427,"caption":"Das Fest zum Jubil\u00e4um wartete mit zahlreichen Live-Acts auf, der Campus der Juventus Schulen war zum Bersten voll. (Bild: Juventus Schulen)"},{"@type":"BreadcrumbList","@id":"https:\/\/www.organisator.ch\/en\/general\/2018-05-29\/bildungserfolg-juventus-schulen-feiern-100-jahr-jubilaeum\/#breadcrumb","itemListElement":[{"@type":"ListItem","position":1,"name":"Home","item":"https:\/\/www.organisator.ch\/"},{"@type":"ListItem","position":2,"name":"Bildungserfolg: Juventus Schulen feiern 100-Jahr-Jubil\u00e4um"}]},{"@type":"WebSite","@id":"https:\/\/www.organisator.ch\/#website","url":"https:\/\/www.organisator.ch\/","name":"Organisator","description":"Kompetent. Praxisnah. Der ORGANISATOR bereitet in 10 Ausgaben pro Jahr die wesentlichen Themen f\u00fcr F\u00fchrungskr\u00e4fte von KMU auf.","publisher":{"@id":"https:\/\/www.organisator.ch\/#organization"},"potentialAction":[{"@type":"SearchAction","target":{"@type":"EntryPoint","urlTemplate":"https:\/\/www.organisator.ch\/?s={search_term_string}"},"query-input":{"@type":"PropertyValueSpecification","valueRequired":true,"valueName":"search_term_string"}}],"inLanguage":"de"},{"@type":"Organization","@id":"https:\/\/www.organisator.ch\/#organization","name":"Organisator","url":"https:\/\/www.organisator.ch\/","logo":{"@type":"ImageObject","inLanguage":"de","@id":"https:\/\/www.organisator.ch\/#\/schema\/logo\/image\/","url":"https:\/\/www.organisator.ch\/wp-content\/uploads\/2022\/01\/Logo_Organisator_Website.png","contentUrl":"https:\/\/www.organisator.ch\/wp-content\/uploads\/2022\/01\/Logo_Organisator_Website.png","width":800,"height":77,"caption":"Organisator"},"image":{"@id":"https:\/\/www.organisator.ch\/#\/schema\/logo\/image\/"},"sameAs":["https:\/\/www.facebook.com\/OrganisatorFachmagazin","https:\/\/www.linkedin.com\/showcase\/organisator-das-magazin-fr-kmu","https:\/\/www.xing.com\/news\/pages\/organisator-ch-695","https:\/\/www.youtube.com\/channel\/UCGP2Sq0iWaZwT3BdIAQFYpw"]},{"@type":"Person","@id":"https:\/\/www.organisator.ch\/#\/schema\/person\/6f650f90b2842cd4c0cc334b4e36f67e","name":"thomas.berner","image":{"@type":"ImageObject","inLanguage":"de","@id":"https:\/\/secure.gravatar.com\/avatar\/ac5001d2a36cb6c6cd3e50789007ffca834b477b74a2144564522e944eabff61?s=96&d=mm&r=g","url":"https:\/\/secure.gravatar.com\/avatar\/ac5001d2a36cb6c6cd3e50789007ffca834b477b74a2144564522e944eabff61?s=96&d=mm&r=g","contentUrl":"https:\/\/secure.gravatar.com\/avatar\/ac5001d2a36cb6c6cd3e50789007ffca834b477b74a2144564522e944eabff61?s=96&d=mm&r=g","caption":"thomas.berner"},"url":"https:\/\/www.organisator.ch\/de\/author\/thomas-berner\/"}]}},"_links":{"self":[{"href":"https:\/\/www.organisator.ch\/de\/wp-json\/wp\/v2\/posts\/3685","targetHints":{"allow":["GET"]}}],"collection":[{"href":"https:\/\/www.organisator.ch\/de\/wp-json\/wp\/v2\/posts"}],"about":[{"href":"https:\/\/www.organisator.ch\/de\/wp-json\/wp\/v2\/types\/post"}],"author":[{"embeddable":true,"href":"https:\/\/www.organisator.ch\/de\/wp-json\/wp\/v2\/users\/4"}],"replies":[{"embeddable":true,"href":"https:\/\/www.organisator.ch\/de\/wp-json\/wp\/v2\/comments?post=3685"}],"version-history":[{"count":0,"href":"https:\/\/www.organisator.ch\/de\/wp-json\/wp\/v2\/posts\/3685\/revisions"}],"wp:featuredmedia":[{"embeddable":true,"href":"https:\/\/www.organisator.ch\/de\/wp-json\/wp\/v2\/media\/3687"}],"wp:attachment":[{"href":"https:\/\/www.organisator.ch\/de\/wp-json\/wp\/v2\/media?parent=3685"}],"wp:term":[{"taxonomy":"category","embeddable":true,"href":"https:\/\/www.organisator.ch\/de\/wp-json\/wp\/v2\/categories?post=3685"},{"taxonomy":"post_tag","embeddable":true,"href":"https:\/\/www.organisator.ch\/de\/wp-json\/wp\/v2\/tags?post=3685"}],"curies":[{"name":"wp","href":"https:\/\/api.w.org\/{rel}","templated":true}]}}