{"id":36854,"date":"2025-03-13T10:22:32","date_gmt":"2025-03-13T09:22:32","guid":{"rendered":"https:\/\/www.organisator.ch\/?p=36854"},"modified":"2025-03-13T10:22:32","modified_gmt":"2025-03-13T09:22:32","slug":"25-jahre-bildung-am-institut-fuer-facility-management","status":"publish","type":"post","link":"https:\/\/www.organisator.ch\/de\/weiterbildung\/2025-03-13\/25-jahre-bildung-am-institut-fuer-facility-management\/","title":{"rendered":"25 Jahre Bildung am Institut f\u00fcr Facility Management"},"content":{"rendered":"<figure id=\"attachment_36855\" aria-describedby=\"caption-attachment-36855\" style=\"width: 680px\" class=\"wp-caption alignnone\"><img loading=\"lazy\" decoding=\"async\" class=\"wp-image-36855 size-full\" src=\"https:\/\/www.organisator.ch\/wp-content\/uploads\/2025\/03\/ZHAW_Bild1_ps.jpg\" alt=\"\" width=\"680\" height=\"453\" srcset=\"https:\/\/www.organisator.ch\/wp-content\/uploads\/2025\/03\/ZHAW_Bild1_ps.jpg 680w, https:\/\/www.organisator.ch\/wp-content\/uploads\/2025\/03\/ZHAW_Bild1_ps-18x12.jpg 18w, https:\/\/www.organisator.ch\/wp-content\/uploads\/2025\/03\/ZHAW_Bild1_ps-375x250.jpg 375w, https:\/\/www.organisator.ch\/wp-content\/uploads\/2025\/03\/ZHAW_Bild1_ps-525x350.jpg 525w\" sizes=\"auto, (max-width: 680px) 100vw, 680px\" \/><figcaption id=\"caption-attachment-36855\" class=\"wp-caption-text\">25 Jahre Bildung am IFM: Auf dem Podium stellten sich Lukas Windlinger, Matthias Ruoss, Barbara Keller Foletti, Alexa M\u00fcller und Thomas Wehrm\u00fcller den Fragen von Irene Arnold und Michael Kauer (v.l.n.r.). (Bild: ZHAW \/ Foto Tevy)<\/figcaption><\/figure>\n<p>Als Schweizer Kompetenzzentrum f\u00fcr Immobilien- und Facility Management organisiert das Institut f\u00fcr Facility Management (IFM) der ZHAW jedes Jahr einen Begegnungstag f\u00fcr Fachleute aus Forschung und Praxis. Die Ausgabe 2025, die am 7. M\u00e4rz stattfand, war eine ganz besondere, denn es konnte 25 Jahre Bildung am IFM gefeiert werden. In seiner Begr\u00fcssung erw\u00e4hnte Michael Kauer, Co-Institutsleiter, die rund 1500 Absolventinnen und Absolventen, die seit dem Jahr 2000 erfolgreich eine Aus- oder Weiterbildung abschliessen konnten, und warum es noch viele mehr geben wird und muss: \u00abDie Zusammenarbeit mit und f\u00fcr Menschen kann KI nicht ersetzen.\u00bb Isabelle Wrase, Co-Institutsleiterin, sprach \u00fcber die Vision bis 2029, um das IFM als f\u00fchrende Bildungs- und Forschungsinstitution f\u00fcr Real Estate, Workplace, Facility und Hospitality Management zu etablieren: \u00abWir wollen Wissen nicht nur vermitteln, sondern auch mitgestalten.\u00bb<\/p>\n<p><strong>Meilensteine und Pers\u00f6nlichkeiten in der Bildung am IFM<\/strong><\/p>\n<p>Der erste Programmpunkt war dem Jubil\u00e4um gewidmet. In ihrem R\u00fcckblick wies Irene Arnold, Studiengangleiterin des Bachelor Facility Management, auf den Meilenstein hin, der nun gefeiert wird. Im Jahr 2000 wurde beim Bundesrat der Antrag zur Umbenennung des Studiengangs in \u00abFacility Management\u00bb gestellt. Im R\u00fcckblick kamen vor allem Menschen zu Wort. Thomas Wehrm\u00fcller, der das Institut mitbegr\u00fcndet hatte, erw\u00e4hnte den Widerstand bis zur Anerkennung als Hochschulstudium, denn man zweifelte die Wissenschaftlichkeit dieser Disziplin an.<\/p>\n<p>Barbara Keller Foletti, ehemalige Leiterin Weiterbildung, betonte die F\u00fchrungskompetenzen, die seit je her zentral in der Weiterbildung vermittelt werden. Alexa M\u00fcller, Absolventin des Bachelor-Studiengangs, sprach \u00fcber die Vielseitigkeit des Studiums, die sie heute im Beruf als Leiterin mehrerer Shopping Center nutzen k\u00f6nne. Lukas Windlinger, Dozent am IFM seit 2002, berichtete \u00fcber die Ver\u00e4nderungen in der Lehre, sowohl bei der Technik \u2013 von Papier und Hellraumprojektor zu KI \u2013 wie auch beim Lernen selbst. Heute sei Selbstverantwortung sehr wichtig. Absolvent Matthias Ruoss betonte die Wichtigkeit des Netzwerks, das er im Studium aufbauen konnte und wovon er heute profitiert.<\/p>\n<figure id=\"attachment_36856\" aria-describedby=\"caption-attachment-36856\" style=\"width: 680px\" class=\"wp-caption alignnone\"><img loading=\"lazy\" decoding=\"async\" class=\"size-full wp-image-36856\" src=\"https:\/\/www.organisator.ch\/wp-content\/uploads\/2025\/03\/ZHAW_Bild2_ps.jpg\" alt=\"\" width=\"680\" height=\"453\" srcset=\"https:\/\/www.organisator.ch\/wp-content\/uploads\/2025\/03\/ZHAW_Bild2_ps.jpg 680w, https:\/\/www.organisator.ch\/wp-content\/uploads\/2025\/03\/ZHAW_Bild2_ps-18x12.jpg 18w, https:\/\/www.organisator.ch\/wp-content\/uploads\/2025\/03\/ZHAW_Bild2_ps-375x250.jpg 375w, https:\/\/www.organisator.ch\/wp-content\/uploads\/2025\/03\/ZHAW_Bild2_ps-525x350.jpg 525w\" sizes=\"auto, (max-width: 680px) 100vw, 680px\" \/><figcaption id=\"caption-attachment-36856\" class=\"wp-caption-text\">Mit gut 100 Teilnehmenden war der IFM Day 2025 wiederum gut besucht. (Bild: ZHAW \/ Foto Tevy)<\/figcaption><\/figure>\n<p><strong>W\u00fcnschenswerte Zuk\u00fcnfte bewirtschaften<\/strong><\/p>\n<p>Die Hauptrednerin, Zukunftsforscherin Senem Wicki, sprach \u00fcber die Bewirtschaftung der Zukunft und nahm dazu das Publikum mit auf eine Zeitreise. Viele w\u00fcrden die Zukunft bewirtschaften \u2013 fr\u00fcher eher Orakel, heute mehr das Silicon Valley \u2013, aber eigentlich sei Zukunftsdenken etwas Allt\u00e4gliches, denn nur schon beim Einkaufen m\u00fcssten wir das tun. In einem Gedankenexperiment liess Senem Wicki das Publikum einen Morgen im Jahr 2035 verbringen und sprach dar\u00fcber, warum es gar nicht so einfach sei, sich dies vorzustellen. Dank exponentiellen Entwicklungen werde die Zukunft breiter. Dies l\u00f6se aber auch \u00c4ngste aus, was den Fokus eher verenge. So entstehe eine Vorstellungsl\u00fccke: Es w\u00e4re sehr viel m\u00f6glich, aber wir sehen es nicht. Senem Wicki pl\u00e4dierte daf\u00fcr, den Vorausstellungsraum zu erweitern und dabei den Fokus darauf zu legen, welche Werte einem wichtig seien. So k\u00f6nne auf diese w\u00fcnschenswerte Zukunft hingearbeitet werden.<\/p>\n<p><strong>Anforderungen an k\u00fcnftige Absolventinnen und Absolventen<\/strong><\/p>\n<p>Nach der Kaffeepause ging es in drei Workshops um die Bildung der Zukunft in Facility Management. Im Workshop \u00abLernen\u00bb kristallisierten sich zwei Themenbereiche heraus. Einerseits der modulare und flexible Aufbau des Studiums, anderseits die Rolle des Campus. Studium vor Ort sei dann sinnvoll, wenn man den Campus auch als Campus nutzen kann und will. Im Workshop \u00abTrends\u00bb ging es stark um Prozesse und deren Standardisierung und Optimierung. Denn nur so sei das Analysieren von Daten auch sinnvoll machbar. Zudem wurde der Beitrag als junger Mensch diskutiert, um die Zukunft zu gestalten. Der Workshop \u00abSkills\u00bb stellte die Frage, was Absolventinnen und Absolventen 2030 k\u00f6nnen sollen. Servicewelten gestalten sei ein wichtiger Skill. Und da es viele Ver\u00e4nderung geben werde, m\u00fcsse man Leute auf diese Reise mitnehmen k\u00f6nnen.<\/p>\n<p><em>Quelle: <a href=\"https:\/\/www.zhaw.ch\/de\/hochschule\">www.zhaw.ch<\/a><\/em><\/p>\n","protected":false},"excerpt":{"rendered":"<p>Was haben wir gelernt? Wie soll die Bildung der Zukunft aussehen? Am IFM Day 2025 des ZHAW-Instituts f\u00fcr Facility Management zum Thema \u00ab25 Jahre Bildung am IFM \u2013 Kompetenz, die Zukunft gestaltet!\u00bb diskutierten rund 100 Fachleute \u00fcber die Aus- und Weiterbildung im Facility Management.<\/p>\n","protected":false},"author":80,"featured_media":36855,"comment_status":"closed","ping_status":"closed","sticky":false,"template":"","format":"standard","meta":{"_acf_changed":false,"_yoast_wpseo_focuskw":"Facility Management","_yoast_wpseo_metadesc":"IFM Day 2025: Experten diskutieren \u00fcber die Zukunft der Bildung im Facility Management und die Anforderungen an k\u00fcnftige Fachkr\u00e4fte.","articlekey":"","footnotes":""},"categories":[30],"tags":[814,195,5181,2600,3199],"class_list":["post-36854","post","type-post","status-publish","format-standard","has-post-thumbnail","hentry","category-weiterbildung","tag-bildung","tag-facility-management","tag-ifm","tag-zhaw","tag-zukunft"],"acf":[],"yoast_head":"<!-- This site is optimized with the Yoast SEO plugin v27.5 - https:\/\/yoast.com\/product\/yoast-seo-wordpress\/ -->\n<title>25 Jahre Bildung am Institut f\u00fcr Facility Management - Organisator<\/title>\n<meta name=\"description\" content=\"IFM Day 2025: Experten diskutieren \u00fcber die Zukunft der Bildung im Facility Management und die Anforderungen an k\u00fcnftige Fachkr\u00e4fte.\" \/>\n<meta name=\"robots\" content=\"index, follow, max-snippet:-1, max-image-preview:large, max-video-preview:-1\" \/>\n<link rel=\"canonical\" href=\"https:\/\/www.organisator.ch\/de\/weiterbildung\/2025-03-13\/25-jahre-bildung-am-institut-fuer-facility-management\/\" \/>\n<meta property=\"og:locale\" content=\"de_DE\" \/>\n<meta property=\"og:type\" content=\"article\" \/>\n<meta property=\"og:title\" content=\"25 Jahre Bildung am Institut f\u00fcr Facility Management\" \/>\n<meta property=\"og:description\" content=\"IFM Day 2025: Experten diskutieren \u00fcber die Zukunft der Bildung im Facility Management und die Anforderungen an k\u00fcnftige Fachkr\u00e4fte.\" \/>\n<meta property=\"og:url\" content=\"https:\/\/www.organisator.ch\/de\/weiterbildung\/2025-03-13\/25-jahre-bildung-am-institut-fuer-facility-management\/\" \/>\n<meta property=\"og:site_name\" content=\"Organisator\" \/>\n<meta property=\"article:publisher\" content=\"https:\/\/www.facebook.com\/OrganisatorFachmagazin\" \/>\n<meta property=\"article:published_time\" content=\"2025-03-13T09:22:32+00:00\" \/>\n<meta property=\"og:image\" content=\"https:\/\/www.organisator.ch\/wp-content\/uploads\/2025\/03\/ZHAW_Bild1_ps.jpg\" \/>\n\t<meta property=\"og:image:width\" content=\"680\" \/>\n\t<meta property=\"og:image:height\" content=\"453\" \/>\n\t<meta property=\"og:image:type\" content=\"image\/jpeg\" \/>\n<meta name=\"author\" content=\"Dzana Muminovic\" \/>\n<meta name=\"twitter:card\" content=\"summary_large_image\" \/>\n<meta name=\"twitter:title\" content=\"25 Jahre Bildung am Institut f\u00fcr Facility Management\" \/>\n<meta name=\"twitter:description\" content=\"IFM Day 2025: Experten diskutieren \u00fcber die Zukunft der Bildung im Facility Management und die Anforderungen an k\u00fcnftige Fachkr\u00e4fte.\" \/>\n<meta name=\"twitter:image\" content=\"https:\/\/www.organisator.ch\/wp-content\/uploads\/2025\/03\/ZHAW_Bild1_ps.jpg\" \/>\n<script type=\"application\/ld+json\" class=\"yoast-schema-graph\">{\"@context\":\"https:\\\/\\\/schema.org\",\"@graph\":[{\"@type\":\"Article\",\"@id\":\"https:\\\/\\\/www.organisator.ch\\\/weiterbildung\\\/2025-03-13\\\/25-jahre-bildung-am-institut-fuer-facility-management\\\/#article\",\"isPartOf\":{\"@id\":\"https:\\\/\\\/www.organisator.ch\\\/weiterbildung\\\/2025-03-13\\\/25-jahre-bildung-am-institut-fuer-facility-management\\\/\"},\"author\":{\"name\":\"Dzana Muminovic\",\"@id\":\"https:\\\/\\\/www.organisator.ch\\\/#\\\/schema\\\/person\\\/afccda3a71c06d4be2ed9100dd163db7\"},\"headline\":\"25 Jahre Bildung am Institut f\u00fcr Facility Management\",\"datePublished\":\"2025-03-13T09:22:32+00:00\",\"mainEntityOfPage\":{\"@id\":\"https:\\\/\\\/www.organisator.ch\\\/weiterbildung\\\/2025-03-13\\\/25-jahre-bildung-am-institut-fuer-facility-management\\\/\"},\"wordCount\":684,\"publisher\":{\"@id\":\"https:\\\/\\\/www.organisator.ch\\\/#organization\"},\"image\":{\"@id\":\"https:\\\/\\\/www.organisator.ch\\\/weiterbildung\\\/2025-03-13\\\/25-jahre-bildung-am-institut-fuer-facility-management\\\/#primaryimage\"},\"thumbnailUrl\":\"https:\\\/\\\/www.organisator.ch\\\/wp-content\\\/uploads\\\/2025\\\/03\\\/ZHAW_Bild1_ps.jpg\",\"keywords\":[\"Bildung\",\"Facility Management\",\"IFM\",\"ZHAW\",\"Zukunft\"],\"articleSection\":[\"WEITERBILDUNG\"],\"inLanguage\":\"de\"},{\"@type\":\"WebPage\",\"@id\":\"https:\\\/\\\/www.organisator.ch\\\/weiterbildung\\\/2025-03-13\\\/25-jahre-bildung-am-institut-fuer-facility-management\\\/\",\"url\":\"https:\\\/\\\/www.organisator.ch\\\/weiterbildung\\\/2025-03-13\\\/25-jahre-bildung-am-institut-fuer-facility-management\\\/\",\"name\":\"25 Jahre Bildung am Institut f\u00fcr Facility Management - Organisator\",\"isPartOf\":{\"@id\":\"https:\\\/\\\/www.organisator.ch\\\/#website\"},\"primaryImageOfPage\":{\"@id\":\"https:\\\/\\\/www.organisator.ch\\\/weiterbildung\\\/2025-03-13\\\/25-jahre-bildung-am-institut-fuer-facility-management\\\/#primaryimage\"},\"image\":{\"@id\":\"https:\\\/\\\/www.organisator.ch\\\/weiterbildung\\\/2025-03-13\\\/25-jahre-bildung-am-institut-fuer-facility-management\\\/#primaryimage\"},\"thumbnailUrl\":\"https:\\\/\\\/www.organisator.ch\\\/wp-content\\\/uploads\\\/2025\\\/03\\\/ZHAW_Bild1_ps.jpg\",\"datePublished\":\"2025-03-13T09:22:32+00:00\",\"description\":\"IFM Day 2025: Experten diskutieren \u00fcber die Zukunft der Bildung im Facility Management und die Anforderungen an k\u00fcnftige Fachkr\u00e4fte.\",\"breadcrumb\":{\"@id\":\"https:\\\/\\\/www.organisator.ch\\\/weiterbildung\\\/2025-03-13\\\/25-jahre-bildung-am-institut-fuer-facility-management\\\/#breadcrumb\"},\"inLanguage\":\"de\",\"potentialAction\":[{\"@type\":\"ReadAction\",\"target\":[\"https:\\\/\\\/www.organisator.ch\\\/weiterbildung\\\/2025-03-13\\\/25-jahre-bildung-am-institut-fuer-facility-management\\\/\"]}]},{\"@type\":\"ImageObject\",\"inLanguage\":\"de\",\"@id\":\"https:\\\/\\\/www.organisator.ch\\\/weiterbildung\\\/2025-03-13\\\/25-jahre-bildung-am-institut-fuer-facility-management\\\/#primaryimage\",\"url\":\"https:\\\/\\\/www.organisator.ch\\\/wp-content\\\/uploads\\\/2025\\\/03\\\/ZHAW_Bild1_ps.jpg\",\"contentUrl\":\"https:\\\/\\\/www.organisator.ch\\\/wp-content\\\/uploads\\\/2025\\\/03\\\/ZHAW_Bild1_ps.jpg\",\"width\":680,\"height\":453,\"caption\":\"25 Jahre Bildung am IFM: Auf dem Podium stellten sich Lukas Windlinger, Matthias Ruoss, Barbara Keller Foletti, Alexa M\u00fcller und Thomas Wehrm\u00fcller den Fragen von Irene Arnold und Michael Kauer (v.l.n.r.). (Bild: ZHAW \\\/ Foto Tevy)\"},{\"@type\":\"BreadcrumbList\",\"@id\":\"https:\\\/\\\/www.organisator.ch\\\/weiterbildung\\\/2025-03-13\\\/25-jahre-bildung-am-institut-fuer-facility-management\\\/#breadcrumb\",\"itemListElement\":[{\"@type\":\"ListItem\",\"position\":1,\"name\":\"Home\",\"item\":\"https:\\\/\\\/www.organisator.ch\\\/\"},{\"@type\":\"ListItem\",\"position\":2,\"name\":\"25 Jahre Bildung am Institut f\u00fcr Facility Management\"}]},{\"@type\":\"WebSite\",\"@id\":\"https:\\\/\\\/www.organisator.ch\\\/#website\",\"url\":\"https:\\\/\\\/www.organisator.ch\\\/\",\"name\":\"Organisator\",\"description\":\"Kompetent. Praxisnah. Der ORGANISATOR bereitet in 10 Ausgaben pro Jahr die wesentlichen Themen f\u00fcr F\u00fchrungskr\u00e4fte von KMU auf.\",\"publisher\":{\"@id\":\"https:\\\/\\\/www.organisator.ch\\\/#organization\"},\"potentialAction\":[{\"@type\":\"SearchAction\",\"target\":{\"@type\":\"EntryPoint\",\"urlTemplate\":\"https:\\\/\\\/www.organisator.ch\\\/?s={search_term_string}\"},\"query-input\":{\"@type\":\"PropertyValueSpecification\",\"valueRequired\":true,\"valueName\":\"search_term_string\"}}],\"inLanguage\":\"de\"},{\"@type\":\"Organization\",\"@id\":\"https:\\\/\\\/www.organisator.ch\\\/#organization\",\"name\":\"Organisator\",\"url\":\"https:\\\/\\\/www.organisator.ch\\\/\",\"logo\":{\"@type\":\"ImageObject\",\"inLanguage\":\"de\",\"@id\":\"https:\\\/\\\/www.organisator.ch\\\/#\\\/schema\\\/logo\\\/image\\\/\",\"url\":\"https:\\\/\\\/www.organisator.ch\\\/wp-content\\\/uploads\\\/2022\\\/01\\\/Logo_Organisator_Website.png\",\"contentUrl\":\"https:\\\/\\\/www.organisator.ch\\\/wp-content\\\/uploads\\\/2022\\\/01\\\/Logo_Organisator_Website.png\",\"width\":800,\"height\":77,\"caption\":\"Organisator\"},\"image\":{\"@id\":\"https:\\\/\\\/www.organisator.ch\\\/#\\\/schema\\\/logo\\\/image\\\/\"},\"sameAs\":[\"https:\\\/\\\/www.facebook.com\\\/OrganisatorFachmagazin\",\"https:\\\/\\\/www.linkedin.com\\\/showcase\\\/organisator-das-magazin-fr-kmu\",\"https:\\\/\\\/www.xing.com\\\/news\\\/pages\\\/organisator-ch-695\",\"https:\\\/\\\/www.youtube.com\\\/channel\\\/UCGP2Sq0iWaZwT3BdIAQFYpw\"]},{\"@type\":\"Person\",\"@id\":\"https:\\\/\\\/www.organisator.ch\\\/#\\\/schema\\\/person\\\/afccda3a71c06d4be2ed9100dd163db7\",\"name\":\"Dzana Muminovic\",\"image\":{\"@type\":\"ImageObject\",\"inLanguage\":\"de\",\"@id\":\"https:\\\/\\\/secure.gravatar.com\\\/avatar\\\/909c5c71aff4b38e88686f2ab2f1ba152571f394f41ed8bae431ea56ced93050?s=96&d=mm&r=g\",\"url\":\"https:\\\/\\\/secure.gravatar.com\\\/avatar\\\/909c5c71aff4b38e88686f2ab2f1ba152571f394f41ed8bae431ea56ced93050?s=96&d=mm&r=g\",\"contentUrl\":\"https:\\\/\\\/secure.gravatar.com\\\/avatar\\\/909c5c71aff4b38e88686f2ab2f1ba152571f394f41ed8bae431ea56ced93050?s=96&d=mm&r=g\",\"caption\":\"Dzana Muminovic\"},\"url\":\"https:\\\/\\\/www.organisator.ch\\\/de\\\/author\\\/dzana-muminovic\\\/\"}]}<\/script>\n<!-- \/ Yoast SEO plugin. -->","yoast_head_json":{"title":"25 Jahre Bildung am Institut f\u00fcr Facility Management - Organisator","description":"IFM Day 2025: Experten diskutieren \u00fcber die Zukunft der Bildung im Facility Management und die Anforderungen an k\u00fcnftige Fachkr\u00e4fte.","robots":{"index":"index","follow":"follow","max-snippet":"max-snippet:-1","max-image-preview":"max-image-preview:large","max-video-preview":"max-video-preview:-1"},"canonical":"https:\/\/www.organisator.ch\/de\/weiterbildung\/2025-03-13\/25-jahre-bildung-am-institut-fuer-facility-management\/","og_locale":"de_DE","og_type":"article","og_title":"25 Jahre Bildung am Institut f\u00fcr Facility Management","og_description":"IFM Day 2025: Experten diskutieren \u00fcber die Zukunft der Bildung im Facility Management und die Anforderungen an k\u00fcnftige Fachkr\u00e4fte.","og_url":"https:\/\/www.organisator.ch\/de\/weiterbildung\/2025-03-13\/25-jahre-bildung-am-institut-fuer-facility-management\/","og_site_name":"Organisator","article_publisher":"https:\/\/www.facebook.com\/OrganisatorFachmagazin","article_published_time":"2025-03-13T09:22:32+00:00","og_image":[{"width":680,"height":453,"url":"https:\/\/www.organisator.ch\/wp-content\/uploads\/2025\/03\/ZHAW_Bild1_ps.jpg","type":"image\/jpeg"}],"author":"Dzana Muminovic","twitter_card":"summary_large_image","twitter_title":"25 Jahre Bildung am Institut f\u00fcr Facility Management","twitter_description":"IFM Day 2025: Experten diskutieren \u00fcber die Zukunft der Bildung im Facility Management und die Anforderungen an k\u00fcnftige Fachkr\u00e4fte.","twitter_image":"https:\/\/www.organisator.ch\/wp-content\/uploads\/2025\/03\/ZHAW_Bild1_ps.jpg","schema":{"@context":"https:\/\/schema.org","@graph":[{"@type":"Article","@id":"https:\/\/www.organisator.ch\/weiterbildung\/2025-03-13\/25-jahre-bildung-am-institut-fuer-facility-management\/#article","isPartOf":{"@id":"https:\/\/www.organisator.ch\/weiterbildung\/2025-03-13\/25-jahre-bildung-am-institut-fuer-facility-management\/"},"author":{"name":"Dzana Muminovic","@id":"https:\/\/www.organisator.ch\/#\/schema\/person\/afccda3a71c06d4be2ed9100dd163db7"},"headline":"25 Jahre Bildung am Institut f\u00fcr Facility Management","datePublished":"2025-03-13T09:22:32+00:00","mainEntityOfPage":{"@id":"https:\/\/www.organisator.ch\/weiterbildung\/2025-03-13\/25-jahre-bildung-am-institut-fuer-facility-management\/"},"wordCount":684,"publisher":{"@id":"https:\/\/www.organisator.ch\/#organization"},"image":{"@id":"https:\/\/www.organisator.ch\/weiterbildung\/2025-03-13\/25-jahre-bildung-am-institut-fuer-facility-management\/#primaryimage"},"thumbnailUrl":"https:\/\/www.organisator.ch\/wp-content\/uploads\/2025\/03\/ZHAW_Bild1_ps.jpg","keywords":["Bildung","Facility Management","IFM","ZHAW","Zukunft"],"articleSection":["WEITERBILDUNG"],"inLanguage":"de"},{"@type":"WebPage","@id":"https:\/\/www.organisator.ch\/weiterbildung\/2025-03-13\/25-jahre-bildung-am-institut-fuer-facility-management\/","url":"https:\/\/www.organisator.ch\/weiterbildung\/2025-03-13\/25-jahre-bildung-am-institut-fuer-facility-management\/","name":"25 Jahre Bildung am Institut f\u00fcr Facility Management - Organisator","isPartOf":{"@id":"https:\/\/www.organisator.ch\/#website"},"primaryImageOfPage":{"@id":"https:\/\/www.organisator.ch\/weiterbildung\/2025-03-13\/25-jahre-bildung-am-institut-fuer-facility-management\/#primaryimage"},"image":{"@id":"https:\/\/www.organisator.ch\/weiterbildung\/2025-03-13\/25-jahre-bildung-am-institut-fuer-facility-management\/#primaryimage"},"thumbnailUrl":"https:\/\/www.organisator.ch\/wp-content\/uploads\/2025\/03\/ZHAW_Bild1_ps.jpg","datePublished":"2025-03-13T09:22:32+00:00","description":"IFM Day 2025: Experten diskutieren \u00fcber die Zukunft der Bildung im Facility Management und die Anforderungen an k\u00fcnftige Fachkr\u00e4fte.","breadcrumb":{"@id":"https:\/\/www.organisator.ch\/weiterbildung\/2025-03-13\/25-jahre-bildung-am-institut-fuer-facility-management\/#breadcrumb"},"inLanguage":"de","potentialAction":[{"@type":"ReadAction","target":["https:\/\/www.organisator.ch\/weiterbildung\/2025-03-13\/25-jahre-bildung-am-institut-fuer-facility-management\/"]}]},{"@type":"ImageObject","inLanguage":"de","@id":"https:\/\/www.organisator.ch\/weiterbildung\/2025-03-13\/25-jahre-bildung-am-institut-fuer-facility-management\/#primaryimage","url":"https:\/\/www.organisator.ch\/wp-content\/uploads\/2025\/03\/ZHAW_Bild1_ps.jpg","contentUrl":"https:\/\/www.organisator.ch\/wp-content\/uploads\/2025\/03\/ZHAW_Bild1_ps.jpg","width":680,"height":453,"caption":"25 Jahre Bildung am IFM: Auf dem Podium stellten sich Lukas Windlinger, Matthias Ruoss, Barbara Keller Foletti, Alexa M\u00fcller und Thomas Wehrm\u00fcller den Fragen von Irene Arnold und Michael Kauer (v.l.n.r.). (Bild: ZHAW \/ Foto Tevy)"},{"@type":"BreadcrumbList","@id":"https:\/\/www.organisator.ch\/weiterbildung\/2025-03-13\/25-jahre-bildung-am-institut-fuer-facility-management\/#breadcrumb","itemListElement":[{"@type":"ListItem","position":1,"name":"Home","item":"https:\/\/www.organisator.ch\/"},{"@type":"ListItem","position":2,"name":"25 Jahre Bildung am Institut f\u00fcr Facility Management"}]},{"@type":"WebSite","@id":"https:\/\/www.organisator.ch\/#website","url":"https:\/\/www.organisator.ch\/","name":"Organisator","description":"Kompetent. Praxisnah. Der ORGANISATOR bereitet in 10 Ausgaben pro Jahr die wesentlichen Themen f\u00fcr F\u00fchrungskr\u00e4fte von KMU auf.","publisher":{"@id":"https:\/\/www.organisator.ch\/#organization"},"potentialAction":[{"@type":"SearchAction","target":{"@type":"EntryPoint","urlTemplate":"https:\/\/www.organisator.ch\/?s={search_term_string}"},"query-input":{"@type":"PropertyValueSpecification","valueRequired":true,"valueName":"search_term_string"}}],"inLanguage":"de"},{"@type":"Organization","@id":"https:\/\/www.organisator.ch\/#organization","name":"Organisator","url":"https:\/\/www.organisator.ch\/","logo":{"@type":"ImageObject","inLanguage":"de","@id":"https:\/\/www.organisator.ch\/#\/schema\/logo\/image\/","url":"https:\/\/www.organisator.ch\/wp-content\/uploads\/2022\/01\/Logo_Organisator_Website.png","contentUrl":"https:\/\/www.organisator.ch\/wp-content\/uploads\/2022\/01\/Logo_Organisator_Website.png","width":800,"height":77,"caption":"Organisator"},"image":{"@id":"https:\/\/www.organisator.ch\/#\/schema\/logo\/image\/"},"sameAs":["https:\/\/www.facebook.com\/OrganisatorFachmagazin","https:\/\/www.linkedin.com\/showcase\/organisator-das-magazin-fr-kmu","https:\/\/www.xing.com\/news\/pages\/organisator-ch-695","https:\/\/www.youtube.com\/channel\/UCGP2Sq0iWaZwT3BdIAQFYpw"]},{"@type":"Person","@id":"https:\/\/www.organisator.ch\/#\/schema\/person\/afccda3a71c06d4be2ed9100dd163db7","name":"Dzana Muminovic","image":{"@type":"ImageObject","inLanguage":"de","@id":"https:\/\/secure.gravatar.com\/avatar\/909c5c71aff4b38e88686f2ab2f1ba152571f394f41ed8bae431ea56ced93050?s=96&d=mm&r=g","url":"https:\/\/secure.gravatar.com\/avatar\/909c5c71aff4b38e88686f2ab2f1ba152571f394f41ed8bae431ea56ced93050?s=96&d=mm&r=g","contentUrl":"https:\/\/secure.gravatar.com\/avatar\/909c5c71aff4b38e88686f2ab2f1ba152571f394f41ed8bae431ea56ced93050?s=96&d=mm&r=g","caption":"Dzana Muminovic"},"url":"https:\/\/www.organisator.ch\/de\/author\/dzana-muminovic\/"}]}},"_links":{"self":[{"href":"https:\/\/www.organisator.ch\/de\/wp-json\/wp\/v2\/posts\/36854","targetHints":{"allow":["GET"]}}],"collection":[{"href":"https:\/\/www.organisator.ch\/de\/wp-json\/wp\/v2\/posts"}],"about":[{"href":"https:\/\/www.organisator.ch\/de\/wp-json\/wp\/v2\/types\/post"}],"author":[{"embeddable":true,"href":"https:\/\/www.organisator.ch\/de\/wp-json\/wp\/v2\/users\/80"}],"replies":[{"embeddable":true,"href":"https:\/\/www.organisator.ch\/de\/wp-json\/wp\/v2\/comments?post=36854"}],"version-history":[{"count":3,"href":"https:\/\/www.organisator.ch\/de\/wp-json\/wp\/v2\/posts\/36854\/revisions"}],"predecessor-version":[{"id":36877,"href":"https:\/\/www.organisator.ch\/de\/wp-json\/wp\/v2\/posts\/36854\/revisions\/36877"}],"wp:featuredmedia":[{"embeddable":true,"href":"https:\/\/www.organisator.ch\/de\/wp-json\/wp\/v2\/media\/36855"}],"wp:attachment":[{"href":"https:\/\/www.organisator.ch\/de\/wp-json\/wp\/v2\/media?parent=36854"}],"wp:term":[{"taxonomy":"category","embeddable":true,"href":"https:\/\/www.organisator.ch\/de\/wp-json\/wp\/v2\/categories?post=36854"},{"taxonomy":"post_tag","embeddable":true,"href":"https:\/\/www.organisator.ch\/de\/wp-json\/wp\/v2\/tags?post=36854"}],"curies":[{"name":"wp","href":"https:\/\/api.w.org\/{rel}","templated":true}]}}