{"id":36925,"date":"2025-03-17T07:51:58","date_gmt":"2025-03-17T06:51:58","guid":{"rendered":"https:\/\/www.markt-kom.com\/?p=231943"},"modified":"2025-03-17T07:30:51","modified_gmt":"2025-03-17T06:30:51","slug":"andrea-bison-war-fuer-mich-die-wunschkandidatin","status":"publish","type":"post","link":"https:\/\/www.organisator.ch\/de\/marketing\/2025-03-17\/andrea-bison-war-fuer-mich-die-wunschkandidatin\/","title":{"rendered":"\u00abAndrea Bison war f\u00fcr mich die Wunschkandidatin\u00bb"},"content":{"rendered":"<p><strong><img class=\"alignnone size-full wp-image-231840\" src=\"https:\/\/www.markt-kom.com\/wp-content\/uploads\/2025\/03\/Stefan-Vogler-Andrea-Bison-Studiengangsleitung-CAS-Marketing-Communications.jpg\" sizes=\"(max-width: 1200px) 100vw, 1200px\" srcset=\"https:\/\/www.markt-kom.com\/wp-content\/uploads\/2025\/03\/Stefan-Vogler-Andrea-Bison-Studiengangsleitung-CAS-Marketing-Communications.jpg 1200w, https:\/\/www.markt-kom.com\/wp-content\/uploads\/2025\/03\/Stefan-Vogler-Andrea-Bison-Studiengangsleitung-CAS-Marketing-Communications-600x450.jpg 600w, https:\/\/www.markt-kom.com\/wp-content\/uploads\/2025\/03\/Stefan-Vogler-Andrea-Bison-Studiengangsleitung-CAS-Marketing-Communications-1024x768.jpg 1024w, https:\/\/www.markt-kom.com\/wp-content\/uploads\/2025\/03\/Stefan-Vogler-Andrea-Bison-Studiengangsleitung-CAS-Marketing-Communications-768x576.jpg 768w, https:\/\/www.markt-kom.com\/wp-content\/uploads\/2025\/03\/Stefan-Vogler-Andrea-Bison-Studiengangsleitung-CAS-Marketing-Communications-16x12.jpg 16w, https:\/\/www.markt-kom.com\/wp-content\/uploads\/2025\/03\/Stefan-Vogler-Andrea-Bison-Studiengangsleitung-CAS-Marketing-Communications-233x175.jpg 233w, https:\/\/www.markt-kom.com\/wp-content\/uploads\/2025\/03\/Stefan-Vogler-Andrea-Bison-Studiengangsleitung-CAS-Marketing-Communications-467x350.jpg 467w, https:\/\/www.markt-kom.com\/wp-content\/uploads\/2025\/03\/Stefan-Vogler-Andrea-Bison-Studiengangsleitung-CAS-Marketing-Communications-1000x750.jpg 1000w\" alt=\"\" width=\"1200\" height=\"900\" \/>m&amp;k Andrea Bison st\u00f6sst als Kommunikations-Expertin zum HWZ-Team. Herzlichen Gl\u00fcckwunsch dazu? Wie hat sich das ergeben?<\/strong><\/p>\r\n<p>Ich habe gezielt eine profilierte Pers\u00f6nlichkeit aus der Agenturszene gesucht, zur gemeinsamen Weiterentwicklung und Leitung meines bew\u00e4hrten Studiengangs. Andrea Bison war f\u00fcr mich die Wunschkandidatin, welche mir auch von mehreren Personen empfohlen wurde. Und zur Klarstellung: Sie \u00fcbernimmt die Co-Studiengangsleitung wie ich und die meisten Studiengangsleitenden an der HWZ im Nebenamt. Das passt zum Profil der HWZ als praxisorientierteste und unternehmerischste Wirtschaftshochschule der Schweiz. Auch die Dozierenden sind mehrheitlich Expert:innen aus der Praxis. Neu gibt es nach jedem Modul unseres CAS Best Practices Inputs zu aktuellen Themen und Kampagnen, vermittelt von den verantwortlichen CMOs, Agenturen und Forschenden. Die Wahl von Andrea Bison zeigt auch, dass unser CAS f\u00fcr Marketing- und Kommunikationsfachleute f\u00fcr Unternehmen und Agenturen geeignet ist. Dieser Austausch findet im CAS intensiv statt und das gegenseitige \u00a0Verst\u00e4ndnis ist ein wichtiger Zusatznutzen f\u00fcr die Teilnehmenden von beiden Seiten.<\/p>\r\n<p>&nbsp;<\/p>\r\n<p><strong>Was sind die Herausforderungen f\u00fcr die zuk\u00fcnftigen CAS-Absolventen im Beriech Kommunikation? Was gilt es zu lernen?<\/strong><\/p>\r\n<p>Was bleibt sind die Basics f\u00fcr Marketing-Kommunikationsprofis wie Campaign Management, Touchpoint Management, Strategic Brand &amp; Communication Management, Partnership Management &amp; Cultural Marketing oder Marcom Controlling. Neu integriert oder vertieft wurden Themen wie Behavioral Sciences &amp; Communication, Concept Development, ein Deep Dive Shared &amp; Paid Social Media, ein Audio &amp; Video Media Production Workshop in zwei Studios, Marcom in the Age of GenAI, Marcom Data Sciences &amp; Management sowie Marcom Automation. Generell spielt die Technologie bzw. de Anwendung der neusten relevanten Tools eine wichtige Rolle \u2013 bedarfsgerecht einen file rouge. Und wir begeben uns am zweitletzten Kurstag wieder auf eine Study Tour. Mit dem letzten Studiengang waren wir bei Ochsner Sport, AXA, SRF und Wirz. Die Studierenden waren begeistert vom tiefen Einblick, den uns die Gastgebenden gew\u00e4hrten.<\/p>\r\n<p>&nbsp;<\/p>\r\n<p><strong>Wo wird Andrea Bison einen Mehrwert bieten?<\/strong><\/p>\r\n<p>Ihre immense Erfahrung im strategisch-konzeptionellen Entwickeln effektiver Marketingkommunikation und Campaign Management. Die Co-Founderin der mehrfach ausgezeichneten Agentur Thjnk, Werberin des Jahres 2024 und Vorstand des ADC ist auch f\u00fcr die interne Fortbildung in der Thjnk Gruppe im DACH-Raum und die Implementierung der GenAI verantwortlich. Beides ist f\u00fcr und in unserem CAS zentral.<\/p>\r\n<p>&nbsp;<\/p>\r\n<p><strong>F\u00fcr wen ist der CAS empfehlenswert?<\/strong><\/p>\r\n<p>F\u00fcr Marketing.- und Kommunikationsfachleute aus Unternehmen, KMU, Startups, NGOs, NPOs, Berater:innen aus Agenturen und Selbst\u00e4ndige, welche ambitioniert das Professional-Level in der Marcom erreichen m\u00f6chten.<\/p>\r\n<p>&nbsp;<\/p>","protected":false},"excerpt":{"rendered":"<p>Stefan Vogler, HWZ-Studiengangsleiter f\u00fcr den CAS Studiengang Marketing Communications hat Andrea Bison f\u00fcr die Co-Leitung gewinnen k\u00f6nnen. Die Werberin des Jahres passe perfekt zum Profil der HWZ als praxisorientierteste und unternehmerischste Wirtschaftshochschule der Schweiz. Im Interview verr\u00e4t er mehr Details.<\/p>\n","protected":false},"author":8,"featured_media":0,"comment_status":"closed","ping_status":"closed","sticky":false,"template":"","format":"standard","meta":{"_acf_changed":false,"_yoast_wpseo_focuskw":"CAS Marketing Communications HWZ","_yoast_wpseo_metadesc":"Andrea Bison verst\u00e4rkt die HWZ als Co-Studiengangsleiterin des CAS Marketing Communications. Praxisnah, innovativ und zukunftsorientiert.","articlekey":"","footnotes":""},"categories":[29],"tags":[3587,1382,4343,4922],"class_list":["post-36925","post","type-post","status-publish","format-standard","hentry","category-marketing","tag-cas","tag-hwz","tag-markom","tag-werberin-des-jahres"],"acf":[],"yoast_head":"<!-- This site is optimized with the Yoast SEO plugin v27.5 - https:\/\/yoast.com\/product\/yoast-seo-wordpress\/ -->\n<title>\u00abAndrea Bison war f\u00fcr mich die Wunschkandidatin\u00bb - Organisator<\/title>\n<meta name=\"description\" content=\"Andrea Bison verst\u00e4rkt die HWZ als Co-Studiengangsleiterin des CAS Marketing Communications. Praxisnah, innovativ und zukunftsorientiert.\" \/>\n<meta name=\"robots\" content=\"index, follow, max-snippet:-1, max-image-preview:large, max-video-preview:-1\" \/>\n<link rel=\"canonical\" href=\"https:\/\/www.organisator.ch\/de\/marketing\/2025-03-17\/andrea-bison-war-fuer-mich-die-wunschkandidatin\/\" \/>\n<meta property=\"og:locale\" content=\"de_DE\" \/>\n<meta property=\"og:type\" content=\"article\" \/>\n<meta property=\"og:title\" content=\"\u00abAndrea Bison war f\u00fcr mich die Wunschkandidatin\u00bb - Organisator\" \/>\n<meta property=\"og:description\" content=\"Andrea Bison verst\u00e4rkt die HWZ als Co-Studiengangsleiterin des CAS Marketing Communications. Praxisnah, innovativ und zukunftsorientiert.\" \/>\n<meta property=\"og:url\" content=\"https:\/\/www.organisator.ch\/de\/marketing\/2025-03-17\/andrea-bison-war-fuer-mich-die-wunschkandidatin\/\" \/>\n<meta property=\"og:site_name\" content=\"Organisator\" \/>\n<meta property=\"article:publisher\" content=\"https:\/\/www.facebook.com\/OrganisatorFachmagazin\" \/>\n<meta property=\"article:published_time\" content=\"2025-03-17T06:51:58+00:00\" \/>\n<meta name=\"author\" content=\"galledia\" \/>\n<meta name=\"twitter:card\" content=\"summary_large_image\" \/>\n<meta name=\"twitter:creator\" content=\"@admin\" \/>\n<script type=\"application\/ld+json\" class=\"yoast-schema-graph\">{\"@context\":\"https:\\\/\\\/schema.org\",\"@graph\":[{\"@type\":\"Article\",\"@id\":\"https:\\\/\\\/www.organisator.ch\\\/marketing\\\/2025-03-17\\\/andrea-bison-war-fuer-mich-die-wunschkandidatin\\\/#article\",\"isPartOf\":{\"@id\":\"https:\\\/\\\/www.organisator.ch\\\/marketing\\\/2025-03-17\\\/andrea-bison-war-fuer-mich-die-wunschkandidatin\\\/\"},\"author\":{\"name\":\"galledia\",\"@id\":\"https:\\\/\\\/www.organisator.ch\\\/#\\\/schema\\\/person\\\/4e51799071cd2dd1232ac003643ef5f0\"},\"headline\":\"\u00abAndrea Bison war f\u00fcr mich die Wunschkandidatin\u00bb\",\"datePublished\":\"2025-03-17T06:51:58+00:00\",\"mainEntityOfPage\":{\"@id\":\"https:\\\/\\\/www.organisator.ch\\\/marketing\\\/2025-03-17\\\/andrea-bison-war-fuer-mich-die-wunschkandidatin\\\/\"},\"wordCount\":419,\"publisher\":{\"@id\":\"https:\\\/\\\/www.organisator.ch\\\/#organization\"},\"image\":{\"@id\":\"https:\\\/\\\/www.organisator.ch\\\/marketing\\\/2025-03-17\\\/andrea-bison-war-fuer-mich-die-wunschkandidatin\\\/#primaryimage\"},\"thumbnailUrl\":\"https:\\\/\\\/www.markt-kom.com\\\/wp-content\\\/uploads\\\/2025\\\/03\\\/Stefan-Vogler-Andrea-Bison-Studiengangsleitung-CAS-Marketing-Communications.jpg\",\"keywords\":[\"CAS\",\"HWZ\",\"MarKom\",\"Werber:in des Jahres\"],\"articleSection\":[\"MARKETING\"],\"inLanguage\":\"de\"},{\"@type\":\"WebPage\",\"@id\":\"https:\\\/\\\/www.organisator.ch\\\/marketing\\\/2025-03-17\\\/andrea-bison-war-fuer-mich-die-wunschkandidatin\\\/\",\"url\":\"https:\\\/\\\/www.organisator.ch\\\/marketing\\\/2025-03-17\\\/andrea-bison-war-fuer-mich-die-wunschkandidatin\\\/\",\"name\":\"\u00abAndrea Bison war f\u00fcr mich die Wunschkandidatin\u00bb - Organisator\",\"isPartOf\":{\"@id\":\"https:\\\/\\\/www.organisator.ch\\\/#website\"},\"primaryImageOfPage\":{\"@id\":\"https:\\\/\\\/www.organisator.ch\\\/marketing\\\/2025-03-17\\\/andrea-bison-war-fuer-mich-die-wunschkandidatin\\\/#primaryimage\"},\"image\":{\"@id\":\"https:\\\/\\\/www.organisator.ch\\\/marketing\\\/2025-03-17\\\/andrea-bison-war-fuer-mich-die-wunschkandidatin\\\/#primaryimage\"},\"thumbnailUrl\":\"https:\\\/\\\/www.markt-kom.com\\\/wp-content\\\/uploads\\\/2025\\\/03\\\/Stefan-Vogler-Andrea-Bison-Studiengangsleitung-CAS-Marketing-Communications.jpg\",\"datePublished\":\"2025-03-17T06:51:58+00:00\",\"description\":\"Andrea Bison verst\u00e4rkt die HWZ als Co-Studiengangsleiterin des CAS Marketing Communications. Praxisnah, innovativ und zukunftsorientiert.\",\"breadcrumb\":{\"@id\":\"https:\\\/\\\/www.organisator.ch\\\/marketing\\\/2025-03-17\\\/andrea-bison-war-fuer-mich-die-wunschkandidatin\\\/#breadcrumb\"},\"inLanguage\":\"de\",\"potentialAction\":[{\"@type\":\"ReadAction\",\"target\":[\"https:\\\/\\\/www.organisator.ch\\\/marketing\\\/2025-03-17\\\/andrea-bison-war-fuer-mich-die-wunschkandidatin\\\/\"]}]},{\"@type\":\"ImageObject\",\"inLanguage\":\"de\",\"@id\":\"https:\\\/\\\/www.organisator.ch\\\/marketing\\\/2025-03-17\\\/andrea-bison-war-fuer-mich-die-wunschkandidatin\\\/#primaryimage\",\"url\":\"https:\\\/\\\/www.markt-kom.com\\\/wp-content\\\/uploads\\\/2025\\\/03\\\/Stefan-Vogler-Andrea-Bison-Studiengangsleitung-CAS-Marketing-Communications.jpg\",\"contentUrl\":\"https:\\\/\\\/www.markt-kom.com\\\/wp-content\\\/uploads\\\/2025\\\/03\\\/Stefan-Vogler-Andrea-Bison-Studiengangsleitung-CAS-Marketing-Communications.jpg\"},{\"@type\":\"BreadcrumbList\",\"@id\":\"https:\\\/\\\/www.organisator.ch\\\/marketing\\\/2025-03-17\\\/andrea-bison-war-fuer-mich-die-wunschkandidatin\\\/#breadcrumb\",\"itemListElement\":[{\"@type\":\"ListItem\",\"position\":1,\"name\":\"Home\",\"item\":\"https:\\\/\\\/www.organisator.ch\\\/\"},{\"@type\":\"ListItem\",\"position\":2,\"name\":\"\u00abAndrea Bison war f\u00fcr mich die Wunschkandidatin\u00bb\"}]},{\"@type\":\"WebSite\",\"@id\":\"https:\\\/\\\/www.organisator.ch\\\/#website\",\"url\":\"https:\\\/\\\/www.organisator.ch\\\/\",\"name\":\"Organisator\",\"description\":\"Kompetent. Praxisnah. Der ORGANISATOR bereitet in 10 Ausgaben pro Jahr die wesentlichen Themen f\u00fcr F\u00fchrungskr\u00e4fte von KMU auf.\",\"publisher\":{\"@id\":\"https:\\\/\\\/www.organisator.ch\\\/#organization\"},\"potentialAction\":[{\"@type\":\"SearchAction\",\"target\":{\"@type\":\"EntryPoint\",\"urlTemplate\":\"https:\\\/\\\/www.organisator.ch\\\/?s={search_term_string}\"},\"query-input\":{\"@type\":\"PropertyValueSpecification\",\"valueRequired\":true,\"valueName\":\"search_term_string\"}}],\"inLanguage\":\"de\"},{\"@type\":\"Organization\",\"@id\":\"https:\\\/\\\/www.organisator.ch\\\/#organization\",\"name\":\"Organisator\",\"url\":\"https:\\\/\\\/www.organisator.ch\\\/\",\"logo\":{\"@type\":\"ImageObject\",\"inLanguage\":\"de\",\"@id\":\"https:\\\/\\\/www.organisator.ch\\\/#\\\/schema\\\/logo\\\/image\\\/\",\"url\":\"https:\\\/\\\/www.organisator.ch\\\/wp-content\\\/uploads\\\/2022\\\/01\\\/Logo_Organisator_Website.png\",\"contentUrl\":\"https:\\\/\\\/www.organisator.ch\\\/wp-content\\\/uploads\\\/2022\\\/01\\\/Logo_Organisator_Website.png\",\"width\":800,\"height\":77,\"caption\":\"Organisator\"},\"image\":{\"@id\":\"https:\\\/\\\/www.organisator.ch\\\/#\\\/schema\\\/logo\\\/image\\\/\"},\"sameAs\":[\"https:\\\/\\\/www.facebook.com\\\/OrganisatorFachmagazin\",\"https:\\\/\\\/www.linkedin.com\\\/showcase\\\/organisator-das-magazin-fr-kmu\",\"https:\\\/\\\/www.xing.com\\\/news\\\/pages\\\/organisator-ch-695\",\"https:\\\/\\\/www.youtube.com\\\/channel\\\/UCGP2Sq0iWaZwT3BdIAQFYpw\"]},{\"@type\":\"Person\",\"@id\":\"https:\\\/\\\/www.organisator.ch\\\/#\\\/schema\\\/person\\\/4e51799071cd2dd1232ac003643ef5f0\",\"name\":\"galledia\",\"image\":{\"@type\":\"ImageObject\",\"inLanguage\":\"de\",\"@id\":\"https:\\\/\\\/secure.gravatar.com\\\/avatar\\\/78a7f90c01fc2bfc875782a0d4922b37cde2cf184ce347b91316d23cd7f69a36?s=96&d=mm&r=g\",\"url\":\"https:\\\/\\\/secure.gravatar.com\\\/avatar\\\/78a7f90c01fc2bfc875782a0d4922b37cde2cf184ce347b91316d23cd7f69a36?s=96&d=mm&r=g\",\"contentUrl\":\"https:\\\/\\\/secure.gravatar.com\\\/avatar\\\/78a7f90c01fc2bfc875782a0d4922b37cde2cf184ce347b91316d23cd7f69a36?s=96&d=mm&r=g\",\"caption\":\"galledia\"},\"sameAs\":[\"https:\\\/\\\/x.com\\\/admin\"],\"url\":\"https:\\\/\\\/www.organisator.ch\\\/de\\\/author\\\/galledia\\\/\"}]}<\/script>\n<!-- \/ Yoast SEO plugin. -->","yoast_head_json":{"title":"\u00abAndrea Bison war f\u00fcr mich die Wunschkandidatin\u00bb - Organisator","description":"Andrea Bison verst\u00e4rkt die HWZ als Co-Studiengangsleiterin des CAS Marketing Communications. Praxisnah, innovativ und zukunftsorientiert.","robots":{"index":"index","follow":"follow","max-snippet":"max-snippet:-1","max-image-preview":"max-image-preview:large","max-video-preview":"max-video-preview:-1"},"canonical":"https:\/\/www.organisator.ch\/de\/marketing\/2025-03-17\/andrea-bison-war-fuer-mich-die-wunschkandidatin\/","og_locale":"de_DE","og_type":"article","og_title":"\u00abAndrea Bison war f\u00fcr mich die Wunschkandidatin\u00bb - Organisator","og_description":"Andrea Bison verst\u00e4rkt die HWZ als Co-Studiengangsleiterin des CAS Marketing Communications. Praxisnah, innovativ und zukunftsorientiert.","og_url":"https:\/\/www.organisator.ch\/de\/marketing\/2025-03-17\/andrea-bison-war-fuer-mich-die-wunschkandidatin\/","og_site_name":"Organisator","article_publisher":"https:\/\/www.facebook.com\/OrganisatorFachmagazin","article_published_time":"2025-03-17T06:51:58+00:00","author":"galledia","twitter_card":"summary_large_image","twitter_creator":"@admin","schema":{"@context":"https:\/\/schema.org","@graph":[{"@type":"Article","@id":"https:\/\/www.organisator.ch\/marketing\/2025-03-17\/andrea-bison-war-fuer-mich-die-wunschkandidatin\/#article","isPartOf":{"@id":"https:\/\/www.organisator.ch\/marketing\/2025-03-17\/andrea-bison-war-fuer-mich-die-wunschkandidatin\/"},"author":{"name":"galledia","@id":"https:\/\/www.organisator.ch\/#\/schema\/person\/4e51799071cd2dd1232ac003643ef5f0"},"headline":"\u00abAndrea Bison war f\u00fcr mich die Wunschkandidatin\u00bb","datePublished":"2025-03-17T06:51:58+00:00","mainEntityOfPage":{"@id":"https:\/\/www.organisator.ch\/marketing\/2025-03-17\/andrea-bison-war-fuer-mich-die-wunschkandidatin\/"},"wordCount":419,"publisher":{"@id":"https:\/\/www.organisator.ch\/#organization"},"image":{"@id":"https:\/\/www.organisator.ch\/marketing\/2025-03-17\/andrea-bison-war-fuer-mich-die-wunschkandidatin\/#primaryimage"},"thumbnailUrl":"https:\/\/www.markt-kom.com\/wp-content\/uploads\/2025\/03\/Stefan-Vogler-Andrea-Bison-Studiengangsleitung-CAS-Marketing-Communications.jpg","keywords":["CAS","HWZ","MarKom","Werber:in des Jahres"],"articleSection":["MARKETING"],"inLanguage":"de"},{"@type":"WebPage","@id":"https:\/\/www.organisator.ch\/marketing\/2025-03-17\/andrea-bison-war-fuer-mich-die-wunschkandidatin\/","url":"https:\/\/www.organisator.ch\/marketing\/2025-03-17\/andrea-bison-war-fuer-mich-die-wunschkandidatin\/","name":"\u00abAndrea Bison war f\u00fcr mich die Wunschkandidatin\u00bb - Organisator","isPartOf":{"@id":"https:\/\/www.organisator.ch\/#website"},"primaryImageOfPage":{"@id":"https:\/\/www.organisator.ch\/marketing\/2025-03-17\/andrea-bison-war-fuer-mich-die-wunschkandidatin\/#primaryimage"},"image":{"@id":"https:\/\/www.organisator.ch\/marketing\/2025-03-17\/andrea-bison-war-fuer-mich-die-wunschkandidatin\/#primaryimage"},"thumbnailUrl":"https:\/\/www.markt-kom.com\/wp-content\/uploads\/2025\/03\/Stefan-Vogler-Andrea-Bison-Studiengangsleitung-CAS-Marketing-Communications.jpg","datePublished":"2025-03-17T06:51:58+00:00","description":"Andrea Bison verst\u00e4rkt die HWZ als Co-Studiengangsleiterin des CAS Marketing Communications. Praxisnah, innovativ und zukunftsorientiert.","breadcrumb":{"@id":"https:\/\/www.organisator.ch\/marketing\/2025-03-17\/andrea-bison-war-fuer-mich-die-wunschkandidatin\/#breadcrumb"},"inLanguage":"de","potentialAction":[{"@type":"ReadAction","target":["https:\/\/www.organisator.ch\/marketing\/2025-03-17\/andrea-bison-war-fuer-mich-die-wunschkandidatin\/"]}]},{"@type":"ImageObject","inLanguage":"de","@id":"https:\/\/www.organisator.ch\/marketing\/2025-03-17\/andrea-bison-war-fuer-mich-die-wunschkandidatin\/#primaryimage","url":"https:\/\/www.markt-kom.com\/wp-content\/uploads\/2025\/03\/Stefan-Vogler-Andrea-Bison-Studiengangsleitung-CAS-Marketing-Communications.jpg","contentUrl":"https:\/\/www.markt-kom.com\/wp-content\/uploads\/2025\/03\/Stefan-Vogler-Andrea-Bison-Studiengangsleitung-CAS-Marketing-Communications.jpg"},{"@type":"BreadcrumbList","@id":"https:\/\/www.organisator.ch\/marketing\/2025-03-17\/andrea-bison-war-fuer-mich-die-wunschkandidatin\/#breadcrumb","itemListElement":[{"@type":"ListItem","position":1,"name":"Home","item":"https:\/\/www.organisator.ch\/"},{"@type":"ListItem","position":2,"name":"\u00abAndrea Bison war f\u00fcr mich die Wunschkandidatin\u00bb"}]},{"@type":"WebSite","@id":"https:\/\/www.organisator.ch\/#website","url":"https:\/\/www.organisator.ch\/","name":"Organisator","description":"Kompetent. Praxisnah. Der ORGANISATOR bereitet in 10 Ausgaben pro Jahr die wesentlichen Themen f\u00fcr F\u00fchrungskr\u00e4fte von KMU auf.","publisher":{"@id":"https:\/\/www.organisator.ch\/#organization"},"potentialAction":[{"@type":"SearchAction","target":{"@type":"EntryPoint","urlTemplate":"https:\/\/www.organisator.ch\/?s={search_term_string}"},"query-input":{"@type":"PropertyValueSpecification","valueRequired":true,"valueName":"search_term_string"}}],"inLanguage":"de"},{"@type":"Organization","@id":"https:\/\/www.organisator.ch\/#organization","name":"Organisator","url":"https:\/\/www.organisator.ch\/","logo":{"@type":"ImageObject","inLanguage":"de","@id":"https:\/\/www.organisator.ch\/#\/schema\/logo\/image\/","url":"https:\/\/www.organisator.ch\/wp-content\/uploads\/2022\/01\/Logo_Organisator_Website.png","contentUrl":"https:\/\/www.organisator.ch\/wp-content\/uploads\/2022\/01\/Logo_Organisator_Website.png","width":800,"height":77,"caption":"Organisator"},"image":{"@id":"https:\/\/www.organisator.ch\/#\/schema\/logo\/image\/"},"sameAs":["https:\/\/www.facebook.com\/OrganisatorFachmagazin","https:\/\/www.linkedin.com\/showcase\/organisator-das-magazin-fr-kmu","https:\/\/www.xing.com\/news\/pages\/organisator-ch-695","https:\/\/www.youtube.com\/channel\/UCGP2Sq0iWaZwT3BdIAQFYpw"]},{"@type":"Person","@id":"https:\/\/www.organisator.ch\/#\/schema\/person\/4e51799071cd2dd1232ac003643ef5f0","name":"galledia","image":{"@type":"ImageObject","inLanguage":"de","@id":"https:\/\/secure.gravatar.com\/avatar\/78a7f90c01fc2bfc875782a0d4922b37cde2cf184ce347b91316d23cd7f69a36?s=96&d=mm&r=g","url":"https:\/\/secure.gravatar.com\/avatar\/78a7f90c01fc2bfc875782a0d4922b37cde2cf184ce347b91316d23cd7f69a36?s=96&d=mm&r=g","contentUrl":"https:\/\/secure.gravatar.com\/avatar\/78a7f90c01fc2bfc875782a0d4922b37cde2cf184ce347b91316d23cd7f69a36?s=96&d=mm&r=g","caption":"galledia"},"sameAs":["https:\/\/x.com\/admin"],"url":"https:\/\/www.organisator.ch\/de\/author\/galledia\/"}]}},"_links":{"self":[{"href":"https:\/\/www.organisator.ch\/de\/wp-json\/wp\/v2\/posts\/36925","targetHints":{"allow":["GET"]}}],"collection":[{"href":"https:\/\/www.organisator.ch\/de\/wp-json\/wp\/v2\/posts"}],"about":[{"href":"https:\/\/www.organisator.ch\/de\/wp-json\/wp\/v2\/types\/post"}],"author":[{"embeddable":true,"href":"https:\/\/www.organisator.ch\/de\/wp-json\/wp\/v2\/users\/8"}],"replies":[{"embeddable":true,"href":"https:\/\/www.organisator.ch\/de\/wp-json\/wp\/v2\/comments?post=36925"}],"version-history":[{"count":5,"href":"https:\/\/www.organisator.ch\/de\/wp-json\/wp\/v2\/posts\/36925\/revisions"}],"predecessor-version":[{"id":36940,"href":"https:\/\/www.organisator.ch\/de\/wp-json\/wp\/v2\/posts\/36925\/revisions\/36940"}],"wp:attachment":[{"href":"https:\/\/www.organisator.ch\/de\/wp-json\/wp\/v2\/media?parent=36925"}],"wp:term":[{"taxonomy":"category","embeddable":true,"href":"https:\/\/www.organisator.ch\/de\/wp-json\/wp\/v2\/categories?post=36925"},{"taxonomy":"post_tag","embeddable":true,"href":"https:\/\/www.organisator.ch\/de\/wp-json\/wp\/v2\/tags?post=36925"}],"curies":[{"name":"wp","href":"https:\/\/api.w.org\/{rel}","templated":true}]}}