{"id":36930,"date":"2025-03-17T08:03:20","date_gmt":"2025-03-17T07:03:20","guid":{"rendered":"https:\/\/www.markt-kom.com\/?p=231901"},"modified":"2025-03-17T07:33:13","modified_gmt":"2025-03-17T06:33:13","slug":"der-name-markenslogan-sagt-unmissverstaendlich-worum-es-geht","status":"publish","type":"post","link":"https:\/\/www.organisator.ch\/de\/marketing\/2025-03-17\/der-name-markenslogan-sagt-unmissverstaendlich-worum-es-geht\/","title":{"rendered":"\u00abDer Name Markenslogan sagt unmissverst\u00e4ndlich, worum es geht\u00bb"},"content":{"rendered":"<p><a href=\"https:\/\/www.markt-kom.com\/wp-content\/uploads\/2025\/03\/Logo-Markenslogan.jpg\"><img class=\"aligncenter size-full wp-image-231905\" src=\"https:\/\/www.markt-kom.com\/wp-content\/uploads\/2025\/03\/Logo-Markenslogan.jpg\" sizes=\"(max-width: 1200px) 100vw, 1200px\" srcset=\"https:\/\/www.markt-kom.com\/wp-content\/uploads\/2025\/03\/Logo-Markenslogan.jpg 1200w, https:\/\/www.markt-kom.com\/wp-content\/uploads\/2025\/03\/Logo-Markenslogan-600x338.jpg 600w, https:\/\/www.markt-kom.com\/wp-content\/uploads\/2025\/03\/Logo-Markenslogan-1024x577.jpg 1024w, https:\/\/www.markt-kom.com\/wp-content\/uploads\/2025\/03\/Logo-Markenslogan-768x433.jpg 768w, https:\/\/www.markt-kom.com\/wp-content\/uploads\/2025\/03\/Logo-Markenslogan-18x10.jpg 18w, https:\/\/www.markt-kom.com\/wp-content\/uploads\/2025\/03\/Logo-Markenslogan-311x175.jpg 311w, https:\/\/www.markt-kom.com\/wp-content\/uploads\/2025\/03\/Logo-Markenslogan-621x350.jpg 621w, https:\/\/www.markt-kom.com\/wp-content\/uploads\/2025\/03\/Logo-Markenslogan-1000x563.jpg 1000w\" alt=\"\" width=\"1200\" height=\"676\" \/><\/a><\/p>\r\n<p>Wer wenig Budget hat, steht oft vor der Herausforderung, die eigene Marke bekannt zu machen. Hier setzt die Idee hinter \u00abMarkenslogan\u00bb an. Wie der Name bereits nahelegt, bietet der Service massgeschneiderte Slogans f\u00fcr Start-ups und Kleinunternehmen an, die nur \u00fcber beschr\u00e4nkte finanzielle Mittel verf\u00fcgen. Das Angebot setzt auf zeitlose, einpr\u00e4gsame Texting-Konzepte, die \u00fcber verschiedene Kan\u00e4le hinweg eingesetzt werden k\u00f6nnen.<\/p>\r\n<p>Das eigenst\u00e4ndige Angebot verf\u00fcgt \u00fcber eine <a href=\"https:\/\/www.markenslogan.com\/\" rel=\"noopener\">eigene Website<\/a> mit allem Drum und Dran \u2013 ein auff\u00e4lliges, blau-rot-weisses Design sowie ein verspieltes Logo mit L\u00f6wen und B\u00e4ren. Das Angebot ist \u00fcbersichtlich, das Pricing transparent: ein Standardpaket gibt es zum Preis von 4900 Franken, die Premiumvariante kostet 7900 Franken. Bei beiden Paketen ist ein \u00abinternationales Full Buy-Out\u00bb inklusive.<\/p>\r\n<p>Was bewegt eine Agentur, die f\u00fcr ihre provokative Kommunikation bekannt ist und mit den Worten \u00abWahrscheinlich sind wir nicht die richtige Agentur f\u00fcr Sie.\u00bb wirbt, ein solches Angebot zus\u00e4tzlich zu lancieren?<\/p>\r\n<p><a href=\"https:\/\/www.markt-kom.com\/wp-content\/uploads\/2025\/03\/Markenslogan-Mobile-View.jpg\"><img class=\"aligncenter size-full wp-image-231906\" src=\"https:\/\/www.markt-kom.com\/wp-content\/uploads\/2025\/03\/Markenslogan-Mobile-View.jpg\" alt=\"\" width=\"1200\" height=\"800\" \/><\/a><\/p>\r\n<p><strong>m&amp;k: Was war die Idee hinter \u00abMarkenslogan\u00bb?<\/strong><\/p>\r\n<p><strong>Parvez Sheik Fareed:<\/strong> Wir erhalten vorwiegend Anfragen von Unternehmen, die unsere Out-of-Home-Kampagnen und Publicity Stunts entweder als \u00abhumorvolle Werbung\u00bb oder \u00abgute Werbespr\u00fcche\u00bb bezeichnen. Bei vielen Start-ups und Kleinunternehmen lassen sich mit den vorhandenen Budgets solche Kampagnen aber nicht realisieren. Dabei fiel uns auf, dass viele Start-ups entweder keinen oder nur einen trivialen Slogan haben, der weder einpr\u00e4gsam noch pointiert ist.<\/p>\r\n<p>&nbsp;<\/p>\r\n<p><strong>So seid ihr zu \u00abMarkenslogan\u00bb gekommen. Weshalb aber ein eigenst\u00e4ndiges Angebot?<\/strong><\/p>\r\n<p><strong>Miro Pfister:<\/strong> Wir wollten ein Angebot schaffen, das nur auf Slogans fokussiert ist. W\u00fcrden wir das \u00fcber Pam Advertising anbieten, best\u00fcnde ein Verw\u00e4sserungsrisiko, sodass es im Gesamtleistungsumfang der Agentur untergeht. Im Unterschied zu klassischen Agenturleistungen im Branding-Bereich konzentrieren wir uns ausschliesslich auf Slogans. Unseres Wissens existiert in der Schweiz noch kein solcher Service.<\/p>\r\n<blockquote>\r\n<p>Unseres Wissens existiert in der Schweiz noch kein solcher Slogan-Service.<\/p>\r\n<\/blockquote>\r\n<p><strong>\u00a0<\/strong><\/p>\r\n<p><strong>Auf eurer Website macht ihr klar: Das Angebot ist nur f\u00fcr Start-ups und Kleinunternehmen. Wieso diese Zielgruppenbeschr\u00e4nkung?<\/strong><\/p>\r\n<p><strong>PSF:<\/strong> Wir bieten diesen Service auf dem gewohnten Qualit\u00e4tslevel von Pam nur jenen an, die beschr\u00e4nkte finanzielle Mittel haben und eine umsatzf\u00f6rdernde Investition in ihre Marke machen wollen.<\/p>\r\n<p>&nbsp;<\/p>\r\n<p><strong>Wie erreicht ihr diese Zielgruppe?<\/strong><\/p>\r\n<p><strong>MP:<\/strong> Wir schalten Ads auf Social Media und auf ausgew\u00e4hlten Online-Portalen, deren Zielgruppen Start-ups und Kleinunternehmen sind. Zudem sind wir aktuell im Gespr\u00e4ch mit Start-up-Inkubatoren f\u00fcr strategische Partnerschaften.<\/p>\r\n<p>&nbsp;<\/p>\r\n<p><strong>Auf der Website f\u00e4llt das spezielle Branding von \u00abMarkenslogan\u00bb auf. Wie entstand der Look mit B\u00e4ren und L\u00f6wen?<\/strong><\/p>\r\n<p>Der Name Markenslogan sagt unmissverst\u00e4ndlich, worum es geht. Der Name ist Programm. Der B\u00e4r und der L\u00f6we eignen sich als zug\u00e4ngliche und wiedererkennbare visuelle Elemente. Ich bin aus Bern, Parvez ist aus Z\u00fcrich \u2013 also haben wir uns f\u00fcr diese Tiere entschieden, weil sie in den Stadtwappen von Bern und Z\u00fcrich vorkommen. Dasselbe mit den Farben Rot und Blau.<\/p>\r\n<p><a href=\"https:\/\/www.markt-kom.com\/wp-content\/uploads\/2025\/03\/Markenslogan-Desktop-View.jpg\"><img class=\"aligncenter size-full wp-image-231907\" src=\"https:\/\/www.markt-kom.com\/wp-content\/uploads\/2025\/03\/Markenslogan-Desktop-View.jpg\" alt=\"\" width=\"1200\" height=\"800\" \/><\/a><\/p>\r\n<blockquote>\r\n<p>Der Name \u2039Markenslogan\u203a ist Programm.<\/p>\r\n<\/blockquote>\r\n<p><strong>\u00a0\u00a0<\/strong><\/p>\r\n<p><strong>Worin unterscheiden sich Slogans und Claims? Und wie wichtig ist ein Slogan im Vergleich zu anderen Branding-Elementen?<\/strong><\/p>\r\n<p><strong>PSF:<\/strong> Die Unterscheidung zwischen Slogans und Claims ist sehr theoretisch und hat in der Praxis wenig Bedeutung. Wir haben bewusst den Begriff Slogan verwendet, weil er ausserhalb der Marketingbranche gel\u00e4ufiger ist als Claim. In Erg\u00e4nzung zum Logo ist ein Slogan ein wichtiges Branding-Element, das zum Markenwachstum beitr\u00e4gt, um die Marke in Kaufsituationen immer wieder in Erinnerung zu rufen.<\/p>\r\n<p>&nbsp;<\/p>\r\n<p><strong>F\u00fcr euch soll ein guter Markenslogan einpr\u00e4gsam, unverwechselbar, griffig und kein Zungenbrecher sein. Gibt es weitere Erfolgskriterien oder aktuelle Entwicklungen und Trends, die ber\u00fccksichtigt werden m\u00fcssen?<\/strong><\/p>\r\n<p>Ein weiteres Erfolgskriterium ist eher das Gegenteil davon, n\u00e4mlich <em>keine<\/em> Entwicklungen oder Trends zu verfolgen. Ein Slogan entfaltet seine Wirkung unter anderem gerade dadurch, dass er zeitlos ist und immer wieder eingesetzt werden kann. Sich an Aktualit\u00e4ten zu orientieren, w\u00e4re falsch. Gute Slogans sind wie Musikhits, die man immer wieder h\u00f6ren kann, egal aus welcher \u00c4ra sie stammen.<\/p>\r\n<p>&nbsp;<\/p>\r\n<p><strong>Eure kreierten Slogans kommen inklusive Full-Buy-Out \u2013 heisst, das Nutzungsrecht des final ausgew\u00e4hlten Slogans bleibt danach beim Kunden. Wie kann sichergestellt werden, dass Slogans langfristig relevant bleiben?<\/strong><\/p>\r\n<p><strong>MP: <\/strong>Nebst dem Aspekt der Zeitlosigkeit, achten wir darauf, dass die Slogans eine gewisse sprachliche Virtuosit\u00e4t aufweisen. Also etwas so zu sagen, dass es h\u00e4ngen bleibt und nicht trivial oder abgedroschen klingt.<\/p>\r\n<p>&nbsp;<\/p>\r\n<p><strong>Wie kann man sich euren Service und den damit verbundenen kreativen Prozess vorstellen?<\/strong><\/p>\r\n<p>Wir haben ein eigenes Briefingformular entwickelt. Damit stellen wir sicher, dass wir das Produkt oder die Dienstleistung des jeweiligen Unternehmens verstehen und die gew\u00fcnschte Tonalit\u00e4t f\u00fcr den Slogan treffen. Danach geht\u2019s ans Eingemachte: hinsetzen, denken, texten. Der Prozess ist derselbe wie bei jedem Kreativjob.<\/p>\r\n<p>&nbsp;<\/p>\r\n<p><strong>Auf welche Slogans aus eurer Feder seid ihr besonders stolz?<\/strong><\/p>\r\n<p><strong>PSF: <\/strong>\u00abLangweilig, aber gut.\u00bb f\u00fcr die BDP war ein solider Wurf, der medial f\u00fcr Hingucker und Gespr\u00e4chsstoff sorgte. F\u00fcr die Kampagne von Too Good To Go kreierten wir unter anderem die Headline \u00abDie Reste App der Welt\u00bb. Diese h\u00e4tte sich auch als zuk\u00fcnftiger Slogan f\u00fcr TGTG geeignet. Oft schlummern in guten Headline-Kampagnen potenzielle Slogans. Marken, die noch keinen Slogan, aber gute Headline-Kampagnen haben, sollten also mal ihre alten Kampagnen durchforsten.<\/p>\r\n<p><a href=\"https:\/\/www.markt-kom.com\/wp-content\/uploads\/2025\/03\/BDP-Langweilig-aber-gut.jpg\"><img class=\"attachment-full size-full\" src=\"https:\/\/www.markt-kom.com\/wp-content\/uploads\/2025\/03\/BDP-Langweilig-aber-gut.jpg\" sizes=\"(max-width: 1200px) 100vw, 1200px\" srcset=\"https:\/\/www.markt-kom.com\/wp-content\/uploads\/2025\/03\/BDP-Langweilig-aber-gut.jpg 1200w, https:\/\/www.markt-kom.com\/wp-content\/uploads\/2025\/03\/BDP-Langweilig-aber-gut-600x338.jpg 600w, https:\/\/www.markt-kom.com\/wp-content\/uploads\/2025\/03\/BDP-Langweilig-aber-gut-1024x576.jpg 1024w, https:\/\/www.markt-kom.com\/wp-content\/uploads\/2025\/03\/BDP-Langweilig-aber-gut-768x432.jpg 768w, https:\/\/www.markt-kom.com\/wp-content\/uploads\/2025\/03\/BDP-Langweilig-aber-gut-18x10.jpg 18w, https:\/\/www.markt-kom.com\/wp-content\/uploads\/2025\/03\/BDP-Langweilig-aber-gut-311x175.jpg 311w, https:\/\/www.markt-kom.com\/wp-content\/uploads\/2025\/03\/BDP-Langweilig-aber-gut-622x350.jpg 622w, https:\/\/www.markt-kom.com\/wp-content\/uploads\/2025\/03\/BDP-Langweilig-aber-gut-1000x563.jpg 1000w\" alt=\"\" width=\"1200\" height=\"675\" \/><\/a> <a href=\"https:\/\/www.markt-kom.com\/wp-content\/uploads\/2025\/03\/TGTG-Reste-App-der-Welt.jpg\"><img class=\"attachment-full size-full\" src=\"https:\/\/www.markt-kom.com\/wp-content\/uploads\/2025\/03\/TGTG-Reste-App-der-Welt.jpg\" sizes=\"(max-width: 1200px) 100vw, 1200px\" srcset=\"https:\/\/www.markt-kom.com\/wp-content\/uploads\/2025\/03\/TGTG-Reste-App-der-Welt.jpg 1200w, https:\/\/www.markt-kom.com\/wp-content\/uploads\/2025\/03\/TGTG-Reste-App-der-Welt-600x413.jpg 600w, https:\/\/www.markt-kom.com\/wp-content\/uploads\/2025\/03\/TGTG-Reste-App-der-Welt-1024x705.jpg 1024w, https:\/\/www.markt-kom.com\/wp-content\/uploads\/2025\/03\/TGTG-Reste-App-der-Welt-768x529.jpg 768w, https:\/\/www.markt-kom.com\/wp-content\/uploads\/2025\/03\/TGTG-Reste-App-der-Welt-18x12.jpg 18w, https:\/\/www.markt-kom.com\/wp-content\/uploads\/2025\/03\/TGTG-Reste-App-der-Welt-254x175.jpg 254w, https:\/\/www.markt-kom.com\/wp-content\/uploads\/2025\/03\/TGTG-Reste-App-der-Welt-508x350.jpg 508w, https:\/\/www.markt-kom.com\/wp-content\/uploads\/2025\/03\/TGTG-Reste-App-der-Welt-1000x688.jpg 1000w\" alt=\"\" width=\"1200\" height=\"826\" \/><\/a><\/p>\r\n<p><strong>Plant ihr, euren Slogan-Service weiterzuentwickeln?<\/strong><\/p>\r\n<p><strong>MP:<\/strong> F\u00fcr den Moment bleibt es dabei. Sollte sich mit der Zeit zeigen, dass ein Ausbau sinnvoll w\u00e4re, w\u00fcrden wir dies pr\u00fcfen.<\/p>\r\n<hr \/>\r\n<p><em><strong><a href=\"https:\/\/www.markt-kom.com\/wp-content\/uploads\/2025\/03\/Markenslogan-Gruender.jpg\"><img class=\"aligncenter size-full wp-image-231904\" src=\"https:\/\/www.markt-kom.com\/wp-content\/uploads\/2025\/03\/Markenslogan-Gruender.jpg\" sizes=\"(max-width: 1200px) 100vw, 1200px\" srcset=\"https:\/\/www.markt-kom.com\/wp-content\/uploads\/2025\/03\/Markenslogan-Gruender.jpg 1200w, https:\/\/www.markt-kom.com\/wp-content\/uploads\/2025\/03\/Markenslogan-Gruender-600x304.jpg 600w, https:\/\/www.markt-kom.com\/wp-content\/uploads\/2025\/03\/Markenslogan-Gruender-1024x518.jpg 1024w, https:\/\/www.markt-kom.com\/wp-content\/uploads\/2025\/03\/Markenslogan-Gruender-768x388.jpg 768w, https:\/\/www.markt-kom.com\/wp-content\/uploads\/2025\/03\/Markenslogan-Gruender-18x9.jpg 18w, https:\/\/www.markt-kom.com\/wp-content\/uploads\/2025\/03\/Markenslogan-Gruender-346x175.jpg 346w, https:\/\/www.markt-kom.com\/wp-content\/uploads\/2025\/03\/Markenslogan-Gruender-692x350.jpg 692w, https:\/\/www.markt-kom.com\/wp-content\/uploads\/2025\/03\/Markenslogan-Gruender-1000x506.jpg 1000w\" alt=\"\" width=\"1200\" height=\"607\" \/><\/a><\/strong><\/em><\/p>\r\n<p><em><strong>Parvez Sheik Fareed<\/strong> (links) und <strong>Miro Pfister<\/strong> sind Co-Gr\u00fcnder und Inhaber der Z\u00fcrcher Agentur Pam Advertising.<\/em><\/p>\r\n<p>&nbsp;<\/p>","protected":false},"excerpt":{"rendered":"<p>Mit \u00abMarkenslogan\u00bb lanciert die Z\u00fcrcher Agentur Pam Advertising einen neuen Slogan-Service, der sich gezielt an Start-ups und Kleinunternehmen richtet. Welche \u00dcberlegungen hinter dem eigenst\u00e4ndigen Angebot stehen, erkl\u00e4ren die Co-Gr\u00fcnder Parvez Sheik Fareed und Miro Pfister im Interview.<\/p>\n","protected":false},"author":8,"featured_media":0,"comment_status":"closed","ping_status":"closed","sticky":false,"template":"","format":"standard","meta":{"_acf_changed":false,"_yoast_wpseo_focuskw":"Markenslogan Service f\u00fcr Start-ups","_yoast_wpseo_metadesc":"Pam Advertising lanciert \u00abMarkenslogan\u00bb \u2013 ein Slogan-Service f\u00fcr Start-ups und Kleinunternehmen. Kreativ, pr\u00e4gnant und zeitlos.","articlekey":"","footnotes":""},"categories":[29],"tags":[2717,4345,5196,5197],"class_list":["post-36930","post","type-post","status-publish","format-standard","hentry","category-marketing","tag-branding","tag-business","tag-markenslogan","tag-pam-advertising"],"acf":[],"yoast_head":"<!-- This site is optimized with the Yoast SEO plugin v27.5 - https:\/\/yoast.com\/product\/yoast-seo-wordpress\/ -->\n<title>\u00abDer Name Markenslogan sagt unmissverst\u00e4ndlich, worum es geht\u00bb - Organisator<\/title>\n<meta name=\"description\" content=\"Pam Advertising lanciert \u00abMarkenslogan\u00bb \u2013 ein Slogan-Service f\u00fcr Start-ups und Kleinunternehmen. Kreativ, pr\u00e4gnant und zeitlos.\" \/>\n<meta name=\"robots\" content=\"index, follow, max-snippet:-1, max-image-preview:large, max-video-preview:-1\" \/>\n<link rel=\"canonical\" href=\"https:\/\/www.organisator.ch\/de\/marketing\/2025-03-17\/der-name-markenslogan-sagt-unmissverstaendlich-worum-es-geht\/\" \/>\n<meta property=\"og:locale\" content=\"de_DE\" \/>\n<meta property=\"og:type\" content=\"article\" \/>\n<meta property=\"og:title\" content=\"\u00abDer Name Markenslogan sagt unmissverst\u00e4ndlich, worum es geht\u00bb - Organisator\" \/>\n<meta property=\"og:description\" content=\"Pam Advertising lanciert \u00abMarkenslogan\u00bb \u2013 ein Slogan-Service f\u00fcr Start-ups und Kleinunternehmen. Kreativ, pr\u00e4gnant und zeitlos.\" \/>\n<meta property=\"og:url\" content=\"https:\/\/www.organisator.ch\/de\/marketing\/2025-03-17\/der-name-markenslogan-sagt-unmissverstaendlich-worum-es-geht\/\" \/>\n<meta property=\"og:site_name\" content=\"Organisator\" \/>\n<meta property=\"article:publisher\" content=\"https:\/\/www.facebook.com\/OrganisatorFachmagazin\" \/>\n<meta property=\"article:published_time\" content=\"2025-03-17T07:03:20+00:00\" \/>\n<meta name=\"author\" content=\"galledia\" \/>\n<meta name=\"twitter:card\" content=\"summary_large_image\" \/>\n<meta name=\"twitter:creator\" content=\"@admin\" \/>\n<script type=\"application\/ld+json\" class=\"yoast-schema-graph\">{\"@context\":\"https:\\\/\\\/schema.org\",\"@graph\":[{\"@type\":\"Article\",\"@id\":\"https:\\\/\\\/www.organisator.ch\\\/marketing\\\/2025-03-17\\\/der-name-markenslogan-sagt-unmissverstaendlich-worum-es-geht\\\/#article\",\"isPartOf\":{\"@id\":\"https:\\\/\\\/www.organisator.ch\\\/marketing\\\/2025-03-17\\\/der-name-markenslogan-sagt-unmissverstaendlich-worum-es-geht\\\/\"},\"author\":{\"name\":\"galledia\",\"@id\":\"https:\\\/\\\/www.organisator.ch\\\/#\\\/schema\\\/person\\\/4e51799071cd2dd1232ac003643ef5f0\"},\"headline\":\"\u00abDer Name Markenslogan sagt unmissverst\u00e4ndlich, worum es geht\u00bb\",\"datePublished\":\"2025-03-17T07:03:20+00:00\",\"mainEntityOfPage\":{\"@id\":\"https:\\\/\\\/www.organisator.ch\\\/marketing\\\/2025-03-17\\\/der-name-markenslogan-sagt-unmissverstaendlich-worum-es-geht\\\/\"},\"wordCount\":928,\"publisher\":{\"@id\":\"https:\\\/\\\/www.organisator.ch\\\/#organization\"},\"image\":{\"@id\":\"https:\\\/\\\/www.organisator.ch\\\/marketing\\\/2025-03-17\\\/der-name-markenslogan-sagt-unmissverstaendlich-worum-es-geht\\\/#primaryimage\"},\"thumbnailUrl\":\"https:\\\/\\\/www.markt-kom.com\\\/wp-content\\\/uploads\\\/2025\\\/03\\\/Logo-Markenslogan.jpg\",\"keywords\":[\"Branding\",\"Business\",\"Markenslogan\",\"PAM Advertising\"],\"articleSection\":[\"MARKETING\"],\"inLanguage\":\"de\"},{\"@type\":\"WebPage\",\"@id\":\"https:\\\/\\\/www.organisator.ch\\\/marketing\\\/2025-03-17\\\/der-name-markenslogan-sagt-unmissverstaendlich-worum-es-geht\\\/\",\"url\":\"https:\\\/\\\/www.organisator.ch\\\/marketing\\\/2025-03-17\\\/der-name-markenslogan-sagt-unmissverstaendlich-worum-es-geht\\\/\",\"name\":\"\u00abDer Name Markenslogan sagt unmissverst\u00e4ndlich, worum es geht\u00bb - Organisator\",\"isPartOf\":{\"@id\":\"https:\\\/\\\/www.organisator.ch\\\/#website\"},\"primaryImageOfPage\":{\"@id\":\"https:\\\/\\\/www.organisator.ch\\\/marketing\\\/2025-03-17\\\/der-name-markenslogan-sagt-unmissverstaendlich-worum-es-geht\\\/#primaryimage\"},\"image\":{\"@id\":\"https:\\\/\\\/www.organisator.ch\\\/marketing\\\/2025-03-17\\\/der-name-markenslogan-sagt-unmissverstaendlich-worum-es-geht\\\/#primaryimage\"},\"thumbnailUrl\":\"https:\\\/\\\/www.markt-kom.com\\\/wp-content\\\/uploads\\\/2025\\\/03\\\/Logo-Markenslogan.jpg\",\"datePublished\":\"2025-03-17T07:03:20+00:00\",\"description\":\"Pam Advertising lanciert \u00abMarkenslogan\u00bb \u2013 ein Slogan-Service f\u00fcr Start-ups und Kleinunternehmen. Kreativ, pr\u00e4gnant und zeitlos.\",\"breadcrumb\":{\"@id\":\"https:\\\/\\\/www.organisator.ch\\\/marketing\\\/2025-03-17\\\/der-name-markenslogan-sagt-unmissverstaendlich-worum-es-geht\\\/#breadcrumb\"},\"inLanguage\":\"de\",\"potentialAction\":[{\"@type\":\"ReadAction\",\"target\":[\"https:\\\/\\\/www.organisator.ch\\\/marketing\\\/2025-03-17\\\/der-name-markenslogan-sagt-unmissverstaendlich-worum-es-geht\\\/\"]}]},{\"@type\":\"ImageObject\",\"inLanguage\":\"de\",\"@id\":\"https:\\\/\\\/www.organisator.ch\\\/marketing\\\/2025-03-17\\\/der-name-markenslogan-sagt-unmissverstaendlich-worum-es-geht\\\/#primaryimage\",\"url\":\"https:\\\/\\\/www.markt-kom.com\\\/wp-content\\\/uploads\\\/2025\\\/03\\\/Logo-Markenslogan.jpg\",\"contentUrl\":\"https:\\\/\\\/www.markt-kom.com\\\/wp-content\\\/uploads\\\/2025\\\/03\\\/Logo-Markenslogan.jpg\"},{\"@type\":\"BreadcrumbList\",\"@id\":\"https:\\\/\\\/www.organisator.ch\\\/marketing\\\/2025-03-17\\\/der-name-markenslogan-sagt-unmissverstaendlich-worum-es-geht\\\/#breadcrumb\",\"itemListElement\":[{\"@type\":\"ListItem\",\"position\":1,\"name\":\"Home\",\"item\":\"https:\\\/\\\/www.organisator.ch\\\/\"},{\"@type\":\"ListItem\",\"position\":2,\"name\":\"\u00abDer Name Markenslogan sagt unmissverst\u00e4ndlich, worum es geht\u00bb\"}]},{\"@type\":\"WebSite\",\"@id\":\"https:\\\/\\\/www.organisator.ch\\\/#website\",\"url\":\"https:\\\/\\\/www.organisator.ch\\\/\",\"name\":\"Organisator\",\"description\":\"Kompetent. Praxisnah. Der ORGANISATOR bereitet in 10 Ausgaben pro Jahr die wesentlichen Themen f\u00fcr F\u00fchrungskr\u00e4fte von KMU auf.\",\"publisher\":{\"@id\":\"https:\\\/\\\/www.organisator.ch\\\/#organization\"},\"potentialAction\":[{\"@type\":\"SearchAction\",\"target\":{\"@type\":\"EntryPoint\",\"urlTemplate\":\"https:\\\/\\\/www.organisator.ch\\\/?s={search_term_string}\"},\"query-input\":{\"@type\":\"PropertyValueSpecification\",\"valueRequired\":true,\"valueName\":\"search_term_string\"}}],\"inLanguage\":\"de\"},{\"@type\":\"Organization\",\"@id\":\"https:\\\/\\\/www.organisator.ch\\\/#organization\",\"name\":\"Organisator\",\"url\":\"https:\\\/\\\/www.organisator.ch\\\/\",\"logo\":{\"@type\":\"ImageObject\",\"inLanguage\":\"de\",\"@id\":\"https:\\\/\\\/www.organisator.ch\\\/#\\\/schema\\\/logo\\\/image\\\/\",\"url\":\"https:\\\/\\\/www.organisator.ch\\\/wp-content\\\/uploads\\\/2022\\\/01\\\/Logo_Organisator_Website.png\",\"contentUrl\":\"https:\\\/\\\/www.organisator.ch\\\/wp-content\\\/uploads\\\/2022\\\/01\\\/Logo_Organisator_Website.png\",\"width\":800,\"height\":77,\"caption\":\"Organisator\"},\"image\":{\"@id\":\"https:\\\/\\\/www.organisator.ch\\\/#\\\/schema\\\/logo\\\/image\\\/\"},\"sameAs\":[\"https:\\\/\\\/www.facebook.com\\\/OrganisatorFachmagazin\",\"https:\\\/\\\/www.linkedin.com\\\/showcase\\\/organisator-das-magazin-fr-kmu\",\"https:\\\/\\\/www.xing.com\\\/news\\\/pages\\\/organisator-ch-695\",\"https:\\\/\\\/www.youtube.com\\\/channel\\\/UCGP2Sq0iWaZwT3BdIAQFYpw\"]},{\"@type\":\"Person\",\"@id\":\"https:\\\/\\\/www.organisator.ch\\\/#\\\/schema\\\/person\\\/4e51799071cd2dd1232ac003643ef5f0\",\"name\":\"galledia\",\"image\":{\"@type\":\"ImageObject\",\"inLanguage\":\"de\",\"@id\":\"https:\\\/\\\/secure.gravatar.com\\\/avatar\\\/78a7f90c01fc2bfc875782a0d4922b37cde2cf184ce347b91316d23cd7f69a36?s=96&d=mm&r=g\",\"url\":\"https:\\\/\\\/secure.gravatar.com\\\/avatar\\\/78a7f90c01fc2bfc875782a0d4922b37cde2cf184ce347b91316d23cd7f69a36?s=96&d=mm&r=g\",\"contentUrl\":\"https:\\\/\\\/secure.gravatar.com\\\/avatar\\\/78a7f90c01fc2bfc875782a0d4922b37cde2cf184ce347b91316d23cd7f69a36?s=96&d=mm&r=g\",\"caption\":\"galledia\"},\"sameAs\":[\"https:\\\/\\\/x.com\\\/admin\"],\"url\":\"https:\\\/\\\/www.organisator.ch\\\/de\\\/author\\\/galledia\\\/\"}]}<\/script>\n<!-- \/ Yoast SEO plugin. -->","yoast_head_json":{"title":"\u00abDer Name Markenslogan sagt unmissverst\u00e4ndlich, worum es geht\u00bb - Organisator","description":"Pam Advertising lanciert \u00abMarkenslogan\u00bb \u2013 ein Slogan-Service f\u00fcr Start-ups und Kleinunternehmen. Kreativ, pr\u00e4gnant und zeitlos.","robots":{"index":"index","follow":"follow","max-snippet":"max-snippet:-1","max-image-preview":"max-image-preview:large","max-video-preview":"max-video-preview:-1"},"canonical":"https:\/\/www.organisator.ch\/de\/marketing\/2025-03-17\/der-name-markenslogan-sagt-unmissverstaendlich-worum-es-geht\/","og_locale":"de_DE","og_type":"article","og_title":"\u00abDer Name Markenslogan sagt unmissverst\u00e4ndlich, worum es geht\u00bb - Organisator","og_description":"Pam Advertising lanciert \u00abMarkenslogan\u00bb \u2013 ein Slogan-Service f\u00fcr Start-ups und Kleinunternehmen. Kreativ, pr\u00e4gnant und zeitlos.","og_url":"https:\/\/www.organisator.ch\/de\/marketing\/2025-03-17\/der-name-markenslogan-sagt-unmissverstaendlich-worum-es-geht\/","og_site_name":"Organisator","article_publisher":"https:\/\/www.facebook.com\/OrganisatorFachmagazin","article_published_time":"2025-03-17T07:03:20+00:00","author":"galledia","twitter_card":"summary_large_image","twitter_creator":"@admin","schema":{"@context":"https:\/\/schema.org","@graph":[{"@type":"Article","@id":"https:\/\/www.organisator.ch\/marketing\/2025-03-17\/der-name-markenslogan-sagt-unmissverstaendlich-worum-es-geht\/#article","isPartOf":{"@id":"https:\/\/www.organisator.ch\/marketing\/2025-03-17\/der-name-markenslogan-sagt-unmissverstaendlich-worum-es-geht\/"},"author":{"name":"galledia","@id":"https:\/\/www.organisator.ch\/#\/schema\/person\/4e51799071cd2dd1232ac003643ef5f0"},"headline":"\u00abDer Name Markenslogan sagt unmissverst\u00e4ndlich, worum es geht\u00bb","datePublished":"2025-03-17T07:03:20+00:00","mainEntityOfPage":{"@id":"https:\/\/www.organisator.ch\/marketing\/2025-03-17\/der-name-markenslogan-sagt-unmissverstaendlich-worum-es-geht\/"},"wordCount":928,"publisher":{"@id":"https:\/\/www.organisator.ch\/#organization"},"image":{"@id":"https:\/\/www.organisator.ch\/marketing\/2025-03-17\/der-name-markenslogan-sagt-unmissverstaendlich-worum-es-geht\/#primaryimage"},"thumbnailUrl":"https:\/\/www.markt-kom.com\/wp-content\/uploads\/2025\/03\/Logo-Markenslogan.jpg","keywords":["Branding","Business","Markenslogan","PAM Advertising"],"articleSection":["MARKETING"],"inLanguage":"de"},{"@type":"WebPage","@id":"https:\/\/www.organisator.ch\/marketing\/2025-03-17\/der-name-markenslogan-sagt-unmissverstaendlich-worum-es-geht\/","url":"https:\/\/www.organisator.ch\/marketing\/2025-03-17\/der-name-markenslogan-sagt-unmissverstaendlich-worum-es-geht\/","name":"\u00abDer Name Markenslogan sagt unmissverst\u00e4ndlich, worum es geht\u00bb - Organisator","isPartOf":{"@id":"https:\/\/www.organisator.ch\/#website"},"primaryImageOfPage":{"@id":"https:\/\/www.organisator.ch\/marketing\/2025-03-17\/der-name-markenslogan-sagt-unmissverstaendlich-worum-es-geht\/#primaryimage"},"image":{"@id":"https:\/\/www.organisator.ch\/marketing\/2025-03-17\/der-name-markenslogan-sagt-unmissverstaendlich-worum-es-geht\/#primaryimage"},"thumbnailUrl":"https:\/\/www.markt-kom.com\/wp-content\/uploads\/2025\/03\/Logo-Markenslogan.jpg","datePublished":"2025-03-17T07:03:20+00:00","description":"Pam Advertising lanciert \u00abMarkenslogan\u00bb \u2013 ein Slogan-Service f\u00fcr Start-ups und Kleinunternehmen. Kreativ, pr\u00e4gnant und zeitlos.","breadcrumb":{"@id":"https:\/\/www.organisator.ch\/marketing\/2025-03-17\/der-name-markenslogan-sagt-unmissverstaendlich-worum-es-geht\/#breadcrumb"},"inLanguage":"de","potentialAction":[{"@type":"ReadAction","target":["https:\/\/www.organisator.ch\/marketing\/2025-03-17\/der-name-markenslogan-sagt-unmissverstaendlich-worum-es-geht\/"]}]},{"@type":"ImageObject","inLanguage":"de","@id":"https:\/\/www.organisator.ch\/marketing\/2025-03-17\/der-name-markenslogan-sagt-unmissverstaendlich-worum-es-geht\/#primaryimage","url":"https:\/\/www.markt-kom.com\/wp-content\/uploads\/2025\/03\/Logo-Markenslogan.jpg","contentUrl":"https:\/\/www.markt-kom.com\/wp-content\/uploads\/2025\/03\/Logo-Markenslogan.jpg"},{"@type":"BreadcrumbList","@id":"https:\/\/www.organisator.ch\/marketing\/2025-03-17\/der-name-markenslogan-sagt-unmissverstaendlich-worum-es-geht\/#breadcrumb","itemListElement":[{"@type":"ListItem","position":1,"name":"Home","item":"https:\/\/www.organisator.ch\/"},{"@type":"ListItem","position":2,"name":"\u00abDer Name Markenslogan sagt unmissverst\u00e4ndlich, worum es geht\u00bb"}]},{"@type":"WebSite","@id":"https:\/\/www.organisator.ch\/#website","url":"https:\/\/www.organisator.ch\/","name":"Organisator","description":"Kompetent. Praxisnah. Der ORGANISATOR bereitet in 10 Ausgaben pro Jahr die wesentlichen Themen f\u00fcr F\u00fchrungskr\u00e4fte von KMU auf.","publisher":{"@id":"https:\/\/www.organisator.ch\/#organization"},"potentialAction":[{"@type":"SearchAction","target":{"@type":"EntryPoint","urlTemplate":"https:\/\/www.organisator.ch\/?s={search_term_string}"},"query-input":{"@type":"PropertyValueSpecification","valueRequired":true,"valueName":"search_term_string"}}],"inLanguage":"de"},{"@type":"Organization","@id":"https:\/\/www.organisator.ch\/#organization","name":"Organisator","url":"https:\/\/www.organisator.ch\/","logo":{"@type":"ImageObject","inLanguage":"de","@id":"https:\/\/www.organisator.ch\/#\/schema\/logo\/image\/","url":"https:\/\/www.organisator.ch\/wp-content\/uploads\/2022\/01\/Logo_Organisator_Website.png","contentUrl":"https:\/\/www.organisator.ch\/wp-content\/uploads\/2022\/01\/Logo_Organisator_Website.png","width":800,"height":77,"caption":"Organisator"},"image":{"@id":"https:\/\/www.organisator.ch\/#\/schema\/logo\/image\/"},"sameAs":["https:\/\/www.facebook.com\/OrganisatorFachmagazin","https:\/\/www.linkedin.com\/showcase\/organisator-das-magazin-fr-kmu","https:\/\/www.xing.com\/news\/pages\/organisator-ch-695","https:\/\/www.youtube.com\/channel\/UCGP2Sq0iWaZwT3BdIAQFYpw"]},{"@type":"Person","@id":"https:\/\/www.organisator.ch\/#\/schema\/person\/4e51799071cd2dd1232ac003643ef5f0","name":"galledia","image":{"@type":"ImageObject","inLanguage":"de","@id":"https:\/\/secure.gravatar.com\/avatar\/78a7f90c01fc2bfc875782a0d4922b37cde2cf184ce347b91316d23cd7f69a36?s=96&d=mm&r=g","url":"https:\/\/secure.gravatar.com\/avatar\/78a7f90c01fc2bfc875782a0d4922b37cde2cf184ce347b91316d23cd7f69a36?s=96&d=mm&r=g","contentUrl":"https:\/\/secure.gravatar.com\/avatar\/78a7f90c01fc2bfc875782a0d4922b37cde2cf184ce347b91316d23cd7f69a36?s=96&d=mm&r=g","caption":"galledia"},"sameAs":["https:\/\/x.com\/admin"],"url":"https:\/\/www.organisator.ch\/de\/author\/galledia\/"}]}},"_links":{"self":[{"href":"https:\/\/www.organisator.ch\/de\/wp-json\/wp\/v2\/posts\/36930","targetHints":{"allow":["GET"]}}],"collection":[{"href":"https:\/\/www.organisator.ch\/de\/wp-json\/wp\/v2\/posts"}],"about":[{"href":"https:\/\/www.organisator.ch\/de\/wp-json\/wp\/v2\/types\/post"}],"author":[{"embeddable":true,"href":"https:\/\/www.organisator.ch\/de\/wp-json\/wp\/v2\/users\/8"}],"replies":[{"embeddable":true,"href":"https:\/\/www.organisator.ch\/de\/wp-json\/wp\/v2\/comments?post=36930"}],"version-history":[{"count":4,"href":"https:\/\/www.organisator.ch\/de\/wp-json\/wp\/v2\/posts\/36930\/revisions"}],"predecessor-version":[{"id":36939,"href":"https:\/\/www.organisator.ch\/de\/wp-json\/wp\/v2\/posts\/36930\/revisions\/36939"}],"wp:attachment":[{"href":"https:\/\/www.organisator.ch\/de\/wp-json\/wp\/v2\/media?parent=36930"}],"wp:term":[{"taxonomy":"category","embeddable":true,"href":"https:\/\/www.organisator.ch\/de\/wp-json\/wp\/v2\/categories?post=36930"},{"taxonomy":"post_tag","embeddable":true,"href":"https:\/\/www.organisator.ch\/de\/wp-json\/wp\/v2\/tags?post=36930"}],"curies":[{"name":"wp","href":"https:\/\/api.w.org\/{rel}","templated":true}]}}