{"id":36958,"date":"2025-03-18T07:40:04","date_gmt":"2025-03-18T06:40:04","guid":{"rendered":"https:\/\/www.markt-kom.com\/?p=232017"},"modified":"2025-03-18T07:54:24","modified_gmt":"2025-03-18T06:54:24","slug":"das-sind-die-gewinnerinnen-des-sef-womanaward-2025","status":"publish","type":"post","link":"https:\/\/www.organisator.ch\/de\/marketing\/2025-03-18\/das-sind-die-gewinnerinnen-des-sef-womanaward-2025\/","title":{"rendered":"Das sind die Gewinnerinnen des SEF.WomanAward 2025"},"content":{"rendered":"<figure id=\"attachment_232018\" class=\"wp-caption aligncenter\" style=\"width: 1200px;\" aria-describedby=\"caption-attachment-232018\"><a href=\"https:\/\/www.markt-kom.com\/wp-content\/uploads\/2025\/03\/SEFWomanAward-25.jpg\"><img class=\"size-full wp-image-232018\" src=\"https:\/\/www.markt-kom.com\/wp-content\/uploads\/2025\/03\/SEFWomanAward-25.jpg\" sizes=\"(max-width: 1200px) 100vw, 1200px\" srcset=\"https:\/\/www.markt-kom.com\/wp-content\/uploads\/2025\/03\/SEFWomanAward-25.jpg 1200w, https:\/\/www.markt-kom.com\/wp-content\/uploads\/2025\/03\/SEFWomanAward-25-600x450.jpg 600w, https:\/\/www.markt-kom.com\/wp-content\/uploads\/2025\/03\/SEFWomanAward-25-1024x768.jpg 1024w, https:\/\/www.markt-kom.com\/wp-content\/uploads\/2025\/03\/SEFWomanAward-25-768x576.jpg 768w, https:\/\/www.markt-kom.com\/wp-content\/uploads\/2025\/03\/SEFWomanAward-25-16x12.jpg 16w, https:\/\/www.markt-kom.com\/wp-content\/uploads\/2025\/03\/SEFWomanAward-25-233x175.jpg 233w, https:\/\/www.markt-kom.com\/wp-content\/uploads\/2025\/03\/SEFWomanAward-25-467x350.jpg 467w, https:\/\/www.markt-kom.com\/wp-content\/uploads\/2025\/03\/SEFWomanAward-25-1000x750.jpg 1000w\" alt=\"\" width=\"1200\" height=\"900\" \/><\/a>\r\n<figcaption id=\"caption-attachment-232018\" class=\"wp-caption-text\">Bea Knecht, Paulina Grnarova und Antja Kanngiesser erhalten den diesj\u00e4hrigen SEF.WomanAward. (Bild: NZZ Connect)<\/figcaption>\r\n<\/figure>\r\n<p>Im The Circle Z\u00fcrich hat NZZ Connect das f\u00fcnfte Jahr in Folge den Wirtschaftspreis f\u00fcr Frauen, den Swiss Economic Forum Woman Award verliehen. Eine der drei gek\u00fcrten Frauen war Paulina Grnarova, wie NZZ Connect mitteilt. Grnarova, Mitbegr\u00fcnderin und CEO des KI-Start-ups Deepjudge erhielt die Auszeichnung in der Kategorie \u00abJungunternehmerin des Jahres\u00bb.<\/p>\r\n<p>Die geb\u00fcrtige Nordmazedonierin gr\u00fcndete das ETH-Spin-off Deepjudge 2021, um mit k\u00fcnstlicher Intelligenz den juristischen Suchprozess zu transformieren. Grnarova ist laut Mitteilung promovierte Informatikerin und wurde bereits in die \u00abForbes 30 under 30\u00bb-Liste aufgenommen.<\/p>\r\n<p>Einen weiteren Award \u00fcberreichte das Swiss Economic Forum an Bea Knecht. Als Gr\u00fcnderin des TV-Streaming-Dienstes Zattoo habe sie neue Gesch\u00e4ftsmodelle in der Technologiebranche entwickelt und sei eine Expertin f\u00fcr digitale Transformation, heisst es in der Mitteilung. Daf\u00fcr ernannten sie die Veranstalter zur Ehrenpreistr\u00e4gerin des Jahres 2025. Des Weiteren erhielt Alpiq-CEO Antje Kanngiesser die Auszeichnung in der Kategorie \u00abUnternehmerin\/CEO des Jahres\u00bb.\u00a0<em>(Dylan Windhaber\/rja)<\/em><\/p>\r\n<hr \/>\r\n<p><a href=\"https:\/\/www.netzwoche.ch\/news\/2025-03-17\/ki-start-up-gruenderin-ist-jungunternehmerin-des-jahres\" rel=\"noopener\"><em>Dieser Artikel erschien zuerst in der Netzwoche.<\/em><\/a><\/p>\r\n<p><em>Der SEF.WomanAward ehrt Frauen mit einem herausragenden unternehmerischen Leistungsausweis und schafft damit gleichzeitig eine kraftvolle und zukunftsgerichtete Plattform f\u00fcr Unternehmerinnen.<\/em><\/p>","protected":false},"excerpt":{"rendered":"<p>Paulina Grnarova, Mitgr\u00fcnderin und CEO des KI-Start-ups Deepjudge, hat den diesj\u00e4hrigen \u00abSEF.Woman Award\u00bb gewonnen. Das Swiss Economic Forum ehrt sie f\u00fcr ihre KI-L\u00f6sung f\u00fcr Anwaltskanzleien als \u00abJungunternehmerin des Jahres\u00bb.<\/p>\n","protected":false},"author":8,"featured_media":0,"comment_status":"closed","ping_status":"closed","sticky":false,"template":"","format":"standard","meta":{"_acf_changed":false,"_yoast_wpseo_focuskw":"Paulina Grnarova","_yoast_wpseo_metadesc":"Paulina Grnarova von Deepjudge gewinnt den SEF.Woman Award als \u00abJungunternehmerin des Jahres\u00bb f\u00fcr ihre KI-L\u00f6sung f\u00fcr Anwaltskanzleien.","articlekey":"","footnotes":""},"categories":[29],"tags":[66,5204,5205,2255],"class_list":["post-36958","post","type-post","status-publish","format-standard","hentry","category-marketing","tag-awards","tag-nzz-connect","tag-sef-womanaward","tag-swiss-economic-forum"],"acf":[],"yoast_head":"<!-- This site is optimized with the Yoast SEO plugin v27.5 - https:\/\/yoast.com\/product\/yoast-seo-wordpress\/ -->\n<title>Das sind die Gewinnerinnen des SEF.WomanAward 2025 - Organisator<\/title>\n<meta name=\"description\" content=\"Paulina Grnarova von Deepjudge gewinnt den SEF.Woman Award als \u00abJungunternehmerin des Jahres\u00bb f\u00fcr ihre KI-L\u00f6sung f\u00fcr Anwaltskanzleien.\" \/>\n<meta name=\"robots\" content=\"index, follow, max-snippet:-1, max-image-preview:large, max-video-preview:-1\" \/>\n<link rel=\"canonical\" href=\"https:\/\/www.organisator.ch\/de\/marketing\/2025-03-18\/das-sind-die-gewinnerinnen-des-sef-womanaward-2025\/\" \/>\n<meta property=\"og:locale\" content=\"de_DE\" \/>\n<meta property=\"og:type\" content=\"article\" \/>\n<meta property=\"og:title\" content=\"Das sind die Gewinnerinnen des SEF.WomanAward 2025 - Organisator\" \/>\n<meta property=\"og:description\" content=\"Paulina Grnarova von Deepjudge gewinnt den SEF.Woman Award als \u00abJungunternehmerin des Jahres\u00bb f\u00fcr ihre KI-L\u00f6sung f\u00fcr Anwaltskanzleien.\" \/>\n<meta property=\"og:url\" content=\"https:\/\/www.organisator.ch\/de\/marketing\/2025-03-18\/das-sind-die-gewinnerinnen-des-sef-womanaward-2025\/\" \/>\n<meta property=\"og:site_name\" content=\"Organisator\" \/>\n<meta property=\"article:publisher\" content=\"https:\/\/www.facebook.com\/OrganisatorFachmagazin\" \/>\n<meta property=\"article:published_time\" content=\"2025-03-18T06:40:04+00:00\" \/>\n<meta property=\"article:modified_time\" content=\"2025-03-18T06:54:24+00:00\" \/>\n<meta name=\"author\" content=\"galledia\" \/>\n<meta name=\"twitter:card\" content=\"summary_large_image\" \/>\n<meta name=\"twitter:creator\" content=\"@admin\" \/>\n<script type=\"application\/ld+json\" class=\"yoast-schema-graph\">{\"@context\":\"https:\\\/\\\/schema.org\",\"@graph\":[{\"@type\":\"Article\",\"@id\":\"https:\\\/\\\/www.organisator.ch\\\/marketing\\\/2025-03-18\\\/das-sind-die-gewinnerinnen-des-sef-womanaward-2025\\\/#article\",\"isPartOf\":{\"@id\":\"https:\\\/\\\/www.organisator.ch\\\/marketing\\\/2025-03-18\\\/das-sind-die-gewinnerinnen-des-sef-womanaward-2025\\\/\"},\"author\":{\"name\":\"galledia\",\"@id\":\"https:\\\/\\\/www.organisator.ch\\\/#\\\/schema\\\/person\\\/4e51799071cd2dd1232ac003643ef5f0\"},\"headline\":\"Das sind die Gewinnerinnen des SEF.WomanAward 2025\",\"datePublished\":\"2025-03-18T06:40:04+00:00\",\"dateModified\":\"2025-03-18T06:54:24+00:00\",\"mainEntityOfPage\":{\"@id\":\"https:\\\/\\\/www.organisator.ch\\\/marketing\\\/2025-03-18\\\/das-sind-die-gewinnerinnen-des-sef-womanaward-2025\\\/\"},\"wordCount\":210,\"publisher\":{\"@id\":\"https:\\\/\\\/www.organisator.ch\\\/#organization\"},\"image\":{\"@id\":\"https:\\\/\\\/www.organisator.ch\\\/marketing\\\/2025-03-18\\\/das-sind-die-gewinnerinnen-des-sef-womanaward-2025\\\/#primaryimage\"},\"thumbnailUrl\":\"https:\\\/\\\/www.markt-kom.com\\\/wp-content\\\/uploads\\\/2025\\\/03\\\/SEFWomanAward-25.jpg\",\"keywords\":[\"Awards\",\"NZZ Connect\",\"SEF.WomanAward\",\"Swiss Economic Forum\"],\"articleSection\":[\"MARKETING\"],\"inLanguage\":\"de\"},{\"@type\":\"WebPage\",\"@id\":\"https:\\\/\\\/www.organisator.ch\\\/marketing\\\/2025-03-18\\\/das-sind-die-gewinnerinnen-des-sef-womanaward-2025\\\/\",\"url\":\"https:\\\/\\\/www.organisator.ch\\\/marketing\\\/2025-03-18\\\/das-sind-die-gewinnerinnen-des-sef-womanaward-2025\\\/\",\"name\":\"Das sind die Gewinnerinnen des SEF.WomanAward 2025 - Organisator\",\"isPartOf\":{\"@id\":\"https:\\\/\\\/www.organisator.ch\\\/#website\"},\"primaryImageOfPage\":{\"@id\":\"https:\\\/\\\/www.organisator.ch\\\/marketing\\\/2025-03-18\\\/das-sind-die-gewinnerinnen-des-sef-womanaward-2025\\\/#primaryimage\"},\"image\":{\"@id\":\"https:\\\/\\\/www.organisator.ch\\\/marketing\\\/2025-03-18\\\/das-sind-die-gewinnerinnen-des-sef-womanaward-2025\\\/#primaryimage\"},\"thumbnailUrl\":\"https:\\\/\\\/www.markt-kom.com\\\/wp-content\\\/uploads\\\/2025\\\/03\\\/SEFWomanAward-25.jpg\",\"datePublished\":\"2025-03-18T06:40:04+00:00\",\"dateModified\":\"2025-03-18T06:54:24+00:00\",\"description\":\"Paulina Grnarova von Deepjudge gewinnt den SEF.Woman Award als \u00abJungunternehmerin des Jahres\u00bb f\u00fcr ihre KI-L\u00f6sung f\u00fcr Anwaltskanzleien.\",\"breadcrumb\":{\"@id\":\"https:\\\/\\\/www.organisator.ch\\\/marketing\\\/2025-03-18\\\/das-sind-die-gewinnerinnen-des-sef-womanaward-2025\\\/#breadcrumb\"},\"inLanguage\":\"de\",\"potentialAction\":[{\"@type\":\"ReadAction\",\"target\":[\"https:\\\/\\\/www.organisator.ch\\\/marketing\\\/2025-03-18\\\/das-sind-die-gewinnerinnen-des-sef-womanaward-2025\\\/\"]}]},{\"@type\":\"ImageObject\",\"inLanguage\":\"de\",\"@id\":\"https:\\\/\\\/www.organisator.ch\\\/marketing\\\/2025-03-18\\\/das-sind-die-gewinnerinnen-des-sef-womanaward-2025\\\/#primaryimage\",\"url\":\"https:\\\/\\\/www.markt-kom.com\\\/wp-content\\\/uploads\\\/2025\\\/03\\\/SEFWomanAward-25.jpg\",\"contentUrl\":\"https:\\\/\\\/www.markt-kom.com\\\/wp-content\\\/uploads\\\/2025\\\/03\\\/SEFWomanAward-25.jpg\"},{\"@type\":\"BreadcrumbList\",\"@id\":\"https:\\\/\\\/www.organisator.ch\\\/marketing\\\/2025-03-18\\\/das-sind-die-gewinnerinnen-des-sef-womanaward-2025\\\/#breadcrumb\",\"itemListElement\":[{\"@type\":\"ListItem\",\"position\":1,\"name\":\"Home\",\"item\":\"https:\\\/\\\/www.organisator.ch\\\/\"},{\"@type\":\"ListItem\",\"position\":2,\"name\":\"Das sind die Gewinnerinnen des SEF.WomanAward 2025\"}]},{\"@type\":\"WebSite\",\"@id\":\"https:\\\/\\\/www.organisator.ch\\\/#website\",\"url\":\"https:\\\/\\\/www.organisator.ch\\\/\",\"name\":\"Organisator\",\"description\":\"Kompetent. Praxisnah. Der ORGANISATOR bereitet in 10 Ausgaben pro Jahr die wesentlichen Themen f\u00fcr F\u00fchrungskr\u00e4fte von KMU auf.\",\"publisher\":{\"@id\":\"https:\\\/\\\/www.organisator.ch\\\/#organization\"},\"potentialAction\":[{\"@type\":\"SearchAction\",\"target\":{\"@type\":\"EntryPoint\",\"urlTemplate\":\"https:\\\/\\\/www.organisator.ch\\\/?s={search_term_string}\"},\"query-input\":{\"@type\":\"PropertyValueSpecification\",\"valueRequired\":true,\"valueName\":\"search_term_string\"}}],\"inLanguage\":\"de\"},{\"@type\":\"Organization\",\"@id\":\"https:\\\/\\\/www.organisator.ch\\\/#organization\",\"name\":\"Organisator\",\"url\":\"https:\\\/\\\/www.organisator.ch\\\/\",\"logo\":{\"@type\":\"ImageObject\",\"inLanguage\":\"de\",\"@id\":\"https:\\\/\\\/www.organisator.ch\\\/#\\\/schema\\\/logo\\\/image\\\/\",\"url\":\"https:\\\/\\\/www.organisator.ch\\\/wp-content\\\/uploads\\\/2022\\\/01\\\/Logo_Organisator_Website.png\",\"contentUrl\":\"https:\\\/\\\/www.organisator.ch\\\/wp-content\\\/uploads\\\/2022\\\/01\\\/Logo_Organisator_Website.png\",\"width\":800,\"height\":77,\"caption\":\"Organisator\"},\"image\":{\"@id\":\"https:\\\/\\\/www.organisator.ch\\\/#\\\/schema\\\/logo\\\/image\\\/\"},\"sameAs\":[\"https:\\\/\\\/www.facebook.com\\\/OrganisatorFachmagazin\",\"https:\\\/\\\/www.linkedin.com\\\/showcase\\\/organisator-das-magazin-fr-kmu\",\"https:\\\/\\\/www.xing.com\\\/news\\\/pages\\\/organisator-ch-695\",\"https:\\\/\\\/www.youtube.com\\\/channel\\\/UCGP2Sq0iWaZwT3BdIAQFYpw\"]},{\"@type\":\"Person\",\"@id\":\"https:\\\/\\\/www.organisator.ch\\\/#\\\/schema\\\/person\\\/4e51799071cd2dd1232ac003643ef5f0\",\"name\":\"galledia\",\"image\":{\"@type\":\"ImageObject\",\"inLanguage\":\"de\",\"@id\":\"https:\\\/\\\/secure.gravatar.com\\\/avatar\\\/78a7f90c01fc2bfc875782a0d4922b37cde2cf184ce347b91316d23cd7f69a36?s=96&d=mm&r=g\",\"url\":\"https:\\\/\\\/secure.gravatar.com\\\/avatar\\\/78a7f90c01fc2bfc875782a0d4922b37cde2cf184ce347b91316d23cd7f69a36?s=96&d=mm&r=g\",\"contentUrl\":\"https:\\\/\\\/secure.gravatar.com\\\/avatar\\\/78a7f90c01fc2bfc875782a0d4922b37cde2cf184ce347b91316d23cd7f69a36?s=96&d=mm&r=g\",\"caption\":\"galledia\"},\"sameAs\":[\"https:\\\/\\\/x.com\\\/admin\"],\"url\":\"https:\\\/\\\/www.organisator.ch\\\/de\\\/author\\\/galledia\\\/\"}]}<\/script>\n<!-- \/ Yoast SEO plugin. -->","yoast_head_json":{"title":"Das sind die Gewinnerinnen des SEF.WomanAward 2025 - Organisator","description":"Paulina Grnarova von Deepjudge gewinnt den SEF.Woman Award als \u00abJungunternehmerin des Jahres\u00bb f\u00fcr ihre KI-L\u00f6sung f\u00fcr Anwaltskanzleien.","robots":{"index":"index","follow":"follow","max-snippet":"max-snippet:-1","max-image-preview":"max-image-preview:large","max-video-preview":"max-video-preview:-1"},"canonical":"https:\/\/www.organisator.ch\/de\/marketing\/2025-03-18\/das-sind-die-gewinnerinnen-des-sef-womanaward-2025\/","og_locale":"de_DE","og_type":"article","og_title":"Das sind die Gewinnerinnen des SEF.WomanAward 2025 - Organisator","og_description":"Paulina Grnarova von Deepjudge gewinnt den SEF.Woman Award als \u00abJungunternehmerin des Jahres\u00bb f\u00fcr ihre KI-L\u00f6sung f\u00fcr Anwaltskanzleien.","og_url":"https:\/\/www.organisator.ch\/de\/marketing\/2025-03-18\/das-sind-die-gewinnerinnen-des-sef-womanaward-2025\/","og_site_name":"Organisator","article_publisher":"https:\/\/www.facebook.com\/OrganisatorFachmagazin","article_published_time":"2025-03-18T06:40:04+00:00","article_modified_time":"2025-03-18T06:54:24+00:00","author":"galledia","twitter_card":"summary_large_image","twitter_creator":"@admin","schema":{"@context":"https:\/\/schema.org","@graph":[{"@type":"Article","@id":"https:\/\/www.organisator.ch\/marketing\/2025-03-18\/das-sind-die-gewinnerinnen-des-sef-womanaward-2025\/#article","isPartOf":{"@id":"https:\/\/www.organisator.ch\/marketing\/2025-03-18\/das-sind-die-gewinnerinnen-des-sef-womanaward-2025\/"},"author":{"name":"galledia","@id":"https:\/\/www.organisator.ch\/#\/schema\/person\/4e51799071cd2dd1232ac003643ef5f0"},"headline":"Das sind die Gewinnerinnen des SEF.WomanAward 2025","datePublished":"2025-03-18T06:40:04+00:00","dateModified":"2025-03-18T06:54:24+00:00","mainEntityOfPage":{"@id":"https:\/\/www.organisator.ch\/marketing\/2025-03-18\/das-sind-die-gewinnerinnen-des-sef-womanaward-2025\/"},"wordCount":210,"publisher":{"@id":"https:\/\/www.organisator.ch\/#organization"},"image":{"@id":"https:\/\/www.organisator.ch\/marketing\/2025-03-18\/das-sind-die-gewinnerinnen-des-sef-womanaward-2025\/#primaryimage"},"thumbnailUrl":"https:\/\/www.markt-kom.com\/wp-content\/uploads\/2025\/03\/SEFWomanAward-25.jpg","keywords":["Awards","NZZ Connect","SEF.WomanAward","Swiss Economic Forum"],"articleSection":["MARKETING"],"inLanguage":"de"},{"@type":"WebPage","@id":"https:\/\/www.organisator.ch\/marketing\/2025-03-18\/das-sind-die-gewinnerinnen-des-sef-womanaward-2025\/","url":"https:\/\/www.organisator.ch\/marketing\/2025-03-18\/das-sind-die-gewinnerinnen-des-sef-womanaward-2025\/","name":"Das sind die Gewinnerinnen des SEF.WomanAward 2025 - Organisator","isPartOf":{"@id":"https:\/\/www.organisator.ch\/#website"},"primaryImageOfPage":{"@id":"https:\/\/www.organisator.ch\/marketing\/2025-03-18\/das-sind-die-gewinnerinnen-des-sef-womanaward-2025\/#primaryimage"},"image":{"@id":"https:\/\/www.organisator.ch\/marketing\/2025-03-18\/das-sind-die-gewinnerinnen-des-sef-womanaward-2025\/#primaryimage"},"thumbnailUrl":"https:\/\/www.markt-kom.com\/wp-content\/uploads\/2025\/03\/SEFWomanAward-25.jpg","datePublished":"2025-03-18T06:40:04+00:00","dateModified":"2025-03-18T06:54:24+00:00","description":"Paulina Grnarova von Deepjudge gewinnt den SEF.Woman Award als \u00abJungunternehmerin des Jahres\u00bb f\u00fcr ihre KI-L\u00f6sung f\u00fcr Anwaltskanzleien.","breadcrumb":{"@id":"https:\/\/www.organisator.ch\/marketing\/2025-03-18\/das-sind-die-gewinnerinnen-des-sef-womanaward-2025\/#breadcrumb"},"inLanguage":"de","potentialAction":[{"@type":"ReadAction","target":["https:\/\/www.organisator.ch\/marketing\/2025-03-18\/das-sind-die-gewinnerinnen-des-sef-womanaward-2025\/"]}]},{"@type":"ImageObject","inLanguage":"de","@id":"https:\/\/www.organisator.ch\/marketing\/2025-03-18\/das-sind-die-gewinnerinnen-des-sef-womanaward-2025\/#primaryimage","url":"https:\/\/www.markt-kom.com\/wp-content\/uploads\/2025\/03\/SEFWomanAward-25.jpg","contentUrl":"https:\/\/www.markt-kom.com\/wp-content\/uploads\/2025\/03\/SEFWomanAward-25.jpg"},{"@type":"BreadcrumbList","@id":"https:\/\/www.organisator.ch\/marketing\/2025-03-18\/das-sind-die-gewinnerinnen-des-sef-womanaward-2025\/#breadcrumb","itemListElement":[{"@type":"ListItem","position":1,"name":"Home","item":"https:\/\/www.organisator.ch\/"},{"@type":"ListItem","position":2,"name":"Das sind die Gewinnerinnen des SEF.WomanAward 2025"}]},{"@type":"WebSite","@id":"https:\/\/www.organisator.ch\/#website","url":"https:\/\/www.organisator.ch\/","name":"Organisator","description":"Kompetent. Praxisnah. Der ORGANISATOR bereitet in 10 Ausgaben pro Jahr die wesentlichen Themen f\u00fcr F\u00fchrungskr\u00e4fte von KMU auf.","publisher":{"@id":"https:\/\/www.organisator.ch\/#organization"},"potentialAction":[{"@type":"SearchAction","target":{"@type":"EntryPoint","urlTemplate":"https:\/\/www.organisator.ch\/?s={search_term_string}"},"query-input":{"@type":"PropertyValueSpecification","valueRequired":true,"valueName":"search_term_string"}}],"inLanguage":"de"},{"@type":"Organization","@id":"https:\/\/www.organisator.ch\/#organization","name":"Organisator","url":"https:\/\/www.organisator.ch\/","logo":{"@type":"ImageObject","inLanguage":"de","@id":"https:\/\/www.organisator.ch\/#\/schema\/logo\/image\/","url":"https:\/\/www.organisator.ch\/wp-content\/uploads\/2022\/01\/Logo_Organisator_Website.png","contentUrl":"https:\/\/www.organisator.ch\/wp-content\/uploads\/2022\/01\/Logo_Organisator_Website.png","width":800,"height":77,"caption":"Organisator"},"image":{"@id":"https:\/\/www.organisator.ch\/#\/schema\/logo\/image\/"},"sameAs":["https:\/\/www.facebook.com\/OrganisatorFachmagazin","https:\/\/www.linkedin.com\/showcase\/organisator-das-magazin-fr-kmu","https:\/\/www.xing.com\/news\/pages\/organisator-ch-695","https:\/\/www.youtube.com\/channel\/UCGP2Sq0iWaZwT3BdIAQFYpw"]},{"@type":"Person","@id":"https:\/\/www.organisator.ch\/#\/schema\/person\/4e51799071cd2dd1232ac003643ef5f0","name":"galledia","image":{"@type":"ImageObject","inLanguage":"de","@id":"https:\/\/secure.gravatar.com\/avatar\/78a7f90c01fc2bfc875782a0d4922b37cde2cf184ce347b91316d23cd7f69a36?s=96&d=mm&r=g","url":"https:\/\/secure.gravatar.com\/avatar\/78a7f90c01fc2bfc875782a0d4922b37cde2cf184ce347b91316d23cd7f69a36?s=96&d=mm&r=g","contentUrl":"https:\/\/secure.gravatar.com\/avatar\/78a7f90c01fc2bfc875782a0d4922b37cde2cf184ce347b91316d23cd7f69a36?s=96&d=mm&r=g","caption":"galledia"},"sameAs":["https:\/\/x.com\/admin"],"url":"https:\/\/www.organisator.ch\/de\/author\/galledia\/"}]}},"_links":{"self":[{"href":"https:\/\/www.organisator.ch\/de\/wp-json\/wp\/v2\/posts\/36958","targetHints":{"allow":["GET"]}}],"collection":[{"href":"https:\/\/www.organisator.ch\/de\/wp-json\/wp\/v2\/posts"}],"about":[{"href":"https:\/\/www.organisator.ch\/de\/wp-json\/wp\/v2\/types\/post"}],"author":[{"embeddable":true,"href":"https:\/\/www.organisator.ch\/de\/wp-json\/wp\/v2\/users\/8"}],"replies":[{"embeddable":true,"href":"https:\/\/www.organisator.ch\/de\/wp-json\/wp\/v2\/comments?post=36958"}],"version-history":[{"count":4,"href":"https:\/\/www.organisator.ch\/de\/wp-json\/wp\/v2\/posts\/36958\/revisions"}],"predecessor-version":[{"id":36986,"href":"https:\/\/www.organisator.ch\/de\/wp-json\/wp\/v2\/posts\/36958\/revisions\/36986"}],"wp:attachment":[{"href":"https:\/\/www.organisator.ch\/de\/wp-json\/wp\/v2\/media?parent=36958"}],"wp:term":[{"taxonomy":"category","embeddable":true,"href":"https:\/\/www.organisator.ch\/de\/wp-json\/wp\/v2\/categories?post=36958"},{"taxonomy":"post_tag","embeddable":true,"href":"https:\/\/www.organisator.ch\/de\/wp-json\/wp\/v2\/tags?post=36958"}],"curies":[{"name":"wp","href":"https:\/\/api.w.org\/{rel}","templated":true}]}}