{"id":36988,"date":"2025-03-19T08:00:36","date_gmt":"2025-03-19T07:00:36","guid":{"rendered":"https:\/\/www.markt-kom.com\/?p=232057"},"modified":"2025-03-19T07:35:10","modified_gmt":"2025-03-19T06:35:10","slug":"schweizer-werbe-auftraggeberverband-swa-waehlt-jan-de-schepper-als-neuen-praesidenten","status":"publish","type":"post","link":"https:\/\/www.organisator.ch\/de\/marketing\/2025-03-19\/schweizer-werbe-auftraggeberverband-swa-waehlt-jan-de-schepper-als-neuen-praesidenten\/","title":{"rendered":"Schweizer Werbe-Auftraggeberverband SWA w\u00e4hlt Jan De Schepper als neuen Pr\u00e4sidenten"},"content":{"rendered":"<figure id=\"attachment_232058\" class=\"wp-caption aligncenter\" style=\"width: 1200px;\" aria-describedby=\"caption-attachment-232058\"><a href=\"https:\/\/www.markt-kom.com\/wp-content\/uploads\/2025\/03\/jan-de-schepper-Praesident-SWA_president-de-lASA-2025.jpg\"><img class=\"size-full wp-image-232058\" src=\"https:\/\/www.markt-kom.com\/wp-content\/uploads\/2025\/03\/jan-de-schepper-Praesident-SWA_president-de-lASA-2025.jpg\" sizes=\"(max-width: 1200px) 100vw, 1200px\" srcset=\"https:\/\/www.markt-kom.com\/wp-content\/uploads\/2025\/03\/jan-de-schepper-Praesident-SWA_president-de-lASA-2025.jpg 1200w, https:\/\/www.markt-kom.com\/wp-content\/uploads\/2025\/03\/jan-de-schepper-Praesident-SWA_president-de-lASA-2025-600x451.jpg 600w, https:\/\/www.markt-kom.com\/wp-content\/uploads\/2025\/03\/jan-de-schepper-Praesident-SWA_president-de-lASA-2025-1024x769.jpg 1024w, https:\/\/www.markt-kom.com\/wp-content\/uploads\/2025\/03\/jan-de-schepper-Praesident-SWA_president-de-lASA-2025-768x577.jpg 768w, https:\/\/www.markt-kom.com\/wp-content\/uploads\/2025\/03\/jan-de-schepper-Praesident-SWA_president-de-lASA-2025-16x12.jpg 16w, https:\/\/www.markt-kom.com\/wp-content\/uploads\/2025\/03\/jan-de-schepper-Praesident-SWA_president-de-lASA-2025-233x175.jpg 233w, https:\/\/www.markt-kom.com\/wp-content\/uploads\/2025\/03\/jan-de-schepper-Praesident-SWA_president-de-lASA-2025-466x350.jpg 466w, https:\/\/www.markt-kom.com\/wp-content\/uploads\/2025\/03\/jan-de-schepper-Praesident-SWA_president-de-lASA-2025-1000x751.jpg 1000w\" alt=\"\" width=\"1200\" height=\"901\" \/><\/a>\r\n<figcaption id=\"caption-attachment-232058\" class=\"wp-caption-text\">(Bild: zVg.)<\/figcaption>\r\n<\/figure>\r\n<p>Am Dienstag fand in Z\u00fcrich-Oerlikon das SWA-Jahresmeeting mit \u00fcber 400 Mitgliedern und G\u00e4sten aus der Werbebranche statt. Der Verband feierte gleichzeitig das 75-Jahre-Jubil\u00e4um. Zum Thema \u00abNext Gen Marketing\u00bb gaben die beiden Keynote-Speaker Paul Kemp-Robertson, Chief Content Officer at Lions aus London und Jens Polomski, LinkedIn Top Voice f\u00fcr KI &amp; Co-Founder snipKI aus K\u00f6ln, einen Einblick, wie sie die Zukunft von Marketing und Kommunikation sehen.<\/p>\r\n<p>Bereits im letzten Jahr gab der langj\u00e4hrige SWA-Pr\u00e4sident, Roger Harlacher gegen\u00fcber dem Vorstand seinen R\u00fccktritt auf die heutige 76. Generalversammlung bekannt. Harlacher wurde im Jahr 2006 in den Vorstand und 2009 zum Pr\u00e4sidenten des Verbands gew\u00e4hlt. In seiner Amtszeit habe sich der SWA zu einer starken Interessensvertretung und einem wertvollen Partner im Werbemarkt entwickelt, wie es seitens Verband heisst. F\u00fcr seine Verdienste wurde Roger Harlacher an der GV zum Ehrenpr\u00e4sidenten ernannt.<\/p>\r\n<p>Das Pr\u00e4sidium \u00fcbernimmt neu Jan De Schepper, Chief Sales and Marketing Officer der Swissquote Bank. Bereits seit 2018 geh\u00f6rt De Schepper dem Vorstand an. Seine Karriere begann er im Branding bei Feldschl\u00f6sschen und setzte sie bei Bacardi-Martini, Saatchi &amp; Saatchi sowie McDonald\u2019s fort. Im Jahr 2015 wechselte er zu Swissquote, um die Marketingabteilung zu leiten. 2019 wurde er zum CSMO bef\u00f6rdert und in die Gesch\u00e4ftsleitung von Swissquote aufgenommen. Dar\u00fcber hinaus ist De Schepper Verwaltungsratsmitglied der Neobank Yuh, Er h\u00e4lt einen MBA in International Management der Universit\u00e4t Genf.<\/p>","protected":false},"excerpt":{"rendered":"<p>An der 76. Generalversammlung hat der Schweizer Werbe-Auftraggeberverband SWA \u00fcber einen Wechsel im Pr\u00e4sidium informiert. Jan De Schepper, Chief Sales and Marketing Officer bei der Swissquote Bank, l\u00f6st Roger Harlacher nach 16 Jahren als Pr\u00e4sident ab.<\/p>\n","protected":false},"author":8,"featured_media":0,"comment_status":"closed","ping_status":"closed","sticky":false,"template":"","format":"standard","meta":{"_acf_changed":false,"_yoast_wpseo_focuskw":"SWA Generalversammlung 2024","_yoast_wpseo_metadesc":"Der SWA ernennt Jan De Schepper zum neuen Pr\u00e4sidenten. Roger Harlacher wird Ehrenpr\u00e4sident. Ein R\u00fcckblick auf die 76. GV in Z\u00fcrich.","articlekey":"","footnotes":""},"categories":[29],"tags":[5211,2853,4343,3872],"class_list":["post-36988","post","type-post","status-publish","format-standard","hentry","category-marketing","tag-jan-de-schepper","tag-jobchange","tag-markom","tag-schweizer-werbe-auftraggeberverband-swa"],"acf":[],"yoast_head":"<!-- This site is optimized with the Yoast SEO plugin v27.5 - https:\/\/yoast.com\/product\/yoast-seo-wordpress\/ -->\n<title>Schweizer Werbe-Auftraggeberverband SWA w\u00e4hlt Jan De Schepper als neuen Pr\u00e4sidenten - Organisator<\/title>\n<meta name=\"description\" content=\"Der SWA ernennt Jan De Schepper zum neuen Pr\u00e4sidenten. Roger Harlacher wird Ehrenpr\u00e4sident. Ein R\u00fcckblick auf die 76. GV in Z\u00fcrich.\" \/>\n<meta name=\"robots\" content=\"index, follow, max-snippet:-1, max-image-preview:large, max-video-preview:-1\" \/>\n<link rel=\"canonical\" href=\"https:\/\/www.organisator.ch\/de\/marketing\/2025-03-19\/schweizer-werbe-auftraggeberverband-swa-waehlt-jan-de-schepper-als-neuen-praesidenten\/\" \/>\n<meta property=\"og:locale\" content=\"de_DE\" \/>\n<meta property=\"og:type\" content=\"article\" \/>\n<meta property=\"og:title\" content=\"Schweizer Werbe-Auftraggeberverband SWA w\u00e4hlt Jan De Schepper als neuen Pr\u00e4sidenten - Organisator\" \/>\n<meta property=\"og:description\" content=\"Der SWA ernennt Jan De Schepper zum neuen Pr\u00e4sidenten. Roger Harlacher wird Ehrenpr\u00e4sident. Ein R\u00fcckblick auf die 76. GV in Z\u00fcrich.\" \/>\n<meta property=\"og:url\" content=\"https:\/\/www.organisator.ch\/de\/marketing\/2025-03-19\/schweizer-werbe-auftraggeberverband-swa-waehlt-jan-de-schepper-als-neuen-praesidenten\/\" \/>\n<meta property=\"og:site_name\" content=\"Organisator\" \/>\n<meta property=\"article:publisher\" content=\"https:\/\/www.facebook.com\/OrganisatorFachmagazin\" \/>\n<meta property=\"article:published_time\" content=\"2025-03-19T07:00:36+00:00\" \/>\n<meta name=\"author\" content=\"galledia\" \/>\n<meta name=\"twitter:card\" content=\"summary_large_image\" \/>\n<meta name=\"twitter:creator\" content=\"@admin\" \/>\n<script type=\"application\/ld+json\" class=\"yoast-schema-graph\">{\"@context\":\"https:\\\/\\\/schema.org\",\"@graph\":[{\"@type\":\"Article\",\"@id\":\"https:\\\/\\\/www.organisator.ch\\\/marketing\\\/2025-03-19\\\/schweizer-werbe-auftraggeberverband-swa-waehlt-jan-de-schepper-als-neuen-praesidenten\\\/#article\",\"isPartOf\":{\"@id\":\"https:\\\/\\\/www.organisator.ch\\\/marketing\\\/2025-03-19\\\/schweizer-werbe-auftraggeberverband-swa-waehlt-jan-de-schepper-als-neuen-praesidenten\\\/\"},\"author\":{\"name\":\"galledia\",\"@id\":\"https:\\\/\\\/www.organisator.ch\\\/#\\\/schema\\\/person\\\/4e51799071cd2dd1232ac003643ef5f0\"},\"headline\":\"Schweizer Werbe-Auftraggeberverband SWA w\u00e4hlt Jan De Schepper als neuen Pr\u00e4sidenten\",\"datePublished\":\"2025-03-19T07:00:36+00:00\",\"mainEntityOfPage\":{\"@id\":\"https:\\\/\\\/www.organisator.ch\\\/marketing\\\/2025-03-19\\\/schweizer-werbe-auftraggeberverband-swa-waehlt-jan-de-schepper-als-neuen-praesidenten\\\/\"},\"wordCount\":252,\"publisher\":{\"@id\":\"https:\\\/\\\/www.organisator.ch\\\/#organization\"},\"image\":{\"@id\":\"https:\\\/\\\/www.organisator.ch\\\/marketing\\\/2025-03-19\\\/schweizer-werbe-auftraggeberverband-swa-waehlt-jan-de-schepper-als-neuen-praesidenten\\\/#primaryimage\"},\"thumbnailUrl\":\"https:\\\/\\\/www.markt-kom.com\\\/wp-content\\\/uploads\\\/2025\\\/03\\\/jan-de-schepper-Praesident-SWA_president-de-lASA-2025.jpg\",\"keywords\":[\"Jan de Schepper\",\"Jobchange\",\"MarKom\",\"Schweizer Werbe-Auftraggeberverband SWA\"],\"articleSection\":[\"MARKETING\"],\"inLanguage\":\"de\"},{\"@type\":\"WebPage\",\"@id\":\"https:\\\/\\\/www.organisator.ch\\\/marketing\\\/2025-03-19\\\/schweizer-werbe-auftraggeberverband-swa-waehlt-jan-de-schepper-als-neuen-praesidenten\\\/\",\"url\":\"https:\\\/\\\/www.organisator.ch\\\/marketing\\\/2025-03-19\\\/schweizer-werbe-auftraggeberverband-swa-waehlt-jan-de-schepper-als-neuen-praesidenten\\\/\",\"name\":\"Schweizer Werbe-Auftraggeberverband SWA w\u00e4hlt Jan De Schepper als neuen Pr\u00e4sidenten - Organisator\",\"isPartOf\":{\"@id\":\"https:\\\/\\\/www.organisator.ch\\\/#website\"},\"primaryImageOfPage\":{\"@id\":\"https:\\\/\\\/www.organisator.ch\\\/marketing\\\/2025-03-19\\\/schweizer-werbe-auftraggeberverband-swa-waehlt-jan-de-schepper-als-neuen-praesidenten\\\/#primaryimage\"},\"image\":{\"@id\":\"https:\\\/\\\/www.organisator.ch\\\/marketing\\\/2025-03-19\\\/schweizer-werbe-auftraggeberverband-swa-waehlt-jan-de-schepper-als-neuen-praesidenten\\\/#primaryimage\"},\"thumbnailUrl\":\"https:\\\/\\\/www.markt-kom.com\\\/wp-content\\\/uploads\\\/2025\\\/03\\\/jan-de-schepper-Praesident-SWA_president-de-lASA-2025.jpg\",\"datePublished\":\"2025-03-19T07:00:36+00:00\",\"description\":\"Der SWA ernennt Jan De Schepper zum neuen Pr\u00e4sidenten. Roger Harlacher wird Ehrenpr\u00e4sident. Ein R\u00fcckblick auf die 76. GV in Z\u00fcrich.\",\"breadcrumb\":{\"@id\":\"https:\\\/\\\/www.organisator.ch\\\/marketing\\\/2025-03-19\\\/schweizer-werbe-auftraggeberverband-swa-waehlt-jan-de-schepper-als-neuen-praesidenten\\\/#breadcrumb\"},\"inLanguage\":\"de\",\"potentialAction\":[{\"@type\":\"ReadAction\",\"target\":[\"https:\\\/\\\/www.organisator.ch\\\/marketing\\\/2025-03-19\\\/schweizer-werbe-auftraggeberverband-swa-waehlt-jan-de-schepper-als-neuen-praesidenten\\\/\"]}]},{\"@type\":\"ImageObject\",\"inLanguage\":\"de\",\"@id\":\"https:\\\/\\\/www.organisator.ch\\\/marketing\\\/2025-03-19\\\/schweizer-werbe-auftraggeberverband-swa-waehlt-jan-de-schepper-als-neuen-praesidenten\\\/#primaryimage\",\"url\":\"https:\\\/\\\/www.markt-kom.com\\\/wp-content\\\/uploads\\\/2025\\\/03\\\/jan-de-schepper-Praesident-SWA_president-de-lASA-2025.jpg\",\"contentUrl\":\"https:\\\/\\\/www.markt-kom.com\\\/wp-content\\\/uploads\\\/2025\\\/03\\\/jan-de-schepper-Praesident-SWA_president-de-lASA-2025.jpg\"},{\"@type\":\"BreadcrumbList\",\"@id\":\"https:\\\/\\\/www.organisator.ch\\\/marketing\\\/2025-03-19\\\/schweizer-werbe-auftraggeberverband-swa-waehlt-jan-de-schepper-als-neuen-praesidenten\\\/#breadcrumb\",\"itemListElement\":[{\"@type\":\"ListItem\",\"position\":1,\"name\":\"Home\",\"item\":\"https:\\\/\\\/www.organisator.ch\\\/\"},{\"@type\":\"ListItem\",\"position\":2,\"name\":\"Schweizer Werbe-Auftraggeberverband SWA w\u00e4hlt Jan De Schepper als neuen Pr\u00e4sidenten\"}]},{\"@type\":\"WebSite\",\"@id\":\"https:\\\/\\\/www.organisator.ch\\\/#website\",\"url\":\"https:\\\/\\\/www.organisator.ch\\\/\",\"name\":\"Organisator\",\"description\":\"Kompetent. Praxisnah. Der ORGANISATOR bereitet in 10 Ausgaben pro Jahr die wesentlichen Themen f\u00fcr F\u00fchrungskr\u00e4fte von KMU auf.\",\"publisher\":{\"@id\":\"https:\\\/\\\/www.organisator.ch\\\/#organization\"},\"potentialAction\":[{\"@type\":\"SearchAction\",\"target\":{\"@type\":\"EntryPoint\",\"urlTemplate\":\"https:\\\/\\\/www.organisator.ch\\\/?s={search_term_string}\"},\"query-input\":{\"@type\":\"PropertyValueSpecification\",\"valueRequired\":true,\"valueName\":\"search_term_string\"}}],\"inLanguage\":\"de\"},{\"@type\":\"Organization\",\"@id\":\"https:\\\/\\\/www.organisator.ch\\\/#organization\",\"name\":\"Organisator\",\"url\":\"https:\\\/\\\/www.organisator.ch\\\/\",\"logo\":{\"@type\":\"ImageObject\",\"inLanguage\":\"de\",\"@id\":\"https:\\\/\\\/www.organisator.ch\\\/#\\\/schema\\\/logo\\\/image\\\/\",\"url\":\"https:\\\/\\\/www.organisator.ch\\\/wp-content\\\/uploads\\\/2022\\\/01\\\/Logo_Organisator_Website.png\",\"contentUrl\":\"https:\\\/\\\/www.organisator.ch\\\/wp-content\\\/uploads\\\/2022\\\/01\\\/Logo_Organisator_Website.png\",\"width\":800,\"height\":77,\"caption\":\"Organisator\"},\"image\":{\"@id\":\"https:\\\/\\\/www.organisator.ch\\\/#\\\/schema\\\/logo\\\/image\\\/\"},\"sameAs\":[\"https:\\\/\\\/www.facebook.com\\\/OrganisatorFachmagazin\",\"https:\\\/\\\/www.linkedin.com\\\/showcase\\\/organisator-das-magazin-fr-kmu\",\"https:\\\/\\\/www.xing.com\\\/news\\\/pages\\\/organisator-ch-695\",\"https:\\\/\\\/www.youtube.com\\\/channel\\\/UCGP2Sq0iWaZwT3BdIAQFYpw\"]},{\"@type\":\"Person\",\"@id\":\"https:\\\/\\\/www.organisator.ch\\\/#\\\/schema\\\/person\\\/4e51799071cd2dd1232ac003643ef5f0\",\"name\":\"galledia\",\"image\":{\"@type\":\"ImageObject\",\"inLanguage\":\"de\",\"@id\":\"https:\\\/\\\/secure.gravatar.com\\\/avatar\\\/78a7f90c01fc2bfc875782a0d4922b37cde2cf184ce347b91316d23cd7f69a36?s=96&d=mm&r=g\",\"url\":\"https:\\\/\\\/secure.gravatar.com\\\/avatar\\\/78a7f90c01fc2bfc875782a0d4922b37cde2cf184ce347b91316d23cd7f69a36?s=96&d=mm&r=g\",\"contentUrl\":\"https:\\\/\\\/secure.gravatar.com\\\/avatar\\\/78a7f90c01fc2bfc875782a0d4922b37cde2cf184ce347b91316d23cd7f69a36?s=96&d=mm&r=g\",\"caption\":\"galledia\"},\"sameAs\":[\"https:\\\/\\\/x.com\\\/admin\"],\"url\":\"https:\\\/\\\/www.organisator.ch\\\/de\\\/author\\\/galledia\\\/\"}]}<\/script>\n<!-- \/ Yoast SEO plugin. -->","yoast_head_json":{"title":"Schweizer Werbe-Auftraggeberverband SWA w\u00e4hlt Jan De Schepper als neuen Pr\u00e4sidenten - Organisator","description":"Der SWA ernennt Jan De Schepper zum neuen Pr\u00e4sidenten. Roger Harlacher wird Ehrenpr\u00e4sident. Ein R\u00fcckblick auf die 76. GV in Z\u00fcrich.","robots":{"index":"index","follow":"follow","max-snippet":"max-snippet:-1","max-image-preview":"max-image-preview:large","max-video-preview":"max-video-preview:-1"},"canonical":"https:\/\/www.organisator.ch\/de\/marketing\/2025-03-19\/schweizer-werbe-auftraggeberverband-swa-waehlt-jan-de-schepper-als-neuen-praesidenten\/","og_locale":"de_DE","og_type":"article","og_title":"Schweizer Werbe-Auftraggeberverband SWA w\u00e4hlt Jan De Schepper als neuen Pr\u00e4sidenten - Organisator","og_description":"Der SWA ernennt Jan De Schepper zum neuen Pr\u00e4sidenten. Roger Harlacher wird Ehrenpr\u00e4sident. Ein R\u00fcckblick auf die 76. GV in Z\u00fcrich.","og_url":"https:\/\/www.organisator.ch\/de\/marketing\/2025-03-19\/schweizer-werbe-auftraggeberverband-swa-waehlt-jan-de-schepper-als-neuen-praesidenten\/","og_site_name":"Organisator","article_publisher":"https:\/\/www.facebook.com\/OrganisatorFachmagazin","article_published_time":"2025-03-19T07:00:36+00:00","author":"galledia","twitter_card":"summary_large_image","twitter_creator":"@admin","schema":{"@context":"https:\/\/schema.org","@graph":[{"@type":"Article","@id":"https:\/\/www.organisator.ch\/marketing\/2025-03-19\/schweizer-werbe-auftraggeberverband-swa-waehlt-jan-de-schepper-als-neuen-praesidenten\/#article","isPartOf":{"@id":"https:\/\/www.organisator.ch\/marketing\/2025-03-19\/schweizer-werbe-auftraggeberverband-swa-waehlt-jan-de-schepper-als-neuen-praesidenten\/"},"author":{"name":"galledia","@id":"https:\/\/www.organisator.ch\/#\/schema\/person\/4e51799071cd2dd1232ac003643ef5f0"},"headline":"Schweizer Werbe-Auftraggeberverband SWA w\u00e4hlt Jan De Schepper als neuen Pr\u00e4sidenten","datePublished":"2025-03-19T07:00:36+00:00","mainEntityOfPage":{"@id":"https:\/\/www.organisator.ch\/marketing\/2025-03-19\/schweizer-werbe-auftraggeberverband-swa-waehlt-jan-de-schepper-als-neuen-praesidenten\/"},"wordCount":252,"publisher":{"@id":"https:\/\/www.organisator.ch\/#organization"},"image":{"@id":"https:\/\/www.organisator.ch\/marketing\/2025-03-19\/schweizer-werbe-auftraggeberverband-swa-waehlt-jan-de-schepper-als-neuen-praesidenten\/#primaryimage"},"thumbnailUrl":"https:\/\/www.markt-kom.com\/wp-content\/uploads\/2025\/03\/jan-de-schepper-Praesident-SWA_president-de-lASA-2025.jpg","keywords":["Jan de Schepper","Jobchange","MarKom","Schweizer Werbe-Auftraggeberverband SWA"],"articleSection":["MARKETING"],"inLanguage":"de"},{"@type":"WebPage","@id":"https:\/\/www.organisator.ch\/marketing\/2025-03-19\/schweizer-werbe-auftraggeberverband-swa-waehlt-jan-de-schepper-als-neuen-praesidenten\/","url":"https:\/\/www.organisator.ch\/marketing\/2025-03-19\/schweizer-werbe-auftraggeberverband-swa-waehlt-jan-de-schepper-als-neuen-praesidenten\/","name":"Schweizer Werbe-Auftraggeberverband SWA w\u00e4hlt Jan De Schepper als neuen Pr\u00e4sidenten - Organisator","isPartOf":{"@id":"https:\/\/www.organisator.ch\/#website"},"primaryImageOfPage":{"@id":"https:\/\/www.organisator.ch\/marketing\/2025-03-19\/schweizer-werbe-auftraggeberverband-swa-waehlt-jan-de-schepper-als-neuen-praesidenten\/#primaryimage"},"image":{"@id":"https:\/\/www.organisator.ch\/marketing\/2025-03-19\/schweizer-werbe-auftraggeberverband-swa-waehlt-jan-de-schepper-als-neuen-praesidenten\/#primaryimage"},"thumbnailUrl":"https:\/\/www.markt-kom.com\/wp-content\/uploads\/2025\/03\/jan-de-schepper-Praesident-SWA_president-de-lASA-2025.jpg","datePublished":"2025-03-19T07:00:36+00:00","description":"Der SWA ernennt Jan De Schepper zum neuen Pr\u00e4sidenten. Roger Harlacher wird Ehrenpr\u00e4sident. Ein R\u00fcckblick auf die 76. GV in Z\u00fcrich.","breadcrumb":{"@id":"https:\/\/www.organisator.ch\/marketing\/2025-03-19\/schweizer-werbe-auftraggeberverband-swa-waehlt-jan-de-schepper-als-neuen-praesidenten\/#breadcrumb"},"inLanguage":"de","potentialAction":[{"@type":"ReadAction","target":["https:\/\/www.organisator.ch\/marketing\/2025-03-19\/schweizer-werbe-auftraggeberverband-swa-waehlt-jan-de-schepper-als-neuen-praesidenten\/"]}]},{"@type":"ImageObject","inLanguage":"de","@id":"https:\/\/www.organisator.ch\/marketing\/2025-03-19\/schweizer-werbe-auftraggeberverband-swa-waehlt-jan-de-schepper-als-neuen-praesidenten\/#primaryimage","url":"https:\/\/www.markt-kom.com\/wp-content\/uploads\/2025\/03\/jan-de-schepper-Praesident-SWA_president-de-lASA-2025.jpg","contentUrl":"https:\/\/www.markt-kom.com\/wp-content\/uploads\/2025\/03\/jan-de-schepper-Praesident-SWA_president-de-lASA-2025.jpg"},{"@type":"BreadcrumbList","@id":"https:\/\/www.organisator.ch\/marketing\/2025-03-19\/schweizer-werbe-auftraggeberverband-swa-waehlt-jan-de-schepper-als-neuen-praesidenten\/#breadcrumb","itemListElement":[{"@type":"ListItem","position":1,"name":"Home","item":"https:\/\/www.organisator.ch\/"},{"@type":"ListItem","position":2,"name":"Schweizer Werbe-Auftraggeberverband SWA w\u00e4hlt Jan De Schepper als neuen Pr\u00e4sidenten"}]},{"@type":"WebSite","@id":"https:\/\/www.organisator.ch\/#website","url":"https:\/\/www.organisator.ch\/","name":"Organisator","description":"Kompetent. Praxisnah. Der ORGANISATOR bereitet in 10 Ausgaben pro Jahr die wesentlichen Themen f\u00fcr F\u00fchrungskr\u00e4fte von KMU auf.","publisher":{"@id":"https:\/\/www.organisator.ch\/#organization"},"potentialAction":[{"@type":"SearchAction","target":{"@type":"EntryPoint","urlTemplate":"https:\/\/www.organisator.ch\/?s={search_term_string}"},"query-input":{"@type":"PropertyValueSpecification","valueRequired":true,"valueName":"search_term_string"}}],"inLanguage":"de"},{"@type":"Organization","@id":"https:\/\/www.organisator.ch\/#organization","name":"Organisator","url":"https:\/\/www.organisator.ch\/","logo":{"@type":"ImageObject","inLanguage":"de","@id":"https:\/\/www.organisator.ch\/#\/schema\/logo\/image\/","url":"https:\/\/www.organisator.ch\/wp-content\/uploads\/2022\/01\/Logo_Organisator_Website.png","contentUrl":"https:\/\/www.organisator.ch\/wp-content\/uploads\/2022\/01\/Logo_Organisator_Website.png","width":800,"height":77,"caption":"Organisator"},"image":{"@id":"https:\/\/www.organisator.ch\/#\/schema\/logo\/image\/"},"sameAs":["https:\/\/www.facebook.com\/OrganisatorFachmagazin","https:\/\/www.linkedin.com\/showcase\/organisator-das-magazin-fr-kmu","https:\/\/www.xing.com\/news\/pages\/organisator-ch-695","https:\/\/www.youtube.com\/channel\/UCGP2Sq0iWaZwT3BdIAQFYpw"]},{"@type":"Person","@id":"https:\/\/www.organisator.ch\/#\/schema\/person\/4e51799071cd2dd1232ac003643ef5f0","name":"galledia","image":{"@type":"ImageObject","inLanguage":"de","@id":"https:\/\/secure.gravatar.com\/avatar\/78a7f90c01fc2bfc875782a0d4922b37cde2cf184ce347b91316d23cd7f69a36?s=96&d=mm&r=g","url":"https:\/\/secure.gravatar.com\/avatar\/78a7f90c01fc2bfc875782a0d4922b37cde2cf184ce347b91316d23cd7f69a36?s=96&d=mm&r=g","contentUrl":"https:\/\/secure.gravatar.com\/avatar\/78a7f90c01fc2bfc875782a0d4922b37cde2cf184ce347b91316d23cd7f69a36?s=96&d=mm&r=g","caption":"galledia"},"sameAs":["https:\/\/x.com\/admin"],"url":"https:\/\/www.organisator.ch\/de\/author\/galledia\/"}]}},"_links":{"self":[{"href":"https:\/\/www.organisator.ch\/de\/wp-json\/wp\/v2\/posts\/36988","targetHints":{"allow":["GET"]}}],"collection":[{"href":"https:\/\/www.organisator.ch\/de\/wp-json\/wp\/v2\/posts"}],"about":[{"href":"https:\/\/www.organisator.ch\/de\/wp-json\/wp\/v2\/types\/post"}],"author":[{"embeddable":true,"href":"https:\/\/www.organisator.ch\/de\/wp-json\/wp\/v2\/users\/8"}],"replies":[{"embeddable":true,"href":"https:\/\/www.organisator.ch\/de\/wp-json\/wp\/v2\/comments?post=36988"}],"version-history":[{"count":4,"href":"https:\/\/www.organisator.ch\/de\/wp-json\/wp\/v2\/posts\/36988\/revisions"}],"predecessor-version":[{"id":36998,"href":"https:\/\/www.organisator.ch\/de\/wp-json\/wp\/v2\/posts\/36988\/revisions\/36998"}],"wp:attachment":[{"href":"https:\/\/www.organisator.ch\/de\/wp-json\/wp\/v2\/media?parent=36988"}],"wp:term":[{"taxonomy":"category","embeddable":true,"href":"https:\/\/www.organisator.ch\/de\/wp-json\/wp\/v2\/categories?post=36988"},{"taxonomy":"post_tag","embeddable":true,"href":"https:\/\/www.organisator.ch\/de\/wp-json\/wp\/v2\/tags?post=36988"}],"curies":[{"name":"wp","href":"https:\/\/api.w.org\/{rel}","templated":true}]}}