{"id":3699,"date":"2018-06-14T08:21:57","date_gmt":"2018-06-14T06:21:57","guid":{"rendered":"https:\/\/www.organisator.ch\/?p=3699"},"modified":"2018-06-14T08:21:57","modified_gmt":"2018-06-14T06:21:57","slug":"burn-bore-oder-brown-out","status":"publish","type":"post","link":"https:\/\/www.organisator.ch\/de\/management\/2018-06-14\/burn-bore-oder-brown-out\/","title":{"rendered":"Burn-, Bore- oder Brown-out?"},"content":{"rendered":"<figure id=\"attachment_3701\" aria-describedby=\"caption-attachment-3701\" style=\"width: 680px\" class=\"wp-caption alignnone\"><img loading=\"lazy\" decoding=\"async\" class=\"size-medium wp-image-3701\" src=\"https:\/\/www.organisator.ch\/wp-content\/uploads\/2018\/05\/2018_06_Leadership_Dudas_Bild_1636477.jpg\" alt=\"&lt;p\/&gt;         &lt;p\/&gt;\n         &lt;p\/&gt;\n         &lt;p\/&gt;\n         &lt;p\/&gt; \" width=\"680\" height=\"680\" \/><figcaption id=\"caption-attachment-3701\" class=\"wp-caption-text\">VOLL SINN. Nur was Sinn macht kann uns erf\u00fcllen. Das neue Buch von Stefan Dudas, erschienen im BusinessVillage Verlag, ISBN 978-3-8698-039-44. <a href=\"http:\/\/www.voll-sinn.com\">www.voll-sinn.com<\/a>.<\/figcaption><\/figure>\n<p>\u00abEr hat alles f\u00fcr das Unternehmen ge\u00adgeben. Vorbildlich. Wir besuchen ihn sicher mal in der Klinik.\u00bb Burnout ist zur Modeerscheinung geworden und wirkt im Unterschied zu einer Depression \u00abbusinesstauglich\u00bb.<\/p>\n<h2>Nichts als \u00abbusinesstaugliche\u00bb Begriffe?<\/h2>\n<p>Eigentlich ist Burn-out schon absurd genug. Denn Menschen mit Selbstbewusstsein (oft in F\u00fchrungspositionen) arbeiten bis zur Bewusst\u00adlo\u00adsigkeit. Bore-out ist genauso gef\u00e4hrlich, aber eigentlich noch absurder: Menschen, die in ihrer Arbeit dermassen unterfordert und gelangweilt sind, dass sie Besch\u00e4f\u00adtigung vort\u00e4uschen m\u00fcssen, weil sie einfach Angst vor der K\u00fcn\u00addigung haben. Relativ neu zu diesem Duo gesellt sich Brown-out. Dieser Begriff ist von der Elektrizit\u00e4tswirtschaft entlehnt und bedeutet einen Spannungsabfall. Im Unternehmen ist damit der Mit\u00adarbeiter gemeint, der (schleichend) das Interesse oder den Spass an seiner Arbeit verliert. Meist initiiert durch zu viele Regeln sowie das Ausbleiben von Kreativit\u00e4t und Sinn in seiner Arbeit.<\/p>\n<h2>Zur\u00fcck zur Eigenverantwortung<\/h2>\n<p>Jetzt wissen wir es also zu benennen: zu viel, zu wenig, oder eine nicht er\u00adf\u00fcl\u00adlende Arbeit. F\u00fcr alle drei Situationen gibt es Begriffe. Doch wie sind wir zu retten? Ein Wort, das viele nicht gerne h\u00f6ren: Eigenverantwortung. Dieses Wort gibt auch gleich die L\u00f6sung vor: Im Wort Verantwortung steckt das Wort \u00abOrtung\u00bb. Analysieren Sie, wo Sie stehen und ob Sie da \u00fcberhaupt stehen m\u00f6chten. Es steckt auch das Wort \u00abAntwort\u00bb darin. Beantworten Sie sich die Fragen also ehrlich: Warum tun Sie das, was Sie tun? Was sind die Konsequenzen? Wie f\u00fchlen Sie sich dabei? Und im Wort Verantwortung steckt auch das Wort \u00abtun\u00bb.<\/p>\n<h2>Dar\u00fcber reden<\/h2>\n<p>Kommen Sie also ins Handeln. Denn es hilft niemandem, wenn Sie die \u00abShow\u00bb weiter durch\u00adziehen und Sie irgendwann hinter dem Vorhang zusammenbrechen. Auch wenn das einfach klingt, braucht man oft einen Gespr\u00e4chspartner. Das muss nicht zwingend ein Coach sein. Wich\u00adtig ist, dass Sie mit jemandem dar\u00fcber sprechen. Das ist der Anfang.<\/p>\n<p>&nbsp;<\/p>\n<p><em>Zum Autor: Stefan Dudas ist Business-Experte f\u00fcr Sinngebung. Der Keynote-Speaker, Coach und Autor legt humorvoll und tiefsinnig das Fundament f\u00fcr neue Denkans\u00e4tze. Sein &#8222;Suxess-System f\u00fcr sinnbasiertes Management&#8220; vermittelt Sinnhaftigkeit in F\u00fchrung, Kommunikation sowie Motivation. Im Dezember 2017 ist sein neues Buch &#8222;VOLL SINN &#8211; Nur was Sinn macht, kann uns erf\u00fcllen&#8220; erschienen. Weitere Informationen: <a href=\"http:\/\/www.stefandudas.com\">www.stefandudas.com<\/a><\/em><\/p>\n","protected":false},"excerpt":{"rendered":"<p>\u00abEr hat alles f\u00fcr das Unternehmen ge\u00adgeben. Vorbildlich. Wir besuchen ihn sicher mal in der Klinik.\u00bb Burnout ist zur Modeerscheinung geworden und wirkt im Unterschied zu einer Depression \u00abbusinesstauglich\u00bb. Nichts als \u00abbusinesstaugliche\u00bb Begriffe? Eigentlich ist Burn-out schon absurd genug. Denn Menschen mit Selbstbewusstsein (oft in F\u00fchrungspositionen) arbeiten bis zur Bewusst\u00adlo\u00adsigkeit. Bore-out ist genauso gef\u00e4hrlich, aber [&hellip;]<\/p>\n","protected":false},"author":7,"featured_media":3700,"comment_status":"open","ping_status":"open","sticky":false,"template":"","format":"standard","meta":{"_acf_changed":false,"_yoast_wpseo_focuskw":"Sinn","_yoast_wpseo_metadesc":"Sind wir noch zu retten? Nur was Sinn macht, kann uns erf\u00fcllen! Ein Kommentar.","articlekey":"","footnotes":""},"categories":[28],"tags":[92,95,208,335],"class_list":["post-3699","post","type-post","status-publish","format-standard","has-post-thumbnail","hentry","category-management","tag-buch","tag-buchtipps","tag-fit-im-job","tag-management-und-unternehmensfuehrung"],"acf":[],"yoast_head":"<!-- This site is optimized with the Yoast SEO plugin v27.4 - https:\/\/yoast.com\/product\/yoast-seo-wordpress\/ -->\n<title>Burn-, Bore- oder Brown-out? - Organisator<\/title>\n<meta name=\"description\" content=\"Sind wir noch zu retten? Nur was Sinn macht, kann uns erf\u00fcllen! Ein Kommentar.\" \/>\n<meta name=\"robots\" content=\"index, follow, max-snippet:-1, max-image-preview:large, max-video-preview:-1\" \/>\n<link rel=\"canonical\" href=\"https:\/\/www.organisator.ch\/de\/management\/2018-06-14\/burn-bore-oder-brown-out\/\" \/>\n<meta property=\"og:locale\" content=\"de_DE\" \/>\n<meta property=\"og:type\" content=\"article\" \/>\n<meta property=\"og:title\" content=\"Burn-, Bore- oder Brown-out?\" \/>\n<meta property=\"og:description\" content=\"Sind wir noch zu retten? Nur was #Sinn macht, kann uns erf\u00fcllen! Ein Kommentar.\" \/>\n<meta property=\"og:url\" content=\"https:\/\/www.organisator.ch\/de\/management\/2018-06-14\/burn-bore-oder-brown-out\/\" \/>\n<meta property=\"og:site_name\" content=\"Organisator\" \/>\n<meta property=\"article:publisher\" content=\"https:\/\/www.facebook.com\/OrganisatorFachmagazin\" \/>\n<meta property=\"article:published_time\" content=\"2018-06-14T06:21:57+00:00\" \/>\n<meta name=\"author\" content=\"K4-Import\" \/>\n<meta name=\"twitter:card\" content=\"summary_large_image\" \/>\n<meta name=\"twitter:title\" content=\"#Burn-, #Bore- oder #Brown-out?\" \/>\n<meta name=\"twitter:description\" content=\"Sind wir noch zu retten? Nur was #Sinn macht, kann uns erf\u00fcllen! Ein Kommentar.\" \/>\n<meta name=\"twitter:image\" content=\"https:\/\/www.organisator.ch\/wp-content\/uploads\/2018\/05\/2018_06_Leadership_Dudas_Bild_1636477.jpg\" \/>\n<script type=\"application\/ld+json\" class=\"yoast-schema-graph\">{\"@context\":\"https:\\\/\\\/schema.org\",\"@graph\":[{\"@type\":\"Article\",\"@id\":\"https:\\\/\\\/www.organisator.ch\\\/management\\\/2018-06-14\\\/burn-bore-oder-brown-out\\\/#article\",\"isPartOf\":{\"@id\":\"https:\\\/\\\/www.organisator.ch\\\/management\\\/2018-06-14\\\/burn-bore-oder-brown-out\\\/\"},\"author\":{\"name\":\"K4-Import\",\"@id\":\"https:\\\/\\\/www.organisator.ch\\\/#\\\/schema\\\/person\\\/dd8ffea01043c9c41d7718296a158fac\"},\"headline\":\"Burn-, Bore- oder Brown-out?\",\"datePublished\":\"2018-06-14T06:21:57+00:00\",\"mainEntityOfPage\":{\"@id\":\"https:\\\/\\\/www.organisator.ch\\\/management\\\/2018-06-14\\\/burn-bore-oder-brown-out\\\/\"},\"wordCount\":424,\"commentCount\":0,\"publisher\":{\"@id\":\"https:\\\/\\\/www.organisator.ch\\\/#organization\"},\"image\":{\"@id\":\"https:\\\/\\\/www.organisator.ch\\\/management\\\/2018-06-14\\\/burn-bore-oder-brown-out\\\/#primaryimage\"},\"thumbnailUrl\":\"https:\\\/\\\/www.organisator.ch\\\/wp-content\\\/uploads\\\/2018\\\/05\\\/Dudas_Stefan_324825.jpg\",\"keywords\":[\"Buch\",\"Buchtipps\",\"Fit im Job\",\"Management und Unternehmensf\u00fchrung\"],\"articleSection\":[\"MANAGEMENT\"],\"inLanguage\":\"de\"},{\"@type\":\"WebPage\",\"@id\":\"https:\\\/\\\/www.organisator.ch\\\/management\\\/2018-06-14\\\/burn-bore-oder-brown-out\\\/\",\"url\":\"https:\\\/\\\/www.organisator.ch\\\/management\\\/2018-06-14\\\/burn-bore-oder-brown-out\\\/\",\"name\":\"Burn-, Bore- oder Brown-out? - Organisator\",\"isPartOf\":{\"@id\":\"https:\\\/\\\/www.organisator.ch\\\/#website\"},\"primaryImageOfPage\":{\"@id\":\"https:\\\/\\\/www.organisator.ch\\\/management\\\/2018-06-14\\\/burn-bore-oder-brown-out\\\/#primaryimage\"},\"image\":{\"@id\":\"https:\\\/\\\/www.organisator.ch\\\/management\\\/2018-06-14\\\/burn-bore-oder-brown-out\\\/#primaryimage\"},\"thumbnailUrl\":\"https:\\\/\\\/www.organisator.ch\\\/wp-content\\\/uploads\\\/2018\\\/05\\\/Dudas_Stefan_324825.jpg\",\"datePublished\":\"2018-06-14T06:21:57+00:00\",\"description\":\"Sind wir noch zu retten? Nur was Sinn macht, kann uns erf\u00fcllen! Ein Kommentar.\",\"breadcrumb\":{\"@id\":\"https:\\\/\\\/www.organisator.ch\\\/management\\\/2018-06-14\\\/burn-bore-oder-brown-out\\\/#breadcrumb\"},\"inLanguage\":\"de\",\"potentialAction\":[{\"@type\":\"ReadAction\",\"target\":[\"https:\\\/\\\/www.organisator.ch\\\/management\\\/2018-06-14\\\/burn-bore-oder-brown-out\\\/\"]}]},{\"@type\":\"ImageObject\",\"inLanguage\":\"de\",\"@id\":\"https:\\\/\\\/www.organisator.ch\\\/management\\\/2018-06-14\\\/burn-bore-oder-brown-out\\\/#primaryimage\",\"url\":\"https:\\\/\\\/www.organisator.ch\\\/wp-content\\\/uploads\\\/2018\\\/05\\\/Dudas_Stefan_324825.jpg\",\"contentUrl\":\"https:\\\/\\\/www.organisator.ch\\\/wp-content\\\/uploads\\\/2018\\\/05\\\/Dudas_Stefan_324825.jpg\",\"width\":543,\"height\":622,\"caption\":\"\"},{\"@type\":\"BreadcrumbList\",\"@id\":\"https:\\\/\\\/www.organisator.ch\\\/management\\\/2018-06-14\\\/burn-bore-oder-brown-out\\\/#breadcrumb\",\"itemListElement\":[{\"@type\":\"ListItem\",\"position\":1,\"name\":\"Home\",\"item\":\"https:\\\/\\\/www.organisator.ch\\\/\"},{\"@type\":\"ListItem\",\"position\":2,\"name\":\"Burn-, Bore- oder Brown-out?\"}]},{\"@type\":\"WebSite\",\"@id\":\"https:\\\/\\\/www.organisator.ch\\\/#website\",\"url\":\"https:\\\/\\\/www.organisator.ch\\\/\",\"name\":\"Organisator\",\"description\":\"Kompetent. Praxisnah. Der ORGANISATOR bereitet in 10 Ausgaben pro Jahr die wesentlichen Themen f\u00fcr F\u00fchrungskr\u00e4fte von KMU auf.\",\"publisher\":{\"@id\":\"https:\\\/\\\/www.organisator.ch\\\/#organization\"},\"potentialAction\":[{\"@type\":\"SearchAction\",\"target\":{\"@type\":\"EntryPoint\",\"urlTemplate\":\"https:\\\/\\\/www.organisator.ch\\\/?s={search_term_string}\"},\"query-input\":{\"@type\":\"PropertyValueSpecification\",\"valueRequired\":true,\"valueName\":\"search_term_string\"}}],\"inLanguage\":\"de\"},{\"@type\":\"Organization\",\"@id\":\"https:\\\/\\\/www.organisator.ch\\\/#organization\",\"name\":\"Organisator\",\"url\":\"https:\\\/\\\/www.organisator.ch\\\/\",\"logo\":{\"@type\":\"ImageObject\",\"inLanguage\":\"de\",\"@id\":\"https:\\\/\\\/www.organisator.ch\\\/#\\\/schema\\\/logo\\\/image\\\/\",\"url\":\"https:\\\/\\\/www.organisator.ch\\\/wp-content\\\/uploads\\\/2022\\\/01\\\/Logo_Organisator_Website.png\",\"contentUrl\":\"https:\\\/\\\/www.organisator.ch\\\/wp-content\\\/uploads\\\/2022\\\/01\\\/Logo_Organisator_Website.png\",\"width\":800,\"height\":77,\"caption\":\"Organisator\"},\"image\":{\"@id\":\"https:\\\/\\\/www.organisator.ch\\\/#\\\/schema\\\/logo\\\/image\\\/\"},\"sameAs\":[\"https:\\\/\\\/www.facebook.com\\\/OrganisatorFachmagazin\",\"https:\\\/\\\/www.linkedin.com\\\/showcase\\\/organisator-das-magazin-fr-kmu\",\"https:\\\/\\\/www.xing.com\\\/news\\\/pages\\\/organisator-ch-695\",\"https:\\\/\\\/www.youtube.com\\\/channel\\\/UCGP2Sq0iWaZwT3BdIAQFYpw\"]},{\"@type\":\"Person\",\"@id\":\"https:\\\/\\\/www.organisator.ch\\\/#\\\/schema\\\/person\\\/dd8ffea01043c9c41d7718296a158fac\",\"name\":\"K4-Import\",\"image\":{\"@type\":\"ImageObject\",\"inLanguage\":\"de\",\"@id\":\"https:\\\/\\\/secure.gravatar.com\\\/avatar\\\/73620ab7215a54b074cc226514e02ed65cb79211bbaee1eb49b63b57e58aaad6?s=96&d=mm&r=g\",\"url\":\"https:\\\/\\\/secure.gravatar.com\\\/avatar\\\/73620ab7215a54b074cc226514e02ed65cb79211bbaee1eb49b63b57e58aaad6?s=96&d=mm&r=g\",\"contentUrl\":\"https:\\\/\\\/secure.gravatar.com\\\/avatar\\\/73620ab7215a54b074cc226514e02ed65cb79211bbaee1eb49b63b57e58aaad6?s=96&d=mm&r=g\",\"caption\":\"K4-Import\"},\"url\":\"https:\\\/\\\/www.organisator.ch\\\/de\\\/author\\\/k4-import\\\/\"}]}<\/script>\n<!-- \/ Yoast SEO plugin. -->","yoast_head_json":{"title":"Burn-, Bore- oder Brown-out? - Organisator","description":"Sind wir noch zu retten? Nur was Sinn macht, kann uns erf\u00fcllen! Ein Kommentar.","robots":{"index":"index","follow":"follow","max-snippet":"max-snippet:-1","max-image-preview":"max-image-preview:large","max-video-preview":"max-video-preview:-1"},"canonical":"https:\/\/www.organisator.ch\/de\/management\/2018-06-14\/burn-bore-oder-brown-out\/","og_locale":"de_DE","og_type":"article","og_title":"Burn-, Bore- oder Brown-out?","og_description":"Sind wir noch zu retten? Nur was #Sinn macht, kann uns erf\u00fcllen! Ein Kommentar.","og_url":"https:\/\/www.organisator.ch\/de\/management\/2018-06-14\/burn-bore-oder-brown-out\/","og_site_name":"Organisator","article_publisher":"https:\/\/www.facebook.com\/OrganisatorFachmagazin","article_published_time":"2018-06-14T06:21:57+00:00","author":"K4-Import","twitter_card":"summary_large_image","twitter_title":"#Burn-, #Bore- oder #Brown-out?","twitter_description":"Sind wir noch zu retten? Nur was #Sinn macht, kann uns erf\u00fcllen! Ein Kommentar.","twitter_image":"https:\/\/www.organisator.ch\/wp-content\/uploads\/2018\/05\/2018_06_Leadership_Dudas_Bild_1636477.jpg","schema":{"@context":"https:\/\/schema.org","@graph":[{"@type":"Article","@id":"https:\/\/www.organisator.ch\/management\/2018-06-14\/burn-bore-oder-brown-out\/#article","isPartOf":{"@id":"https:\/\/www.organisator.ch\/management\/2018-06-14\/burn-bore-oder-brown-out\/"},"author":{"name":"K4-Import","@id":"https:\/\/www.organisator.ch\/#\/schema\/person\/dd8ffea01043c9c41d7718296a158fac"},"headline":"Burn-, Bore- oder Brown-out?","datePublished":"2018-06-14T06:21:57+00:00","mainEntityOfPage":{"@id":"https:\/\/www.organisator.ch\/management\/2018-06-14\/burn-bore-oder-brown-out\/"},"wordCount":424,"commentCount":0,"publisher":{"@id":"https:\/\/www.organisator.ch\/#organization"},"image":{"@id":"https:\/\/www.organisator.ch\/management\/2018-06-14\/burn-bore-oder-brown-out\/#primaryimage"},"thumbnailUrl":"https:\/\/www.organisator.ch\/wp-content\/uploads\/2018\/05\/Dudas_Stefan_324825.jpg","keywords":["Buch","Buchtipps","Fit im Job","Management und Unternehmensf\u00fchrung"],"articleSection":["MANAGEMENT"],"inLanguage":"de"},{"@type":"WebPage","@id":"https:\/\/www.organisator.ch\/management\/2018-06-14\/burn-bore-oder-brown-out\/","url":"https:\/\/www.organisator.ch\/management\/2018-06-14\/burn-bore-oder-brown-out\/","name":"Burn-, Bore- oder Brown-out? - Organisator","isPartOf":{"@id":"https:\/\/www.organisator.ch\/#website"},"primaryImageOfPage":{"@id":"https:\/\/www.organisator.ch\/management\/2018-06-14\/burn-bore-oder-brown-out\/#primaryimage"},"image":{"@id":"https:\/\/www.organisator.ch\/management\/2018-06-14\/burn-bore-oder-brown-out\/#primaryimage"},"thumbnailUrl":"https:\/\/www.organisator.ch\/wp-content\/uploads\/2018\/05\/Dudas_Stefan_324825.jpg","datePublished":"2018-06-14T06:21:57+00:00","description":"Sind wir noch zu retten? Nur was Sinn macht, kann uns erf\u00fcllen! Ein Kommentar.","breadcrumb":{"@id":"https:\/\/www.organisator.ch\/management\/2018-06-14\/burn-bore-oder-brown-out\/#breadcrumb"},"inLanguage":"de","potentialAction":[{"@type":"ReadAction","target":["https:\/\/www.organisator.ch\/management\/2018-06-14\/burn-bore-oder-brown-out\/"]}]},{"@type":"ImageObject","inLanguage":"de","@id":"https:\/\/www.organisator.ch\/management\/2018-06-14\/burn-bore-oder-brown-out\/#primaryimage","url":"https:\/\/www.organisator.ch\/wp-content\/uploads\/2018\/05\/Dudas_Stefan_324825.jpg","contentUrl":"https:\/\/www.organisator.ch\/wp-content\/uploads\/2018\/05\/Dudas_Stefan_324825.jpg","width":543,"height":622,"caption":""},{"@type":"BreadcrumbList","@id":"https:\/\/www.organisator.ch\/management\/2018-06-14\/burn-bore-oder-brown-out\/#breadcrumb","itemListElement":[{"@type":"ListItem","position":1,"name":"Home","item":"https:\/\/www.organisator.ch\/"},{"@type":"ListItem","position":2,"name":"Burn-, Bore- oder Brown-out?"}]},{"@type":"WebSite","@id":"https:\/\/www.organisator.ch\/#website","url":"https:\/\/www.organisator.ch\/","name":"Organisator","description":"Kompetent. Praxisnah. Der ORGANISATOR bereitet in 10 Ausgaben pro Jahr die wesentlichen Themen f\u00fcr F\u00fchrungskr\u00e4fte von KMU auf.","publisher":{"@id":"https:\/\/www.organisator.ch\/#organization"},"potentialAction":[{"@type":"SearchAction","target":{"@type":"EntryPoint","urlTemplate":"https:\/\/www.organisator.ch\/?s={search_term_string}"},"query-input":{"@type":"PropertyValueSpecification","valueRequired":true,"valueName":"search_term_string"}}],"inLanguage":"de"},{"@type":"Organization","@id":"https:\/\/www.organisator.ch\/#organization","name":"Organisator","url":"https:\/\/www.organisator.ch\/","logo":{"@type":"ImageObject","inLanguage":"de","@id":"https:\/\/www.organisator.ch\/#\/schema\/logo\/image\/","url":"https:\/\/www.organisator.ch\/wp-content\/uploads\/2022\/01\/Logo_Organisator_Website.png","contentUrl":"https:\/\/www.organisator.ch\/wp-content\/uploads\/2022\/01\/Logo_Organisator_Website.png","width":800,"height":77,"caption":"Organisator"},"image":{"@id":"https:\/\/www.organisator.ch\/#\/schema\/logo\/image\/"},"sameAs":["https:\/\/www.facebook.com\/OrganisatorFachmagazin","https:\/\/www.linkedin.com\/showcase\/organisator-das-magazin-fr-kmu","https:\/\/www.xing.com\/news\/pages\/organisator-ch-695","https:\/\/www.youtube.com\/channel\/UCGP2Sq0iWaZwT3BdIAQFYpw"]},{"@type":"Person","@id":"https:\/\/www.organisator.ch\/#\/schema\/person\/dd8ffea01043c9c41d7718296a158fac","name":"K4-Import","image":{"@type":"ImageObject","inLanguage":"de","@id":"https:\/\/secure.gravatar.com\/avatar\/73620ab7215a54b074cc226514e02ed65cb79211bbaee1eb49b63b57e58aaad6?s=96&d=mm&r=g","url":"https:\/\/secure.gravatar.com\/avatar\/73620ab7215a54b074cc226514e02ed65cb79211bbaee1eb49b63b57e58aaad6?s=96&d=mm&r=g","contentUrl":"https:\/\/secure.gravatar.com\/avatar\/73620ab7215a54b074cc226514e02ed65cb79211bbaee1eb49b63b57e58aaad6?s=96&d=mm&r=g","caption":"K4-Import"},"url":"https:\/\/www.organisator.ch\/de\/author\/k4-import\/"}]}},"_links":{"self":[{"href":"https:\/\/www.organisator.ch\/de\/wp-json\/wp\/v2\/posts\/3699","targetHints":{"allow":["GET"]}}],"collection":[{"href":"https:\/\/www.organisator.ch\/de\/wp-json\/wp\/v2\/posts"}],"about":[{"href":"https:\/\/www.organisator.ch\/de\/wp-json\/wp\/v2\/types\/post"}],"author":[{"embeddable":true,"href":"https:\/\/www.organisator.ch\/de\/wp-json\/wp\/v2\/users\/7"}],"replies":[{"embeddable":true,"href":"https:\/\/www.organisator.ch\/de\/wp-json\/wp\/v2\/comments?post=3699"}],"version-history":[{"count":0,"href":"https:\/\/www.organisator.ch\/de\/wp-json\/wp\/v2\/posts\/3699\/revisions"}],"wp:featuredmedia":[{"embeddable":true,"href":"https:\/\/www.organisator.ch\/de\/wp-json\/wp\/v2\/media\/3700"}],"wp:attachment":[{"href":"https:\/\/www.organisator.ch\/de\/wp-json\/wp\/v2\/media?parent=3699"}],"wp:term":[{"taxonomy":"category","embeddable":true,"href":"https:\/\/www.organisator.ch\/de\/wp-json\/wp\/v2\/categories?post=3699"},{"taxonomy":"post_tag","embeddable":true,"href":"https:\/\/www.organisator.ch\/de\/wp-json\/wp\/v2\/tags?post=3699"}],"curies":[{"name":"wp","href":"https:\/\/api.w.org\/{rel}","templated":true}]}}