{"id":36991,"date":"2025-03-19T08:15:45","date_gmt":"2025-03-19T07:15:45","guid":{"rendered":"https:\/\/www.markt-kom.com\/?p=232085"},"modified":"2025-05-02T07:18:40","modified_gmt":"2025-05-02T05:18:40","slug":"75-jahre-swa-jahresmeeting-zum-thema-next-gen-marketing","status":"publish","type":"post","link":"https:\/\/www.organisator.ch\/de\/marketing\/2025-03-19\/75-jahre-swa-jahresmeeting-zum-thema-next-gen-marketing\/","title":{"rendered":"75 Jahre SWA: Jahresmeeting zum Thema \u00abNext Gen Marketing\u00bb"},"content":{"rendered":"<figure id=\"attachment_232089\" class=\"wp-caption aligncenter\" style=\"width: 1400px;\" aria-describedby=\"caption-attachment-232089\"><a href=\"https:\/\/www.markt-kom.com\/wp-content\/uploads\/2025\/03\/swa-jahresmeeting-fullhouse-stageone-scaled.jpeg\"><img class=\"size-full wp-image-232089\" src=\"https:\/\/www.markt-kom.com\/wp-content\/uploads\/2025\/03\/swa-jahresmeeting-fullhouse-stageone-scaled.jpeg\" sizes=\"(max-width: 1400px) 100vw, 1400px\" srcset=\"https:\/\/www.markt-kom.com\/wp-content\/uploads\/2025\/03\/swa-jahresmeeting-fullhouse-stageone-scaled.jpeg 1300w, https:\/\/www.markt-kom.com\/wp-content\/uploads\/2025\/03\/swa-jahresmeeting-fullhouse-stageone-600x450.jpeg 600w, https:\/\/www.markt-kom.com\/wp-content\/uploads\/2025\/03\/swa-jahresmeeting-fullhouse-stageone-1024x768.jpeg 1024w, https:\/\/www.markt-kom.com\/wp-content\/uploads\/2025\/03\/swa-jahresmeeting-fullhouse-stageone-768x576.jpeg 768w, https:\/\/www.markt-kom.com\/wp-content\/uploads\/2025\/03\/swa-jahresmeeting-fullhouse-stageone-1536x1152.jpeg 1536w, https:\/\/www.markt-kom.com\/wp-content\/uploads\/2025\/03\/swa-jahresmeeting-fullhouse-stageone-16x12.jpeg 16w, https:\/\/www.markt-kom.com\/wp-content\/uploads\/2025\/03\/swa-jahresmeeting-fullhouse-stageone-233x175.jpeg 233w, https:\/\/www.markt-kom.com\/wp-content\/uploads\/2025\/03\/swa-jahresmeeting-fullhouse-stageone-467x350.jpeg 467w, https:\/\/www.markt-kom.com\/wp-content\/uploads\/2025\/03\/swa-jahresmeeting-fullhouse-stageone-1000x750.jpeg 1000w\" alt=\"\" width=\"1400\" height=\"1050\" \/><\/a>\r\n<figcaption id=\"caption-attachment-232089\" class=\"wp-caption-text\">Full House im StageOne: Das diesj\u00e4hrige Jahresmeeting markiert das 75-Jahr-Jubil\u00e4um des SWA. (Bild: zVg.)<\/figcaption>\r\n<\/figure>\r\n<p>Am Jubil\u00e4ums-Jahresmeeting des SWA ging es um die Trends und Herausforderungen des Marketings von morgen. In seiner Begr\u00fcssungsrede betonte SWA-Pr\u00e4sident Roger Harlacher gleich zu Beginn, wie viel sich im Bereich KI seit dem letzten Jahr getan hat: \u00abDie Entwicklung ist gigantisch \u2013 KI hat definitiv Platz genommen. Jetzt braucht es ein \u2039deep dive\u203a in die neuen Technologien und in das Marketing der Zukunft.\u00bb<\/p>\r\n<p>Speed ist laut Harlacher dabei die gr\u00f6sste Herausforderung, dennoch ist auch Reflexion gefragt. Denn in einer Welt, in der immer mehr immer schneller m\u00f6glich ist, werden Werte und Verl\u00e4sslichkeit f\u00fcr Marken wichtiger, und Orientierung und Vertrauen gewinnen an Bedeutung. Deshalb sein Aufruf ans Publikum: \u00abLassen wir uns von den neuen M\u00f6glichkeiten und technologischen Trends f\u00fcr Marken inspirieren, aber nehmen wir uns auch gen\u00fcgend Zeit f\u00fcr Reflexion\u00bb.<\/p>\r\n<h3>Starker SWA im Jubil\u00e4umsjahr<\/h3>\r\n<p>Der SWA wurde 1950 gegr\u00fcndet und feiert nun das 75-Jahre-Jubil\u00e4um. Roger Harlacher freute sich besonders dar\u00fcber, dass der SWA auch mit 75 Jahren die starke Stimme im Schweizer Werbemarkt ist \u2013 sogar noch st\u00e4rker als je zuvor. Nach einem erfolgreichen Verbandsjahr mit zahlreichen Aktivit\u00e4ten wie Webinaren, Expert:innengruppentreffen und verschiedenen Initiativen konnte der SWA eine neue Rekordzahl von 215 aktiven Mitgliedsunternehmen bekanntgeben.<\/p>\r\n<p>Im Vorstand kam es zu f\u00fcnf Verabschiedungen und zur Wahl von vier neuen Vorstandsmitgliedern. Damit ist der 11-k\u00f6pfige Vorstand aus verschiedenen Branchen wieder komplett.<\/p>\r\n<p>Eine \u00fcberraschende Ver\u00e4nderung gab es im Pr\u00e4sidium. So gab Roger Harlacher bekannt, dass er sich entschieden hat, von seinem Amt als Pr\u00e4sident zur\u00fcckzutreten. Nach 16 erfolgreichen Jahren fand er den Moment als geeignet f\u00fcr einen Nachfolger. Mit Jan De Schepper, Chief Sales and Marketing Officer von Swissquote, holte er diesen gleich auf die B\u00fchne <em><a href=\"https:\/\/www.markt-kom.com\/markom\/schweizer-werbe-auftraggeberverband-swa-waehlt-jan-de-schepper-als-neuen-praesidenten\/\" rel=\"noopener\">(Markt-kom.com berichtete)<\/a><\/em>. Jan De Schepper bedankte sich f\u00fcr die Einf\u00fchrung und freut sich auf die spannenden Themen und Herausforderungen im Verband. Im Namen des Vorstandes gab er zudem bekannt, dass Roger Harlacher f\u00fcr seine Verdienste zum Ehrenpr\u00e4sidenten ernannt wurde.<\/p>\r\n<p>Auch SWA-Direktor Roland Ehrler liess es sich nicht nehmen, Roger Harlacher geb\u00fchrend zu verabschieden. Als besonderes Abschiedsgeschenk erhielt er ein Bild, das von seinem Sohn, dem freischaffenden K\u00fcnstler Luca Harlacher, speziell f\u00fcr diesen Anlass kreiert wurde. Nach der emotionalen Verabschiedung von Roger Harlacher begr\u00fcsste Johannes Hapig als Moderator die G\u00e4ste und f\u00fchrte mit Witz und Charme durch den Abend.<\/p>\r\n<figure id=\"attachment_232095\" class=\"wp-caption alignnone\" style=\"width: 1024px;\" aria-describedby=\"caption-attachment-232095\"><a href=\"https:\/\/www.markt-kom.com\/wp-content\/uploads\/2025\/03\/Beitragscover-43-56.png\"><img class=\"wp-image-232095 size-full\" src=\"https:\/\/www.markt-kom.com\/wp-content\/uploads\/2025\/03\/Beitragscover-43-56.png\" sizes=\"(max-width: 1024px) 100vw, 1024px\" srcset=\"https:\/\/www.markt-kom.com\/wp-content\/uploads\/2025\/03\/Beitragscover-43-56.png 1024w, https:\/\/www.markt-kom.com\/wp-content\/uploads\/2025\/03\/Beitragscover-43-56-600x450.png 600w, https:\/\/www.markt-kom.com\/wp-content\/uploads\/2025\/03\/Beitragscover-43-56-768x576.png 768w, https:\/\/www.markt-kom.com\/wp-content\/uploads\/2025\/03\/Beitragscover-43-56-16x12.png 16w, https:\/\/www.markt-kom.com\/wp-content\/uploads\/2025\/03\/Beitragscover-43-56-233x175.png 233w, https:\/\/www.markt-kom.com\/wp-content\/uploads\/2025\/03\/Beitragscover-43-56-467x350.png 467w, https:\/\/www.markt-kom.com\/wp-content\/uploads\/2025\/03\/Beitragscover-43-56-1000x750.png 1000w\" alt=\"\" width=\"1024\" height=\"768\" \/><\/a>\r\n<figcaption id=\"caption-attachment-232095\" class=\"wp-caption-text\">Emotionaler Abschied: Der scheidende SWA-Pr\u00e4sident Roger Harlacher (links), zusammen mit Sohn Luca Harlacher und dem Abschiedsgeschenk.<\/figcaption>\r\n<\/figure>\r\n<h3>Kemp-Robertson und Polomski: Was die Zukunft bringt<\/h3>\r\n<p>Als erster Keynote-Speaker trat Paul Kemp-Robertson, Chief Content Officer at Lions auf, der dem gespannten Publikum \u00ab44 Ways to Win in 2029\u00bb aufzeigte. Gleichzeitig betonte er, dass es nicht nur den einen Weg gibt, der zum Erfolg f\u00fchrt, sondern eben ganz viele Wege. Neben einigen vorhersehbaren Inputs wie \u00abUnterstand your emerging buyers\u00bb oder \u00abWin the internet every day\u00bb pr\u00e4sentierte Kemp-Robertson auch einige \u00fcberraschende Tipps, die Marken im KI-Zeitalter nutzen k\u00f6nnen, um sich abzuheben: \u00abFocus on what will not change\u00bb und \u00abOver-Index on trust\u00bb.<\/p>\r\n<p>Zus\u00e4tzlich hob Kemp-Robertson die Bedeutung von Kreativit\u00e4t und Visionen hervor. Sein Rat an das Publikum: \u00abBe a visionary, not a creator\u00bb. Und dem Management empfiehlt er: \u00abDon\u2019t kill creativity in the name of efficency\u00bb. Denn er ist sich sicher, etwas wird auch 2029 immer noch wahr sein: \u00abIt is creativity that makes brands famous\u00bb. Nicht ganz unironisch gab er zum Schluss den G\u00e4sten noch mit auf den Weg: \u00abIgnore predicitons about the Future.\u00bb Denn wir alle haben es selbst in der Hand, wie wir der Zukunft begegnen.<\/p>\r\n<p>Der zweite Keynote-Speaker Jens Polomski, LinkedIn Top Voice f\u00fcr KI und Co-Founder von SnipKI aus K\u00f6ln, war bereits zum zweiten Mal in Folge auf der SWA-B\u00fchne. Er erinnerte das Publikum daran, dass KI mehr als nur ein Text-Generator ist und zeigte eindr\u00fcckliche Beispiele dazu, was KI nicht nur im audiovisuellen Bereich leisten kann, sondern auch in der Medizin und Materialforschung.<\/p>\r\n<p>Polomski hob die M\u00f6glichkeiten hervor, die KI uns bietet, um Ideen schnell und g\u00fcnstig umzusetzen. Auch ohne Programmierkenntnisse k\u00f6nnen selbst Tools gebaut und integriert werden. Und dies in einer Geschwindigkeit, die kaum zu fassen ist. F\u00fcr die Erstellung eines eigenen Bildgenerators mit KI ben\u00f6tigte Polomski etwas \u00fcber acht Minuten. Den G\u00e4sten riet er zum Schluss: \u00abEs gibt keine Ausreden mehr, Ideen nicht umzusetzen\u00bb, und mit Blick auf die Zukunft ist er sich sicher, \u00abda kommt noch einiges auf uns zu\u00bb.<\/p>\r\n<h3>Podiumsgespr\u00e4ch und Ap\u00e9ro riche<\/h3>\r\n<p>Nach den beiden Vortr\u00e4gen f\u00fchrte Johannes Hapig durch das \u00abNext Gen Marketing Podium\u00bb. Neben Jens Polomski wurde die Runde durch \u00abWerberin des Jahres\u00bb Andrea Bison (Thjnk), Ya\u00ebl Meier (Zeam) und Jan De Schepper (Swissqoute) erg\u00e4nzt.<\/p>\r\n<p>Zum Schluss bedankte sich SWA-Direktor Roland Ehrler f\u00fcr die Geduld des Publikums und leitete rasant zum feierlichen Stehdinner \u00fcber. Der G\u00e4stemix aus Kunden, Agenturen und Vermarktern sowie das 75-Jahre-Jubil\u00e4um sorgten noch lange f\u00fcr Gespr\u00e4chsstoff.<\/p>\r\n<figure id=\"attachment_232090\" class=\"wp-caption aligncenter\" style=\"width: 1300px;\" aria-describedby=\"caption-attachment-232090\"><a href=\"https:\/\/www.markt-kom.com\/wp-content\/uploads\/2025\/03\/networking-swa-jahresmeeting-scaled.jpeg\"><img class=\"size-full wp-image-232090\" src=\"https:\/\/www.markt-kom.com\/wp-content\/uploads\/2025\/03\/networking-swa-jahresmeeting-scaled.jpeg\" sizes=\"(max-width: 1300px) 100vw, 1300px\" srcset=\"https:\/\/www.markt-kom.com\/wp-content\/uploads\/2025\/03\/networking-swa-jahresmeeting-scaled.jpeg 1300w, https:\/\/www.markt-kom.com\/wp-content\/uploads\/2025\/03\/networking-swa-jahresmeeting-600x450.jpeg 600w, https:\/\/www.markt-kom.com\/wp-content\/uploads\/2025\/03\/networking-swa-jahresmeeting-1024x768.jpeg 1024w, https:\/\/www.markt-kom.com\/wp-content\/uploads\/2025\/03\/networking-swa-jahresmeeting-768x576.jpeg 768w, https:\/\/www.markt-kom.com\/wp-content\/uploads\/2025\/03\/networking-swa-jahresmeeting-1536x1152.jpeg 1536w, https:\/\/www.markt-kom.com\/wp-content\/uploads\/2025\/03\/networking-swa-jahresmeeting-16x12.jpeg 16w, https:\/\/www.markt-kom.com\/wp-content\/uploads\/2025\/03\/networking-swa-jahresmeeting-233x175.jpeg 233w, https:\/\/www.markt-kom.com\/wp-content\/uploads\/2025\/03\/networking-swa-jahresmeeting-467x350.jpeg 467w, https:\/\/www.markt-kom.com\/wp-content\/uploads\/2025\/03\/networking-swa-jahresmeeting-1000x750.jpeg 1000w\" alt=\"\" width=\"1300\" height=\"975\" \/><\/a>\r\n<figcaption id=\"caption-attachment-232090\" class=\"wp-caption-text\">Networking mit Jubil\u00e4umsstimmung. (Bild: zVg.)<\/figcaption>\r\n<\/figure>\r\n<p>Das n\u00e4chste SWA-Jahresmeeting findet am 19. M\u00e4rz 2026 im StageOne in Z\u00fcrich statt.<\/p>","protected":false},"excerpt":{"rendered":"<p>\u00dcber 400 Werbeauftraggebende, Agentur- und Medienvertreter:innen folgten der Einladung des Schweizer Werbe-Auftraggeberverbands zum traditionellen SWA-Jahresmeeting ins StageOne in Z\u00fcrich. Nach zwei Keynotes zum Tagungsthema \u00abNext Gen Marketing \u2013 die Zukunft von Marketing und Kommunikation\u00bb sowie einem spannenden Podiumsgespr\u00e4ch gab es ein exquisites Stehdinner mit viel Networking bis in die Nacht hinein.<\/p>\n","protected":false},"author":8,"featured_media":0,"comment_status":"closed","ping_status":"closed","sticky":false,"template":"","format":"standard","meta":{"_acf_changed":false,"_yoast_wpseo_focuskw":"SWA Jahresmeeting 2024","_yoast_wpseo_metadesc":"75 Jahre SWA: Keynotes, Podium und Networking. Roger Harlacher \u00fcbergibt das Pr\u00e4sidium an Jan De Schepper.","articlekey":"","footnotes":""},"categories":[29],"tags":[5212,4348,4343,3872],"class_list":["post-36991","post","type-post","status-publish","format-standard","hentry","category-marketing","tag-jahresmeeting","tag-mk-format","tag-markom","tag-schweizer-werbe-auftraggeberverband-swa"],"acf":[],"yoast_head":"<!-- This site is optimized with the Yoast SEO plugin v27.5 - https:\/\/yoast.com\/product\/yoast-seo-wordpress\/ -->\n<title>75 Jahre SWA: Jahresmeeting zum Thema \u00abNext Gen Marketing\u00bb - Organisator<\/title>\n<meta name=\"description\" content=\"75 Jahre SWA: Keynotes, Podium und Networking. Roger Harlacher \u00fcbergibt das Pr\u00e4sidium an Jan De Schepper.\" \/>\n<meta name=\"robots\" content=\"index, follow, max-snippet:-1, max-image-preview:large, max-video-preview:-1\" \/>\n<link rel=\"canonical\" href=\"https:\/\/www.organisator.ch\/de\/marketing\/2025-03-19\/75-jahre-swa-jahresmeeting-zum-thema-next-gen-marketing\/\" \/>\n<meta property=\"og:locale\" content=\"de_DE\" \/>\n<meta property=\"og:type\" content=\"article\" \/>\n<meta property=\"og:title\" content=\"75 Jahre SWA: Jahresmeeting zum Thema \u00abNext Gen Marketing\u00bb - Organisator\" \/>\n<meta property=\"og:description\" content=\"75 Jahre SWA: Keynotes, Podium und Networking. Roger Harlacher \u00fcbergibt das Pr\u00e4sidium an Jan De Schepper.\" \/>\n<meta property=\"og:url\" content=\"https:\/\/www.organisator.ch\/de\/marketing\/2025-03-19\/75-jahre-swa-jahresmeeting-zum-thema-next-gen-marketing\/\" \/>\n<meta property=\"og:site_name\" content=\"Organisator\" \/>\n<meta property=\"article:publisher\" content=\"https:\/\/www.facebook.com\/OrganisatorFachmagazin\" \/>\n<meta property=\"article:published_time\" content=\"2025-03-19T07:15:45+00:00\" \/>\n<meta property=\"article:modified_time\" content=\"2025-05-02T05:18:40+00:00\" \/>\n<meta name=\"author\" content=\"galledia\" \/>\n<meta name=\"twitter:card\" content=\"summary_large_image\" \/>\n<meta name=\"twitter:creator\" content=\"@admin\" \/>\n<script type=\"application\/ld+json\" class=\"yoast-schema-graph\">{\"@context\":\"https:\\\/\\\/schema.org\",\"@graph\":[{\"@type\":\"Article\",\"@id\":\"https:\\\/\\\/www.organisator.ch\\\/marketing\\\/2025-03-19\\\/75-jahre-swa-jahresmeeting-zum-thema-next-gen-marketing\\\/#article\",\"isPartOf\":{\"@id\":\"https:\\\/\\\/www.organisator.ch\\\/marketing\\\/2025-03-19\\\/75-jahre-swa-jahresmeeting-zum-thema-next-gen-marketing\\\/\"},\"author\":{\"name\":\"galledia\",\"@id\":\"https:\\\/\\\/www.organisator.ch\\\/#\\\/schema\\\/person\\\/4e51799071cd2dd1232ac003643ef5f0\"},\"headline\":\"75 Jahre SWA: Jahresmeeting zum Thema \u00abNext Gen Marketing\u00bb\",\"datePublished\":\"2025-03-19T07:15:45+00:00\",\"dateModified\":\"2025-05-02T05:18:40+00:00\",\"mainEntityOfPage\":{\"@id\":\"https:\\\/\\\/www.organisator.ch\\\/marketing\\\/2025-03-19\\\/75-jahre-swa-jahresmeeting-zum-thema-next-gen-marketing\\\/\"},\"wordCount\":877,\"publisher\":{\"@id\":\"https:\\\/\\\/www.organisator.ch\\\/#organization\"},\"image\":{\"@id\":\"https:\\\/\\\/www.organisator.ch\\\/marketing\\\/2025-03-19\\\/75-jahre-swa-jahresmeeting-zum-thema-next-gen-marketing\\\/#primaryimage\"},\"thumbnailUrl\":\"https:\\\/\\\/www.markt-kom.com\\\/wp-content\\\/uploads\\\/2025\\\/03\\\/swa-jahresmeeting-fullhouse-stageone-scaled.jpeg\",\"keywords\":[\"Jahresmeeting\",\"m&amp;k FORMAT\",\"MarKom\",\"Schweizer Werbe-Auftraggeberverband SWA\"],\"articleSection\":[\"MARKETING\"],\"inLanguage\":\"de\"},{\"@type\":\"WebPage\",\"@id\":\"https:\\\/\\\/www.organisator.ch\\\/marketing\\\/2025-03-19\\\/75-jahre-swa-jahresmeeting-zum-thema-next-gen-marketing\\\/\",\"url\":\"https:\\\/\\\/www.organisator.ch\\\/marketing\\\/2025-03-19\\\/75-jahre-swa-jahresmeeting-zum-thema-next-gen-marketing\\\/\",\"name\":\"75 Jahre SWA: Jahresmeeting zum Thema \u00abNext Gen Marketing\u00bb - Organisator\",\"isPartOf\":{\"@id\":\"https:\\\/\\\/www.organisator.ch\\\/#website\"},\"primaryImageOfPage\":{\"@id\":\"https:\\\/\\\/www.organisator.ch\\\/marketing\\\/2025-03-19\\\/75-jahre-swa-jahresmeeting-zum-thema-next-gen-marketing\\\/#primaryimage\"},\"image\":{\"@id\":\"https:\\\/\\\/www.organisator.ch\\\/marketing\\\/2025-03-19\\\/75-jahre-swa-jahresmeeting-zum-thema-next-gen-marketing\\\/#primaryimage\"},\"thumbnailUrl\":\"https:\\\/\\\/www.markt-kom.com\\\/wp-content\\\/uploads\\\/2025\\\/03\\\/swa-jahresmeeting-fullhouse-stageone-scaled.jpeg\",\"datePublished\":\"2025-03-19T07:15:45+00:00\",\"dateModified\":\"2025-05-02T05:18:40+00:00\",\"description\":\"75 Jahre SWA: Keynotes, Podium und Networking. Roger Harlacher \u00fcbergibt das Pr\u00e4sidium an Jan De Schepper.\",\"breadcrumb\":{\"@id\":\"https:\\\/\\\/www.organisator.ch\\\/marketing\\\/2025-03-19\\\/75-jahre-swa-jahresmeeting-zum-thema-next-gen-marketing\\\/#breadcrumb\"},\"inLanguage\":\"de\",\"potentialAction\":[{\"@type\":\"ReadAction\",\"target\":[\"https:\\\/\\\/www.organisator.ch\\\/marketing\\\/2025-03-19\\\/75-jahre-swa-jahresmeeting-zum-thema-next-gen-marketing\\\/\"]}]},{\"@type\":\"ImageObject\",\"inLanguage\":\"de\",\"@id\":\"https:\\\/\\\/www.organisator.ch\\\/marketing\\\/2025-03-19\\\/75-jahre-swa-jahresmeeting-zum-thema-next-gen-marketing\\\/#primaryimage\",\"url\":\"https:\\\/\\\/www.markt-kom.com\\\/wp-content\\\/uploads\\\/2025\\\/03\\\/swa-jahresmeeting-fullhouse-stageone-scaled.jpeg\",\"contentUrl\":\"https:\\\/\\\/www.markt-kom.com\\\/wp-content\\\/uploads\\\/2025\\\/03\\\/swa-jahresmeeting-fullhouse-stageone-scaled.jpeg\"},{\"@type\":\"BreadcrumbList\",\"@id\":\"https:\\\/\\\/www.organisator.ch\\\/marketing\\\/2025-03-19\\\/75-jahre-swa-jahresmeeting-zum-thema-next-gen-marketing\\\/#breadcrumb\",\"itemListElement\":[{\"@type\":\"ListItem\",\"position\":1,\"name\":\"Home\",\"item\":\"https:\\\/\\\/www.organisator.ch\\\/\"},{\"@type\":\"ListItem\",\"position\":2,\"name\":\"75 Jahre SWA: Jahresmeeting zum Thema \u00abNext Gen Marketing\u00bb\"}]},{\"@type\":\"WebSite\",\"@id\":\"https:\\\/\\\/www.organisator.ch\\\/#website\",\"url\":\"https:\\\/\\\/www.organisator.ch\\\/\",\"name\":\"Organisator\",\"description\":\"Kompetent. Praxisnah. Der ORGANISATOR bereitet in 10 Ausgaben pro Jahr die wesentlichen Themen f\u00fcr F\u00fchrungskr\u00e4fte von KMU auf.\",\"publisher\":{\"@id\":\"https:\\\/\\\/www.organisator.ch\\\/#organization\"},\"potentialAction\":[{\"@type\":\"SearchAction\",\"target\":{\"@type\":\"EntryPoint\",\"urlTemplate\":\"https:\\\/\\\/www.organisator.ch\\\/?s={search_term_string}\"},\"query-input\":{\"@type\":\"PropertyValueSpecification\",\"valueRequired\":true,\"valueName\":\"search_term_string\"}}],\"inLanguage\":\"de\"},{\"@type\":\"Organization\",\"@id\":\"https:\\\/\\\/www.organisator.ch\\\/#organization\",\"name\":\"Organisator\",\"url\":\"https:\\\/\\\/www.organisator.ch\\\/\",\"logo\":{\"@type\":\"ImageObject\",\"inLanguage\":\"de\",\"@id\":\"https:\\\/\\\/www.organisator.ch\\\/#\\\/schema\\\/logo\\\/image\\\/\",\"url\":\"https:\\\/\\\/www.organisator.ch\\\/wp-content\\\/uploads\\\/2022\\\/01\\\/Logo_Organisator_Website.png\",\"contentUrl\":\"https:\\\/\\\/www.organisator.ch\\\/wp-content\\\/uploads\\\/2022\\\/01\\\/Logo_Organisator_Website.png\",\"width\":800,\"height\":77,\"caption\":\"Organisator\"},\"image\":{\"@id\":\"https:\\\/\\\/www.organisator.ch\\\/#\\\/schema\\\/logo\\\/image\\\/\"},\"sameAs\":[\"https:\\\/\\\/www.facebook.com\\\/OrganisatorFachmagazin\",\"https:\\\/\\\/www.linkedin.com\\\/showcase\\\/organisator-das-magazin-fr-kmu\",\"https:\\\/\\\/www.xing.com\\\/news\\\/pages\\\/organisator-ch-695\",\"https:\\\/\\\/www.youtube.com\\\/channel\\\/UCGP2Sq0iWaZwT3BdIAQFYpw\"]},{\"@type\":\"Person\",\"@id\":\"https:\\\/\\\/www.organisator.ch\\\/#\\\/schema\\\/person\\\/4e51799071cd2dd1232ac003643ef5f0\",\"name\":\"galledia\",\"image\":{\"@type\":\"ImageObject\",\"inLanguage\":\"de\",\"@id\":\"https:\\\/\\\/secure.gravatar.com\\\/avatar\\\/78a7f90c01fc2bfc875782a0d4922b37cde2cf184ce347b91316d23cd7f69a36?s=96&d=mm&r=g\",\"url\":\"https:\\\/\\\/secure.gravatar.com\\\/avatar\\\/78a7f90c01fc2bfc875782a0d4922b37cde2cf184ce347b91316d23cd7f69a36?s=96&d=mm&r=g\",\"contentUrl\":\"https:\\\/\\\/secure.gravatar.com\\\/avatar\\\/78a7f90c01fc2bfc875782a0d4922b37cde2cf184ce347b91316d23cd7f69a36?s=96&d=mm&r=g\",\"caption\":\"galledia\"},\"sameAs\":[\"https:\\\/\\\/x.com\\\/admin\"],\"url\":\"https:\\\/\\\/www.organisator.ch\\\/de\\\/author\\\/galledia\\\/\"}]}<\/script>\n<!-- \/ Yoast SEO plugin. -->","yoast_head_json":{"title":"75 Jahre SWA: Jahresmeeting zum Thema \u00abNext Gen Marketing\u00bb - Organisator","description":"75 Jahre SWA: Keynotes, Podium und Networking. Roger Harlacher \u00fcbergibt das Pr\u00e4sidium an Jan De Schepper.","robots":{"index":"index","follow":"follow","max-snippet":"max-snippet:-1","max-image-preview":"max-image-preview:large","max-video-preview":"max-video-preview:-1"},"canonical":"https:\/\/www.organisator.ch\/de\/marketing\/2025-03-19\/75-jahre-swa-jahresmeeting-zum-thema-next-gen-marketing\/","og_locale":"de_DE","og_type":"article","og_title":"75 Jahre SWA: Jahresmeeting zum Thema \u00abNext Gen Marketing\u00bb - Organisator","og_description":"75 Jahre SWA: Keynotes, Podium und Networking. Roger Harlacher \u00fcbergibt das Pr\u00e4sidium an Jan De Schepper.","og_url":"https:\/\/www.organisator.ch\/de\/marketing\/2025-03-19\/75-jahre-swa-jahresmeeting-zum-thema-next-gen-marketing\/","og_site_name":"Organisator","article_publisher":"https:\/\/www.facebook.com\/OrganisatorFachmagazin","article_published_time":"2025-03-19T07:15:45+00:00","article_modified_time":"2025-05-02T05:18:40+00:00","author":"galledia","twitter_card":"summary_large_image","twitter_creator":"@admin","schema":{"@context":"https:\/\/schema.org","@graph":[{"@type":"Article","@id":"https:\/\/www.organisator.ch\/marketing\/2025-03-19\/75-jahre-swa-jahresmeeting-zum-thema-next-gen-marketing\/#article","isPartOf":{"@id":"https:\/\/www.organisator.ch\/marketing\/2025-03-19\/75-jahre-swa-jahresmeeting-zum-thema-next-gen-marketing\/"},"author":{"name":"galledia","@id":"https:\/\/www.organisator.ch\/#\/schema\/person\/4e51799071cd2dd1232ac003643ef5f0"},"headline":"75 Jahre SWA: Jahresmeeting zum Thema \u00abNext Gen Marketing\u00bb","datePublished":"2025-03-19T07:15:45+00:00","dateModified":"2025-05-02T05:18:40+00:00","mainEntityOfPage":{"@id":"https:\/\/www.organisator.ch\/marketing\/2025-03-19\/75-jahre-swa-jahresmeeting-zum-thema-next-gen-marketing\/"},"wordCount":877,"publisher":{"@id":"https:\/\/www.organisator.ch\/#organization"},"image":{"@id":"https:\/\/www.organisator.ch\/marketing\/2025-03-19\/75-jahre-swa-jahresmeeting-zum-thema-next-gen-marketing\/#primaryimage"},"thumbnailUrl":"https:\/\/www.markt-kom.com\/wp-content\/uploads\/2025\/03\/swa-jahresmeeting-fullhouse-stageone-scaled.jpeg","keywords":["Jahresmeeting","m&amp;k FORMAT","MarKom","Schweizer Werbe-Auftraggeberverband SWA"],"articleSection":["MARKETING"],"inLanguage":"de"},{"@type":"WebPage","@id":"https:\/\/www.organisator.ch\/marketing\/2025-03-19\/75-jahre-swa-jahresmeeting-zum-thema-next-gen-marketing\/","url":"https:\/\/www.organisator.ch\/marketing\/2025-03-19\/75-jahre-swa-jahresmeeting-zum-thema-next-gen-marketing\/","name":"75 Jahre SWA: Jahresmeeting zum Thema \u00abNext Gen Marketing\u00bb - Organisator","isPartOf":{"@id":"https:\/\/www.organisator.ch\/#website"},"primaryImageOfPage":{"@id":"https:\/\/www.organisator.ch\/marketing\/2025-03-19\/75-jahre-swa-jahresmeeting-zum-thema-next-gen-marketing\/#primaryimage"},"image":{"@id":"https:\/\/www.organisator.ch\/marketing\/2025-03-19\/75-jahre-swa-jahresmeeting-zum-thema-next-gen-marketing\/#primaryimage"},"thumbnailUrl":"https:\/\/www.markt-kom.com\/wp-content\/uploads\/2025\/03\/swa-jahresmeeting-fullhouse-stageone-scaled.jpeg","datePublished":"2025-03-19T07:15:45+00:00","dateModified":"2025-05-02T05:18:40+00:00","description":"75 Jahre SWA: Keynotes, Podium und Networking. Roger Harlacher \u00fcbergibt das Pr\u00e4sidium an Jan De Schepper.","breadcrumb":{"@id":"https:\/\/www.organisator.ch\/marketing\/2025-03-19\/75-jahre-swa-jahresmeeting-zum-thema-next-gen-marketing\/#breadcrumb"},"inLanguage":"de","potentialAction":[{"@type":"ReadAction","target":["https:\/\/www.organisator.ch\/marketing\/2025-03-19\/75-jahre-swa-jahresmeeting-zum-thema-next-gen-marketing\/"]}]},{"@type":"ImageObject","inLanguage":"de","@id":"https:\/\/www.organisator.ch\/marketing\/2025-03-19\/75-jahre-swa-jahresmeeting-zum-thema-next-gen-marketing\/#primaryimage","url":"https:\/\/www.markt-kom.com\/wp-content\/uploads\/2025\/03\/swa-jahresmeeting-fullhouse-stageone-scaled.jpeg","contentUrl":"https:\/\/www.markt-kom.com\/wp-content\/uploads\/2025\/03\/swa-jahresmeeting-fullhouse-stageone-scaled.jpeg"},{"@type":"BreadcrumbList","@id":"https:\/\/www.organisator.ch\/marketing\/2025-03-19\/75-jahre-swa-jahresmeeting-zum-thema-next-gen-marketing\/#breadcrumb","itemListElement":[{"@type":"ListItem","position":1,"name":"Home","item":"https:\/\/www.organisator.ch\/"},{"@type":"ListItem","position":2,"name":"75 Jahre SWA: Jahresmeeting zum Thema \u00abNext Gen Marketing\u00bb"}]},{"@type":"WebSite","@id":"https:\/\/www.organisator.ch\/#website","url":"https:\/\/www.organisator.ch\/","name":"Organisator","description":"Kompetent. Praxisnah. Der ORGANISATOR bereitet in 10 Ausgaben pro Jahr die wesentlichen Themen f\u00fcr F\u00fchrungskr\u00e4fte von KMU auf.","publisher":{"@id":"https:\/\/www.organisator.ch\/#organization"},"potentialAction":[{"@type":"SearchAction","target":{"@type":"EntryPoint","urlTemplate":"https:\/\/www.organisator.ch\/?s={search_term_string}"},"query-input":{"@type":"PropertyValueSpecification","valueRequired":true,"valueName":"search_term_string"}}],"inLanguage":"de"},{"@type":"Organization","@id":"https:\/\/www.organisator.ch\/#organization","name":"Organisator","url":"https:\/\/www.organisator.ch\/","logo":{"@type":"ImageObject","inLanguage":"de","@id":"https:\/\/www.organisator.ch\/#\/schema\/logo\/image\/","url":"https:\/\/www.organisator.ch\/wp-content\/uploads\/2022\/01\/Logo_Organisator_Website.png","contentUrl":"https:\/\/www.organisator.ch\/wp-content\/uploads\/2022\/01\/Logo_Organisator_Website.png","width":800,"height":77,"caption":"Organisator"},"image":{"@id":"https:\/\/www.organisator.ch\/#\/schema\/logo\/image\/"},"sameAs":["https:\/\/www.facebook.com\/OrganisatorFachmagazin","https:\/\/www.linkedin.com\/showcase\/organisator-das-magazin-fr-kmu","https:\/\/www.xing.com\/news\/pages\/organisator-ch-695","https:\/\/www.youtube.com\/channel\/UCGP2Sq0iWaZwT3BdIAQFYpw"]},{"@type":"Person","@id":"https:\/\/www.organisator.ch\/#\/schema\/person\/4e51799071cd2dd1232ac003643ef5f0","name":"galledia","image":{"@type":"ImageObject","inLanguage":"de","@id":"https:\/\/secure.gravatar.com\/avatar\/78a7f90c01fc2bfc875782a0d4922b37cde2cf184ce347b91316d23cd7f69a36?s=96&d=mm&r=g","url":"https:\/\/secure.gravatar.com\/avatar\/78a7f90c01fc2bfc875782a0d4922b37cde2cf184ce347b91316d23cd7f69a36?s=96&d=mm&r=g","contentUrl":"https:\/\/secure.gravatar.com\/avatar\/78a7f90c01fc2bfc875782a0d4922b37cde2cf184ce347b91316d23cd7f69a36?s=96&d=mm&r=g","caption":"galledia"},"sameAs":["https:\/\/x.com\/admin"],"url":"https:\/\/www.organisator.ch\/de\/author\/galledia\/"}]}},"_links":{"self":[{"href":"https:\/\/www.organisator.ch\/de\/wp-json\/wp\/v2\/posts\/36991","targetHints":{"allow":["GET"]}}],"collection":[{"href":"https:\/\/www.organisator.ch\/de\/wp-json\/wp\/v2\/posts"}],"about":[{"href":"https:\/\/www.organisator.ch\/de\/wp-json\/wp\/v2\/types\/post"}],"author":[{"embeddable":true,"href":"https:\/\/www.organisator.ch\/de\/wp-json\/wp\/v2\/users\/8"}],"replies":[{"embeddable":true,"href":"https:\/\/www.organisator.ch\/de\/wp-json\/wp\/v2\/comments?post=36991"}],"version-history":[{"count":7,"href":"https:\/\/www.organisator.ch\/de\/wp-json\/wp\/v2\/posts\/36991\/revisions"}],"predecessor-version":[{"id":36997,"href":"https:\/\/www.organisator.ch\/de\/wp-json\/wp\/v2\/posts\/36991\/revisions\/36997"}],"wp:attachment":[{"href":"https:\/\/www.organisator.ch\/de\/wp-json\/wp\/v2\/media?parent=36991"}],"wp:term":[{"taxonomy":"category","embeddable":true,"href":"https:\/\/www.organisator.ch\/de\/wp-json\/wp\/v2\/categories?post=36991"},{"taxonomy":"post_tag","embeddable":true,"href":"https:\/\/www.organisator.ch\/de\/wp-json\/wp\/v2\/tags?post=36991"}],"curies":[{"name":"wp","href":"https:\/\/api.w.org\/{rel}","templated":true}]}}