{"id":37008,"date":"2025-03-19T10:41:44","date_gmt":"2025-03-19T09:41:44","guid":{"rendered":"https:\/\/www.organisator.ch\/?p=37008"},"modified":"2025-03-19T10:41:44","modified_gmt":"2025-03-19T09:41:44","slug":"marco-marmo-wird-neuer-coo-und-mitglied-der-geschaeftsleitung-der-faigle-gruppe","status":"publish","type":"post","link":"https:\/\/www.organisator.ch\/de\/management\/2025-03-19\/marco-marmo-wird-neuer-coo-und-mitglied-der-geschaeftsleitung-der-faigle-gruppe\/","title":{"rendered":"Marco Marmo wird neuer COO und Mitglied der Gesch\u00e4ftsleitung der Faigle Gruppe"},"content":{"rendered":"<figure id=\"attachment_37010\" aria-describedby=\"caption-attachment-37010\" style=\"width: 680px\" class=\"wp-caption alignnone\"><img loading=\"lazy\" decoding=\"async\" class=\"wp-image-37010 size-full\" src=\"https:\/\/www.organisator.ch\/wp-content\/uploads\/2025\/03\/Faigle_Bild_ps.jpg\" alt=\"\" width=\"680\" height=\"680\" srcset=\"https:\/\/www.organisator.ch\/wp-content\/uploads\/2025\/03\/Faigle_Bild_ps.jpg 680w, https:\/\/www.organisator.ch\/wp-content\/uploads\/2025\/03\/Faigle_Bild_ps-150x150.jpg 150w, https:\/\/www.organisator.ch\/wp-content\/uploads\/2025\/03\/Faigle_Bild_ps-12x12.jpg 12w, https:\/\/www.organisator.ch\/wp-content\/uploads\/2025\/03\/Faigle_Bild_ps-300x300.jpg 300w, https:\/\/www.organisator.ch\/wp-content\/uploads\/2025\/03\/Faigle_Bild_ps-350x350.jpg 350w, https:\/\/www.organisator.ch\/wp-content\/uploads\/2025\/03\/Faigle_Bild_ps-250x250.jpg 250w\" sizes=\"auto, (max-width: 680px) 100vw, 680px\" \/><figcaption id=\"caption-attachment-37010\" class=\"wp-caption-text\">Marco Marmo wird am 17. M\u00e4rz 2025 neuer COO der Faigle Gruppe und treibt Prozessoptimierung sowie Digitalisierung voran. (Bild: Faigle)<\/figcaption><\/figure>\n<p>Marco Marmo verf\u00fcgt \u00fcber umfassende Erfahrung in den Bereichen Unternehmensf\u00fchrung, Supply Chain Management, Prozessoptimierung und Outsourcing. W\u00e4hrend mehr als f\u00fcnf Jahren bei der Polysys AG, unter anderem als CEO, konnte er wertvolle Kenntnisse in allen relevanten Bereichen sammeln. In den vergangenen drei Jahren hat er bei der Faigle als Leiter Supply Chain Management entscheidend zur Prozessoptimierung beigetragen und die Weiterentwicklung der Mitarbeitenden aktiv gef\u00f6rdert.<\/p>\n<p>Mit Innovationskraft, strategischem Denken und hohem Engagement bringt Marco Marmo essenzielle Qualit\u00e4ten f\u00fcr die zuk\u00fcnftigen Herausforderungen der Faigle mit. Zudem bereichern seine Sprachkenntnisse in Deutsch, Italienisch, Franz\u00f6sisch und Englisch und seine Erfahrung im internationalen Umfeld das Unternehmen um eine wertvolle Perspektive.<\/p>\n<p>\u00abMit dieser Ernennung st\u00e4rkt die Faigle Gruppe ihre operative Leistungsf\u00e4higkeit und unterstreicht ihren Anspruch, auch in Zukunft als verl\u00e4ssliche Partnerin f\u00fcr massgeschneiderte L\u00f6sungen mit exzellentem Service zu agieren\u00bb, erl\u00e4utert Armin B\u00e4bler, CEO der Faigle Gruppe.<\/p>\n<p>Marco Marmo wird in seiner neuen Rolle insbesondere die Optimierung interner Prozesse, die Digitalisierung und die nachhaltige Weiterentwicklung der Unternehmensstrukturen vorantreiben.<\/p>\n<p><em>Quelle: <a href=\"http:\/\/www.faigle.ch\">www.faigle.ch<\/a><\/em><\/p>\n","protected":false},"excerpt":{"rendered":"<p>Der Verwaltungsrat der Faigle Gruppe hat Marco Marmo zum neuen Chief Operating Officer (COO) ernannt. Er \u00fcbernimmt die Position per 17. M\u00e4rz 2025 von Armin B\u00e4bler, der per 1.  Februar 2025 zum CEO der Faigle Gruppe ernannt wurde.<\/p>\n","protected":false},"author":80,"featured_media":37010,"comment_status":"closed","ping_status":"closed","sticky":false,"template":"","format":"standard","meta":{"_acf_changed":false,"_yoast_wpseo_focuskw":"Marco Marmo","_yoast_wpseo_metadesc":"Marco Marmo wird am 17. M\u00e4rz 2025 neuer COO der Faigle Gruppe und treibt Prozessoptimierung sowie Digitalisierung voran.","articlekey":"","footnotes":""},"categories":[28],"tags":[4404,4626,335,424,4301],"class_list":["post-37008","post","type-post","status-publish","format-standard","has-post-thumbnail","hentry","category-management","tag-coo","tag-geschaeftsleitung","tag-management-und-unternehmensfuehrung","tag-schweiz","tag-wechsel"],"acf":[],"yoast_head":"<!-- This site is optimized with the Yoast SEO plugin v27.5 - https:\/\/yoast.com\/product\/yoast-seo-wordpress\/ -->\n<title>Marco Marmo wird neuer COO und Mitglied der Gesch\u00e4ftsleitung der Faigle Gruppe - Organisator<\/title>\n<meta name=\"description\" content=\"Marco Marmo wird am 17. M\u00e4rz 2025 neuer COO der Faigle Gruppe und treibt Prozessoptimierung sowie Digitalisierung voran.\" \/>\n<meta name=\"robots\" content=\"index, follow, max-snippet:-1, max-image-preview:large, max-video-preview:-1\" \/>\n<link rel=\"canonical\" href=\"https:\/\/www.organisator.ch\/de\/management\/2025-03-19\/marco-marmo-wird-neuer-coo-und-mitglied-der-geschaeftsleitung-der-faigle-gruppe\/\" \/>\n<meta property=\"og:locale\" content=\"de_DE\" \/>\n<meta property=\"og:type\" content=\"article\" \/>\n<meta property=\"og:title\" content=\"Marco Marmo wird neuer COO\" \/>\n<meta property=\"og:description\" content=\"Marco Marmo wird am 17. M\u00e4rz 2025 neuer COO der Faigle Gruppe und treibt Prozessoptimierung sowie Digitalisierung voran.\" \/>\n<meta property=\"og:url\" content=\"https:\/\/www.organisator.ch\/de\/management\/2025-03-19\/marco-marmo-wird-neuer-coo-und-mitglied-der-geschaeftsleitung-der-faigle-gruppe\/\" \/>\n<meta property=\"og:site_name\" content=\"Organisator\" \/>\n<meta property=\"article:publisher\" content=\"https:\/\/www.facebook.com\/OrganisatorFachmagazin\" \/>\n<meta property=\"article:published_time\" content=\"2025-03-19T09:41:44+00:00\" \/>\n<meta property=\"og:image\" content=\"https:\/\/www.organisator.ch\/wp-content\/uploads\/2025\/03\/Faigle_Bild_ps.jpg\" \/>\n\t<meta property=\"og:image:width\" content=\"680\" \/>\n\t<meta property=\"og:image:height\" content=\"680\" \/>\n\t<meta property=\"og:image:type\" content=\"image\/jpeg\" \/>\n<meta name=\"author\" content=\"Dzana Muminovic\" \/>\n<meta name=\"twitter:card\" content=\"summary_large_image\" \/>\n<meta name=\"twitter:title\" content=\"Marco Marmo wird neuer COO\" \/>\n<meta name=\"twitter:description\" content=\"#Marco #Marmo wird am 17. M\u00e4rz 2025 neuer #COO der #Faigle #Gruppe und treibt #Prozessoptimierung sowie #Digitalisierung voran.\" \/>\n<meta name=\"twitter:image\" content=\"https:\/\/www.organisator.ch\/wp-content\/uploads\/2025\/03\/Faigle_Bild_ps.jpg\" \/>\n<script type=\"application\/ld+json\" class=\"yoast-schema-graph\">{\"@context\":\"https:\\\/\\\/schema.org\",\"@graph\":[{\"@type\":\"Article\",\"@id\":\"https:\\\/\\\/www.organisator.ch\\\/management\\\/2025-03-19\\\/marco-marmo-wird-neuer-coo-und-mitglied-der-geschaeftsleitung-der-faigle-gruppe\\\/#article\",\"isPartOf\":{\"@id\":\"https:\\\/\\\/www.organisator.ch\\\/management\\\/2025-03-19\\\/marco-marmo-wird-neuer-coo-und-mitglied-der-geschaeftsleitung-der-faigle-gruppe\\\/\"},\"author\":{\"name\":\"Dzana Muminovic\",\"@id\":\"https:\\\/\\\/www.organisator.ch\\\/#\\\/schema\\\/person\\\/afccda3a71c06d4be2ed9100dd163db7\"},\"headline\":\"Marco Marmo wird neuer COO und Mitglied der Gesch\u00e4ftsleitung der Faigle Gruppe\",\"datePublished\":\"2025-03-19T09:41:44+00:00\",\"mainEntityOfPage\":{\"@id\":\"https:\\\/\\\/www.organisator.ch\\\/management\\\/2025-03-19\\\/marco-marmo-wird-neuer-coo-und-mitglied-der-geschaeftsleitung-der-faigle-gruppe\\\/\"},\"wordCount\":220,\"publisher\":{\"@id\":\"https:\\\/\\\/www.organisator.ch\\\/#organization\"},\"image\":{\"@id\":\"https:\\\/\\\/www.organisator.ch\\\/management\\\/2025-03-19\\\/marco-marmo-wird-neuer-coo-und-mitglied-der-geschaeftsleitung-der-faigle-gruppe\\\/#primaryimage\"},\"thumbnailUrl\":\"https:\\\/\\\/www.organisator.ch\\\/wp-content\\\/uploads\\\/2025\\\/03\\\/Faigle_Bild_ps.jpg\",\"keywords\":[\"COO\",\"Gesch\u00e4ftsleitung\",\"Management und Unternehmensf\u00fchrung\",\"Schweiz\",\"Wechsel\"],\"articleSection\":[\"MANAGEMENT\"],\"inLanguage\":\"de\"},{\"@type\":\"WebPage\",\"@id\":\"https:\\\/\\\/www.organisator.ch\\\/management\\\/2025-03-19\\\/marco-marmo-wird-neuer-coo-und-mitglied-der-geschaeftsleitung-der-faigle-gruppe\\\/\",\"url\":\"https:\\\/\\\/www.organisator.ch\\\/management\\\/2025-03-19\\\/marco-marmo-wird-neuer-coo-und-mitglied-der-geschaeftsleitung-der-faigle-gruppe\\\/\",\"name\":\"Marco Marmo wird neuer COO und Mitglied der Gesch\u00e4ftsleitung der Faigle Gruppe - Organisator\",\"isPartOf\":{\"@id\":\"https:\\\/\\\/www.organisator.ch\\\/#website\"},\"primaryImageOfPage\":{\"@id\":\"https:\\\/\\\/www.organisator.ch\\\/management\\\/2025-03-19\\\/marco-marmo-wird-neuer-coo-und-mitglied-der-geschaeftsleitung-der-faigle-gruppe\\\/#primaryimage\"},\"image\":{\"@id\":\"https:\\\/\\\/www.organisator.ch\\\/management\\\/2025-03-19\\\/marco-marmo-wird-neuer-coo-und-mitglied-der-geschaeftsleitung-der-faigle-gruppe\\\/#primaryimage\"},\"thumbnailUrl\":\"https:\\\/\\\/www.organisator.ch\\\/wp-content\\\/uploads\\\/2025\\\/03\\\/Faigle_Bild_ps.jpg\",\"datePublished\":\"2025-03-19T09:41:44+00:00\",\"description\":\"Marco Marmo wird am 17. M\u00e4rz 2025 neuer COO der Faigle Gruppe und treibt Prozessoptimierung sowie Digitalisierung voran.\",\"breadcrumb\":{\"@id\":\"https:\\\/\\\/www.organisator.ch\\\/management\\\/2025-03-19\\\/marco-marmo-wird-neuer-coo-und-mitglied-der-geschaeftsleitung-der-faigle-gruppe\\\/#breadcrumb\"},\"inLanguage\":\"de\",\"potentialAction\":[{\"@type\":\"ReadAction\",\"target\":[\"https:\\\/\\\/www.organisator.ch\\\/management\\\/2025-03-19\\\/marco-marmo-wird-neuer-coo-und-mitglied-der-geschaeftsleitung-der-faigle-gruppe\\\/\"]}]},{\"@type\":\"ImageObject\",\"inLanguage\":\"de\",\"@id\":\"https:\\\/\\\/www.organisator.ch\\\/management\\\/2025-03-19\\\/marco-marmo-wird-neuer-coo-und-mitglied-der-geschaeftsleitung-der-faigle-gruppe\\\/#primaryimage\",\"url\":\"https:\\\/\\\/www.organisator.ch\\\/wp-content\\\/uploads\\\/2025\\\/03\\\/Faigle_Bild_ps.jpg\",\"contentUrl\":\"https:\\\/\\\/www.organisator.ch\\\/wp-content\\\/uploads\\\/2025\\\/03\\\/Faigle_Bild_ps.jpg\",\"width\":680,\"height\":680,\"caption\":\"Marco Marmo wird am 17. M\u00e4rz 2025 neuer COO der Faigle Gruppe und treibt Prozessoptimierung sowie Digitalisierung voran. (Bild: Faigle)\"},{\"@type\":\"BreadcrumbList\",\"@id\":\"https:\\\/\\\/www.organisator.ch\\\/management\\\/2025-03-19\\\/marco-marmo-wird-neuer-coo-und-mitglied-der-geschaeftsleitung-der-faigle-gruppe\\\/#breadcrumb\",\"itemListElement\":[{\"@type\":\"ListItem\",\"position\":1,\"name\":\"Home\",\"item\":\"https:\\\/\\\/www.organisator.ch\\\/\"},{\"@type\":\"ListItem\",\"position\":2,\"name\":\"Marco Marmo wird neuer COO und Mitglied der Gesch\u00e4ftsleitung der Faigle Gruppe\"}]},{\"@type\":\"WebSite\",\"@id\":\"https:\\\/\\\/www.organisator.ch\\\/#website\",\"url\":\"https:\\\/\\\/www.organisator.ch\\\/\",\"name\":\"Organisator\",\"description\":\"Kompetent. Praxisnah. Der ORGANISATOR bereitet in 10 Ausgaben pro Jahr die wesentlichen Themen f\u00fcr F\u00fchrungskr\u00e4fte von KMU auf.\",\"publisher\":{\"@id\":\"https:\\\/\\\/www.organisator.ch\\\/#organization\"},\"potentialAction\":[{\"@type\":\"SearchAction\",\"target\":{\"@type\":\"EntryPoint\",\"urlTemplate\":\"https:\\\/\\\/www.organisator.ch\\\/?s={search_term_string}\"},\"query-input\":{\"@type\":\"PropertyValueSpecification\",\"valueRequired\":true,\"valueName\":\"search_term_string\"}}],\"inLanguage\":\"de\"},{\"@type\":\"Organization\",\"@id\":\"https:\\\/\\\/www.organisator.ch\\\/#organization\",\"name\":\"Organisator\",\"url\":\"https:\\\/\\\/www.organisator.ch\\\/\",\"logo\":{\"@type\":\"ImageObject\",\"inLanguage\":\"de\",\"@id\":\"https:\\\/\\\/www.organisator.ch\\\/#\\\/schema\\\/logo\\\/image\\\/\",\"url\":\"https:\\\/\\\/www.organisator.ch\\\/wp-content\\\/uploads\\\/2022\\\/01\\\/Logo_Organisator_Website.png\",\"contentUrl\":\"https:\\\/\\\/www.organisator.ch\\\/wp-content\\\/uploads\\\/2022\\\/01\\\/Logo_Organisator_Website.png\",\"width\":800,\"height\":77,\"caption\":\"Organisator\"},\"image\":{\"@id\":\"https:\\\/\\\/www.organisator.ch\\\/#\\\/schema\\\/logo\\\/image\\\/\"},\"sameAs\":[\"https:\\\/\\\/www.facebook.com\\\/OrganisatorFachmagazin\",\"https:\\\/\\\/www.linkedin.com\\\/showcase\\\/organisator-das-magazin-fr-kmu\",\"https:\\\/\\\/www.xing.com\\\/news\\\/pages\\\/organisator-ch-695\",\"https:\\\/\\\/www.youtube.com\\\/channel\\\/UCGP2Sq0iWaZwT3BdIAQFYpw\"]},{\"@type\":\"Person\",\"@id\":\"https:\\\/\\\/www.organisator.ch\\\/#\\\/schema\\\/person\\\/afccda3a71c06d4be2ed9100dd163db7\",\"name\":\"Dzana Muminovic\",\"image\":{\"@type\":\"ImageObject\",\"inLanguage\":\"de\",\"@id\":\"https:\\\/\\\/secure.gravatar.com\\\/avatar\\\/909c5c71aff4b38e88686f2ab2f1ba152571f394f41ed8bae431ea56ced93050?s=96&d=mm&r=g\",\"url\":\"https:\\\/\\\/secure.gravatar.com\\\/avatar\\\/909c5c71aff4b38e88686f2ab2f1ba152571f394f41ed8bae431ea56ced93050?s=96&d=mm&r=g\",\"contentUrl\":\"https:\\\/\\\/secure.gravatar.com\\\/avatar\\\/909c5c71aff4b38e88686f2ab2f1ba152571f394f41ed8bae431ea56ced93050?s=96&d=mm&r=g\",\"caption\":\"Dzana Muminovic\"},\"url\":\"https:\\\/\\\/www.organisator.ch\\\/de\\\/author\\\/dzana-muminovic\\\/\"}]}<\/script>\n<!-- \/ Yoast SEO plugin. -->","yoast_head_json":{"title":"Marco Marmo wird neuer COO und Mitglied der Gesch\u00e4ftsleitung der Faigle Gruppe - Organisator","description":"Marco Marmo wird am 17. M\u00e4rz 2025 neuer COO der Faigle Gruppe und treibt Prozessoptimierung sowie Digitalisierung voran.","robots":{"index":"index","follow":"follow","max-snippet":"max-snippet:-1","max-image-preview":"max-image-preview:large","max-video-preview":"max-video-preview:-1"},"canonical":"https:\/\/www.organisator.ch\/de\/management\/2025-03-19\/marco-marmo-wird-neuer-coo-und-mitglied-der-geschaeftsleitung-der-faigle-gruppe\/","og_locale":"de_DE","og_type":"article","og_title":"Marco Marmo wird neuer COO","og_description":"Marco Marmo wird am 17. M\u00e4rz 2025 neuer COO der Faigle Gruppe und treibt Prozessoptimierung sowie Digitalisierung voran.","og_url":"https:\/\/www.organisator.ch\/de\/management\/2025-03-19\/marco-marmo-wird-neuer-coo-und-mitglied-der-geschaeftsleitung-der-faigle-gruppe\/","og_site_name":"Organisator","article_publisher":"https:\/\/www.facebook.com\/OrganisatorFachmagazin","article_published_time":"2025-03-19T09:41:44+00:00","og_image":[{"width":680,"height":680,"url":"https:\/\/www.organisator.ch\/wp-content\/uploads\/2025\/03\/Faigle_Bild_ps.jpg","type":"image\/jpeg"}],"author":"Dzana Muminovic","twitter_card":"summary_large_image","twitter_title":"Marco Marmo wird neuer COO","twitter_description":"#Marco #Marmo wird am 17. M\u00e4rz 2025 neuer #COO der #Faigle #Gruppe und treibt #Prozessoptimierung sowie #Digitalisierung voran.","twitter_image":"https:\/\/www.organisator.ch\/wp-content\/uploads\/2025\/03\/Faigle_Bild_ps.jpg","schema":{"@context":"https:\/\/schema.org","@graph":[{"@type":"Article","@id":"https:\/\/www.organisator.ch\/management\/2025-03-19\/marco-marmo-wird-neuer-coo-und-mitglied-der-geschaeftsleitung-der-faigle-gruppe\/#article","isPartOf":{"@id":"https:\/\/www.organisator.ch\/management\/2025-03-19\/marco-marmo-wird-neuer-coo-und-mitglied-der-geschaeftsleitung-der-faigle-gruppe\/"},"author":{"name":"Dzana Muminovic","@id":"https:\/\/www.organisator.ch\/#\/schema\/person\/afccda3a71c06d4be2ed9100dd163db7"},"headline":"Marco Marmo wird neuer COO und Mitglied der Gesch\u00e4ftsleitung der Faigle Gruppe","datePublished":"2025-03-19T09:41:44+00:00","mainEntityOfPage":{"@id":"https:\/\/www.organisator.ch\/management\/2025-03-19\/marco-marmo-wird-neuer-coo-und-mitglied-der-geschaeftsleitung-der-faigle-gruppe\/"},"wordCount":220,"publisher":{"@id":"https:\/\/www.organisator.ch\/#organization"},"image":{"@id":"https:\/\/www.organisator.ch\/management\/2025-03-19\/marco-marmo-wird-neuer-coo-und-mitglied-der-geschaeftsleitung-der-faigle-gruppe\/#primaryimage"},"thumbnailUrl":"https:\/\/www.organisator.ch\/wp-content\/uploads\/2025\/03\/Faigle_Bild_ps.jpg","keywords":["COO","Gesch\u00e4ftsleitung","Management und Unternehmensf\u00fchrung","Schweiz","Wechsel"],"articleSection":["MANAGEMENT"],"inLanguage":"de"},{"@type":"WebPage","@id":"https:\/\/www.organisator.ch\/management\/2025-03-19\/marco-marmo-wird-neuer-coo-und-mitglied-der-geschaeftsleitung-der-faigle-gruppe\/","url":"https:\/\/www.organisator.ch\/management\/2025-03-19\/marco-marmo-wird-neuer-coo-und-mitglied-der-geschaeftsleitung-der-faigle-gruppe\/","name":"Marco Marmo wird neuer COO und Mitglied der Gesch\u00e4ftsleitung der Faigle Gruppe - Organisator","isPartOf":{"@id":"https:\/\/www.organisator.ch\/#website"},"primaryImageOfPage":{"@id":"https:\/\/www.organisator.ch\/management\/2025-03-19\/marco-marmo-wird-neuer-coo-und-mitglied-der-geschaeftsleitung-der-faigle-gruppe\/#primaryimage"},"image":{"@id":"https:\/\/www.organisator.ch\/management\/2025-03-19\/marco-marmo-wird-neuer-coo-und-mitglied-der-geschaeftsleitung-der-faigle-gruppe\/#primaryimage"},"thumbnailUrl":"https:\/\/www.organisator.ch\/wp-content\/uploads\/2025\/03\/Faigle_Bild_ps.jpg","datePublished":"2025-03-19T09:41:44+00:00","description":"Marco Marmo wird am 17. M\u00e4rz 2025 neuer COO der Faigle Gruppe und treibt Prozessoptimierung sowie Digitalisierung voran.","breadcrumb":{"@id":"https:\/\/www.organisator.ch\/management\/2025-03-19\/marco-marmo-wird-neuer-coo-und-mitglied-der-geschaeftsleitung-der-faigle-gruppe\/#breadcrumb"},"inLanguage":"de","potentialAction":[{"@type":"ReadAction","target":["https:\/\/www.organisator.ch\/management\/2025-03-19\/marco-marmo-wird-neuer-coo-und-mitglied-der-geschaeftsleitung-der-faigle-gruppe\/"]}]},{"@type":"ImageObject","inLanguage":"de","@id":"https:\/\/www.organisator.ch\/management\/2025-03-19\/marco-marmo-wird-neuer-coo-und-mitglied-der-geschaeftsleitung-der-faigle-gruppe\/#primaryimage","url":"https:\/\/www.organisator.ch\/wp-content\/uploads\/2025\/03\/Faigle_Bild_ps.jpg","contentUrl":"https:\/\/www.organisator.ch\/wp-content\/uploads\/2025\/03\/Faigle_Bild_ps.jpg","width":680,"height":680,"caption":"Marco Marmo wird am 17. M\u00e4rz 2025 neuer COO der Faigle Gruppe und treibt Prozessoptimierung sowie Digitalisierung voran. (Bild: Faigle)"},{"@type":"BreadcrumbList","@id":"https:\/\/www.organisator.ch\/management\/2025-03-19\/marco-marmo-wird-neuer-coo-und-mitglied-der-geschaeftsleitung-der-faigle-gruppe\/#breadcrumb","itemListElement":[{"@type":"ListItem","position":1,"name":"Home","item":"https:\/\/www.organisator.ch\/"},{"@type":"ListItem","position":2,"name":"Marco Marmo wird neuer COO und Mitglied der Gesch\u00e4ftsleitung der Faigle Gruppe"}]},{"@type":"WebSite","@id":"https:\/\/www.organisator.ch\/#website","url":"https:\/\/www.organisator.ch\/","name":"Organisator","description":"Kompetent. Praxisnah. Der ORGANISATOR bereitet in 10 Ausgaben pro Jahr die wesentlichen Themen f\u00fcr F\u00fchrungskr\u00e4fte von KMU auf.","publisher":{"@id":"https:\/\/www.organisator.ch\/#organization"},"potentialAction":[{"@type":"SearchAction","target":{"@type":"EntryPoint","urlTemplate":"https:\/\/www.organisator.ch\/?s={search_term_string}"},"query-input":{"@type":"PropertyValueSpecification","valueRequired":true,"valueName":"search_term_string"}}],"inLanguage":"de"},{"@type":"Organization","@id":"https:\/\/www.organisator.ch\/#organization","name":"Organisator","url":"https:\/\/www.organisator.ch\/","logo":{"@type":"ImageObject","inLanguage":"de","@id":"https:\/\/www.organisator.ch\/#\/schema\/logo\/image\/","url":"https:\/\/www.organisator.ch\/wp-content\/uploads\/2022\/01\/Logo_Organisator_Website.png","contentUrl":"https:\/\/www.organisator.ch\/wp-content\/uploads\/2022\/01\/Logo_Organisator_Website.png","width":800,"height":77,"caption":"Organisator"},"image":{"@id":"https:\/\/www.organisator.ch\/#\/schema\/logo\/image\/"},"sameAs":["https:\/\/www.facebook.com\/OrganisatorFachmagazin","https:\/\/www.linkedin.com\/showcase\/organisator-das-magazin-fr-kmu","https:\/\/www.xing.com\/news\/pages\/organisator-ch-695","https:\/\/www.youtube.com\/channel\/UCGP2Sq0iWaZwT3BdIAQFYpw"]},{"@type":"Person","@id":"https:\/\/www.organisator.ch\/#\/schema\/person\/afccda3a71c06d4be2ed9100dd163db7","name":"Dzana Muminovic","image":{"@type":"ImageObject","inLanguage":"de","@id":"https:\/\/secure.gravatar.com\/avatar\/909c5c71aff4b38e88686f2ab2f1ba152571f394f41ed8bae431ea56ced93050?s=96&d=mm&r=g","url":"https:\/\/secure.gravatar.com\/avatar\/909c5c71aff4b38e88686f2ab2f1ba152571f394f41ed8bae431ea56ced93050?s=96&d=mm&r=g","contentUrl":"https:\/\/secure.gravatar.com\/avatar\/909c5c71aff4b38e88686f2ab2f1ba152571f394f41ed8bae431ea56ced93050?s=96&d=mm&r=g","caption":"Dzana Muminovic"},"url":"https:\/\/www.organisator.ch\/de\/author\/dzana-muminovic\/"}]}},"_links":{"self":[{"href":"https:\/\/www.organisator.ch\/de\/wp-json\/wp\/v2\/posts\/37008","targetHints":{"allow":["GET"]}}],"collection":[{"href":"https:\/\/www.organisator.ch\/de\/wp-json\/wp\/v2\/posts"}],"about":[{"href":"https:\/\/www.organisator.ch\/de\/wp-json\/wp\/v2\/types\/post"}],"author":[{"embeddable":true,"href":"https:\/\/www.organisator.ch\/de\/wp-json\/wp\/v2\/users\/80"}],"replies":[{"embeddable":true,"href":"https:\/\/www.organisator.ch\/de\/wp-json\/wp\/v2\/comments?post=37008"}],"version-history":[{"count":4,"href":"https:\/\/www.organisator.ch\/de\/wp-json\/wp\/v2\/posts\/37008\/revisions"}],"predecessor-version":[{"id":37037,"href":"https:\/\/www.organisator.ch\/de\/wp-json\/wp\/v2\/posts\/37008\/revisions\/37037"}],"wp:featuredmedia":[{"embeddable":true,"href":"https:\/\/www.organisator.ch\/de\/wp-json\/wp\/v2\/media\/37010"}],"wp:attachment":[{"href":"https:\/\/www.organisator.ch\/de\/wp-json\/wp\/v2\/media?parent=37008"}],"wp:term":[{"taxonomy":"category","embeddable":true,"href":"https:\/\/www.organisator.ch\/de\/wp-json\/wp\/v2\/categories?post=37008"},{"taxonomy":"post_tag","embeddable":true,"href":"https:\/\/www.organisator.ch\/de\/wp-json\/wp\/v2\/tags?post=37008"}],"curies":[{"name":"wp","href":"https:\/\/api.w.org\/{rel}","templated":true}]}}