{"id":3703,"date":"2018-06-08T13:30:15","date_gmt":"2018-06-08T11:30:15","guid":{"rendered":"https:\/\/www.organisator.ch\/?p=3703"},"modified":"2018-06-08T13:30:15","modified_gmt":"2018-06-08T11:30:15","slug":"langes-sitzen-goennen-sie-sich-eine-pause-stehen-sie-auf","status":"publish","type":"post","link":"https:\/\/www.organisator.ch\/de\/human-resources\/fit_im_job\/2018-06-08\/langes-sitzen-goennen-sie-sich-eine-pause-stehen-sie-auf\/","title":{"rendered":"Langes Sitzen: G\u00f6nnen Sie sich eine Pause \u2013 stehen Sie auf"},"content":{"rendered":"<figure id=\"attachment_3705\" aria-describedby=\"caption-attachment-3705\" style=\"width: 680px\" class=\"wp-caption alignnone\"><img loading=\"lazy\" decoding=\"async\" class=\"size-medium wp-image-3705\" src=\"https:\/\/www.organisator.ch\/wp-content\/uploads\/2018\/05\/2018_06_Dossier_EKAS-Hof_Bild_1632650.jpg\" alt=\"&lt;li class=&quot;artikel_legende&quot;&gt;Ein Sitz-Stehtisch erm\u00f6glicht ergonomisches Arbeiten. Kann die Tischplatte nicht verstellt werden, empfiehlt es sich, eine Fussst\u00fctze zu verwenden.&lt;\/li&gt; \" width=\"680\" height=\"440\" srcset=\"https:\/\/www.organisator.ch\/wp-content\/uploads\/2018\/05\/2018_06_Dossier_EKAS-Hof_Bild_1632650.jpg 2000w, https:\/\/www.organisator.ch\/wp-content\/uploads\/2018\/05\/2018_06_Dossier_EKAS-Hof_Bild_1632650-680x440.jpg 680w, https:\/\/www.organisator.ch\/wp-content\/uploads\/2018\/05\/2018_06_Dossier_EKAS-Hof_Bild_1632650-1024x663.jpg 1024w, https:\/\/www.organisator.ch\/wp-content\/uploads\/2018\/05\/2018_06_Dossier_EKAS-Hof_Bild_1632650-768x497.jpg 768w, https:\/\/www.organisator.ch\/wp-content\/uploads\/2018\/05\/2018_06_Dossier_EKAS-Hof_Bild_1632650-1536x995.jpg 1536w, https:\/\/www.organisator.ch\/wp-content\/uploads\/2018\/05\/2018_06_Dossier_EKAS-Hof_Bild_1632650-16x10.jpg 16w, https:\/\/www.organisator.ch\/wp-content\/uploads\/2018\/05\/2018_06_Dossier_EKAS-Hof_Bild_1632650-270x175.jpg 270w, https:\/\/www.organisator.ch\/wp-content\/uploads\/2018\/05\/2018_06_Dossier_EKAS-Hof_Bild_1632650-541x350.jpg 541w, https:\/\/www.organisator.ch\/wp-content\/uploads\/2018\/05\/2018_06_Dossier_EKAS-Hof_Bild_1632650-1236x800.jpg 1236w, https:\/\/www.organisator.ch\/wp-content\/uploads\/2018\/05\/2018_06_Dossier_EKAS-Hof_Bild_1632650-920x596.jpg 920w, https:\/\/www.organisator.ch\/wp-content\/uploads\/2018\/05\/2018_06_Dossier_EKAS-Hof_Bild_1632650-1400x907.jpg 1400w, https:\/\/www.organisator.ch\/wp-content\/uploads\/2018\/05\/2018_06_Dossier_EKAS-Hof_Bild_1632650-300x194.jpg 300w\" sizes=\"auto, (max-width: 680px) 100vw, 680px\" \/><figcaption id=\"caption-attachment-3705\" class=\"wp-caption-text\">Ein Sitz-Stehtisch erm\u00f6glicht ergonomisches Arbeiten. Kann die Tischplatte nicht verstellt werden, empfiehlt es sich, eine Fussst\u00fctze zu verwenden. (Bild: EKAS)<\/figcaption><\/figure>\n<p>Was macht eine so allt\u00e4gliche, unaufgeregte Sache wie das Sitzen zu einem potenziellen Risiko f\u00fcr unsere Gesundheit und Leistungsf\u00e4higkeit? Die fehlende Bewegung sorgt f\u00fcr einen langsameren Blutfluss, welcher dem Gehirn weniger Sauerstoff zuf\u00fchrt. Das Ergebnis: Der Sitzende f\u00fchlt sich m\u00fcde, hat Wahrnehmungsverluste, die Konzentration und Gehirnleistung lassen nach. Durch den langsameren Blutfluss verklebt das Blut zudem schneller. Das Risiko f\u00fcr Bluthochdruck, Herz- und Gef\u00e4sserkrankungen steigt. Eine weitere Folge von zu langem Sitzen ist die Muskelerschlaffung. Im R\u00fccken zeigt sich diese durch Schmerzen. Zudem verliert die Wir\u00ad\u00adbel\u00ads\u00e4ule an Beweglichkeit und Stabilit\u00e4t. Doch damit nicht genug: Durch die Instabilit\u00e4t der R\u00fcckenmuskulatur erschlafft schliesslich auch die Bauchmuskulatur, was unter anderem zu Stoffwechselst\u00f6rungen und Gewichtszunahme f\u00fchren kann.<\/p>\n<h2><strong>Kann man dies mit Sport kompensieren? <\/strong><\/h2>\n<p>Wenn man die sitzende T\u00e4tigkeit nicht regelm\u00e4ssig unterbricht, wird das Sitzen zum Gesundheitsrisiko. Dann kann \u2013 entgegen der weit verbreiteten Meinung \u2013 auch Sport am Feierabend den \u00abSitz-Tag\u00bb nicht mehr kompensieren. Die Folgen k\u00f6nnen Kopf-, Nacken- und R\u00fcckenschmerzen sein. Aber auch das Risiko f\u00fcr Langzeitfolgen wie chronische Krankheiten und Gewichtszu\u00adnahme wird pro Stunde im Sitzen bei M\u00e4nnern um 12\u2009% erh\u00f6ht, bei Frauen sogar um 26\u2009%.<\/p>\n<p>Doch die meisten von uns kommen im Beruf nicht ohne Sitzen aus. Kein Grund zu verzweifeln: Abgesehen von externen Faktoren, wie die B\u00fcroeinrichtung, k\u00f6nnen Sie sich selber mit einfachen, aber effektiven Tricks sch\u00fctzen. Das Wichtigste dabei ist, das Sitzen so oft wie m\u00f6glich zu unterbrechen.<\/p>\n<ol>\n<li><strong>Erledigen Sie kleine Aufgaben stehend: <\/strong>Auch wenn Sie noch nicht zu den gl\u00fccklichen Besitzern eines h\u00f6hen\u00adverstellbaren Sitz-Stehtisches geh\u00f6ren, lassen Sie sich nicht vom Arbeiten im Stehen abhalten. Wieso nicht mal stehend telefonieren?<\/li>\n<li><strong>Nehmen Sie die Treppen anstelle des Lifts:<\/strong> Ob bei der Suche nach Kollegen, unterwegs zum Meeting oder auf dem Weg in die Mittagspause: W\u00e4hlen Sie bewusst die Treppe anstelle des Lifts.<\/li>\n<li><strong>Verbannen Sie Drucker &amp; Co. in einen anderen Raum: <\/strong>Es kann durchaus sinnvoll sein, Gegenst\u00e4nde wie B\u00fcromaterialien, Ordnerablagen, Teekocher oder Drucker in einem anderen Raum zu platzieren. So haben Sie einerseits weniger st\u00f6rende Ger\u00e4usche im eigenen Raum, verhindern im Falle des Druckers die Reizung der Atemwege durch Tonerstaub und zwingen sich zudem sanft zum regelm\u00e4ssigen Aufstehen.<\/li>\n<li><strong>Bringen Sie Bewegung in Ihre Meetings:<\/strong> Wer hat gesagt, dass Meetings immer sitzend abgehalten werden m\u00fcssen? Neue Formen wie Steh- oder Spaziermeetings bringen nicht nur Bewegung in den vom Sitzen gepr\u00e4gten Tag, sondern auch in die Meetings. Stehmeetings sind in der Regel effizienter und darum oft auch schneller beendet.<\/li>\n<\/ol>\n<h2><strong>Wenn schon sitzen, dann richtig <\/strong><\/h2>\n<p>Neben dem Vermeiden von zu langem Sitzen sollte auch die richtige Einstellung der B\u00fcrom\u00f6bel nicht vergessen werden. Ein guter B\u00fcrostuhl l\u00e4sst sich auf die pers\u00f6nlichen Bed\u00fcrfnisse seines Nutzers an\u00adpassen. Auch Bildschirme und die Position von Tastatur und Maus lassen sich leicht ver\u00e4ndern. Oft tendieren wir dazu, den Arbeitsplatz so zu benutzen, wie wir ihn vorgefunden \u00adhaben. Dabei w\u00e4re es eine Sache von f\u00fcnf Minuten, den Arbeitsplatz auf die eigenen Bed\u00fcrfnisse anzupassen.<\/p>\n<p>Die hier erw\u00e4hnten und weitere Tipps zu Gesundheit und Sicherheit am B\u00fcroarbeitsplatz stellt die Eidgen\u00f6ssische Koordinationskommis\u00adsion f\u00fcr Arbeitssicherheit EKAS kostenlos mit der Aktion \u00abPr\u00e4vention im B\u00fcro\u00bb zur Verf\u00fcgung: <a href=\"http:\/\/www.pr\u00e4vention-im-b\u00fcro.ch\">www.pr\u00e4vention-im-b\u00fcro.ch<\/a>.<\/p>\n<p><em>Autor: Urs Hof ist Mitglied der Begleitgruppe der Aktion &#8222;Pr\u00e4vention im B\u00fcro&#8220; der Eidgen\u00f6ssischen Koordinationskommission f\u00fcr Arbeitssicherheit EKAS. <a href=\"http:\/\/www.ekas.ch\">www.ekas.ch<\/a><\/em><\/p>\n","protected":false},"excerpt":{"rendered":"<p>Was macht eine so allt\u00e4gliche, unaufgeregte Sache wie das Sitzen zu einem potenziellen Risiko f\u00fcr unsere Gesundheit und Leistungsf\u00e4higkeit? Die fehlende Bewegung sorgt f\u00fcr einen langsameren Blutfluss, welcher dem Gehirn weniger Sauerstoff zuf\u00fchrt. Das Ergebnis: Der Sitzende f\u00fchlt sich m\u00fcde, hat Wahrnehmungsverluste, die Konzentration und Gehirnleistung lassen nach. Durch den langsameren Blutfluss verklebt das Blut [&hellip;]<\/p>\n","protected":false},"author":7,"featured_media":3705,"comment_status":"open","ping_status":"open","sticky":false,"template":"","format":"standard","meta":{"_acf_changed":false,"_yoast_wpseo_focuskw":"Sitzen","_yoast_wpseo_metadesc":"Ein erwachsener Mensch verbringt wochentags zehn bis elf Stunden sitzend. Dass dieses lange Sitzen zum ernsthaften Gesundheitsrisiko mit Folgen wie Nackenverspannungen, R\u00fcckenschmerzen und chronischen Krankheiten werden kann, stimmt nachdenklich.","articlekey":"","footnotes":""},"categories":[25],"tags":[51,77,115,178],"class_list":["post-3703","post","type-post","status-publish","format-standard","has-post-thumbnail","hentry","category-fit_im_job","tag-arbeitsplatzgestaltung","tag-betriebliches-gesundheitsmanagement","tag-checklisten","tag-ergonomie"],"acf":[],"yoast_head":"<!-- This site is optimized with the Yoast SEO plugin v27.5 - https:\/\/yoast.com\/product\/yoast-seo-wordpress\/ -->\n<title>Langes Sitzen: G\u00f6nnen Sie sich eine Pause \u2013 stehen Sie auf - Organisator<\/title>\n<meta name=\"description\" content=\"Ein erwachsener Mensch verbringt wochentags zehn bis elf Stunden sitzend. Dass dieses lange Sitzen zum ernsthaften Gesundheitsrisiko mit Folgen wie Nackenverspannungen, R\u00fcckenschmerzen und chronischen Krankheiten werden kann, stimmt nachdenklich.\" \/>\n<meta name=\"robots\" content=\"index, follow, max-snippet:-1, max-image-preview:large, max-video-preview:-1\" \/>\n<link rel=\"canonical\" href=\"https:\/\/www.organisator.ch\/de\/human-resources\/fit_im_job\/2018-06-08\/langes-sitzen-goennen-sie-sich-eine-pause-stehen-sie-auf\/\" \/>\n<meta property=\"og:locale\" content=\"de_DE\" \/>\n<meta property=\"og:type\" content=\"article\" \/>\n<meta property=\"og:title\" content=\"Langes Sitzen: G\u00f6nnen Sie sich eine Pause \u2013 stehen Sie auf - Organisator\" \/>\n<meta property=\"og:description\" content=\"Ein erwachsener Mensch verbringt wochentags zehn bis elf Stunden sitzend. Dass dieses lange #Sitzen zum ernsthaften #Gesundheitsrisiko mit Folgen wie #Nackenverspannungen, #R\u00fcckenschmerzen und chronischen Krankheiten werden kann, stimmt nachdenklich.\" \/>\n<meta property=\"og:url\" content=\"https:\/\/www.organisator.ch\/de\/human-resources\/fit_im_job\/2018-06-08\/langes-sitzen-goennen-sie-sich-eine-pause-stehen-sie-auf\/\" \/>\n<meta property=\"og:site_name\" content=\"Organisator\" \/>\n<meta property=\"article:publisher\" content=\"https:\/\/www.facebook.com\/OrganisatorFachmagazin\" \/>\n<meta property=\"article:published_time\" content=\"2018-06-08T11:30:15+00:00\" \/>\n<meta property=\"og:image\" content=\"https:\/\/www.organisator.ch\/wp-content\/uploads\/2018\/05\/2018_06_Dossier_EKAS-Hof_Bild_1632650.jpg\" \/>\n\t<meta property=\"og:image:width\" content=\"2000\" \/>\n\t<meta property=\"og:image:height\" content=\"1295\" \/>\n\t<meta property=\"og:image:type\" content=\"image\/jpeg\" \/>\n<meta name=\"author\" content=\"K4-Import\" \/>\n<meta name=\"twitter:card\" content=\"summary_large_image\" \/>\n<meta name=\"twitter:title\" content=\"Langes #Sitzen: G\u00f6nnen Sie sich eine #Pause \u2013 stehen Sie auf\" \/>\n<meta name=\"twitter:description\" content=\"Ein erwachsener Mensch verbringt wochentags zehn bis elf Stunden sitzend. Dass dieses lange #Sitzen zum ernsthaften #Gesundheitsrisiko mit Folgen wie #Nackenverspannungen, #R\u00fcckenschmerzen und chronischen Krankheiten werden kann, stimmt nachdenklich.\" \/>\n<meta name=\"twitter:image\" content=\"https:\/\/www.organisator.ch\/wp-content\/uploads\/2018\/05\/2018_06_Dossier_EKAS-Hof_Bild_1632650.jpg\" \/>\n<script type=\"application\/ld+json\" class=\"yoast-schema-graph\">{\"@context\":\"https:\\\/\\\/schema.org\",\"@graph\":[{\"@type\":\"Article\",\"@id\":\"https:\\\/\\\/www.organisator.ch\\\/human-resources\\\/fit_im_job\\\/2018-06-08\\\/langes-sitzen-goennen-sie-sich-eine-pause-stehen-sie-auf\\\/#article\",\"isPartOf\":{\"@id\":\"https:\\\/\\\/www.organisator.ch\\\/human-resources\\\/fit_im_job\\\/2018-06-08\\\/langes-sitzen-goennen-sie-sich-eine-pause-stehen-sie-auf\\\/\"},\"author\":{\"name\":\"K4-Import\",\"@id\":\"https:\\\/\\\/www.organisator.ch\\\/#\\\/schema\\\/person\\\/dd8ffea01043c9c41d7718296a158fac\"},\"headline\":\"Langes Sitzen: G\u00f6nnen Sie sich eine Pause \u2013 stehen Sie auf\",\"datePublished\":\"2018-06-08T11:30:15+00:00\",\"mainEntityOfPage\":{\"@id\":\"https:\\\/\\\/www.organisator.ch\\\/human-resources\\\/fit_im_job\\\/2018-06-08\\\/langes-sitzen-goennen-sie-sich-eine-pause-stehen-sie-auf\\\/\"},\"wordCount\":628,\"commentCount\":0,\"publisher\":{\"@id\":\"https:\\\/\\\/www.organisator.ch\\\/#organization\"},\"image\":{\"@id\":\"https:\\\/\\\/www.organisator.ch\\\/human-resources\\\/fit_im_job\\\/2018-06-08\\\/langes-sitzen-goennen-sie-sich-eine-pause-stehen-sie-auf\\\/#primaryimage\"},\"thumbnailUrl\":\"https:\\\/\\\/www.organisator.ch\\\/wp-content\\\/uploads\\\/2018\\\/05\\\/2018_06_Dossier_EKAS-Hof_Bild_1632650.jpg\",\"keywords\":[\"Arbeitsplatzgestaltung\",\"Betriebliches Gesundheitsmanagement\",\"Checklisten\",\"Ergonomie\"],\"articleSection\":[\"FIT IM JOB\"],\"inLanguage\":\"de\"},{\"@type\":\"WebPage\",\"@id\":\"https:\\\/\\\/www.organisator.ch\\\/human-resources\\\/fit_im_job\\\/2018-06-08\\\/langes-sitzen-goennen-sie-sich-eine-pause-stehen-sie-auf\\\/\",\"url\":\"https:\\\/\\\/www.organisator.ch\\\/human-resources\\\/fit_im_job\\\/2018-06-08\\\/langes-sitzen-goennen-sie-sich-eine-pause-stehen-sie-auf\\\/\",\"name\":\"Langes Sitzen: G\u00f6nnen Sie sich eine Pause \u2013 stehen Sie auf - Organisator\",\"isPartOf\":{\"@id\":\"https:\\\/\\\/www.organisator.ch\\\/#website\"},\"primaryImageOfPage\":{\"@id\":\"https:\\\/\\\/www.organisator.ch\\\/human-resources\\\/fit_im_job\\\/2018-06-08\\\/langes-sitzen-goennen-sie-sich-eine-pause-stehen-sie-auf\\\/#primaryimage\"},\"image\":{\"@id\":\"https:\\\/\\\/www.organisator.ch\\\/human-resources\\\/fit_im_job\\\/2018-06-08\\\/langes-sitzen-goennen-sie-sich-eine-pause-stehen-sie-auf\\\/#primaryimage\"},\"thumbnailUrl\":\"https:\\\/\\\/www.organisator.ch\\\/wp-content\\\/uploads\\\/2018\\\/05\\\/2018_06_Dossier_EKAS-Hof_Bild_1632650.jpg\",\"datePublished\":\"2018-06-08T11:30:15+00:00\",\"description\":\"Ein erwachsener Mensch verbringt wochentags zehn bis elf Stunden sitzend. Dass dieses lange Sitzen zum ernsthaften Gesundheitsrisiko mit Folgen wie Nackenverspannungen, R\u00fcckenschmerzen und chronischen Krankheiten werden kann, stimmt nachdenklich.\",\"breadcrumb\":{\"@id\":\"https:\\\/\\\/www.organisator.ch\\\/human-resources\\\/fit_im_job\\\/2018-06-08\\\/langes-sitzen-goennen-sie-sich-eine-pause-stehen-sie-auf\\\/#breadcrumb\"},\"inLanguage\":\"de\",\"potentialAction\":[{\"@type\":\"ReadAction\",\"target\":[\"https:\\\/\\\/www.organisator.ch\\\/human-resources\\\/fit_im_job\\\/2018-06-08\\\/langes-sitzen-goennen-sie-sich-eine-pause-stehen-sie-auf\\\/\"]}]},{\"@type\":\"ImageObject\",\"inLanguage\":\"de\",\"@id\":\"https:\\\/\\\/www.organisator.ch\\\/human-resources\\\/fit_im_job\\\/2018-06-08\\\/langes-sitzen-goennen-sie-sich-eine-pause-stehen-sie-auf\\\/#primaryimage\",\"url\":\"https:\\\/\\\/www.organisator.ch\\\/wp-content\\\/uploads\\\/2018\\\/05\\\/2018_06_Dossier_EKAS-Hof_Bild_1632650.jpg\",\"contentUrl\":\"https:\\\/\\\/www.organisator.ch\\\/wp-content\\\/uploads\\\/2018\\\/05\\\/2018_06_Dossier_EKAS-Hof_Bild_1632650.jpg\",\"width\":2000,\"height\":1295,\"caption\":\"Ein Sitz-Stehtisch erm\u00f6glicht ergonomisches Arbeiten. Kann die Tischplatte nicht verstellt werden, empfiehlt es sich, eine Fussst\u00fctze zu verwenden. (Bild: EKAS)\"},{\"@type\":\"BreadcrumbList\",\"@id\":\"https:\\\/\\\/www.organisator.ch\\\/human-resources\\\/fit_im_job\\\/2018-06-08\\\/langes-sitzen-goennen-sie-sich-eine-pause-stehen-sie-auf\\\/#breadcrumb\",\"itemListElement\":[{\"@type\":\"ListItem\",\"position\":1,\"name\":\"Home\",\"item\":\"https:\\\/\\\/www.organisator.ch\\\/\"},{\"@type\":\"ListItem\",\"position\":2,\"name\":\"Langes Sitzen: G\u00f6nnen Sie sich eine Pause \u2013 stehen Sie auf\"}]},{\"@type\":\"WebSite\",\"@id\":\"https:\\\/\\\/www.organisator.ch\\\/#website\",\"url\":\"https:\\\/\\\/www.organisator.ch\\\/\",\"name\":\"Organisator\",\"description\":\"Kompetent. Praxisnah. Der ORGANISATOR bereitet in 10 Ausgaben pro Jahr die wesentlichen Themen f\u00fcr F\u00fchrungskr\u00e4fte von KMU auf.\",\"publisher\":{\"@id\":\"https:\\\/\\\/www.organisator.ch\\\/#organization\"},\"potentialAction\":[{\"@type\":\"SearchAction\",\"target\":{\"@type\":\"EntryPoint\",\"urlTemplate\":\"https:\\\/\\\/www.organisator.ch\\\/?s={search_term_string}\"},\"query-input\":{\"@type\":\"PropertyValueSpecification\",\"valueRequired\":true,\"valueName\":\"search_term_string\"}}],\"inLanguage\":\"de\"},{\"@type\":\"Organization\",\"@id\":\"https:\\\/\\\/www.organisator.ch\\\/#organization\",\"name\":\"Organisator\",\"url\":\"https:\\\/\\\/www.organisator.ch\\\/\",\"logo\":{\"@type\":\"ImageObject\",\"inLanguage\":\"de\",\"@id\":\"https:\\\/\\\/www.organisator.ch\\\/#\\\/schema\\\/logo\\\/image\\\/\",\"url\":\"https:\\\/\\\/www.organisator.ch\\\/wp-content\\\/uploads\\\/2022\\\/01\\\/Logo_Organisator_Website.png\",\"contentUrl\":\"https:\\\/\\\/www.organisator.ch\\\/wp-content\\\/uploads\\\/2022\\\/01\\\/Logo_Organisator_Website.png\",\"width\":800,\"height\":77,\"caption\":\"Organisator\"},\"image\":{\"@id\":\"https:\\\/\\\/www.organisator.ch\\\/#\\\/schema\\\/logo\\\/image\\\/\"},\"sameAs\":[\"https:\\\/\\\/www.facebook.com\\\/OrganisatorFachmagazin\",\"https:\\\/\\\/www.linkedin.com\\\/showcase\\\/organisator-das-magazin-fr-kmu\",\"https:\\\/\\\/www.xing.com\\\/news\\\/pages\\\/organisator-ch-695\",\"https:\\\/\\\/www.youtube.com\\\/channel\\\/UCGP2Sq0iWaZwT3BdIAQFYpw\"]},{\"@type\":\"Person\",\"@id\":\"https:\\\/\\\/www.organisator.ch\\\/#\\\/schema\\\/person\\\/dd8ffea01043c9c41d7718296a158fac\",\"name\":\"K4-Import\",\"image\":{\"@type\":\"ImageObject\",\"inLanguage\":\"de\",\"@id\":\"https:\\\/\\\/secure.gravatar.com\\\/avatar\\\/73620ab7215a54b074cc226514e02ed65cb79211bbaee1eb49b63b57e58aaad6?s=96&d=mm&r=g\",\"url\":\"https:\\\/\\\/secure.gravatar.com\\\/avatar\\\/73620ab7215a54b074cc226514e02ed65cb79211bbaee1eb49b63b57e58aaad6?s=96&d=mm&r=g\",\"contentUrl\":\"https:\\\/\\\/secure.gravatar.com\\\/avatar\\\/73620ab7215a54b074cc226514e02ed65cb79211bbaee1eb49b63b57e58aaad6?s=96&d=mm&r=g\",\"caption\":\"K4-Import\"},\"url\":\"https:\\\/\\\/www.organisator.ch\\\/de\\\/author\\\/k4-import\\\/\"}]}<\/script>\n<!-- \/ Yoast SEO plugin. -->","yoast_head_json":{"title":"Langes Sitzen: G\u00f6nnen Sie sich eine Pause \u2013 stehen Sie auf - Organisator","description":"Ein erwachsener Mensch verbringt wochentags zehn bis elf Stunden sitzend. Dass dieses lange Sitzen zum ernsthaften Gesundheitsrisiko mit Folgen wie Nackenverspannungen, R\u00fcckenschmerzen und chronischen Krankheiten werden kann, stimmt nachdenklich.","robots":{"index":"index","follow":"follow","max-snippet":"max-snippet:-1","max-image-preview":"max-image-preview:large","max-video-preview":"max-video-preview:-1"},"canonical":"https:\/\/www.organisator.ch\/de\/human-resources\/fit_im_job\/2018-06-08\/langes-sitzen-goennen-sie-sich-eine-pause-stehen-sie-auf\/","og_locale":"de_DE","og_type":"article","og_title":"Langes Sitzen: G\u00f6nnen Sie sich eine Pause \u2013 stehen Sie auf - Organisator","og_description":"Ein erwachsener Mensch verbringt wochentags zehn bis elf Stunden sitzend. Dass dieses lange #Sitzen zum ernsthaften #Gesundheitsrisiko mit Folgen wie #Nackenverspannungen, #R\u00fcckenschmerzen und chronischen Krankheiten werden kann, stimmt nachdenklich.","og_url":"https:\/\/www.organisator.ch\/de\/human-resources\/fit_im_job\/2018-06-08\/langes-sitzen-goennen-sie-sich-eine-pause-stehen-sie-auf\/","og_site_name":"Organisator","article_publisher":"https:\/\/www.facebook.com\/OrganisatorFachmagazin","article_published_time":"2018-06-08T11:30:15+00:00","og_image":[{"width":2000,"height":1295,"url":"https:\/\/www.organisator.ch\/wp-content\/uploads\/2018\/05\/2018_06_Dossier_EKAS-Hof_Bild_1632650.jpg","type":"image\/jpeg"}],"author":"K4-Import","twitter_card":"summary_large_image","twitter_title":"Langes #Sitzen: G\u00f6nnen Sie sich eine #Pause \u2013 stehen Sie auf","twitter_description":"Ein erwachsener Mensch verbringt wochentags zehn bis elf Stunden sitzend. Dass dieses lange #Sitzen zum ernsthaften #Gesundheitsrisiko mit Folgen wie #Nackenverspannungen, #R\u00fcckenschmerzen und chronischen Krankheiten werden kann, stimmt nachdenklich.","twitter_image":"https:\/\/www.organisator.ch\/wp-content\/uploads\/2018\/05\/2018_06_Dossier_EKAS-Hof_Bild_1632650.jpg","schema":{"@context":"https:\/\/schema.org","@graph":[{"@type":"Article","@id":"https:\/\/www.organisator.ch\/human-resources\/fit_im_job\/2018-06-08\/langes-sitzen-goennen-sie-sich-eine-pause-stehen-sie-auf\/#article","isPartOf":{"@id":"https:\/\/www.organisator.ch\/human-resources\/fit_im_job\/2018-06-08\/langes-sitzen-goennen-sie-sich-eine-pause-stehen-sie-auf\/"},"author":{"name":"K4-Import","@id":"https:\/\/www.organisator.ch\/#\/schema\/person\/dd8ffea01043c9c41d7718296a158fac"},"headline":"Langes Sitzen: G\u00f6nnen Sie sich eine Pause \u2013 stehen Sie auf","datePublished":"2018-06-08T11:30:15+00:00","mainEntityOfPage":{"@id":"https:\/\/www.organisator.ch\/human-resources\/fit_im_job\/2018-06-08\/langes-sitzen-goennen-sie-sich-eine-pause-stehen-sie-auf\/"},"wordCount":628,"commentCount":0,"publisher":{"@id":"https:\/\/www.organisator.ch\/#organization"},"image":{"@id":"https:\/\/www.organisator.ch\/human-resources\/fit_im_job\/2018-06-08\/langes-sitzen-goennen-sie-sich-eine-pause-stehen-sie-auf\/#primaryimage"},"thumbnailUrl":"https:\/\/www.organisator.ch\/wp-content\/uploads\/2018\/05\/2018_06_Dossier_EKAS-Hof_Bild_1632650.jpg","keywords":["Arbeitsplatzgestaltung","Betriebliches Gesundheitsmanagement","Checklisten","Ergonomie"],"articleSection":["FIT IM JOB"],"inLanguage":"de"},{"@type":"WebPage","@id":"https:\/\/www.organisator.ch\/human-resources\/fit_im_job\/2018-06-08\/langes-sitzen-goennen-sie-sich-eine-pause-stehen-sie-auf\/","url":"https:\/\/www.organisator.ch\/human-resources\/fit_im_job\/2018-06-08\/langes-sitzen-goennen-sie-sich-eine-pause-stehen-sie-auf\/","name":"Langes Sitzen: G\u00f6nnen Sie sich eine Pause \u2013 stehen Sie auf - Organisator","isPartOf":{"@id":"https:\/\/www.organisator.ch\/#website"},"primaryImageOfPage":{"@id":"https:\/\/www.organisator.ch\/human-resources\/fit_im_job\/2018-06-08\/langes-sitzen-goennen-sie-sich-eine-pause-stehen-sie-auf\/#primaryimage"},"image":{"@id":"https:\/\/www.organisator.ch\/human-resources\/fit_im_job\/2018-06-08\/langes-sitzen-goennen-sie-sich-eine-pause-stehen-sie-auf\/#primaryimage"},"thumbnailUrl":"https:\/\/www.organisator.ch\/wp-content\/uploads\/2018\/05\/2018_06_Dossier_EKAS-Hof_Bild_1632650.jpg","datePublished":"2018-06-08T11:30:15+00:00","description":"Ein erwachsener Mensch verbringt wochentags zehn bis elf Stunden sitzend. Dass dieses lange Sitzen zum ernsthaften Gesundheitsrisiko mit Folgen wie Nackenverspannungen, R\u00fcckenschmerzen und chronischen Krankheiten werden kann, stimmt nachdenklich.","breadcrumb":{"@id":"https:\/\/www.organisator.ch\/human-resources\/fit_im_job\/2018-06-08\/langes-sitzen-goennen-sie-sich-eine-pause-stehen-sie-auf\/#breadcrumb"},"inLanguage":"de","potentialAction":[{"@type":"ReadAction","target":["https:\/\/www.organisator.ch\/human-resources\/fit_im_job\/2018-06-08\/langes-sitzen-goennen-sie-sich-eine-pause-stehen-sie-auf\/"]}]},{"@type":"ImageObject","inLanguage":"de","@id":"https:\/\/www.organisator.ch\/human-resources\/fit_im_job\/2018-06-08\/langes-sitzen-goennen-sie-sich-eine-pause-stehen-sie-auf\/#primaryimage","url":"https:\/\/www.organisator.ch\/wp-content\/uploads\/2018\/05\/2018_06_Dossier_EKAS-Hof_Bild_1632650.jpg","contentUrl":"https:\/\/www.organisator.ch\/wp-content\/uploads\/2018\/05\/2018_06_Dossier_EKAS-Hof_Bild_1632650.jpg","width":2000,"height":1295,"caption":"Ein Sitz-Stehtisch erm\u00f6glicht ergonomisches Arbeiten. Kann die Tischplatte nicht verstellt werden, empfiehlt es sich, eine Fussst\u00fctze zu verwenden. (Bild: EKAS)"},{"@type":"BreadcrumbList","@id":"https:\/\/www.organisator.ch\/human-resources\/fit_im_job\/2018-06-08\/langes-sitzen-goennen-sie-sich-eine-pause-stehen-sie-auf\/#breadcrumb","itemListElement":[{"@type":"ListItem","position":1,"name":"Home","item":"https:\/\/www.organisator.ch\/"},{"@type":"ListItem","position":2,"name":"Langes Sitzen: G\u00f6nnen Sie sich eine Pause \u2013 stehen Sie auf"}]},{"@type":"WebSite","@id":"https:\/\/www.organisator.ch\/#website","url":"https:\/\/www.organisator.ch\/","name":"Organisator","description":"Kompetent. Praxisnah. Der ORGANISATOR bereitet in 10 Ausgaben pro Jahr die wesentlichen Themen f\u00fcr F\u00fchrungskr\u00e4fte von KMU auf.","publisher":{"@id":"https:\/\/www.organisator.ch\/#organization"},"potentialAction":[{"@type":"SearchAction","target":{"@type":"EntryPoint","urlTemplate":"https:\/\/www.organisator.ch\/?s={search_term_string}"},"query-input":{"@type":"PropertyValueSpecification","valueRequired":true,"valueName":"search_term_string"}}],"inLanguage":"de"},{"@type":"Organization","@id":"https:\/\/www.organisator.ch\/#organization","name":"Organisator","url":"https:\/\/www.organisator.ch\/","logo":{"@type":"ImageObject","inLanguage":"de","@id":"https:\/\/www.organisator.ch\/#\/schema\/logo\/image\/","url":"https:\/\/www.organisator.ch\/wp-content\/uploads\/2022\/01\/Logo_Organisator_Website.png","contentUrl":"https:\/\/www.organisator.ch\/wp-content\/uploads\/2022\/01\/Logo_Organisator_Website.png","width":800,"height":77,"caption":"Organisator"},"image":{"@id":"https:\/\/www.organisator.ch\/#\/schema\/logo\/image\/"},"sameAs":["https:\/\/www.facebook.com\/OrganisatorFachmagazin","https:\/\/www.linkedin.com\/showcase\/organisator-das-magazin-fr-kmu","https:\/\/www.xing.com\/news\/pages\/organisator-ch-695","https:\/\/www.youtube.com\/channel\/UCGP2Sq0iWaZwT3BdIAQFYpw"]},{"@type":"Person","@id":"https:\/\/www.organisator.ch\/#\/schema\/person\/dd8ffea01043c9c41d7718296a158fac","name":"K4-Import","image":{"@type":"ImageObject","inLanguage":"de","@id":"https:\/\/secure.gravatar.com\/avatar\/73620ab7215a54b074cc226514e02ed65cb79211bbaee1eb49b63b57e58aaad6?s=96&d=mm&r=g","url":"https:\/\/secure.gravatar.com\/avatar\/73620ab7215a54b074cc226514e02ed65cb79211bbaee1eb49b63b57e58aaad6?s=96&d=mm&r=g","contentUrl":"https:\/\/secure.gravatar.com\/avatar\/73620ab7215a54b074cc226514e02ed65cb79211bbaee1eb49b63b57e58aaad6?s=96&d=mm&r=g","caption":"K4-Import"},"url":"https:\/\/www.organisator.ch\/de\/author\/k4-import\/"}]}},"_links":{"self":[{"href":"https:\/\/www.organisator.ch\/de\/wp-json\/wp\/v2\/posts\/3703","targetHints":{"allow":["GET"]}}],"collection":[{"href":"https:\/\/www.organisator.ch\/de\/wp-json\/wp\/v2\/posts"}],"about":[{"href":"https:\/\/www.organisator.ch\/de\/wp-json\/wp\/v2\/types\/post"}],"author":[{"embeddable":true,"href":"https:\/\/www.organisator.ch\/de\/wp-json\/wp\/v2\/users\/7"}],"replies":[{"embeddable":true,"href":"https:\/\/www.organisator.ch\/de\/wp-json\/wp\/v2\/comments?post=3703"}],"version-history":[{"count":0,"href":"https:\/\/www.organisator.ch\/de\/wp-json\/wp\/v2\/posts\/3703\/revisions"}],"wp:featuredmedia":[{"embeddable":true,"href":"https:\/\/www.organisator.ch\/de\/wp-json\/wp\/v2\/media\/3705"}],"wp:attachment":[{"href":"https:\/\/www.organisator.ch\/de\/wp-json\/wp\/v2\/media?parent=3703"}],"wp:term":[{"taxonomy":"category","embeddable":true,"href":"https:\/\/www.organisator.ch\/de\/wp-json\/wp\/v2\/categories?post=3703"},{"taxonomy":"post_tag","embeddable":true,"href":"https:\/\/www.organisator.ch\/de\/wp-json\/wp\/v2\/tags?post=3703"}],"curies":[{"name":"wp","href":"https:\/\/api.w.org\/{rel}","templated":true}]}}