{"id":37069,"date":"2025-03-21T09:16:11","date_gmt":"2025-03-21T08:16:11","guid":{"rendered":"https:\/\/www.organisator.ch\/?p=37069"},"modified":"2025-05-02T07:18:16","modified_gmt":"2025-05-02T05:18:16","slug":"21-kmu-swiss-symposium-kultur-laesst-sich-nicht-weg-digitalisieren","status":"publish","type":"post","link":"https:\/\/www.organisator.ch\/de\/management\/2025-03-21\/21-kmu-swiss-symposium-kultur-laesst-sich-nicht-weg-digitalisieren\/","title":{"rendered":"21. KMU Swiss Symposium: \u00abKultur l\u00e4sst sich nicht weg-digitalisieren\u00bb"},"content":{"rendered":"<figure id=\"attachment_37070\" aria-describedby=\"caption-attachment-37070\" style=\"width: 680px\" class=\"wp-caption alignnone\"><img loading=\"lazy\" decoding=\"async\" class=\"size-full wp-image-37070\" src=\"https:\/\/www.organisator.ch\/wp-content\/uploads\/2025\/03\/21.-KMU-Swiss-Symposium-Kultur-laesst-sich-nicht-weg-digitalisieren-1_Organisator.jpg\" alt=\"\" width=\"680\" height=\"452\" srcset=\"https:\/\/www.organisator.ch\/wp-content\/uploads\/2025\/03\/21.-KMU-Swiss-Symposium-Kultur-laesst-sich-nicht-weg-digitalisieren-1_Organisator.jpg 680w, https:\/\/www.organisator.ch\/wp-content\/uploads\/2025\/03\/21.-KMU-Swiss-Symposium-Kultur-laesst-sich-nicht-weg-digitalisieren-1_Organisator-18x12.jpg 18w, https:\/\/www.organisator.ch\/wp-content\/uploads\/2025\/03\/21.-KMU-Swiss-Symposium-Kultur-laesst-sich-nicht-weg-digitalisieren-1_Organisator-375x249.jpg 375w, https:\/\/www.organisator.ch\/wp-content\/uploads\/2025\/03\/21.-KMU-Swiss-Symposium-Kultur-laesst-sich-nicht-weg-digitalisieren-1_Organisator-527x350.jpg 527w\" sizes=\"auto, (max-width: 680px) 100vw, 680px\" \/><figcaption id=\"caption-attachment-37070\" class=\"wp-caption-text\">War der Stargast am 21. KMU Swiss Symposium: Banker Josef Ackermann, hier im Gespr\u00e4ch mit Moderator Hugo Bigi. (Bild: Thomas Berner)<\/figcaption><\/figure>\n<p>Der Veranstalter und CEO von KMU Swiss AG, Armin Baumann, konnte erneut zufrieden sein: Der Saal im Trafo Baden war wiederum gut gef\u00fcllt, es wurden fleissig Kontakte gekn\u00fcpft und Erfahrungen ausgetauscht. Mit Vertretern der Botschaften von Taiwan und der Philippinen hatte der Anlass auch einen internationalen Touch.<\/p>\n<h3>Kulturwandel mit Hindernissen<\/h3>\n<p>Doch zun\u00e4chst ging es um Kristallisationspunkte eines Kulturwandels. Chantalle Moerker, Ingenieurin und Psychologin, f\u00fchrte in das Tagungsthema ein. Sie sprach \u00fcber die wichtigsten H\u00fcrden, die es zu \u00fcberwinden gilt, wenn eine Organisation einen Kulturwandel anstrebt. Denn oft werde das Thema \u00abKultur\u00bb zweitrangig betrachtet. Und viele Unternehmen sehen sich damit auch \u00fcberfordert. Man bleibt dann h\u00e4ufig bei der Arbeit an der Struktur oder Organisation stehen. Doch: \u00abKultur l\u00e4sst sich nicht weg-digitalisieren\u00bb, so Chantalle Moerker. Der Schl\u00fcssel liegt in einer integralen Unternehmensentwicklung, die die Dimensionen Struktur (Prozesse, Produkte, Organisation; objektiv), Kultur (Werte, Leitbilder, Betriebsklima; subjektiv), \u00c4ussere F\u00fchrung (Wissen, Auftreten, Kommunikation; objektiv) und Innere F\u00fchrung (Einstellung, Mindset; subjektiv) umfasst. Die Wirkung m\u00fcsse dabei von innen nach aussen, also von subjektiv zu objektiv, erfolgen. \u00abDie Selbsterkenntnis der F\u00fchrungskr\u00e4fte bestimmt das Kultur-Niveau\u00bb, fasste Chantalle Moerker ihre Ausf\u00fchrungen zusammen.<\/p>\n<figure id=\"attachment_37071\" aria-describedby=\"caption-attachment-37071\" style=\"width: 680px\" class=\"wp-caption alignnone\"><img loading=\"lazy\" decoding=\"async\" class=\"size-full wp-image-37071\" src=\"https:\/\/www.organisator.ch\/wp-content\/uploads\/2025\/03\/21.-KMU-Swiss-Symposium-Kultur-laesst-sich-nicht-weg-digitalisieren-2_Organisator.jpg\" alt=\"\" width=\"680\" height=\"470\" srcset=\"https:\/\/www.organisator.ch\/wp-content\/uploads\/2025\/03\/21.-KMU-Swiss-Symposium-Kultur-laesst-sich-nicht-weg-digitalisieren-2_Organisator.jpg 680w, https:\/\/www.organisator.ch\/wp-content\/uploads\/2025\/03\/21.-KMU-Swiss-Symposium-Kultur-laesst-sich-nicht-weg-digitalisieren-2_Organisator-18x12.jpg 18w, https:\/\/www.organisator.ch\/wp-content\/uploads\/2025\/03\/21.-KMU-Swiss-Symposium-Kultur-laesst-sich-nicht-weg-digitalisieren-2_Organisator-375x259.jpg 375w, https:\/\/www.organisator.ch\/wp-content\/uploads\/2025\/03\/21.-KMU-Swiss-Symposium-Kultur-laesst-sich-nicht-weg-digitalisieren-2_Organisator-506x350.jpg 506w\" sizes=\"auto, (max-width: 680px) 100vw, 680px\" \/><figcaption id=\"caption-attachment-37071\" class=\"wp-caption-text\">Alpiq-Chefin Antje Kanngiesser gab Einblicke in den laufenden Kulturwandel in ihrem Unternehmen. (Bild: Thomas Berner)<\/figcaption><\/figure>\n<p>Einen Kulturwandel vollzieht derzeit das Energieversorgungs-Unternehmen Alpiq. CEO Antje Kanngiesser zeichnete den bisher zur\u00fcckgelegten Weg auf, der vor gut f\u00fcnf Jahren begann. Die Energieversorgungskrise zeigte die Limiten des Grossunternehmens auf und machte harte Entscheidungen n\u00f6tig: Weg von der Diversifikation, R\u00fcckzug aus zehn L\u00e4ndern. Doch Antje Kanngiesser durfte auch feststellen: \u00abWenn es richtig dr\u00fcckt, dann l\u00e4sst sich sehr viel gemeinsam schaffen\u00bb. Die Krise setzte also auch neue Energien frei, und ehrliche Kommunikation auf allen Ebenen erwies sich als entscheidend. Heute sieht sich Alpiq mit dem klaren Purpose \u00abVersorgungssicherheit\u00bb und einer Organisation, die schnelle Reaktionen zul\u00e4sst, als gut aufgestellt. Viel gearbeitet wurde auch an der Arbeitskultur, was anhand des Labels \u00abGreat Place to Work\u00bb auch nach aussen sichtbar ist.<\/p>\n<h3>Vom CEO zum Chief Enabling Officer<\/h3>\n<p>Innovation und Kreativit\u00e4t standen im Zentrum der Ausf\u00fchrungen von Stephan Wartmann, CEO der Brugg Group. Das Unternehmen stellt eine breite Produktpalette wie z.B. Kunststoffrohre, Kabelsysteme, Drahtseile, Hangsicherungen und Prozessleitsysteme her. Die Energiewende, Nachhaltigkeit, Sicherheit von Infrastrukturen sowie die weitere Internationalisierung sind Kernpunkte der Konzernstrategie bis ins Jahr 2028. Stephan Wartmann zeigte eindr\u00fcckliche Beispiele aus dem Konzern-Portfolio. So lassen sich mit smarter Prozessleittechnik bei der Siedlungsentw\u00e4sserung bis zu 40 Prozent Energie einsparen. Oder mit automatisch installierbaren Sicherungssystemen f\u00fcr Bergwerkstollen kann der Verbrauch an Spritzbeton, der einen grossen CO2-Fussabdruck aufweist, reduziert werden. Und nicht zuletzt k\u00f6nnen Leichtbausysteme allgemein zu einer Schonung von Ressourcen beitragen. Solche L\u00f6sungen seien aber nur m\u00f6glich durch die Pflege einer Innovationskultur durch das ganze Unternehmen, wie Stephan Wartmann \u2013 er selbst sieht sich dabei als \u00abChief Enabling Officer\u00bb \u2013 ausf\u00fchrte. Als Beispiel daf\u00fcr zeigte er auch ein von Lernenden erstelltes TikTok-Video, das auf witzige Weise die Vorz\u00fcge einer Berufslehre bei der Brugg Group vorstellt.<\/p>\n<h3>\u00abDie Kultur zerst\u00f6rt\u00bb<\/h3>\n<p>Dann folgte der Auftritt von Josef \u00abJoe\u00bb Ackermann. Der weltweit bekannte und nicht unumstrittene Ex-CEO der Deutschen Bank und anderer Finanz-Unternehmen stellte sich den Fragen von Moderator Hugo Bigi. Angesprochen wurde er nat\u00fcrlich auch auf den Untergang der CS. Josef Ackermann bezeichnete es als Fehler, dass die damalige Schweizerische Kreditanstalt SKA \u00abauseinandergerissen\u00bb wurde. \u00abDies hat die Kultur zerst\u00f6rt\u00bb, so Ackermann. Danach habe man zu viele Risiken genommen, falsche Akquisitionen get\u00e4tigt und zu einer \u00fcbertriebenen Bonuskultur gegriffen. Zu seinem F\u00fchrungsverst\u00e4ndnis, insbesondere bei Banken, sagte Ackermann, Teamarbeit sei wichtig. \u00abBanking braucht Integrit\u00e4t\u00bb, so Ackermann weiter. Die F\u00f6rderung von Innovation sei bei Banken aber nicht einfach, man m\u00fcsse allerdings Querdenker und auch Fehler zulassen. Bei den aktuellen wirtschaftlichen und geopolitischen Entwicklungen sieht Josef Ackermann verschiedene Gefahren. So sei zu bef\u00fcrchten, dass es in den USA durch die Kombination von Steuersenkungen, Z\u00f6llen, Verknappung des Arbeitsmarkts und Zinssenkungen zu einer Inflation kommt. Und die Lockerung der Schuldenbremse, etwa in Deutschland, sieht er zum einen als \u00abungute Entwicklung\u00bb, zum anderen aber auch als einen den Umst\u00e4nden \u2013 Stichwort Aufr\u00fcstung \u2013 geschuldeten Sachzwang. Der jungen Generation auf den Weg gab Josef Ackermann zum Schluss, fleissig zu sein und auch mal Dinge zu tun, die nicht so prestigetr\u00e4chtig seien.<\/p>\n<figure id=\"attachment_37092\" aria-describedby=\"caption-attachment-37092\" style=\"width: 680px\" class=\"wp-caption alignnone\"><img loading=\"lazy\" decoding=\"async\" class=\"size-full wp-image-37092\" src=\"https:\/\/www.organisator.ch\/wp-content\/uploads\/2025\/03\/21.-KMU-Swiss-Symposium-Kultur-laesst-sich-nicht-weg-digitalisieren-3_Organisator.jpg\" alt=\"\" width=\"680\" height=\"405\" srcset=\"https:\/\/www.organisator.ch\/wp-content\/uploads\/2025\/03\/21.-KMU-Swiss-Symposium-Kultur-laesst-sich-nicht-weg-digitalisieren-3_Organisator.jpg 680w, https:\/\/www.organisator.ch\/wp-content\/uploads\/2025\/03\/21.-KMU-Swiss-Symposium-Kultur-laesst-sich-nicht-weg-digitalisieren-3_Organisator-18x12.jpg 18w, https:\/\/www.organisator.ch\/wp-content\/uploads\/2025\/03\/21.-KMU-Swiss-Symposium-Kultur-laesst-sich-nicht-weg-digitalisieren-3_Organisator-375x223.jpg 375w, https:\/\/www.organisator.ch\/wp-content\/uploads\/2025\/03\/21.-KMU-Swiss-Symposium-Kultur-laesst-sich-nicht-weg-digitalisieren-3_Organisator-588x350.jpg 588w\" sizes=\"auto, (max-width: 680px) 100vw, 680px\" \/><figcaption id=\"caption-attachment-37092\" class=\"wp-caption-text\">Urs Rickenbacher, CEO von Lantal Textiles AG, bedankt sich f\u00fcr den Gewinn des KMU Swiss Awards. (Bild: KMU Swiss)<\/figcaption><\/figure>\n<h3>Innovation und Tradition verbinden<\/h3>\n<p>Den Schlusspunkt des 21. KMU Swiss Symposiums bildete die Verleihung des KMU Swiss Awards. Dieser ging an das Unternehmen Lantal Textiles AG. Das familiengef\u00fchrte Unternehmen hat es in seiner \u00fcber 100-j\u00e4hrigen Geschichte geschafft, von einem einfachen Hersteller von Leinenstoffen f\u00fcr die K\u00e4seherstellung zum weltweit f\u00fchrenden Anbieter von Textilsystemen f\u00fcr die Luftfahrt zu werden. Das Unternehmen stehe beispielhaft daf\u00fcr, Tradition und Innovation zu verbinden, wie es in der Laudatio hiess. Der Preistr\u00e4ger wurde durch eine Jury aus zahlreichen Einreichungen in einem mehrstufigen Verfahren ermittelt. Auch im kommenden Jahr wird es wieder einen Preistr\u00e4ger geben \u2013 Bewerbungen k\u00f6nnen ab sofort auf der Website von KMU Swiss eingereicht werden.<\/p>\n<p><em>Weitere Informationen: <a href=\"http:\/\/www.kmuswiss.ch\">www.kmuswiss.ch<\/a><\/em><\/p>\n","protected":false},"excerpt":{"rendered":"<p>Unter dem Motto \u00abKreativit\u00e4t\/Firmenkultur \u2013 Basis f\u00fcr nachhaltigen Erfolg\u00bb fand am 20. M\u00e4rz 2025 in Baden das 21. KMU Swiss Symposium statt. Wiederum erhielten \u00fcber 350 Besucherinnen und Besucher praxisnahe Impulse von den vier Referierenden. Und erneut wurde der KMU Swiss Award verliehen.<\/p>\n","protected":false},"author":4,"featured_media":37070,"comment_status":"closed","ping_status":"closed","sticky":false,"template":"","format":"standard","meta":{"_acf_changed":false,"_yoast_wpseo_focuskw":"Kultur","_yoast_wpseo_metadesc":"Das 21. KMU Swiss Symposium widmete sich am 20. M\u00e4rz 2025 in Baden den Themen Kultur und Kreativit\u00e4t. \u00dcber 250 G\u00e4ste waren anwesend.","articlekey":"","footnotes":""},"categories":[28],"tags":[66,4976,4467,335,492],"class_list":["post-37069","post","type-post","status-publish","format-standard","has-post-thumbnail","hentry","category-management","tag-awards","tag-firmenkultur","tag-kmu-swiss-symposium","tag-management-und-unternehmensfuehrung","tag-unternehmen"],"acf":[],"yoast_head":"<!-- This site is optimized with the Yoast SEO plugin v27.5 - https:\/\/yoast.com\/product\/yoast-seo-wordpress\/ -->\n<title>21. KMU Swiss Symposium: \u00abKultur l\u00e4sst sich nicht weg-digitalisieren\u00bb - Organisator<\/title>\n<meta name=\"description\" content=\"Das 21. KMU Swiss Symposium widmete sich am 20. M\u00e4rz 2025 in Baden den Themen Kultur und Kreativit\u00e4t. \u00dcber 250 G\u00e4ste waren anwesend.\" \/>\n<meta name=\"robots\" content=\"index, follow, max-snippet:-1, max-image-preview:large, max-video-preview:-1\" \/>\n<link rel=\"canonical\" href=\"https:\/\/www.organisator.ch\/de\/management\/2025-03-21\/21-kmu-swiss-symposium-kultur-laesst-sich-nicht-weg-digitalisieren\/\" \/>\n<meta property=\"og:locale\" content=\"de_DE\" \/>\n<meta property=\"og:type\" content=\"article\" \/>\n<meta property=\"og:title\" content=\"21. KMU Swiss Symposium: \u00abKultur l\u00e4sst sich nicht weg-digitalisieren\u00bb\" \/>\n<meta property=\"og:description\" content=\"Das 21. KMU Swiss Symposium widmete sich am 20. M\u00e4rz 2025 in Baden den Themen Kultur und Kreativit\u00e4t. \u00dcber 250 G\u00e4ste waren anwesend.\" \/>\n<meta property=\"og:url\" content=\"https:\/\/www.organisator.ch\/de\/management\/2025-03-21\/21-kmu-swiss-symposium-kultur-laesst-sich-nicht-weg-digitalisieren\/\" \/>\n<meta property=\"og:site_name\" content=\"Organisator\" \/>\n<meta property=\"article:publisher\" content=\"https:\/\/www.facebook.com\/OrganisatorFachmagazin\" \/>\n<meta property=\"article:published_time\" content=\"2025-03-21T08:16:11+00:00\" \/>\n<meta property=\"article:modified_time\" content=\"2025-05-02T05:18:16+00:00\" \/>\n<meta property=\"og:image\" content=\"https:\/\/www.organisator.ch\/wp-content\/uploads\/2025\/03\/21.-KMU-Swiss-Symposium-Kultur-laesst-sich-nicht-weg-digitalisieren-1_Organisator.jpg\" \/>\n\t<meta property=\"og:image:width\" content=\"680\" \/>\n\t<meta property=\"og:image:height\" content=\"452\" \/>\n\t<meta property=\"og:image:type\" content=\"image\/jpeg\" \/>\n<meta name=\"author\" content=\"thomas.berner\" \/>\n<meta name=\"twitter:card\" content=\"summary_large_image\" \/>\n<meta name=\"twitter:title\" content=\"21. KMU Swiss Symposium: \u00ab#Kultur l\u00e4sst sich nicht weg-digitalisieren\u00bb\" \/>\n<meta name=\"twitter:description\" content=\"Das 21. KMU Swiss Symposium widmete sich am 20. M\u00e4rz 2025 in Baden den Themen #Kultur und #Kreativit\u00e4t. \u00dcber 250 G\u00e4ste waren anwesend.\" \/>\n<meta name=\"twitter:image\" content=\"https:\/\/www.organisator.ch\/wp-content\/uploads\/2025\/03\/21.-KMU-Swiss-Symposium-Kultur-laesst-sich-nicht-weg-digitalisieren-1_Organisator.jpg\" \/>\n<script type=\"application\/ld+json\" class=\"yoast-schema-graph\">{\"@context\":\"https:\\\/\\\/schema.org\",\"@graph\":[{\"@type\":\"Article\",\"@id\":\"https:\\\/\\\/www.organisator.ch\\\/management\\\/2025-03-21\\\/21-kmu-swiss-symposium-kultur-laesst-sich-nicht-weg-digitalisieren\\\/#article\",\"isPartOf\":{\"@id\":\"https:\\\/\\\/www.organisator.ch\\\/management\\\/2025-03-21\\\/21-kmu-swiss-symposium-kultur-laesst-sich-nicht-weg-digitalisieren\\\/\"},\"author\":{\"name\":\"thomas.berner\",\"@id\":\"https:\\\/\\\/www.organisator.ch\\\/#\\\/schema\\\/person\\\/6f650f90b2842cd4c0cc334b4e36f67e\"},\"headline\":\"21. KMU Swiss Symposium: \u00abKultur l\u00e4sst sich nicht weg-digitalisieren\u00bb\",\"datePublished\":\"2025-03-21T08:16:11+00:00\",\"dateModified\":\"2025-05-02T05:18:16+00:00\",\"mainEntityOfPage\":{\"@id\":\"https:\\\/\\\/www.organisator.ch\\\/management\\\/2025-03-21\\\/21-kmu-swiss-symposium-kultur-laesst-sich-nicht-weg-digitalisieren\\\/\"},\"wordCount\":918,\"publisher\":{\"@id\":\"https:\\\/\\\/www.organisator.ch\\\/#organization\"},\"image\":{\"@id\":\"https:\\\/\\\/www.organisator.ch\\\/management\\\/2025-03-21\\\/21-kmu-swiss-symposium-kultur-laesst-sich-nicht-weg-digitalisieren\\\/#primaryimage\"},\"thumbnailUrl\":\"https:\\\/\\\/www.organisator.ch\\\/wp-content\\\/uploads\\\/2025\\\/03\\\/21.-KMU-Swiss-Symposium-Kultur-laesst-sich-nicht-weg-digitalisieren-1_Organisator.jpg\",\"keywords\":[\"Awards\",\"Firmenkultur\",\"KMU Swiss Symposium\",\"Management und Unternehmensf\u00fchrung\",\"Unternehmen\"],\"articleSection\":[\"MANAGEMENT\"],\"inLanguage\":\"de\"},{\"@type\":\"WebPage\",\"@id\":\"https:\\\/\\\/www.organisator.ch\\\/management\\\/2025-03-21\\\/21-kmu-swiss-symposium-kultur-laesst-sich-nicht-weg-digitalisieren\\\/\",\"url\":\"https:\\\/\\\/www.organisator.ch\\\/management\\\/2025-03-21\\\/21-kmu-swiss-symposium-kultur-laesst-sich-nicht-weg-digitalisieren\\\/\",\"name\":\"21. KMU Swiss Symposium: \u00abKultur l\u00e4sst sich nicht weg-digitalisieren\u00bb - Organisator\",\"isPartOf\":{\"@id\":\"https:\\\/\\\/www.organisator.ch\\\/#website\"},\"primaryImageOfPage\":{\"@id\":\"https:\\\/\\\/www.organisator.ch\\\/management\\\/2025-03-21\\\/21-kmu-swiss-symposium-kultur-laesst-sich-nicht-weg-digitalisieren\\\/#primaryimage\"},\"image\":{\"@id\":\"https:\\\/\\\/www.organisator.ch\\\/management\\\/2025-03-21\\\/21-kmu-swiss-symposium-kultur-laesst-sich-nicht-weg-digitalisieren\\\/#primaryimage\"},\"thumbnailUrl\":\"https:\\\/\\\/www.organisator.ch\\\/wp-content\\\/uploads\\\/2025\\\/03\\\/21.-KMU-Swiss-Symposium-Kultur-laesst-sich-nicht-weg-digitalisieren-1_Organisator.jpg\",\"datePublished\":\"2025-03-21T08:16:11+00:00\",\"dateModified\":\"2025-05-02T05:18:16+00:00\",\"description\":\"Das 21. KMU Swiss Symposium widmete sich am 20. M\u00e4rz 2025 in Baden den Themen Kultur und Kreativit\u00e4t. \u00dcber 250 G\u00e4ste waren anwesend.\",\"breadcrumb\":{\"@id\":\"https:\\\/\\\/www.organisator.ch\\\/management\\\/2025-03-21\\\/21-kmu-swiss-symposium-kultur-laesst-sich-nicht-weg-digitalisieren\\\/#breadcrumb\"},\"inLanguage\":\"de\",\"potentialAction\":[{\"@type\":\"ReadAction\",\"target\":[\"https:\\\/\\\/www.organisator.ch\\\/management\\\/2025-03-21\\\/21-kmu-swiss-symposium-kultur-laesst-sich-nicht-weg-digitalisieren\\\/\"]}]},{\"@type\":\"ImageObject\",\"inLanguage\":\"de\",\"@id\":\"https:\\\/\\\/www.organisator.ch\\\/management\\\/2025-03-21\\\/21-kmu-swiss-symposium-kultur-laesst-sich-nicht-weg-digitalisieren\\\/#primaryimage\",\"url\":\"https:\\\/\\\/www.organisator.ch\\\/wp-content\\\/uploads\\\/2025\\\/03\\\/21.-KMU-Swiss-Symposium-Kultur-laesst-sich-nicht-weg-digitalisieren-1_Organisator.jpg\",\"contentUrl\":\"https:\\\/\\\/www.organisator.ch\\\/wp-content\\\/uploads\\\/2025\\\/03\\\/21.-KMU-Swiss-Symposium-Kultur-laesst-sich-nicht-weg-digitalisieren-1_Organisator.jpg\",\"width\":680,\"height\":452,\"caption\":\"War der Stargast am 21. KMU Swiss Symposium: Banker Josef Ackermann, hier im Gespr\u00e4ch mit Moderator Hugo Bigi. (Bild: Thomas Berner)\"},{\"@type\":\"BreadcrumbList\",\"@id\":\"https:\\\/\\\/www.organisator.ch\\\/management\\\/2025-03-21\\\/21-kmu-swiss-symposium-kultur-laesst-sich-nicht-weg-digitalisieren\\\/#breadcrumb\",\"itemListElement\":[{\"@type\":\"ListItem\",\"position\":1,\"name\":\"Home\",\"item\":\"https:\\\/\\\/www.organisator.ch\\\/\"},{\"@type\":\"ListItem\",\"position\":2,\"name\":\"21. KMU Swiss Symposium: \u00abKultur l\u00e4sst sich nicht weg-digitalisieren\u00bb\"}]},{\"@type\":\"WebSite\",\"@id\":\"https:\\\/\\\/www.organisator.ch\\\/#website\",\"url\":\"https:\\\/\\\/www.organisator.ch\\\/\",\"name\":\"Organisator\",\"description\":\"Kompetent. Praxisnah. Der ORGANISATOR bereitet in 10 Ausgaben pro Jahr die wesentlichen Themen f\u00fcr F\u00fchrungskr\u00e4fte von KMU auf.\",\"publisher\":{\"@id\":\"https:\\\/\\\/www.organisator.ch\\\/#organization\"},\"potentialAction\":[{\"@type\":\"SearchAction\",\"target\":{\"@type\":\"EntryPoint\",\"urlTemplate\":\"https:\\\/\\\/www.organisator.ch\\\/?s={search_term_string}\"},\"query-input\":{\"@type\":\"PropertyValueSpecification\",\"valueRequired\":true,\"valueName\":\"search_term_string\"}}],\"inLanguage\":\"de\"},{\"@type\":\"Organization\",\"@id\":\"https:\\\/\\\/www.organisator.ch\\\/#organization\",\"name\":\"Organisator\",\"url\":\"https:\\\/\\\/www.organisator.ch\\\/\",\"logo\":{\"@type\":\"ImageObject\",\"inLanguage\":\"de\",\"@id\":\"https:\\\/\\\/www.organisator.ch\\\/#\\\/schema\\\/logo\\\/image\\\/\",\"url\":\"https:\\\/\\\/www.organisator.ch\\\/wp-content\\\/uploads\\\/2022\\\/01\\\/Logo_Organisator_Website.png\",\"contentUrl\":\"https:\\\/\\\/www.organisator.ch\\\/wp-content\\\/uploads\\\/2022\\\/01\\\/Logo_Organisator_Website.png\",\"width\":800,\"height\":77,\"caption\":\"Organisator\"},\"image\":{\"@id\":\"https:\\\/\\\/www.organisator.ch\\\/#\\\/schema\\\/logo\\\/image\\\/\"},\"sameAs\":[\"https:\\\/\\\/www.facebook.com\\\/OrganisatorFachmagazin\",\"https:\\\/\\\/www.linkedin.com\\\/showcase\\\/organisator-das-magazin-fr-kmu\",\"https:\\\/\\\/www.xing.com\\\/news\\\/pages\\\/organisator-ch-695\",\"https:\\\/\\\/www.youtube.com\\\/channel\\\/UCGP2Sq0iWaZwT3BdIAQFYpw\"]},{\"@type\":\"Person\",\"@id\":\"https:\\\/\\\/www.organisator.ch\\\/#\\\/schema\\\/person\\\/6f650f90b2842cd4c0cc334b4e36f67e\",\"name\":\"thomas.berner\",\"image\":{\"@type\":\"ImageObject\",\"inLanguage\":\"de\",\"@id\":\"https:\\\/\\\/secure.gravatar.com\\\/avatar\\\/ac5001d2a36cb6c6cd3e50789007ffca834b477b74a2144564522e944eabff61?s=96&d=mm&r=g\",\"url\":\"https:\\\/\\\/secure.gravatar.com\\\/avatar\\\/ac5001d2a36cb6c6cd3e50789007ffca834b477b74a2144564522e944eabff61?s=96&d=mm&r=g\",\"contentUrl\":\"https:\\\/\\\/secure.gravatar.com\\\/avatar\\\/ac5001d2a36cb6c6cd3e50789007ffca834b477b74a2144564522e944eabff61?s=96&d=mm&r=g\",\"caption\":\"thomas.berner\"},\"url\":\"https:\\\/\\\/www.organisator.ch\\\/de\\\/author\\\/thomas-berner\\\/\"}]}<\/script>\n<!-- \/ Yoast SEO plugin. -->","yoast_head_json":{"title":"21. KMU Swiss Symposium: \u00abKultur l\u00e4sst sich nicht weg-digitalisieren\u00bb - Organisator","description":"Das 21. KMU Swiss Symposium widmete sich am 20. M\u00e4rz 2025 in Baden den Themen Kultur und Kreativit\u00e4t. \u00dcber 250 G\u00e4ste waren anwesend.","robots":{"index":"index","follow":"follow","max-snippet":"max-snippet:-1","max-image-preview":"max-image-preview:large","max-video-preview":"max-video-preview:-1"},"canonical":"https:\/\/www.organisator.ch\/de\/management\/2025-03-21\/21-kmu-swiss-symposium-kultur-laesst-sich-nicht-weg-digitalisieren\/","og_locale":"de_DE","og_type":"article","og_title":"21. KMU Swiss Symposium: \u00abKultur l\u00e4sst sich nicht weg-digitalisieren\u00bb","og_description":"Das 21. KMU Swiss Symposium widmete sich am 20. M\u00e4rz 2025 in Baden den Themen Kultur und Kreativit\u00e4t. \u00dcber 250 G\u00e4ste waren anwesend.","og_url":"https:\/\/www.organisator.ch\/de\/management\/2025-03-21\/21-kmu-swiss-symposium-kultur-laesst-sich-nicht-weg-digitalisieren\/","og_site_name":"Organisator","article_publisher":"https:\/\/www.facebook.com\/OrganisatorFachmagazin","article_published_time":"2025-03-21T08:16:11+00:00","article_modified_time":"2025-05-02T05:18:16+00:00","og_image":[{"width":680,"height":452,"url":"https:\/\/www.organisator.ch\/wp-content\/uploads\/2025\/03\/21.-KMU-Swiss-Symposium-Kultur-laesst-sich-nicht-weg-digitalisieren-1_Organisator.jpg","type":"image\/jpeg"}],"author":"thomas.berner","twitter_card":"summary_large_image","twitter_title":"21. KMU Swiss Symposium: \u00ab#Kultur l\u00e4sst sich nicht weg-digitalisieren\u00bb","twitter_description":"Das 21. KMU Swiss Symposium widmete sich am 20. M\u00e4rz 2025 in Baden den Themen #Kultur und #Kreativit\u00e4t. \u00dcber 250 G\u00e4ste waren anwesend.","twitter_image":"https:\/\/www.organisator.ch\/wp-content\/uploads\/2025\/03\/21.-KMU-Swiss-Symposium-Kultur-laesst-sich-nicht-weg-digitalisieren-1_Organisator.jpg","schema":{"@context":"https:\/\/schema.org","@graph":[{"@type":"Article","@id":"https:\/\/www.organisator.ch\/management\/2025-03-21\/21-kmu-swiss-symposium-kultur-laesst-sich-nicht-weg-digitalisieren\/#article","isPartOf":{"@id":"https:\/\/www.organisator.ch\/management\/2025-03-21\/21-kmu-swiss-symposium-kultur-laesst-sich-nicht-weg-digitalisieren\/"},"author":{"name":"thomas.berner","@id":"https:\/\/www.organisator.ch\/#\/schema\/person\/6f650f90b2842cd4c0cc334b4e36f67e"},"headline":"21. KMU Swiss Symposium: \u00abKultur l\u00e4sst sich nicht weg-digitalisieren\u00bb","datePublished":"2025-03-21T08:16:11+00:00","dateModified":"2025-05-02T05:18:16+00:00","mainEntityOfPage":{"@id":"https:\/\/www.organisator.ch\/management\/2025-03-21\/21-kmu-swiss-symposium-kultur-laesst-sich-nicht-weg-digitalisieren\/"},"wordCount":918,"publisher":{"@id":"https:\/\/www.organisator.ch\/#organization"},"image":{"@id":"https:\/\/www.organisator.ch\/management\/2025-03-21\/21-kmu-swiss-symposium-kultur-laesst-sich-nicht-weg-digitalisieren\/#primaryimage"},"thumbnailUrl":"https:\/\/www.organisator.ch\/wp-content\/uploads\/2025\/03\/21.-KMU-Swiss-Symposium-Kultur-laesst-sich-nicht-weg-digitalisieren-1_Organisator.jpg","keywords":["Awards","Firmenkultur","KMU Swiss Symposium","Management und Unternehmensf\u00fchrung","Unternehmen"],"articleSection":["MANAGEMENT"],"inLanguage":"de"},{"@type":"WebPage","@id":"https:\/\/www.organisator.ch\/management\/2025-03-21\/21-kmu-swiss-symposium-kultur-laesst-sich-nicht-weg-digitalisieren\/","url":"https:\/\/www.organisator.ch\/management\/2025-03-21\/21-kmu-swiss-symposium-kultur-laesst-sich-nicht-weg-digitalisieren\/","name":"21. KMU Swiss Symposium: \u00abKultur l\u00e4sst sich nicht weg-digitalisieren\u00bb - Organisator","isPartOf":{"@id":"https:\/\/www.organisator.ch\/#website"},"primaryImageOfPage":{"@id":"https:\/\/www.organisator.ch\/management\/2025-03-21\/21-kmu-swiss-symposium-kultur-laesst-sich-nicht-weg-digitalisieren\/#primaryimage"},"image":{"@id":"https:\/\/www.organisator.ch\/management\/2025-03-21\/21-kmu-swiss-symposium-kultur-laesst-sich-nicht-weg-digitalisieren\/#primaryimage"},"thumbnailUrl":"https:\/\/www.organisator.ch\/wp-content\/uploads\/2025\/03\/21.-KMU-Swiss-Symposium-Kultur-laesst-sich-nicht-weg-digitalisieren-1_Organisator.jpg","datePublished":"2025-03-21T08:16:11+00:00","dateModified":"2025-05-02T05:18:16+00:00","description":"Das 21. KMU Swiss Symposium widmete sich am 20. M\u00e4rz 2025 in Baden den Themen Kultur und Kreativit\u00e4t. \u00dcber 250 G\u00e4ste waren anwesend.","breadcrumb":{"@id":"https:\/\/www.organisator.ch\/management\/2025-03-21\/21-kmu-swiss-symposium-kultur-laesst-sich-nicht-weg-digitalisieren\/#breadcrumb"},"inLanguage":"de","potentialAction":[{"@type":"ReadAction","target":["https:\/\/www.organisator.ch\/management\/2025-03-21\/21-kmu-swiss-symposium-kultur-laesst-sich-nicht-weg-digitalisieren\/"]}]},{"@type":"ImageObject","inLanguage":"de","@id":"https:\/\/www.organisator.ch\/management\/2025-03-21\/21-kmu-swiss-symposium-kultur-laesst-sich-nicht-weg-digitalisieren\/#primaryimage","url":"https:\/\/www.organisator.ch\/wp-content\/uploads\/2025\/03\/21.-KMU-Swiss-Symposium-Kultur-laesst-sich-nicht-weg-digitalisieren-1_Organisator.jpg","contentUrl":"https:\/\/www.organisator.ch\/wp-content\/uploads\/2025\/03\/21.-KMU-Swiss-Symposium-Kultur-laesst-sich-nicht-weg-digitalisieren-1_Organisator.jpg","width":680,"height":452,"caption":"War der Stargast am 21. KMU Swiss Symposium: Banker Josef Ackermann, hier im Gespr\u00e4ch mit Moderator Hugo Bigi. (Bild: Thomas Berner)"},{"@type":"BreadcrumbList","@id":"https:\/\/www.organisator.ch\/management\/2025-03-21\/21-kmu-swiss-symposium-kultur-laesst-sich-nicht-weg-digitalisieren\/#breadcrumb","itemListElement":[{"@type":"ListItem","position":1,"name":"Home","item":"https:\/\/www.organisator.ch\/"},{"@type":"ListItem","position":2,"name":"21. KMU Swiss Symposium: \u00abKultur l\u00e4sst sich nicht weg-digitalisieren\u00bb"}]},{"@type":"WebSite","@id":"https:\/\/www.organisator.ch\/#website","url":"https:\/\/www.organisator.ch\/","name":"Organisator","description":"Kompetent. Praxisnah. Der ORGANISATOR bereitet in 10 Ausgaben pro Jahr die wesentlichen Themen f\u00fcr F\u00fchrungskr\u00e4fte von KMU auf.","publisher":{"@id":"https:\/\/www.organisator.ch\/#organization"},"potentialAction":[{"@type":"SearchAction","target":{"@type":"EntryPoint","urlTemplate":"https:\/\/www.organisator.ch\/?s={search_term_string}"},"query-input":{"@type":"PropertyValueSpecification","valueRequired":true,"valueName":"search_term_string"}}],"inLanguage":"de"},{"@type":"Organization","@id":"https:\/\/www.organisator.ch\/#organization","name":"Organisator","url":"https:\/\/www.organisator.ch\/","logo":{"@type":"ImageObject","inLanguage":"de","@id":"https:\/\/www.organisator.ch\/#\/schema\/logo\/image\/","url":"https:\/\/www.organisator.ch\/wp-content\/uploads\/2022\/01\/Logo_Organisator_Website.png","contentUrl":"https:\/\/www.organisator.ch\/wp-content\/uploads\/2022\/01\/Logo_Organisator_Website.png","width":800,"height":77,"caption":"Organisator"},"image":{"@id":"https:\/\/www.organisator.ch\/#\/schema\/logo\/image\/"},"sameAs":["https:\/\/www.facebook.com\/OrganisatorFachmagazin","https:\/\/www.linkedin.com\/showcase\/organisator-das-magazin-fr-kmu","https:\/\/www.xing.com\/news\/pages\/organisator-ch-695","https:\/\/www.youtube.com\/channel\/UCGP2Sq0iWaZwT3BdIAQFYpw"]},{"@type":"Person","@id":"https:\/\/www.organisator.ch\/#\/schema\/person\/6f650f90b2842cd4c0cc334b4e36f67e","name":"thomas.berner","image":{"@type":"ImageObject","inLanguage":"de","@id":"https:\/\/secure.gravatar.com\/avatar\/ac5001d2a36cb6c6cd3e50789007ffca834b477b74a2144564522e944eabff61?s=96&d=mm&r=g","url":"https:\/\/secure.gravatar.com\/avatar\/ac5001d2a36cb6c6cd3e50789007ffca834b477b74a2144564522e944eabff61?s=96&d=mm&r=g","contentUrl":"https:\/\/secure.gravatar.com\/avatar\/ac5001d2a36cb6c6cd3e50789007ffca834b477b74a2144564522e944eabff61?s=96&d=mm&r=g","caption":"thomas.berner"},"url":"https:\/\/www.organisator.ch\/de\/author\/thomas-berner\/"}]}},"_links":{"self":[{"href":"https:\/\/www.organisator.ch\/de\/wp-json\/wp\/v2\/posts\/37069","targetHints":{"allow":["GET"]}}],"collection":[{"href":"https:\/\/www.organisator.ch\/de\/wp-json\/wp\/v2\/posts"}],"about":[{"href":"https:\/\/www.organisator.ch\/de\/wp-json\/wp\/v2\/types\/post"}],"author":[{"embeddable":true,"href":"https:\/\/www.organisator.ch\/de\/wp-json\/wp\/v2\/users\/4"}],"replies":[{"embeddable":true,"href":"https:\/\/www.organisator.ch\/de\/wp-json\/wp\/v2\/comments?post=37069"}],"version-history":[{"count":8,"href":"https:\/\/www.organisator.ch\/de\/wp-json\/wp\/v2\/posts\/37069\/revisions"}],"predecessor-version":[{"id":37122,"href":"https:\/\/www.organisator.ch\/de\/wp-json\/wp\/v2\/posts\/37069\/revisions\/37122"}],"wp:featuredmedia":[{"embeddable":true,"href":"https:\/\/www.organisator.ch\/de\/wp-json\/wp\/v2\/media\/37070"}],"wp:attachment":[{"href":"https:\/\/www.organisator.ch\/de\/wp-json\/wp\/v2\/media?parent=37069"}],"wp:term":[{"taxonomy":"category","embeddable":true,"href":"https:\/\/www.organisator.ch\/de\/wp-json\/wp\/v2\/categories?post=37069"},{"taxonomy":"post_tag","embeddable":true,"href":"https:\/\/www.organisator.ch\/de\/wp-json\/wp\/v2\/tags?post=37069"}],"curies":[{"name":"wp","href":"https:\/\/api.w.org\/{rel}","templated":true}]}}