{"id":371,"date":"2016-11-17T14:46:24","date_gmt":"2016-11-17T13:46:24","guid":{"rendered":"http:\/\/dev.organisator.ch\/?p=371"},"modified":"2016-11-17T14:46:24","modified_gmt":"2016-11-17T13:46:24","slug":"trotz-unsicherheiten-geben-sich-cfos-optimistisch","status":"publish","type":"post","link":"https:\/\/www.organisator.ch\/de\/management\/2016-11-17\/trotz-unsicherheiten-geben-sich-cfos-optimistisch\/","title":{"rendered":"Trotz Unsicherheiten geben sich CFOs optimistisch"},"content":{"rendered":"<figure id=\"attachment_372\" aria-describedby=\"caption-attachment-372\" style=\"width: 640px\" class=\"wp-caption alignnone\"><img loading=\"lazy\" decoding=\"async\" class=\"size-full wp-image-372\" src=\"https:\/\/www.organisator.ch\/wp-content\/uploads\/2016\/12\/Trotz-Unsicherheiten-geben-sich-CFOs-optimistisch-organisator.jpg\" alt=\"\" width=\"640\" height=\"427\" srcset=\"https:\/\/www.organisator.ch\/wp-content\/uploads\/2016\/12\/Trotz-Unsicherheiten-geben-sich-CFOs-optimistisch-organisator.jpg 640w, https:\/\/www.organisator.ch\/wp-content\/uploads\/2016\/12\/Trotz-Unsicherheiten-geben-sich-CFOs-optimistisch-organisator-16x12.jpg 16w, https:\/\/www.organisator.ch\/wp-content\/uploads\/2016\/12\/Trotz-Unsicherheiten-geben-sich-CFOs-optimistisch-organisator-262x175.jpg 262w, https:\/\/www.organisator.ch\/wp-content\/uploads\/2016\/12\/Trotz-Unsicherheiten-geben-sich-CFOs-optimistisch-organisator-525x350.jpg 525w, https:\/\/www.organisator.ch\/wp-content\/uploads\/2016\/12\/Trotz-Unsicherheiten-geben-sich-CFOs-optimistisch-organisator-300x200.jpg 300w\" sizes=\"auto, (max-width: 640px) 100vw, 640px\" \/><figcaption id=\"caption-attachment-372\" class=\"wp-caption-text\">Viele Schweizer CFOs sehen trotz Unsicherheiten optimistischer in die Zukunft als ihre europ\u00e4ischen Kollegen (Foto: Marko Greitschus \/ pixelio.de)<\/figcaption><\/figure>\n<p>Trotz der anhaltenden Unsicherheit angesichts des wirtschaftlichen und gesch\u00e4ftlichen Umfelds bleiben europ\u00e4ische CFOs weiterhin optimistisch, was das Wachstumspotenzial ihrer Unternehmen im kommenden Jahr anbelangt, so die j\u00fcngste Deloitte European CFO Survey. Bei der Umfrage zum dritten Quartal 2016 befragten Mitgliedsunternehmen von Deloitte 1\u2018148 CFOs in 17 europ\u00e4ischen L\u00e4ndern, darunter 111 in der Schweiz.<\/p>\n<p>Zwei Drittel (67%) der europ\u00e4ischen Finanzchefs gaben an, dass ihre Unternehmen mit grosser finanzieller und wirtschaftlicher Unsicherheit konfrontiert sind, wobei der Anteil dieser Gruppe leicht niedriger ist als im ersten Quartal (66%). In Grossbritannien und Deutschland ist diese Wahrnehmung mit 88% am st\u00e4rksten vertreten, in Finnland mit 36% am schw\u00e4chsten. In der Schweiz liegt der Prozentsatz der CFOs, die eine hohe Unsicherheit registrieren, mit 63% etwas niedriger als im europ\u00e4ischen Durchschnitt. Dieser Wert ist seit dem ersten Quartal um sechs Prozentpunkte zur\u00fcckgegangen, da der Wechselkursschock peu \u00e0 peu abflaut.<\/p>\n<p><strong>CFOs sehen das Umsatzwachstum weiterhin optimistisch<\/strong><\/p>\n<p>Die finanziellen Aussichten f\u00fcr ihr Unternehmen werden von 26% der CFOs optimistischer eingesch\u00e4tzt als noch vor drei bis sechs Monaten, ein leichter Anstieg gegen\u00fcber 25% im ersten Quartal. In Grossbritannien ist der Optimismus nach dem Brexit-Referendum mit nur 16% am geringsten. Am positivsten wird die Lage von schwedischen CFOs eingesch\u00e4tzt \u2013 44% \u00e4usserten sich zuversichtlich. In der Schweiz liegt der Optimismus mit 27% leicht \u00fcber dem Durchschnitt.<\/p>\n<p>Trotz der hohen Unsicherheit und der geringen Risikobereitschaft gehen 65% der CFOs davon aus, dass die Ums\u00e4tze ihrer Unternehmen im n\u00e4chsten Jahr steigen werden, gegen\u00fcber 63% in Q1 2016 (Schweiz in Q3: 64%). 46% der britischen CFOs erwarten einen Umsatzanstieg, der niedrigste Prozentsatz aller L\u00e4nder. Am optimistischsten \u00e4usserten sich die polnischen CFOs, von denen 83% mit einem Umsatzwachstum rechnen.<\/p>\n<p>Michael Grampp, Chef\u00f6konom bei Deloitte in der Schweiz: &#8222;Trotz des schwierigen wirtschaftlichen Umfelds sind CFOs zuversichtlich, dass ihre Unternehmen die Unsicherheit \u00fcberstehen und in den n\u00e4chsten zw\u00f6lf Monaten wachsen werden. Dies liegt teilweise daran, dass sich die Unternehmen besser an das unsichere Umfeld angepasst haben, in dem sie nun bereits eine Zeit lang operieren. Es zeigt jedoch auch die Widerstandskraft des europ\u00e4ischen Unternehmenssektors, der in den vergangenen Jahren ein schleppendes Wachstum und mehrere Schocks zu verkraften hatte, in diesem Jahr aber Anzeichen einer nachhaltigeren Erholung zeigt. Das europ\u00e4ische BIP-Wachstum soll in diesem Jahr 1,6% betragen. Dies ist zwar das dritte Jahr in Folge ein niedriger Wachstumswert f\u00fcr Europa, aber auch der bisher h\u00f6chste Wert seit der Finanzkrise.&#8220;<\/p>\n<p><strong>Brexit und politische Risiken<\/strong><\/p>\n<p>37% der CFOs erkl\u00e4rten, dass die Verhandlungen \u00fcber den Austritt der Briten aus der Europ\u00e4ischen Union ihrem Gesch\u00e4ft schaden werden, w\u00e4hrend 50% mit keinen Auswirkungen rechnen. 5% sind der Ansicht, dass sich der Austritt positiv auswirken wird. Die negative Stimmung ist in Grossbritannien am st\u00e4rksten: 65% sind der Meinung, dass der Brexit die wirtschaftliche Entwicklung beeintr\u00e4chtigen wird. Der bevorstehende Brexit sorgt aber auch unter den Finanzchefs in Portugal (52%), in den Niederlanden und in Irland (jeweils 48%) f\u00fcr Besorgnis. In der Schweiz ist die Stimmung etwas optimistischer, dennoch \u00e4ussern sich 23% besorgt.<\/p>\n<p>Die CFOs wurden auch gefragt, welche Aspekte eines potenziellen Brexits ihre Unternehmen am st\u00e4rksten beeinflussen w\u00fcrden. Auf diese Frage antworteten Teilnehmer aus 14 L\u00e4ndern, dass die zunehmende Komplexit\u00e4t und Regulierungskosten die gravierendsten Auswirkungen haben w\u00fcrden. Die Beschr\u00e4nkung der Mobilit\u00e4t der Arbeitskr\u00e4fte und die geringeren Exportchancen aufgrund von nichttarif\u00e4ren Handelshindernissen wurden ebenfalls genannt.<\/p>\n<p>Insgesamt wurde von den befragten Teilnehmern in neun L\u00e4ndern die geopolitische und wirtschaftliche Unsicherheit als gr\u00f6sster Risikofaktor f\u00fcr die Unternehmen im n\u00e4chsten Jahr eingestuft, w\u00e4hrend eine schwache Inlandsnachfrage in vier L\u00e4ndern als gr\u00f6sstes Risiko genannt wurde. Beide Faktoren werden auch in der Schweiz mit Sorge gesehen, w\u00e4hrend das W\u00e4hrungsrisiko am h\u00e4ufigsten erw\u00e4hnt wird und monet\u00e4re Risiken und Regulierungsfragen ebenfalls ganz oben auf der Liste stehen.<\/p>\n<p>Michael Grampp kommentiert: &#8222;Unternehmen in ganz Europa hatten den Sommer \u00fcber mit verschiedenen politischen Ersch\u00fctterungen zu k\u00e4mpfen, die sich in einer hohen Unsicherheit niederschlugen. Der Brexit ist hier an erster Stelle zu nennen. \u00dcber ein Drittel der europ\u00e4ischen CFOs gab an, dass die Verhandlungen zum Austritt der Briten aus der EU negative Auswirkungen auf ihr Unternehmen haben werden. Die Bedenken rund um die regulatorischen Ver\u00e4nderungen wiegen am schwersten, aber auch Beschr\u00e4nkungen der Arbeitskr\u00e4ftemobilit\u00e4t und der Exportchancen werden als Risiken f\u00fcr europ\u00e4ische Unternehmen genannt.&#8220;<\/p>\n<p>&#8222;Der Brexit ist jedoch nicht die einzige Sorge der Europ\u00e4er. Die politische Unsicherheit, die in L\u00e4ndern von Spanien bis in die T\u00fcrkei in unterschiedlichem Ausmass sp\u00fcrbar ist, die bevorstehenden Wahlen in Frankreich und Deutschland und jetzt nat\u00fcrlich auch das Ergebnis der Wahlen in den USA sorgen auf den Chefetagen der Unternehmen f\u00fcr Besorgnis.&#8220;<\/p>\n<p><em>Quelle: <a href=\"http:\/\/www.deloitte.ch\" data-cke-saved-href=\"http:\/\/www.deloitte.ch\">www.deloitte.ch<\/a><\/em><\/p>\n","protected":false},"excerpt":{"rendered":"<p>Trotz der anhaltenden Unsicherheit angesichts des wirtschaftlichen und gesch\u00e4ftlichen Umfelds bleiben europ\u00e4ische CFOs weiterhin optimistisch, was das Wachstumspotenzial ihrer Unternehmen im kommenden Jahr anbelangt, so die j\u00fcngste Deloitte European CFO Survey. Bei der Umfrage zum dritten Quartal 2016 befragten Mitgliedsunternehmen von Deloitte 1\u2018148 CFOs in 17 europ\u00e4ischen L\u00e4ndern, darunter 111 in der Schweiz. Zwei Drittel [&hellip;]<\/p>\n","protected":false},"author":1,"featured_media":372,"comment_status":"open","ping_status":"open","sticky":false,"template":"","format":"standard","meta":{"_acf_changed":false,"_yoast_wpseo_focuskw":"CFOs","_yoast_wpseo_metadesc":"Unter den Finanzchefs in Europa bleibt die Stimmung ged\u00e4mpft und die Unsicherheit gross, w\u00e4hrend der Optimismus in der Schweiz eher zunimmt.","articlekey":"","footnotes":""},"categories":[28],"tags":[335],"class_list":["post-371","post","type-post","status-publish","format-standard","has-post-thumbnail","hentry","category-management","tag-management-und-unternehmensfuehrung"],"acf":[],"yoast_head":"<!-- This site is optimized with the Yoast SEO plugin v27.5 - https:\/\/yoast.com\/product\/yoast-seo-wordpress\/ -->\n<title>Trotz Unsicherheiten geben sich CFOs optimistisch - Organisator<\/title>\n<meta name=\"description\" content=\"Unter den Finanzchefs in Europa bleibt die Stimmung ged\u00e4mpft und die Unsicherheit gross, w\u00e4hrend der Optimismus in der Schweiz eher zunimmt.\" \/>\n<meta name=\"robots\" content=\"index, follow, max-snippet:-1, max-image-preview:large, max-video-preview:-1\" \/>\n<link rel=\"canonical\" href=\"https:\/\/www.organisator.ch\/de\/management\/2016-11-17\/trotz-unsicherheiten-geben-sich-cfos-optimistisch\/\" \/>\n<meta property=\"og:locale\" content=\"de_DE\" \/>\n<meta property=\"og:type\" content=\"article\" \/>\n<meta property=\"og:title\" content=\"Trotz Unsicherheiten geben sich CFOs optimistisch\" \/>\n<meta property=\"og:description\" content=\"Unter den Finanzchefs in Europa bleibt die Stimmung ged\u00e4mpft und die Unsicherheit gross, w\u00e4hrend der Optimismus in der Schweiz eher zunimmt. Dies ergab der j\u00fcngste European CFO Survey des Beratungsunternehmens Deloitte. Die befragten CFOs sind jedoch weiterhin zuversichtlich, dass ihre Unternehmen die Unsicherheit \u00fcberstehen und wachsen werden.\" \/>\n<meta property=\"og:url\" content=\"https:\/\/www.organisator.ch\/de\/management\/2016-11-17\/trotz-unsicherheiten-geben-sich-cfos-optimistisch\/\" \/>\n<meta property=\"og:site_name\" content=\"Organisator\" \/>\n<meta property=\"article:publisher\" content=\"https:\/\/www.facebook.com\/OrganisatorFachmagazin\" \/>\n<meta property=\"article:published_time\" content=\"2016-11-17T13:46:24+00:00\" \/>\n<meta name=\"author\" content=\"admin\" \/>\n<meta name=\"twitter:card\" content=\"summary_large_image\" \/>\n<meta name=\"twitter:image\" content=\"https:\/\/www.organisator.ch\/wp-content\/uploads\/2016\/12\/Trotz-Unsicherheiten-geben-sich-CFOs-optimistisch-organisator.jpg\" \/>\n<script type=\"application\/ld+json\" class=\"yoast-schema-graph\">{\"@context\":\"https:\\\/\\\/schema.org\",\"@graph\":[{\"@type\":\"Article\",\"@id\":\"https:\\\/\\\/www.organisator.ch\\\/management\\\/2016-11-17\\\/trotz-unsicherheiten-geben-sich-cfos-optimistisch\\\/#article\",\"isPartOf\":{\"@id\":\"https:\\\/\\\/www.organisator.ch\\\/management\\\/2016-11-17\\\/trotz-unsicherheiten-geben-sich-cfos-optimistisch\\\/\"},\"author\":{\"name\":\"admin\",\"@id\":\"https:\\\/\\\/www.organisator.ch\\\/#\\\/schema\\\/person\\\/aa2bace6c5c5aad60102004a50c4eb1c\"},\"headline\":\"Trotz Unsicherheiten geben sich CFOs optimistisch\",\"datePublished\":\"2016-11-17T13:46:24+00:00\",\"mainEntityOfPage\":{\"@id\":\"https:\\\/\\\/www.organisator.ch\\\/management\\\/2016-11-17\\\/trotz-unsicherheiten-geben-sich-cfos-optimistisch\\\/\"},\"wordCount\":814,\"commentCount\":0,\"publisher\":{\"@id\":\"https:\\\/\\\/www.organisator.ch\\\/#organization\"},\"image\":{\"@id\":\"https:\\\/\\\/www.organisator.ch\\\/management\\\/2016-11-17\\\/trotz-unsicherheiten-geben-sich-cfos-optimistisch\\\/#primaryimage\"},\"thumbnailUrl\":\"https:\\\/\\\/www.organisator.ch\\\/wp-content\\\/uploads\\\/2016\\\/12\\\/Trotz-Unsicherheiten-geben-sich-CFOs-optimistisch-organisator.jpg\",\"keywords\":[\"Management und Unternehmensf\u00fchrung\"],\"articleSection\":[\"MANAGEMENT\"],\"inLanguage\":\"de\"},{\"@type\":\"WebPage\",\"@id\":\"https:\\\/\\\/www.organisator.ch\\\/management\\\/2016-11-17\\\/trotz-unsicherheiten-geben-sich-cfos-optimistisch\\\/\",\"url\":\"https:\\\/\\\/www.organisator.ch\\\/management\\\/2016-11-17\\\/trotz-unsicherheiten-geben-sich-cfos-optimistisch\\\/\",\"name\":\"Trotz Unsicherheiten geben sich CFOs optimistisch - Organisator\",\"isPartOf\":{\"@id\":\"https:\\\/\\\/www.organisator.ch\\\/#website\"},\"primaryImageOfPage\":{\"@id\":\"https:\\\/\\\/www.organisator.ch\\\/management\\\/2016-11-17\\\/trotz-unsicherheiten-geben-sich-cfos-optimistisch\\\/#primaryimage\"},\"image\":{\"@id\":\"https:\\\/\\\/www.organisator.ch\\\/management\\\/2016-11-17\\\/trotz-unsicherheiten-geben-sich-cfos-optimistisch\\\/#primaryimage\"},\"thumbnailUrl\":\"https:\\\/\\\/www.organisator.ch\\\/wp-content\\\/uploads\\\/2016\\\/12\\\/Trotz-Unsicherheiten-geben-sich-CFOs-optimistisch-organisator.jpg\",\"datePublished\":\"2016-11-17T13:46:24+00:00\",\"description\":\"Unter den Finanzchefs in Europa bleibt die Stimmung ged\u00e4mpft und die Unsicherheit gross, w\u00e4hrend der Optimismus in der Schweiz eher zunimmt.\",\"breadcrumb\":{\"@id\":\"https:\\\/\\\/www.organisator.ch\\\/management\\\/2016-11-17\\\/trotz-unsicherheiten-geben-sich-cfos-optimistisch\\\/#breadcrumb\"},\"inLanguage\":\"de\",\"potentialAction\":[{\"@type\":\"ReadAction\",\"target\":[\"https:\\\/\\\/www.organisator.ch\\\/management\\\/2016-11-17\\\/trotz-unsicherheiten-geben-sich-cfos-optimistisch\\\/\"]}]},{\"@type\":\"ImageObject\",\"inLanguage\":\"de\",\"@id\":\"https:\\\/\\\/www.organisator.ch\\\/management\\\/2016-11-17\\\/trotz-unsicherheiten-geben-sich-cfos-optimistisch\\\/#primaryimage\",\"url\":\"https:\\\/\\\/www.organisator.ch\\\/wp-content\\\/uploads\\\/2016\\\/12\\\/Trotz-Unsicherheiten-geben-sich-CFOs-optimistisch-organisator.jpg\",\"contentUrl\":\"https:\\\/\\\/www.organisator.ch\\\/wp-content\\\/uploads\\\/2016\\\/12\\\/Trotz-Unsicherheiten-geben-sich-CFOs-optimistisch-organisator.jpg\",\"width\":640,\"height\":427,\"caption\":\"Viele Schweizer CFOs sehen trotz Unsicherheiten optimistischer in die Zukunft als ihre europ\u00e4ischen Kollegen (Foto: Marko Greitschus \\\/ pixelio.de)\"},{\"@type\":\"BreadcrumbList\",\"@id\":\"https:\\\/\\\/www.organisator.ch\\\/management\\\/2016-11-17\\\/trotz-unsicherheiten-geben-sich-cfos-optimistisch\\\/#breadcrumb\",\"itemListElement\":[{\"@type\":\"ListItem\",\"position\":1,\"name\":\"Home\",\"item\":\"https:\\\/\\\/www.organisator.ch\\\/\"},{\"@type\":\"ListItem\",\"position\":2,\"name\":\"Trotz Unsicherheiten geben sich CFOs optimistisch\"}]},{\"@type\":\"WebSite\",\"@id\":\"https:\\\/\\\/www.organisator.ch\\\/#website\",\"url\":\"https:\\\/\\\/www.organisator.ch\\\/\",\"name\":\"Organisator\",\"description\":\"Kompetent. Praxisnah. Der ORGANISATOR bereitet in 10 Ausgaben pro Jahr die wesentlichen Themen f\u00fcr F\u00fchrungskr\u00e4fte von KMU auf.\",\"publisher\":{\"@id\":\"https:\\\/\\\/www.organisator.ch\\\/#organization\"},\"potentialAction\":[{\"@type\":\"SearchAction\",\"target\":{\"@type\":\"EntryPoint\",\"urlTemplate\":\"https:\\\/\\\/www.organisator.ch\\\/?s={search_term_string}\"},\"query-input\":{\"@type\":\"PropertyValueSpecification\",\"valueRequired\":true,\"valueName\":\"search_term_string\"}}],\"inLanguage\":\"de\"},{\"@type\":\"Organization\",\"@id\":\"https:\\\/\\\/www.organisator.ch\\\/#organization\",\"name\":\"Organisator\",\"url\":\"https:\\\/\\\/www.organisator.ch\\\/\",\"logo\":{\"@type\":\"ImageObject\",\"inLanguage\":\"de\",\"@id\":\"https:\\\/\\\/www.organisator.ch\\\/#\\\/schema\\\/logo\\\/image\\\/\",\"url\":\"https:\\\/\\\/www.organisator.ch\\\/wp-content\\\/uploads\\\/2022\\\/01\\\/Logo_Organisator_Website.png\",\"contentUrl\":\"https:\\\/\\\/www.organisator.ch\\\/wp-content\\\/uploads\\\/2022\\\/01\\\/Logo_Organisator_Website.png\",\"width\":800,\"height\":77,\"caption\":\"Organisator\"},\"image\":{\"@id\":\"https:\\\/\\\/www.organisator.ch\\\/#\\\/schema\\\/logo\\\/image\\\/\"},\"sameAs\":[\"https:\\\/\\\/www.facebook.com\\\/OrganisatorFachmagazin\",\"https:\\\/\\\/www.linkedin.com\\\/showcase\\\/organisator-das-magazin-fr-kmu\",\"https:\\\/\\\/www.xing.com\\\/news\\\/pages\\\/organisator-ch-695\",\"https:\\\/\\\/www.youtube.com\\\/channel\\\/UCGP2Sq0iWaZwT3BdIAQFYpw\"]},{\"@type\":\"Person\",\"@id\":\"https:\\\/\\\/www.organisator.ch\\\/#\\\/schema\\\/person\\\/aa2bace6c5c5aad60102004a50c4eb1c\",\"name\":\"admin\",\"image\":{\"@type\":\"ImageObject\",\"inLanguage\":\"de\",\"@id\":\"https:\\\/\\\/secure.gravatar.com\\\/avatar\\\/ae2f4d718e6c49043e314ce431e7e645d646302a24a5ef5a8bc8e3f5a032e319?s=96&d=mm&r=g\",\"url\":\"https:\\\/\\\/secure.gravatar.com\\\/avatar\\\/ae2f4d718e6c49043e314ce431e7e645d646302a24a5ef5a8bc8e3f5a032e319?s=96&d=mm&r=g\",\"contentUrl\":\"https:\\\/\\\/secure.gravatar.com\\\/avatar\\\/ae2f4d718e6c49043e314ce431e7e645d646302a24a5ef5a8bc8e3f5a032e319?s=96&d=mm&r=g\",\"caption\":\"admin\"},\"sameAs\":[\"https:\\\/\\\/www.organisator.ch\"],\"url\":\"https:\\\/\\\/www.organisator.ch\\\/de\\\/author\\\/admin\\\/\"}]}<\/script>\n<!-- \/ Yoast SEO plugin. -->","yoast_head_json":{"title":"Trotz Unsicherheiten geben sich CFOs optimistisch - Organisator","description":"Unter den Finanzchefs in Europa bleibt die Stimmung ged\u00e4mpft und die Unsicherheit gross, w\u00e4hrend der Optimismus in der Schweiz eher zunimmt.","robots":{"index":"index","follow":"follow","max-snippet":"max-snippet:-1","max-image-preview":"max-image-preview:large","max-video-preview":"max-video-preview:-1"},"canonical":"https:\/\/www.organisator.ch\/de\/management\/2016-11-17\/trotz-unsicherheiten-geben-sich-cfos-optimistisch\/","og_locale":"de_DE","og_type":"article","og_title":"Trotz Unsicherheiten geben sich CFOs optimistisch","og_description":"Unter den Finanzchefs in Europa bleibt die Stimmung ged\u00e4mpft und die Unsicherheit gross, w\u00e4hrend der Optimismus in der Schweiz eher zunimmt. Dies ergab der j\u00fcngste European CFO Survey des Beratungsunternehmens Deloitte. Die befragten CFOs sind jedoch weiterhin zuversichtlich, dass ihre Unternehmen die Unsicherheit \u00fcberstehen und wachsen werden.","og_url":"https:\/\/www.organisator.ch\/de\/management\/2016-11-17\/trotz-unsicherheiten-geben-sich-cfos-optimistisch\/","og_site_name":"Organisator","article_publisher":"https:\/\/www.facebook.com\/OrganisatorFachmagazin","article_published_time":"2016-11-17T13:46:24+00:00","author":"admin","twitter_card":"summary_large_image","twitter_image":"https:\/\/www.organisator.ch\/wp-content\/uploads\/2016\/12\/Trotz-Unsicherheiten-geben-sich-CFOs-optimistisch-organisator.jpg","schema":{"@context":"https:\/\/schema.org","@graph":[{"@type":"Article","@id":"https:\/\/www.organisator.ch\/management\/2016-11-17\/trotz-unsicherheiten-geben-sich-cfos-optimistisch\/#article","isPartOf":{"@id":"https:\/\/www.organisator.ch\/management\/2016-11-17\/trotz-unsicherheiten-geben-sich-cfos-optimistisch\/"},"author":{"name":"admin","@id":"https:\/\/www.organisator.ch\/#\/schema\/person\/aa2bace6c5c5aad60102004a50c4eb1c"},"headline":"Trotz Unsicherheiten geben sich CFOs optimistisch","datePublished":"2016-11-17T13:46:24+00:00","mainEntityOfPage":{"@id":"https:\/\/www.organisator.ch\/management\/2016-11-17\/trotz-unsicherheiten-geben-sich-cfos-optimistisch\/"},"wordCount":814,"commentCount":0,"publisher":{"@id":"https:\/\/www.organisator.ch\/#organization"},"image":{"@id":"https:\/\/www.organisator.ch\/management\/2016-11-17\/trotz-unsicherheiten-geben-sich-cfos-optimistisch\/#primaryimage"},"thumbnailUrl":"https:\/\/www.organisator.ch\/wp-content\/uploads\/2016\/12\/Trotz-Unsicherheiten-geben-sich-CFOs-optimistisch-organisator.jpg","keywords":["Management und Unternehmensf\u00fchrung"],"articleSection":["MANAGEMENT"],"inLanguage":"de"},{"@type":"WebPage","@id":"https:\/\/www.organisator.ch\/management\/2016-11-17\/trotz-unsicherheiten-geben-sich-cfos-optimistisch\/","url":"https:\/\/www.organisator.ch\/management\/2016-11-17\/trotz-unsicherheiten-geben-sich-cfos-optimistisch\/","name":"Trotz Unsicherheiten geben sich CFOs optimistisch - Organisator","isPartOf":{"@id":"https:\/\/www.organisator.ch\/#website"},"primaryImageOfPage":{"@id":"https:\/\/www.organisator.ch\/management\/2016-11-17\/trotz-unsicherheiten-geben-sich-cfos-optimistisch\/#primaryimage"},"image":{"@id":"https:\/\/www.organisator.ch\/management\/2016-11-17\/trotz-unsicherheiten-geben-sich-cfos-optimistisch\/#primaryimage"},"thumbnailUrl":"https:\/\/www.organisator.ch\/wp-content\/uploads\/2016\/12\/Trotz-Unsicherheiten-geben-sich-CFOs-optimistisch-organisator.jpg","datePublished":"2016-11-17T13:46:24+00:00","description":"Unter den Finanzchefs in Europa bleibt die Stimmung ged\u00e4mpft und die Unsicherheit gross, w\u00e4hrend der Optimismus in der Schweiz eher zunimmt.","breadcrumb":{"@id":"https:\/\/www.organisator.ch\/management\/2016-11-17\/trotz-unsicherheiten-geben-sich-cfos-optimistisch\/#breadcrumb"},"inLanguage":"de","potentialAction":[{"@type":"ReadAction","target":["https:\/\/www.organisator.ch\/management\/2016-11-17\/trotz-unsicherheiten-geben-sich-cfos-optimistisch\/"]}]},{"@type":"ImageObject","inLanguage":"de","@id":"https:\/\/www.organisator.ch\/management\/2016-11-17\/trotz-unsicherheiten-geben-sich-cfos-optimistisch\/#primaryimage","url":"https:\/\/www.organisator.ch\/wp-content\/uploads\/2016\/12\/Trotz-Unsicherheiten-geben-sich-CFOs-optimistisch-organisator.jpg","contentUrl":"https:\/\/www.organisator.ch\/wp-content\/uploads\/2016\/12\/Trotz-Unsicherheiten-geben-sich-CFOs-optimistisch-organisator.jpg","width":640,"height":427,"caption":"Viele Schweizer CFOs sehen trotz Unsicherheiten optimistischer in die Zukunft als ihre europ\u00e4ischen Kollegen (Foto: Marko Greitschus \/ pixelio.de)"},{"@type":"BreadcrumbList","@id":"https:\/\/www.organisator.ch\/management\/2016-11-17\/trotz-unsicherheiten-geben-sich-cfos-optimistisch\/#breadcrumb","itemListElement":[{"@type":"ListItem","position":1,"name":"Home","item":"https:\/\/www.organisator.ch\/"},{"@type":"ListItem","position":2,"name":"Trotz Unsicherheiten geben sich CFOs optimistisch"}]},{"@type":"WebSite","@id":"https:\/\/www.organisator.ch\/#website","url":"https:\/\/www.organisator.ch\/","name":"Organisator","description":"Kompetent. Praxisnah. Der ORGANISATOR bereitet in 10 Ausgaben pro Jahr die wesentlichen Themen f\u00fcr F\u00fchrungskr\u00e4fte von KMU auf.","publisher":{"@id":"https:\/\/www.organisator.ch\/#organization"},"potentialAction":[{"@type":"SearchAction","target":{"@type":"EntryPoint","urlTemplate":"https:\/\/www.organisator.ch\/?s={search_term_string}"},"query-input":{"@type":"PropertyValueSpecification","valueRequired":true,"valueName":"search_term_string"}}],"inLanguage":"de"},{"@type":"Organization","@id":"https:\/\/www.organisator.ch\/#organization","name":"Organisator","url":"https:\/\/www.organisator.ch\/","logo":{"@type":"ImageObject","inLanguage":"de","@id":"https:\/\/www.organisator.ch\/#\/schema\/logo\/image\/","url":"https:\/\/www.organisator.ch\/wp-content\/uploads\/2022\/01\/Logo_Organisator_Website.png","contentUrl":"https:\/\/www.organisator.ch\/wp-content\/uploads\/2022\/01\/Logo_Organisator_Website.png","width":800,"height":77,"caption":"Organisator"},"image":{"@id":"https:\/\/www.organisator.ch\/#\/schema\/logo\/image\/"},"sameAs":["https:\/\/www.facebook.com\/OrganisatorFachmagazin","https:\/\/www.linkedin.com\/showcase\/organisator-das-magazin-fr-kmu","https:\/\/www.xing.com\/news\/pages\/organisator-ch-695","https:\/\/www.youtube.com\/channel\/UCGP2Sq0iWaZwT3BdIAQFYpw"]},{"@type":"Person","@id":"https:\/\/www.organisator.ch\/#\/schema\/person\/aa2bace6c5c5aad60102004a50c4eb1c","name":"admin","image":{"@type":"ImageObject","inLanguage":"de","@id":"https:\/\/secure.gravatar.com\/avatar\/ae2f4d718e6c49043e314ce431e7e645d646302a24a5ef5a8bc8e3f5a032e319?s=96&d=mm&r=g","url":"https:\/\/secure.gravatar.com\/avatar\/ae2f4d718e6c49043e314ce431e7e645d646302a24a5ef5a8bc8e3f5a032e319?s=96&d=mm&r=g","contentUrl":"https:\/\/secure.gravatar.com\/avatar\/ae2f4d718e6c49043e314ce431e7e645d646302a24a5ef5a8bc8e3f5a032e319?s=96&d=mm&r=g","caption":"admin"},"sameAs":["https:\/\/www.organisator.ch"],"url":"https:\/\/www.organisator.ch\/de\/author\/admin\/"}]}},"_links":{"self":[{"href":"https:\/\/www.organisator.ch\/de\/wp-json\/wp\/v2\/posts\/371","targetHints":{"allow":["GET"]}}],"collection":[{"href":"https:\/\/www.organisator.ch\/de\/wp-json\/wp\/v2\/posts"}],"about":[{"href":"https:\/\/www.organisator.ch\/de\/wp-json\/wp\/v2\/types\/post"}],"author":[{"embeddable":true,"href":"https:\/\/www.organisator.ch\/de\/wp-json\/wp\/v2\/users\/1"}],"replies":[{"embeddable":true,"href":"https:\/\/www.organisator.ch\/de\/wp-json\/wp\/v2\/comments?post=371"}],"version-history":[{"count":0,"href":"https:\/\/www.organisator.ch\/de\/wp-json\/wp\/v2\/posts\/371\/revisions"}],"wp:featuredmedia":[{"embeddable":true,"href":"https:\/\/www.organisator.ch\/de\/wp-json\/wp\/v2\/media\/372"}],"wp:attachment":[{"href":"https:\/\/www.organisator.ch\/de\/wp-json\/wp\/v2\/media?parent=371"}],"wp:term":[{"taxonomy":"category","embeddable":true,"href":"https:\/\/www.organisator.ch\/de\/wp-json\/wp\/v2\/categories?post=371"},{"taxonomy":"post_tag","embeddable":true,"href":"https:\/\/www.organisator.ch\/de\/wp-json\/wp\/v2\/tags?post=371"}],"curies":[{"name":"wp","href":"https:\/\/api.w.org\/{rel}","templated":true}]}}