{"id":37138,"date":"2025-03-24T10:53:39","date_gmt":"2025-03-24T09:53:39","guid":{"rendered":"https:\/\/www.organisator.ch\/?p=37138"},"modified":"2025-03-24T10:53:39","modified_gmt":"2025-03-24T09:53:39","slug":"neuer-programmbeirat-fuer-das-rheintaler-wirtschaftsforum","status":"publish","type":"post","link":"https:\/\/www.organisator.ch\/de\/management\/2025-03-24\/neuer-programmbeirat-fuer-das-rheintaler-wirtschaftsforum\/","title":{"rendered":"Neuer Programmbeirat f\u00fcr das Rheintaler Wirtschaftsforum"},"content":{"rendered":"<figure id=\"attachment_37139\" aria-describedby=\"caption-attachment-37139\" style=\"width: 680px\" class=\"wp-caption alignnone\"><img loading=\"lazy\" decoding=\"async\" class=\"size-full wp-image-37139\" src=\"https:\/\/www.organisator.ch\/wp-content\/uploads\/2025\/03\/WIFO_Bild_ps.jpg\" alt=\"\" width=\"680\" height=\"471\" srcset=\"https:\/\/www.organisator.ch\/wp-content\/uploads\/2025\/03\/WIFO_Bild_ps.jpg 680w, https:\/\/www.organisator.ch\/wp-content\/uploads\/2025\/03\/WIFO_Bild_ps-18x12.jpg 18w, https:\/\/www.organisator.ch\/wp-content\/uploads\/2025\/03\/WIFO_Bild_ps-375x260.jpg 375w, https:\/\/www.organisator.ch\/wp-content\/uploads\/2025\/03\/WIFO_Bild_ps-505x350.jpg 505w\" sizes=\"auto, (max-width: 680px) 100vw, 680px\" \/><figcaption id=\"caption-attachment-37139\" class=\"wp-caption-text\">Von links: Reinhard Frei, Karin Krawczyk, Claudia Franziska Br\u00fchwiler, Klaus Brammertz, Daniel Ettlinger, Urs Schneider, Gerhard Schwarz. (Bild: Galledia Event AG)<\/figcaption><\/figure>\n<p>Dem Gremium geh\u00f6ren namhafte Pers\u00f6nlichkeiten aus Wirtschaft und Wissenschaft an. Reinhard Frei, der das Forum \u00fcber viele Jahre gepr\u00e4gt hat, bleibt dem Forum als Vorsitzender des Beirats weiterhin in beratender Funktion erhalten. An seiner Seite wirken die Politikwissenschafterin und Amerika-Expertin Claudia Franziska Br\u00fchwiler von der HSG, der ehemalige NZZ-Journalist und ehemalige Direktor von Avenir Suisse Gerhard Schwarz sowie Klaus Brammertz, Pr\u00e4sident des AGV Rheintal. Erg\u00e4nzt wird das Team durch Karin Krawczyk, Gesch\u00e4ftsf\u00fchrerin der Galledia Event AG, die gleichzeitig die neue Tagungsleitung \u00fcbernimmt, Urs Schneider, Verwaltungsratspr\u00e4sident der Galledia Gruppe, und Daniel Ettlinger, CEO der Galledia Gruppe.<\/p>\n<p>Nun l\u00e4uft die inhaltliche Planung auf Hochtouren. Die konstituierende Sitzung des Beirats fand diese Woche in St. Gallen statt. Das finale Programm wird im Sommer 2025 ver\u00f6ffentlicht. Bis dahin heisst es: gespannt bleiben!<\/p>\n<p>Das 31. Rheintaler Wirtschaftsforum findet am 16. Januar 2026 statt.<\/p>\n<p><em><a href=\"https:\/\/www.wifo.ch\/\">Weitere Informationen<\/a><\/em><\/p>\n","protected":false},"excerpt":{"rendered":"<p>Das Rheintaler Wirtschaftsforum startet in eine neue \u00c4ra. Nach der feierlichen Verabschiedung von Reinhard Frei als langj\u00e4hrigem Tagungsleiter am 30. Rheintaler Wirtschaftsforum im Januar 2025 steht nun fest, wie es weitergeht. Ein neu zusammengestellter Programmbeirat \u00fcbernimmt die inhaltliche Gestaltung der zuk\u00fcnftigen Rheintaler Wirtschaftsforen.<\/p>\n","protected":false},"author":80,"featured_media":37139,"comment_status":"closed","ping_status":"closed","sticky":false,"template":"","format":"standard","meta":{"_acf_changed":false,"_yoast_wpseo_focuskw":"Rheintaler Wirtschaftsforum","_yoast_wpseo_metadesc":"Neuer Programmbeirat \u00fcbernimmt die Themenplanung des Rheintaler Wirtschaftsforums \u2013 Startschuss f\u00fcr frische Impulse ab 2026.","articlekey":"","footnotes":""},"categories":[28],"tags":[5226,3348,4301],"class_list":["post-37138","post","type-post","status-publish","format-standard","has-post-thumbnail","hentry","category-management","tag-programmbeirat","tag-rheintaler-wirtschaftsforum","tag-wechsel"],"acf":[],"yoast_head":"<!-- This site is optimized with the Yoast SEO plugin v27.5 - https:\/\/yoast.com\/product\/yoast-seo-wordpress\/ -->\n<title>Neuer Programmbeirat f\u00fcr das Rheintaler Wirtschaftsforum - Organisator<\/title>\n<meta name=\"description\" content=\"Neuer Programmbeirat \u00fcbernimmt die Themenplanung des Rheintaler Wirtschaftsforums \u2013 Startschuss f\u00fcr frische Impulse ab 2026.\" \/>\n<meta name=\"robots\" content=\"index, follow, max-snippet:-1, max-image-preview:large, max-video-preview:-1\" \/>\n<link rel=\"canonical\" href=\"https:\/\/www.organisator.ch\/de\/management\/2025-03-24\/neuer-programmbeirat-fuer-das-rheintaler-wirtschaftsforum\/\" \/>\n<meta property=\"og:locale\" content=\"de_DE\" \/>\n<meta property=\"og:type\" content=\"article\" \/>\n<meta property=\"og:title\" content=\"Neuer Programmbeirat f\u00fcr das Rheintaler Wirtschaftsforum\" \/>\n<meta property=\"og:description\" content=\"Neuer Programmbeirat \u00fcbernimmt die Themenplanung des Rheintaler Wirtschaftsforums \u2013 Startschuss f\u00fcr frische Impulse ab 2026.\" \/>\n<meta property=\"og:url\" content=\"https:\/\/www.organisator.ch\/de\/management\/2025-03-24\/neuer-programmbeirat-fuer-das-rheintaler-wirtschaftsforum\/\" \/>\n<meta property=\"og:site_name\" content=\"Organisator\" \/>\n<meta property=\"article:publisher\" content=\"https:\/\/www.facebook.com\/OrganisatorFachmagazin\" \/>\n<meta property=\"article:published_time\" content=\"2025-03-24T09:53:39+00:00\" \/>\n<meta property=\"og:image\" content=\"https:\/\/www.organisator.ch\/wp-content\/uploads\/2025\/03\/WIFO_Bild_ps.jpg\" \/>\n\t<meta property=\"og:image:width\" content=\"680\" \/>\n\t<meta property=\"og:image:height\" content=\"471\" \/>\n\t<meta property=\"og:image:type\" content=\"image\/jpeg\" \/>\n<meta name=\"author\" content=\"Dzana Muminovic\" \/>\n<meta name=\"twitter:card\" content=\"summary_large_image\" \/>\n<meta name=\"twitter:title\" content=\"Neuer Programmbeirat f\u00fcr das Rheintaler Wirtschaftsforum\" \/>\n<meta name=\"twitter:description\" content=\"Neuer #Programmbeirat \u00fcbernimmt die #Themenplanung des #Rheintaler #Wirtschaftsforums \u2013 Startschuss f\u00fcr frische Impulse ab 2026.\" \/>\n<meta name=\"twitter:image\" content=\"https:\/\/www.organisator.ch\/wp-content\/uploads\/2025\/03\/WIFO_Bild_ps.jpg\" \/>\n<script type=\"application\/ld+json\" class=\"yoast-schema-graph\">{\"@context\":\"https:\\\/\\\/schema.org\",\"@graph\":[{\"@type\":\"Article\",\"@id\":\"https:\\\/\\\/www.organisator.ch\\\/management\\\/2025-03-24\\\/neuer-programmbeirat-fuer-das-rheintaler-wirtschaftsforum\\\/#article\",\"isPartOf\":{\"@id\":\"https:\\\/\\\/www.organisator.ch\\\/management\\\/2025-03-24\\\/neuer-programmbeirat-fuer-das-rheintaler-wirtschaftsforum\\\/\"},\"author\":{\"name\":\"Dzana Muminovic\",\"@id\":\"https:\\\/\\\/www.organisator.ch\\\/#\\\/schema\\\/person\\\/afccda3a71c06d4be2ed9100dd163db7\"},\"headline\":\"Neuer Programmbeirat f\u00fcr das Rheintaler Wirtschaftsforum\",\"datePublished\":\"2025-03-24T09:53:39+00:00\",\"mainEntityOfPage\":{\"@id\":\"https:\\\/\\\/www.organisator.ch\\\/management\\\/2025-03-24\\\/neuer-programmbeirat-fuer-das-rheintaler-wirtschaftsforum\\\/\"},\"wordCount\":183,\"publisher\":{\"@id\":\"https:\\\/\\\/www.organisator.ch\\\/#organization\"},\"image\":{\"@id\":\"https:\\\/\\\/www.organisator.ch\\\/management\\\/2025-03-24\\\/neuer-programmbeirat-fuer-das-rheintaler-wirtschaftsforum\\\/#primaryimage\"},\"thumbnailUrl\":\"https:\\\/\\\/www.organisator.ch\\\/wp-content\\\/uploads\\\/2025\\\/03\\\/WIFO_Bild_ps.jpg\",\"keywords\":[\"Programmbeirat\",\"Rheintaler Wirtschaftsforum\",\"Wechsel\"],\"articleSection\":[\"MANAGEMENT\"],\"inLanguage\":\"de\"},{\"@type\":\"WebPage\",\"@id\":\"https:\\\/\\\/www.organisator.ch\\\/management\\\/2025-03-24\\\/neuer-programmbeirat-fuer-das-rheintaler-wirtschaftsforum\\\/\",\"url\":\"https:\\\/\\\/www.organisator.ch\\\/management\\\/2025-03-24\\\/neuer-programmbeirat-fuer-das-rheintaler-wirtschaftsforum\\\/\",\"name\":\"Neuer Programmbeirat f\u00fcr das Rheintaler Wirtschaftsforum - Organisator\",\"isPartOf\":{\"@id\":\"https:\\\/\\\/www.organisator.ch\\\/#website\"},\"primaryImageOfPage\":{\"@id\":\"https:\\\/\\\/www.organisator.ch\\\/management\\\/2025-03-24\\\/neuer-programmbeirat-fuer-das-rheintaler-wirtschaftsforum\\\/#primaryimage\"},\"image\":{\"@id\":\"https:\\\/\\\/www.organisator.ch\\\/management\\\/2025-03-24\\\/neuer-programmbeirat-fuer-das-rheintaler-wirtschaftsforum\\\/#primaryimage\"},\"thumbnailUrl\":\"https:\\\/\\\/www.organisator.ch\\\/wp-content\\\/uploads\\\/2025\\\/03\\\/WIFO_Bild_ps.jpg\",\"datePublished\":\"2025-03-24T09:53:39+00:00\",\"description\":\"Neuer Programmbeirat \u00fcbernimmt die Themenplanung des Rheintaler Wirtschaftsforums \u2013 Startschuss f\u00fcr frische Impulse ab 2026.\",\"breadcrumb\":{\"@id\":\"https:\\\/\\\/www.organisator.ch\\\/management\\\/2025-03-24\\\/neuer-programmbeirat-fuer-das-rheintaler-wirtschaftsforum\\\/#breadcrumb\"},\"inLanguage\":\"de\",\"potentialAction\":[{\"@type\":\"ReadAction\",\"target\":[\"https:\\\/\\\/www.organisator.ch\\\/management\\\/2025-03-24\\\/neuer-programmbeirat-fuer-das-rheintaler-wirtschaftsforum\\\/\"]}]},{\"@type\":\"ImageObject\",\"inLanguage\":\"de\",\"@id\":\"https:\\\/\\\/www.organisator.ch\\\/management\\\/2025-03-24\\\/neuer-programmbeirat-fuer-das-rheintaler-wirtschaftsforum\\\/#primaryimage\",\"url\":\"https:\\\/\\\/www.organisator.ch\\\/wp-content\\\/uploads\\\/2025\\\/03\\\/WIFO_Bild_ps.jpg\",\"contentUrl\":\"https:\\\/\\\/www.organisator.ch\\\/wp-content\\\/uploads\\\/2025\\\/03\\\/WIFO_Bild_ps.jpg\",\"width\":680,\"height\":471,\"caption\":\"Von links: Reinhard Frei, Karin Krawczyk, Claudia Franziska Br\u00fchwiler, Klaus Brammertz, Daniel Ettlinger, Urs Schneider, Gerhard Schwarz. (Bild: Galledia Event AG)\"},{\"@type\":\"BreadcrumbList\",\"@id\":\"https:\\\/\\\/www.organisator.ch\\\/management\\\/2025-03-24\\\/neuer-programmbeirat-fuer-das-rheintaler-wirtschaftsforum\\\/#breadcrumb\",\"itemListElement\":[{\"@type\":\"ListItem\",\"position\":1,\"name\":\"Home\",\"item\":\"https:\\\/\\\/www.organisator.ch\\\/\"},{\"@type\":\"ListItem\",\"position\":2,\"name\":\"Neuer Programmbeirat f\u00fcr das Rheintaler Wirtschaftsforum\"}]},{\"@type\":\"WebSite\",\"@id\":\"https:\\\/\\\/www.organisator.ch\\\/#website\",\"url\":\"https:\\\/\\\/www.organisator.ch\\\/\",\"name\":\"Organisator\",\"description\":\"Kompetent. Praxisnah. Der ORGANISATOR bereitet in 10 Ausgaben pro Jahr die wesentlichen Themen f\u00fcr F\u00fchrungskr\u00e4fte von KMU auf.\",\"publisher\":{\"@id\":\"https:\\\/\\\/www.organisator.ch\\\/#organization\"},\"potentialAction\":[{\"@type\":\"SearchAction\",\"target\":{\"@type\":\"EntryPoint\",\"urlTemplate\":\"https:\\\/\\\/www.organisator.ch\\\/?s={search_term_string}\"},\"query-input\":{\"@type\":\"PropertyValueSpecification\",\"valueRequired\":true,\"valueName\":\"search_term_string\"}}],\"inLanguage\":\"de\"},{\"@type\":\"Organization\",\"@id\":\"https:\\\/\\\/www.organisator.ch\\\/#organization\",\"name\":\"Organisator\",\"url\":\"https:\\\/\\\/www.organisator.ch\\\/\",\"logo\":{\"@type\":\"ImageObject\",\"inLanguage\":\"de\",\"@id\":\"https:\\\/\\\/www.organisator.ch\\\/#\\\/schema\\\/logo\\\/image\\\/\",\"url\":\"https:\\\/\\\/www.organisator.ch\\\/wp-content\\\/uploads\\\/2022\\\/01\\\/Logo_Organisator_Website.png\",\"contentUrl\":\"https:\\\/\\\/www.organisator.ch\\\/wp-content\\\/uploads\\\/2022\\\/01\\\/Logo_Organisator_Website.png\",\"width\":800,\"height\":77,\"caption\":\"Organisator\"},\"image\":{\"@id\":\"https:\\\/\\\/www.organisator.ch\\\/#\\\/schema\\\/logo\\\/image\\\/\"},\"sameAs\":[\"https:\\\/\\\/www.facebook.com\\\/OrganisatorFachmagazin\",\"https:\\\/\\\/www.linkedin.com\\\/showcase\\\/organisator-das-magazin-fr-kmu\",\"https:\\\/\\\/www.xing.com\\\/news\\\/pages\\\/organisator-ch-695\",\"https:\\\/\\\/www.youtube.com\\\/channel\\\/UCGP2Sq0iWaZwT3BdIAQFYpw\"]},{\"@type\":\"Person\",\"@id\":\"https:\\\/\\\/www.organisator.ch\\\/#\\\/schema\\\/person\\\/afccda3a71c06d4be2ed9100dd163db7\",\"name\":\"Dzana Muminovic\",\"image\":{\"@type\":\"ImageObject\",\"inLanguage\":\"de\",\"@id\":\"https:\\\/\\\/secure.gravatar.com\\\/avatar\\\/909c5c71aff4b38e88686f2ab2f1ba152571f394f41ed8bae431ea56ced93050?s=96&d=mm&r=g\",\"url\":\"https:\\\/\\\/secure.gravatar.com\\\/avatar\\\/909c5c71aff4b38e88686f2ab2f1ba152571f394f41ed8bae431ea56ced93050?s=96&d=mm&r=g\",\"contentUrl\":\"https:\\\/\\\/secure.gravatar.com\\\/avatar\\\/909c5c71aff4b38e88686f2ab2f1ba152571f394f41ed8bae431ea56ced93050?s=96&d=mm&r=g\",\"caption\":\"Dzana Muminovic\"},\"url\":\"https:\\\/\\\/www.organisator.ch\\\/de\\\/author\\\/dzana-muminovic\\\/\"}]}<\/script>\n<!-- \/ Yoast SEO plugin. -->","yoast_head_json":{"title":"Neuer Programmbeirat f\u00fcr das Rheintaler Wirtschaftsforum - Organisator","description":"Neuer Programmbeirat \u00fcbernimmt die Themenplanung des Rheintaler Wirtschaftsforums \u2013 Startschuss f\u00fcr frische Impulse ab 2026.","robots":{"index":"index","follow":"follow","max-snippet":"max-snippet:-1","max-image-preview":"max-image-preview:large","max-video-preview":"max-video-preview:-1"},"canonical":"https:\/\/www.organisator.ch\/de\/management\/2025-03-24\/neuer-programmbeirat-fuer-das-rheintaler-wirtschaftsforum\/","og_locale":"de_DE","og_type":"article","og_title":"Neuer Programmbeirat f\u00fcr das Rheintaler Wirtschaftsforum","og_description":"Neuer Programmbeirat \u00fcbernimmt die Themenplanung des Rheintaler Wirtschaftsforums \u2013 Startschuss f\u00fcr frische Impulse ab 2026.","og_url":"https:\/\/www.organisator.ch\/de\/management\/2025-03-24\/neuer-programmbeirat-fuer-das-rheintaler-wirtschaftsforum\/","og_site_name":"Organisator","article_publisher":"https:\/\/www.facebook.com\/OrganisatorFachmagazin","article_published_time":"2025-03-24T09:53:39+00:00","og_image":[{"width":680,"height":471,"url":"https:\/\/www.organisator.ch\/wp-content\/uploads\/2025\/03\/WIFO_Bild_ps.jpg","type":"image\/jpeg"}],"author":"Dzana Muminovic","twitter_card":"summary_large_image","twitter_title":"Neuer Programmbeirat f\u00fcr das Rheintaler Wirtschaftsforum","twitter_description":"Neuer #Programmbeirat \u00fcbernimmt die #Themenplanung des #Rheintaler #Wirtschaftsforums \u2013 Startschuss f\u00fcr frische Impulse ab 2026.","twitter_image":"https:\/\/www.organisator.ch\/wp-content\/uploads\/2025\/03\/WIFO_Bild_ps.jpg","schema":{"@context":"https:\/\/schema.org","@graph":[{"@type":"Article","@id":"https:\/\/www.organisator.ch\/management\/2025-03-24\/neuer-programmbeirat-fuer-das-rheintaler-wirtschaftsforum\/#article","isPartOf":{"@id":"https:\/\/www.organisator.ch\/management\/2025-03-24\/neuer-programmbeirat-fuer-das-rheintaler-wirtschaftsforum\/"},"author":{"name":"Dzana Muminovic","@id":"https:\/\/www.organisator.ch\/#\/schema\/person\/afccda3a71c06d4be2ed9100dd163db7"},"headline":"Neuer Programmbeirat f\u00fcr das Rheintaler Wirtschaftsforum","datePublished":"2025-03-24T09:53:39+00:00","mainEntityOfPage":{"@id":"https:\/\/www.organisator.ch\/management\/2025-03-24\/neuer-programmbeirat-fuer-das-rheintaler-wirtschaftsforum\/"},"wordCount":183,"publisher":{"@id":"https:\/\/www.organisator.ch\/#organization"},"image":{"@id":"https:\/\/www.organisator.ch\/management\/2025-03-24\/neuer-programmbeirat-fuer-das-rheintaler-wirtschaftsforum\/#primaryimage"},"thumbnailUrl":"https:\/\/www.organisator.ch\/wp-content\/uploads\/2025\/03\/WIFO_Bild_ps.jpg","keywords":["Programmbeirat","Rheintaler Wirtschaftsforum","Wechsel"],"articleSection":["MANAGEMENT"],"inLanguage":"de"},{"@type":"WebPage","@id":"https:\/\/www.organisator.ch\/management\/2025-03-24\/neuer-programmbeirat-fuer-das-rheintaler-wirtschaftsforum\/","url":"https:\/\/www.organisator.ch\/management\/2025-03-24\/neuer-programmbeirat-fuer-das-rheintaler-wirtschaftsforum\/","name":"Neuer Programmbeirat f\u00fcr das Rheintaler Wirtschaftsforum - Organisator","isPartOf":{"@id":"https:\/\/www.organisator.ch\/#website"},"primaryImageOfPage":{"@id":"https:\/\/www.organisator.ch\/management\/2025-03-24\/neuer-programmbeirat-fuer-das-rheintaler-wirtschaftsforum\/#primaryimage"},"image":{"@id":"https:\/\/www.organisator.ch\/management\/2025-03-24\/neuer-programmbeirat-fuer-das-rheintaler-wirtschaftsforum\/#primaryimage"},"thumbnailUrl":"https:\/\/www.organisator.ch\/wp-content\/uploads\/2025\/03\/WIFO_Bild_ps.jpg","datePublished":"2025-03-24T09:53:39+00:00","description":"Neuer Programmbeirat \u00fcbernimmt die Themenplanung des Rheintaler Wirtschaftsforums \u2013 Startschuss f\u00fcr frische Impulse ab 2026.","breadcrumb":{"@id":"https:\/\/www.organisator.ch\/management\/2025-03-24\/neuer-programmbeirat-fuer-das-rheintaler-wirtschaftsforum\/#breadcrumb"},"inLanguage":"de","potentialAction":[{"@type":"ReadAction","target":["https:\/\/www.organisator.ch\/management\/2025-03-24\/neuer-programmbeirat-fuer-das-rheintaler-wirtschaftsforum\/"]}]},{"@type":"ImageObject","inLanguage":"de","@id":"https:\/\/www.organisator.ch\/management\/2025-03-24\/neuer-programmbeirat-fuer-das-rheintaler-wirtschaftsforum\/#primaryimage","url":"https:\/\/www.organisator.ch\/wp-content\/uploads\/2025\/03\/WIFO_Bild_ps.jpg","contentUrl":"https:\/\/www.organisator.ch\/wp-content\/uploads\/2025\/03\/WIFO_Bild_ps.jpg","width":680,"height":471,"caption":"Von links: Reinhard Frei, Karin Krawczyk, Claudia Franziska Br\u00fchwiler, Klaus Brammertz, Daniel Ettlinger, Urs Schneider, Gerhard Schwarz. (Bild: Galledia Event AG)"},{"@type":"BreadcrumbList","@id":"https:\/\/www.organisator.ch\/management\/2025-03-24\/neuer-programmbeirat-fuer-das-rheintaler-wirtschaftsforum\/#breadcrumb","itemListElement":[{"@type":"ListItem","position":1,"name":"Home","item":"https:\/\/www.organisator.ch\/"},{"@type":"ListItem","position":2,"name":"Neuer Programmbeirat f\u00fcr das Rheintaler Wirtschaftsforum"}]},{"@type":"WebSite","@id":"https:\/\/www.organisator.ch\/#website","url":"https:\/\/www.organisator.ch\/","name":"Organisator","description":"Kompetent. Praxisnah. Der ORGANISATOR bereitet in 10 Ausgaben pro Jahr die wesentlichen Themen f\u00fcr F\u00fchrungskr\u00e4fte von KMU auf.","publisher":{"@id":"https:\/\/www.organisator.ch\/#organization"},"potentialAction":[{"@type":"SearchAction","target":{"@type":"EntryPoint","urlTemplate":"https:\/\/www.organisator.ch\/?s={search_term_string}"},"query-input":{"@type":"PropertyValueSpecification","valueRequired":true,"valueName":"search_term_string"}}],"inLanguage":"de"},{"@type":"Organization","@id":"https:\/\/www.organisator.ch\/#organization","name":"Organisator","url":"https:\/\/www.organisator.ch\/","logo":{"@type":"ImageObject","inLanguage":"de","@id":"https:\/\/www.organisator.ch\/#\/schema\/logo\/image\/","url":"https:\/\/www.organisator.ch\/wp-content\/uploads\/2022\/01\/Logo_Organisator_Website.png","contentUrl":"https:\/\/www.organisator.ch\/wp-content\/uploads\/2022\/01\/Logo_Organisator_Website.png","width":800,"height":77,"caption":"Organisator"},"image":{"@id":"https:\/\/www.organisator.ch\/#\/schema\/logo\/image\/"},"sameAs":["https:\/\/www.facebook.com\/OrganisatorFachmagazin","https:\/\/www.linkedin.com\/showcase\/organisator-das-magazin-fr-kmu","https:\/\/www.xing.com\/news\/pages\/organisator-ch-695","https:\/\/www.youtube.com\/channel\/UCGP2Sq0iWaZwT3BdIAQFYpw"]},{"@type":"Person","@id":"https:\/\/www.organisator.ch\/#\/schema\/person\/afccda3a71c06d4be2ed9100dd163db7","name":"Dzana Muminovic","image":{"@type":"ImageObject","inLanguage":"de","@id":"https:\/\/secure.gravatar.com\/avatar\/909c5c71aff4b38e88686f2ab2f1ba152571f394f41ed8bae431ea56ced93050?s=96&d=mm&r=g","url":"https:\/\/secure.gravatar.com\/avatar\/909c5c71aff4b38e88686f2ab2f1ba152571f394f41ed8bae431ea56ced93050?s=96&d=mm&r=g","contentUrl":"https:\/\/secure.gravatar.com\/avatar\/909c5c71aff4b38e88686f2ab2f1ba152571f394f41ed8bae431ea56ced93050?s=96&d=mm&r=g","caption":"Dzana Muminovic"},"url":"https:\/\/www.organisator.ch\/de\/author\/dzana-muminovic\/"}]}},"_links":{"self":[{"href":"https:\/\/www.organisator.ch\/de\/wp-json\/wp\/v2\/posts\/37138","targetHints":{"allow":["GET"]}}],"collection":[{"href":"https:\/\/www.organisator.ch\/de\/wp-json\/wp\/v2\/posts"}],"about":[{"href":"https:\/\/www.organisator.ch\/de\/wp-json\/wp\/v2\/types\/post"}],"author":[{"embeddable":true,"href":"https:\/\/www.organisator.ch\/de\/wp-json\/wp\/v2\/users\/80"}],"replies":[{"embeddable":true,"href":"https:\/\/www.organisator.ch\/de\/wp-json\/wp\/v2\/comments?post=37138"}],"version-history":[{"count":4,"href":"https:\/\/www.organisator.ch\/de\/wp-json\/wp\/v2\/posts\/37138\/revisions"}],"predecessor-version":[{"id":37173,"href":"https:\/\/www.organisator.ch\/de\/wp-json\/wp\/v2\/posts\/37138\/revisions\/37173"}],"wp:featuredmedia":[{"embeddable":true,"href":"https:\/\/www.organisator.ch\/de\/wp-json\/wp\/v2\/media\/37139"}],"wp:attachment":[{"href":"https:\/\/www.organisator.ch\/de\/wp-json\/wp\/v2\/media?parent=37138"}],"wp:term":[{"taxonomy":"category","embeddable":true,"href":"https:\/\/www.organisator.ch\/de\/wp-json\/wp\/v2\/categories?post=37138"},{"taxonomy":"post_tag","embeddable":true,"href":"https:\/\/www.organisator.ch\/de\/wp-json\/wp\/v2\/tags?post=37138"}],"curies":[{"name":"wp","href":"https:\/\/api.w.org\/{rel}","templated":true}]}}