{"id":37176,"date":"2025-03-25T11:00:31","date_gmt":"2025-03-25T10:00:31","guid":{"rendered":"https:\/\/www.organisator.ch\/?p=37176"},"modified":"2025-03-25T10:27:57","modified_gmt":"2025-03-25T09:27:57","slug":"neuer-direktor-der-hochschule-fuer-wirtschaft-fhnw","status":"publish","type":"post","link":"https:\/\/www.organisator.ch\/de\/management\/2025-03-25\/neuer-direktor-der-hochschule-fuer-wirtschaft-fhnw\/","title":{"rendered":"Neuer Direktor der Hochschule f\u00fcr Wirtschaft FHNW"},"content":{"rendered":"<figure id=\"attachment_37177\" aria-describedby=\"caption-attachment-37177\" style=\"width: 680px\" class=\"wp-caption alignnone\"><img loading=\"lazy\" decoding=\"async\" class=\"size-full wp-image-37177\" src=\"https:\/\/www.organisator.ch\/wp-content\/uploads\/2025\/03\/FHNW_Bild_ps-1.jpg\" alt=\"\" width=\"680\" height=\"452\" srcset=\"https:\/\/www.organisator.ch\/wp-content\/uploads\/2025\/03\/FHNW_Bild_ps-1.jpg 680w, https:\/\/www.organisator.ch\/wp-content\/uploads\/2025\/03\/FHNW_Bild_ps-1-18x12.jpg 18w, https:\/\/www.organisator.ch\/wp-content\/uploads\/2025\/03\/FHNW_Bild_ps-1-375x249.jpg 375w, https:\/\/www.organisator.ch\/wp-content\/uploads\/2025\/03\/FHNW_Bild_ps-1-527x350.jpg 527w\" sizes=\"auto, (max-width: 680px) 100vw, 680px\" \/><figcaption id=\"caption-attachment-37177\" class=\"wp-caption-text\">Dr. Rico Travella, neuer Direktor der Hochschule f\u00fcr Wirtschaft FHNW. (Bild: FHNW)<\/figcaption><\/figure>\n<p>Dr. Rico Travella (58) hat sein Studium in Betriebswirtschaft 1990 an der Universit\u00e4t St. Gallen abgeschlossen und erlangte 2003, ebenfalls an der Universit\u00e4t St. Gallen, seine Promotion im Bereich Betriebswirtschaft und Marketing. Aufgrund seiner beruflichen Laufbahn in den Bereichen Unternehmensberatung, Marketing und Kommunikation, verf\u00fcgt er \u00fcber langj\u00e4hrige und breite F\u00fchrungserfahrung in verschiedenen privatwirtwirtschaftlichen Unternehmen. Seit 2020 arbeitete Dr. Rico Travella bei der Alternativen Bank Schweiz zuerst als Leiter Marketing und Kommunikation und seit 2022 als Mitglied der Gesch\u00e4ftsleitung und Leiter Services (Marketing &amp; Kommunikation, Nachhaltigkeit, HR, Projekte, IT, Infrastruktur, Finanzen, Recht &amp; Compliance).<\/p>\n<p>Per 1. September 2025 wird Dr. Rico Travella die strategische und operative F\u00fchrung sowie die zukunftsgerichtete Weiterentwicklung der Hochschule f\u00fcr Wirtschaft FHNW mit \u00fcber 400 Mitarbeitenden und rund 3 000 Studierenden \u00fcbernehmen. In der Funktion als Direktor wird er das regionale, nationale und internationale Netzwerk sowie die Positionierung der Hochschule f\u00fcr Wirtschaft FHNW strategisch ausbauen und verst\u00e4rken, die Weiterentwicklung eines zeitgem\u00e4ssen, praxisorientierten und wissenschaftsbasierten Ausbildungsangebots f\u00f6rdern und als Mitglied der Direktion der Fachhochschule Nordwestschweiz FHNW die Entwicklung der FHNW mitverantworten.<\/p>\n<p>Markus Jordi, Pr\u00e4sident des Fachhochschulrats der FHNW, freut sich \u00fcber die Wahl des neuen Direktors. \u00abDer neue Direktor der Hochschule f\u00fcr Wirtschaft FHNW muss einem \u00e4usserst anspruchsvollen Profil entsprechen und die Kompetenz haben, zuk\u00fcnftige Herausforderungen zielorientiert und nachhaltig zu meistern. Wir sind \u00fcberzeugt, mit Rico Travella die hierf\u00fcr geeignete Person gefunden zu haben\u00bb, so Markus Jordi.<\/p>\n<p>Prof. Dr. Crispino Bergamaschi, Direktionspr\u00e4sident der Fachhochschule Nordwestschweiz FHNW und Leiter der Berufungsverfahren zieht zur Wahl der neuen Direktorin das Fazit: \u00abIch freue mich sehr \u00fcber die Wahl von Rico Travella. Der neue Direktor hat die Erfahrung, das Netzwerk und die Pers\u00f6nlichkeit, welche f\u00fcr diese Funktion zentral sind\u00bb.<\/p>\n<p><em>Quelle: <a href=\"http:\/\/www.fhnw.ch\">www.fhnw.ch<\/a><\/em><\/p>\n","protected":false},"excerpt":{"rendered":"<p>Der Fachhochschulrat der Fachhochschule Nordwestschweiz FHNW hat am 24. M\u00e4rz 2025 Dr. Rico Travella zum neuen Direktor der Hochschule f\u00fcr Wirtschaft FHNW gew\u00e4hlt.<\/p>\n","protected":false},"author":80,"featured_media":37177,"comment_status":"closed","ping_status":"closed","sticky":false,"template":"","format":"standard","meta":{"_acf_changed":false,"_yoast_wpseo_focuskw":"Rico Travella FHNW","_yoast_wpseo_metadesc":"Dr. Rico Travella wird ab September 2025 Direktor der Hochschule f\u00fcr Wirtschaft FHNW mit rund 3\u2019000 Studierenden.","articlekey":"","footnotes":""},"categories":[28],"tags":[987,1168,424,4301,2576],"class_list":["post-37176","post","type-post","status-publish","format-standard","has-post-thumbnail","hentry","category-management","tag-direktor","tag-fhnw","tag-schweiz","tag-wechsel","tag-wirtschaft"],"acf":[],"yoast_head":"<!-- This site is optimized with the Yoast SEO plugin v27.4 - https:\/\/yoast.com\/product\/yoast-seo-wordpress\/ -->\n<title>Neuer Direktor der Hochschule f\u00fcr Wirtschaft FHNW - Organisator<\/title>\n<meta name=\"description\" content=\"Dr. Rico Travella wird ab September 2025 Direktor der Hochschule f\u00fcr Wirtschaft FHNW mit rund 3\u2019000 Studierenden.\" \/>\n<meta name=\"robots\" content=\"index, follow, max-snippet:-1, max-image-preview:large, max-video-preview:-1\" \/>\n<link rel=\"canonical\" href=\"https:\/\/www.organisator.ch\/de\/management\/2025-03-25\/neuer-direktor-der-hochschule-fuer-wirtschaft-fhnw\/\" \/>\n<meta property=\"og:locale\" content=\"de_DE\" \/>\n<meta property=\"og:type\" content=\"article\" \/>\n<meta property=\"og:title\" content=\"Neuer Direktor der Hochschule f\u00fcr Wirtschaft FHNW\" \/>\n<meta property=\"og:description\" content=\"Dr. Rico Travella wird ab September 2025 Direktor der Hochschule f\u00fcr Wirtschaft FHNW mit rund 3\u2019000 Studierenden.\" \/>\n<meta property=\"og:url\" content=\"https:\/\/www.organisator.ch\/de\/management\/2025-03-25\/neuer-direktor-der-hochschule-fuer-wirtschaft-fhnw\/\" \/>\n<meta property=\"og:site_name\" content=\"Organisator\" \/>\n<meta property=\"article:publisher\" content=\"https:\/\/www.facebook.com\/OrganisatorFachmagazin\" \/>\n<meta property=\"article:published_time\" content=\"2025-03-25T10:00:31+00:00\" \/>\n<meta property=\"og:image\" content=\"https:\/\/www.organisator.ch\/wp-content\/uploads\/2025\/03\/FHNW_Bild_ps-1.jpg\" \/>\n\t<meta property=\"og:image:width\" content=\"680\" \/>\n\t<meta property=\"og:image:height\" content=\"452\" \/>\n\t<meta property=\"og:image:type\" content=\"image\/jpeg\" \/>\n<meta name=\"author\" content=\"Dzana Muminovic\" \/>\n<meta name=\"twitter:card\" content=\"summary_large_image\" \/>\n<meta name=\"twitter:title\" content=\"Neuer Direktor der Hochschule f\u00fcr Wirtschaft FHNW\" \/>\n<meta name=\"twitter:description\" content=\"Dr. #Rico #Travella wird ab September 2025 #Direktor der #Hochschule f\u00fcr #Wirtschaft #FHNW mit rund 3\u2019000 Studierenden.\" \/>\n<meta name=\"twitter:image\" content=\"https:\/\/www.organisator.ch\/wp-content\/uploads\/2025\/03\/FHNW_Bild_ps-1.jpg\" \/>\n<script type=\"application\/ld+json\" class=\"yoast-schema-graph\">{\"@context\":\"https:\\\/\\\/schema.org\",\"@graph\":[{\"@type\":\"Article\",\"@id\":\"https:\\\/\\\/www.organisator.ch\\\/management\\\/2025-03-25\\\/neuer-direktor-der-hochschule-fuer-wirtschaft-fhnw\\\/#article\",\"isPartOf\":{\"@id\":\"https:\\\/\\\/www.organisator.ch\\\/management\\\/2025-03-25\\\/neuer-direktor-der-hochschule-fuer-wirtschaft-fhnw\\\/\"},\"author\":{\"name\":\"Dzana Muminovic\",\"@id\":\"https:\\\/\\\/www.organisator.ch\\\/#\\\/schema\\\/person\\\/afccda3a71c06d4be2ed9100dd163db7\"},\"headline\":\"Neuer Direktor der Hochschule f\u00fcr Wirtschaft FHNW\",\"datePublished\":\"2025-03-25T10:00:31+00:00\",\"mainEntityOfPage\":{\"@id\":\"https:\\\/\\\/www.organisator.ch\\\/management\\\/2025-03-25\\\/neuer-direktor-der-hochschule-fuer-wirtschaft-fhnw\\\/\"},\"wordCount\":318,\"publisher\":{\"@id\":\"https:\\\/\\\/www.organisator.ch\\\/#organization\"},\"image\":{\"@id\":\"https:\\\/\\\/www.organisator.ch\\\/management\\\/2025-03-25\\\/neuer-direktor-der-hochschule-fuer-wirtschaft-fhnw\\\/#primaryimage\"},\"thumbnailUrl\":\"https:\\\/\\\/www.organisator.ch\\\/wp-content\\\/uploads\\\/2025\\\/03\\\/FHNW_Bild_ps-1.jpg\",\"keywords\":[\"Direktor\",\"FHNW\",\"Schweiz\",\"Wechsel\",\"Wirtschaft\"],\"articleSection\":[\"MANAGEMENT\"],\"inLanguage\":\"de\"},{\"@type\":\"WebPage\",\"@id\":\"https:\\\/\\\/www.organisator.ch\\\/management\\\/2025-03-25\\\/neuer-direktor-der-hochschule-fuer-wirtschaft-fhnw\\\/\",\"url\":\"https:\\\/\\\/www.organisator.ch\\\/management\\\/2025-03-25\\\/neuer-direktor-der-hochschule-fuer-wirtschaft-fhnw\\\/\",\"name\":\"Neuer Direktor der Hochschule f\u00fcr Wirtschaft FHNW - Organisator\",\"isPartOf\":{\"@id\":\"https:\\\/\\\/www.organisator.ch\\\/#website\"},\"primaryImageOfPage\":{\"@id\":\"https:\\\/\\\/www.organisator.ch\\\/management\\\/2025-03-25\\\/neuer-direktor-der-hochschule-fuer-wirtschaft-fhnw\\\/#primaryimage\"},\"image\":{\"@id\":\"https:\\\/\\\/www.organisator.ch\\\/management\\\/2025-03-25\\\/neuer-direktor-der-hochschule-fuer-wirtschaft-fhnw\\\/#primaryimage\"},\"thumbnailUrl\":\"https:\\\/\\\/www.organisator.ch\\\/wp-content\\\/uploads\\\/2025\\\/03\\\/FHNW_Bild_ps-1.jpg\",\"datePublished\":\"2025-03-25T10:00:31+00:00\",\"description\":\"Dr. Rico Travella wird ab September 2025 Direktor der Hochschule f\u00fcr Wirtschaft FHNW mit rund 3\u2019000 Studierenden.\",\"breadcrumb\":{\"@id\":\"https:\\\/\\\/www.organisator.ch\\\/management\\\/2025-03-25\\\/neuer-direktor-der-hochschule-fuer-wirtschaft-fhnw\\\/#breadcrumb\"},\"inLanguage\":\"de\",\"potentialAction\":[{\"@type\":\"ReadAction\",\"target\":[\"https:\\\/\\\/www.organisator.ch\\\/management\\\/2025-03-25\\\/neuer-direktor-der-hochschule-fuer-wirtschaft-fhnw\\\/\"]}]},{\"@type\":\"ImageObject\",\"inLanguage\":\"de\",\"@id\":\"https:\\\/\\\/www.organisator.ch\\\/management\\\/2025-03-25\\\/neuer-direktor-der-hochschule-fuer-wirtschaft-fhnw\\\/#primaryimage\",\"url\":\"https:\\\/\\\/www.organisator.ch\\\/wp-content\\\/uploads\\\/2025\\\/03\\\/FHNW_Bild_ps-1.jpg\",\"contentUrl\":\"https:\\\/\\\/www.organisator.ch\\\/wp-content\\\/uploads\\\/2025\\\/03\\\/FHNW_Bild_ps-1.jpg\",\"width\":680,\"height\":452,\"caption\":\"Dr. Rico Travella, neuer Direktor der Hochschule f\u00fcr Wirtschaft FHNW. (Bild: FHNW)\"},{\"@type\":\"BreadcrumbList\",\"@id\":\"https:\\\/\\\/www.organisator.ch\\\/management\\\/2025-03-25\\\/neuer-direktor-der-hochschule-fuer-wirtschaft-fhnw\\\/#breadcrumb\",\"itemListElement\":[{\"@type\":\"ListItem\",\"position\":1,\"name\":\"Home\",\"item\":\"https:\\\/\\\/www.organisator.ch\\\/\"},{\"@type\":\"ListItem\",\"position\":2,\"name\":\"Neuer Direktor der Hochschule f\u00fcr Wirtschaft FHNW\"}]},{\"@type\":\"WebSite\",\"@id\":\"https:\\\/\\\/www.organisator.ch\\\/#website\",\"url\":\"https:\\\/\\\/www.organisator.ch\\\/\",\"name\":\"Organisator\",\"description\":\"Kompetent. Praxisnah. Der ORGANISATOR bereitet in 10 Ausgaben pro Jahr die wesentlichen Themen f\u00fcr F\u00fchrungskr\u00e4fte von KMU auf.\",\"publisher\":{\"@id\":\"https:\\\/\\\/www.organisator.ch\\\/#organization\"},\"potentialAction\":[{\"@type\":\"SearchAction\",\"target\":{\"@type\":\"EntryPoint\",\"urlTemplate\":\"https:\\\/\\\/www.organisator.ch\\\/?s={search_term_string}\"},\"query-input\":{\"@type\":\"PropertyValueSpecification\",\"valueRequired\":true,\"valueName\":\"search_term_string\"}}],\"inLanguage\":\"de\"},{\"@type\":\"Organization\",\"@id\":\"https:\\\/\\\/www.organisator.ch\\\/#organization\",\"name\":\"Organisator\",\"url\":\"https:\\\/\\\/www.organisator.ch\\\/\",\"logo\":{\"@type\":\"ImageObject\",\"inLanguage\":\"de\",\"@id\":\"https:\\\/\\\/www.organisator.ch\\\/#\\\/schema\\\/logo\\\/image\\\/\",\"url\":\"https:\\\/\\\/www.organisator.ch\\\/wp-content\\\/uploads\\\/2022\\\/01\\\/Logo_Organisator_Website.png\",\"contentUrl\":\"https:\\\/\\\/www.organisator.ch\\\/wp-content\\\/uploads\\\/2022\\\/01\\\/Logo_Organisator_Website.png\",\"width\":800,\"height\":77,\"caption\":\"Organisator\"},\"image\":{\"@id\":\"https:\\\/\\\/www.organisator.ch\\\/#\\\/schema\\\/logo\\\/image\\\/\"},\"sameAs\":[\"https:\\\/\\\/www.facebook.com\\\/OrganisatorFachmagazin\",\"https:\\\/\\\/www.linkedin.com\\\/showcase\\\/organisator-das-magazin-fr-kmu\",\"https:\\\/\\\/www.xing.com\\\/news\\\/pages\\\/organisator-ch-695\",\"https:\\\/\\\/www.youtube.com\\\/channel\\\/UCGP2Sq0iWaZwT3BdIAQFYpw\"]},{\"@type\":\"Person\",\"@id\":\"https:\\\/\\\/www.organisator.ch\\\/#\\\/schema\\\/person\\\/afccda3a71c06d4be2ed9100dd163db7\",\"name\":\"Dzana Muminovic\",\"image\":{\"@type\":\"ImageObject\",\"inLanguage\":\"de\",\"@id\":\"https:\\\/\\\/secure.gravatar.com\\\/avatar\\\/909c5c71aff4b38e88686f2ab2f1ba152571f394f41ed8bae431ea56ced93050?s=96&d=mm&r=g\",\"url\":\"https:\\\/\\\/secure.gravatar.com\\\/avatar\\\/909c5c71aff4b38e88686f2ab2f1ba152571f394f41ed8bae431ea56ced93050?s=96&d=mm&r=g\",\"contentUrl\":\"https:\\\/\\\/secure.gravatar.com\\\/avatar\\\/909c5c71aff4b38e88686f2ab2f1ba152571f394f41ed8bae431ea56ced93050?s=96&d=mm&r=g\",\"caption\":\"Dzana Muminovic\"},\"url\":\"https:\\\/\\\/www.organisator.ch\\\/de\\\/author\\\/dzana-muminovic\\\/\"}]}<\/script>\n<!-- \/ Yoast SEO plugin. -->","yoast_head_json":{"title":"Neuer Direktor der Hochschule f\u00fcr Wirtschaft FHNW - Organisator","description":"Dr. Rico Travella wird ab September 2025 Direktor der Hochschule f\u00fcr Wirtschaft FHNW mit rund 3\u2019000 Studierenden.","robots":{"index":"index","follow":"follow","max-snippet":"max-snippet:-1","max-image-preview":"max-image-preview:large","max-video-preview":"max-video-preview:-1"},"canonical":"https:\/\/www.organisator.ch\/de\/management\/2025-03-25\/neuer-direktor-der-hochschule-fuer-wirtschaft-fhnw\/","og_locale":"de_DE","og_type":"article","og_title":"Neuer Direktor der Hochschule f\u00fcr Wirtschaft FHNW","og_description":"Dr. Rico Travella wird ab September 2025 Direktor der Hochschule f\u00fcr Wirtschaft FHNW mit rund 3\u2019000 Studierenden.","og_url":"https:\/\/www.organisator.ch\/de\/management\/2025-03-25\/neuer-direktor-der-hochschule-fuer-wirtschaft-fhnw\/","og_site_name":"Organisator","article_publisher":"https:\/\/www.facebook.com\/OrganisatorFachmagazin","article_published_time":"2025-03-25T10:00:31+00:00","og_image":[{"width":680,"height":452,"url":"https:\/\/www.organisator.ch\/wp-content\/uploads\/2025\/03\/FHNW_Bild_ps-1.jpg","type":"image\/jpeg"}],"author":"Dzana Muminovic","twitter_card":"summary_large_image","twitter_title":"Neuer Direktor der Hochschule f\u00fcr Wirtschaft FHNW","twitter_description":"Dr. #Rico #Travella wird ab September 2025 #Direktor der #Hochschule f\u00fcr #Wirtschaft #FHNW mit rund 3\u2019000 Studierenden.","twitter_image":"https:\/\/www.organisator.ch\/wp-content\/uploads\/2025\/03\/FHNW_Bild_ps-1.jpg","schema":{"@context":"https:\/\/schema.org","@graph":[{"@type":"Article","@id":"https:\/\/www.organisator.ch\/management\/2025-03-25\/neuer-direktor-der-hochschule-fuer-wirtschaft-fhnw\/#article","isPartOf":{"@id":"https:\/\/www.organisator.ch\/management\/2025-03-25\/neuer-direktor-der-hochschule-fuer-wirtschaft-fhnw\/"},"author":{"name":"Dzana Muminovic","@id":"https:\/\/www.organisator.ch\/#\/schema\/person\/afccda3a71c06d4be2ed9100dd163db7"},"headline":"Neuer Direktor der Hochschule f\u00fcr Wirtschaft FHNW","datePublished":"2025-03-25T10:00:31+00:00","mainEntityOfPage":{"@id":"https:\/\/www.organisator.ch\/management\/2025-03-25\/neuer-direktor-der-hochschule-fuer-wirtschaft-fhnw\/"},"wordCount":318,"publisher":{"@id":"https:\/\/www.organisator.ch\/#organization"},"image":{"@id":"https:\/\/www.organisator.ch\/management\/2025-03-25\/neuer-direktor-der-hochschule-fuer-wirtschaft-fhnw\/#primaryimage"},"thumbnailUrl":"https:\/\/www.organisator.ch\/wp-content\/uploads\/2025\/03\/FHNW_Bild_ps-1.jpg","keywords":["Direktor","FHNW","Schweiz","Wechsel","Wirtschaft"],"articleSection":["MANAGEMENT"],"inLanguage":"de"},{"@type":"WebPage","@id":"https:\/\/www.organisator.ch\/management\/2025-03-25\/neuer-direktor-der-hochschule-fuer-wirtschaft-fhnw\/","url":"https:\/\/www.organisator.ch\/management\/2025-03-25\/neuer-direktor-der-hochschule-fuer-wirtschaft-fhnw\/","name":"Neuer Direktor der Hochschule f\u00fcr Wirtschaft FHNW - Organisator","isPartOf":{"@id":"https:\/\/www.organisator.ch\/#website"},"primaryImageOfPage":{"@id":"https:\/\/www.organisator.ch\/management\/2025-03-25\/neuer-direktor-der-hochschule-fuer-wirtschaft-fhnw\/#primaryimage"},"image":{"@id":"https:\/\/www.organisator.ch\/management\/2025-03-25\/neuer-direktor-der-hochschule-fuer-wirtschaft-fhnw\/#primaryimage"},"thumbnailUrl":"https:\/\/www.organisator.ch\/wp-content\/uploads\/2025\/03\/FHNW_Bild_ps-1.jpg","datePublished":"2025-03-25T10:00:31+00:00","description":"Dr. Rico Travella wird ab September 2025 Direktor der Hochschule f\u00fcr Wirtschaft FHNW mit rund 3\u2019000 Studierenden.","breadcrumb":{"@id":"https:\/\/www.organisator.ch\/management\/2025-03-25\/neuer-direktor-der-hochschule-fuer-wirtschaft-fhnw\/#breadcrumb"},"inLanguage":"de","potentialAction":[{"@type":"ReadAction","target":["https:\/\/www.organisator.ch\/management\/2025-03-25\/neuer-direktor-der-hochschule-fuer-wirtschaft-fhnw\/"]}]},{"@type":"ImageObject","inLanguage":"de","@id":"https:\/\/www.organisator.ch\/management\/2025-03-25\/neuer-direktor-der-hochschule-fuer-wirtschaft-fhnw\/#primaryimage","url":"https:\/\/www.organisator.ch\/wp-content\/uploads\/2025\/03\/FHNW_Bild_ps-1.jpg","contentUrl":"https:\/\/www.organisator.ch\/wp-content\/uploads\/2025\/03\/FHNW_Bild_ps-1.jpg","width":680,"height":452,"caption":"Dr. Rico Travella, neuer Direktor der Hochschule f\u00fcr Wirtschaft FHNW. (Bild: FHNW)"},{"@type":"BreadcrumbList","@id":"https:\/\/www.organisator.ch\/management\/2025-03-25\/neuer-direktor-der-hochschule-fuer-wirtschaft-fhnw\/#breadcrumb","itemListElement":[{"@type":"ListItem","position":1,"name":"Home","item":"https:\/\/www.organisator.ch\/"},{"@type":"ListItem","position":2,"name":"Neuer Direktor der Hochschule f\u00fcr Wirtschaft FHNW"}]},{"@type":"WebSite","@id":"https:\/\/www.organisator.ch\/#website","url":"https:\/\/www.organisator.ch\/","name":"Organisator","description":"Kompetent. Praxisnah. Der ORGANISATOR bereitet in 10 Ausgaben pro Jahr die wesentlichen Themen f\u00fcr F\u00fchrungskr\u00e4fte von KMU auf.","publisher":{"@id":"https:\/\/www.organisator.ch\/#organization"},"potentialAction":[{"@type":"SearchAction","target":{"@type":"EntryPoint","urlTemplate":"https:\/\/www.organisator.ch\/?s={search_term_string}"},"query-input":{"@type":"PropertyValueSpecification","valueRequired":true,"valueName":"search_term_string"}}],"inLanguage":"de"},{"@type":"Organization","@id":"https:\/\/www.organisator.ch\/#organization","name":"Organisator","url":"https:\/\/www.organisator.ch\/","logo":{"@type":"ImageObject","inLanguage":"de","@id":"https:\/\/www.organisator.ch\/#\/schema\/logo\/image\/","url":"https:\/\/www.organisator.ch\/wp-content\/uploads\/2022\/01\/Logo_Organisator_Website.png","contentUrl":"https:\/\/www.organisator.ch\/wp-content\/uploads\/2022\/01\/Logo_Organisator_Website.png","width":800,"height":77,"caption":"Organisator"},"image":{"@id":"https:\/\/www.organisator.ch\/#\/schema\/logo\/image\/"},"sameAs":["https:\/\/www.facebook.com\/OrganisatorFachmagazin","https:\/\/www.linkedin.com\/showcase\/organisator-das-magazin-fr-kmu","https:\/\/www.xing.com\/news\/pages\/organisator-ch-695","https:\/\/www.youtube.com\/channel\/UCGP2Sq0iWaZwT3BdIAQFYpw"]},{"@type":"Person","@id":"https:\/\/www.organisator.ch\/#\/schema\/person\/afccda3a71c06d4be2ed9100dd163db7","name":"Dzana Muminovic","image":{"@type":"ImageObject","inLanguage":"de","@id":"https:\/\/secure.gravatar.com\/avatar\/909c5c71aff4b38e88686f2ab2f1ba152571f394f41ed8bae431ea56ced93050?s=96&d=mm&r=g","url":"https:\/\/secure.gravatar.com\/avatar\/909c5c71aff4b38e88686f2ab2f1ba152571f394f41ed8bae431ea56ced93050?s=96&d=mm&r=g","contentUrl":"https:\/\/secure.gravatar.com\/avatar\/909c5c71aff4b38e88686f2ab2f1ba152571f394f41ed8bae431ea56ced93050?s=96&d=mm&r=g","caption":"Dzana Muminovic"},"url":"https:\/\/www.organisator.ch\/de\/author\/dzana-muminovic\/"}]}},"_links":{"self":[{"href":"https:\/\/www.organisator.ch\/de\/wp-json\/wp\/v2\/posts\/37176","targetHints":{"allow":["GET"]}}],"collection":[{"href":"https:\/\/www.organisator.ch\/de\/wp-json\/wp\/v2\/posts"}],"about":[{"href":"https:\/\/www.organisator.ch\/de\/wp-json\/wp\/v2\/types\/post"}],"author":[{"embeddable":true,"href":"https:\/\/www.organisator.ch\/de\/wp-json\/wp\/v2\/users\/80"}],"replies":[{"embeddable":true,"href":"https:\/\/www.organisator.ch\/de\/wp-json\/wp\/v2\/comments?post=37176"}],"version-history":[{"count":5,"href":"https:\/\/www.organisator.ch\/de\/wp-json\/wp\/v2\/posts\/37176\/revisions"}],"predecessor-version":[{"id":37226,"href":"https:\/\/www.organisator.ch\/de\/wp-json\/wp\/v2\/posts\/37176\/revisions\/37226"}],"wp:featuredmedia":[{"embeddable":true,"href":"https:\/\/www.organisator.ch\/de\/wp-json\/wp\/v2\/media\/37177"}],"wp:attachment":[{"href":"https:\/\/www.organisator.ch\/de\/wp-json\/wp\/v2\/media?parent=37176"}],"wp:term":[{"taxonomy":"category","embeddable":true,"href":"https:\/\/www.organisator.ch\/de\/wp-json\/wp\/v2\/categories?post=37176"},{"taxonomy":"post_tag","embeddable":true,"href":"https:\/\/www.organisator.ch\/de\/wp-json\/wp\/v2\/tags?post=37176"}],"curies":[{"name":"wp","href":"https:\/\/api.w.org\/{rel}","templated":true}]}}