{"id":37205,"date":"2025-03-26T08:10:19","date_gmt":"2025-03-26T07:10:19","guid":{"rendered":"https:\/\/www.m-q.ch\/?p=21242"},"modified":"2025-03-26T09:22:18","modified_gmt":"2025-03-26T08:22:18","slug":"leuchtturmprojekte-mehrwert-durch-logistik","status":"publish","type":"post","link":"https:\/\/www.organisator.ch\/de\/operational-excellence\/2025-03-26\/leuchtturmprojekte-mehrwert-durch-logistik\/","title":{"rendered":"Leuchtturmprojekte: Mehrwert durch Logistik"},"content":{"rendered":"<p><img class=\"alignnone size-full wp-image-21244\" src=\"https:\/\/www.m-q.ch\/wp-content\/uploads\/2025\/03\/Leuchtturmprojekte-Mehrwert-durch-Logistik_MQ.png\" sizes=\"(max-width: 680px) 100vw, 680px\" srcset=\"https:\/\/www.m-q.ch\/wp-content\/uploads\/2025\/03\/Leuchtturmprojekte-Mehrwert-durch-Logistik_MQ.png 680w, https:\/\/www.m-q.ch\/wp-content\/uploads\/2025\/03\/Leuchtturmprojekte-Mehrwert-durch-Logistik_MQ-14x12.png 14w, https:\/\/www.m-q.ch\/wp-content\/uploads\/2025\/03\/Leuchtturmprojekte-Mehrwert-durch-Logistik_MQ-356x300.png 356w, https:\/\/www.m-q.ch\/wp-content\/uploads\/2025\/03\/Leuchtturmprojekte-Mehrwert-durch-Logistik_MQ-415x350.png 415w\" alt=\"\" width=\"680\" height=\"573\" \/><\/p>\r\n<p>Das traditionelle Z\u00fcrcher Logistik-Kolloquium feiert seine 40. Durchf\u00fchrung: Am 8. Mai 2025 pr\u00e4sentieren drei F\u00fchrungspers\u00f6nlichkeiten in spannenden Beitr\u00e4gen aus der Praxis die kreativen L\u00f6sungsans\u00e4tze und geschickte Nutzung individueller Potenziale, die ihre Unternehmen stets zu neuen Erfolgen f\u00fchren. Die Teilnehmenden profitieren dabei von innovativen Impulsen und wegweisenden Ideen aus diesen Leuchtturmprojekten.<\/p>\r\n<p>Die Experten referieren dieses Jahr unter dem Motto <strong>\u00ab<\/strong><strong>Mehrwert durch Logistik<\/strong><strong>\u00bb. <\/strong>Die Themen im Einzelnen:<\/p>\r\n<table width=\"671\">\r\n<tbody>\r\n<tr>\r\n<td width=\"378\">\r\n<p><strong>Hochkomplex, teuer, unverzichtbar<\/strong><\/p>\r\n<p>Smarte Logistik f\u00fcr die Werkzeugmaschinenindustrie, hoher Innovations- und Leistungsdruck<\/p>\r\n<\/td>\r\n<td width=\"293\">\r\n<p><strong>Dr. Fabian Stoop<\/strong><\/p>\r\n<p>Technischer Leiter<\/p>\r\n<p>Lestoprex AG, St. Gallenkappel<\/p>\r\n<\/td>\r\n<\/tr>\r\n<tr>\r\n<td width=\"378\">\r\n<p><strong>Kreislaufwirtschaft in Aktion<\/strong><\/p>\r\n<p>CH-weite Sammlung Elektro- und Elektronikger\u00e4te, Erfolgsfaktoren<\/p>\r\n<\/td>\r\n<td width=\"293\">\r\n<p><strong>Pasqual Zopp<\/strong><\/p>\r\n<p>Gesch\u00e4ftsf\u00fchrer<br \/>\r\nSENS eRecycling, Z\u00fcrich<\/p>\r\n<\/td>\r\n<\/tr>\r\n<tr>\r\n<td width=\"378\">\r\n<p><strong>Recycling beginnt an der Quelle<\/strong><\/p>\r\n<p>Information und Logistik als Schl\u00fcssel,<\/p>\r\n<p>Praxisbeispiel sortenreiner Stahlschrott<\/p>\r\n<\/td>\r\n<td width=\"293\">\r\n<p><strong>Nicolai Solenthaler<\/strong><\/p>\r\n<p>COO<\/p>\r\n<p>soRec AG, Gossau SG<\/p>\r\n<\/td>\r\n<\/tr>\r\n<\/tbody>\r\n<\/table>\r\n<p>Die Vortr\u00e4ge liefern neue Denkanst\u00f6sse, Potenziale und Ideen. Am anschliessenden Ap\u00e9ro riche besteht die M\u00f6glichkeit f\u00fcr regen Austausch mit den Referenten, weiteren Experten und G\u00e4sten.<\/p>\r\n<p><em>Weitere Informationen: <a href=\"http:\/\/www.acel.ch\/\">www.acel.ch<\/a><\/em><\/p>\r\n<p>&nbsp;<\/p>\r\n<blockquote>\r\n<h3><strong>Das Wichtigste in K\u00fcrze<\/strong><\/h3>\r\n<p>Datum: <strong>Donnerstag, 8. Mai 2025, 17:15 Uhr<\/strong><\/p>\r\n<p>Ort: <strong>Dozentenfoyer der ETH Z\u00fcrich, R\u00e4mistrasse 101, 8092 Z\u00fcrich<\/strong><\/p>\r\n<p>Teilnahme: CHF 120.-<\/p>\r\n<p>Ihre Anmeldung \u2013 schnell, einfach und bequem per QR-Code, unter <a href=\"http:\/\/www.acel.ch\/aktuelles\/veranstaltungen\/\">www.acel.ch\/aktuelles\/veranstaltungen\/<\/a> oder per E-Mail an info@acel.ch<\/p>\r\n<p>Anmeldeschluss: Donnerstag, 1. Mai 2025<\/p>\r\n<p>Die Teilnehmerzahl ist begrenzt.<\/p>\r\n<\/blockquote>\n<p class=\"syndicated-attribution\">Dieser Beitrag erschien urspr\u00fcnglich auf m-q.ch - <a href=\"https:\/\/www.m-q.ch\/de\/leuchtturmprojekte-mehrwert-durch-logistik\/\" target=\"_blank\">https:\/\/www.m-q.ch\/de\/leuchtturmprojekte-mehrwert-durch-logistik\/<\/a><\/p>","protected":false},"excerpt":{"rendered":"<p>Am Donnerstag, 8. Mai 2025, findet das 40. Z\u00fcrcher Logistik-Kolloquium statt und pr\u00e4sentiert wiederum verschiedene Logistik-Leuchtturmprojekte. Der Veranstalter, die Dr. Ac\u00e9l &amp; Partner AG, z\u00e4hlt bei der Jubil\u00e4umsausgabe wiederum auf die Zusammenarbeit mit der ETH Z\u00fcrich.<\/p>\n","protected":false},"author":8,"featured_media":0,"comment_status":"closed","ping_status":"closed","sticky":false,"template":"","format":"standard","meta":{"_acf_changed":false,"_yoast_wpseo_focuskw":"Leuchtturmprojekte","_yoast_wpseo_metadesc":"Am 8. Mai 2025 findet zum 40. Mal das Z\u00fcrcher Logistik-Kolloquium statt. Pr\u00e4sentiert werden verschiedene Logistik-Leuchtturmprojekte.","articlekey":"","footnotes":""},"categories":[582],"tags":[103,193,274,328],"class_list":["post-37205","post","type-post","status-publish","format-standard","hentry","category-operational-excellence","tag-business-excellence","tag-fachkongressfachmesse","tag-innovation","tag-logistik"],"acf":[],"yoast_head":"<!-- This site is optimized with the Yoast SEO plugin v27.5 - https:\/\/yoast.com\/product\/yoast-seo-wordpress\/ -->\n<title>Leuchtturmprojekte: Mehrwert durch Logistik - Organisator<\/title>\n<meta name=\"description\" content=\"Am 8. Mai 2025 findet zum 40. Mal das Z\u00fcrcher Logistik-Kolloquium statt. Pr\u00e4sentiert werden verschiedene Logistik-Leuchtturmprojekte.\" \/>\n<meta name=\"robots\" content=\"index, follow, max-snippet:-1, max-image-preview:large, max-video-preview:-1\" \/>\n<link rel=\"canonical\" href=\"https:\/\/www.organisator.ch\/de\/operational-excellence\/2025-03-26\/leuchtturmprojekte-mehrwert-durch-logistik\/\" \/>\n<meta property=\"og:locale\" content=\"de_DE\" \/>\n<meta property=\"og:type\" content=\"article\" \/>\n<meta property=\"og:title\" content=\"Leuchtturmprojekte: Mehrwert durch Logistik - Organisator\" \/>\n<meta property=\"og:description\" content=\"Am 8. Mai 2025 findet zum 40. Mal das Z\u00fcrcher Logistik-Kolloquium statt. Pr\u00e4sentiert werden verschiedene Logistik-Leuchtturmprojekte.\" \/>\n<meta property=\"og:url\" content=\"https:\/\/www.organisator.ch\/de\/operational-excellence\/2025-03-26\/leuchtturmprojekte-mehrwert-durch-logistik\/\" \/>\n<meta property=\"og:site_name\" content=\"Organisator\" \/>\n<meta property=\"article:publisher\" content=\"https:\/\/www.facebook.com\/OrganisatorFachmagazin\" \/>\n<meta property=\"article:published_time\" content=\"2025-03-26T07:10:19+00:00\" \/>\n<meta property=\"article:modified_time\" content=\"2025-03-26T08:22:18+00:00\" \/>\n<meta property=\"og:image\" content=\"https:\/\/www.organisator.ch\/wp-content\/uploads\/2023\/08\/Weiterbildung_Getabstract_Bild_organisator_56283.jpg\" \/>\n\t<meta property=\"og:image:width\" content=\"1240\" \/>\n\t<meta property=\"og:image:height\" content=\"876\" \/>\n\t<meta property=\"og:image:type\" content=\"image\/jpeg\" \/>\n<meta name=\"author\" content=\"galledia\" \/>\n<meta name=\"twitter:card\" content=\"summary_large_image\" \/>\n<meta name=\"twitter:creator\" content=\"@admin\" \/>\n<script type=\"application\/ld+json\" class=\"yoast-schema-graph\">{\"@context\":\"https:\\\/\\\/schema.org\",\"@graph\":[{\"@type\":\"Article\",\"@id\":\"https:\\\/\\\/www.organisator.ch\\\/operational-excellence\\\/2025-03-26\\\/leuchtturmprojekte-mehrwert-durch-logistik\\\/#article\",\"isPartOf\":{\"@id\":\"https:\\\/\\\/www.organisator.ch\\\/operational-excellence\\\/2025-03-26\\\/leuchtturmprojekte-mehrwert-durch-logistik\\\/\"},\"author\":{\"name\":\"galledia\",\"@id\":\"https:\\\/\\\/www.organisator.ch\\\/#\\\/schema\\\/person\\\/4e51799071cd2dd1232ac003643ef5f0\"},\"headline\":\"Leuchtturmprojekte: Mehrwert durch Logistik\",\"datePublished\":\"2025-03-26T07:10:19+00:00\",\"dateModified\":\"2025-03-26T08:22:18+00:00\",\"mainEntityOfPage\":{\"@id\":\"https:\\\/\\\/www.organisator.ch\\\/operational-excellence\\\/2025-03-26\\\/leuchtturmprojekte-mehrwert-durch-logistik\\\/\"},\"wordCount\":224,\"publisher\":{\"@id\":\"https:\\\/\\\/www.organisator.ch\\\/#organization\"},\"image\":{\"@id\":\"https:\\\/\\\/www.organisator.ch\\\/operational-excellence\\\/2025-03-26\\\/leuchtturmprojekte-mehrwert-durch-logistik\\\/#primaryimage\"},\"thumbnailUrl\":\"https:\\\/\\\/www.m-q.ch\\\/wp-content\\\/uploads\\\/2025\\\/03\\\/Leuchtturmprojekte-Mehrwert-durch-Logistik_MQ.png\",\"keywords\":[\"Business Excellence\",\"Fachkongress\\\/Fachmesse\",\"Innovation\",\"Logistik\"],\"articleSection\":[\"OPERATIONAL EXCELLENCE\"],\"inLanguage\":\"de\"},{\"@type\":\"WebPage\",\"@id\":\"https:\\\/\\\/www.organisator.ch\\\/operational-excellence\\\/2025-03-26\\\/leuchtturmprojekte-mehrwert-durch-logistik\\\/\",\"url\":\"https:\\\/\\\/www.organisator.ch\\\/operational-excellence\\\/2025-03-26\\\/leuchtturmprojekte-mehrwert-durch-logistik\\\/\",\"name\":\"Leuchtturmprojekte: Mehrwert durch Logistik - Organisator\",\"isPartOf\":{\"@id\":\"https:\\\/\\\/www.organisator.ch\\\/#website\"},\"primaryImageOfPage\":{\"@id\":\"https:\\\/\\\/www.organisator.ch\\\/operational-excellence\\\/2025-03-26\\\/leuchtturmprojekte-mehrwert-durch-logistik\\\/#primaryimage\"},\"image\":{\"@id\":\"https:\\\/\\\/www.organisator.ch\\\/operational-excellence\\\/2025-03-26\\\/leuchtturmprojekte-mehrwert-durch-logistik\\\/#primaryimage\"},\"thumbnailUrl\":\"https:\\\/\\\/www.m-q.ch\\\/wp-content\\\/uploads\\\/2025\\\/03\\\/Leuchtturmprojekte-Mehrwert-durch-Logistik_MQ.png\",\"datePublished\":\"2025-03-26T07:10:19+00:00\",\"dateModified\":\"2025-03-26T08:22:18+00:00\",\"description\":\"Am 8. Mai 2025 findet zum 40. Mal das Z\u00fcrcher Logistik-Kolloquium statt. Pr\u00e4sentiert werden verschiedene Logistik-Leuchtturmprojekte.\",\"breadcrumb\":{\"@id\":\"https:\\\/\\\/www.organisator.ch\\\/operational-excellence\\\/2025-03-26\\\/leuchtturmprojekte-mehrwert-durch-logistik\\\/#breadcrumb\"},\"inLanguage\":\"de\",\"potentialAction\":[{\"@type\":\"ReadAction\",\"target\":[\"https:\\\/\\\/www.organisator.ch\\\/operational-excellence\\\/2025-03-26\\\/leuchtturmprojekte-mehrwert-durch-logistik\\\/\"]}]},{\"@type\":\"ImageObject\",\"inLanguage\":\"de\",\"@id\":\"https:\\\/\\\/www.organisator.ch\\\/operational-excellence\\\/2025-03-26\\\/leuchtturmprojekte-mehrwert-durch-logistik\\\/#primaryimage\",\"url\":\"https:\\\/\\\/www.m-q.ch\\\/wp-content\\\/uploads\\\/2025\\\/03\\\/Leuchtturmprojekte-Mehrwert-durch-Logistik_MQ.png\",\"contentUrl\":\"https:\\\/\\\/www.m-q.ch\\\/wp-content\\\/uploads\\\/2025\\\/03\\\/Leuchtturmprojekte-Mehrwert-durch-Logistik_MQ.png\"},{\"@type\":\"BreadcrumbList\",\"@id\":\"https:\\\/\\\/www.organisator.ch\\\/operational-excellence\\\/2025-03-26\\\/leuchtturmprojekte-mehrwert-durch-logistik\\\/#breadcrumb\",\"itemListElement\":[{\"@type\":\"ListItem\",\"position\":1,\"name\":\"Home\",\"item\":\"https:\\\/\\\/www.organisator.ch\\\/\"},{\"@type\":\"ListItem\",\"position\":2,\"name\":\"Leuchtturmprojekte: Mehrwert durch Logistik\"}]},{\"@type\":\"WebSite\",\"@id\":\"https:\\\/\\\/www.organisator.ch\\\/#website\",\"url\":\"https:\\\/\\\/www.organisator.ch\\\/\",\"name\":\"Organisator\",\"description\":\"Kompetent. Praxisnah. Der ORGANISATOR bereitet in 10 Ausgaben pro Jahr die wesentlichen Themen f\u00fcr F\u00fchrungskr\u00e4fte von KMU auf.\",\"publisher\":{\"@id\":\"https:\\\/\\\/www.organisator.ch\\\/#organization\"},\"potentialAction\":[{\"@type\":\"SearchAction\",\"target\":{\"@type\":\"EntryPoint\",\"urlTemplate\":\"https:\\\/\\\/www.organisator.ch\\\/?s={search_term_string}\"},\"query-input\":{\"@type\":\"PropertyValueSpecification\",\"valueRequired\":true,\"valueName\":\"search_term_string\"}}],\"inLanguage\":\"de\"},{\"@type\":\"Organization\",\"@id\":\"https:\\\/\\\/www.organisator.ch\\\/#organization\",\"name\":\"Organisator\",\"url\":\"https:\\\/\\\/www.organisator.ch\\\/\",\"logo\":{\"@type\":\"ImageObject\",\"inLanguage\":\"de\",\"@id\":\"https:\\\/\\\/www.organisator.ch\\\/#\\\/schema\\\/logo\\\/image\\\/\",\"url\":\"https:\\\/\\\/www.organisator.ch\\\/wp-content\\\/uploads\\\/2022\\\/01\\\/Logo_Organisator_Website.png\",\"contentUrl\":\"https:\\\/\\\/www.organisator.ch\\\/wp-content\\\/uploads\\\/2022\\\/01\\\/Logo_Organisator_Website.png\",\"width\":800,\"height\":77,\"caption\":\"Organisator\"},\"image\":{\"@id\":\"https:\\\/\\\/www.organisator.ch\\\/#\\\/schema\\\/logo\\\/image\\\/\"},\"sameAs\":[\"https:\\\/\\\/www.facebook.com\\\/OrganisatorFachmagazin\",\"https:\\\/\\\/www.linkedin.com\\\/showcase\\\/organisator-das-magazin-fr-kmu\",\"https:\\\/\\\/www.xing.com\\\/news\\\/pages\\\/organisator-ch-695\",\"https:\\\/\\\/www.youtube.com\\\/channel\\\/UCGP2Sq0iWaZwT3BdIAQFYpw\"]},{\"@type\":\"Person\",\"@id\":\"https:\\\/\\\/www.organisator.ch\\\/#\\\/schema\\\/person\\\/4e51799071cd2dd1232ac003643ef5f0\",\"name\":\"galledia\",\"image\":{\"@type\":\"ImageObject\",\"inLanguage\":\"de\",\"@id\":\"https:\\\/\\\/secure.gravatar.com\\\/avatar\\\/78a7f90c01fc2bfc875782a0d4922b37cde2cf184ce347b91316d23cd7f69a36?s=96&d=mm&r=g\",\"url\":\"https:\\\/\\\/secure.gravatar.com\\\/avatar\\\/78a7f90c01fc2bfc875782a0d4922b37cde2cf184ce347b91316d23cd7f69a36?s=96&d=mm&r=g\",\"contentUrl\":\"https:\\\/\\\/secure.gravatar.com\\\/avatar\\\/78a7f90c01fc2bfc875782a0d4922b37cde2cf184ce347b91316d23cd7f69a36?s=96&d=mm&r=g\",\"caption\":\"galledia\"},\"sameAs\":[\"https:\\\/\\\/x.com\\\/admin\"],\"url\":\"https:\\\/\\\/www.organisator.ch\\\/de\\\/author\\\/galledia\\\/\"}]}<\/script>\n<!-- \/ Yoast SEO plugin. -->","yoast_head_json":{"title":"Leuchtturmprojekte: Mehrwert durch Logistik - Organisator","description":"Am 8. Mai 2025 findet zum 40. Mal das Z\u00fcrcher Logistik-Kolloquium statt. Pr\u00e4sentiert werden verschiedene Logistik-Leuchtturmprojekte.","robots":{"index":"index","follow":"follow","max-snippet":"max-snippet:-1","max-image-preview":"max-image-preview:large","max-video-preview":"max-video-preview:-1"},"canonical":"https:\/\/www.organisator.ch\/de\/operational-excellence\/2025-03-26\/leuchtturmprojekte-mehrwert-durch-logistik\/","og_locale":"de_DE","og_type":"article","og_title":"Leuchtturmprojekte: Mehrwert durch Logistik - Organisator","og_description":"Am 8. Mai 2025 findet zum 40. Mal das Z\u00fcrcher Logistik-Kolloquium statt. Pr\u00e4sentiert werden verschiedene Logistik-Leuchtturmprojekte.","og_url":"https:\/\/www.organisator.ch\/de\/operational-excellence\/2025-03-26\/leuchtturmprojekte-mehrwert-durch-logistik\/","og_site_name":"Organisator","article_publisher":"https:\/\/www.facebook.com\/OrganisatorFachmagazin","article_published_time":"2025-03-26T07:10:19+00:00","article_modified_time":"2025-03-26T08:22:18+00:00","og_image":[{"width":1240,"height":876,"url":"https:\/\/www.organisator.ch\/wp-content\/uploads\/2023\/08\/Weiterbildung_Getabstract_Bild_organisator_56283.jpg","type":"image\/jpeg"}],"author":"galledia","twitter_card":"summary_large_image","twitter_creator":"@admin","schema":{"@context":"https:\/\/schema.org","@graph":[{"@type":"Article","@id":"https:\/\/www.organisator.ch\/operational-excellence\/2025-03-26\/leuchtturmprojekte-mehrwert-durch-logistik\/#article","isPartOf":{"@id":"https:\/\/www.organisator.ch\/operational-excellence\/2025-03-26\/leuchtturmprojekte-mehrwert-durch-logistik\/"},"author":{"name":"galledia","@id":"https:\/\/www.organisator.ch\/#\/schema\/person\/4e51799071cd2dd1232ac003643ef5f0"},"headline":"Leuchtturmprojekte: Mehrwert durch Logistik","datePublished":"2025-03-26T07:10:19+00:00","dateModified":"2025-03-26T08:22:18+00:00","mainEntityOfPage":{"@id":"https:\/\/www.organisator.ch\/operational-excellence\/2025-03-26\/leuchtturmprojekte-mehrwert-durch-logistik\/"},"wordCount":224,"publisher":{"@id":"https:\/\/www.organisator.ch\/#organization"},"image":{"@id":"https:\/\/www.organisator.ch\/operational-excellence\/2025-03-26\/leuchtturmprojekte-mehrwert-durch-logistik\/#primaryimage"},"thumbnailUrl":"https:\/\/www.m-q.ch\/wp-content\/uploads\/2025\/03\/Leuchtturmprojekte-Mehrwert-durch-Logistik_MQ.png","keywords":["Business Excellence","Fachkongress\/Fachmesse","Innovation","Logistik"],"articleSection":["OPERATIONAL EXCELLENCE"],"inLanguage":"de"},{"@type":"WebPage","@id":"https:\/\/www.organisator.ch\/operational-excellence\/2025-03-26\/leuchtturmprojekte-mehrwert-durch-logistik\/","url":"https:\/\/www.organisator.ch\/operational-excellence\/2025-03-26\/leuchtturmprojekte-mehrwert-durch-logistik\/","name":"Leuchtturmprojekte: Mehrwert durch Logistik - Organisator","isPartOf":{"@id":"https:\/\/www.organisator.ch\/#website"},"primaryImageOfPage":{"@id":"https:\/\/www.organisator.ch\/operational-excellence\/2025-03-26\/leuchtturmprojekte-mehrwert-durch-logistik\/#primaryimage"},"image":{"@id":"https:\/\/www.organisator.ch\/operational-excellence\/2025-03-26\/leuchtturmprojekte-mehrwert-durch-logistik\/#primaryimage"},"thumbnailUrl":"https:\/\/www.m-q.ch\/wp-content\/uploads\/2025\/03\/Leuchtturmprojekte-Mehrwert-durch-Logistik_MQ.png","datePublished":"2025-03-26T07:10:19+00:00","dateModified":"2025-03-26T08:22:18+00:00","description":"Am 8. Mai 2025 findet zum 40. Mal das Z\u00fcrcher Logistik-Kolloquium statt. Pr\u00e4sentiert werden verschiedene Logistik-Leuchtturmprojekte.","breadcrumb":{"@id":"https:\/\/www.organisator.ch\/operational-excellence\/2025-03-26\/leuchtturmprojekte-mehrwert-durch-logistik\/#breadcrumb"},"inLanguage":"de","potentialAction":[{"@type":"ReadAction","target":["https:\/\/www.organisator.ch\/operational-excellence\/2025-03-26\/leuchtturmprojekte-mehrwert-durch-logistik\/"]}]},{"@type":"ImageObject","inLanguage":"de","@id":"https:\/\/www.organisator.ch\/operational-excellence\/2025-03-26\/leuchtturmprojekte-mehrwert-durch-logistik\/#primaryimage","url":"https:\/\/www.m-q.ch\/wp-content\/uploads\/2025\/03\/Leuchtturmprojekte-Mehrwert-durch-Logistik_MQ.png","contentUrl":"https:\/\/www.m-q.ch\/wp-content\/uploads\/2025\/03\/Leuchtturmprojekte-Mehrwert-durch-Logistik_MQ.png"},{"@type":"BreadcrumbList","@id":"https:\/\/www.organisator.ch\/operational-excellence\/2025-03-26\/leuchtturmprojekte-mehrwert-durch-logistik\/#breadcrumb","itemListElement":[{"@type":"ListItem","position":1,"name":"Home","item":"https:\/\/www.organisator.ch\/"},{"@type":"ListItem","position":2,"name":"Leuchtturmprojekte: Mehrwert durch Logistik"}]},{"@type":"WebSite","@id":"https:\/\/www.organisator.ch\/#website","url":"https:\/\/www.organisator.ch\/","name":"Organisator","description":"Kompetent. Praxisnah. Der ORGANISATOR bereitet in 10 Ausgaben pro Jahr die wesentlichen Themen f\u00fcr F\u00fchrungskr\u00e4fte von KMU auf.","publisher":{"@id":"https:\/\/www.organisator.ch\/#organization"},"potentialAction":[{"@type":"SearchAction","target":{"@type":"EntryPoint","urlTemplate":"https:\/\/www.organisator.ch\/?s={search_term_string}"},"query-input":{"@type":"PropertyValueSpecification","valueRequired":true,"valueName":"search_term_string"}}],"inLanguage":"de"},{"@type":"Organization","@id":"https:\/\/www.organisator.ch\/#organization","name":"Organisator","url":"https:\/\/www.organisator.ch\/","logo":{"@type":"ImageObject","inLanguage":"de","@id":"https:\/\/www.organisator.ch\/#\/schema\/logo\/image\/","url":"https:\/\/www.organisator.ch\/wp-content\/uploads\/2022\/01\/Logo_Organisator_Website.png","contentUrl":"https:\/\/www.organisator.ch\/wp-content\/uploads\/2022\/01\/Logo_Organisator_Website.png","width":800,"height":77,"caption":"Organisator"},"image":{"@id":"https:\/\/www.organisator.ch\/#\/schema\/logo\/image\/"},"sameAs":["https:\/\/www.facebook.com\/OrganisatorFachmagazin","https:\/\/www.linkedin.com\/showcase\/organisator-das-magazin-fr-kmu","https:\/\/www.xing.com\/news\/pages\/organisator-ch-695","https:\/\/www.youtube.com\/channel\/UCGP2Sq0iWaZwT3BdIAQFYpw"]},{"@type":"Person","@id":"https:\/\/www.organisator.ch\/#\/schema\/person\/4e51799071cd2dd1232ac003643ef5f0","name":"galledia","image":{"@type":"ImageObject","inLanguage":"de","@id":"https:\/\/secure.gravatar.com\/avatar\/78a7f90c01fc2bfc875782a0d4922b37cde2cf184ce347b91316d23cd7f69a36?s=96&d=mm&r=g","url":"https:\/\/secure.gravatar.com\/avatar\/78a7f90c01fc2bfc875782a0d4922b37cde2cf184ce347b91316d23cd7f69a36?s=96&d=mm&r=g","contentUrl":"https:\/\/secure.gravatar.com\/avatar\/78a7f90c01fc2bfc875782a0d4922b37cde2cf184ce347b91316d23cd7f69a36?s=96&d=mm&r=g","caption":"galledia"},"sameAs":["https:\/\/x.com\/admin"],"url":"https:\/\/www.organisator.ch\/de\/author\/galledia\/"}]}},"_links":{"self":[{"href":"https:\/\/www.organisator.ch\/de\/wp-json\/wp\/v2\/posts\/37205","targetHints":{"allow":["GET"]}}],"collection":[{"href":"https:\/\/www.organisator.ch\/de\/wp-json\/wp\/v2\/posts"}],"about":[{"href":"https:\/\/www.organisator.ch\/de\/wp-json\/wp\/v2\/types\/post"}],"author":[{"embeddable":true,"href":"https:\/\/www.organisator.ch\/de\/wp-json\/wp\/v2\/users\/8"}],"replies":[{"embeddable":true,"href":"https:\/\/www.organisator.ch\/de\/wp-json\/wp\/v2\/comments?post=37205"}],"version-history":[{"count":6,"href":"https:\/\/www.organisator.ch\/de\/wp-json\/wp\/v2\/posts\/37205\/revisions"}],"predecessor-version":[{"id":37210,"href":"https:\/\/www.organisator.ch\/de\/wp-json\/wp\/v2\/posts\/37205\/revisions\/37210"}],"wp:attachment":[{"href":"https:\/\/www.organisator.ch\/de\/wp-json\/wp\/v2\/media?parent=37205"}],"wp:term":[{"taxonomy":"category","embeddable":true,"href":"https:\/\/www.organisator.ch\/de\/wp-json\/wp\/v2\/categories?post=37205"},{"taxonomy":"post_tag","embeddable":true,"href":"https:\/\/www.organisator.ch\/de\/wp-json\/wp\/v2\/tags?post=37205"}],"curies":[{"name":"wp","href":"https:\/\/api.w.org\/{rel}","templated":true}]}}