{"id":3723,"date":"2018-06-01T08:52:23","date_gmt":"2018-06-01T06:52:23","guid":{"rendered":"https:\/\/www.organisator.ch\/?p=3723"},"modified":"2018-06-01T08:52:23","modified_gmt":"2018-06-01T06:52:23","slug":"stillegung-von-software-systemen-ein-unterschaetztes-thema","status":"publish","type":"post","link":"https:\/\/www.organisator.ch\/de\/management\/it\/2018-06-01\/stillegung-von-software-systemen-ein-unterschaetztes-thema\/","title":{"rendered":"Stillegung von Software-Systemen: Ein untersch\u00e4tztes Thema"},"content":{"rendered":"<figure id=\"attachment_3724\" aria-describedby=\"caption-attachment-3724\" style=\"width: 640px\" class=\"wp-caption alignnone\"><img loading=\"lazy\" decoding=\"async\" class=\"size-full wp-image-3724\" src=\"https:\/\/www.organisator.ch\/wp-content\/uploads\/2018\/06\/Stillegung-von-Software-Systemen-Ein-unterschaetztes-Thema_Organisator.jpg\" alt=\"\" width=\"640\" height=\"464\" srcset=\"https:\/\/www.organisator.ch\/wp-content\/uploads\/2018\/06\/Stillegung-von-Software-Systemen-Ein-unterschaetztes-Thema_Organisator.jpg 640w, https:\/\/www.organisator.ch\/wp-content\/uploads\/2018\/06\/Stillegung-von-Software-Systemen-Ein-unterschaetztes-Thema_Organisator-16x12.jpg 16w, https:\/\/www.organisator.ch\/wp-content\/uploads\/2018\/06\/Stillegung-von-Software-Systemen-Ein-unterschaetztes-Thema_Organisator-241x175.jpg 241w, https:\/\/www.organisator.ch\/wp-content\/uploads\/2018\/06\/Stillegung-von-Software-Systemen-Ein-unterschaetztes-Thema_Organisator-483x350.jpg 483w, https:\/\/www.organisator.ch\/wp-content\/uploads\/2018\/06\/Stillegung-von-Software-Systemen-Ein-unterschaetztes-Thema_Organisator-300x218.jpg 300w\" sizes=\"auto, (max-width: 640px) 100vw, 640px\" \/><figcaption id=\"caption-attachment-3724\" class=\"wp-caption-text\">Thomas Failer, Gr\u00fcnder und Besitzer von Data Migration Services AG, sieht f\u00fcr sein Unternehmen enormes Wachstumspotenzial bei der Stillegung von Software-Systemen. (Bild: zVg).<\/figcaption><\/figure>\n<p>Die Zahlen, die\u00a0Data Migration Services AG unl\u00e4ngst an einer Medienkonferenz vorstellte, sind\u00a0beeindruckend:\u00a0Das Unternehmen konnte in den\u00a0vergangenen Jahren seinen Umsatz wiederholt im zweistelligen Prozentbereich steigern. Allein 2017 betrug das Wachstum rund 40 Prozent. Mit der Software JiVS wurden im vergangenen Jahr direkt und \u00fcber Partner 25 Millionen Franken umgesetzt. So haben sich beispielsweise 2017 einer der gr\u00f6ssten Energiestoffkonzerne und Lafarge Holcim f\u00fcr JiVS entschieden. Der Baustoffriese wird damit Dutzende Altsysteme historisieren. Aber auch eines der weltweit 20 gr\u00f6ssten Konzerne aus USA ist ein prominenter Kunde des Kreuzlinger Software-Herstellers. Der Mischkonzern setzt seit 2017 JiVS f\u00fcr alle Gesch\u00e4ftszweige ein. Data Migration Services hat aber den ganz grossen Wachstumsschub noch vor sich. Bis 2030 rechnet Gr\u00fcnder und Besitzer Thomas Failer mit einem Potenzial von mindestens zwei Milliarden Franken. Mit dem Ziel, zum weltweiten Marktf\u00fchrer f\u00fcr Historisierung von Altsystemen und komplement\u00e4ren L\u00f6sungen aufzusteigen, ist Failer zum 1. Mai 2018 wieder ins Unternehmen zur\u00fcckgekehrt. Um dieses Potenzial m\u00f6glichst stark abzugreifen, soll das bestehende weltweite Partnernetzwerk mit Hochdruck ausgebaut werden. Failer: \u00abKunden sehen f\u00fcr die Zukunft bis zu 80 Prozent Einsparpotenzial f\u00fcr den IT-Betrieb in der Historisierung von Altsystemen. Deshalb muss die Disziplin auch integraler Bestandteil von Migrationsstrategien und das Mittel der Wahl sein, um die oftmals fehlenden Ressourcen f\u00fcr die dringend notwendigen Investitionen in innovative Gesch\u00e4ftsmodelle bereitzustellen.\u00bb<\/p>\n<h2><strong>Herausforderungen Datenschutz<\/strong><\/h2>\n<p>Die Gr\u00fcnde, dass Marktforscher beim Kerngesch\u00e4ft von JiVS ein derart grosses Potenzial f\u00fcr Unternehmen sehen, sind \u00e4usserst pragmatisch: Capgemini beispielsweise sagt, dass die H\u00e4lfte der gr\u00f6ssten Unternehmen 50 Prozent ihrer Software-Systeme ausser Betrieb nehmen k\u00f6nnten. Da sich aber beispielsweise die Anforderungen an die Datenschutzgesetze ohne die Historisierungs-Funktionalit\u00e4ten wie der von JiVS nicht erf\u00fcllen lassen, wurde das Thema in der Vergangenheit eher stiefm\u00fctterlich behandelt. Nun d\u00fcrfte vor dem Hintergrund der neuen europ\u00e4ischen Datenschutz-Grundverordnung die Aufmerksamkeit f\u00fcr dieses Thema zunehmen. Denn: Unternehmen m\u00fcssen auf Anfrage Auskunft \u00fcber personenbezogene Daten\u00a0geben k\u00f6nnen, auch wenn diese in alten Datenbest\u00e4nden lagern, die nicht in neue Anwendungen migriert worden sind. Die Software-L\u00f6sung JiVS stellt sicher, dass der Zugriff auf \u00aburalte\u00bb Daten dennoch m\u00f6glich bleibt; die Entstehung von Daten und ihre Weiterverarbeitung entlang der Wertsch\u00f6pfungskette kann weiterhin nachvollzogen werden. Das ist beispielsweise auch im Projektgesch\u00e4ft und Anlagenbau relevant, wo oftmals lange Laufzeiten vorherrschen. So ist es etwa bei der Modernisierung eines Kraftwerks von h\u00f6chster Wichtigkeit, exakt zu wissen, welche Teile oder Materialien urspr\u00fcnglich verbaut wurden, um Fehler und Verz\u00f6gerungen bei der Planung und vor allem der Ausf\u00fchrung zu vermeiden. So lassen sich die verschiedenen Sichten in der JiVS-Oberfl\u00e4che nebeneinanderlegen, so dass zum Beispiel ein Fachanwender den Materialfluss von der Bestellung bis zur Lieferung und Montage auf einen Blick nachvollziehen kann.<\/p>\n<h2>Migration auf SAP S\/4 Hana<\/h2>\n<p>Hinzu kommen die Konsequenzen, die durch die Migration in die neue SAP-Welt auf Unternehmen zukommt, wenn sie Altsysteme nicht konsequent in Rente schicken. Den sp\u00e4testens im Jahre 2025 sehen sich etliche Unternehmen mit der unumg\u00e4nglich werdenden Migration auf S4\/Hana mit einer propriet\u00e4ren Datenbankpolitik konfrontiert, deren Kosten sich nicht mehr rechtfertigen lassen. Mittlerweile habe deshalb auch ein Umdenken eingesetzt, sagt Failer: \u00abKunden, Partner und Marktforscher sch\u00e4tzen das Bed\u00fcrfnis f\u00fcr Konsolidierung und Historisierung von Software-Systemen dringender denn je ein.\u00bb Neben Datenschutz-Compliance und SAP S\/4 Hana seien aber auch Megatrends wie Cloud-Computing oder neue digitale Gesch\u00e4ftsmodelle die Treiber. \u00abProzesse und Systeme ver\u00e4ndern sich, Daten aber m\u00fcssen vorhanden bleiben. Diese Herausforderungen der Unternehmen werden wir nutzen, um mit JiVS die Marktf\u00fchrerschaft f\u00fcr Historisierung von Altsystemen auszubauen.\u00bb<\/p>\n<h2><strong>Gartner sieht JiVS als \u00abideal\u00bb f\u00fcr die Stillegung von Software-Systemen<\/strong><\/h2>\n<p>Erstaunlich ist das Wachstum von Data Migration Services auch vor dem Hintergrund ihrer Organisation.\u00a0Das Unternehmen mit seinen 20 Angestellten ist sehr schlank aufgestellt. Sogar f\u00fcr grosse internationale Konzerne wurden die Verk\u00e4ufe gleichsam auf dem Korrespondenzweg abgewickelt, wie Thomas Failer erz\u00e4hlt.\u00a0W\u00e4hrend andere Unternehmen f\u00fcr globale Aktivit\u00e4ten \u00fcber ein umfangreiches Vertriebsnetz verf\u00fcgen, kann sich Data Migration Systems auf namhafte Partner abst\u00fctzen, allen voran die Systemintegratoren von SAP. Dadurch erkl\u00e4rt sich auch das enorme Potenzial. Aber auch Anwender von anderen ERP-L\u00f6sungen, welche das Ende ihres Lebenszyklus erreichen, k\u00f6nnen mit JiVS\u00a0ihre alten Datenbest\u00e4nde mit vertretbarem Aufwand archivieren und f\u00fcr die neue L\u00f6sung bereitstellen. Der Marktforscher Gartner w\u00fcrdigt die Schweizer Software JiVS in seinem SDAAR Magic Quadrant (Structured Data Archiving and Application Retirement) und sagt: \u00abIf you looking for a Legacy Retirement Solution, we belive JiVS is ideal.\u00bb und \u00abThe JiVS Approach to switch to SAP S\/4HANA is game-changing.\u00bb Wenn das nicht gleichbedeutend ist mit einem Ritterschlag&#8230;<\/p>\n<p><a href=\"http:\/\/www.dms-ag.ch\"><em>www.dms-ag.ch<\/em><\/a><\/p>\n","protected":false},"excerpt":{"rendered":"<p>Die Zahlen, die\u00a0Data Migration Services AG unl\u00e4ngst an einer Medienkonferenz vorstellte, sind\u00a0beeindruckend:\u00a0Das Unternehmen konnte in den\u00a0vergangenen Jahren seinen Umsatz wiederholt im zweistelligen Prozentbereich steigern. Allein 2017 betrug das Wachstum rund 40 Prozent. Mit der Software JiVS wurden im vergangenen Jahr direkt und \u00fcber Partner 25 Millionen Franken umgesetzt. So haben sich beispielsweise 2017 einer der [&hellip;]<\/p>\n","protected":false},"author":4,"featured_media":3724,"comment_status":"open","ping_status":"open","sticky":false,"template":"","format":"standard","meta":{"_acf_changed":false,"_yoast_wpseo_focuskw":"Stillegung von Software-Systemen","_yoast_wpseo_metadesc":"Ein weiteres Beispiel f\u00fcr eine KMU-Erfolgsgeschichte: Die Kreuzlinger Firma Data Migration Services AG hat sich auf die Stillegung von Software-Systemen spezialisiert. Die Software-Firma sieht massive Kostensenkungsm\u00f6glichkeiten mit Datenarchivierung und Applikationshistorisierung.","articlekey":"","footnotes":""},"categories":[27],"tags":[146,286,288,393],"class_list":["post-3723","post","type-post","status-publish","format-standard","has-post-thumbnail","hentry","category-it","tag-datenschutz","tag-it","tag-it-business-software","tag-produkte"],"acf":[],"yoast_head":"<!-- This site is optimized with the Yoast SEO plugin v27.5 - https:\/\/yoast.com\/product\/yoast-seo-wordpress\/ -->\n<title>Stillegung von Software-Systemen: Ein untersch\u00e4tztes Thema - Organisator<\/title>\n<meta name=\"description\" content=\"Ein weiteres Beispiel f\u00fcr eine KMU-Erfolgsgeschichte: Die Kreuzlinger Firma Data Migration Services AG hat sich auf die Stillegung von Software-Systemen spezialisiert. Die Software-Firma sieht massive Kostensenkungsm\u00f6glichkeiten mit Datenarchivierung und Applikationshistorisierung.\" \/>\n<meta name=\"robots\" content=\"index, follow, max-snippet:-1, max-image-preview:large, max-video-preview:-1\" \/>\n<link rel=\"canonical\" href=\"https:\/\/www.organisator.ch\/de\/management\/it\/2018-06-01\/stillegung-von-software-systemen-ein-unterschaetztes-thema\/\" \/>\n<meta property=\"og:locale\" content=\"de_DE\" \/>\n<meta property=\"og:type\" content=\"article\" \/>\n<meta property=\"og:title\" content=\"Stillegung von Software-Systemen: Ein untersch\u00e4tztes Thema\" \/>\n<meta property=\"og:description\" content=\"Ein weiteres Beispiel f\u00fcr eine #KMU-Erfolgsgeschichte: Die Kreuzlinger Firma Data Migration Services AG hat sich auf die #Stillegung von #Software-Systemen spezialisiert. Die Software-Firma sieht massive Kostensenkungsm\u00f6glichkeiten mit #Datenarchivierung und #Applikationshistorisierung.\" \/>\n<meta property=\"og:url\" content=\"https:\/\/www.organisator.ch\/de\/management\/it\/2018-06-01\/stillegung-von-software-systemen-ein-unterschaetztes-thema\/\" \/>\n<meta property=\"og:site_name\" content=\"Organisator\" \/>\n<meta property=\"article:publisher\" content=\"https:\/\/www.facebook.com\/OrganisatorFachmagazin\" \/>\n<meta property=\"article:published_time\" content=\"2018-06-01T06:52:23+00:00\" \/>\n<meta property=\"og:image\" content=\"https:\/\/www.organisator.ch\/wp-content\/uploads\/2018\/06\/Stillegung-von-Software-Systemen-Ein-unterschaetztes-Thema_Organisator.jpg\" \/>\n\t<meta property=\"og:image:width\" content=\"640\" \/>\n\t<meta property=\"og:image:height\" content=\"464\" \/>\n\t<meta property=\"og:image:type\" content=\"image\/jpeg\" \/>\n<meta name=\"author\" content=\"thomas.berner\" \/>\n<meta name=\"twitter:card\" content=\"summary_large_image\" \/>\n<meta name=\"twitter:title\" content=\"#Stillegung von #Software-Systemen: Ein untersch\u00e4tztes Thema\" \/>\n<meta name=\"twitter:description\" content=\"Ein weiteres Beispiel f\u00fcr eine #KMU-Erfolgsgeschichte: Die Kreuzlinger Firma Data Migration Services AG hat sich auf die #Stillegung von #Software-Systemen spezialisiert. Die Software-Firma sieht massive Kostensenkungsm\u00f6glichkeiten mit #Datenarchivierung und #Applikationshistorisierung.\" \/>\n<meta name=\"twitter:image\" content=\"https:\/\/www.organisator.ch\/wp-content\/uploads\/2018\/06\/Stillegung-von-Software-Systemen-Ein-untersch\u00e4tztes-Thema_Organisator.jpg\" \/>\n<script type=\"application\/ld+json\" class=\"yoast-schema-graph\">{\"@context\":\"https:\\\/\\\/schema.org\",\"@graph\":[{\"@type\":\"Article\",\"@id\":\"https:\\\/\\\/www.organisator.ch\\\/management\\\/it\\\/2018-06-01\\\/stillegung-von-software-systemen-ein-unterschaetztes-thema\\\/#article\",\"isPartOf\":{\"@id\":\"https:\\\/\\\/www.organisator.ch\\\/management\\\/it\\\/2018-06-01\\\/stillegung-von-software-systemen-ein-unterschaetztes-thema\\\/\"},\"author\":{\"name\":\"thomas.berner\",\"@id\":\"https:\\\/\\\/www.organisator.ch\\\/#\\\/schema\\\/person\\\/6f650f90b2842cd4c0cc334b4e36f67e\"},\"headline\":\"Stillegung von Software-Systemen: Ein untersch\u00e4tztes Thema\",\"datePublished\":\"2018-06-01T06:52:23+00:00\",\"mainEntityOfPage\":{\"@id\":\"https:\\\/\\\/www.organisator.ch\\\/management\\\/it\\\/2018-06-01\\\/stillegung-von-software-systemen-ein-unterschaetztes-thema\\\/\"},\"wordCount\":822,\"commentCount\":0,\"publisher\":{\"@id\":\"https:\\\/\\\/www.organisator.ch\\\/#organization\"},\"image\":{\"@id\":\"https:\\\/\\\/www.organisator.ch\\\/management\\\/it\\\/2018-06-01\\\/stillegung-von-software-systemen-ein-unterschaetztes-thema\\\/#primaryimage\"},\"thumbnailUrl\":\"https:\\\/\\\/www.organisator.ch\\\/wp-content\\\/uploads\\\/2018\\\/06\\\/Stillegung-von-Software-Systemen-Ein-unterschaetztes-Thema_Organisator.jpg\",\"keywords\":[\"Datenschutz\",\"IT\",\"IT &amp; Business Software\",\"Produkte\"],\"articleSection\":[\"IT\"],\"inLanguage\":\"de\"},{\"@type\":\"WebPage\",\"@id\":\"https:\\\/\\\/www.organisator.ch\\\/management\\\/it\\\/2018-06-01\\\/stillegung-von-software-systemen-ein-unterschaetztes-thema\\\/\",\"url\":\"https:\\\/\\\/www.organisator.ch\\\/management\\\/it\\\/2018-06-01\\\/stillegung-von-software-systemen-ein-unterschaetztes-thema\\\/\",\"name\":\"Stillegung von Software-Systemen: Ein untersch\u00e4tztes Thema - Organisator\",\"isPartOf\":{\"@id\":\"https:\\\/\\\/www.organisator.ch\\\/#website\"},\"primaryImageOfPage\":{\"@id\":\"https:\\\/\\\/www.organisator.ch\\\/management\\\/it\\\/2018-06-01\\\/stillegung-von-software-systemen-ein-unterschaetztes-thema\\\/#primaryimage\"},\"image\":{\"@id\":\"https:\\\/\\\/www.organisator.ch\\\/management\\\/it\\\/2018-06-01\\\/stillegung-von-software-systemen-ein-unterschaetztes-thema\\\/#primaryimage\"},\"thumbnailUrl\":\"https:\\\/\\\/www.organisator.ch\\\/wp-content\\\/uploads\\\/2018\\\/06\\\/Stillegung-von-Software-Systemen-Ein-unterschaetztes-Thema_Organisator.jpg\",\"datePublished\":\"2018-06-01T06:52:23+00:00\",\"description\":\"Ein weiteres Beispiel f\u00fcr eine KMU-Erfolgsgeschichte: Die Kreuzlinger Firma Data Migration Services AG hat sich auf die Stillegung von Software-Systemen spezialisiert. Die Software-Firma sieht massive Kostensenkungsm\u00f6glichkeiten mit Datenarchivierung und Applikationshistorisierung.\",\"breadcrumb\":{\"@id\":\"https:\\\/\\\/www.organisator.ch\\\/management\\\/it\\\/2018-06-01\\\/stillegung-von-software-systemen-ein-unterschaetztes-thema\\\/#breadcrumb\"},\"inLanguage\":\"de\",\"potentialAction\":[{\"@type\":\"ReadAction\",\"target\":[\"https:\\\/\\\/www.organisator.ch\\\/management\\\/it\\\/2018-06-01\\\/stillegung-von-software-systemen-ein-unterschaetztes-thema\\\/\"]}]},{\"@type\":\"ImageObject\",\"inLanguage\":\"de\",\"@id\":\"https:\\\/\\\/www.organisator.ch\\\/management\\\/it\\\/2018-06-01\\\/stillegung-von-software-systemen-ein-unterschaetztes-thema\\\/#primaryimage\",\"url\":\"https:\\\/\\\/www.organisator.ch\\\/wp-content\\\/uploads\\\/2018\\\/06\\\/Stillegung-von-Software-Systemen-Ein-unterschaetztes-Thema_Organisator.jpg\",\"contentUrl\":\"https:\\\/\\\/www.organisator.ch\\\/wp-content\\\/uploads\\\/2018\\\/06\\\/Stillegung-von-Software-Systemen-Ein-unterschaetztes-Thema_Organisator.jpg\",\"width\":640,\"height\":464,\"caption\":\"Thomas Failer, Gr\u00fcnder und Besitzer von Data Migration Services AG, sieht f\u00fcr sein Unternehmen enormes Wachstumspotenzial bei der Stillegung von Software-Systemen. (Bild: zVg).\"},{\"@type\":\"BreadcrumbList\",\"@id\":\"https:\\\/\\\/www.organisator.ch\\\/management\\\/it\\\/2018-06-01\\\/stillegung-von-software-systemen-ein-unterschaetztes-thema\\\/#breadcrumb\",\"itemListElement\":[{\"@type\":\"ListItem\",\"position\":1,\"name\":\"Home\",\"item\":\"https:\\\/\\\/www.organisator.ch\\\/\"},{\"@type\":\"ListItem\",\"position\":2,\"name\":\"Stillegung von Software-Systemen: Ein untersch\u00e4tztes Thema\"}]},{\"@type\":\"WebSite\",\"@id\":\"https:\\\/\\\/www.organisator.ch\\\/#website\",\"url\":\"https:\\\/\\\/www.organisator.ch\\\/\",\"name\":\"Organisator\",\"description\":\"Kompetent. Praxisnah. Der ORGANISATOR bereitet in 10 Ausgaben pro Jahr die wesentlichen Themen f\u00fcr F\u00fchrungskr\u00e4fte von KMU auf.\",\"publisher\":{\"@id\":\"https:\\\/\\\/www.organisator.ch\\\/#organization\"},\"potentialAction\":[{\"@type\":\"SearchAction\",\"target\":{\"@type\":\"EntryPoint\",\"urlTemplate\":\"https:\\\/\\\/www.organisator.ch\\\/?s={search_term_string}\"},\"query-input\":{\"@type\":\"PropertyValueSpecification\",\"valueRequired\":true,\"valueName\":\"search_term_string\"}}],\"inLanguage\":\"de\"},{\"@type\":\"Organization\",\"@id\":\"https:\\\/\\\/www.organisator.ch\\\/#organization\",\"name\":\"Organisator\",\"url\":\"https:\\\/\\\/www.organisator.ch\\\/\",\"logo\":{\"@type\":\"ImageObject\",\"inLanguage\":\"de\",\"@id\":\"https:\\\/\\\/www.organisator.ch\\\/#\\\/schema\\\/logo\\\/image\\\/\",\"url\":\"https:\\\/\\\/www.organisator.ch\\\/wp-content\\\/uploads\\\/2022\\\/01\\\/Logo_Organisator_Website.png\",\"contentUrl\":\"https:\\\/\\\/www.organisator.ch\\\/wp-content\\\/uploads\\\/2022\\\/01\\\/Logo_Organisator_Website.png\",\"width\":800,\"height\":77,\"caption\":\"Organisator\"},\"image\":{\"@id\":\"https:\\\/\\\/www.organisator.ch\\\/#\\\/schema\\\/logo\\\/image\\\/\"},\"sameAs\":[\"https:\\\/\\\/www.facebook.com\\\/OrganisatorFachmagazin\",\"https:\\\/\\\/www.linkedin.com\\\/showcase\\\/organisator-das-magazin-fr-kmu\",\"https:\\\/\\\/www.xing.com\\\/news\\\/pages\\\/organisator-ch-695\",\"https:\\\/\\\/www.youtube.com\\\/channel\\\/UCGP2Sq0iWaZwT3BdIAQFYpw\"]},{\"@type\":\"Person\",\"@id\":\"https:\\\/\\\/www.organisator.ch\\\/#\\\/schema\\\/person\\\/6f650f90b2842cd4c0cc334b4e36f67e\",\"name\":\"thomas.berner\",\"image\":{\"@type\":\"ImageObject\",\"inLanguage\":\"de\",\"@id\":\"https:\\\/\\\/secure.gravatar.com\\\/avatar\\\/ac5001d2a36cb6c6cd3e50789007ffca834b477b74a2144564522e944eabff61?s=96&d=mm&r=g\",\"url\":\"https:\\\/\\\/secure.gravatar.com\\\/avatar\\\/ac5001d2a36cb6c6cd3e50789007ffca834b477b74a2144564522e944eabff61?s=96&d=mm&r=g\",\"contentUrl\":\"https:\\\/\\\/secure.gravatar.com\\\/avatar\\\/ac5001d2a36cb6c6cd3e50789007ffca834b477b74a2144564522e944eabff61?s=96&d=mm&r=g\",\"caption\":\"thomas.berner\"},\"url\":\"https:\\\/\\\/www.organisator.ch\\\/de\\\/author\\\/thomas-berner\\\/\"}]}<\/script>\n<!-- \/ Yoast SEO plugin. -->","yoast_head_json":{"title":"Stillegung von Software-Systemen: Ein untersch\u00e4tztes Thema - Organisator","description":"Ein weiteres Beispiel f\u00fcr eine KMU-Erfolgsgeschichte: Die Kreuzlinger Firma Data Migration Services AG hat sich auf die Stillegung von Software-Systemen spezialisiert. Die Software-Firma sieht massive Kostensenkungsm\u00f6glichkeiten mit Datenarchivierung und Applikationshistorisierung.","robots":{"index":"index","follow":"follow","max-snippet":"max-snippet:-1","max-image-preview":"max-image-preview:large","max-video-preview":"max-video-preview:-1"},"canonical":"https:\/\/www.organisator.ch\/de\/management\/it\/2018-06-01\/stillegung-von-software-systemen-ein-unterschaetztes-thema\/","og_locale":"de_DE","og_type":"article","og_title":"Stillegung von Software-Systemen: Ein untersch\u00e4tztes Thema","og_description":"Ein weiteres Beispiel f\u00fcr eine #KMU-Erfolgsgeschichte: Die Kreuzlinger Firma Data Migration Services AG hat sich auf die #Stillegung von #Software-Systemen spezialisiert. Die Software-Firma sieht massive Kostensenkungsm\u00f6glichkeiten mit #Datenarchivierung und #Applikationshistorisierung.","og_url":"https:\/\/www.organisator.ch\/de\/management\/it\/2018-06-01\/stillegung-von-software-systemen-ein-unterschaetztes-thema\/","og_site_name":"Organisator","article_publisher":"https:\/\/www.facebook.com\/OrganisatorFachmagazin","article_published_time":"2018-06-01T06:52:23+00:00","og_image":[{"width":640,"height":464,"url":"https:\/\/www.organisator.ch\/wp-content\/uploads\/2018\/06\/Stillegung-von-Software-Systemen-Ein-unterschaetztes-Thema_Organisator.jpg","type":"image\/jpeg"}],"author":"thomas.berner","twitter_card":"summary_large_image","twitter_title":"#Stillegung von #Software-Systemen: Ein untersch\u00e4tztes Thema","twitter_description":"Ein weiteres Beispiel f\u00fcr eine #KMU-Erfolgsgeschichte: Die Kreuzlinger Firma Data Migration Services AG hat sich auf die #Stillegung von #Software-Systemen spezialisiert. Die Software-Firma sieht massive Kostensenkungsm\u00f6glichkeiten mit #Datenarchivierung und #Applikationshistorisierung.","twitter_image":"https:\/\/www.organisator.ch\/wp-content\/uploads\/2018\/06\/Stillegung-von-Software-Systemen-Ein-untersch\u00e4tztes-Thema_Organisator.jpg","schema":{"@context":"https:\/\/schema.org","@graph":[{"@type":"Article","@id":"https:\/\/www.organisator.ch\/management\/it\/2018-06-01\/stillegung-von-software-systemen-ein-unterschaetztes-thema\/#article","isPartOf":{"@id":"https:\/\/www.organisator.ch\/management\/it\/2018-06-01\/stillegung-von-software-systemen-ein-unterschaetztes-thema\/"},"author":{"name":"thomas.berner","@id":"https:\/\/www.organisator.ch\/#\/schema\/person\/6f650f90b2842cd4c0cc334b4e36f67e"},"headline":"Stillegung von Software-Systemen: Ein untersch\u00e4tztes Thema","datePublished":"2018-06-01T06:52:23+00:00","mainEntityOfPage":{"@id":"https:\/\/www.organisator.ch\/management\/it\/2018-06-01\/stillegung-von-software-systemen-ein-unterschaetztes-thema\/"},"wordCount":822,"commentCount":0,"publisher":{"@id":"https:\/\/www.organisator.ch\/#organization"},"image":{"@id":"https:\/\/www.organisator.ch\/management\/it\/2018-06-01\/stillegung-von-software-systemen-ein-unterschaetztes-thema\/#primaryimage"},"thumbnailUrl":"https:\/\/www.organisator.ch\/wp-content\/uploads\/2018\/06\/Stillegung-von-Software-Systemen-Ein-unterschaetztes-Thema_Organisator.jpg","keywords":["Datenschutz","IT","IT &amp; Business Software","Produkte"],"articleSection":["IT"],"inLanguage":"de"},{"@type":"WebPage","@id":"https:\/\/www.organisator.ch\/management\/it\/2018-06-01\/stillegung-von-software-systemen-ein-unterschaetztes-thema\/","url":"https:\/\/www.organisator.ch\/management\/it\/2018-06-01\/stillegung-von-software-systemen-ein-unterschaetztes-thema\/","name":"Stillegung von Software-Systemen: Ein untersch\u00e4tztes Thema - Organisator","isPartOf":{"@id":"https:\/\/www.organisator.ch\/#website"},"primaryImageOfPage":{"@id":"https:\/\/www.organisator.ch\/management\/it\/2018-06-01\/stillegung-von-software-systemen-ein-unterschaetztes-thema\/#primaryimage"},"image":{"@id":"https:\/\/www.organisator.ch\/management\/it\/2018-06-01\/stillegung-von-software-systemen-ein-unterschaetztes-thema\/#primaryimage"},"thumbnailUrl":"https:\/\/www.organisator.ch\/wp-content\/uploads\/2018\/06\/Stillegung-von-Software-Systemen-Ein-unterschaetztes-Thema_Organisator.jpg","datePublished":"2018-06-01T06:52:23+00:00","description":"Ein weiteres Beispiel f\u00fcr eine KMU-Erfolgsgeschichte: Die Kreuzlinger Firma Data Migration Services AG hat sich auf die Stillegung von Software-Systemen spezialisiert. Die Software-Firma sieht massive Kostensenkungsm\u00f6glichkeiten mit Datenarchivierung und Applikationshistorisierung.","breadcrumb":{"@id":"https:\/\/www.organisator.ch\/management\/it\/2018-06-01\/stillegung-von-software-systemen-ein-unterschaetztes-thema\/#breadcrumb"},"inLanguage":"de","potentialAction":[{"@type":"ReadAction","target":["https:\/\/www.organisator.ch\/management\/it\/2018-06-01\/stillegung-von-software-systemen-ein-unterschaetztes-thema\/"]}]},{"@type":"ImageObject","inLanguage":"de","@id":"https:\/\/www.organisator.ch\/management\/it\/2018-06-01\/stillegung-von-software-systemen-ein-unterschaetztes-thema\/#primaryimage","url":"https:\/\/www.organisator.ch\/wp-content\/uploads\/2018\/06\/Stillegung-von-Software-Systemen-Ein-unterschaetztes-Thema_Organisator.jpg","contentUrl":"https:\/\/www.organisator.ch\/wp-content\/uploads\/2018\/06\/Stillegung-von-Software-Systemen-Ein-unterschaetztes-Thema_Organisator.jpg","width":640,"height":464,"caption":"Thomas Failer, Gr\u00fcnder und Besitzer von Data Migration Services AG, sieht f\u00fcr sein Unternehmen enormes Wachstumspotenzial bei der Stillegung von Software-Systemen. (Bild: zVg)."},{"@type":"BreadcrumbList","@id":"https:\/\/www.organisator.ch\/management\/it\/2018-06-01\/stillegung-von-software-systemen-ein-unterschaetztes-thema\/#breadcrumb","itemListElement":[{"@type":"ListItem","position":1,"name":"Home","item":"https:\/\/www.organisator.ch\/"},{"@type":"ListItem","position":2,"name":"Stillegung von Software-Systemen: Ein untersch\u00e4tztes Thema"}]},{"@type":"WebSite","@id":"https:\/\/www.organisator.ch\/#website","url":"https:\/\/www.organisator.ch\/","name":"Organisator","description":"Kompetent. Praxisnah. Der ORGANISATOR bereitet in 10 Ausgaben pro Jahr die wesentlichen Themen f\u00fcr F\u00fchrungskr\u00e4fte von KMU auf.","publisher":{"@id":"https:\/\/www.organisator.ch\/#organization"},"potentialAction":[{"@type":"SearchAction","target":{"@type":"EntryPoint","urlTemplate":"https:\/\/www.organisator.ch\/?s={search_term_string}"},"query-input":{"@type":"PropertyValueSpecification","valueRequired":true,"valueName":"search_term_string"}}],"inLanguage":"de"},{"@type":"Organization","@id":"https:\/\/www.organisator.ch\/#organization","name":"Organisator","url":"https:\/\/www.organisator.ch\/","logo":{"@type":"ImageObject","inLanguage":"de","@id":"https:\/\/www.organisator.ch\/#\/schema\/logo\/image\/","url":"https:\/\/www.organisator.ch\/wp-content\/uploads\/2022\/01\/Logo_Organisator_Website.png","contentUrl":"https:\/\/www.organisator.ch\/wp-content\/uploads\/2022\/01\/Logo_Organisator_Website.png","width":800,"height":77,"caption":"Organisator"},"image":{"@id":"https:\/\/www.organisator.ch\/#\/schema\/logo\/image\/"},"sameAs":["https:\/\/www.facebook.com\/OrganisatorFachmagazin","https:\/\/www.linkedin.com\/showcase\/organisator-das-magazin-fr-kmu","https:\/\/www.xing.com\/news\/pages\/organisator-ch-695","https:\/\/www.youtube.com\/channel\/UCGP2Sq0iWaZwT3BdIAQFYpw"]},{"@type":"Person","@id":"https:\/\/www.organisator.ch\/#\/schema\/person\/6f650f90b2842cd4c0cc334b4e36f67e","name":"thomas.berner","image":{"@type":"ImageObject","inLanguage":"de","@id":"https:\/\/secure.gravatar.com\/avatar\/ac5001d2a36cb6c6cd3e50789007ffca834b477b74a2144564522e944eabff61?s=96&d=mm&r=g","url":"https:\/\/secure.gravatar.com\/avatar\/ac5001d2a36cb6c6cd3e50789007ffca834b477b74a2144564522e944eabff61?s=96&d=mm&r=g","contentUrl":"https:\/\/secure.gravatar.com\/avatar\/ac5001d2a36cb6c6cd3e50789007ffca834b477b74a2144564522e944eabff61?s=96&d=mm&r=g","caption":"thomas.berner"},"url":"https:\/\/www.organisator.ch\/de\/author\/thomas-berner\/"}]}},"_links":{"self":[{"href":"https:\/\/www.organisator.ch\/de\/wp-json\/wp\/v2\/posts\/3723","targetHints":{"allow":["GET"]}}],"collection":[{"href":"https:\/\/www.organisator.ch\/de\/wp-json\/wp\/v2\/posts"}],"about":[{"href":"https:\/\/www.organisator.ch\/de\/wp-json\/wp\/v2\/types\/post"}],"author":[{"embeddable":true,"href":"https:\/\/www.organisator.ch\/de\/wp-json\/wp\/v2\/users\/4"}],"replies":[{"embeddable":true,"href":"https:\/\/www.organisator.ch\/de\/wp-json\/wp\/v2\/comments?post=3723"}],"version-history":[{"count":0,"href":"https:\/\/www.organisator.ch\/de\/wp-json\/wp\/v2\/posts\/3723\/revisions"}],"wp:featuredmedia":[{"embeddable":true,"href":"https:\/\/www.organisator.ch\/de\/wp-json\/wp\/v2\/media\/3724"}],"wp:attachment":[{"href":"https:\/\/www.organisator.ch\/de\/wp-json\/wp\/v2\/media?parent=3723"}],"wp:term":[{"taxonomy":"category","embeddable":true,"href":"https:\/\/www.organisator.ch\/de\/wp-json\/wp\/v2\/categories?post=3723"},{"taxonomy":"post_tag","embeddable":true,"href":"https:\/\/www.organisator.ch\/de\/wp-json\/wp\/v2\/tags?post=3723"}],"curies":[{"name":"wp","href":"https:\/\/api.w.org\/{rel}","templated":true}]}}