{"id":37230,"date":"2025-03-27T13:07:36","date_gmt":"2025-03-27T12:07:36","guid":{"rendered":"https:\/\/www.markt-kom.com\/?p=232568"},"modified":"2025-03-27T07:05:31","modified_gmt":"2025-03-27T06:05:31","slug":"ki-videos-maz-tagung-beleuchtet-chancen-herausforderungen-und-ethische-fragen","status":"publish","type":"post","link":"https:\/\/www.organisator.ch\/de\/marketing\/2025-03-27\/ki-videos-maz-tagung-beleuchtet-chancen-herausforderungen-und-ethische-fragen\/","title":{"rendered":"KI-Videos: Maz-Tagung beleuchtet Chancen, Herausforderungen und ethische Fragen"},"content":{"rendered":"<figure id=\"attachment_232570\" class=\"wp-caption aligncenter\" style=\"width: 1200px;\" aria-describedby=\"caption-attachment-232570\"><a href=\"https:\/\/www.markt-kom.com\/wp-content\/uploads\/2025\/03\/Video-Symbolbild-Unsplash.jpg\"><img class=\"size-full wp-image-232570\" src=\"https:\/\/www.markt-kom.com\/wp-content\/uploads\/2025\/03\/Video-Symbolbild-Unsplash.jpg\" sizes=\"(max-width: 1200px) 100vw, 1200px\" srcset=\"https:\/\/www.markt-kom.com\/wp-content\/uploads\/2025\/03\/Video-Symbolbild-Unsplash.jpg 1200w, https:\/\/www.markt-kom.com\/wp-content\/uploads\/2025\/03\/Video-Symbolbild-Unsplash-600x450.jpg 600w, https:\/\/www.markt-kom.com\/wp-content\/uploads\/2025\/03\/Video-Symbolbild-Unsplash-1024x768.jpg 1024w, https:\/\/www.markt-kom.com\/wp-content\/uploads\/2025\/03\/Video-Symbolbild-Unsplash-768x576.jpg 768w, https:\/\/www.markt-kom.com\/wp-content\/uploads\/2025\/03\/Video-Symbolbild-Unsplash-16x12.jpg 16w, https:\/\/www.markt-kom.com\/wp-content\/uploads\/2025\/03\/Video-Symbolbild-Unsplash-233x175.jpg 233w, https:\/\/www.markt-kom.com\/wp-content\/uploads\/2025\/03\/Video-Symbolbild-Unsplash-467x350.jpg 467w, https:\/\/www.markt-kom.com\/wp-content\/uploads\/2025\/03\/Video-Symbolbild-Unsplash-1000x750.jpg 1000w\" alt=\"\" width=\"1200\" height=\"900\" \/><\/a>\r\n<figcaption id=\"caption-attachment-232570\" class=\"wp-caption-text\">(Symbolbild: Unsplash.com)<\/figcaption>\r\n<\/figure>\r\n<p>KI-gest\u00fctzte Videos er\u00f6ffnen neue Perspektiven f\u00fcr Medien, Unternehmen und Kreative. Doch mit den technologischen Fortschritten wachsen auch die Herausforderungen: Wie ver\u00e4ndert KI das Storytelling? Welche Risiken birgt die Automatisierung? Und wie lassen sich Qualit\u00e4t, Ethik und Glaubw\u00fcrdigkeit in einer zunehmend von KI gepr\u00e4gten Medienwelt sicherstellen?<\/p>\r\n<p>Diese Fragen stehen im Zentrum der <a href=\"https:\/\/www.maz.ch\/kurs\/maz-thementagung-ki-videos\" rel=\"noopener\">Thementagung \u00abKI-Videos \u2013 Chancen und Gefahren\u00bb<\/a>, die das Maz am 21. Mai 2025 in Luzern durchf\u00fchren wird. Die Veranstaltung richtet sich an Medien- und Kommunikationsfachleute, Kreative, Wissenschaftler:innen und Entscheidungstr\u00e4ger:innen, die sich mit den neuesten Entwicklungen im Bereich KI und Video auseinandersetzen wollen.<\/p>\r\n<h3>Use-Cases und \u00fcbergeordnete Perspektiven<\/h3>\r\n<p>Zum Auftakt beleuchtet Satiriker und Regisseur Patrick \u00abKarpi\u00bb Karpiczenko, wie sich KI-generierte Videos auf den Journalismus auswirken \u2013 mit einem kritischen, aber auch humorvollen Blick auf die Medienlandschaft. Anschliessend zeigen Filmemacher Jan Janutin und die Kommunikatorin Antonia Zahner, inwiefern KI-Videos bereits heute in der Filmproduktion, im Marketing und in der Unternehmenskommunikation anzutreffen sind.<\/p>\r\n<p>In den technischen und wissenschaftlichen Teil der Tagung f\u00fchren Prof. Touradj Ebrahimi von der EPFL Lausanne und Dr. Patrick Raemy von der Universit\u00e4t Fribourg ein. Sie analysieren die aktuellen M\u00f6glichkeiten und Grenzen von KI-gest\u00fctzten Videos und diskutieren die Auswirkungen auf Glaubw\u00fcrdigkeit und Medienethik.<\/p>\r\n<p>Den Abschluss bildet eine Podiumsdiskussion, in der alle Referierenden \u00fcber die Potenziale und Risiken von KI-Videos f\u00fcr Medienh\u00e4user und Unternehmen debattieren.<\/p>","protected":false},"excerpt":{"rendered":"<p>KI ver\u00e4ndert die Videoproduktion grundlegend \u2013 von Nachrichtenclips \u00fcber Werbespots bis hin zu personalisierten Inhalten. Eine Tagung am Maz in Luzern widmet sich den technologischen M\u00f6glichkeiten, den Auswirkungen auf den Journalismus und den ethischen Fragen rund um KI-generierte Videos.<\/p>\n","protected":false},"author":8,"featured_media":0,"comment_status":"closed","ping_status":"closed","sticky":false,"template":"","format":"standard","meta":{"_acf_changed":false,"_yoast_wpseo_focuskw":"KI-Videos","_yoast_wpseo_metadesc":"Eine Tagung am Maz in Luzern widmet sich den technologischen M\u00f6glichkeiten von KI-Videos, aber auch ethischen Fragen.","articlekey":"","footnotes":""},"categories":[29],"tags":[319,4343,4008,2799],"class_list":["post-37230","post","type-post","status-publish","format-standard","hentry","category-marketing","tag-kuenstliche-intelligenz","tag-markom","tag-maz","tag-messen-und-events"],"acf":[],"yoast_head":"<!-- This site is optimized with the Yoast SEO plugin v27.4 - https:\/\/yoast.com\/product\/yoast-seo-wordpress\/ -->\n<title>KI-Videos: Maz-Tagung beleuchtet Chancen, Herausforderungen und ethische Fragen - Organisator<\/title>\n<meta name=\"description\" content=\"Eine Tagung am Maz in Luzern widmet sich den technologischen M\u00f6glichkeiten von KI-Videos, aber auch ethischen Fragen.\" \/>\n<meta name=\"robots\" content=\"index, follow, max-snippet:-1, max-image-preview:large, max-video-preview:-1\" \/>\n<link rel=\"canonical\" href=\"https:\/\/www.organisator.ch\/de\/marketing\/2025-03-27\/ki-videos-maz-tagung-beleuchtet-chancen-herausforderungen-und-ethische-fragen\/\" \/>\n<meta property=\"og:locale\" content=\"de_DE\" \/>\n<meta property=\"og:type\" content=\"article\" \/>\n<meta property=\"og:title\" content=\"KI-Videos: Maz-Tagung beleuchtet Chancen, Herausforderungen und ethische Fragen - Organisator\" \/>\n<meta property=\"og:description\" content=\"Eine Tagung am Maz in Luzern widmet sich den technologischen M\u00f6glichkeiten von KI-Videos, aber auch ethischen Fragen.\" \/>\n<meta property=\"og:url\" content=\"https:\/\/www.organisator.ch\/de\/marketing\/2025-03-27\/ki-videos-maz-tagung-beleuchtet-chancen-herausforderungen-und-ethische-fragen\/\" \/>\n<meta property=\"og:site_name\" content=\"Organisator\" \/>\n<meta property=\"article:publisher\" content=\"https:\/\/www.facebook.com\/OrganisatorFachmagazin\" \/>\n<meta property=\"article:published_time\" content=\"2025-03-27T12:07:36+00:00\" \/>\n<meta name=\"author\" content=\"galledia\" \/>\n<meta name=\"twitter:card\" content=\"summary_large_image\" \/>\n<meta name=\"twitter:creator\" content=\"@admin\" \/>\n<script type=\"application\/ld+json\" class=\"yoast-schema-graph\">{\"@context\":\"https:\\\/\\\/schema.org\",\"@graph\":[{\"@type\":\"Article\",\"@id\":\"https:\\\/\\\/www.organisator.ch\\\/marketing\\\/2025-03-27\\\/ki-videos-maz-tagung-beleuchtet-chancen-herausforderungen-und-ethische-fragen\\\/#article\",\"isPartOf\":{\"@id\":\"https:\\\/\\\/www.organisator.ch\\\/marketing\\\/2025-03-27\\\/ki-videos-maz-tagung-beleuchtet-chancen-herausforderungen-und-ethische-fragen\\\/\"},\"author\":{\"name\":\"galledia\",\"@id\":\"https:\\\/\\\/www.organisator.ch\\\/#\\\/schema\\\/person\\\/4e51799071cd2dd1232ac003643ef5f0\"},\"headline\":\"KI-Videos: Maz-Tagung beleuchtet Chancen, Herausforderungen und ethische Fragen\",\"datePublished\":\"2025-03-27T12:07:36+00:00\",\"mainEntityOfPage\":{\"@id\":\"https:\\\/\\\/www.organisator.ch\\\/marketing\\\/2025-03-27\\\/ki-videos-maz-tagung-beleuchtet-chancen-herausforderungen-und-ethische-fragen\\\/\"},\"wordCount\":239,\"publisher\":{\"@id\":\"https:\\\/\\\/www.organisator.ch\\\/#organization\"},\"image\":{\"@id\":\"https:\\\/\\\/www.organisator.ch\\\/marketing\\\/2025-03-27\\\/ki-videos-maz-tagung-beleuchtet-chancen-herausforderungen-und-ethische-fragen\\\/#primaryimage\"},\"thumbnailUrl\":\"https:\\\/\\\/www.markt-kom.com\\\/wp-content\\\/uploads\\\/2025\\\/03\\\/Video-Symbolbild-Unsplash.jpg\",\"keywords\":[\"K\u00fcnstliche Intelligenz\",\"MarKom\",\"Maz\",\"Messen und Events\"],\"articleSection\":[\"MARKETING\"],\"inLanguage\":\"de\"},{\"@type\":\"WebPage\",\"@id\":\"https:\\\/\\\/www.organisator.ch\\\/marketing\\\/2025-03-27\\\/ki-videos-maz-tagung-beleuchtet-chancen-herausforderungen-und-ethische-fragen\\\/\",\"url\":\"https:\\\/\\\/www.organisator.ch\\\/marketing\\\/2025-03-27\\\/ki-videos-maz-tagung-beleuchtet-chancen-herausforderungen-und-ethische-fragen\\\/\",\"name\":\"KI-Videos: Maz-Tagung beleuchtet Chancen, Herausforderungen und ethische Fragen - Organisator\",\"isPartOf\":{\"@id\":\"https:\\\/\\\/www.organisator.ch\\\/#website\"},\"primaryImageOfPage\":{\"@id\":\"https:\\\/\\\/www.organisator.ch\\\/marketing\\\/2025-03-27\\\/ki-videos-maz-tagung-beleuchtet-chancen-herausforderungen-und-ethische-fragen\\\/#primaryimage\"},\"image\":{\"@id\":\"https:\\\/\\\/www.organisator.ch\\\/marketing\\\/2025-03-27\\\/ki-videos-maz-tagung-beleuchtet-chancen-herausforderungen-und-ethische-fragen\\\/#primaryimage\"},\"thumbnailUrl\":\"https:\\\/\\\/www.markt-kom.com\\\/wp-content\\\/uploads\\\/2025\\\/03\\\/Video-Symbolbild-Unsplash.jpg\",\"datePublished\":\"2025-03-27T12:07:36+00:00\",\"description\":\"Eine Tagung am Maz in Luzern widmet sich den technologischen M\u00f6glichkeiten von KI-Videos, aber auch ethischen Fragen.\",\"breadcrumb\":{\"@id\":\"https:\\\/\\\/www.organisator.ch\\\/marketing\\\/2025-03-27\\\/ki-videos-maz-tagung-beleuchtet-chancen-herausforderungen-und-ethische-fragen\\\/#breadcrumb\"},\"inLanguage\":\"de\",\"potentialAction\":[{\"@type\":\"ReadAction\",\"target\":[\"https:\\\/\\\/www.organisator.ch\\\/marketing\\\/2025-03-27\\\/ki-videos-maz-tagung-beleuchtet-chancen-herausforderungen-und-ethische-fragen\\\/\"]}]},{\"@type\":\"ImageObject\",\"inLanguage\":\"de\",\"@id\":\"https:\\\/\\\/www.organisator.ch\\\/marketing\\\/2025-03-27\\\/ki-videos-maz-tagung-beleuchtet-chancen-herausforderungen-und-ethische-fragen\\\/#primaryimage\",\"url\":\"https:\\\/\\\/www.markt-kom.com\\\/wp-content\\\/uploads\\\/2025\\\/03\\\/Video-Symbolbild-Unsplash.jpg\",\"contentUrl\":\"https:\\\/\\\/www.markt-kom.com\\\/wp-content\\\/uploads\\\/2025\\\/03\\\/Video-Symbolbild-Unsplash.jpg\"},{\"@type\":\"BreadcrumbList\",\"@id\":\"https:\\\/\\\/www.organisator.ch\\\/marketing\\\/2025-03-27\\\/ki-videos-maz-tagung-beleuchtet-chancen-herausforderungen-und-ethische-fragen\\\/#breadcrumb\",\"itemListElement\":[{\"@type\":\"ListItem\",\"position\":1,\"name\":\"Home\",\"item\":\"https:\\\/\\\/www.organisator.ch\\\/\"},{\"@type\":\"ListItem\",\"position\":2,\"name\":\"KI-Videos: Maz-Tagung beleuchtet Chancen, Herausforderungen und ethische Fragen\"}]},{\"@type\":\"WebSite\",\"@id\":\"https:\\\/\\\/www.organisator.ch\\\/#website\",\"url\":\"https:\\\/\\\/www.organisator.ch\\\/\",\"name\":\"Organisator\",\"description\":\"Kompetent. Praxisnah. Der ORGANISATOR bereitet in 10 Ausgaben pro Jahr die wesentlichen Themen f\u00fcr F\u00fchrungskr\u00e4fte von KMU auf.\",\"publisher\":{\"@id\":\"https:\\\/\\\/www.organisator.ch\\\/#organization\"},\"potentialAction\":[{\"@type\":\"SearchAction\",\"target\":{\"@type\":\"EntryPoint\",\"urlTemplate\":\"https:\\\/\\\/www.organisator.ch\\\/?s={search_term_string}\"},\"query-input\":{\"@type\":\"PropertyValueSpecification\",\"valueRequired\":true,\"valueName\":\"search_term_string\"}}],\"inLanguage\":\"de\"},{\"@type\":\"Organization\",\"@id\":\"https:\\\/\\\/www.organisator.ch\\\/#organization\",\"name\":\"Organisator\",\"url\":\"https:\\\/\\\/www.organisator.ch\\\/\",\"logo\":{\"@type\":\"ImageObject\",\"inLanguage\":\"de\",\"@id\":\"https:\\\/\\\/www.organisator.ch\\\/#\\\/schema\\\/logo\\\/image\\\/\",\"url\":\"https:\\\/\\\/www.organisator.ch\\\/wp-content\\\/uploads\\\/2022\\\/01\\\/Logo_Organisator_Website.png\",\"contentUrl\":\"https:\\\/\\\/www.organisator.ch\\\/wp-content\\\/uploads\\\/2022\\\/01\\\/Logo_Organisator_Website.png\",\"width\":800,\"height\":77,\"caption\":\"Organisator\"},\"image\":{\"@id\":\"https:\\\/\\\/www.organisator.ch\\\/#\\\/schema\\\/logo\\\/image\\\/\"},\"sameAs\":[\"https:\\\/\\\/www.facebook.com\\\/OrganisatorFachmagazin\",\"https:\\\/\\\/www.linkedin.com\\\/showcase\\\/organisator-das-magazin-fr-kmu\",\"https:\\\/\\\/www.xing.com\\\/news\\\/pages\\\/organisator-ch-695\",\"https:\\\/\\\/www.youtube.com\\\/channel\\\/UCGP2Sq0iWaZwT3BdIAQFYpw\"]},{\"@type\":\"Person\",\"@id\":\"https:\\\/\\\/www.organisator.ch\\\/#\\\/schema\\\/person\\\/4e51799071cd2dd1232ac003643ef5f0\",\"name\":\"galledia\",\"image\":{\"@type\":\"ImageObject\",\"inLanguage\":\"de\",\"@id\":\"https:\\\/\\\/secure.gravatar.com\\\/avatar\\\/78a7f90c01fc2bfc875782a0d4922b37cde2cf184ce347b91316d23cd7f69a36?s=96&d=mm&r=g\",\"url\":\"https:\\\/\\\/secure.gravatar.com\\\/avatar\\\/78a7f90c01fc2bfc875782a0d4922b37cde2cf184ce347b91316d23cd7f69a36?s=96&d=mm&r=g\",\"contentUrl\":\"https:\\\/\\\/secure.gravatar.com\\\/avatar\\\/78a7f90c01fc2bfc875782a0d4922b37cde2cf184ce347b91316d23cd7f69a36?s=96&d=mm&r=g\",\"caption\":\"galledia\"},\"sameAs\":[\"https:\\\/\\\/x.com\\\/admin\"],\"url\":\"https:\\\/\\\/www.organisator.ch\\\/de\\\/author\\\/galledia\\\/\"}]}<\/script>\n<!-- \/ Yoast SEO plugin. -->","yoast_head_json":{"title":"KI-Videos: Maz-Tagung beleuchtet Chancen, Herausforderungen und ethische Fragen - Organisator","description":"Eine Tagung am Maz in Luzern widmet sich den technologischen M\u00f6glichkeiten von KI-Videos, aber auch ethischen Fragen.","robots":{"index":"index","follow":"follow","max-snippet":"max-snippet:-1","max-image-preview":"max-image-preview:large","max-video-preview":"max-video-preview:-1"},"canonical":"https:\/\/www.organisator.ch\/de\/marketing\/2025-03-27\/ki-videos-maz-tagung-beleuchtet-chancen-herausforderungen-und-ethische-fragen\/","og_locale":"de_DE","og_type":"article","og_title":"KI-Videos: Maz-Tagung beleuchtet Chancen, Herausforderungen und ethische Fragen - Organisator","og_description":"Eine Tagung am Maz in Luzern widmet sich den technologischen M\u00f6glichkeiten von KI-Videos, aber auch ethischen Fragen.","og_url":"https:\/\/www.organisator.ch\/de\/marketing\/2025-03-27\/ki-videos-maz-tagung-beleuchtet-chancen-herausforderungen-und-ethische-fragen\/","og_site_name":"Organisator","article_publisher":"https:\/\/www.facebook.com\/OrganisatorFachmagazin","article_published_time":"2025-03-27T12:07:36+00:00","author":"galledia","twitter_card":"summary_large_image","twitter_creator":"@admin","schema":{"@context":"https:\/\/schema.org","@graph":[{"@type":"Article","@id":"https:\/\/www.organisator.ch\/marketing\/2025-03-27\/ki-videos-maz-tagung-beleuchtet-chancen-herausforderungen-und-ethische-fragen\/#article","isPartOf":{"@id":"https:\/\/www.organisator.ch\/marketing\/2025-03-27\/ki-videos-maz-tagung-beleuchtet-chancen-herausforderungen-und-ethische-fragen\/"},"author":{"name":"galledia","@id":"https:\/\/www.organisator.ch\/#\/schema\/person\/4e51799071cd2dd1232ac003643ef5f0"},"headline":"KI-Videos: Maz-Tagung beleuchtet Chancen, Herausforderungen und ethische Fragen","datePublished":"2025-03-27T12:07:36+00:00","mainEntityOfPage":{"@id":"https:\/\/www.organisator.ch\/marketing\/2025-03-27\/ki-videos-maz-tagung-beleuchtet-chancen-herausforderungen-und-ethische-fragen\/"},"wordCount":239,"publisher":{"@id":"https:\/\/www.organisator.ch\/#organization"},"image":{"@id":"https:\/\/www.organisator.ch\/marketing\/2025-03-27\/ki-videos-maz-tagung-beleuchtet-chancen-herausforderungen-und-ethische-fragen\/#primaryimage"},"thumbnailUrl":"https:\/\/www.markt-kom.com\/wp-content\/uploads\/2025\/03\/Video-Symbolbild-Unsplash.jpg","keywords":["K\u00fcnstliche Intelligenz","MarKom","Maz","Messen und Events"],"articleSection":["MARKETING"],"inLanguage":"de"},{"@type":"WebPage","@id":"https:\/\/www.organisator.ch\/marketing\/2025-03-27\/ki-videos-maz-tagung-beleuchtet-chancen-herausforderungen-und-ethische-fragen\/","url":"https:\/\/www.organisator.ch\/marketing\/2025-03-27\/ki-videos-maz-tagung-beleuchtet-chancen-herausforderungen-und-ethische-fragen\/","name":"KI-Videos: Maz-Tagung beleuchtet Chancen, Herausforderungen und ethische Fragen - Organisator","isPartOf":{"@id":"https:\/\/www.organisator.ch\/#website"},"primaryImageOfPage":{"@id":"https:\/\/www.organisator.ch\/marketing\/2025-03-27\/ki-videos-maz-tagung-beleuchtet-chancen-herausforderungen-und-ethische-fragen\/#primaryimage"},"image":{"@id":"https:\/\/www.organisator.ch\/marketing\/2025-03-27\/ki-videos-maz-tagung-beleuchtet-chancen-herausforderungen-und-ethische-fragen\/#primaryimage"},"thumbnailUrl":"https:\/\/www.markt-kom.com\/wp-content\/uploads\/2025\/03\/Video-Symbolbild-Unsplash.jpg","datePublished":"2025-03-27T12:07:36+00:00","description":"Eine Tagung am Maz in Luzern widmet sich den technologischen M\u00f6glichkeiten von KI-Videos, aber auch ethischen Fragen.","breadcrumb":{"@id":"https:\/\/www.organisator.ch\/marketing\/2025-03-27\/ki-videos-maz-tagung-beleuchtet-chancen-herausforderungen-und-ethische-fragen\/#breadcrumb"},"inLanguage":"de","potentialAction":[{"@type":"ReadAction","target":["https:\/\/www.organisator.ch\/marketing\/2025-03-27\/ki-videos-maz-tagung-beleuchtet-chancen-herausforderungen-und-ethische-fragen\/"]}]},{"@type":"ImageObject","inLanguage":"de","@id":"https:\/\/www.organisator.ch\/marketing\/2025-03-27\/ki-videos-maz-tagung-beleuchtet-chancen-herausforderungen-und-ethische-fragen\/#primaryimage","url":"https:\/\/www.markt-kom.com\/wp-content\/uploads\/2025\/03\/Video-Symbolbild-Unsplash.jpg","contentUrl":"https:\/\/www.markt-kom.com\/wp-content\/uploads\/2025\/03\/Video-Symbolbild-Unsplash.jpg"},{"@type":"BreadcrumbList","@id":"https:\/\/www.organisator.ch\/marketing\/2025-03-27\/ki-videos-maz-tagung-beleuchtet-chancen-herausforderungen-und-ethische-fragen\/#breadcrumb","itemListElement":[{"@type":"ListItem","position":1,"name":"Home","item":"https:\/\/www.organisator.ch\/"},{"@type":"ListItem","position":2,"name":"KI-Videos: Maz-Tagung beleuchtet Chancen, Herausforderungen und ethische Fragen"}]},{"@type":"WebSite","@id":"https:\/\/www.organisator.ch\/#website","url":"https:\/\/www.organisator.ch\/","name":"Organisator","description":"Kompetent. Praxisnah. Der ORGANISATOR bereitet in 10 Ausgaben pro Jahr die wesentlichen Themen f\u00fcr F\u00fchrungskr\u00e4fte von KMU auf.","publisher":{"@id":"https:\/\/www.organisator.ch\/#organization"},"potentialAction":[{"@type":"SearchAction","target":{"@type":"EntryPoint","urlTemplate":"https:\/\/www.organisator.ch\/?s={search_term_string}"},"query-input":{"@type":"PropertyValueSpecification","valueRequired":true,"valueName":"search_term_string"}}],"inLanguage":"de"},{"@type":"Organization","@id":"https:\/\/www.organisator.ch\/#organization","name":"Organisator","url":"https:\/\/www.organisator.ch\/","logo":{"@type":"ImageObject","inLanguage":"de","@id":"https:\/\/www.organisator.ch\/#\/schema\/logo\/image\/","url":"https:\/\/www.organisator.ch\/wp-content\/uploads\/2022\/01\/Logo_Organisator_Website.png","contentUrl":"https:\/\/www.organisator.ch\/wp-content\/uploads\/2022\/01\/Logo_Organisator_Website.png","width":800,"height":77,"caption":"Organisator"},"image":{"@id":"https:\/\/www.organisator.ch\/#\/schema\/logo\/image\/"},"sameAs":["https:\/\/www.facebook.com\/OrganisatorFachmagazin","https:\/\/www.linkedin.com\/showcase\/organisator-das-magazin-fr-kmu","https:\/\/www.xing.com\/news\/pages\/organisator-ch-695","https:\/\/www.youtube.com\/channel\/UCGP2Sq0iWaZwT3BdIAQFYpw"]},{"@type":"Person","@id":"https:\/\/www.organisator.ch\/#\/schema\/person\/4e51799071cd2dd1232ac003643ef5f0","name":"galledia","image":{"@type":"ImageObject","inLanguage":"de","@id":"https:\/\/secure.gravatar.com\/avatar\/78a7f90c01fc2bfc875782a0d4922b37cde2cf184ce347b91316d23cd7f69a36?s=96&d=mm&r=g","url":"https:\/\/secure.gravatar.com\/avatar\/78a7f90c01fc2bfc875782a0d4922b37cde2cf184ce347b91316d23cd7f69a36?s=96&d=mm&r=g","contentUrl":"https:\/\/secure.gravatar.com\/avatar\/78a7f90c01fc2bfc875782a0d4922b37cde2cf184ce347b91316d23cd7f69a36?s=96&d=mm&r=g","caption":"galledia"},"sameAs":["https:\/\/x.com\/admin"],"url":"https:\/\/www.organisator.ch\/de\/author\/galledia\/"}]}},"_links":{"self":[{"href":"https:\/\/www.organisator.ch\/de\/wp-json\/wp\/v2\/posts\/37230","targetHints":{"allow":["GET"]}}],"collection":[{"href":"https:\/\/www.organisator.ch\/de\/wp-json\/wp\/v2\/posts"}],"about":[{"href":"https:\/\/www.organisator.ch\/de\/wp-json\/wp\/v2\/types\/post"}],"author":[{"embeddable":true,"href":"https:\/\/www.organisator.ch\/de\/wp-json\/wp\/v2\/users\/8"}],"replies":[{"embeddable":true,"href":"https:\/\/www.organisator.ch\/de\/wp-json\/wp\/v2\/comments?post=37230"}],"version-history":[{"count":4,"href":"https:\/\/www.organisator.ch\/de\/wp-json\/wp\/v2\/posts\/37230\/revisions"}],"predecessor-version":[{"id":37282,"href":"https:\/\/www.organisator.ch\/de\/wp-json\/wp\/v2\/posts\/37230\/revisions\/37282"}],"wp:attachment":[{"href":"https:\/\/www.organisator.ch\/de\/wp-json\/wp\/v2\/media?parent=37230"}],"wp:term":[{"taxonomy":"category","embeddable":true,"href":"https:\/\/www.organisator.ch\/de\/wp-json\/wp\/v2\/categories?post=37230"},{"taxonomy":"post_tag","embeddable":true,"href":"https:\/\/www.organisator.ch\/de\/wp-json\/wp\/v2\/tags?post=37230"}],"curies":[{"name":"wp","href":"https:\/\/api.w.org\/{rel}","templated":true}]}}