{"id":37307,"date":"2025-03-31T08:07:05","date_gmt":"2025-03-31T06:07:05","guid":{"rendered":"https:\/\/www.markt-kom.com\/?p=232675"},"modified":"2025-03-31T07:52:35","modified_gmt":"2025-03-31T05:52:35","slug":"digital-vernetzt-und-individuell-sport-tourismus-forum-beleuchtet-den-branchenwandel","status":"publish","type":"post","link":"https:\/\/www.organisator.ch\/de\/marketing\/2025-03-31\/digital-vernetzt-und-individuell-sport-tourismus-forum-beleuchtet-den-branchenwandel\/","title":{"rendered":"Digital, vernetzt und individuell: Sport Tourismus Forum beleuchtet den Branchenwandel"},"content":{"rendered":"<figure id=\"attachment_232676\" class=\"wp-caption aligncenter\" style=\"width: 1200px;\" aria-describedby=\"caption-attachment-232676\"><a href=\"https:\/\/www.markt-kom.com\/wp-content\/uploads\/2025\/03\/Foto_Gabriele_Griessenboeck_187.jpg\"><img class=\"size-full wp-image-232676\" src=\"https:\/\/www.markt-kom.com\/wp-content\/uploads\/2025\/03\/Foto_Gabriele_Griessenboeck_187.jpg\" sizes=\"(max-width: 1200px) 100vw, 1200px\" srcset=\"https:\/\/www.markt-kom.com\/wp-content\/uploads\/2025\/03\/Foto_Gabriele_Griessenboeck_187.jpg 1200w, https:\/\/www.markt-kom.com\/wp-content\/uploads\/2025\/03\/Foto_Gabriele_Griessenboeck_187-600x450.jpg 600w, https:\/\/www.markt-kom.com\/wp-content\/uploads\/2025\/03\/Foto_Gabriele_Griessenboeck_187-1024x768.jpg 1024w, https:\/\/www.markt-kom.com\/wp-content\/uploads\/2025\/03\/Foto_Gabriele_Griessenboeck_187-768x576.jpg 768w, https:\/\/www.markt-kom.com\/wp-content\/uploads\/2025\/03\/Foto_Gabriele_Griessenboeck_187-16x12.jpg 16w, https:\/\/www.markt-kom.com\/wp-content\/uploads\/2025\/03\/Foto_Gabriele_Griessenboeck_187-233x175.jpg 233w, https:\/\/www.markt-kom.com\/wp-content\/uploads\/2025\/03\/Foto_Gabriele_Griessenboeck_187-467x350.jpg 467w, https:\/\/www.markt-kom.com\/wp-content\/uploads\/2025\/03\/Foto_Gabriele_Griessenboeck_187-1000x750.jpg 1000w\" alt=\"\" width=\"1200\" height=\"900\" \/><\/a>\r\n<figcaption id=\"caption-attachment-232676\" class=\"wp-caption-text\">(Bild: Gabriele Griessenb\u00f6ck)<\/figcaption>\r\n<\/figure>\r\n<p>Das <a href=\"https:\/\/esbmarketingnetzwerk.cmail19.com\/t\/r-l-thiyold-ultijjhuhk-j\/\" rel=\"noopener\">j\u00e4hrliche Branchentreffen \u00abSport Tourismus Forum\u00bb<\/a> zieht in die Google Cloud und setzt damit ein Zeichen f\u00fcr Transformation. Rund 40 Fachleute diskutieren, wie KI die Reiseplanung revolutioniert, digitale Plattformen Outdoor-Sport neu definieren und ob Wandern als Ganzjahresangebot eine nachhaltige Alternative zum klassischen Wintertourismus sein kann.<\/p>\r\n<h3><strong>KI und digitale Plattformen als Treiber<\/strong><\/h3>\r\n<p>Ob Buchungsplattformen, interaktive Tools oder technische Assistenten \u2013 datenbasierte L\u00f6sungen pr\u00e4gen zunehmend das Destinationsmanagement. Wie Tourismusregionen diese Entwicklungen nutzen k\u00f6nnen, zeigt unter anderem der TTA-VConnector, ein Tool zur intelligenten Vernetzung der Reiseplanung. Auch Komoot und Decathlon pr\u00e4sentieren Strategien, um Outdoor-Communitys digital zu erreichen. Praxisbeispiele veranschaulichen, wie datengetriebene Innovationen den Sporttourismus pr\u00e4gen.<\/p>\r\n<h3><strong>Ganzjahreswandern als Alternative zum Skitourismus?<\/strong><\/h3>\r\n<p>Winterwandern, Urban Hiking und spezialisierte Wanderd\u00f6rfer etablieren sich als Alternativen zum Skisport. Welche Infrastruktur n\u00f6tig ist und wie Destinationen auf diesen Trend reagieren, diskutieren Vertreter:innen der Schweizer Wanderwege, der \u00d6sterreichischen Wanderd\u00f6rfer und des Deutschen Wanderverbands.<\/p>\r\n<h3><strong>Generation Z: Reisende mit neuen Priorit\u00e4ten<\/strong><\/h3>\r\n<p>Die Generation Z reist anders als fr\u00fchere Generationen. K\u00fcrzere, daf\u00fcr h\u00e4ufigere Trips, ein wachsender Fokus auf Individualit\u00e4t und die Bereitschaft, f\u00fcr Wintererlebnisse mehr auszugeben, pr\u00e4gen ihr Verhalten. Wie Destinationen darauf reagieren sollten, erkl\u00e4rt Alexander Dyskin von Simon-Kucher.<\/p>\r\n<h3><strong>Neue Formate: Von E-Ski bis Gamification<\/strong><\/h3>\r\n<p>Die steigende Nachfrage nach Yoga-Retreats, Fitness-Festivals und klassischen Sportcamps reflektieren die sich ver\u00e4ndernden Bed\u00fcrfnisse der Reisenden. Mit welchen Formaten k\u00f6nnen denn touristische Regionen Mehrwert schaffen? Der E-Ski beispielsweise verspricht eine neue Form der Mobilit\u00e4t in den Bergen, w\u00e4hrend digitale Belohnungssysteme wie beim Alpenbrevet Extended die G\u00e4stebindung st\u00e4rken. Das Forum zeigt, welche Konzepte bereits erfolgreich umgesetzt wurden.<\/p>","protected":false},"excerpt":{"rendered":"<p>Neue Technologien und ver\u00e4nderte G\u00e4stebed\u00fcrfnisse pr\u00e4gen den Sporttourismus. Wie KI, digitale Plattformen und neue Outdoor-Trends die Branche transformieren, steht im Fokus des Sport Tourismus Forums am 20. Mai in Z\u00fcrich.<\/p>\n","protected":false},"author":8,"featured_media":0,"comment_status":"closed","ping_status":"closed","sticky":false,"template":"","format":"standard","meta":{"_acf_changed":false,"_yoast_wpseo_focuskw":"Sport Tourismus Forum","_yoast_wpseo_metadesc":"Wie KI, digitale Plattformen und neue Outdoor-Trends die Branche transformieren, steht im Fokus des Sport Tourismus Forum am 20. Mai.","articlekey":"","footnotes":""},"categories":[29],"tags":[193,4343,4466,5244],"class_list":["post-37307","post","type-post","status-publish","format-standard","hentry","category-marketing","tag-fachkongressfachmesse","tag-markom","tag-showbiz","tag-sport-tourismus-forum"],"acf":[],"yoast_head":"<!-- This site is optimized with the Yoast SEO plugin v27.5 - https:\/\/yoast.com\/product\/yoast-seo-wordpress\/ -->\n<title>Digital, vernetzt und individuell: Sport Tourismus Forum beleuchtet den Branchenwandel - Organisator<\/title>\n<meta name=\"description\" content=\"Wie KI, digitale Plattformen und neue Outdoor-Trends die Branche transformieren, steht im Fokus des Sport Tourismus Forum am 20. Mai.\" \/>\n<meta name=\"robots\" content=\"index, follow, max-snippet:-1, max-image-preview:large, max-video-preview:-1\" \/>\n<link rel=\"canonical\" href=\"https:\/\/www.organisator.ch\/de\/marketing\/2025-03-31\/digital-vernetzt-und-individuell-sport-tourismus-forum-beleuchtet-den-branchenwandel\/\" \/>\n<meta property=\"og:locale\" content=\"de_DE\" \/>\n<meta property=\"og:type\" content=\"article\" \/>\n<meta property=\"og:title\" content=\"Digital, vernetzt und individuell: Sport Tourismus Forum beleuchtet den Branchenwandel - Organisator\" \/>\n<meta property=\"og:description\" content=\"Wie KI, digitale Plattformen und neue Outdoor-Trends die Branche transformieren, steht im Fokus des Sport Tourismus Forum am 20. Mai.\" \/>\n<meta property=\"og:url\" content=\"https:\/\/www.organisator.ch\/de\/marketing\/2025-03-31\/digital-vernetzt-und-individuell-sport-tourismus-forum-beleuchtet-den-branchenwandel\/\" \/>\n<meta property=\"og:site_name\" content=\"Organisator\" \/>\n<meta property=\"article:publisher\" content=\"https:\/\/www.facebook.com\/OrganisatorFachmagazin\" \/>\n<meta property=\"article:published_time\" content=\"2025-03-31T06:07:05+00:00\" \/>\n<meta name=\"author\" content=\"galledia\" \/>\n<meta name=\"twitter:card\" content=\"summary_large_image\" \/>\n<meta name=\"twitter:creator\" content=\"@admin\" \/>\n<script type=\"application\/ld+json\" class=\"yoast-schema-graph\">{\"@context\":\"https:\\\/\\\/schema.org\",\"@graph\":[{\"@type\":\"Article\",\"@id\":\"https:\\\/\\\/www.organisator.ch\\\/marketing\\\/2025-03-31\\\/digital-vernetzt-und-individuell-sport-tourismus-forum-beleuchtet-den-branchenwandel\\\/#article\",\"isPartOf\":{\"@id\":\"https:\\\/\\\/www.organisator.ch\\\/marketing\\\/2025-03-31\\\/digital-vernetzt-und-individuell-sport-tourismus-forum-beleuchtet-den-branchenwandel\\\/\"},\"author\":{\"name\":\"galledia\",\"@id\":\"https:\\\/\\\/www.organisator.ch\\\/#\\\/schema\\\/person\\\/4e51799071cd2dd1232ac003643ef5f0\"},\"headline\":\"Digital, vernetzt und individuell: Sport Tourismus Forum beleuchtet den Branchenwandel\",\"datePublished\":\"2025-03-31T06:07:05+00:00\",\"mainEntityOfPage\":{\"@id\":\"https:\\\/\\\/www.organisator.ch\\\/marketing\\\/2025-03-31\\\/digital-vernetzt-und-individuell-sport-tourismus-forum-beleuchtet-den-branchenwandel\\\/\"},\"wordCount\":286,\"publisher\":{\"@id\":\"https:\\\/\\\/www.organisator.ch\\\/#organization\"},\"image\":{\"@id\":\"https:\\\/\\\/www.organisator.ch\\\/marketing\\\/2025-03-31\\\/digital-vernetzt-und-individuell-sport-tourismus-forum-beleuchtet-den-branchenwandel\\\/#primaryimage\"},\"thumbnailUrl\":\"https:\\\/\\\/www.markt-kom.com\\\/wp-content\\\/uploads\\\/2025\\\/03\\\/Foto_Gabriele_Griessenboeck_187.jpg\",\"keywords\":[\"Fachkongress\\\/Fachmesse\",\"MarKom\",\"ShowBiz\",\"Sport Tourismus Forum\"],\"articleSection\":[\"MARKETING\"],\"inLanguage\":\"de\"},{\"@type\":\"WebPage\",\"@id\":\"https:\\\/\\\/www.organisator.ch\\\/marketing\\\/2025-03-31\\\/digital-vernetzt-und-individuell-sport-tourismus-forum-beleuchtet-den-branchenwandel\\\/\",\"url\":\"https:\\\/\\\/www.organisator.ch\\\/marketing\\\/2025-03-31\\\/digital-vernetzt-und-individuell-sport-tourismus-forum-beleuchtet-den-branchenwandel\\\/\",\"name\":\"Digital, vernetzt und individuell: Sport Tourismus Forum beleuchtet den Branchenwandel - Organisator\",\"isPartOf\":{\"@id\":\"https:\\\/\\\/www.organisator.ch\\\/#website\"},\"primaryImageOfPage\":{\"@id\":\"https:\\\/\\\/www.organisator.ch\\\/marketing\\\/2025-03-31\\\/digital-vernetzt-und-individuell-sport-tourismus-forum-beleuchtet-den-branchenwandel\\\/#primaryimage\"},\"image\":{\"@id\":\"https:\\\/\\\/www.organisator.ch\\\/marketing\\\/2025-03-31\\\/digital-vernetzt-und-individuell-sport-tourismus-forum-beleuchtet-den-branchenwandel\\\/#primaryimage\"},\"thumbnailUrl\":\"https:\\\/\\\/www.markt-kom.com\\\/wp-content\\\/uploads\\\/2025\\\/03\\\/Foto_Gabriele_Griessenboeck_187.jpg\",\"datePublished\":\"2025-03-31T06:07:05+00:00\",\"description\":\"Wie KI, digitale Plattformen und neue Outdoor-Trends die Branche transformieren, steht im Fokus des Sport Tourismus Forum am 20. Mai.\",\"breadcrumb\":{\"@id\":\"https:\\\/\\\/www.organisator.ch\\\/marketing\\\/2025-03-31\\\/digital-vernetzt-und-individuell-sport-tourismus-forum-beleuchtet-den-branchenwandel\\\/#breadcrumb\"},\"inLanguage\":\"de\",\"potentialAction\":[{\"@type\":\"ReadAction\",\"target\":[\"https:\\\/\\\/www.organisator.ch\\\/marketing\\\/2025-03-31\\\/digital-vernetzt-und-individuell-sport-tourismus-forum-beleuchtet-den-branchenwandel\\\/\"]}]},{\"@type\":\"ImageObject\",\"inLanguage\":\"de\",\"@id\":\"https:\\\/\\\/www.organisator.ch\\\/marketing\\\/2025-03-31\\\/digital-vernetzt-und-individuell-sport-tourismus-forum-beleuchtet-den-branchenwandel\\\/#primaryimage\",\"url\":\"https:\\\/\\\/www.markt-kom.com\\\/wp-content\\\/uploads\\\/2025\\\/03\\\/Foto_Gabriele_Griessenboeck_187.jpg\",\"contentUrl\":\"https:\\\/\\\/www.markt-kom.com\\\/wp-content\\\/uploads\\\/2025\\\/03\\\/Foto_Gabriele_Griessenboeck_187.jpg\"},{\"@type\":\"BreadcrumbList\",\"@id\":\"https:\\\/\\\/www.organisator.ch\\\/marketing\\\/2025-03-31\\\/digital-vernetzt-und-individuell-sport-tourismus-forum-beleuchtet-den-branchenwandel\\\/#breadcrumb\",\"itemListElement\":[{\"@type\":\"ListItem\",\"position\":1,\"name\":\"Home\",\"item\":\"https:\\\/\\\/www.organisator.ch\\\/\"},{\"@type\":\"ListItem\",\"position\":2,\"name\":\"Digital, vernetzt und individuell: Sport Tourismus Forum beleuchtet den Branchenwandel\"}]},{\"@type\":\"WebSite\",\"@id\":\"https:\\\/\\\/www.organisator.ch\\\/#website\",\"url\":\"https:\\\/\\\/www.organisator.ch\\\/\",\"name\":\"Organisator\",\"description\":\"Kompetent. Praxisnah. Der ORGANISATOR bereitet in 10 Ausgaben pro Jahr die wesentlichen Themen f\u00fcr F\u00fchrungskr\u00e4fte von KMU auf.\",\"publisher\":{\"@id\":\"https:\\\/\\\/www.organisator.ch\\\/#organization\"},\"potentialAction\":[{\"@type\":\"SearchAction\",\"target\":{\"@type\":\"EntryPoint\",\"urlTemplate\":\"https:\\\/\\\/www.organisator.ch\\\/?s={search_term_string}\"},\"query-input\":{\"@type\":\"PropertyValueSpecification\",\"valueRequired\":true,\"valueName\":\"search_term_string\"}}],\"inLanguage\":\"de\"},{\"@type\":\"Organization\",\"@id\":\"https:\\\/\\\/www.organisator.ch\\\/#organization\",\"name\":\"Organisator\",\"url\":\"https:\\\/\\\/www.organisator.ch\\\/\",\"logo\":{\"@type\":\"ImageObject\",\"inLanguage\":\"de\",\"@id\":\"https:\\\/\\\/www.organisator.ch\\\/#\\\/schema\\\/logo\\\/image\\\/\",\"url\":\"https:\\\/\\\/www.organisator.ch\\\/wp-content\\\/uploads\\\/2022\\\/01\\\/Logo_Organisator_Website.png\",\"contentUrl\":\"https:\\\/\\\/www.organisator.ch\\\/wp-content\\\/uploads\\\/2022\\\/01\\\/Logo_Organisator_Website.png\",\"width\":800,\"height\":77,\"caption\":\"Organisator\"},\"image\":{\"@id\":\"https:\\\/\\\/www.organisator.ch\\\/#\\\/schema\\\/logo\\\/image\\\/\"},\"sameAs\":[\"https:\\\/\\\/www.facebook.com\\\/OrganisatorFachmagazin\",\"https:\\\/\\\/www.linkedin.com\\\/showcase\\\/organisator-das-magazin-fr-kmu\",\"https:\\\/\\\/www.xing.com\\\/news\\\/pages\\\/organisator-ch-695\",\"https:\\\/\\\/www.youtube.com\\\/channel\\\/UCGP2Sq0iWaZwT3BdIAQFYpw\"]},{\"@type\":\"Person\",\"@id\":\"https:\\\/\\\/www.organisator.ch\\\/#\\\/schema\\\/person\\\/4e51799071cd2dd1232ac003643ef5f0\",\"name\":\"galledia\",\"image\":{\"@type\":\"ImageObject\",\"inLanguage\":\"de\",\"@id\":\"https:\\\/\\\/secure.gravatar.com\\\/avatar\\\/78a7f90c01fc2bfc875782a0d4922b37cde2cf184ce347b91316d23cd7f69a36?s=96&d=mm&r=g\",\"url\":\"https:\\\/\\\/secure.gravatar.com\\\/avatar\\\/78a7f90c01fc2bfc875782a0d4922b37cde2cf184ce347b91316d23cd7f69a36?s=96&d=mm&r=g\",\"contentUrl\":\"https:\\\/\\\/secure.gravatar.com\\\/avatar\\\/78a7f90c01fc2bfc875782a0d4922b37cde2cf184ce347b91316d23cd7f69a36?s=96&d=mm&r=g\",\"caption\":\"galledia\"},\"sameAs\":[\"https:\\\/\\\/x.com\\\/admin\"],\"url\":\"https:\\\/\\\/www.organisator.ch\\\/de\\\/author\\\/galledia\\\/\"}]}<\/script>\n<!-- \/ Yoast SEO plugin. -->","yoast_head_json":{"title":"Digital, vernetzt und individuell: Sport Tourismus Forum beleuchtet den Branchenwandel - Organisator","description":"Wie KI, digitale Plattformen und neue Outdoor-Trends die Branche transformieren, steht im Fokus des Sport Tourismus Forum am 20. Mai.","robots":{"index":"index","follow":"follow","max-snippet":"max-snippet:-1","max-image-preview":"max-image-preview:large","max-video-preview":"max-video-preview:-1"},"canonical":"https:\/\/www.organisator.ch\/de\/marketing\/2025-03-31\/digital-vernetzt-und-individuell-sport-tourismus-forum-beleuchtet-den-branchenwandel\/","og_locale":"de_DE","og_type":"article","og_title":"Digital, vernetzt und individuell: Sport Tourismus Forum beleuchtet den Branchenwandel - Organisator","og_description":"Wie KI, digitale Plattformen und neue Outdoor-Trends die Branche transformieren, steht im Fokus des Sport Tourismus Forum am 20. Mai.","og_url":"https:\/\/www.organisator.ch\/de\/marketing\/2025-03-31\/digital-vernetzt-und-individuell-sport-tourismus-forum-beleuchtet-den-branchenwandel\/","og_site_name":"Organisator","article_publisher":"https:\/\/www.facebook.com\/OrganisatorFachmagazin","article_published_time":"2025-03-31T06:07:05+00:00","author":"galledia","twitter_card":"summary_large_image","twitter_creator":"@admin","schema":{"@context":"https:\/\/schema.org","@graph":[{"@type":"Article","@id":"https:\/\/www.organisator.ch\/marketing\/2025-03-31\/digital-vernetzt-und-individuell-sport-tourismus-forum-beleuchtet-den-branchenwandel\/#article","isPartOf":{"@id":"https:\/\/www.organisator.ch\/marketing\/2025-03-31\/digital-vernetzt-und-individuell-sport-tourismus-forum-beleuchtet-den-branchenwandel\/"},"author":{"name":"galledia","@id":"https:\/\/www.organisator.ch\/#\/schema\/person\/4e51799071cd2dd1232ac003643ef5f0"},"headline":"Digital, vernetzt und individuell: Sport Tourismus Forum beleuchtet den Branchenwandel","datePublished":"2025-03-31T06:07:05+00:00","mainEntityOfPage":{"@id":"https:\/\/www.organisator.ch\/marketing\/2025-03-31\/digital-vernetzt-und-individuell-sport-tourismus-forum-beleuchtet-den-branchenwandel\/"},"wordCount":286,"publisher":{"@id":"https:\/\/www.organisator.ch\/#organization"},"image":{"@id":"https:\/\/www.organisator.ch\/marketing\/2025-03-31\/digital-vernetzt-und-individuell-sport-tourismus-forum-beleuchtet-den-branchenwandel\/#primaryimage"},"thumbnailUrl":"https:\/\/www.markt-kom.com\/wp-content\/uploads\/2025\/03\/Foto_Gabriele_Griessenboeck_187.jpg","keywords":["Fachkongress\/Fachmesse","MarKom","ShowBiz","Sport Tourismus Forum"],"articleSection":["MARKETING"],"inLanguage":"de"},{"@type":"WebPage","@id":"https:\/\/www.organisator.ch\/marketing\/2025-03-31\/digital-vernetzt-und-individuell-sport-tourismus-forum-beleuchtet-den-branchenwandel\/","url":"https:\/\/www.organisator.ch\/marketing\/2025-03-31\/digital-vernetzt-und-individuell-sport-tourismus-forum-beleuchtet-den-branchenwandel\/","name":"Digital, vernetzt und individuell: Sport Tourismus Forum beleuchtet den Branchenwandel - Organisator","isPartOf":{"@id":"https:\/\/www.organisator.ch\/#website"},"primaryImageOfPage":{"@id":"https:\/\/www.organisator.ch\/marketing\/2025-03-31\/digital-vernetzt-und-individuell-sport-tourismus-forum-beleuchtet-den-branchenwandel\/#primaryimage"},"image":{"@id":"https:\/\/www.organisator.ch\/marketing\/2025-03-31\/digital-vernetzt-und-individuell-sport-tourismus-forum-beleuchtet-den-branchenwandel\/#primaryimage"},"thumbnailUrl":"https:\/\/www.markt-kom.com\/wp-content\/uploads\/2025\/03\/Foto_Gabriele_Griessenboeck_187.jpg","datePublished":"2025-03-31T06:07:05+00:00","description":"Wie KI, digitale Plattformen und neue Outdoor-Trends die Branche transformieren, steht im Fokus des Sport Tourismus Forum am 20. Mai.","breadcrumb":{"@id":"https:\/\/www.organisator.ch\/marketing\/2025-03-31\/digital-vernetzt-und-individuell-sport-tourismus-forum-beleuchtet-den-branchenwandel\/#breadcrumb"},"inLanguage":"de","potentialAction":[{"@type":"ReadAction","target":["https:\/\/www.organisator.ch\/marketing\/2025-03-31\/digital-vernetzt-und-individuell-sport-tourismus-forum-beleuchtet-den-branchenwandel\/"]}]},{"@type":"ImageObject","inLanguage":"de","@id":"https:\/\/www.organisator.ch\/marketing\/2025-03-31\/digital-vernetzt-und-individuell-sport-tourismus-forum-beleuchtet-den-branchenwandel\/#primaryimage","url":"https:\/\/www.markt-kom.com\/wp-content\/uploads\/2025\/03\/Foto_Gabriele_Griessenboeck_187.jpg","contentUrl":"https:\/\/www.markt-kom.com\/wp-content\/uploads\/2025\/03\/Foto_Gabriele_Griessenboeck_187.jpg"},{"@type":"BreadcrumbList","@id":"https:\/\/www.organisator.ch\/marketing\/2025-03-31\/digital-vernetzt-und-individuell-sport-tourismus-forum-beleuchtet-den-branchenwandel\/#breadcrumb","itemListElement":[{"@type":"ListItem","position":1,"name":"Home","item":"https:\/\/www.organisator.ch\/"},{"@type":"ListItem","position":2,"name":"Digital, vernetzt und individuell: Sport Tourismus Forum beleuchtet den Branchenwandel"}]},{"@type":"WebSite","@id":"https:\/\/www.organisator.ch\/#website","url":"https:\/\/www.organisator.ch\/","name":"Organisator","description":"Kompetent. Praxisnah. Der ORGANISATOR bereitet in 10 Ausgaben pro Jahr die wesentlichen Themen f\u00fcr F\u00fchrungskr\u00e4fte von KMU auf.","publisher":{"@id":"https:\/\/www.organisator.ch\/#organization"},"potentialAction":[{"@type":"SearchAction","target":{"@type":"EntryPoint","urlTemplate":"https:\/\/www.organisator.ch\/?s={search_term_string}"},"query-input":{"@type":"PropertyValueSpecification","valueRequired":true,"valueName":"search_term_string"}}],"inLanguage":"de"},{"@type":"Organization","@id":"https:\/\/www.organisator.ch\/#organization","name":"Organisator","url":"https:\/\/www.organisator.ch\/","logo":{"@type":"ImageObject","inLanguage":"de","@id":"https:\/\/www.organisator.ch\/#\/schema\/logo\/image\/","url":"https:\/\/www.organisator.ch\/wp-content\/uploads\/2022\/01\/Logo_Organisator_Website.png","contentUrl":"https:\/\/www.organisator.ch\/wp-content\/uploads\/2022\/01\/Logo_Organisator_Website.png","width":800,"height":77,"caption":"Organisator"},"image":{"@id":"https:\/\/www.organisator.ch\/#\/schema\/logo\/image\/"},"sameAs":["https:\/\/www.facebook.com\/OrganisatorFachmagazin","https:\/\/www.linkedin.com\/showcase\/organisator-das-magazin-fr-kmu","https:\/\/www.xing.com\/news\/pages\/organisator-ch-695","https:\/\/www.youtube.com\/channel\/UCGP2Sq0iWaZwT3BdIAQFYpw"]},{"@type":"Person","@id":"https:\/\/www.organisator.ch\/#\/schema\/person\/4e51799071cd2dd1232ac003643ef5f0","name":"galledia","image":{"@type":"ImageObject","inLanguage":"de","@id":"https:\/\/secure.gravatar.com\/avatar\/78a7f90c01fc2bfc875782a0d4922b37cde2cf184ce347b91316d23cd7f69a36?s=96&d=mm&r=g","url":"https:\/\/secure.gravatar.com\/avatar\/78a7f90c01fc2bfc875782a0d4922b37cde2cf184ce347b91316d23cd7f69a36?s=96&d=mm&r=g","contentUrl":"https:\/\/secure.gravatar.com\/avatar\/78a7f90c01fc2bfc875782a0d4922b37cde2cf184ce347b91316d23cd7f69a36?s=96&d=mm&r=g","caption":"galledia"},"sameAs":["https:\/\/x.com\/admin"],"url":"https:\/\/www.organisator.ch\/de\/author\/galledia\/"}]}},"_links":{"self":[{"href":"https:\/\/www.organisator.ch\/de\/wp-json\/wp\/v2\/posts\/37307","targetHints":{"allow":["GET"]}}],"collection":[{"href":"https:\/\/www.organisator.ch\/de\/wp-json\/wp\/v2\/posts"}],"about":[{"href":"https:\/\/www.organisator.ch\/de\/wp-json\/wp\/v2\/types\/post"}],"author":[{"embeddable":true,"href":"https:\/\/www.organisator.ch\/de\/wp-json\/wp\/v2\/users\/8"}],"replies":[{"embeddable":true,"href":"https:\/\/www.organisator.ch\/de\/wp-json\/wp\/v2\/comments?post=37307"}],"version-history":[{"count":4,"href":"https:\/\/www.organisator.ch\/de\/wp-json\/wp\/v2\/posts\/37307\/revisions"}],"predecessor-version":[{"id":37317,"href":"https:\/\/www.organisator.ch\/de\/wp-json\/wp\/v2\/posts\/37307\/revisions\/37317"}],"wp:attachment":[{"href":"https:\/\/www.organisator.ch\/de\/wp-json\/wp\/v2\/media?parent=37307"}],"wp:term":[{"taxonomy":"category","embeddable":true,"href":"https:\/\/www.organisator.ch\/de\/wp-json\/wp\/v2\/categories?post=37307"},{"taxonomy":"post_tag","embeddable":true,"href":"https:\/\/www.organisator.ch\/de\/wp-json\/wp\/v2\/tags?post=37307"}],"curies":[{"name":"wp","href":"https:\/\/api.w.org\/{rel}","templated":true}]}}