{"id":37324,"date":"2025-03-31T13:53:03","date_gmt":"2025-03-31T11:53:03","guid":{"rendered":"https:\/\/www.m-q.ch\/?p=21257"},"modified":"2025-04-01T08:39:13","modified_gmt":"2025-04-01T06:39:13","slug":"technologie-im-wandel-it-insights-fuer-2025","status":"publish","type":"post","link":"https:\/\/www.organisator.ch\/de\/operational-excellence\/2025-03-31\/technologie-im-wandel-it-insights-fuer-2025\/","title":{"rendered":"Technologie im Wandel: IT-Insights f\u00fcr 2025"},"content":{"rendered":"<figure id=\"attachment_21258\" class=\"wp-caption alignnone\" style=\"width: 680px;\" aria-describedby=\"caption-attachment-21258\"><img class=\"size-full wp-image-21258\" src=\"https:\/\/www.m-q.ch\/wp-content\/uploads\/2025\/03\/Technologie-im-Wandel-IT-Insights-fuer-2025_MQ.jpg\" sizes=\"(max-width: 680px) 100vw, 680px\" srcset=\"https:\/\/www.m-q.ch\/wp-content\/uploads\/2025\/03\/Technologie-im-Wandel-IT-Insights-fuer-2025_MQ.jpg 680w, https:\/\/www.m-q.ch\/wp-content\/uploads\/2025\/03\/Technologie-im-Wandel-IT-Insights-fuer-2025_MQ-18x12.jpg 18w, https:\/\/www.m-q.ch\/wp-content\/uploads\/2025\/03\/Technologie-im-Wandel-IT-Insights-fuer-2025_MQ-375x241.jpg 375w, https:\/\/www.m-q.ch\/wp-content\/uploads\/2025\/03\/Technologie-im-Wandel-IT-Insights-fuer-2025_MQ-545x350.jpg 545w\" alt=\"\" width=\"680\" height=\"437\" \/>\r\n<figcaption id=\"caption-attachment-21258\" class=\"wp-caption-text\">Die Technologie wandelt sich. Bereiten sich Unternehmen gen\u00fcgend darauf vor? (Bild: Igor Omilaev \/ Unsplash.com)<\/figcaption>\r\n<\/figure>\r\n<p>Laufend kommen neue KI-, Cloud- und IT-L\u00f6sungen auf den Markt. Unternehmen m\u00fcssen jedoch sorgf\u00e4ltig planen, wie sie diese Innovationen nutzen wollen. K\u00fcrzlich gab Unisys die <a href=\"https:\/\/www.unisys.com\/siteassets\/microsites\/insights-2025\/top-it-ai-technology-business-insights-2025-report.pdf\" rel=\"noopener\">Top IT Insights<\/a> bekannt, die die Zukunft der neuen Technologien bestimmen. Diese Einblicke veranschaulichen das kurzfristige Potenzial neuer Technologien und zeigen auf, wie F\u00fchrungskr\u00e4fte diese f\u00fcr langfristiges Wachstum nutzen k\u00f6nnen.<\/p>\r\n<h3>1. Nat\u00fcrliche Sprache spielt eine zunehmend wichtigere Rolle bei der Interaktion zwischen KI und Mensch<\/h3>\r\n<p>Der Fokus verschiebt sich von der Ausbildung von Menschen, KI zu bedienen, hin zur Vermittlung von KI, Menschen zu verstehen. Dies ist eine signifikante Ver\u00e4nderung, die es Unternehmen erm\u00f6glichen wird, bei der Interaktion mit KI-Tools dialogorientierte Ans\u00e4tze zu verwenden. Ausserdem wird es mehr sprach- und gestenbasierte Schnittstellen geben, die KI intuitiver und ger\u00e4te\u00fcbergreifend zug\u00e4nglich machen.<\/p>\r\n<h3>2. Kleine Sprachmodelle und Edge Computing sind die n\u00e4chste Entwicklungsstufe<\/h3>\r\n<p>Entgegen dem Motto \u201egr\u00f6sser ist besser\u201c sind kleinere spezialisierte KI-Modelle in Gesch\u00e4ftsanwendungen oft effizienter als grosse. Um sicherzustellen, dass die richtigen KI-gest\u00fctzten Modelle verwendet werden, sollten Unternehmen ermitteln, wann eine schnelle, lokale KI-Verarbeitung erforderlich ist und wann Edge-Computing-L\u00f6sungen zum Schutz sensibler Daten ben\u00f6tigt werden. Die Edge-Bereitstellung kann beispielsweise die Kosten des Unternehmens senken und gleichzeitig die Sicherheit und Latenzzeit verbessern. Diese L\u00f6sungen bieten genauere Ergebnisse f\u00fcr Unternehmen, um ihre individuellen Anforderungen zu erf\u00fcllen.<\/p>\r\n<h3>3. Die hybride Cloud ist auf dem Vormarsch<\/h3>\r\n<p>Die \u201eCloud-first\u201c-\u00c4ra ver\u00e4ndert sich, da steigende Kosten Unternehmen veranlassen, die Vorteile von On-Premises-L\u00f6sungen neu zu bewerten. Im Fokus steht der Vergleich zwischen Cloud-Kosten und Gesch\u00e4ftswert. Es muss entschieden werden, welche Workloads lokal und welche in der Cloud betrieben werden sollen. Klare Kriterien f\u00fcr zuk\u00fcnftige Migrationsentscheidungen gewinnen an Bedeutung, w\u00e4hrend strategisches Infrastrukturmanagement und fundiertes Fachwissen angesichts steigender Cloud-Kosten immer wichtiger werden.<\/p>\r\n<h3>4. Die Post-Quantum-Kryptografie: Von der Theorie zur Praxis<\/h3>\r\n<p>Daten, die heute gestohlen werden, k\u00f6nnten schon morgen von Quantencomputern entschl\u00fcsselt werden, weshalb eine quantensichere Verschl\u00fcsselung notwendig ist. Es ist wichtig, mit der Einf\u00fchrung von Post-Quantum-Kryptographie-Standards zu beginnen, Systeme zu identifizieren, die eine quantensichere Verschl\u00fcsselung ben\u00f6tigen, und Zeitpl\u00e4ne f\u00fcr Kryptografie-Updates zu erstellen.<\/p>\r\n<h3>5. Junge Fachkr\u00e4fte sind das Vorbild f\u00fcr eine KI-gest\u00fctzte Belegschaft<\/h3>\r\n<p>J\u00fcngere Besch\u00e4ftigte sind \u201eDigital Natives\u201c und k\u00f6nnen oft besser mit neuen Technologien, wie KI umgehen. Es ist wichtig, weiterhin Einsteiger einzustellen, um digitale Talente zu gewinnen, KI-Schulungsprogramme zu entwickeln und Mentoring-M\u00f6glichkeiten zu schaffen, die die Einf\u00fchrung und Nutzung dieser Technologie f\u00f6rdern. Erfolg entsteht durch die Kombination neuer Perspektiven mit bew\u00e4hrtem Fachwissen. Junge Talente sind f\u00fcr ein kontinuierliches Wachstum von entscheidender Bedeutung.<\/p>\r\n<h3>6. Der Sweet Spot f\u00fcr Hybridarbeit liegt bei drei Tagen<\/h3>\r\n<p>Der ideale B\u00fcrozeitplan ist weder vollst\u00e4ndig mobil noch vollst\u00e4ndig pr\u00e4sent, sondern umfasst drei Pr\u00e4senztage. Hybride Arbeitszeiten sollten um diese drei B\u00fcrotage strukturiert werden, wobei R\u00e4ume f\u00fcr die Zusammenarbeit gestaltet und virtuelle Integrationstools verst\u00e4rkt werden. Ein Gleichgewicht zwischen pers\u00f6nlicher Interaktion und flexibler Remote-Arbeit ist entscheidend, um Produktivit\u00e4t und Mitarbeiterbindung zu optimieren. B\u00fcror\u00e4ume sollten neugestaltet werden, um die Zusammenarbeit an den Pr\u00e4senztagen zu maximieren.<\/p>\r\n<h3>7. Energieeffiziente KI wird zum Wettbewerbsvorteil<\/h3>\r\n<p>Die Digitalisierung, schnelle Fortschritte in der KI-Technologie und langsame Verbesserungen der Energieeffizienz haben die Nachfrage nach Rechenzentren erheblich gesteigert, was erhebliche Auswirkungen auf die globalen Energiem\u00e4rkte hat. Die Nachfrage nach Rechenzentren in Europa wird weiterhin zunehmen. Laut einer aktuellen <a href=\"https:\/\/www.mckinsey.com\/industries\/electric-power-and-natural-gas\/our-insights\/the-role-of-power-in-unlocking-the-european-ai-revolution\" rel=\"noopener\">Studie<\/a> wird die Nachfrage nach Rechenzentren in Europa bis 2030 auf etwa 35 Gigawatt (GW) ansteigen, verglichen mit 10 GW heute. Um diesen neuen IT-Bedarf zu decken, werden Investitionen von mehr als 250 bis 300 Milliarden US-Dollar in die Infrastruktur von Rechenzentren ben\u00f6tigt, um diese Nachfrage zu decken. Der steigende Energieverbrauch von KI k\u00f6nnte jedoch zu einer erheblichen Belastung werden, wenn die Effizienz nicht verbessert wird. Es ist wichtig, den Energieverbrauch von KI zu messen, effiziente Modellarchitekturen zu erforschen und die Nachhaltigkeit bei Entscheidungen \u00fcber den Einsatz von KI zu ber\u00fccksichtigen. Angesichts steigender IT-Kosten und Energieanforderungen ist Effizienz entscheidend.<\/p>\r\n<h3>8. Globale Standards werden die Zukunft der KI-Compliance pr\u00e4gen<\/h3>\r\n<p>Unternehmen m\u00fcssen den KI-Betrieb entgegen dem Trend zur Cloud-Globalisierung lokalisieren, um regionale Datenanforderungen zu erf\u00fcllen. KI-Governance-Frameworks m\u00fcssen eingef\u00fchrt, regionale Anforderungen an die Datensouver\u00e4nit\u00e4t ber\u00fccksichtigt und klare Mitarbeiterrichtlinien f\u00fcr die KI-Nutzung erstellt werden. Solide Compliance-Strategien sind aufgrund unterschiedlicher globaler Vorschriften erforderlich. Ein flexibler, regionalspezifischer Ansatz f\u00fcr KI-Governance und Datenmanagement ist erforderlich.<\/p>\r\n<h3>Fazit: Klare technologische Vision notwendig<\/h3>\r\n<p>Diese acht Erkenntnisse zeigen, dass technologische Entwicklungen sowohl kurzfristiges Handeln als auch langfristige Strategien erfordern. Unternehmen stehen vor einer entscheidenden Phase, in der KI immer intuitiver wird, IT-Architekturen komplexer werden und sich Arbeitsmodelle weiterentwickeln. Diese Ver\u00e4nderungen bringen sowohl Chancen als auch Herausforderungen mit sich.<\/p>\r\n<p>Die richtige Balance zwischen Innovation und Stabilit\u00e4t ist wichtig. Wenn Unternehmen zu z\u00f6gerlich handeln, riskieren sie den Anschluss zu verlieren. Wenn sie jedoch zu schnell und ohne sorgf\u00e4ltige Planung handeln, riskieren sie ihre Zukunftsf\u00e4higkeit. Eine klare technologische Vision und die F\u00e4higkeit, flexibel auf Ver\u00e4nderungen zu reagieren, sind entscheidend, um in der dynamischen Gesch\u00e4ftswelt auch in Zukunft erfolgreich zu sein.<\/p>\n<p class=\"syndicated-attribution\">Dieser Beitrag erschien urspr\u00fcnglich auf m-q.ch - <a href=\"https:\/\/www.m-q.ch\/de\/technologie-im-wandel-it-insights-fuer-2025\/\" target=\"_blank\">https:\/\/www.m-q.ch\/de\/technologie-im-wandel-it-insights-fuer-2025\/<\/a><\/p>","protected":false},"excerpt":{"rendered":"<p>Technologische Entwicklungen schreiten schnell voran und schaffen neue Wachstumschancen f\u00fcr Unternehmen. Unabh\u00e4ngig von der Branche haben Unternehmen die M\u00f6glichkeit, neue KI-, Cloud- und IT-L\u00f6sungen in ihre Abl\u00e4ufe einzubinden, um ihre Arbeit zu rationalisieren und ihre Mitarbeiter zu unterst\u00fctzen.<\/p>\n","protected":false},"author":8,"featured_media":0,"comment_status":"closed","ping_status":"closed","sticky":false,"template":"","format":"standard","meta":{"_acf_changed":false,"_yoast_wpseo_focuskw":"IT-Insights","_yoast_wpseo_metadesc":"IT-Insights f\u00fcr 2025: Technologische Entwicklungen schreiten schnell voran und schaffen neue Wachstumschancen f\u00fcr Unternehmen.","articlekey":"","footnotes":""},"categories":[582],"tags":[103,156,319,485],"class_list":["post-37324","post","type-post","status-publish","format-standard","hentry","category-operational-excellence","tag-business-excellence","tag-digitalisierung","tag-kuenstliche-intelligenz","tag-trends"],"acf":[],"yoast_head":"<!-- This site is optimized with the Yoast SEO plugin v27.5 - https:\/\/yoast.com\/product\/yoast-seo-wordpress\/ -->\n<title>Technologie im Wandel: IT-Insights f\u00fcr 2025 - Organisator<\/title>\n<meta name=\"description\" content=\"IT-Insights f\u00fcr 2025: Technologische Entwicklungen schreiten schnell voran und schaffen neue Wachstumschancen f\u00fcr Unternehmen.\" \/>\n<meta name=\"robots\" content=\"index, follow, max-snippet:-1, max-image-preview:large, max-video-preview:-1\" \/>\n<link rel=\"canonical\" href=\"https:\/\/www.organisator.ch\/de\/operational-excellence\/2025-03-31\/technologie-im-wandel-it-insights-fuer-2025\/\" \/>\n<meta property=\"og:locale\" content=\"de_DE\" \/>\n<meta property=\"og:type\" content=\"article\" \/>\n<meta property=\"og:title\" content=\"Technologie im Wandel: IT-Insights f\u00fcr 2025 - Organisator\" \/>\n<meta property=\"og:description\" content=\"IT-Insights f\u00fcr 2025: Technologische Entwicklungen schreiten schnell voran und schaffen neue Wachstumschancen f\u00fcr Unternehmen.\" \/>\n<meta property=\"og:url\" content=\"https:\/\/www.organisator.ch\/de\/operational-excellence\/2025-03-31\/technologie-im-wandel-it-insights-fuer-2025\/\" \/>\n<meta property=\"og:site_name\" content=\"Organisator\" \/>\n<meta property=\"article:publisher\" content=\"https:\/\/www.facebook.com\/OrganisatorFachmagazin\" \/>\n<meta property=\"article:published_time\" content=\"2025-03-31T11:53:03+00:00\" \/>\n<meta property=\"article:modified_time\" content=\"2025-04-01T06:39:13+00:00\" \/>\n<meta property=\"og:image\" content=\"https:\/\/www.organisator.ch\/wp-content\/uploads\/2023\/08\/OpEx_peoplefone_Bild_NEU_organisator_56653.jpg\" \/>\n\t<meta property=\"og:image:width\" content=\"854\" \/>\n\t<meta property=\"og:image:height\" content=\"1276\" \/>\n\t<meta property=\"og:image:type\" content=\"image\/jpeg\" \/>\n<meta name=\"author\" content=\"galledia\" \/>\n<meta name=\"twitter:card\" content=\"summary_large_image\" \/>\n<meta name=\"twitter:creator\" content=\"@admin\" \/>\n<script type=\"application\/ld+json\" class=\"yoast-schema-graph\">{\"@context\":\"https:\\\/\\\/schema.org\",\"@graph\":[{\"@type\":\"Article\",\"@id\":\"https:\\\/\\\/www.organisator.ch\\\/operational-excellence\\\/2025-03-31\\\/technologie-im-wandel-it-insights-fuer-2025\\\/#article\",\"isPartOf\":{\"@id\":\"https:\\\/\\\/www.organisator.ch\\\/operational-excellence\\\/2025-03-31\\\/technologie-im-wandel-it-insights-fuer-2025\\\/\"},\"author\":{\"name\":\"galledia\",\"@id\":\"https:\\\/\\\/www.organisator.ch\\\/#\\\/schema\\\/person\\\/4e51799071cd2dd1232ac003643ef5f0\"},\"headline\":\"Technologie im Wandel: IT-Insights f\u00fcr 2025\",\"datePublished\":\"2025-03-31T11:53:03+00:00\",\"dateModified\":\"2025-04-01T06:39:13+00:00\",\"mainEntityOfPage\":{\"@id\":\"https:\\\/\\\/www.organisator.ch\\\/operational-excellence\\\/2025-03-31\\\/technologie-im-wandel-it-insights-fuer-2025\\\/\"},\"wordCount\":877,\"publisher\":{\"@id\":\"https:\\\/\\\/www.organisator.ch\\\/#organization\"},\"image\":{\"@id\":\"https:\\\/\\\/www.organisator.ch\\\/operational-excellence\\\/2025-03-31\\\/technologie-im-wandel-it-insights-fuer-2025\\\/#primaryimage\"},\"thumbnailUrl\":\"https:\\\/\\\/www.m-q.ch\\\/wp-content\\\/uploads\\\/2025\\\/03\\\/Technologie-im-Wandel-IT-Insights-fuer-2025_MQ.jpg\",\"keywords\":[\"Business Excellence\",\"Digitalisierung\",\"K\u00fcnstliche Intelligenz\",\"Trends\"],\"articleSection\":[\"OPERATIONAL EXCELLENCE\"],\"inLanguage\":\"de\"},{\"@type\":\"WebPage\",\"@id\":\"https:\\\/\\\/www.organisator.ch\\\/operational-excellence\\\/2025-03-31\\\/technologie-im-wandel-it-insights-fuer-2025\\\/\",\"url\":\"https:\\\/\\\/www.organisator.ch\\\/operational-excellence\\\/2025-03-31\\\/technologie-im-wandel-it-insights-fuer-2025\\\/\",\"name\":\"Technologie im Wandel: IT-Insights f\u00fcr 2025 - Organisator\",\"isPartOf\":{\"@id\":\"https:\\\/\\\/www.organisator.ch\\\/#website\"},\"primaryImageOfPage\":{\"@id\":\"https:\\\/\\\/www.organisator.ch\\\/operational-excellence\\\/2025-03-31\\\/technologie-im-wandel-it-insights-fuer-2025\\\/#primaryimage\"},\"image\":{\"@id\":\"https:\\\/\\\/www.organisator.ch\\\/operational-excellence\\\/2025-03-31\\\/technologie-im-wandel-it-insights-fuer-2025\\\/#primaryimage\"},\"thumbnailUrl\":\"https:\\\/\\\/www.m-q.ch\\\/wp-content\\\/uploads\\\/2025\\\/03\\\/Technologie-im-Wandel-IT-Insights-fuer-2025_MQ.jpg\",\"datePublished\":\"2025-03-31T11:53:03+00:00\",\"dateModified\":\"2025-04-01T06:39:13+00:00\",\"description\":\"IT-Insights f\u00fcr 2025: Technologische Entwicklungen schreiten schnell voran und schaffen neue Wachstumschancen f\u00fcr Unternehmen.\",\"breadcrumb\":{\"@id\":\"https:\\\/\\\/www.organisator.ch\\\/operational-excellence\\\/2025-03-31\\\/technologie-im-wandel-it-insights-fuer-2025\\\/#breadcrumb\"},\"inLanguage\":\"de\",\"potentialAction\":[{\"@type\":\"ReadAction\",\"target\":[\"https:\\\/\\\/www.organisator.ch\\\/operational-excellence\\\/2025-03-31\\\/technologie-im-wandel-it-insights-fuer-2025\\\/\"]}]},{\"@type\":\"ImageObject\",\"inLanguage\":\"de\",\"@id\":\"https:\\\/\\\/www.organisator.ch\\\/operational-excellence\\\/2025-03-31\\\/technologie-im-wandel-it-insights-fuer-2025\\\/#primaryimage\",\"url\":\"https:\\\/\\\/www.m-q.ch\\\/wp-content\\\/uploads\\\/2025\\\/03\\\/Technologie-im-Wandel-IT-Insights-fuer-2025_MQ.jpg\",\"contentUrl\":\"https:\\\/\\\/www.m-q.ch\\\/wp-content\\\/uploads\\\/2025\\\/03\\\/Technologie-im-Wandel-IT-Insights-fuer-2025_MQ.jpg\"},{\"@type\":\"BreadcrumbList\",\"@id\":\"https:\\\/\\\/www.organisator.ch\\\/operational-excellence\\\/2025-03-31\\\/technologie-im-wandel-it-insights-fuer-2025\\\/#breadcrumb\",\"itemListElement\":[{\"@type\":\"ListItem\",\"position\":1,\"name\":\"Home\",\"item\":\"https:\\\/\\\/www.organisator.ch\\\/\"},{\"@type\":\"ListItem\",\"position\":2,\"name\":\"Technologie im Wandel: IT-Insights f\u00fcr 2025\"}]},{\"@type\":\"WebSite\",\"@id\":\"https:\\\/\\\/www.organisator.ch\\\/#website\",\"url\":\"https:\\\/\\\/www.organisator.ch\\\/\",\"name\":\"Organisator\",\"description\":\"Kompetent. Praxisnah. Der ORGANISATOR bereitet in 10 Ausgaben pro Jahr die wesentlichen Themen f\u00fcr F\u00fchrungskr\u00e4fte von KMU auf.\",\"publisher\":{\"@id\":\"https:\\\/\\\/www.organisator.ch\\\/#organization\"},\"potentialAction\":[{\"@type\":\"SearchAction\",\"target\":{\"@type\":\"EntryPoint\",\"urlTemplate\":\"https:\\\/\\\/www.organisator.ch\\\/?s={search_term_string}\"},\"query-input\":{\"@type\":\"PropertyValueSpecification\",\"valueRequired\":true,\"valueName\":\"search_term_string\"}}],\"inLanguage\":\"de\"},{\"@type\":\"Organization\",\"@id\":\"https:\\\/\\\/www.organisator.ch\\\/#organization\",\"name\":\"Organisator\",\"url\":\"https:\\\/\\\/www.organisator.ch\\\/\",\"logo\":{\"@type\":\"ImageObject\",\"inLanguage\":\"de\",\"@id\":\"https:\\\/\\\/www.organisator.ch\\\/#\\\/schema\\\/logo\\\/image\\\/\",\"url\":\"https:\\\/\\\/www.organisator.ch\\\/wp-content\\\/uploads\\\/2022\\\/01\\\/Logo_Organisator_Website.png\",\"contentUrl\":\"https:\\\/\\\/www.organisator.ch\\\/wp-content\\\/uploads\\\/2022\\\/01\\\/Logo_Organisator_Website.png\",\"width\":800,\"height\":77,\"caption\":\"Organisator\"},\"image\":{\"@id\":\"https:\\\/\\\/www.organisator.ch\\\/#\\\/schema\\\/logo\\\/image\\\/\"},\"sameAs\":[\"https:\\\/\\\/www.facebook.com\\\/OrganisatorFachmagazin\",\"https:\\\/\\\/www.linkedin.com\\\/showcase\\\/organisator-das-magazin-fr-kmu\",\"https:\\\/\\\/www.xing.com\\\/news\\\/pages\\\/organisator-ch-695\",\"https:\\\/\\\/www.youtube.com\\\/channel\\\/UCGP2Sq0iWaZwT3BdIAQFYpw\"]},{\"@type\":\"Person\",\"@id\":\"https:\\\/\\\/www.organisator.ch\\\/#\\\/schema\\\/person\\\/4e51799071cd2dd1232ac003643ef5f0\",\"name\":\"galledia\",\"image\":{\"@type\":\"ImageObject\",\"inLanguage\":\"de\",\"@id\":\"https:\\\/\\\/secure.gravatar.com\\\/avatar\\\/78a7f90c01fc2bfc875782a0d4922b37cde2cf184ce347b91316d23cd7f69a36?s=96&d=mm&r=g\",\"url\":\"https:\\\/\\\/secure.gravatar.com\\\/avatar\\\/78a7f90c01fc2bfc875782a0d4922b37cde2cf184ce347b91316d23cd7f69a36?s=96&d=mm&r=g\",\"contentUrl\":\"https:\\\/\\\/secure.gravatar.com\\\/avatar\\\/78a7f90c01fc2bfc875782a0d4922b37cde2cf184ce347b91316d23cd7f69a36?s=96&d=mm&r=g\",\"caption\":\"galledia\"},\"sameAs\":[\"https:\\\/\\\/x.com\\\/admin\"],\"url\":\"https:\\\/\\\/www.organisator.ch\\\/de\\\/author\\\/galledia\\\/\"}]}<\/script>\n<!-- \/ Yoast SEO plugin. -->","yoast_head_json":{"title":"Technologie im Wandel: IT-Insights f\u00fcr 2025 - Organisator","description":"IT-Insights f\u00fcr 2025: Technologische Entwicklungen schreiten schnell voran und schaffen neue Wachstumschancen f\u00fcr Unternehmen.","robots":{"index":"index","follow":"follow","max-snippet":"max-snippet:-1","max-image-preview":"max-image-preview:large","max-video-preview":"max-video-preview:-1"},"canonical":"https:\/\/www.organisator.ch\/de\/operational-excellence\/2025-03-31\/technologie-im-wandel-it-insights-fuer-2025\/","og_locale":"de_DE","og_type":"article","og_title":"Technologie im Wandel: IT-Insights f\u00fcr 2025 - Organisator","og_description":"IT-Insights f\u00fcr 2025: Technologische Entwicklungen schreiten schnell voran und schaffen neue Wachstumschancen f\u00fcr Unternehmen.","og_url":"https:\/\/www.organisator.ch\/de\/operational-excellence\/2025-03-31\/technologie-im-wandel-it-insights-fuer-2025\/","og_site_name":"Organisator","article_publisher":"https:\/\/www.facebook.com\/OrganisatorFachmagazin","article_published_time":"2025-03-31T11:53:03+00:00","article_modified_time":"2025-04-01T06:39:13+00:00","og_image":[{"width":854,"height":1276,"url":"https:\/\/www.organisator.ch\/wp-content\/uploads\/2023\/08\/OpEx_peoplefone_Bild_NEU_organisator_56653.jpg","type":"image\/jpeg"}],"author":"galledia","twitter_card":"summary_large_image","twitter_creator":"@admin","schema":{"@context":"https:\/\/schema.org","@graph":[{"@type":"Article","@id":"https:\/\/www.organisator.ch\/operational-excellence\/2025-03-31\/technologie-im-wandel-it-insights-fuer-2025\/#article","isPartOf":{"@id":"https:\/\/www.organisator.ch\/operational-excellence\/2025-03-31\/technologie-im-wandel-it-insights-fuer-2025\/"},"author":{"name":"galledia","@id":"https:\/\/www.organisator.ch\/#\/schema\/person\/4e51799071cd2dd1232ac003643ef5f0"},"headline":"Technologie im Wandel: IT-Insights f\u00fcr 2025","datePublished":"2025-03-31T11:53:03+00:00","dateModified":"2025-04-01T06:39:13+00:00","mainEntityOfPage":{"@id":"https:\/\/www.organisator.ch\/operational-excellence\/2025-03-31\/technologie-im-wandel-it-insights-fuer-2025\/"},"wordCount":877,"publisher":{"@id":"https:\/\/www.organisator.ch\/#organization"},"image":{"@id":"https:\/\/www.organisator.ch\/operational-excellence\/2025-03-31\/technologie-im-wandel-it-insights-fuer-2025\/#primaryimage"},"thumbnailUrl":"https:\/\/www.m-q.ch\/wp-content\/uploads\/2025\/03\/Technologie-im-Wandel-IT-Insights-fuer-2025_MQ.jpg","keywords":["Business Excellence","Digitalisierung","K\u00fcnstliche Intelligenz","Trends"],"articleSection":["OPERATIONAL EXCELLENCE"],"inLanguage":"de"},{"@type":"WebPage","@id":"https:\/\/www.organisator.ch\/operational-excellence\/2025-03-31\/technologie-im-wandel-it-insights-fuer-2025\/","url":"https:\/\/www.organisator.ch\/operational-excellence\/2025-03-31\/technologie-im-wandel-it-insights-fuer-2025\/","name":"Technologie im Wandel: IT-Insights f\u00fcr 2025 - Organisator","isPartOf":{"@id":"https:\/\/www.organisator.ch\/#website"},"primaryImageOfPage":{"@id":"https:\/\/www.organisator.ch\/operational-excellence\/2025-03-31\/technologie-im-wandel-it-insights-fuer-2025\/#primaryimage"},"image":{"@id":"https:\/\/www.organisator.ch\/operational-excellence\/2025-03-31\/technologie-im-wandel-it-insights-fuer-2025\/#primaryimage"},"thumbnailUrl":"https:\/\/www.m-q.ch\/wp-content\/uploads\/2025\/03\/Technologie-im-Wandel-IT-Insights-fuer-2025_MQ.jpg","datePublished":"2025-03-31T11:53:03+00:00","dateModified":"2025-04-01T06:39:13+00:00","description":"IT-Insights f\u00fcr 2025: Technologische Entwicklungen schreiten schnell voran und schaffen neue Wachstumschancen f\u00fcr Unternehmen.","breadcrumb":{"@id":"https:\/\/www.organisator.ch\/operational-excellence\/2025-03-31\/technologie-im-wandel-it-insights-fuer-2025\/#breadcrumb"},"inLanguage":"de","potentialAction":[{"@type":"ReadAction","target":["https:\/\/www.organisator.ch\/operational-excellence\/2025-03-31\/technologie-im-wandel-it-insights-fuer-2025\/"]}]},{"@type":"ImageObject","inLanguage":"de","@id":"https:\/\/www.organisator.ch\/operational-excellence\/2025-03-31\/technologie-im-wandel-it-insights-fuer-2025\/#primaryimage","url":"https:\/\/www.m-q.ch\/wp-content\/uploads\/2025\/03\/Technologie-im-Wandel-IT-Insights-fuer-2025_MQ.jpg","contentUrl":"https:\/\/www.m-q.ch\/wp-content\/uploads\/2025\/03\/Technologie-im-Wandel-IT-Insights-fuer-2025_MQ.jpg"},{"@type":"BreadcrumbList","@id":"https:\/\/www.organisator.ch\/operational-excellence\/2025-03-31\/technologie-im-wandel-it-insights-fuer-2025\/#breadcrumb","itemListElement":[{"@type":"ListItem","position":1,"name":"Home","item":"https:\/\/www.organisator.ch\/"},{"@type":"ListItem","position":2,"name":"Technologie im Wandel: IT-Insights f\u00fcr 2025"}]},{"@type":"WebSite","@id":"https:\/\/www.organisator.ch\/#website","url":"https:\/\/www.organisator.ch\/","name":"Organisator","description":"Kompetent. Praxisnah. Der ORGANISATOR bereitet in 10 Ausgaben pro Jahr die wesentlichen Themen f\u00fcr F\u00fchrungskr\u00e4fte von KMU auf.","publisher":{"@id":"https:\/\/www.organisator.ch\/#organization"},"potentialAction":[{"@type":"SearchAction","target":{"@type":"EntryPoint","urlTemplate":"https:\/\/www.organisator.ch\/?s={search_term_string}"},"query-input":{"@type":"PropertyValueSpecification","valueRequired":true,"valueName":"search_term_string"}}],"inLanguage":"de"},{"@type":"Organization","@id":"https:\/\/www.organisator.ch\/#organization","name":"Organisator","url":"https:\/\/www.organisator.ch\/","logo":{"@type":"ImageObject","inLanguage":"de","@id":"https:\/\/www.organisator.ch\/#\/schema\/logo\/image\/","url":"https:\/\/www.organisator.ch\/wp-content\/uploads\/2022\/01\/Logo_Organisator_Website.png","contentUrl":"https:\/\/www.organisator.ch\/wp-content\/uploads\/2022\/01\/Logo_Organisator_Website.png","width":800,"height":77,"caption":"Organisator"},"image":{"@id":"https:\/\/www.organisator.ch\/#\/schema\/logo\/image\/"},"sameAs":["https:\/\/www.facebook.com\/OrganisatorFachmagazin","https:\/\/www.linkedin.com\/showcase\/organisator-das-magazin-fr-kmu","https:\/\/www.xing.com\/news\/pages\/organisator-ch-695","https:\/\/www.youtube.com\/channel\/UCGP2Sq0iWaZwT3BdIAQFYpw"]},{"@type":"Person","@id":"https:\/\/www.organisator.ch\/#\/schema\/person\/4e51799071cd2dd1232ac003643ef5f0","name":"galledia","image":{"@type":"ImageObject","inLanguage":"de","@id":"https:\/\/secure.gravatar.com\/avatar\/78a7f90c01fc2bfc875782a0d4922b37cde2cf184ce347b91316d23cd7f69a36?s=96&d=mm&r=g","url":"https:\/\/secure.gravatar.com\/avatar\/78a7f90c01fc2bfc875782a0d4922b37cde2cf184ce347b91316d23cd7f69a36?s=96&d=mm&r=g","contentUrl":"https:\/\/secure.gravatar.com\/avatar\/78a7f90c01fc2bfc875782a0d4922b37cde2cf184ce347b91316d23cd7f69a36?s=96&d=mm&r=g","caption":"galledia"},"sameAs":["https:\/\/x.com\/admin"],"url":"https:\/\/www.organisator.ch\/de\/author\/galledia\/"}]}},"_links":{"self":[{"href":"https:\/\/www.organisator.ch\/de\/wp-json\/wp\/v2\/posts\/37324","targetHints":{"allow":["GET"]}}],"collection":[{"href":"https:\/\/www.organisator.ch\/de\/wp-json\/wp\/v2\/posts"}],"about":[{"href":"https:\/\/www.organisator.ch\/de\/wp-json\/wp\/v2\/types\/post"}],"author":[{"embeddable":true,"href":"https:\/\/www.organisator.ch\/de\/wp-json\/wp\/v2\/users\/8"}],"replies":[{"embeddable":true,"href":"https:\/\/www.organisator.ch\/de\/wp-json\/wp\/v2\/comments?post=37324"}],"version-history":[{"count":6,"href":"https:\/\/www.organisator.ch\/de\/wp-json\/wp\/v2\/posts\/37324\/revisions"}],"predecessor-version":[{"id":37348,"href":"https:\/\/www.organisator.ch\/de\/wp-json\/wp\/v2\/posts\/37324\/revisions\/37348"}],"wp:attachment":[{"href":"https:\/\/www.organisator.ch\/de\/wp-json\/wp\/v2\/media?parent=37324"}],"wp:term":[{"taxonomy":"category","embeddable":true,"href":"https:\/\/www.organisator.ch\/de\/wp-json\/wp\/v2\/categories?post=37324"},{"taxonomy":"post_tag","embeddable":true,"href":"https:\/\/www.organisator.ch\/de\/wp-json\/wp\/v2\/tags?post=37324"}],"curies":[{"name":"wp","href":"https:\/\/api.w.org\/{rel}","templated":true}]}}